{"id":81435,"date":"2026-01-06T07:42:41","date_gmt":"2026-01-06T10:42:41","guid":{"rendered":"https:\/\/noticiasribeiraopreto.com.br\/index.php\/2026\/01\/06\/prefeitura-de-ribeirao-preto-notifica-empresa-responsavel-pela-obra-da-nove-de-julho\/"},"modified":"2026-01-06T07:42:41","modified_gmt":"2026-01-06T10:42:41","slug":"prefeitura-de-ribeirao-preto-notifica-empresa-responsavel-pela-obra-da-nove-de-julho","status":"publish","type":"post","link":"https:\/\/noticiasribeiraopreto.com.br\/index.php\/2026\/01\/06\/prefeitura-de-ribeirao-preto-notifica-empresa-responsavel-pela-obra-da-nove-de-julho\/","title":{"rendered":"Prefeitura de Ribeir\u00e3o Preto notifica empresa respons\u00e1vel pela obra da Nove de Julho"},"content":{"rendered":"<div class='code-block code-block-1' style='margin: 8px 0 8px auto; text-align: right; display: block; clear: both;'>\n<p><a href=\"https:\/\/wa.link\/vpicfd\"><img data-recalc-dims=\"1\" class=\"wp-image-4922\" style=\"aspect-ratio: 2.0253164556962027; width: 561px; height: auto;\" src=\"https:\/\/i0.wp.com\/ismaelcolosi.com.br\/wp-content\/uploads\/2023\/11\/grupo-de-empregos-whatsapp-e-facebook-ismael-colosi-vagas.jpg?ssl=1\" alt=\"\" \/><\/a><\/p>\n<!-- \/wp:image -->\n<\/div>\n<p> <br \/>\n<\/p>\n<div>\n<p>A <strong>Prefeitura de Ribeir\u00e3o Preto notificou formalmente a empresa respons\u00e1vel pelas obras de revitaliza\u00e7\u00e3o da avenida Nove de Julho<\/strong> ap\u00f3s a identifica\u00e7\u00e3o de <strong>falhas no pavimento e problemas de drenagem<\/strong>. A medida ocorre menos de um ano ap\u00f3s a entrega da obra e diante do aumento de reclama\u00e7\u00f5es de motoristas e usu\u00e1rios da via.<\/p>\n<figure class=\"wp-block-image aligncenter size-full\"><img data-recalc-dims=\"1\" fetchpriority=\"high\" decoding=\"async\" width=\"984\" height=\"616\" src=\"https:\/\/i0.wp.com\/cdn.media-acidadeon.com.br\/ribeiraopreto\/wp-content\/uploads\/sites\/3\/2026\/01\/image_2026-01-05_20-41-34.webp?resize=984%2C616&#038;ssl=1\" alt=\"nove&#10;\" class=\"wp-image-141191\" title=\"Prefeitura de Ribeir\u00e3o Preto notifica empresa respons\u00e1vel pela obra da Nove de Julho 1\" srcset=\"https:\/\/cdn.media-acidadeon.com.br\/ribeiraopreto\/wp-content\/uploads\/sites\/3\/2026\/01\/image_2026-01-05_20-41-34.webp 984w, https:\/\/cdn.media-acidadeon.com.br\/ribeiraopreto\/wp-content\/uploads\/sites\/3\/2026\/01\/image_2026-01-05_20-41-34-300x188.webp 300w, https:\/\/cdn.media-acidadeon.com.br\/ribeiraopreto\/wp-content\/uploads\/sites\/3\/2026\/01\/image_2026-01-05_20-41-34-768x481.webp 768w, https:\/\/cdn.media-acidadeon.com.br\/ribeiraopreto\/wp-content\/uploads\/sites\/3\/2026\/01\/image_2026-01-05_20-41-34-696x436.webp 696w\" sizes=\"(max-width: 984px) 100vw, 984px\"\/><figcaption class=\"wp-element-caption\">Foto: Reprodu\u00e7\u00e3o\/EPTV<\/figcaption><\/figure>\n<h3 class=\"wp-block-heading\"><strong>Vistoria aponta irregularidades no pavimento<\/strong><\/h3>\n<p>Durante vistoria t\u00e9cnica realizada pela <strong>Secretaria de Obras P\u00fablicas<\/strong>, equipes constataram irregularidades em trechos do pavimento de paralelep\u00edpedos, com pedras soltas em pontos da avenida. Segundo a pasta,<strong> a falha compromete a seguran\u00e7a vi\u00e1ria e n\u00e3o atende \u00e0s especifica\u00e7\u00f5es previstas no projeto executivo.<\/strong><\/p>\n<p>Um dos trechos com maior recorr\u00eancia do problema fica entre a rua Marcondes Salgado e a avenida Independ\u00eancia, onde as equipes t\u00e9cnicas observaram espa\u00e7amento irregular entre as pedras, acima do limite permitido.<\/p>\n<figure class=\"wp-block-pullquote\">\n<blockquote>\n<p>\u201cAlgumas pedras vem se soltando e isso n\u00e3o \u00e9 comum, n\u00e3o deveria ocorrer, mas infelizmente as equipes de colocadores de pedras n\u00e3o respeitaram a dist\u00e2ncia m\u00e1xima entre uma pedra e outra. Algumas pedras est\u00e3o mais distantes do que o exigido do projeto. Se a empresa n\u00e3o tomar uma provid\u00eancia j\u00e1 agora, no in\u00edcio do ano, a prefeitura vai tomar todas as provid\u00eancias cab\u00edveis administrativamente e judicialmente\u201d.<\/p>\n<p><cite>afirmou \u00a0Walter Telli, Secret\u00e1rio de Obras<\/cite><\/p><\/blockquote>\n<\/figure>\n<figure class=\"wp-block-image aligncenter size-full\"><img data-recalc-dims=\"1\" loading=\"lazy\" decoding=\"async\" width=\"984\" height=\"616\" src=\"https:\/\/i0.wp.com\/cdn.media-acidadeon.com.br\/ribeiraopreto\/wp-content\/uploads\/sites\/3\/2026\/01\/image_2026-01-05_20-36-51.webp?resize=984%2C616&#038;ssl=1\" alt=\"nove de julho&#10;\" class=\"wp-image-141189\" title=\"Prefeitura de Ribeir\u00e3o Preto notifica empresa respons\u00e1vel pela obra da Nove de Julho 2\" srcset=\"https:\/\/cdn.media-acidadeon.com.br\/ribeiraopreto\/wp-content\/uploads\/sites\/3\/2026\/01\/image_2026-01-05_20-36-51.webp 984w, https:\/\/cdn.media-acidadeon.com.br\/ribeiraopreto\/wp-content\/uploads\/sites\/3\/2026\/01\/image_2026-01-05_20-36-51-300x188.webp 300w, https:\/\/cdn.media-acidadeon.com.br\/ribeiraopreto\/wp-content\/uploads\/sites\/3\/2026\/01\/image_2026-01-05_20-36-51-768x481.webp 768w, https:\/\/cdn.media-acidadeon.com.br\/ribeiraopreto\/wp-content\/uploads\/sites\/3\/2026\/01\/image_2026-01-05_20-36-51-696x436.webp 696w\" sizes=\"auto, (max-width: 984px) 100vw, 984px\"\/><figcaption class=\"wp-element-caption\">Foto: Reprodu\u00e7\u00e3o\/EPTV<\/figcaption><\/figure>\n<p>De acordo com a Prefeitura, a revitaliza\u00e7\u00e3o da <strong>avenida Nove de Julho ainda est\u00e1 dentro do prazo de garantia contratual<\/strong>, estabelecido em cinco anos. Dessa forma, todas as corre\u00e7\u00f5es devem ser realizadas pela empresa respons\u00e1vel, sem custos adicionais ao munic\u00edpio.<\/p>\n<p>A administra\u00e7\u00e3o municipal informou que a notifica\u00e7\u00e3o exige a realiza\u00e7\u00e3o imediata das manuten\u00e7\u00f5es apontadas no laudo t\u00e9cnico e que o cumprimento dos prazos ser\u00e1 acompanhado de forma rigorosa pela Secretaria de Obras P\u00fablicas.<\/p>\n<h3 class=\"wp-block-heading\"><strong>Prefeitura n\u00e3o descarta medidas legais<\/strong><\/h3>\n<p>Caso a empresa n\u00e3o atenda \u00e0s exig\u00eancias dentro dos prazos estabelecidos, a <strong>Prefeitura de Ribeir\u00e3o Preto informou que poder\u00e1 adotar medidas administrativas e judiciais para assegurar o cumprimento do contrato.<\/strong><\/p>\n<p>Segundo a administra\u00e7\u00e3o, a medida refor\u00e7a o compromisso com a correta aplica\u00e7\u00e3o dos recursos p\u00fablicos, a preserva\u00e7\u00e3o do patrim\u00f4nio urbano e a qualidade das obras entregues \u00e0 popula\u00e7\u00e3o.<\/p>\n<hr class=\"wp-block-separator has-alpha-channel-opacity\"\/>\n<p>SAIBA MAIS<\/p>\n<p>Botafogo anuncia zagueiro com passagens pelo Monaco e pela Lazio<\/p>\n<h4 class=\"wp-block-heading\"><strong>FIQUE ON<\/strong><\/h4>\n<p>Fique ligado em tudo que acontece em Ribeir\u00e3o Preto e regi\u00e3o. Siga os perfis do\u00a0<strong>acidade on<\/strong>\u00a0no\u00a0<a href=\"https:\/\/www.instagram.com\/acidadeonribeirao\" target=\"_blank\" rel=\"noreferrer noopener\">Instagram<\/a>\u00a0e no<a href=\"https:\/\/www.facebook.com\/acidadeonribeirao\/\" target=\"_blank\" rel=\"noreferrer noopener\">\u00a0Facebook<\/a>.<\/p>\n<p>Receba not\u00edcias do\u00a0<strong>acidade on<\/strong>\u00a0no WhatsApp. Para entrar no grupo,\u00a0basta\u00a0<a href=\"https:\/\/chat.whatsapp.com\/GFH9HUMUTHNFJdnyEd0xxq\" target=\"_blank\" rel=\"noreferrer noopener\">clicar aqui<\/a>. Ou, acesse o nosso\u00a0Canal\u00a0<a href=\"https:\/\/whatsapp.com\/channel\/0029Vb6IQl1JENyAeS57fk2p\" target=\"_blank\" rel=\"noreferrer noopener\">clicando aqui<\/a>.<\/p>\n<p>Fa\u00e7a uma den\u00fancia ou sugira uma reportagem sobre Ribeir\u00e3o Preto e regi\u00e3o pelo WhatsApp: 16 99117 7802.<\/p>\n<p>VEJA TAMB\u00c9M<br \/>Qual o novo valor de contribui\u00e7\u00e3o mensal do MEI?<\/p>\n<p><!-- AI CONTENT END 1 -->\n<\/div>\n<p><script async src=\"\/\/www.instagram.com\/embed.js\"><\/script><br \/>\n<br \/><br \/>\n<br \/><a href=\"https:\/\/www.acidadeon.com\/ribeiraopreto\/politica\/prefeitura-de-ribeirao-preto-notifica-empresa-responsavel-pela-obra-da-nove-de-julho\/\">Source link <\/a><\/p>\n<!-- CONTENT END 1 -->\n","protected":false},"excerpt":{"rendered":"<p>A Prefeitura de Ribeir\u00e3o Preto notificou formalmente a empresa respons\u00e1vel pelas obras de revitaliza\u00e7\u00e3o da avenida Nove de Julho ap\u00f3s a identifica\u00e7\u00e3o de falhas no&#8230;<\/p>\n","protected":false},"author":1,"featured_media":81436,"comment_status":"open","ping_status":"open","sticky":false,"template":"","format":"standard","meta":{"advanced_seo_description":"","jetpack_seo_html_title":"","jetpack_seo_noindex":false,"jetpack_post_was_ever_published":false,"_jetpack_newsletter_access":"","_jetpack_dont_email_post_to_subs":false,"_jetpack_newsletter_tier_id":0,"_jetpack_memberships_contains_paywalled_content":false,"_jetpack_memberships_contains_paid_content":false,"footnotes":"","jetpack_publicize_message":"","jetpack_publicize_feature_enabled":true,"jetpack_social_post_already_shared":true,"jetpack_social_options":{"image_generator_settings":{"template":"highway","default_image_id":0,"font":"","enabled":false},"version":2}},"categories":[11],"tags":[],"class_list":["post-81435","post","type-post","status-publish","format-standard","has-post-thumbnail","hentry","category-noticias-de-ribeirao-preto-sp-e-regiao-ismael-colosi"],"jetpack_publicize_connections":[],"jetpack_featured_media_url":"https:\/\/i0.wp.com\/noticiasribeiraopreto.com.br\/wp-content\/uploads\/2026\/01\/image_2026-01-05_20-36-51.webp.webp?fit=984%2C616&ssl=1","jetpack-related-posts":[{"id":9054,"url":"https:\/\/noticiasribeiraopreto.com.br\/index.php\/2023\/12\/01\/prefeitura-de-ribeirao-vai-decidir-futuro-da-obra-na-nove-de-julho-semana-que-vem\/","url_meta":{"origin":81435,"position":0},"title":"Prefeitura de Ribeir\u00e3o decide futuro da obra na Nove de Julho semana que vem","author":"noticiasribeiraopreto.com.br","date":"1 de December de 2023","format":false,"excerpt":"A Prefeitura de Ribeir\u00e3o Preto decide na pr\u00f3xima semana o futuro da obra de revitaliza\u00e7\u00e3o da avenida Nove de Julho, alvo de reclama\u00e7\u00f5es de moradores e comerciantes por conta da lentid\u00e3o dos servi\u00e7os. O munic\u00edpio informou que na semana passada notificou a construtora Metropolitana, empresa respons\u00e1vel pelas obras, e cobra\u2026","rel":"","context":"In &quot;Not\u00edcias de Ribeir\u00e3o Preto-SP e Regi\u00e3o&quot;","block_context":{"text":"Not\u00edcias de Ribeir\u00e3o Preto-SP e Regi\u00e3o","link":"https:\/\/noticiasribeiraopreto.com.br\/index.php\/category\/noticias-de-ribeirao-preto-sp-e-regiao-ismael-colosi\/"},"img":{"alt_text":"","src":"https:\/\/i0.wp.com\/noticiasribeiraopreto.com.br\/wp-content\/uploads\/2023\/12\/avenida-nove-de-julho-2.jpeg?fit=1200%2C675&ssl=1&resize=350%2C200","width":350,"height":200,"srcset":"https:\/\/i0.wp.com\/noticiasribeiraopreto.com.br\/wp-content\/uploads\/2023\/12\/avenida-nove-de-julho-2.jpeg?fit=1200%2C675&ssl=1&resize=350%2C200 1x, https:\/\/i0.wp.com\/noticiasribeiraopreto.com.br\/wp-content\/uploads\/2023\/12\/avenida-nove-de-julho-2.jpeg?fit=1200%2C675&ssl=1&resize=525%2C300 1.5x, https:\/\/i0.wp.com\/noticiasribeiraopreto.com.br\/wp-content\/uploads\/2023\/12\/avenida-nove-de-julho-2.jpeg?fit=1200%2C675&ssl=1&resize=700%2C400 2x, https:\/\/i0.wp.com\/noticiasribeiraopreto.com.br\/wp-content\/uploads\/2023\/12\/avenida-nove-de-julho-2.jpeg?fit=1200%2C675&ssl=1&resize=1050%2C600 3x"},"classes":[]},{"id":11091,"url":"https:\/\/noticiasribeiraopreto.com.br\/index.php\/2023\/12\/05\/prefeitura-de-ribeirao-preto-rompe-contrato-com-a-empresa-da-obra-da-nove-de-julho\/","url_meta":{"origin":81435,"position":1},"title":"Prefeitura de Ribeir\u00e3o Preto rompe contrato com a empresa da obra da Nove de Julho","author":"noticiasribeiraopreto.com.br","date":"5 de December de 2023","format":false,"excerpt":"A Prefeitura de Ribeir\u00e3o Preto oficializou, nesta ter\u00e7a-feira (5), o rompimento do contrato com a empresa Metropolitana, respons\u00e1vel pelas obras de restaura\u00e7\u00e3o da avenida Nove de Julho e pela coloca\u00e7\u00e3o de galerias de \u00e1gua pluvial no Centro. De acordo com o Executivo, a empresa foi notificada cinco vezes sobre o\u2026","rel":"","context":"In &quot;Not\u00edcias de Ribeir\u00e3o Preto-SP e Regi\u00e3o&quot;","block_context":{"text":"Not\u00edcias de Ribeir\u00e3o Preto-SP e Regi\u00e3o","link":"https:\/\/noticiasribeiraopreto.com.br\/index.php\/category\/noticias-de-ribeirao-preto-sp-e-regiao-ismael-colosi\/"},"img":{"alt_text":"","src":"https:\/\/i0.wp.com\/noticiasribeiraopreto.com.br\/wp-content\/uploads\/2023\/12\/WhatsApp-Image-2023-12-05-at-11.04.13.jpeg?fit=1200%2C764&ssl=1&resize=350%2C200","width":350,"height":200,"srcset":"https:\/\/i0.wp.com\/noticiasribeiraopreto.com.br\/wp-content\/uploads\/2023\/12\/WhatsApp-Image-2023-12-05-at-11.04.13.jpeg?fit=1200%2C764&ssl=1&resize=350%2C200 1x, https:\/\/i0.wp.com\/noticiasribeiraopreto.com.br\/wp-content\/uploads\/2023\/12\/WhatsApp-Image-2023-12-05-at-11.04.13.jpeg?fit=1200%2C764&ssl=1&resize=525%2C300 1.5x, https:\/\/i0.wp.com\/noticiasribeiraopreto.com.br\/wp-content\/uploads\/2023\/12\/WhatsApp-Image-2023-12-05-at-11.04.13.jpeg?fit=1200%2C764&ssl=1&resize=700%2C400 2x, https:\/\/i0.wp.com\/noticiasribeiraopreto.com.br\/wp-content\/uploads\/2023\/12\/WhatsApp-Image-2023-12-05-at-11.04.13.jpeg?fit=1200%2C764&ssl=1&resize=1050%2C600 3x"},"classes":[]},{"id":16657,"url":"https:\/\/noticiasribeiraopreto.com.br\/index.php\/2023\/12\/16\/nove-de-julho-prefeitura-notifica-oficialmente-construtora-responsavel\/","url_meta":{"origin":81435,"position":2},"title":"Nove de Julho: Prefeitura notifica oficialmente construtora respons\u00e1vel","author":"noticiasribeiraopreto.com.br","date":"16 de December de 2023","format":false,"excerpt":"15 de dezembro de 2023 | 15:4615 de dezembro de 2023 | 16:28 0A secretaria municipal de Obras P\u00fablicas de Ribeir\u00e3o Preto anunciou, nesta sexta-feira, 15 de dezembro, que notificou oficialmente a construtora Metropolitana, sobre a multa que ser\u00e1 aplicada \u00e0 empresa no valor de R$ 2.861.442,58, A multa corresponde\u2026","rel":"","context":"In &quot;Not\u00edcias de Ribeir\u00e3o Preto-SP e Regi\u00e3o&quot;","block_context":{"text":"Not\u00edcias de Ribeir\u00e3o Preto-SP e Regi\u00e3o","link":"https:\/\/noticiasribeiraopreto.com.br\/index.php\/category\/noticias-de-ribeirao-preto-sp-e-regiao-ismael-colosi\/"},"img":{"alt_text":"","src":"https:\/\/i0.wp.com\/noticiasribeiraopreto.com.br\/wp-content\/uploads\/2023\/12\/NoveRP-Alfredo-Risk-Arquivo-1-scaled.jpg?fit=1000%2C523&ssl=1&resize=350%2C200","width":350,"height":200,"srcset":"https:\/\/i0.wp.com\/noticiasribeiraopreto.com.br\/wp-content\/uploads\/2023\/12\/NoveRP-Alfredo-Risk-Arquivo-1-scaled.jpg?fit=1000%2C523&ssl=1&resize=350%2C200 1x, https:\/\/i0.wp.com\/noticiasribeiraopreto.com.br\/wp-content\/uploads\/2023\/12\/NoveRP-Alfredo-Risk-Arquivo-1-scaled.jpg?fit=1000%2C523&ssl=1&resize=525%2C300 1.5x, https:\/\/i0.wp.com\/noticiasribeiraopreto.com.br\/wp-content\/uploads\/2023\/12\/NoveRP-Alfredo-Risk-Arquivo-1-scaled.jpg?fit=1000%2C523&ssl=1&resize=700%2C400 2x"},"classes":[]},{"id":11293,"url":"https:\/\/noticiasribeiraopreto.com.br\/index.php\/2023\/12\/05\/comerciantes-de-ribeirao-pedem-uma-solucao-urgente-para-obras-na-avenida-nove-de-julho\/","url_meta":{"origin":81435,"position":3},"title":"Comerciantes de Ribeir\u00e3o pedem uma solu\u00e7\u00e3o urgente para obras na avenida Nove de Julho","author":"noticiasribeiraopreto.com.br","date":"5 de December de 2023","format":false,"excerpt":"O Comit\u00ea de Acompanhamento das Obras de Ribeir\u00e3o Preto manifestou sua indigna\u00e7\u00e3o e preocupa\u00e7\u00e3o, ap\u00f3s a Prefeitura de Ribeir\u00e3o Preto anunciar o rompimento do contrato com a empresa Metropolitana, respons\u00e1vel pelas obras de restaura\u00e7\u00e3o da avenida Nove de Julho, nesta ter\u00e7a-feira (5). O grupo, formado por cerca de 15 entidades\u2026","rel":"","context":"In &quot;Not\u00edcias de Ribeir\u00e3o Preto-SP e Regi\u00e3o&quot;","block_context":{"text":"Not\u00edcias de Ribeir\u00e3o Preto-SP e Regi\u00e3o","link":"https:\/\/noticiasribeiraopreto.com.br\/index.php\/category\/noticias-de-ribeirao-preto-sp-e-regiao-ismael-colosi\/"},"img":{"alt_text":"","src":"https:\/\/i0.wp.com\/noticiasribeiraopreto.com.br\/wp-content\/uploads\/2023\/12\/1701825717_avenida-nove-de-julho-2.jpeg?fit=1200%2C675&ssl=1&resize=350%2C200","width":350,"height":200,"srcset":"https:\/\/i0.wp.com\/noticiasribeiraopreto.com.br\/wp-content\/uploads\/2023\/12\/1701825717_avenida-nove-de-julho-2.jpeg?fit=1200%2C675&ssl=1&resize=350%2C200 1x, https:\/\/i0.wp.com\/noticiasribeiraopreto.com.br\/wp-content\/uploads\/2023\/12\/1701825717_avenida-nove-de-julho-2.jpeg?fit=1200%2C675&ssl=1&resize=525%2C300 1.5x, https:\/\/i0.wp.com\/noticiasribeiraopreto.com.br\/wp-content\/uploads\/2023\/12\/1701825717_avenida-nove-de-julho-2.jpeg?fit=1200%2C675&ssl=1&resize=700%2C400 2x, https:\/\/i0.wp.com\/noticiasribeiraopreto.com.br\/wp-content\/uploads\/2023\/12\/1701825717_avenida-nove-de-julho-2.jpeg?fit=1200%2C675&ssl=1&resize=1050%2C600 3x"},"classes":[]},{"id":44247,"url":"https:\/\/noticiasribeiraopreto.com.br\/index.php\/2024\/03\/26\/definida-empresa-que-continuara-as-obras-da-avenida-nove-de-julho-em-ribeirao-preto\/","url_meta":{"origin":81435,"position":4},"title":"Definida empresa que continuar\u00e1 as obras da avenida Nove de Julho em Ribeir\u00e3o Preto","author":"noticiasribeiraopreto.com.br","date":"26 de March de 2024","format":false,"excerpt":"Foi publicado no Di\u00e1rio Oficial do Munic\u00edpio desta ter\u00e7a-feira (26), a homologa\u00e7\u00e3o da licita\u00e7\u00e3o para as obras de revitaliza\u00e7\u00e3o e implanta\u00e7\u00e3o do corredor de \u00f4nibus da avenida Nove de Julho, paradas desde dezembro do ano passado. A empresa vencedora que retomar\u00e1 os servi\u00e7os no local \u00e9 a Era-T\u00e9cnica Engenharia Constru\u00e7\u00f5es\u2026","rel":"","context":"In &quot;Not\u00edcias de Ribeir\u00e3o Preto-SP e Regi\u00e3o&quot;","block_context":{"text":"Not\u00edcias de Ribeir\u00e3o Preto-SP e Regi\u00e3o","link":"https:\/\/noticiasribeiraopreto.com.br\/index.php\/category\/noticias-de-ribeirao-preto-sp-e-regiao-ismael-colosi\/"},"img":{"alt_text":"","src":"https:\/\/i0.wp.com\/noticiasribeiraopreto.com.br\/wp-content\/uploads\/2024\/03\/Copia-de-Copia-de-TAMANHO-EXATO-PARA-FOTOS-NO-SISTEMA-NOVO-87.jpg?fit=1200%2C675&ssl=1&resize=350%2C200","width":350,"height":200,"srcset":"https:\/\/i0.wp.com\/noticiasribeiraopreto.com.br\/wp-content\/uploads\/2024\/03\/Copia-de-Copia-de-TAMANHO-EXATO-PARA-FOTOS-NO-SISTEMA-NOVO-87.jpg?fit=1200%2C675&ssl=1&resize=350%2C200 1x, https:\/\/i0.wp.com\/noticiasribeiraopreto.com.br\/wp-content\/uploads\/2024\/03\/Copia-de-Copia-de-TAMANHO-EXATO-PARA-FOTOS-NO-SISTEMA-NOVO-87.jpg?fit=1200%2C675&ssl=1&resize=525%2C300 1.5x, https:\/\/i0.wp.com\/noticiasribeiraopreto.com.br\/wp-content\/uploads\/2024\/03\/Copia-de-Copia-de-TAMANHO-EXATO-PARA-FOTOS-NO-SISTEMA-NOVO-87.jpg?fit=1200%2C675&ssl=1&resize=700%2C400 2x, https:\/\/i0.wp.com\/noticiasribeiraopreto.com.br\/wp-content\/uploads\/2024\/03\/Copia-de-Copia-de-TAMANHO-EXATO-PARA-FOTOS-NO-SISTEMA-NOVO-87.jpg?fit=1200%2C675&ssl=1&resize=1050%2C600 3x"},"classes":[]},{"id":43084,"url":"https:\/\/noticiasribeiraopreto.com.br\/index.php\/2024\/03\/19\/duas-empresas-de-sp-disputam-obra-na-nove-de-julho\/","url_meta":{"origin":81435,"position":5},"title":"Duas empresas de SP disputam obra na Nove de Julho","author":"noticiasribeiraopreto.com.br","date":"19 de March de 2024","format":false,"excerpt":"Duas empresas foram habilitadas pela prefeitura de Ribeir\u00e3o Preto e seguem na licita\u00e7\u00e3o \u2013 concorr\u00eancia p\u00fablica \u2013 que definir\u00e1 qual delas ser\u00e1 a respons\u00e1vel pela retomada das obras de restaura\u00e7\u00e3o, revitaliza\u00e7\u00e3o e de constru\u00e7\u00e3o de corredor de \u00f4nibus na avenida Nove de Julho, via centen\u00e1ria e cart\u00e3o postal da cidadeSeguem\u2026","rel":"","context":"In &quot;Not\u00edcias de Ribeir\u00e3o Preto-SP e Regi\u00e3o&quot;","block_context":{"text":"Not\u00edcias de Ribeir\u00e3o Preto-SP e Regi\u00e3o","link":"https:\/\/noticiasribeiraopreto.com.br\/index.php\/category\/noticias-de-ribeirao-preto-sp-e-regiao-ismael-colosi\/"},"img":{"alt_text":"","src":"https:\/\/i0.wp.com\/noticiasribeiraopreto.com.br\/wp-content\/uploads\/2024\/03\/NoveRP-Alfredo-Risk-Arquivo-1-scaled.jpg?fit=967%2C645&ssl=1&resize=350%2C200","width":350,"height":200,"srcset":"https:\/\/i0.wp.com\/noticiasribeiraopreto.com.br\/wp-content\/uploads\/2024\/03\/NoveRP-Alfredo-Risk-Arquivo-1-scaled.jpg?fit=967%2C645&ssl=1&resize=350%2C200 1x, https:\/\/i0.wp.com\/noticiasribeiraopreto.com.br\/wp-content\/uploads\/2024\/03\/NoveRP-Alfredo-Risk-Arquivo-1-scaled.jpg?fit=967%2C645&ssl=1&resize=525%2C300 1.5x, https:\/\/i0.wp.com\/noticiasribeiraopreto.com.br\/wp-content\/uploads\/2024\/03\/NoveRP-Alfredo-Risk-Arquivo-1-scaled.jpg?fit=967%2C645&ssl=1&resize=700%2C400 2x"},"classes":[]}],"jetpack_sharing_enabled":true,"jetpack_shortlink":"https:\/\/wp.me\/peQAOb-lbt","_links":{"self":[{"href":"https:\/\/noticiasribeiraopreto.com.br\/index.php\/wp-json\/wp\/v2\/posts\/81435","targetHints":{"allow":["GET"]}}],"collection":[{"href":"https:\/\/noticiasribeiraopreto.com.br\/index.php\/wp-json\/wp\/v2\/posts"}],"about":[{"href":"https:\/\/noticiasribeiraopreto.com.br\/index.php\/wp-json\/wp\/v2\/types\/post"}],"author":[{"embeddable":true,"href":"https:\/\/noticiasribeiraopreto.com.br\/index.php\/wp-json\/wp\/v2\/users\/1"}],"replies":[{"embeddable":true,"href":"https:\/\/noticiasribeiraopreto.com.br\/index.php\/wp-json\/wp\/v2\/comments?post=81435"}],"version-history":[{"count":0,"href":"https:\/\/noticiasribeiraopreto.com.br\/index.php\/wp-json\/wp\/v2\/posts\/81435\/revisions"}],"wp:featuredmedia":[{"embeddable":true,"href":"https:\/\/noticiasribeiraopreto.com.br\/index.php\/wp-json\/wp\/v2\/media\/81436"}],"wp:attachment":[{"href":"https:\/\/noticiasribeiraopreto.com.br\/index.php\/wp-json\/wp\/v2\/media?parent=81435"}],"wp:term":[{"taxonomy":"category","embeddable":true,"href":"https:\/\/noticiasribeiraopreto.com.br\/index.php\/wp-json\/wp\/v2\/categories?post=81435"},{"taxonomy":"post_tag","embeddable":true,"href":"https:\/\/noticiasribeiraopreto.com.br\/index.php\/wp-json\/wp\/v2\/tags?post=81435"}],"curies":[{"name":"wp","href":"https:\/\/api.w.org\/{rel}","templated":true}]}}