{"id":81437,"date":"2026-01-06T07:53:04","date_gmt":"2026-01-06T10:53:04","guid":{"rendered":"https:\/\/noticiasribeiraopreto.com.br\/index.php\/2026\/01\/06\/veja-como-esta-o-plenario-da-camara-de-ribeirao-preto-predio-passa-por-obras\/"},"modified":"2026-01-06T07:53:04","modified_gmt":"2026-01-06T10:53:04","slug":"veja-como-esta-o-plenario-da-camara-de-ribeirao-preto-predio-passa-por-obras","status":"publish","type":"post","link":"https:\/\/noticiasribeiraopreto.com.br\/index.php\/2026\/01\/06\/veja-como-esta-o-plenario-da-camara-de-ribeirao-preto-predio-passa-por-obras\/","title":{"rendered":"Veja como est\u00e1 o plen\u00e1rio da C\u00e2mara de Ribeir\u00e3o Preto; pr\u00e9dio passa por obras"},"content":{"rendered":"<div class='code-block code-block-1' style='margin: 8px 0 8px auto; text-align: right; display: block; clear: both;'>\n<p><a href=\"https:\/\/wa.link\/vpicfd\"><img data-recalc-dims=\"1\" class=\"wp-image-4922\" style=\"aspect-ratio: 2.0253164556962027; width: 561px; height: auto;\" src=\"https:\/\/i0.wp.com\/ismaelcolosi.com.br\/wp-content\/uploads\/2023\/11\/grupo-de-empregos-whatsapp-e-facebook-ismael-colosi-vagas.jpg?ssl=1\" alt=\"\" \/><\/a><\/p>\n<!-- \/wp:image -->\n<\/div>\n<p> <br \/>\n<\/p>\n<div data-td-block-uid=\"tdi_95\">\n<div class=\"tdb-block-inner td-fix-index\">\n<blockquote class=\"instagram-media\" data-instgrm-permalink=\"https:\/\/www.instagram.com\/p\/DTI8VmSkwi6\/?utm_source=ig_embed&amp;utm_campaign=loading\" data-instgrm-version=\"14\" style=\" background:#FFF; border:0; border-radius:3px; box-shadow:0 0 1px 0 rgba(0,0,0,0.5),0 1px 10px 0 rgba(0,0,0,0.15); margin: 1px; max-width:540px; min-width:326px; padding:0; width:99.375%; width:-webkit-calc(100% - 2px); width:calc(100% - 2px);\"\/>\n<p>A<strong><a href=\"https:\/\/www.camararibeiraopreto.sp.gov.br\/\" data-type=\"link\" data-id=\"https:\/\/www.camararibeiraopreto.sp.gov.br\/\" target=\"_blank\" rel=\"noopener\"> C\u00e2mara de Ribeir\u00e3o Preto <\/a><\/strong>divulgou nesta segunda-feira (5) fotos das obras no plen\u00e1rio do Legislativo \u2013 veja acima. As obras come\u00e7aram em 2 de dezembro de 2025 e fazem parte do processo de moderniza\u00e7\u00e3o e adequa\u00e7\u00e3o do pr\u00e9dio, que n\u00e3o possui o<strong> AVCB (Auto de Vistoria do Corpo de Bombeiros)<\/strong>.<\/p>\n<p>A interven\u00e7\u00e3o marca a primeira grande reforma estrutural dos plen\u00e1rios desde a inaugura\u00e7\u00e3o do pr\u00e9dio, atualizando os espa\u00e7os \u00e0s exig\u00eancias atuais de seguran\u00e7a, acessibilidade e funcionamento. O servi\u00e7o est\u00e1 or\u00e7ado em R$ 4,7 milh\u00f5es.<\/p>\n<p>O presidente da C\u00e2mara Municipal de Ribeir\u00e3o Preto, Isaac Antunes (PL), realizou nesta segunda-feira uma vistoria para acompanhar os servi\u00e7os j\u00e1 executados.<\/p>\n<h2 class=\"wp-block-heading\"><strong>O que j\u00e1 foi feito:<\/strong><\/h2>\n<p>Nesta fase inicial, os trabalhos est\u00e3o concentrados principalmente em desmontagens, demoli\u00e7\u00f5es e prepara\u00e7\u00e3o das \u00e1reas para o novo layout. Entre os servi\u00e7os j\u00e1 executados est\u00e3o:<\/p>\n<ul class=\"wp-block-list\">\n<li>retirada de cadeiras, mesas e demais mobili\u00e1rios;<\/li>\n<\/ul>\n<ul class=\"wp-block-list\">\n<li>remo\u00e7\u00e3o total do carpete antigo;<\/li>\n<\/ul>\n<ul class=\"wp-block-list\">\n<li>instala\u00e7\u00e3o de tapumes para isolamento das \u00e1reas em obra;<\/li>\n<\/ul>\n<ul class=\"wp-block-list\">\n<li>desmontagem dos sistemas de ar-condicionado central e aparelhos tipo split;<\/li>\n<\/ul>\n<ul class=\"wp-block-list\">\n<li>retirada de forros, lumin\u00e1rias, acabeamentos e divis\u00f3rias em drywall;<\/li>\n<\/ul>\n<ul class=\"wp-block-list\">\n<li>demoli\u00e7\u00e3o de pisos cer\u00e2micos e estruturas de madeira dos palcos;<\/li>\n<\/ul>\n<ul class=\"wp-block-list\">\n<li>remo\u00e7\u00e3o do enchimento do piso do palco do Plen\u00e1rio I;<\/li>\n<\/ul>\n<ul class=\"wp-block-list\">\n<li>retirada do forro em PVC do Plen\u00e1rio II;<\/li>\n<\/ul>\n<ul class=\"wp-block-list\">\n<li>remo\u00e7\u00e3o de pisos de banheiros e da copa dos funcion\u00e1rios;<\/li>\n<\/ul>\n<ul class=\"wp-block-list\">\n<li>retirada cont\u00ednua de entulho, com destina\u00e7\u00e3o adequada;<\/li>\n<\/ul>\n<ul class=\"wp-block-list\">\n<li>realoca\u00e7\u00e3o do painel institucional da C\u00e2mara para a Sala 26, onde as sess\u00f5es on-line s\u00e3o comandadas.<\/li>\n<\/ul>\n<h2 class=\"wp-block-heading\"><strong>Contrato e andamento da obra<\/strong><\/h2>\n<p>A reforma \u00e9 executada pela empresa Arcon Engenharia, vencedora do processo licitat\u00f3rio. O contrato prev\u00ea prazo de execu\u00e7\u00e3o de at\u00e9 oito meses. Durante esse per\u00edodo, as sess\u00f5es legislativas seguem ocorrendo em formato remoto \u2013 lembrando que o recesso parlamentar da C\u00e2mara segue at\u00e9 2 de fevereiro.<\/p>\n<p>SAIBA MAIS<br \/>Pancadas de chuva podem atingir Ribeir\u00e3o Preto nesta segunda-feira; Veja previs\u00e3o<\/p>\n<h2 class=\"wp-block-heading\"><strong>FIQUE ON<\/strong><\/h2>\n<p>Fique ligado em tudo que acontece em Ribeir\u00e3o Preto e regi\u00e3o. Siga os perfis do\u00a0<strong>acidade on<\/strong>\u00a0no\u00a0<a href=\"https:\/\/www.instagram.com\/acidadeonribeirao\" target=\"_blank\" rel=\"noreferrer noopener\">Instagram<\/a>\u00a0e no<a href=\"https:\/\/www.facebook.com\/acidadeonribeirao\/\" target=\"_blank\" rel=\"noreferrer noopener\">\u00a0Facebook<\/a>.<\/p>\n<p>Receba not\u00edcias do\u00a0<strong>acidade on<\/strong>\u00a0no WhatsApp. Para entrar no grupo,\u00a0basta\u00a0<a href=\"https:\/\/chat.whatsapp.com\/GFH9HUMUTHNFJdnyEd0xxq\" target=\"_blank\" rel=\"noreferrer noopener\">clicar aqui<\/a>. Ou, acesse o nosso\u00a0Canal\u00a0<a href=\"https:\/\/whatsapp.com\/channel\/0029Vb6IQl1JENyAeS57fk2p\" target=\"_blank\" rel=\"noreferrer noopener\">clicando aqui<\/a>.<\/p>\n<p>Fa\u00e7a uma den\u00fancia ou sugira uma reportagem sobre Ribeir\u00e3o Preto e regi\u00e3o pelo WhatsApp: 16 99117 7802.<\/p>\n<p>VEJA TAMB\u00c9M<br \/>Qual o novo valor de contribui\u00e7\u00e3o mensal do MEI?<\/p>\n<p><!-- AI CONTENT END 1 -->\n<\/div>\n<\/div>\n<p><script async src=\"\/\/www.instagram.com\/embed.js\"><\/script><br \/>\n<br \/><br \/>\n<br \/><a href=\"https:\/\/www.acidadeon.com\/ribeiraopreto\/politica\/veja-como-esta-o-plenario-da-camara-de-ribeirao-preto-predio-passa-por-obras\/\">Source link <\/a><\/p>\n<!-- CONTENT END 1 -->\n","protected":false},"excerpt":{"rendered":"<p>A C\u00e2mara de Ribeir\u00e3o Preto divulgou nesta segunda-feira (5) fotos das obras no plen\u00e1rio do Legislativo \u2013 veja acima. As obras come\u00e7aram em 2 de&#8230;<\/p>\n","protected":false},"author":1,"featured_media":81438,"comment_status":"open","ping_status":"open","sticky":false,"template":"","format":"standard","meta":{"advanced_seo_description":"","jetpack_seo_html_title":"","jetpack_seo_noindex":false,"jetpack_post_was_ever_published":false,"_jetpack_newsletter_access":"","_jetpack_dont_email_post_to_subs":false,"_jetpack_newsletter_tier_id":0,"_jetpack_memberships_contains_paywalled_content":false,"_jetpack_memberships_contains_paid_content":false,"footnotes":"","jetpack_publicize_message":"","jetpack_publicize_feature_enabled":true,"jetpack_social_post_already_shared":true,"jetpack_social_options":{"image_generator_settings":{"template":"highway","default_image_id":0,"font":"","enabled":false},"version":2}},"categories":[11],"tags":[],"class_list":["post-81437","post","type-post","status-publish","format-standard","has-post-thumbnail","hentry","category-noticias-de-ribeirao-preto-sp-e-regiao-ismael-colosi"],"jetpack_publicize_connections":[],"jetpack_featured_media_url":"https:\/\/i0.wp.com\/noticiasribeiraopreto.com.br\/wp-content\/uploads\/2026\/01\/camara-ribeirao-preto-2_2026-01-05_20-30-33.webp.webp?fit=1200%2C800&ssl=1","jetpack-related-posts":[{"id":79229,"url":"https:\/\/noticiasribeiraopreto.com.br\/index.php\/2025\/10\/27\/obra-de-r-47-milhoes-no-predio-da-camara-de-ribeirao-deve-comecar-em-dezembro\/","url_meta":{"origin":81437,"position":0},"title":"Obra de R$ 4,7 milh\u00f5es no pr\u00e9dio da C\u00e2mara de Ribeir\u00e3o deve come\u00e7ar em dezembro","author":"noticiasribeiraopreto.com.br","date":"27 de October de 2025","format":false,"excerpt":"A Arcon Construtora LTDA, de Hortol\u00e2ndia, venceu a licita\u00e7\u00e3o para reforma do pr\u00e9dio da C\u00e2mara de Ribeir\u00e3o Preto. A obra est\u00e1 or\u00e7ada em R$ 4.765.616,33 e tem o prazo de oito meses para ser conclu\u00edda a partir da assinatura da ordem de servi\u00e7o. Segundo a C\u00e2mara de Ribeir\u00e3o Preto, a\u2026","rel":"","context":"In &quot;Not\u00edcias de Ribeir\u00e3o Preto-SP e Regi\u00e3o&quot;","block_context":{"text":"Not\u00edcias de Ribeir\u00e3o Preto-SP e Regi\u00e3o","link":"https:\/\/noticiasribeiraopreto.com.br\/index.php\/category\/noticias-de-ribeirao-preto-sp-e-regiao-ismael-colosi\/"},"img":{"alt_text":"","src":"https:\/\/i0.wp.com\/noticiasribeiraopreto.com.br\/wp-content\/uploads\/2025\/10\/camara-de-ribeirao-preto_2025-10-27_20-36-22.webp.webp?fit=1024%2C576&ssl=1&resize=350%2C200","width":350,"height":200,"srcset":"https:\/\/i0.wp.com\/noticiasribeiraopreto.com.br\/wp-content\/uploads\/2025\/10\/camara-de-ribeirao-preto_2025-10-27_20-36-22.webp.webp?fit=1024%2C576&ssl=1&resize=350%2C200 1x, https:\/\/i0.wp.com\/noticiasribeiraopreto.com.br\/wp-content\/uploads\/2025\/10\/camara-de-ribeirao-preto_2025-10-27_20-36-22.webp.webp?fit=1024%2C576&ssl=1&resize=525%2C300 1.5x, https:\/\/i0.wp.com\/noticiasribeiraopreto.com.br\/wp-content\/uploads\/2025\/10\/camara-de-ribeirao-preto_2025-10-27_20-36-22.webp.webp?fit=1024%2C576&ssl=1&resize=700%2C400 2x"},"classes":[]},{"id":68476,"url":"https:\/\/noticiasribeiraopreto.com.br\/index.php\/2025\/04\/25\/camara-de-ribeirao-anuncia-reforma-apos-apontamento-dos-bombeiros\/","url_meta":{"origin":81437,"position":1},"title":"C\u00e2mara de Ribeir\u00e3o anuncia reforma ap\u00f3s apontamento dos Bombeiros","author":"noticiasribeiraopreto.com.br","date":"25 de April de 2025","format":false,"excerpt":"A C\u00e2mara de Ribeir\u00e3o Preto anunciou nesta sexta-feira (25) a reforma do pr\u00e9dio do Legislativo ap\u00f3s apontamento do Corpo de Bombeiros para concess\u00e3o do AVCB (Auto de Vistoria do Corpo de Bombeiros). O valor estimado da licita\u00e7\u00e3o \u00e9 de R$ 6,5 milh\u00f5es. Segundo a C\u00e2mara, essa ser\u00e1 a maior reforma\u2026","rel":"","context":"In &quot;Not\u00edcias de Ribeir\u00e3o Preto-SP e Regi\u00e3o&quot;","block_context":{"text":"Not\u00edcias de Ribeir\u00e3o Preto-SP e Regi\u00e3o","link":"https:\/\/noticiasribeiraopreto.com.br\/index.php\/category\/noticias-de-ribeirao-preto-sp-e-regiao-ismael-colosi\/"},"img":{"alt_text":"","src":"https:\/\/i0.wp.com\/noticiasribeiraopreto.com.br\/wp-content\/uploads\/2025\/04\/Camara-de-Ribeirao-Preto.jpg?fit=1200%2C675&ssl=1&resize=350%2C200","width":350,"height":200,"srcset":"https:\/\/i0.wp.com\/noticiasribeiraopreto.com.br\/wp-content\/uploads\/2025\/04\/Camara-de-Ribeirao-Preto.jpg?fit=1200%2C675&ssl=1&resize=350%2C200 1x, https:\/\/i0.wp.com\/noticiasribeiraopreto.com.br\/wp-content\/uploads\/2025\/04\/Camara-de-Ribeirao-Preto.jpg?fit=1200%2C675&ssl=1&resize=525%2C300 1.5x, https:\/\/i0.wp.com\/noticiasribeiraopreto.com.br\/wp-content\/uploads\/2025\/04\/Camara-de-Ribeirao-Preto.jpg?fit=1200%2C675&ssl=1&resize=700%2C400 2x, https:\/\/i0.wp.com\/noticiasribeiraopreto.com.br\/wp-content\/uploads\/2025\/04\/Camara-de-Ribeirao-Preto.jpg?fit=1200%2C675&ssl=1&resize=1050%2C600 3x"},"classes":[]},{"id":68429,"url":"https:\/\/noticiasribeiraopreto.com.br\/index.php\/2025\/04\/25\/camara-vai-investir-r-65-milhoes-em-ampla-reforma\/","url_meta":{"origin":81437,"position":2},"title":"C\u00e2mara vai investir R$ 6,5 milh\u00f5es em ampla reforma","author":"noticiasribeiraopreto.com.br","date":"25 de April de 2025","format":false,"excerpt":"A C\u00e2mara Municipal de Ribeir\u00e3o Preto anunciou nesta sexta-feira, 25 de abril, a abertura de licita\u00e7\u00f5es para uma ampla reforma pr\u00e9dio principal do Legislativo municipal, o Pal\u00e1cio Ant\u00f4nio Machado Sant\u2019Anna. Os certames para a reforma do Plen\u00e1rio, do Sal\u00e3o Nobre, da parte el\u00e9trica e do telhado ser\u00e3o publicados no Di\u00e1rio\u2026","rel":"","context":"In &quot;Not\u00edcias de Ribeir\u00e3o Preto-SP e Regi\u00e3o&quot;","block_context":{"text":"Not\u00edcias de Ribeir\u00e3o Preto-SP e Regi\u00e3o","link":"https:\/\/noticiasribeiraopreto.com.br\/index.php\/category\/noticias-de-ribeirao-preto-sp-e-regiao-ismael-colosi\/"},"img":{"alt_text":"","src":"https:\/\/i0.wp.com\/noticiasribeiraopreto.com.br\/wp-content\/uploads\/2025\/04\/CamaraRP-JF-Pimenta-Arquivo-scaled.jpg?fit=800%2C412&ssl=1&resize=350%2C200","width":350,"height":200,"srcset":"https:\/\/i0.wp.com\/noticiasribeiraopreto.com.br\/wp-content\/uploads\/2025\/04\/CamaraRP-JF-Pimenta-Arquivo-scaled.jpg?fit=800%2C412&ssl=1&resize=350%2C200 1x, https:\/\/i0.wp.com\/noticiasribeiraopreto.com.br\/wp-content\/uploads\/2025\/04\/CamaraRP-JF-Pimenta-Arquivo-scaled.jpg?fit=800%2C412&ssl=1&resize=525%2C300 1.5x, https:\/\/i0.wp.com\/noticiasribeiraopreto.com.br\/wp-content\/uploads\/2025\/04\/CamaraRP-JF-Pimenta-Arquivo-scaled.jpg?fit=800%2C412&ssl=1&resize=700%2C400 2x"},"classes":[]},{"id":82296,"url":"https:\/\/noticiasribeiraopreto.com.br\/index.php\/2026\/02\/10\/camara-abre-licitacao-para-reforma-de-telhado\/","url_meta":{"origin":81437,"position":3},"title":"C\u00e2mara abre licita\u00e7\u00e3o \u2028para reforma de telhado","author":"noticiasribeiraopreto.com.br","date":"10 de February de 2026","format":false,"excerpt":"Com custo m\u00e1ximo estimado em R$ 3.968.390,60, o certame estabelece que a reforma seja feita em seis meses, prazo contado a partir da assinatura do contrato A C\u00e2mara de Ribeir\u00e3o Preto abriu licita\u00e7\u00e3o \u2013 na modalidade concorr\u00eancia eletr\u00f4nica \u2013 para a troca do telhado do Pal\u00e1cio Ant\u00f4nio Machado Sant\u2019Anna, o\u2026","rel":"","context":"In &quot;Not\u00edcias de Ribeir\u00e3o Preto-SP e Regi\u00e3o&quot;","block_context":{"text":"Not\u00edcias de Ribeir\u00e3o Preto-SP e Regi\u00e3o","link":"https:\/\/noticiasribeiraopreto.com.br\/index.php\/category\/noticias-de-ribeirao-preto-sp-e-regiao-ismael-colosi\/"},"img":{"alt_text":"","src":"https:\/\/i0.wp.com\/noticiasribeiraopreto.com.br\/wp-content\/uploads\/2026\/02\/CamaraRP-Alfredo-Risk-Arquivo-scaled.jpg?fit=1170%2C780&ssl=1&resize=350%2C200","width":350,"height":200,"srcset":"https:\/\/i0.wp.com\/noticiasribeiraopreto.com.br\/wp-content\/uploads\/2026\/02\/CamaraRP-Alfredo-Risk-Arquivo-scaled.jpg?fit=1170%2C780&ssl=1&resize=350%2C200 1x, https:\/\/i0.wp.com\/noticiasribeiraopreto.com.br\/wp-content\/uploads\/2026\/02\/CamaraRP-Alfredo-Risk-Arquivo-scaled.jpg?fit=1170%2C780&ssl=1&resize=525%2C300 1.5x, https:\/\/i0.wp.com\/noticiasribeiraopreto.com.br\/wp-content\/uploads\/2026\/02\/CamaraRP-Alfredo-Risk-Arquivo-scaled.jpg?fit=1170%2C780&ssl=1&resize=700%2C400 2x, https:\/\/i0.wp.com\/noticiasribeiraopreto.com.br\/wp-content\/uploads\/2026\/02\/CamaraRP-Alfredo-Risk-Arquivo-scaled.jpg?fit=1170%2C780&ssl=1&resize=1050%2C600 3x"},"classes":[]},{"id":81445,"url":"https:\/\/noticiasribeiraopreto.com.br\/index.php\/2026\/01\/06\/obras-na-camara-de-rp-devem-terminar-em-maio\/","url_meta":{"origin":81437,"position":4},"title":"Obras na C\u00e2mara de RP devem terminar em maio","author":"noticiasribeiraopreto.com.br","date":"6 de January de 2026","format":false,"excerpt":"\r \r \r 6 de janeiro de 2026 09:03 \r Compartilhar0 Com custo de R$ 4,7 milh\u00f5es, a reforma e moderniza\u00e7\u00e3o dos plen\u00e1rios do Legislativo tamb\u00e9m foram necess\u00e1rias para que a C\u00e2mara regularize definitivamente o Auto de Vistoria do Corpo de Bombeiros (AVCB). As obras de reforma dos Plen\u00e1rios I\u2026","rel":"","context":"In &quot;Not\u00edcias de Ribeir\u00e3o Preto-SP e Regi\u00e3o&quot;","block_context":{"text":"Not\u00edcias de Ribeir\u00e3o Preto-SP e Regi\u00e3o","link":"https:\/\/noticiasribeiraopreto.com.br\/index.php\/category\/noticias-de-ribeirao-preto-sp-e-regiao-ismael-colosi\/"},"img":{"alt_text":"","src":"https:\/\/i0.wp.com\/noticiasribeiraopreto.com.br\/wp-content\/uploads\/2026\/01\/3-obras-camara-risk-scaled.jpeg?fit=1040%2C780&ssl=1&resize=350%2C200","width":350,"height":200,"srcset":"https:\/\/i0.wp.com\/noticiasribeiraopreto.com.br\/wp-content\/uploads\/2026\/01\/3-obras-camara-risk-scaled.jpeg?fit=1040%2C780&ssl=1&resize=350%2C200 1x, https:\/\/i0.wp.com\/noticiasribeiraopreto.com.br\/wp-content\/uploads\/2026\/01\/3-obras-camara-risk-scaled.jpeg?fit=1040%2C780&ssl=1&resize=525%2C300 1.5x, https:\/\/i0.wp.com\/noticiasribeiraopreto.com.br\/wp-content\/uploads\/2026\/01\/3-obras-camara-risk-scaled.jpeg?fit=1040%2C780&ssl=1&resize=700%2C400 2x"},"classes":[]},{"id":85159,"url":"https:\/\/noticiasribeiraopreto.com.br\/index.php\/2026\/04\/23\/troca-de-telhado-da-camara-custara-r-27-mi\/","url_meta":{"origin":81437,"position":5},"title":"Troca de telhado \u2028da C\u00e2mara custar\u00e1 R$ 2,7 mi","author":"noticiasribeiraopreto.com.br","date":"23 de April de 2026","format":false,"excerpt":"Engelimp Infraestrutura e Servi\u00e7os Ltda. vai trocar o telhado da C\u00e2mara por R$ 2.796.292,95, contra custo m\u00e1ximo estimado em R$ 3.968.390,60;licita\u00e7\u00e3o est\u00e1 em fase de recurso A C\u00e2mara de Ribeir\u00e3o Preto definiu a empresa vencedora d licita\u00e7\u00e3o (concorr\u00eancia eletr\u00f4nica) para a troca do telhado do Pal\u00e1cio Ant\u00f4nio Machado Sant\u2019Anna, o\u2026","rel":"","context":"In &quot;Not\u00edcias de Ribeir\u00e3o Preto-SP e Regi\u00e3o&quot;","block_context":{"text":"Not\u00edcias de Ribeir\u00e3o Preto-SP e Regi\u00e3o","link":"https:\/\/noticiasribeiraopreto.com.br\/index.php\/category\/noticias-de-ribeirao-preto-sp-e-regiao-ismael-colosi\/"},"img":{"alt_text":"","src":"https:\/\/i0.wp.com\/noticiasribeiraopreto.com.br\/wp-content\/uploads\/2026\/04\/CEmaraRP-Alfredo-Risk-Arquivo-scaled.jpg?fit=1200%2C675&ssl=1&resize=350%2C200","width":350,"height":200,"srcset":"https:\/\/i0.wp.com\/noticiasribeiraopreto.com.br\/wp-content\/uploads\/2026\/04\/CEmaraRP-Alfredo-Risk-Arquivo-scaled.jpg?fit=1200%2C675&ssl=1&resize=350%2C200 1x, https:\/\/i0.wp.com\/noticiasribeiraopreto.com.br\/wp-content\/uploads\/2026\/04\/CEmaraRP-Alfredo-Risk-Arquivo-scaled.jpg?fit=1200%2C675&ssl=1&resize=525%2C300 1.5x, https:\/\/i0.wp.com\/noticiasribeiraopreto.com.br\/wp-content\/uploads\/2026\/04\/CEmaraRP-Alfredo-Risk-Arquivo-scaled.jpg?fit=1200%2C675&ssl=1&resize=700%2C400 2x, https:\/\/i0.wp.com\/noticiasribeiraopreto.com.br\/wp-content\/uploads\/2026\/04\/CEmaraRP-Alfredo-Risk-Arquivo-scaled.jpg?fit=1200%2C675&ssl=1&resize=1050%2C600 3x"},"classes":[]}],"jetpack_sharing_enabled":true,"jetpack_shortlink":"https:\/\/wp.me\/peQAOb-lbv","_links":{"self":[{"href":"https:\/\/noticiasribeiraopreto.com.br\/index.php\/wp-json\/wp\/v2\/posts\/81437","targetHints":{"allow":["GET"]}}],"collection":[{"href":"https:\/\/noticiasribeiraopreto.com.br\/index.php\/wp-json\/wp\/v2\/posts"}],"about":[{"href":"https:\/\/noticiasribeiraopreto.com.br\/index.php\/wp-json\/wp\/v2\/types\/post"}],"author":[{"embeddable":true,"href":"https:\/\/noticiasribeiraopreto.com.br\/index.php\/wp-json\/wp\/v2\/users\/1"}],"replies":[{"embeddable":true,"href":"https:\/\/noticiasribeiraopreto.com.br\/index.php\/wp-json\/wp\/v2\/comments?post=81437"}],"version-history":[{"count":0,"href":"https:\/\/noticiasribeiraopreto.com.br\/index.php\/wp-json\/wp\/v2\/posts\/81437\/revisions"}],"wp:featuredmedia":[{"embeddable":true,"href":"https:\/\/noticiasribeiraopreto.com.br\/index.php\/wp-json\/wp\/v2\/media\/81438"}],"wp:attachment":[{"href":"https:\/\/noticiasribeiraopreto.com.br\/index.php\/wp-json\/wp\/v2\/media?parent=81437"}],"wp:term":[{"taxonomy":"category","embeddable":true,"href":"https:\/\/noticiasribeiraopreto.com.br\/index.php\/wp-json\/wp\/v2\/categories?post=81437"},{"taxonomy":"post_tag","embeddable":true,"href":"https:\/\/noticiasribeiraopreto.com.br\/index.php\/wp-json\/wp\/v2\/tags?post=81437"}],"curies":[{"name":"wp","href":"https:\/\/api.w.org\/{rel}","templated":true}]}}