{"id":81439,"date":"2026-01-06T08:01:42","date_gmt":"2026-01-06T11:01:42","guid":{"rendered":"https:\/\/noticiasribeiraopreto.com.br\/index.php\/2026\/01\/06\/e-um-caso-extraordinario-diz-medico-sobre-menino-que-caiu-do-10o-andar-de-predio-em-ribeirao\/"},"modified":"2026-01-06T08:01:42","modified_gmt":"2026-01-06T11:01:42","slug":"e-um-caso-extraordinario-diz-medico-sobre-menino-que-caiu-do-10o-andar-de-predio-em-ribeirao","status":"publish","type":"post","link":"https:\/\/noticiasribeiraopreto.com.br\/index.php\/2026\/01\/06\/e-um-caso-extraordinario-diz-medico-sobre-menino-que-caiu-do-10o-andar-de-predio-em-ribeirao\/","title":{"rendered":"\u2018\u00c9 um caso extraordin\u00e1rio\u2019, diz m\u00e9dico sobre menino que caiu do 10\u00ba andar de pr\u00e9dio em Ribeir\u00e3o"},"content":{"rendered":"<div class='code-block code-block-1' style='margin: 8px 0 8px auto; text-align: right; display: block; clear: both;'>\n<p><a href=\"https:\/\/wa.link\/vpicfd\"><img data-recalc-dims=\"1\" class=\"wp-image-4922\" style=\"aspect-ratio: 2.0253164556962027; width: 561px; height: auto;\" src=\"https:\/\/i0.wp.com\/ismaelcolosi.com.br\/wp-content\/uploads\/2023\/11\/grupo-de-empregos-whatsapp-e-facebook-ismael-colosi-vagas.jpg?ssl=1\" alt=\"\" \/><\/a><\/p>\n<!-- \/wp:image -->\n<\/div>\n<p> <br \/>\n<\/p>\n<div>\n<p>O caso do menino <strong>Brenno Fernandes Girdziauckas<\/strong>, de 4 anos, que sobreviveu \u00e0 queda do 10\u00ba andar de um pr\u00e9dio no Centro de Ribeir\u00e3o Preto, \u00e9 considerado \u201c<strong>extraordin\u00e1rio<\/strong>\u201d pelo neurologista e professor de medicina Francisco Vale.<\/p>\n<p>A crian\u00e7a deixou o <strong>Centro de Terapia Intensiva (CTI) do Hospital das Cl\u00ednicas<\/strong> e foi transferida para o quarto no domingo (4), segundo informou a fam\u00edlia. <mark style=\"background-color:#fcb900\" class=\"has-inline-color\">Internado desde dezembro de 2025, Brenno vem apresentando melhora constante e j\u00e1 se recupera sem a ajuda de aparelhos.<\/mark><\/p>\n<figure class=\"wp-block-pullquote\">\n<blockquote>\n<p>O caso do Brenno \u00e9 absolutamente extraordin\u00e1rio. Eu diria que \u00e9 inveross\u00edmil, embora seja verdadeiro. N\u00e3o d\u00e1 para acreditar, se algu\u00e9m falar. Eu sou m\u00e9dico de forma\u00e7\u00e3o cient\u00edfica, mas \u00e9 muito dif\u00edcil explicar tecnicamente como uma crian\u00e7a cai de uma altura t\u00e3o grande e n\u00e3o tem, no m\u00ednimo, les\u00f5es graves<\/p>\n<p><cite>Francisco Vale<\/cite><\/p><\/blockquote>\n<\/figure>\n<p>O m\u00e9dico afirmou ainda que, apesar de n\u00e3o ter contato com a equipe que acompanha Brenno nem com os pais da crian\u00e7a, viu fotos do menino e ficou impressionado com a <strong>recupera\u00e7\u00e3o<\/strong>.<\/p>\n<p>\u201cEu n\u00e3o tenho contato com a equipe m\u00e9dica nem com os pais, mas eu vi, pela imprensa, a foto [do menino]. O rosto est\u00e1 limpo, n\u00e3o tem nem equimoses, hematomas, nada. \u00c9 inacredit\u00e1vel\u201d, afirmou o m\u00e9dico.<\/p>\n<p>Conforme as informa\u00e7\u00f5es, a crian\u00e7a passou por <strong>cirurgias <\/strong>devido ao <strong>politraumatismo <\/strong>causado pela queda, incluindo fraturas nos dois f\u00eamures e em um dos p\u00e9s.<\/p>\n<figure class=\"wp-block-gallery has-nested-images columns-default is-cropped wp-block-gallery-1 is-layout-flex wp-block-gallery-is-layout-flex\">\n<figure class=\"wp-block-image size-large\"><img data-recalc-dims=\"1\" fetchpriority=\"high\" decoding=\"async\" width=\"1024\" height=\"576\" data-id=\"140937\" src=\"https:\/\/i0.wp.com\/cdn.media-acidadeon.com.br\/ribeiraopreto\/wp-content\/uploads\/sites\/3\/2026\/01\/domingo-21_2026-01-02_21-57-24-1024x576.webp?resize=1024%2C576&#038;ssl=1\" alt=\"Menino de 4 anos sobreviveu a queda do 10\u00ba andar - Foto: arquivo pessoal\" class=\"wp-image-140937\" title=\"\u2018\u00c9 um caso extraordin\u00e1rio\u2019, diz m\u00e9dico sobre menino que caiu do 10\u00ba andar de pr\u00e9dio em Ribeir\u00e3o 1\" srcset=\"https:\/\/cdn.media-acidadeon.com.br\/ribeiraopreto\/wp-content\/uploads\/sites\/3\/2026\/01\/domingo-21_2026-01-02_21-57-24-1024x576.webp 1024w, https:\/\/cdn.media-acidadeon.com.br\/ribeiraopreto\/wp-content\/uploads\/sites\/3\/2026\/01\/domingo-21_2026-01-02_21-57-24-300x169.webp 300w, https:\/\/cdn.media-acidadeon.com.br\/ribeiraopreto\/wp-content\/uploads\/sites\/3\/2026\/01\/domingo-21_2026-01-02_21-57-24-768x432.webp 768w, https:\/\/cdn.media-acidadeon.com.br\/ribeiraopreto\/wp-content\/uploads\/sites\/3\/2026\/01\/domingo-21_2026-01-02_21-57-24-696x392.webp 696w, https:\/\/cdn.media-acidadeon.com.br\/ribeiraopreto\/wp-content\/uploads\/sites\/3\/2026\/01\/domingo-21_2026-01-02_21-57-24-1068x601.webp 1068w, https:\/\/cdn.media-acidadeon.com.br\/ribeiraopreto\/wp-content\/uploads\/sites\/3\/2026\/01\/domingo-21_2026-01-02_21-57-24.webp 1200w\" sizes=\"(max-width: 1024px) 100vw, 1024px\"\/><figcaption class=\"wp-element-caption\">Menino de 4 anos sobreviveu a queda do 10\u00ba andar \u2013 Foto: arquivo pessoal<\/figcaption><\/figure>\n<figure class=\"wp-block-image size-large\"><img data-recalc-dims=\"1\" loading=\"lazy\" decoding=\"async\" width=\"1024\" height=\"576\" data-id=\"141181\" src=\"https:\/\/i0.wp.com\/cdn.media-acidadeon.com.br\/ribeiraopreto\/wp-content\/uploads\/sites\/3\/2026\/01\/domingo-61_2026-01-05_19-53-17-1024x576.webp?resize=1024%2C576&#038;ssl=1\" alt=\"M\u00e9dico diz que ficou impressionado com a recupera\u00e7\u00e3o de menino que caiu do 10\u00ba andar de pr\u00e9dio - Foto: reprodu\u00e7\u00e3o\/ EPTV.\" class=\"wp-image-141181\" title=\"\u2018\u00c9 um caso extraordin\u00e1rio\u2019, diz m\u00e9dico sobre menino que caiu do 10\u00ba andar de pr\u00e9dio em Ribeir\u00e3o 2\" srcset=\"https:\/\/cdn.media-acidadeon.com.br\/ribeiraopreto\/wp-content\/uploads\/sites\/3\/2026\/01\/domingo-61_2026-01-05_19-53-17-1024x576.webp 1024w, https:\/\/cdn.media-acidadeon.com.br\/ribeiraopreto\/wp-content\/uploads\/sites\/3\/2026\/01\/domingo-61_2026-01-05_19-53-17-300x169.webp 300w, https:\/\/cdn.media-acidadeon.com.br\/ribeiraopreto\/wp-content\/uploads\/sites\/3\/2026\/01\/domingo-61_2026-01-05_19-53-17-768x432.webp 768w, https:\/\/cdn.media-acidadeon.com.br\/ribeiraopreto\/wp-content\/uploads\/sites\/3\/2026\/01\/domingo-61_2026-01-05_19-53-17-696x392.webp 696w, https:\/\/cdn.media-acidadeon.com.br\/ribeiraopreto\/wp-content\/uploads\/sites\/3\/2026\/01\/domingo-61_2026-01-05_19-53-17-1068x601.webp 1068w, https:\/\/cdn.media-acidadeon.com.br\/ribeiraopreto\/wp-content\/uploads\/sites\/3\/2026\/01\/domingo-61_2026-01-05_19-53-17.webp 1200w\" sizes=\"auto, (max-width: 1024px) 100vw, 1024px\"\/><figcaption class=\"wp-element-caption\">M\u00e9dico diz que ficou impressionado com a recupera\u00e7\u00e3o de menino que caiu do 10\u00ba andar de pr\u00e9dio \u2013 Foto: reprodu\u00e7\u00e3o\/ EPTV.<\/figcaption><\/figure>\n<\/figure>\n<h2 class=\"wp-block-heading\"><strong>Como\u00e7\u00e3o e boa evolu\u00e7\u00e3o cl\u00ednica<\/strong><\/h2>\n<p>O caso de <strong>Brenno <\/strong>gerou como\u00e7\u00e3o em <strong>Ribeir\u00e3o Preto<\/strong>. A recupera\u00e7\u00e3o do menino tem mobilizado moradores da cidade, que acompanham o caso com aten\u00e7\u00e3o e mensagens de apoio nas redes sociais e diversas ora\u00e7\u00f5es.<\/p>\n<p>Na \u00faltima semana, o <strong>padre capel\u00e3o Josirlei Aparecido da Silva<\/strong> esteve no Hospital das Cl\u00ednicas, onde conduziu um momento de ora\u00e7\u00e3o coletiva. Em seguida, foi at\u00e9 o leito de Brenno e <strong>fez uma prece pela recupera\u00e7\u00e3o da crian\u00e7a<\/strong>.<\/p>\n<figure class=\"wp-block-pullquote\">\n<blockquote>\n<p>Eu fiz uma ora\u00e7\u00e3o para todas as crian\u00e7as junto com ao pais e depois eu me direcione par ao leito que ele estava e pedi para que Deus pudesse continuar fazendo sua obra, porque a gente via realmente que ele estava melhorando aos poucos<\/p>\n<p><cite>Josirlei Aparecido da Silva<\/cite><\/p><\/blockquote>\n<\/figure>\n<p>Al\u00e9m de ter participado deste momento, <strong>Josirlei <\/strong>tamb\u00e9m participou das ora\u00e7\u00f5es realizadas para <strong>Pedro Severino<\/strong>, jogador de futebol que sofreu um grave acidente na rodovia Anhanguera em mar\u00e7o de 2025, e ficou quase 100 dias internados.<\/p>\n<div class=\"wp-block-image\">\n<figure class=\"aligncenter size-large is-resized\"><img data-recalc-dims=\"1\" loading=\"lazy\" decoding=\"async\" width=\"1024\" height=\"576\" src=\"https:\/\/i0.wp.com\/cdn.media-acidadeon.com.br\/ribeiraopreto\/wp-content\/uploads\/sites\/3\/2026\/01\/domingo-58_2026-01-05_19-40-23-1024x576.webp?resize=1024%2C576&#038;ssl=1\" alt=\"Padre capel\u00e3o Josirlei Aparecido da Silva - Foto: reprodu\u00e7\u00e3o\/ EPTV.\" class=\"wp-image-141171\" style=\"width:654px\" title=\"\u2018\u00c9 um caso extraordin\u00e1rio\u2019, diz m\u00e9dico sobre menino que caiu do 10\u00ba andar de pr\u00e9dio em Ribeir\u00e3o 3\" srcset=\"https:\/\/cdn.media-acidadeon.com.br\/ribeiraopreto\/wp-content\/uploads\/sites\/3\/2026\/01\/domingo-58_2026-01-05_19-40-23-1024x576.webp 1024w, https:\/\/cdn.media-acidadeon.com.br\/ribeiraopreto\/wp-content\/uploads\/sites\/3\/2026\/01\/domingo-58_2026-01-05_19-40-23-300x169.webp 300w, https:\/\/cdn.media-acidadeon.com.br\/ribeiraopreto\/wp-content\/uploads\/sites\/3\/2026\/01\/domingo-58_2026-01-05_19-40-23-768x432.webp 768w, https:\/\/cdn.media-acidadeon.com.br\/ribeiraopreto\/wp-content\/uploads\/sites\/3\/2026\/01\/domingo-58_2026-01-05_19-40-23-696x392.webp 696w, https:\/\/cdn.media-acidadeon.com.br\/ribeiraopreto\/wp-content\/uploads\/sites\/3\/2026\/01\/domingo-58_2026-01-05_19-40-23-1068x601.webp 1068w, https:\/\/cdn.media-acidadeon.com.br\/ribeiraopreto\/wp-content\/uploads\/sites\/3\/2026\/01\/domingo-58_2026-01-05_19-40-23.webp 1200w\" sizes=\"auto, (max-width: 1024px) 100vw, 1024px\"\/><figcaption class=\"wp-element-caption\">Padre capel\u00e3o Josirlei Aparecido da Silva \u2013 Foto: reprodu\u00e7\u00e3o\/ EPTV.<\/figcaption><\/figure>\n<\/div>\n<h3 class=\"wp-block-heading\"><strong>Queda de pr\u00e9dio em Ribeir\u00e3o<\/strong><\/h3>\n<p>O\u00a0<strong>acidente ocorreu no dia 27 de dezembro<\/strong>, por volta das 15h30, quando Brenno,\u00a0<strong>autista n\u00e3o verbal<\/strong>, teve acesso \u00e0 janela do banheiro do apartamento. Segundo relatos da m\u00e3e, que \u00e9 psic\u00f3loga, ela e o marido estavam pr\u00f3ximos ao quarto quando ouviram um barulho e perceberam que o menino havia desaparecido do c\u00f4modo.<\/p>\n<p>A m\u00e3e correu at\u00e9 o t\u00e9rreo e encontrou a crian\u00e7a consciente,\u00a0<strong>mas com graves les\u00f5es nas pernas<\/strong>. A irm\u00e3 acionou o Servi\u00e7o de Atendimento M\u00f3vel de Urg\u00eancia (Samu), que realizou os primeiros socorros e encaminhou Brenno \u00e0 Unidade de Emerg\u00eancia do Hospital das Cl\u00ednicas, localizada pr\u00f3xima ao pr\u00e9dio.<\/p>\n<p>De acordo com a pol\u00edcia, Brenno pode ter tido a queda\u00a0<strong>amortecida por uma janela de vidro no 8\u00ba andar e por um corrim\u00e3o<\/strong>\u00a0antes de atingir o solo.<\/p>\n<p><em>*Com informa\u00e7\u00f5es da EPTV<\/em><\/p>\n<figure class=\"wp-block-gallery has-nested-images columns-default is-cropped wp-block-gallery-2 is-layout-flex wp-block-gallery-is-layout-flex\">\n<figure class=\"wp-block-image size-large\"><img data-recalc-dims=\"1\" loading=\"lazy\" decoding=\"async\" width=\"1024\" height=\"576\" data-id=\"141179\" src=\"https:\/\/i0.wp.com\/cdn.media-acidadeon.com.br\/ribeiraopreto\/wp-content\/uploads\/sites\/3\/2026\/01\/domingo-59_2026-01-05_19-51-53-1024x576.webp?resize=1024%2C576&#038;ssl=1\" alt=\"Menino de 4 anos caiu do d\u00e9cimo andar em Ribeir\u00e3o Preto - Foto: Murilo Badessa \/ EPTV\" class=\"wp-image-141179\" title=\"\u2018\u00c9 um caso extraordin\u00e1rio\u2019, diz m\u00e9dico sobre menino que caiu do 10\u00ba andar de pr\u00e9dio em Ribeir\u00e3o 4\" srcset=\"https:\/\/cdn.media-acidadeon.com.br\/ribeiraopreto\/wp-content\/uploads\/sites\/3\/2026\/01\/domingo-59_2026-01-05_19-51-53-1024x576.webp 1024w, https:\/\/cdn.media-acidadeon.com.br\/ribeiraopreto\/wp-content\/uploads\/sites\/3\/2026\/01\/domingo-59_2026-01-05_19-51-53-300x169.webp 300w, https:\/\/cdn.media-acidadeon.com.br\/ribeiraopreto\/wp-content\/uploads\/sites\/3\/2026\/01\/domingo-59_2026-01-05_19-51-53-768x432.webp 768w, https:\/\/cdn.media-acidadeon.com.br\/ribeiraopreto\/wp-content\/uploads\/sites\/3\/2026\/01\/domingo-59_2026-01-05_19-51-53-696x392.webp 696w, https:\/\/cdn.media-acidadeon.com.br\/ribeiraopreto\/wp-content\/uploads\/sites\/3\/2026\/01\/domingo-59_2026-01-05_19-51-53-1068x601.webp 1068w, https:\/\/cdn.media-acidadeon.com.br\/ribeiraopreto\/wp-content\/uploads\/sites\/3\/2026\/01\/domingo-59_2026-01-05_19-51-53.webp 1200w\" sizes=\"auto, (max-width: 1024px) 100vw, 1024px\"\/><figcaption class=\"wp-element-caption\">Menino de 4 anos caiu do d\u00e9cimo andar em Ribeir\u00e3o Preto \u2013 Foto: Reprodu\u00e7\u00e3o\/ EPTV<\/figcaption><\/figure>\n<figure class=\"wp-block-image size-large\"><img data-recalc-dims=\"1\" loading=\"lazy\" decoding=\"async\" width=\"1024\" height=\"576\" data-id=\"141180\" src=\"https:\/\/i0.wp.com\/cdn.media-acidadeon.com.br\/ribeiraopreto\/wp-content\/uploads\/sites\/3\/2026\/01\/domingo-60_2026-01-05_19-51-55-1024x576.webp?resize=1024%2C576&#038;ssl=1\" alt=\"Menino de 4 anos caiu do d\u00e9cimo andar em Ribeir\u00e3o Preto - Foto: Murilo Badessa \/ EPTV\" class=\"wp-image-141180\" title=\"\u2018\u00c9 um caso extraordin\u00e1rio\u2019, diz m\u00e9dico sobre menino que caiu do 10\u00ba andar de pr\u00e9dio em Ribeir\u00e3o 5\" srcset=\"https:\/\/cdn.media-acidadeon.com.br\/ribeiraopreto\/wp-content\/uploads\/sites\/3\/2026\/01\/domingo-60_2026-01-05_19-51-55-1024x576.webp 1024w, https:\/\/cdn.media-acidadeon.com.br\/ribeiraopreto\/wp-content\/uploads\/sites\/3\/2026\/01\/domingo-60_2026-01-05_19-51-55-300x169.webp 300w, https:\/\/cdn.media-acidadeon.com.br\/ribeiraopreto\/wp-content\/uploads\/sites\/3\/2026\/01\/domingo-60_2026-01-05_19-51-55-768x432.webp 768w, https:\/\/cdn.media-acidadeon.com.br\/ribeiraopreto\/wp-content\/uploads\/sites\/3\/2026\/01\/domingo-60_2026-01-05_19-51-55-696x392.webp 696w, https:\/\/cdn.media-acidadeon.com.br\/ribeiraopreto\/wp-content\/uploads\/sites\/3\/2026\/01\/domingo-60_2026-01-05_19-51-55-1068x601.webp 1068w, https:\/\/cdn.media-acidadeon.com.br\/ribeiraopreto\/wp-content\/uploads\/sites\/3\/2026\/01\/domingo-60_2026-01-05_19-51-55.webp 1200w\" sizes=\"auto, (max-width: 1024px) 100vw, 1024px\"\/><figcaption class=\"wp-element-caption\">Menino de 4 anos caiu do d\u00e9cimo andar em Ribeir\u00e3o Preto \u2013 Foto: Reprodu\u00e7\u00e3o\/ EPTV<\/figcaption><\/figure>\n<figure class=\"wp-block-image size-large\"><img data-recalc-dims=\"1\" loading=\"lazy\" decoding=\"async\" width=\"1024\" height=\"576\" data-id=\"140421\" src=\"https:\/\/i0.wp.com\/cdn.media-acidadeon.com.br\/ribeiraopreto\/wp-content\/uploads\/sites\/3\/2025\/12\/domingo-53_2025-12-27_21-48-16-1024x576.webp?resize=1024%2C576&#038;ssl=1\" alt=\"Menino de 4 anos caiu do d\u00e9cimo andar em Ribeir\u00e3o Preto - Foto: Murilo Badessa \/ EPTV\" class=\"wp-image-140421\" title=\"\u2018\u00c9 um caso extraordin\u00e1rio\u2019, diz m\u00e9dico sobre menino que caiu do 10\u00ba andar de pr\u00e9dio em Ribeir\u00e3o 6\" srcset=\"https:\/\/cdn.media-acidadeon.com.br\/ribeiraopreto\/wp-content\/uploads\/sites\/3\/2025\/12\/domingo-53_2025-12-27_21-48-16-1024x576.webp 1024w, https:\/\/cdn.media-acidadeon.com.br\/ribeiraopreto\/wp-content\/uploads\/sites\/3\/2025\/12\/domingo-53_2025-12-27_21-48-16-300x169.webp 300w, https:\/\/cdn.media-acidadeon.com.br\/ribeiraopreto\/wp-content\/uploads\/sites\/3\/2025\/12\/domingo-53_2025-12-27_21-48-16-768x432.webp 768w, https:\/\/cdn.media-acidadeon.com.br\/ribeiraopreto\/wp-content\/uploads\/sites\/3\/2025\/12\/domingo-53_2025-12-27_21-48-16-696x392.webp 696w, https:\/\/cdn.media-acidadeon.com.br\/ribeiraopreto\/wp-content\/uploads\/sites\/3\/2025\/12\/domingo-53_2025-12-27_21-48-16-1068x601.webp 1068w, https:\/\/cdn.media-acidadeon.com.br\/ribeiraopreto\/wp-content\/uploads\/sites\/3\/2025\/12\/domingo-53_2025-12-27_21-48-16.webp 1200w\" sizes=\"auto, (max-width: 1024px) 100vw, 1024px\"\/><figcaption class=\"wp-element-caption\">Menino de 4 anos caiu do d\u00e9cimo andar em Ribeir\u00e3o Preto \u2013 Foto: Reprodu\u00e7\u00e3o\/ EPTV<\/figcaption><\/figure>\n<\/figure>\n<hr class=\"wp-block-separator has-alpha-channel-opacity\"\/>\n<p>SAIBA MAIS<\/p>\n<p>Botafogo anuncia zagueiro com passagens pelo Monaco e pela Lazio<\/p>\n<h4 class=\"wp-block-heading\"><strong>FIQUE ON<\/strong><\/h4>\n<p>Fique ligado em tudo que acontece em Ribeir\u00e3o Preto e regi\u00e3o. Siga os perfis do\u00a0<strong>acidade on<\/strong>\u00a0no\u00a0<a href=\"https:\/\/www.instagram.com\/acidadeonribeirao\" target=\"_blank\" rel=\"noreferrer noopener\">Instagram<\/a>\u00a0e no<a href=\"https:\/\/www.facebook.com\/acidadeonribeirao\/\" target=\"_blank\" rel=\"noreferrer noopener\">\u00a0Facebook<\/a>.<\/p>\n<p>Receba not\u00edcias do\u00a0<strong>acidade on<\/strong>\u00a0no WhatsApp. Para entrar no grupo,\u00a0basta\u00a0<a href=\"https:\/\/chat.whatsapp.com\/GFH9HUMUTHNFJdnyEd0xxq\" target=\"_blank\" rel=\"noreferrer noopener\">clicar aqui<\/a>. Ou, acesse o nosso\u00a0Canal\u00a0<a href=\"https:\/\/whatsapp.com\/channel\/0029Vb6IQl1JENyAeS57fk2p\" target=\"_blank\" rel=\"noreferrer noopener\">clicando aqui<\/a>.<\/p>\n<p>Fa\u00e7a uma den\u00fancia ou sugira uma reportagem sobre Ribeir\u00e3o Preto e regi\u00e3o pelo WhatsApp: 16 99117 7802.<\/p>\n<p>VEJA TAMB\u00c9M<br \/>Qual o novo valor de contribui\u00e7\u00e3o mensal do MEI?<\/p>\n<p><!-- AI CONTENT END 1 -->\n<\/div>\n<p><script async src=\"\/\/www.instagram.com\/embed.js\"><\/script><br \/>\n<br \/><br \/>\n<br \/><a href=\"https:\/\/www.acidadeon.com\/ribeiraopreto\/cotidiano\/e-um-caso-extraordinario-diz-medico-sobre-menino-que-caiu-do-10o-andar-de-predio-em-ribeirao\/\">Source link <\/a><\/p>\n<!-- CONTENT END 1 -->\n","protected":false},"excerpt":{"rendered":"<p>O caso do menino Brenno Fernandes Girdziauckas, de 4 anos, que sobreviveu \u00e0 queda do 10\u00ba andar de um pr\u00e9dio no Centro de Ribeir\u00e3o Preto,&#8230;<\/p>\n","protected":false},"author":1,"featured_media":81440,"comment_status":"open","ping_status":"open","sticky":false,"template":"","format":"standard","meta":{"advanced_seo_description":"","jetpack_seo_html_title":"","jetpack_seo_noindex":false,"jetpack_post_was_ever_published":false,"_jetpack_newsletter_access":"","_jetpack_dont_email_post_to_subs":false,"_jetpack_newsletter_tier_id":0,"_jetpack_memberships_contains_paywalled_content":false,"_jetpack_memberships_contains_paid_content":false,"footnotes":"","jetpack_publicize_message":"","jetpack_publicize_feature_enabled":true,"jetpack_social_post_already_shared":true,"jetpack_social_options":{"image_generator_settings":{"template":"highway","default_image_id":0,"font":"","enabled":false},"version":2}},"categories":[11],"tags":[],"class_list":["post-81439","post","type-post","status-publish","format-standard","has-post-thumbnail","hentry","category-noticias-de-ribeirao-preto-sp-e-regiao-ismael-colosi"],"jetpack_publicize_connections":[],"jetpack_featured_media_url":"https:\/\/i0.wp.com\/noticiasribeiraopreto.com.br\/wp-content\/uploads\/2026\/01\/domingo-57_2026-01-05_19-38-42.webp.webp?fit=1200%2C675&ssl=1","jetpack-related-posts":[{"id":84365,"url":"https:\/\/noticiasribeiraopreto.com.br\/index.php\/2026\/04\/08\/menino-brenno-que-caiu-do-10o-andar-comecou-a-caminhar-video\/","url_meta":{"origin":81439,"position":0},"title":"Menino Brenno, que caiu do 10\u00ba andar, come\u00e7ou a caminhar; V\u00eddeo","author":"noticiasribeiraopreto.com.br","date":"8 de April de 2026","format":false,"excerpt":"Ler o resumo da not\u00edcia Menino de 4 anos que sobreviveu \u00e0 queda do 10\u00ba andar em Ribeir\u00e3o Preto voltou a caminhar. O acidente ocorreu em condom\u00ednio no Centro da cidade, no dia 27 de dezembro de 2025. Brenno faz fisioterapia no Hospital das Cl\u00ednicas de Ribeir\u00e3o Preto e recebeu\u2026","rel":"","context":"In &quot;Not\u00edcias de Ribeir\u00e3o Preto-SP e Regi\u00e3o&quot;","block_context":{"text":"Not\u00edcias de Ribeir\u00e3o Preto-SP e Regi\u00e3o","link":"https:\/\/noticiasribeiraopreto.com.br\/index.php\/category\/noticias-de-ribeirao-preto-sp-e-regiao-ismael-colosi\/"},"img":{"alt_text":"","src":"https:\/\/i0.wp.com\/noticiasribeiraopreto.com.br\/wp-content\/uploads\/2026\/04\/BRENNO-2_2026-04-08_15-41-27.webp.webp?fit=1200%2C674&ssl=1&resize=350%2C200","width":350,"height":200,"srcset":"https:\/\/i0.wp.com\/noticiasribeiraopreto.com.br\/wp-content\/uploads\/2026\/04\/BRENNO-2_2026-04-08_15-41-27.webp.webp?fit=1200%2C674&ssl=1&resize=350%2C200 1x, https:\/\/i0.wp.com\/noticiasribeiraopreto.com.br\/wp-content\/uploads\/2026\/04\/BRENNO-2_2026-04-08_15-41-27.webp.webp?fit=1200%2C674&ssl=1&resize=525%2C300 1.5x, https:\/\/i0.wp.com\/noticiasribeiraopreto.com.br\/wp-content\/uploads\/2026\/04\/BRENNO-2_2026-04-08_15-41-27.webp.webp?fit=1200%2C674&ssl=1&resize=700%2C400 2x, https:\/\/i0.wp.com\/noticiasribeiraopreto.com.br\/wp-content\/uploads\/2026\/04\/BRENNO-2_2026-04-08_15-41-27.webp.webp?fit=1200%2C674&ssl=1&resize=1050%2C600 3x"},"classes":[]},{"id":81415,"url":"https:\/\/noticiasribeiraopreto.com.br\/index.php\/2026\/01\/05\/menino-brenno-que-caiu-do-10o-andar-ja-esta-no-quarto-no-hc\/","url_meta":{"origin":81439,"position":1},"title":"Menino Brenno, que caiu do 10\u00ba andar, j\u00e1 est\u00e1 no quarto no HC","author":"noticiasribeiraopreto.com.br","date":"5 de January de 2026","format":false,"excerpt":"\r \r \r 5 de janeiro de 2026 08:30 \r Compartilhar0 A evolu\u00e7\u00e3o do quadro cl\u00ednico do menino Brenno Fernandes, de 4 anos, vem surpreendendo os m\u00e9dicos do Hospital das Cl\u00ednicas de Ribeir\u00e3o Preto. Ele sobreviveu \u00e0 queda de 10o andar de um pr\u00e9dio no Centro de Ribeir\u00e3o Preto e\u2026","rel":"","context":"In &quot;Not\u00edcias de Ribeir\u00e3o Preto-SP e Regi\u00e3o&quot;","block_context":{"text":"Not\u00edcias de Ribeir\u00e3o Preto-SP e Regi\u00e3o","link":"https:\/\/noticiasribeiraopreto.com.br\/index.php\/category\/noticias-de-ribeirao-preto-sp-e-regiao-ismael-colosi\/"},"img":{"alt_text":"","src":"https:\/\/i0.wp.com\/noticiasribeiraopreto.com.br\/wp-content\/uploads\/2025\/12\/crianca-.webp.webp?fit=1170%2C700&ssl=1&resize=350%2C200","width":350,"height":200,"srcset":"https:\/\/i0.wp.com\/noticiasribeiraopreto.com.br\/wp-content\/uploads\/2025\/12\/crianca-.webp.webp?fit=1170%2C700&ssl=1&resize=350%2C200 1x, https:\/\/i0.wp.com\/noticiasribeiraopreto.com.br\/wp-content\/uploads\/2025\/12\/crianca-.webp.webp?fit=1170%2C700&ssl=1&resize=525%2C300 1.5x, https:\/\/i0.wp.com\/noticiasribeiraopreto.com.br\/wp-content\/uploads\/2025\/12\/crianca-.webp.webp?fit=1170%2C700&ssl=1&resize=700%2C400 2x, https:\/\/i0.wp.com\/noticiasribeiraopreto.com.br\/wp-content\/uploads\/2025\/12\/crianca-.webp.webp?fit=1170%2C700&ssl=1&resize=1050%2C600 3x"},"classes":[]},{"id":81401,"url":"https:\/\/noticiasribeiraopreto.com.br\/index.php\/2026\/01\/05\/menino-que-caiu-do-10o-andar-em-ribeirao-preto-deixa-cti-e-segue-para-quarto-diz-familia\/","url_meta":{"origin":81439,"position":2},"title":"Menino que caiu do 10\u00ba andar em Ribeir\u00e3o Preto deixa CTI e segue para quarto, diz fam\u00edlia","author":"noticiasribeiraopreto.com.br","date":"5 de January de 2026","format":false,"excerpt":"O menino Brenno Fernandes Girdziauckas, de 4 anos, que sobreviveu \u00e0 queda do 10\u00ba andar de um pr\u00e9dio no Centro de Ribeir\u00e3o Preto, deixou o Centro de Terapia Intensiva (CTI) do Hospital das Cl\u00ednicas e foi transferido para o quarto, conforme informou a fam\u00edlia nas redes sociais neste domingo (4).\u2026","rel":"","context":"In &quot;Not\u00edcias de Ribeir\u00e3o Preto-SP e Regi\u00e3o&quot;","block_context":{"text":"Not\u00edcias de Ribeir\u00e3o Preto-SP e Regi\u00e3o","link":"https:\/\/noticiasribeiraopreto.com.br\/index.php\/category\/noticias-de-ribeirao-preto-sp-e-regiao-ismael-colosi\/"},"img":{"alt_text":"","src":"https:\/\/i0.wp.com\/noticiasribeiraopreto.com.br\/wp-content\/uploads\/2026\/01\/domingo-21_2026-01-02_21-57-24.webp.webp?fit=1200%2C675&ssl=1&resize=350%2C200","width":350,"height":200,"srcset":"https:\/\/i0.wp.com\/noticiasribeiraopreto.com.br\/wp-content\/uploads\/2026\/01\/domingo-21_2026-01-02_21-57-24.webp.webp?fit=1200%2C675&ssl=1&resize=350%2C200 1x, https:\/\/i0.wp.com\/noticiasribeiraopreto.com.br\/wp-content\/uploads\/2026\/01\/domingo-21_2026-01-02_21-57-24.webp.webp?fit=1200%2C675&ssl=1&resize=525%2C300 1.5x, https:\/\/i0.wp.com\/noticiasribeiraopreto.com.br\/wp-content\/uploads\/2026\/01\/domingo-21_2026-01-02_21-57-24.webp.webp?fit=1200%2C675&ssl=1&resize=700%2C400 2x, https:\/\/i0.wp.com\/noticiasribeiraopreto.com.br\/wp-content\/uploads\/2026\/01\/domingo-21_2026-01-02_21-57-24.webp.webp?fit=1200%2C675&ssl=1&resize=1050%2C600 3x"},"classes":[]},{"id":81827,"url":"https:\/\/noticiasribeiraopreto.com.br\/index.php\/2026\/01\/27\/menino-que-caiu-do-10o-andar-em-ribeirao-preto-aparece-tocando-violao-em-video-da-familia\/","url_meta":{"origin":81439,"position":3},"title":"Menino que caiu do 10\u00ba andar em Ribeir\u00e3o Preto aparece tocando viol\u00e3o em v\u00eddeo da fam\u00edlia","author":"noticiasribeiraopreto.com.br","date":"27 de January de 2026","format":false,"excerpt":"Uma semana ap\u00f3s receber alta hospitalar, o menino Brenno Fernandes Girdziauckas, de 4 anos, apareceu sorrindo e tocando um viol\u00e3o de brinquedo em um v\u00eddeo publicado nas redes sociais pela fam\u00edlia. A crian\u00e7a caiu do 10\u00ba andar do pr\u00e9dio onde mora, no Centro de Ribeir\u00e3o Preto, no fim de dezembro\u2026","rel":"","context":"In &quot;Not\u00edcias de Ribeir\u00e3o Preto-SP e Regi\u00e3o&quot;","block_context":{"text":"Not\u00edcias de Ribeir\u00e3o Preto-SP e Regi\u00e3o","link":"https:\/\/noticiasribeiraopreto.com.br\/index.php\/category\/noticias-de-ribeirao-preto-sp-e-regiao-ismael-colosi\/"},"img":{"alt_text":"","src":"https:\/\/i0.wp.com\/noticiasribeiraopreto.com.br\/wp-content\/uploads\/2026\/01\/domingo-77_2026-01-26_19-36-56.webp.webp?fit=1200%2C675&ssl=1&resize=350%2C200","width":350,"height":200,"srcset":"https:\/\/i0.wp.com\/noticiasribeiraopreto.com.br\/wp-content\/uploads\/2026\/01\/domingo-77_2026-01-26_19-36-56.webp.webp?fit=1200%2C675&ssl=1&resize=350%2C200 1x, https:\/\/i0.wp.com\/noticiasribeiraopreto.com.br\/wp-content\/uploads\/2026\/01\/domingo-77_2026-01-26_19-36-56.webp.webp?fit=1200%2C675&ssl=1&resize=525%2C300 1.5x, https:\/\/i0.wp.com\/noticiasribeiraopreto.com.br\/wp-content\/uploads\/2026\/01\/domingo-77_2026-01-26_19-36-56.webp.webp?fit=1200%2C675&ssl=1&resize=700%2C400 2x, https:\/\/i0.wp.com\/noticiasribeiraopreto.com.br\/wp-content\/uploads\/2026\/01\/domingo-77_2026-01-26_19-36-56.webp.webp?fit=1200%2C675&ssl=1&resize=1050%2C600 3x"},"classes":[]},{"id":83163,"url":"https:\/\/noticiasribeiraopreto.com.br\/index.php\/2026\/03\/11\/menino-que-sobreviveu-a-queda-do-10o-andar-da-primeiros-passos-apos-retirar-gesso\/","url_meta":{"origin":81439,"position":4},"title":"Menino que sobreviveu \u00e0 queda do 10\u00ba andar d\u00e1 primeiros passos ap\u00f3s retirar gesso","author":"noticiasribeiraopreto.com.br","date":"11 de March de 2026","format":false,"excerpt":"O menino Brenno Fernandes Girdziauckas, de 4 anos, que sobreviveu \u00e0 queda do 10\u00ba andar de um pr\u00e9dio em Ribeir\u00e3o Preto, no fim de 2025, deu os primeiros passos ap\u00f3s iniciar sess\u00f5es de fisioterapia no Hospital das Cl\u00ednicas. A recupera\u00e7\u00e3o acontece de forma gradual desde a alta hospitalar. De acordo\u2026","rel":"","context":"In &quot;Not\u00edcias de Ribeir\u00e3o Preto-SP e Regi\u00e3o&quot;","block_context":{"text":"Not\u00edcias de Ribeir\u00e3o Preto-SP e Regi\u00e3o","link":"https:\/\/noticiasribeiraopreto.com.br\/index.php\/category\/noticias-de-ribeirao-preto-sp-e-regiao-ismael-colosi\/"},"img":{"alt_text":"","src":"https:\/\/i0.wp.com\/noticiasribeiraopreto.com.br\/wp-content\/uploads\/2026\/03\/image_2026-03-10_23-42-48.webp.webp?fit=984%2C616&ssl=1&resize=350%2C200","width":350,"height":200,"srcset":"https:\/\/i0.wp.com\/noticiasribeiraopreto.com.br\/wp-content\/uploads\/2026\/03\/image_2026-03-10_23-42-48.webp.webp?fit=984%2C616&ssl=1&resize=350%2C200 1x, https:\/\/i0.wp.com\/noticiasribeiraopreto.com.br\/wp-content\/uploads\/2026\/03\/image_2026-03-10_23-42-48.webp.webp?fit=984%2C616&ssl=1&resize=525%2C300 1.5x, https:\/\/i0.wp.com\/noticiasribeiraopreto.com.br\/wp-content\/uploads\/2026\/03\/image_2026-03-10_23-42-48.webp.webp?fit=984%2C616&ssl=1&resize=700%2C400 2x"},"classes":[]},{"id":82052,"url":"https:\/\/noticiasribeiraopreto.com.br\/index.php\/2026\/02\/02\/menino-que-sobreviveu-a-queda-do-10o-andar-visita-elenco-do-botafogo\/","url_meta":{"origin":81439,"position":5},"title":"Menino que sobreviveu a queda do 10\u00ba andar visita elenco do Botafogo","author":"noticiasribeiraopreto.com.br","date":"2 de February de 2026","format":false,"excerpt":"O menino Brenno Fernandes Girdziauckas, de 4 anos, que sobreviveu a uma queda do 10\u00ba andar de um pr\u00e9dio no Centro de Ribeir\u00e3o Preto, visitou o elenco do Botafogo na manh\u00e3 deste s\u00e1bado (31), \u00e0s v\u00e9speras do confronto contra o Palmeiras, marcado para este domingo (1\u00ba), \u00e0s 20h30, no est\u00e1dio\u2026","rel":"","context":"In &quot;Not\u00edcias de Ribeir\u00e3o Preto-SP e Regi\u00e3o&quot;","block_context":{"text":"Not\u00edcias de Ribeir\u00e3o Preto-SP e Regi\u00e3o","link":"https:\/\/noticiasribeiraopreto.com.br\/index.php\/category\/noticias-de-ribeirao-preto-sp-e-regiao-ismael-colosi\/"},"img":{"alt_text":"","src":"https:\/\/i0.wp.com\/noticiasribeiraopreto.com.br\/wp-content\/uploads\/2026\/02\/domingo-97_2026-02-01_13-56-59.webp.webp?fit=1200%2C675&ssl=1&resize=350%2C200","width":350,"height":200,"srcset":"https:\/\/i0.wp.com\/noticiasribeiraopreto.com.br\/wp-content\/uploads\/2026\/02\/domingo-97_2026-02-01_13-56-59.webp.webp?fit=1200%2C675&ssl=1&resize=350%2C200 1x, https:\/\/i0.wp.com\/noticiasribeiraopreto.com.br\/wp-content\/uploads\/2026\/02\/domingo-97_2026-02-01_13-56-59.webp.webp?fit=1200%2C675&ssl=1&resize=525%2C300 1.5x, https:\/\/i0.wp.com\/noticiasribeiraopreto.com.br\/wp-content\/uploads\/2026\/02\/domingo-97_2026-02-01_13-56-59.webp.webp?fit=1200%2C675&ssl=1&resize=700%2C400 2x, https:\/\/i0.wp.com\/noticiasribeiraopreto.com.br\/wp-content\/uploads\/2026\/02\/domingo-97_2026-02-01_13-56-59.webp.webp?fit=1200%2C675&ssl=1&resize=1050%2C600 3x"},"classes":[]}],"jetpack_sharing_enabled":true,"jetpack_shortlink":"https:\/\/wp.me\/peQAOb-lbx","_links":{"self":[{"href":"https:\/\/noticiasribeiraopreto.com.br\/index.php\/wp-json\/wp\/v2\/posts\/81439","targetHints":{"allow":["GET"]}}],"collection":[{"href":"https:\/\/noticiasribeiraopreto.com.br\/index.php\/wp-json\/wp\/v2\/posts"}],"about":[{"href":"https:\/\/noticiasribeiraopreto.com.br\/index.php\/wp-json\/wp\/v2\/types\/post"}],"author":[{"embeddable":true,"href":"https:\/\/noticiasribeiraopreto.com.br\/index.php\/wp-json\/wp\/v2\/users\/1"}],"replies":[{"embeddable":true,"href":"https:\/\/noticiasribeiraopreto.com.br\/index.php\/wp-json\/wp\/v2\/comments?post=81439"}],"version-history":[{"count":0,"href":"https:\/\/noticiasribeiraopreto.com.br\/index.php\/wp-json\/wp\/v2\/posts\/81439\/revisions"}],"wp:featuredmedia":[{"embeddable":true,"href":"https:\/\/noticiasribeiraopreto.com.br\/index.php\/wp-json\/wp\/v2\/media\/81440"}],"wp:attachment":[{"href":"https:\/\/noticiasribeiraopreto.com.br\/index.php\/wp-json\/wp\/v2\/media?parent=81439"}],"wp:term":[{"taxonomy":"category","embeddable":true,"href":"https:\/\/noticiasribeiraopreto.com.br\/index.php\/wp-json\/wp\/v2\/categories?post=81439"},{"taxonomy":"post_tag","embeddable":true,"href":"https:\/\/noticiasribeiraopreto.com.br\/index.php\/wp-json\/wp\/v2\/tags?post=81439"}],"curies":[{"name":"wp","href":"https:\/\/api.w.org\/{rel}","templated":true}]}}