{"id":81441,"date":"2026-01-06T08:14:06","date_gmt":"2026-01-06T11:14:06","guid":{"rendered":"https:\/\/noticiasribeiraopreto.com.br\/index.php\/2026\/01\/06\/visita-guiada-gratuita-apresenta-historia-da-vila-tiberio-aos-moradores-de-ribeirao-preto\/"},"modified":"2026-01-06T08:14:06","modified_gmt":"2026-01-06T11:14:06","slug":"visita-guiada-gratuita-apresenta-historia-da-vila-tiberio-aos-moradores-de-ribeirao-preto","status":"publish","type":"post","link":"https:\/\/noticiasribeiraopreto.com.br\/index.php\/2026\/01\/06\/visita-guiada-gratuita-apresenta-historia-da-vila-tiberio-aos-moradores-de-ribeirao-preto\/","title":{"rendered":"Visita guiada gratuita apresenta hist\u00f3ria da Vila Tib\u00e9rio aos moradores de Ribeir\u00e3o Preto"},"content":{"rendered":"<div class='code-block code-block-1' style='margin: 8px 0 8px auto; text-align: right; display: block; clear: both;'>\n<p><a href=\"https:\/\/wa.link\/vpicfd\"><img data-recalc-dims=\"1\" class=\"wp-image-4922\" style=\"aspect-ratio: 2.0253164556962027; width: 561px; height: auto;\" src=\"https:\/\/i0.wp.com\/ismaelcolosi.com.br\/wp-content\/uploads\/2023\/11\/grupo-de-empregos-whatsapp-e-facebook-ismael-colosi-vagas.jpg?ssl=1\" alt=\"\" \/><\/a><\/p>\n<!-- \/wp:image -->\n<\/div>\n<p> <br \/>\n<\/p>\n<div data-td-block-uid=\"tdi_95\">\n<div class=\"tdb-block-inner td-fix-index\">\n<p>No dia 18 de janeiro, Ribeir\u00e3o Preto recebe o <strong>Walking Tour Mem\u00f3rias da Vila Tib\u00e9rio<\/strong>, iniciativa que prop\u00f5e uma imers\u00e3o na hist\u00f3ria de um dos bairros mais tradicionais do munic\u00edpio. A atividade contar\u00e1 com apresenta\u00e7\u00e3o do professor <strong>Felipe Souza<\/strong> e coordena\u00e7\u00e3o da produtora cultural <strong>Juliana Petrucelli<\/strong>.<\/p>\n<h3 class=\"wp-block-heading\"><strong>Vila Tib\u00e9rio<\/strong><\/h3>\n<p>Considerada um importante patrim\u00f4nio hist\u00f3rico e cultural, a Vila Tib\u00e9rio figura entre os primeiros loteamentos urbanos formados ap\u00f3s o centro da cidade. O bairro re\u00fane constru\u00e7\u00f5es, monumentos, hist\u00f3rias e mem\u00f3rias que ajudam a compreender a evolu\u00e7\u00e3o urbana e social de Ribeir\u00e3o Preto ao longo do tempo.<\/p>\n<figure class=\"wp-block-gallery has-nested-images columns-default is-cropped wp-block-gallery-1 is-layout-flex wp-block-gallery-is-layout-flex\">\n<figure class=\"wp-block-image size-large\"><img data-recalc-dims=\"1\" fetchpriority=\"high\" decoding=\"async\" width=\"1024\" height=\"768\" data-id=\"141175\" src=\"https:\/\/i0.wp.com\/cdn.media-acidadeon.com.br\/ribeiraopreto\/wp-content\/uploads\/sites\/3\/2026\/01\/SnapInsta-Ai_3691148348015336340-1024x768.webp?resize=1024%2C768&#038;ssl=1\" alt=\"SnapInsta Ai 3691148348015336340\" class=\"wp-image-141175\" title=\"Visita guiada gratuita apresenta hist\u00f3ria da Vila Tib\u00e9rio aos moradores de Ribeir\u00e3o Preto 1\" srcset=\"https:\/\/cdn.media-acidadeon.com.br\/ribeiraopreto\/wp-content\/uploads\/sites\/3\/2026\/01\/SnapInsta-Ai_3691148348015336340-1024x768.webp 1024w, https:\/\/cdn.media-acidadeon.com.br\/ribeiraopreto\/wp-content\/uploads\/sites\/3\/2026\/01\/SnapInsta-Ai_3691148348015336340-300x225.webp 300w, https:\/\/cdn.media-acidadeon.com.br\/ribeiraopreto\/wp-content\/uploads\/sites\/3\/2026\/01\/SnapInsta-Ai_3691148348015336340-768x576.webp 768w, https:\/\/cdn.media-acidadeon.com.br\/ribeiraopreto\/wp-content\/uploads\/sites\/3\/2026\/01\/SnapInsta-Ai_3691148348015336340-696x522.webp 696w, https:\/\/cdn.media-acidadeon.com.br\/ribeiraopreto\/wp-content\/uploads\/sites\/3\/2026\/01\/SnapInsta-Ai_3691148348015336340-1068x801.webp 1068w, https:\/\/cdn.media-acidadeon.com.br\/ribeiraopreto\/wp-content\/uploads\/sites\/3\/2026\/01\/SnapInsta-Ai_3691148348015336340.webp 1080w\" sizes=\"(max-width: 1024px) 100vw, 1024px\"\/><\/figure>\n<figure class=\"wp-block-image size-large\"><img data-recalc-dims=\"1\" loading=\"lazy\" decoding=\"async\" width=\"768\" height=\"1024\" data-id=\"141177\" src=\"https:\/\/i0.wp.com\/cdn.media-acidadeon.com.br\/ribeiraopreto\/wp-content\/uploads\/sites\/3\/2026\/01\/SnapInsta-Ai_3691148347864450178-768x1024.webp?resize=768%2C1024&#038;ssl=1\" alt=\"SnapInsta Ai 3691148347864450178\" class=\"wp-image-141177\" title=\"Visita guiada gratuita apresenta hist\u00f3ria da Vila Tib\u00e9rio aos moradores de Ribeir\u00e3o Preto 2\" srcset=\"https:\/\/cdn.media-acidadeon.com.br\/ribeiraopreto\/wp-content\/uploads\/sites\/3\/2026\/01\/SnapInsta-Ai_3691148347864450178-768x1024.webp 768w, https:\/\/cdn.media-acidadeon.com.br\/ribeiraopreto\/wp-content\/uploads\/sites\/3\/2026\/01\/SnapInsta-Ai_3691148347864450178-225x300.webp 225w, https:\/\/cdn.media-acidadeon.com.br\/ribeiraopreto\/wp-content\/uploads\/sites\/3\/2026\/01\/SnapInsta-Ai_3691148347864450178-696x928.webp 696w, https:\/\/cdn.media-acidadeon.com.br\/ribeiraopreto\/wp-content\/uploads\/sites\/3\/2026\/01\/SnapInsta-Ai_3691148347864450178-1068x1424.webp 1068w, https:\/\/cdn.media-acidadeon.com.br\/ribeiraopreto\/wp-content\/uploads\/sites\/3\/2026\/01\/SnapInsta-Ai_3691148347864450178.webp 1080w\" sizes=\"auto, (max-width: 768px) 100vw, 768px\"\/><\/figure>\n<figure class=\"wp-block-image size-large\"><img data-recalc-dims=\"1\" loading=\"lazy\" decoding=\"async\" width=\"1024\" height=\"768\" data-id=\"141176\" src=\"https:\/\/i0.wp.com\/cdn.media-acidadeon.com.br\/ribeiraopreto\/wp-content\/uploads\/sites\/3\/2026\/01\/SnapInsta-Ai_3691148347864295049-1024x768.webp?resize=1024%2C768&#038;ssl=1\" alt=\"SnapInsta Ai 3691148347864295049\" class=\"wp-image-141176\" title=\"Visita guiada gratuita apresenta hist\u00f3ria da Vila Tib\u00e9rio aos moradores de Ribeir\u00e3o Preto 3\" srcset=\"https:\/\/cdn.media-acidadeon.com.br\/ribeiraopreto\/wp-content\/uploads\/sites\/3\/2026\/01\/SnapInsta-Ai_3691148347864295049-1024x768.webp 1024w, https:\/\/cdn.media-acidadeon.com.br\/ribeiraopreto\/wp-content\/uploads\/sites\/3\/2026\/01\/SnapInsta-Ai_3691148347864295049-300x225.webp 300w, https:\/\/cdn.media-acidadeon.com.br\/ribeiraopreto\/wp-content\/uploads\/sites\/3\/2026\/01\/SnapInsta-Ai_3691148347864295049-768x576.webp 768w, https:\/\/cdn.media-acidadeon.com.br\/ribeiraopreto\/wp-content\/uploads\/sites\/3\/2026\/01\/SnapInsta-Ai_3691148347864295049-696x522.webp 696w, https:\/\/cdn.media-acidadeon.com.br\/ribeiraopreto\/wp-content\/uploads\/sites\/3\/2026\/01\/SnapInsta-Ai_3691148347864295049-1068x801.webp 1068w, https:\/\/cdn.media-acidadeon.com.br\/ribeiraopreto\/wp-content\/uploads\/sites\/3\/2026\/01\/SnapInsta-Ai_3691148347864295049.webp 1080w\" sizes=\"auto, (max-width: 1024px) 100vw, 1024px\"\/><\/figure>\n<\/figure>\n<p>Durante o percurso, os participantes ter\u00e3o contato com locais de grande valor hist\u00f3rico, como a <strong>Escola Sinh\u00e1 Junqueira<\/strong>, o <strong>Santu\u00e1rio Nossa Senhora do Ros\u00e1rio<\/strong>, o <strong>Lar Santana<\/strong>, a antiga <strong>F\u00e1brica da Cervejaria Ant\u00e1rtica<\/strong>, al\u00e9m de diversas edifica\u00e7\u00f5es com caracter\u00edsticas arquitet\u00f4nicas do s\u00e9culo passado. Esses espa\u00e7os integram o patrim\u00f4nio hist\u00f3rico municipal e comp\u00f5em a identidade cultural ribeir\u00e3o-pretana.<\/p>\n<h3 class=\"wp-block-heading\"><strong>Como participar?<\/strong><\/h3>\n<p><strong>A visita \u00e9 gratuita e aberta a todos os p\u00fablicos<\/strong>. As vagas s\u00e3o limitadas e as inscri\u00e7\u00f5es devem ser feitas por meio de formul\u00e1rio online \u2013 <a href=\"https:\/\/forms.gle\/DBkfC4sBjWHBYuhq7\" data-type=\"link\" data-id=\"https:\/\/forms.gle\/DBkfC4sBjWHBYuhq7\" target=\"_blank\" rel=\"noopener\">clique aqui.<\/a> <\/p>\n<hr class=\"wp-block-separator has-alpha-channel-opacity\"\/>\n<p>SAIBA MAIS<br \/>Pancadas de chuva podem atingir Ribeir\u00e3o Preto nesta segunda-feira; Veja previs\u00e3o<\/p>\n<h2 class=\"wp-block-heading\"><strong>FIQUE ON<\/strong><\/h2>\n<p>Fique ligado em tudo que acontece em Ribeir\u00e3o Preto e regi\u00e3o. Siga os perfis do\u00a0<strong>acidade on<\/strong>\u00a0no\u00a0<a href=\"https:\/\/www.instagram.com\/acidadeonribeirao\" target=\"_blank\" rel=\"noreferrer noopener\">Instagram<\/a>\u00a0e no<a href=\"https:\/\/www.facebook.com\/acidadeonribeirao\/\" target=\"_blank\" rel=\"noreferrer noopener\">\u00a0Facebook<\/a>.<\/p>\n<p>Receba not\u00edcias do\u00a0<strong>acidade on<\/strong>\u00a0no WhatsApp. Para entrar no grupo,\u00a0basta\u00a0<a href=\"https:\/\/chat.whatsapp.com\/GFH9HUMUTHNFJdnyEd0xxq\" target=\"_blank\" rel=\"noreferrer noopener\">clicar aqui<\/a>. Ou, acesse o nosso\u00a0Canal\u00a0<a href=\"https:\/\/whatsapp.com\/channel\/0029Vb6IQl1JENyAeS57fk2p\" target=\"_blank\" rel=\"noreferrer noopener\">clicando aqui<\/a>.<\/p>\n<p>Fa\u00e7a uma den\u00fancia ou sugira uma reportagem sobre Ribeir\u00e3o Preto e regi\u00e3o pelo WhatsApp: 16 99117 7802.<\/p>\n<p>VEJA TAMB\u00c9M<br \/>Qual o novo valor de contribui\u00e7\u00e3o mensal do MEI?<\/p>\n<p><!-- AI CONTENT END 1 -->\n<\/div>\n<\/div>\n<p><script async src=\"\/\/www.instagram.com\/embed.js\"><\/script><br \/>\n<br \/><br \/>\n<br \/><a href=\"https:\/\/www.acidadeon.com\/ribeiraopreto\/lazer-e-cultura\/visita-guiada-gratuita-apresenta-historia-da-vila-tiberio-aos-moradores-de-ribeirao-preto\/\">Source link <\/a><\/p>\n<!-- CONTENT END 1 -->\n","protected":false},"excerpt":{"rendered":"<p>No dia 18 de janeiro, Ribeir\u00e3o Preto recebe o Walking Tour Mem\u00f3rias da Vila Tib\u00e9rio, iniciativa que prop\u00f5e uma imers\u00e3o na hist\u00f3ria de um dos&#8230;<\/p>\n","protected":false},"author":1,"featured_media":74783,"comment_status":"open","ping_status":"open","sticky":false,"template":"","format":"standard","meta":{"advanced_seo_description":"","jetpack_seo_html_title":"","jetpack_seo_noindex":false,"jetpack_post_was_ever_published":false,"_jetpack_newsletter_access":"","_jetpack_dont_email_post_to_subs":false,"_jetpack_newsletter_tier_id":0,"_jetpack_memberships_contains_paywalled_content":false,"_jetpack_memberships_contains_paid_content":false,"footnotes":"","jetpack_publicize_message":"","jetpack_publicize_feature_enabled":true,"jetpack_social_post_already_shared":true,"jetpack_social_options":{"image_generator_settings":{"template":"highway","default_image_id":0,"font":"","enabled":false},"version":2}},"categories":[11],"tags":[],"class_list":["post-81441","post","type-post","status-publish","format-standard","has-post-thumbnail","hentry","category-noticias-de-ribeirao-preto-sp-e-regiao-ismael-colosi"],"jetpack_publicize_connections":[],"jetpack_featured_media_url":"https:\/\/i0.wp.com\/noticiasribeiraopreto.com.br\/wp-content\/uploads\/2025\/07\/caminhada-cultural_2025-07-29_11-40-53.webp.webp?fit=1200%2C823&ssl=1","jetpack-related-posts":[{"id":77359,"url":"https:\/\/noticiasribeiraopreto.com.br\/index.php\/2025\/09\/16\/caminhada-cultural-resgata-historia-e-memoria-de-tradicional-bairro-da-zona-oeste-de-ribeirao\/","url_meta":{"origin":81441,"position":0},"title":"Caminhada cultural resgata hist\u00f3ria e mem\u00f3ria de tradicional bairro da zona Oeste de Ribeir\u00e3o","author":"noticiasribeiraopreto.com.br","date":"16 de September de 2025","format":false,"excerpt":"Ribeir\u00e3o Preto ser\u00e1 palco de uma nova atividade que une hist\u00f3ria, cultura e mem\u00f3ria neste domingo (21). Trata-se da caminhada cultural \u201cAs Mem\u00f3rias da Vila Tib\u00e9rio\u201d, tradicional bairro da zona Oeste do munic\u00edpio. A iniciativa busca promover a imers\u00e3o no passado da cidade por meio de um percurso guiado pela\u2026","rel":"","context":"In &quot;Not\u00edcias de Ribeir\u00e3o Preto-SP e Regi\u00e3o&quot;","block_context":{"text":"Not\u00edcias de Ribeir\u00e3o Preto-SP e Regi\u00e3o","link":"https:\/\/noticiasribeiraopreto.com.br\/index.php\/category\/noticias-de-ribeirao-preto-sp-e-regiao-ismael-colosi\/"},"img":{"alt_text":"","src":"https:\/\/i0.wp.com\/noticiasribeiraopreto.com.br\/wp-content\/uploads\/2025\/09\/Copia-de-Copia-de-Copia-de-TAMANHO-EXATO-PARA-FOTOS-NO-SISTEMA-NOVO-2025-06-09T145425.280_2025-06-09_17-54-54.webp.webp?fit=1200%2C675&ssl=1&resize=350%2C200","width":350,"height":200,"srcset":"https:\/\/i0.wp.com\/noticiasribeiraopreto.com.br\/wp-content\/uploads\/2025\/09\/Copia-de-Copia-de-Copia-de-TAMANHO-EXATO-PARA-FOTOS-NO-SISTEMA-NOVO-2025-06-09T145425.280_2025-06-09_17-54-54.webp.webp?fit=1200%2C675&ssl=1&resize=350%2C200 1x, https:\/\/i0.wp.com\/noticiasribeiraopreto.com.br\/wp-content\/uploads\/2025\/09\/Copia-de-Copia-de-Copia-de-TAMANHO-EXATO-PARA-FOTOS-NO-SISTEMA-NOVO-2025-06-09T145425.280_2025-06-09_17-54-54.webp.webp?fit=1200%2C675&ssl=1&resize=525%2C300 1.5x, https:\/\/i0.wp.com\/noticiasribeiraopreto.com.br\/wp-content\/uploads\/2025\/09\/Copia-de-Copia-de-Copia-de-TAMANHO-EXATO-PARA-FOTOS-NO-SISTEMA-NOVO-2025-06-09T145425.280_2025-06-09_17-54-54.webp.webp?fit=1200%2C675&ssl=1&resize=700%2C400 2x, https:\/\/i0.wp.com\/noticiasribeiraopreto.com.br\/wp-content\/uploads\/2025\/09\/Copia-de-Copia-de-Copia-de-TAMANHO-EXATO-PARA-FOTOS-NO-SISTEMA-NOVO-2025-06-09T145425.280_2025-06-09_17-54-54.webp.webp?fit=1200%2C675&ssl=1&resize=1050%2C600 3x"},"classes":[]},{"id":71733,"url":"https:\/\/noticiasribeiraopreto.com.br\/index.php\/2025\/06\/09\/caminhada-cultural-resgata-historia-e-memoria-de-bairro-tradicional-de-ribeirao-preto\/","url_meta":{"origin":81441,"position":1},"title":"Caminhada cultural resgata hist\u00f3ria e mem\u00f3ria de bairro tradicional de Ribeir\u00e3o Preto","author":"noticiasribeiraopreto.com.br","date":"9 de June de 2025","format":false,"excerpt":"No dia 22 de junho, Ribeir\u00e3o Preto recebe a caminhada cultural \u201cAs Mem\u00f3rias da Vila Tib\u00e9rio\u201d, com a participa\u00e7\u00e3o do professor Felipe Souza e da produtora cultural Juliana Petrucelli. A atividade tem como objetivo destacar a import\u00e2ncia hist\u00f3rica e urbana do bairro Vila Tib\u00e9rio, um dos mais antigos do munic\u00edpio.\u2026","rel":"","context":"In &quot;Not\u00edcias de Ribeir\u00e3o Preto-SP e Regi\u00e3o&quot;","block_context":{"text":"Not\u00edcias de Ribeir\u00e3o Preto-SP e Regi\u00e3o","link":"https:\/\/noticiasribeiraopreto.com.br\/index.php\/category\/noticias-de-ribeirao-preto-sp-e-regiao-ismael-colosi\/"},"img":{"alt_text":"","src":"https:\/\/i0.wp.com\/noticiasribeiraopreto.com.br\/wp-content\/uploads\/2025\/06\/Copia-de-Copia-de-Copia-de-TAMANHO-EXATO-PARA-FOTOS-NO-SISTEMA-NOVO-2025-06-09T145425.280_2025-06-09_17-54-54.webp.webp?fit=1200%2C675&ssl=1&resize=350%2C200","width":350,"height":200,"srcset":"https:\/\/i0.wp.com\/noticiasribeiraopreto.com.br\/wp-content\/uploads\/2025\/06\/Copia-de-Copia-de-Copia-de-TAMANHO-EXATO-PARA-FOTOS-NO-SISTEMA-NOVO-2025-06-09T145425.280_2025-06-09_17-54-54.webp.webp?fit=1200%2C675&ssl=1&resize=350%2C200 1x, https:\/\/i0.wp.com\/noticiasribeiraopreto.com.br\/wp-content\/uploads\/2025\/06\/Copia-de-Copia-de-Copia-de-TAMANHO-EXATO-PARA-FOTOS-NO-SISTEMA-NOVO-2025-06-09T145425.280_2025-06-09_17-54-54.webp.webp?fit=1200%2C675&ssl=1&resize=525%2C300 1.5x, https:\/\/i0.wp.com\/noticiasribeiraopreto.com.br\/wp-content\/uploads\/2025\/06\/Copia-de-Copia-de-Copia-de-TAMANHO-EXATO-PARA-FOTOS-NO-SISTEMA-NOVO-2025-06-09T145425.280_2025-06-09_17-54-54.webp.webp?fit=1200%2C675&ssl=1&resize=700%2C400 2x, https:\/\/i0.wp.com\/noticiasribeiraopreto.com.br\/wp-content\/uploads\/2025\/06\/Copia-de-Copia-de-Copia-de-TAMANHO-EXATO-PARA-FOTOS-NO-SISTEMA-NOVO-2025-06-09T145425.280_2025-06-09_17-54-54.webp.webp?fit=1200%2C675&ssl=1&resize=1050%2C600 3x"},"classes":[]},{"id":79776,"url":"https:\/\/noticiasribeiraopreto.com.br\/index.php\/2025\/11\/07\/ribeirao-preto-recebe-edicao-especial-de-caminhada-com-resgate-de-memorias-da-vila-tiberio\/","url_meta":{"origin":81441,"position":2},"title":"Ribeir\u00e3o Preto recebe edi\u00e7\u00e3o especial de caminhada com resgate de mem\u00f3rias da Vila Tib\u00e9rio","author":"noticiasribeiraopreto.com.br","date":"7 de November de 2025","format":false,"excerpt":"Ribeir\u00e3o Preto recebe no pr\u00f3ximo domingo (9) uma edi\u00e7\u00e3o especial da caminhada urbana para explorar as ruas da tradicional Vila Tib\u00e9rio, por meio da mem\u00f3ria afetiva e do patrim\u00f4nio cultural. A participa\u00e7\u00e3o \u00e9 gratuita, com inscri\u00e7\u00e3o on-line (clique aqui). Esta edi\u00e7\u00e3o ter\u00e1 a apresenta\u00e7\u00e3o da hist\u00f3ria \u201cLulu, a Casa Abandonada\u2026","rel":"","context":"In &quot;Not\u00edcias de Ribeir\u00e3o Preto-SP e Regi\u00e3o&quot;","block_context":{"text":"Not\u00edcias de Ribeir\u00e3o Preto-SP e Regi\u00e3o","link":"https:\/\/noticiasribeiraopreto.com.br\/index.php\/category\/noticias-de-ribeirao-preto-sp-e-regiao-ismael-colosi\/"},"img":{"alt_text":"","src":"https:\/\/i0.wp.com\/noticiasribeiraopreto.com.br\/wp-content\/uploads\/2025\/07\/caminhada-cultural_2025-07-29_11-40-53.webp.webp?fit=1200%2C823&ssl=1&resize=350%2C200","width":350,"height":200,"srcset":"https:\/\/i0.wp.com\/noticiasribeiraopreto.com.br\/wp-content\/uploads\/2025\/07\/caminhada-cultural_2025-07-29_11-40-53.webp.webp?fit=1200%2C823&ssl=1&resize=350%2C200 1x, https:\/\/i0.wp.com\/noticiasribeiraopreto.com.br\/wp-content\/uploads\/2025\/07\/caminhada-cultural_2025-07-29_11-40-53.webp.webp?fit=1200%2C823&ssl=1&resize=525%2C300 1.5x, https:\/\/i0.wp.com\/noticiasribeiraopreto.com.br\/wp-content\/uploads\/2025\/07\/caminhada-cultural_2025-07-29_11-40-53.webp.webp?fit=1200%2C823&ssl=1&resize=700%2C400 2x, https:\/\/i0.wp.com\/noticiasribeiraopreto.com.br\/wp-content\/uploads\/2025\/07\/caminhada-cultural_2025-07-29_11-40-53.webp.webp?fit=1200%2C823&ssl=1&resize=1050%2C600 3x"},"classes":[]},{"id":74782,"url":"https:\/\/noticiasribeiraopreto.com.br\/index.php\/2025\/07\/29\/vila-tiberio-recebe-caminhada-cultural-gratuita-em-ribeirao-preto-veja-como-participar\/","url_meta":{"origin":81441,"position":3},"title":"Vila Tib\u00e9rio recebe caminhada cultural gratuita em Ribeir\u00e3o Preto; Veja como participar","author":"noticiasribeiraopreto.com.br","date":"29 de July de 2025","format":false,"excerpt":"A Vila Tib\u00e9rio, tradicional bairro na zona Oeste de Ribeir\u00e3o Preto, recebe no pr\u00f3ximo domingo (3), \u00e0s 9h, uma caminhada cultural gratuita aberta ao p\u00fablico em geral. Para participar, por\u00e9m, \u00e9 necess\u00e1rio fazer a inscri\u00e7\u00e3o online (clique aqui). A concentra\u00e7\u00e3o ser\u00e1 na Pra\u00e7a Cora\u00e7\u00e3o de Maria, na rua Martinico Prado,\u2026","rel":"","context":"In &quot;Not\u00edcias de Ribeir\u00e3o Preto-SP e Regi\u00e3o&quot;","block_context":{"text":"Not\u00edcias de Ribeir\u00e3o Preto-SP e Regi\u00e3o","link":"https:\/\/noticiasribeiraopreto.com.br\/index.php\/category\/noticias-de-ribeirao-preto-sp-e-regiao-ismael-colosi\/"},"img":{"alt_text":"","src":"https:\/\/i0.wp.com\/noticiasribeiraopreto.com.br\/wp-content\/uploads\/2025\/07\/caminhada-cultural_2025-07-29_11-40-53.webp.webp?fit=1200%2C823&ssl=1&resize=350%2C200","width":350,"height":200,"srcset":"https:\/\/i0.wp.com\/noticiasribeiraopreto.com.br\/wp-content\/uploads\/2025\/07\/caminhada-cultural_2025-07-29_11-40-53.webp.webp?fit=1200%2C823&ssl=1&resize=350%2C200 1x, https:\/\/i0.wp.com\/noticiasribeiraopreto.com.br\/wp-content\/uploads\/2025\/07\/caminhada-cultural_2025-07-29_11-40-53.webp.webp?fit=1200%2C823&ssl=1&resize=525%2C300 1.5x, https:\/\/i0.wp.com\/noticiasribeiraopreto.com.br\/wp-content\/uploads\/2025\/07\/caminhada-cultural_2025-07-29_11-40-53.webp.webp?fit=1200%2C823&ssl=1&resize=700%2C400 2x, https:\/\/i0.wp.com\/noticiasribeiraopreto.com.br\/wp-content\/uploads\/2025\/07\/caminhada-cultural_2025-07-29_11-40-53.webp.webp?fit=1200%2C823&ssl=1&resize=1050%2C600 3x"},"classes":[]},{"id":52411,"url":"https:\/\/noticiasribeiraopreto.com.br\/index.php\/2024\/06\/07\/bairro-tradicional-de-ribeirao-recebe-evento-cultural-em-comemoracao-ao-aniversario\/","url_meta":{"origin":81441,"position":4},"title":"Bairro tradicional de Ribeir\u00e3o recebe evento cultural em comemora\u00e7\u00e3o ao anivers\u00e1rio","author":"noticiasribeiraopreto.com.br","date":"7 de June de 2024","format":false,"excerpt":"O projeto \u201cCultura em Todo Lugar\u201d ser\u00e1 realizado neste s\u00e1bado (8) e domingo (9), nas pra\u00e7as Cora\u00e7\u00e3o de Maria e Jos\u00e9 Mortari, respectivamente, em comemora\u00e7\u00e3o aos 131 anos da Vila Tib\u00e9rio, tradicional bairro na zona Oeste de Ribeir\u00e3o Preto. Todas as atra\u00e7\u00f5es s\u00e3o gratuitas e ser\u00e3o realizadas das 9h \u00e0s\u2026","rel":"","context":"In &quot;Not\u00edcias de Ribeir\u00e3o Preto-SP e Regi\u00e3o&quot;","block_context":{"text":"Not\u00edcias de Ribeir\u00e3o Preto-SP e Regi\u00e3o","link":"https:\/\/noticiasribeiraopreto.com.br\/index.php\/category\/noticias-de-ribeirao-preto-sp-e-regiao-ismael-colosi\/"},"img":{"alt_text":"","src":"https:\/\/i0.wp.com\/noticiasribeiraopreto.com.br\/wp-content\/uploads\/2024\/06\/cultura_em_todo_lugar_3.jpg?fit=1200%2C882&ssl=1&resize=350%2C200","width":350,"height":200,"srcset":"https:\/\/i0.wp.com\/noticiasribeiraopreto.com.br\/wp-content\/uploads\/2024\/06\/cultura_em_todo_lugar_3.jpg?fit=1200%2C882&ssl=1&resize=350%2C200 1x, https:\/\/i0.wp.com\/noticiasribeiraopreto.com.br\/wp-content\/uploads\/2024\/06\/cultura_em_todo_lugar_3.jpg?fit=1200%2C882&ssl=1&resize=525%2C300 1.5x, https:\/\/i0.wp.com\/noticiasribeiraopreto.com.br\/wp-content\/uploads\/2024\/06\/cultura_em_todo_lugar_3.jpg?fit=1200%2C882&ssl=1&resize=700%2C400 2x, https:\/\/i0.wp.com\/noticiasribeiraopreto.com.br\/wp-content\/uploads\/2024\/06\/cultura_em_todo_lugar_3.jpg?fit=1200%2C882&ssl=1&resize=1050%2C600 3x"},"classes":[]},{"id":1135,"url":"https:\/\/noticiasribeiraopreto.com.br\/index.php\/2023\/11\/10\/vila-tiberio-promove-feira-de-artesanato\/","url_meta":{"origin":81441,"position":5},"title":"Vila Tib\u00e9rio promove\u00a0Feira de Artesanato \u00a0","author":"noticiasribeiraopreto.com.br","date":"10 de November de 2023","format":false,"excerpt":"10 de novembro de 2023 | 15:0010 de novembro de 2023 | 10:44 0Neste domingo, 12 de novembro, a partir das nove horas, a pra\u00e7a Jos\u00e9 Mortari, entre as ruas Padre Anchieta, Dois de Julho, Vinte e Um de Abril e Monte Alverne, na Vila Tib\u00e9rio, Zona Oeste de Ribeir\u00e3o\u2026","rel":"","context":"In &quot;Not\u00edcias de Ribeir\u00e3o Preto-SP e Regi\u00e3o&quot;","block_context":{"text":"Not\u00edcias de Ribeir\u00e3o Preto-SP e Regi\u00e3o","link":"https:\/\/noticiasribeiraopreto.com.br\/index.php\/category\/noticias-de-ribeirao-preto-sp-e-regiao-ismael-colosi\/"},"img":{"alt_text":"","src":"https:\/\/i0.wp.com\/noticiasribeiraopreto.com.br\/wp-content\/uploads\/2023\/11\/artesanato.jpeg?fit=900%2C637&ssl=1&resize=350%2C200","width":350,"height":200,"srcset":"https:\/\/i0.wp.com\/noticiasribeiraopreto.com.br\/wp-content\/uploads\/2023\/11\/artesanato.jpeg?fit=900%2C637&ssl=1&resize=350%2C200 1x, https:\/\/i0.wp.com\/noticiasribeiraopreto.com.br\/wp-content\/uploads\/2023\/11\/artesanato.jpeg?fit=900%2C637&ssl=1&resize=525%2C300 1.5x, https:\/\/i0.wp.com\/noticiasribeiraopreto.com.br\/wp-content\/uploads\/2023\/11\/artesanato.jpeg?fit=900%2C637&ssl=1&resize=700%2C400 2x"},"classes":[]}],"jetpack_sharing_enabled":true,"jetpack_shortlink":"https:\/\/wp.me\/peQAOb-lbz","_links":{"self":[{"href":"https:\/\/noticiasribeiraopreto.com.br\/index.php\/wp-json\/wp\/v2\/posts\/81441","targetHints":{"allow":["GET"]}}],"collection":[{"href":"https:\/\/noticiasribeiraopreto.com.br\/index.php\/wp-json\/wp\/v2\/posts"}],"about":[{"href":"https:\/\/noticiasribeiraopreto.com.br\/index.php\/wp-json\/wp\/v2\/types\/post"}],"author":[{"embeddable":true,"href":"https:\/\/noticiasribeiraopreto.com.br\/index.php\/wp-json\/wp\/v2\/users\/1"}],"replies":[{"embeddable":true,"href":"https:\/\/noticiasribeiraopreto.com.br\/index.php\/wp-json\/wp\/v2\/comments?post=81441"}],"version-history":[{"count":0,"href":"https:\/\/noticiasribeiraopreto.com.br\/index.php\/wp-json\/wp\/v2\/posts\/81441\/revisions"}],"wp:featuredmedia":[{"embeddable":true,"href":"https:\/\/noticiasribeiraopreto.com.br\/index.php\/wp-json\/wp\/v2\/media\/74783"}],"wp:attachment":[{"href":"https:\/\/noticiasribeiraopreto.com.br\/index.php\/wp-json\/wp\/v2\/media?parent=81441"}],"wp:term":[{"taxonomy":"category","embeddable":true,"href":"https:\/\/noticiasribeiraopreto.com.br\/index.php\/wp-json\/wp\/v2\/categories?post=81441"},{"taxonomy":"post_tag","embeddable":true,"href":"https:\/\/noticiasribeiraopreto.com.br\/index.php\/wp-json\/wp\/v2\/tags?post=81441"}],"curies":[{"name":"wp","href":"https:\/\/api.w.org\/{rel}","templated":true}]}}