{"id":81442,"date":"2026-01-06T08:22:31","date_gmt":"2026-01-06T11:22:31","guid":{"rendered":"https:\/\/noticiasribeiraopreto.com.br\/index.php\/2026\/01\/06\/botafogo-anuncia-zagueiro-com-passagens-pelo-monaco-e-pela-lazio\/"},"modified":"2026-01-06T08:22:31","modified_gmt":"2026-01-06T11:22:31","slug":"botafogo-anuncia-zagueiro-com-passagens-pelo-monaco-e-pela-lazio","status":"publish","type":"post","link":"https:\/\/noticiasribeiraopreto.com.br\/index.php\/2026\/01\/06\/botafogo-anuncia-zagueiro-com-passagens-pelo-monaco-e-pela-lazio\/","title":{"rendered":"Botafogo anuncia zagueiro com passagens pelo Monaco e pela Lazio"},"content":{"rendered":"<div class='code-block code-block-1' style='margin: 8px 0 8px auto; text-align: right; display: block; clear: both;'>\n<p><a href=\"https:\/\/wa.link\/vpicfd\"><img data-recalc-dims=\"1\" class=\"wp-image-4922\" style=\"aspect-ratio: 2.0253164556962027; width: 561px; height: auto;\" src=\"https:\/\/i0.wp.com\/ismaelcolosi.com.br\/wp-content\/uploads\/2023\/11\/grupo-de-empregos-whatsapp-e-facebook-ismael-colosi-vagas.jpg?ssl=1\" alt=\"\" \/><\/a><\/p>\n<!-- \/wp:image -->\n<\/div>\n<p> <br \/>\n<\/p>\n<div data-td-block-uid=\"tdi_95\">\n<div class=\"tdb-block-inner td-fix-index\">\n<p>O<strong> Botafogo <\/strong>anunciou nesta segunda-feira (5) a contrata\u00e7\u00e3o do zagueiro <strong>Wallace<\/strong>, com passagens pelo<strong> Monaco-FRA <\/strong>e pela <strong>Lazio-ITA<\/strong>. O atleta de 31 anos \u00e9 o d\u00e9cimo refor\u00e7o contratado pelo clube de<strong> Ribeir\u00e3o Preto<\/strong> para 2026.<\/p>\n<p>Wallace foi revelado nas categorias de base do <strong>Cruzeiro<\/strong>, e participou da conquista do Campeonato Brasileiro de 2014. Na sequ\u00eancia, ele foi vendido para o Monaco, onde atuou por duas temporadas e disputou a<strong> Champions League<\/strong> e a<strong> Europa League<\/strong>.<\/p>\n<p>Em seguida, Wallace foi negociado com a Lazio. Na equipe italiana, o atleta disputou quase 70 jogos em tr\u00eas anos e foi campe\u00e3o da Copa da It\u00e1lia e da Supercopa da It\u00e1lia.<\/p>\n<p>Logo depois, passou pelo Braga-POR, onde foi campe\u00e3o da Ta\u00e7a da Liga Portuguesa. Ele ainda atuou no futebol turco pelo Yeni Malatyaspor nas temporadas de 2020\/2021 e 2022.<\/p>\n<figure class=\"wp-block-image size-full\"><img data-recalc-dims=\"1\" fetchpriority=\"high\" decoding=\"async\" width=\"902\" height=\"877\" src=\"https:\/\/i0.wp.com\/cdn.media-acidadeon.com.br\/ribeiraopreto\/wp-content\/uploads\/sites\/3\/2026\/01\/wallace-monaco_2026-01-05_19-13-01.webp?resize=902%2C877&#038;ssl=1\" alt=\"wallace monaco 2026 01 05 19 13 01\" class=\"wp-image-141167\" title=\"Botafogo anuncia zagueiro com passagens pelo Monaco e pela Lazio 1\" srcset=\"https:\/\/cdn.media-acidadeon.com.br\/ribeiraopreto\/wp-content\/uploads\/sites\/3\/2026\/01\/wallace-monaco_2026-01-05_19-13-01.webp 902w, https:\/\/cdn.media-acidadeon.com.br\/ribeiraopreto\/wp-content\/uploads\/sites\/3\/2026\/01\/wallace-monaco_2026-01-05_19-13-01-300x292.webp 300w, https:\/\/cdn.media-acidadeon.com.br\/ribeiraopreto\/wp-content\/uploads\/sites\/3\/2026\/01\/wallace-monaco_2026-01-05_19-13-01-768x747.webp 768w, https:\/\/cdn.media-acidadeon.com.br\/ribeiraopreto\/wp-content\/uploads\/sites\/3\/2026\/01\/wallace-monaco_2026-01-05_19-13-01-696x677.webp 696w\" sizes=\"(max-width: 902px) 100vw, 902px\"\/><figcaption class=\"wp-element-caption\">Wallace disputou Champions League pelo Monaco-FRA (Foto: reprodu\u00e7\u00e3o\/Instagram)<\/figcaption><\/figure>\n<h2 class=\"wp-block-heading\"><strong>Na China<\/strong><\/h2>\n<p>Depois da passagem pela Turquia, Wallace foi transferido para China, onde vestiu a camisa do Wuhan Three Towns e foi campe\u00e3o do Campeonato Chin\u00eas e da Superta\u00e7a Chinesa em 2022 e 2023, respectivamente.<\/p>\n<p>O jogador tamb\u00e9m jogou pelo Al Ittihad Kalba, dos Emirados \u00c1rabes Unidos, e seu \u00faltimo clube foi o Atl\u00e9tico-GO na disputa da S\u00e9rie B do Brasileiro.<\/p>\n<p>SAIBA MAIS<br \/>Pancadas de chuva podem atingir Ribeir\u00e3o Preto nesta segunda-feira; Veja previs\u00e3o<\/p>\n<h2 class=\"wp-block-heading\"><strong>FIQUE ON<\/strong><\/h2>\n<p>Fique ligado em tudo que acontece em Ribeir\u00e3o Preto e regi\u00e3o. Siga os perfis do\u00a0<strong>acidade on<\/strong>\u00a0no\u00a0<a href=\"https:\/\/www.instagram.com\/acidadeonribeirao\" target=\"_blank\" rel=\"noreferrer noopener\">Instagram<\/a>\u00a0e no<a href=\"https:\/\/www.facebook.com\/acidadeonribeirao\/\" target=\"_blank\" rel=\"noreferrer noopener\">\u00a0Facebook<\/a>.<\/p>\n<p>Receba not\u00edcias do\u00a0<strong>acidade on<\/strong>\u00a0no WhatsApp. Para entrar no grupo,\u00a0basta\u00a0<a href=\"https:\/\/chat.whatsapp.com\/GFH9HUMUTHNFJdnyEd0xxq\" target=\"_blank\" rel=\"noreferrer noopener\">clicar aqui<\/a>. Ou, acesse o nosso\u00a0Canal\u00a0<a href=\"https:\/\/whatsapp.com\/channel\/0029Vb6IQl1JENyAeS57fk2p\" target=\"_blank\" rel=\"noreferrer noopener\">clicando aqui<\/a>.<\/p>\n<p>Fa\u00e7a uma den\u00fancia ou sugira uma reportagem sobre Ribeir\u00e3o Preto e regi\u00e3o pelo WhatsApp: 16 99117 7802.<\/p>\n<p>VEJA TAMB\u00c9M<br \/>Qual o novo valor de contribui\u00e7\u00e3o mensal do MEI?<\/p>\n<p><!-- AI CONTENT END 1 -->\n<\/div>\n<\/div>\n<p><script async src=\"\/\/www.instagram.com\/embed.js\"><\/script><br \/>\n<br \/><br \/>\n<br \/><a href=\"https:\/\/www.acidadeon.com\/ribeiraopreto\/esportes\/botafogo-anuncia-zagueiro-com-passagens-pelo-monaco-e-pela-lazio\/\">Source link <\/a><\/p>\n<!-- CONTENT END 1 -->\n","protected":false},"excerpt":{"rendered":"<p>O Botafogo anunciou nesta segunda-feira (5) a contrata\u00e7\u00e3o do zagueiro Wallace, com passagens pelo Monaco-FRA e pela Lazio-ITA. O atleta de 31 anos \u00e9 o&#8230;<\/p>\n","protected":false},"author":1,"featured_media":81443,"comment_status":"open","ping_status":"open","sticky":false,"template":"","format":"standard","meta":{"advanced_seo_description":"","jetpack_seo_html_title":"","jetpack_seo_noindex":false,"jetpack_post_was_ever_published":false,"_jetpack_newsletter_access":"","_jetpack_dont_email_post_to_subs":false,"_jetpack_newsletter_tier_id":0,"_jetpack_memberships_contains_paywalled_content":false,"_jetpack_memberships_contains_paid_content":false,"footnotes":"","jetpack_publicize_message":"","jetpack_publicize_feature_enabled":true,"jetpack_social_post_already_shared":true,"jetpack_social_options":{"image_generator_settings":{"template":"highway","default_image_id":0,"font":"","enabled":false},"version":2}},"categories":[11],"tags":[],"class_list":["post-81442","post","type-post","status-publish","format-standard","has-post-thumbnail","hentry","category-noticias-de-ribeirao-preto-sp-e-regiao-ismael-colosi"],"jetpack_publicize_connections":[],"jetpack_featured_media_url":"https:\/\/i0.wp.com\/noticiasribeiraopreto.com.br\/wp-content\/uploads\/2026\/01\/wallace_2026-01-05_19-12-06.webp.webp?fit=1200%2C1024&ssl=1","jetpack-related-posts":[{"id":81424,"url":"https:\/\/noticiasribeiraopreto.com.br\/index.php\/2026\/01\/05\/botafogo-contrata-zagueiro-que-tinha-acerto-com-ponte-preta\/","url_meta":{"origin":81442,"position":0},"title":"Botafogo contrata zagueiro que tinha acerto com Ponte Preta","author":"noticiasribeiraopreto.com.br","date":"5 de January de 2026","format":false,"excerpt":"\r Com experi\u00eancia internacional, Wallace defendeu o Atl\u00e9tico-GO em 2025\r \r 5 de janeiro de 2026 17:045 de janeiro de 2026 17:06 \r Compartilhar1 Por Hugo Luque O Botafogo anunciou, na tarde desta segunda-feira (5), seu primeiro refor\u00e7o no ano de 2026 e o d\u00e9cimo oficializado para a temporada que\u2026","rel":"","context":"In &quot;Not\u00edcias de Ribeir\u00e3o Preto-SP e Regi\u00e3o&quot;","block_context":{"text":"Not\u00edcias de Ribeir\u00e3o Preto-SP e Regi\u00e3o","link":"https:\/\/noticiasribeiraopreto.com.br\/index.php\/category\/noticias-de-ribeirao-preto-sp-e-regiao-ismael-colosi\/"},"img":{"alt_text":"","src":"https:\/\/i0.wp.com\/noticiasribeiraopreto.com.br\/wp-content\/uploads\/2026\/01\/ZAG-Wallace-Bruno-Corsino_ACG.jpeg?fit=984%2C593&ssl=1&resize=350%2C200","width":350,"height":200,"srcset":"https:\/\/i0.wp.com\/noticiasribeiraopreto.com.br\/wp-content\/uploads\/2026\/01\/ZAG-Wallace-Bruno-Corsino_ACG.jpeg?fit=984%2C593&ssl=1&resize=350%2C200 1x, https:\/\/i0.wp.com\/noticiasribeiraopreto.com.br\/wp-content\/uploads\/2026\/01\/ZAG-Wallace-Bruno-Corsino_ACG.jpeg?fit=984%2C593&ssl=1&resize=525%2C300 1.5x, https:\/\/i0.wp.com\/noticiasribeiraopreto.com.br\/wp-content\/uploads\/2026\/01\/ZAG-Wallace-Bruno-Corsino_ACG.jpeg?fit=984%2C593&ssl=1&resize=700%2C400 2x"},"classes":[]},{"id":13957,"url":"https:\/\/noticiasribeiraopreto.com.br\/index.php\/2023\/12\/11\/botafogo-contrata-atacante-campeao-brasileiro-pelo-palmeiras\/","url_meta":{"origin":81442,"position":1},"title":"Botafogo contrata atacante campe\u00e3o Brasileiro pelo Palmeiras","author":"noticiasribeiraopreto.com.br","date":"11 de December de 2023","format":false,"excerpt":"O Botafogo anunciou nesta segunda-feira (11) a contrata\u00e7\u00e3o do atacante Leandro Pereira, campe\u00e3o Brasileiro pelo Palmeiras em 2016. O atleta, de 32 anos, chega \u00e0 equipe de Ribeir\u00e3o Preto ap\u00f3s passagem pelo futebol japon\u00eas. Na equipe da Capital, Leandro Pereira fez 41 jogos e fez 12 gols. Al\u00e9m do Brasileir\u00e3o,\u2026","rel":"","context":"In &quot;Not\u00edcias de Ribeir\u00e3o Preto-SP e Regi\u00e3o&quot;","block_context":{"text":"Not\u00edcias de Ribeir\u00e3o Preto-SP e Regi\u00e3o","link":"https:\/\/noticiasribeiraopreto.com.br\/index.php\/category\/noticias-de-ribeirao-preto-sp-e-regiao-ismael-colosi\/"},"img":{"alt_text":"","src":"https:\/\/i0.wp.com\/noticiasribeiraopreto.com.br\/wp-content\/uploads\/2023\/12\/leandro-pereira-palmeiras.jpg?fit=1000%2C630&ssl=1&resize=350%2C200","width":350,"height":200,"srcset":"https:\/\/i0.wp.com\/noticiasribeiraopreto.com.br\/wp-content\/uploads\/2023\/12\/leandro-pereira-palmeiras.jpg?fit=1000%2C630&ssl=1&resize=350%2C200 1x, https:\/\/i0.wp.com\/noticiasribeiraopreto.com.br\/wp-content\/uploads\/2023\/12\/leandro-pereira-palmeiras.jpg?fit=1000%2C630&ssl=1&resize=525%2C300 1.5x, https:\/\/i0.wp.com\/noticiasribeiraopreto.com.br\/wp-content\/uploads\/2023\/12\/leandro-pereira-palmeiras.jpg?fit=1000%2C630&ssl=1&resize=700%2C400 2x"},"classes":[]},{"id":12356,"url":"https:\/\/noticiasribeiraopreto.com.br\/index.php\/2023\/12\/07\/botafogo-anuncia-as-primeiras-contratacoes-para-temporada-2024\/","url_meta":{"origin":81442,"position":2},"title":"Botafogo anuncia as primeiras contrata\u00e7\u00f5es para temporada 2024","author":"noticiasribeiraopreto.com.br","date":"7 de December de 2023","format":false,"excerpt":"O Botafogo anunciou nesta quinta-feira (7) a contrata\u00e7\u00e3o dos primeiros refor\u00e7os para pr\u00f3xima temporada. A equipe de Ribeir\u00e3o Preto confirmou os acertos com os goleiros Jo\u00e3o Carlos, ex-Cuiab\u00e1, e Michael Fracaro, ex-ABC, para a pr\u00f3xima temporada. De acordo com o Pantera, Jo\u00e3o Carlos, que tem no curr\u00edculo o acesso para\u2026","rel":"","context":"In &quot;Not\u00edcias de Ribeir\u00e3o Preto-SP e Regi\u00e3o&quot;","block_context":{"text":"Not\u00edcias de Ribeir\u00e3o Preto-SP e Regi\u00e3o","link":"https:\/\/noticiasribeiraopreto.com.br\/index.php\/category\/noticias-de-ribeirao-preto-sp-e-regiao-ismael-colosi\/"},"img":{"alt_text":"","src":"https:\/\/i0.wp.com\/noticiasribeiraopreto.com.br\/wp-content\/uploads\/2023\/12\/goleiro-joao-carlos.jpg?fit=1024%2C682&ssl=1&resize=350%2C200","width":350,"height":200,"srcset":"https:\/\/i0.wp.com\/noticiasribeiraopreto.com.br\/wp-content\/uploads\/2023\/12\/goleiro-joao-carlos.jpg?fit=1024%2C682&ssl=1&resize=350%2C200 1x, https:\/\/i0.wp.com\/noticiasribeiraopreto.com.br\/wp-content\/uploads\/2023\/12\/goleiro-joao-carlos.jpg?fit=1024%2C682&ssl=1&resize=525%2C300 1.5x, https:\/\/i0.wp.com\/noticiasribeiraopreto.com.br\/wp-content\/uploads\/2023\/12\/goleiro-joao-carlos.jpg?fit=1024%2C682&ssl=1&resize=700%2C400 2x"},"classes":[]},{"id":71806,"url":"https:\/\/noticiasribeiraopreto.com.br\/index.php\/2025\/06\/10\/botafogo-contrata-meia-e-rescinde-com-zagueiro\/","url_meta":{"origin":81442,"position":3},"title":"Botafogo contrata meia e rescinde com zagueiro","author":"noticiasribeiraopreto.com.br","date":"10 de June de 2025","format":false,"excerpt":"Pantera se movimenta no \u00faltimo dia da janela pr\u00e9-Copa do Mundo de Clubes 10 de junho de 2025 13:0410 de junho de 2025 13:1019 Compartilhar1 Por Hugo Luque O Botafogo anunciou, na manh\u00e3 desta ter\u00e7a-feira (10), a contrata\u00e7\u00e3o do meia-atacante Marquinho, de 23 anos, que vem do futebol portugu\u00eas. Logo\u2026","rel":"","context":"In &quot;Not\u00edcias de Ribeir\u00e3o Preto-SP e Regi\u00e3o&quot;","block_context":{"text":"Not\u00edcias de Ribeir\u00e3o Preto-SP e Regi\u00e3o","link":"https:\/\/noticiasribeiraopreto.com.br\/index.php\/category\/noticias-de-ribeirao-preto-sp-e-regiao-ismael-colosi\/"},"img":{"alt_text":"","src":"https:\/\/i0.wp.com\/noticiasribeiraopreto.com.br\/wp-content\/uploads\/2025\/06\/MEI-Marquinho-Liga-Portugal-scaled.jpg?fit=755%2C500&ssl=1&resize=350%2C200","width":350,"height":200,"srcset":"https:\/\/i0.wp.com\/noticiasribeiraopreto.com.br\/wp-content\/uploads\/2025\/06\/MEI-Marquinho-Liga-Portugal-scaled.jpg?fit=755%2C500&ssl=1&resize=350%2C200 1x, https:\/\/i0.wp.com\/noticiasribeiraopreto.com.br\/wp-content\/uploads\/2025\/06\/MEI-Marquinho-Liga-Portugal-scaled.jpg?fit=755%2C500&ssl=1&resize=525%2C300 1.5x, https:\/\/i0.wp.com\/noticiasribeiraopreto.com.br\/wp-content\/uploads\/2025\/06\/MEI-Marquinho-Liga-Portugal-scaled.jpg?fit=755%2C500&ssl=1&resize=700%2C400 2x"},"classes":[]},{"id":61396,"url":"https:\/\/noticiasribeiraopreto.com.br\/index.php\/2024\/12\/11\/botafogo-anuncia-mais-duas-contratacoes-para-temporada-2025\/","url_meta":{"origin":81442,"position":4},"title":"Botafogo anuncia mais duas contrata\u00e7\u00f5es para temporada 2025","author":"noticiasribeiraopreto.com.br","date":"11 de December de 2024","format":false,"excerpt":"O\u00a0Botafogo\u00a0anunciou mais duas contrata\u00e7\u00f5es para a temporada 2025. O zagueiro Alisson Cassiano, de 30 anos, e o volante Gabriel Bispo, de 27 anos. Alisson Cassiano estava no\u00a0Sport, que conquistou o acesso para a S\u00e9rie A neste ano, mas n\u00e3o atua desde 23 de setembro, quando enfrentou o Paysandu na 28\u00aa\u2026","rel":"","context":"In &quot;Not\u00edcias de Ribeir\u00e3o Preto-SP e Regi\u00e3o&quot;","block_context":{"text":"Not\u00edcias de Ribeir\u00e3o Preto-SP e Regi\u00e3o","link":"https:\/\/noticiasribeiraopreto.com.br\/index.php\/category\/noticias-de-ribeirao-preto-sp-e-regiao-ismael-colosi\/"},"img":{"alt_text":"","src":"https:\/\/i0.wp.com\/noticiasribeiraopreto.com.br\/wp-content\/uploads\/2024\/12\/Copia-de-Copia-de-Copia-de-TAMANHO-EXATO-PARA-FOTOS-NO-SISTEMA-NOVO-2024-12-11T162926.119_2024-12-11_19-29-51_png_2024-12-11_19-29-51.webp.webp?fit=1200%2C675&ssl=1&resize=350%2C200","width":350,"height":200,"srcset":"https:\/\/i0.wp.com\/noticiasribeiraopreto.com.br\/wp-content\/uploads\/2024\/12\/Copia-de-Copia-de-Copia-de-TAMANHO-EXATO-PARA-FOTOS-NO-SISTEMA-NOVO-2024-12-11T162926.119_2024-12-11_19-29-51_png_2024-12-11_19-29-51.webp.webp?fit=1200%2C675&ssl=1&resize=350%2C200 1x, https:\/\/i0.wp.com\/noticiasribeiraopreto.com.br\/wp-content\/uploads\/2024\/12\/Copia-de-Copia-de-Copia-de-TAMANHO-EXATO-PARA-FOTOS-NO-SISTEMA-NOVO-2024-12-11T162926.119_2024-12-11_19-29-51_png_2024-12-11_19-29-51.webp.webp?fit=1200%2C675&ssl=1&resize=525%2C300 1.5x, https:\/\/i0.wp.com\/noticiasribeiraopreto.com.br\/wp-content\/uploads\/2024\/12\/Copia-de-Copia-de-Copia-de-TAMANHO-EXATO-PARA-FOTOS-NO-SISTEMA-NOVO-2024-12-11T162926.119_2024-12-11_19-29-51_png_2024-12-11_19-29-51.webp.webp?fit=1200%2C675&ssl=1&resize=700%2C400 2x, https:\/\/i0.wp.com\/noticiasribeiraopreto.com.br\/wp-content\/uploads\/2024\/12\/Copia-de-Copia-de-Copia-de-TAMANHO-EXATO-PARA-FOTOS-NO-SISTEMA-NOVO-2024-12-11T162926.119_2024-12-11_19-29-51_png_2024-12-11_19-29-51.webp.webp?fit=1200%2C675&ssl=1&resize=1050%2C600 3x"},"classes":[]},{"id":36350,"url":"https:\/\/noticiasribeiraopreto.com.br\/index.php\/2024\/02\/09\/botafogo-lanca-terceiro-uniforme-em-homenagem-a-socrates\/","url_meta":{"origin":81442,"position":5},"title":"Botafogo lan\u00e7a terceiro uniforme em homenagem a S\u00f3crates\u00a0\u00a0","author":"noticiasribeiraopreto.com.br","date":"9 de February de 2024","format":false,"excerpt":"Em homenagem a S\u00f3crates, que completa 70 anos no pr\u00f3ximo dia 19, o Botafogo lan\u00e7ar\u00e1 o seu terceiro uniforme para a temporada 2024. Com listras brancas e vermelhas e detalhes em preto, a pe\u00e7a remete \u00e0 d\u00e9cada de 70, quando o Doutor iniciou sua carreira no Tricolor.\u00a0Na vers\u00e3o de goleiro,\u2026","rel":"","context":"In &quot;Not\u00edcias de Ribeir\u00e3o Preto-SP e Regi\u00e3o&quot;","block_context":{"text":"Not\u00edcias de Ribeir\u00e3o Preto-SP e Regi\u00e3o","link":"https:\/\/noticiasribeiraopreto.com.br\/index.php\/category\/noticias-de-ribeirao-preto-sp-e-regiao-ismael-colosi\/"},"img":{"alt_text":"","src":"https:\/\/i0.wp.com\/noticiasribeiraopreto.com.br\/wp-content\/uploads\/2024\/02\/Botafogo-2.png?fit=600%2C539&ssl=1&resize=350%2C200","width":350,"height":200,"srcset":"https:\/\/i0.wp.com\/noticiasribeiraopreto.com.br\/wp-content\/uploads\/2024\/02\/Botafogo-2.png?fit=600%2C539&ssl=1&resize=350%2C200 1x, https:\/\/i0.wp.com\/noticiasribeiraopreto.com.br\/wp-content\/uploads\/2024\/02\/Botafogo-2.png?fit=600%2C539&ssl=1&resize=525%2C300 1.5x"},"classes":[]}],"jetpack_sharing_enabled":true,"jetpack_shortlink":"https:\/\/wp.me\/peQAOb-lbA","_links":{"self":[{"href":"https:\/\/noticiasribeiraopreto.com.br\/index.php\/wp-json\/wp\/v2\/posts\/81442","targetHints":{"allow":["GET"]}}],"collection":[{"href":"https:\/\/noticiasribeiraopreto.com.br\/index.php\/wp-json\/wp\/v2\/posts"}],"about":[{"href":"https:\/\/noticiasribeiraopreto.com.br\/index.php\/wp-json\/wp\/v2\/types\/post"}],"author":[{"embeddable":true,"href":"https:\/\/noticiasribeiraopreto.com.br\/index.php\/wp-json\/wp\/v2\/users\/1"}],"replies":[{"embeddable":true,"href":"https:\/\/noticiasribeiraopreto.com.br\/index.php\/wp-json\/wp\/v2\/comments?post=81442"}],"version-history":[{"count":0,"href":"https:\/\/noticiasribeiraopreto.com.br\/index.php\/wp-json\/wp\/v2\/posts\/81442\/revisions"}],"wp:featuredmedia":[{"embeddable":true,"href":"https:\/\/noticiasribeiraopreto.com.br\/index.php\/wp-json\/wp\/v2\/media\/81443"}],"wp:attachment":[{"href":"https:\/\/noticiasribeiraopreto.com.br\/index.php\/wp-json\/wp\/v2\/media?parent=81442"}],"wp:term":[{"taxonomy":"category","embeddable":true,"href":"https:\/\/noticiasribeiraopreto.com.br\/index.php\/wp-json\/wp\/v2\/categories?post=81442"},{"taxonomy":"post_tag","embeddable":true,"href":"https:\/\/noticiasribeiraopreto.com.br\/index.php\/wp-json\/wp\/v2\/tags?post=81442"}],"curies":[{"name":"wp","href":"https:\/\/api.w.org\/{rel}","templated":true}]}}