{"id":81444,"date":"2026-01-06T08:31:22","date_gmt":"2026-01-06T11:31:22","guid":{"rendered":"https:\/\/noticiasribeiraopreto.com.br\/index.php\/2026\/01\/06\/procon-sp-abre-processo-seletivo-com-vagas-em-ribeirao-preto\/"},"modified":"2026-01-06T08:31:22","modified_gmt":"2026-01-06T11:31:22","slug":"procon-sp-abre-processo-seletivo-com-vagas-em-ribeirao-preto","status":"publish","type":"post","link":"https:\/\/noticiasribeiraopreto.com.br\/index.php\/2026\/01\/06\/procon-sp-abre-processo-seletivo-com-vagas-em-ribeirao-preto\/","title":{"rendered":"Procon-SP abre processo seletivo com vagas em Ribeir\u00e3o Preto"},"content":{"rendered":"<div class='code-block code-block-1' style='margin: 8px 0 8px auto; text-align: right; display: block; clear: both;'>\n<p><a href=\"https:\/\/wa.link\/vpicfd\"><img data-recalc-dims=\"1\" class=\"wp-image-4922\" style=\"aspect-ratio: 2.0253164556962027; width: 561px; height: auto;\" src=\"https:\/\/i0.wp.com\/ismaelcolosi.com.br\/wp-content\/uploads\/2023\/11\/grupo-de-empregos-whatsapp-e-facebook-ismael-colosi-vagas.jpg?ssl=1\" alt=\"\" \/><\/a><\/p>\n<!-- \/wp:image -->\n<\/div>\n<p> <br \/>\n<\/p>\n<div>\n<p>O <a href=\"https:\/\/www.procon.sp.gov.br\/\" data-type=\"link\" data-id=\"https:\/\/www.procon.sp.gov.br\/\" target=\"_blank\" rel=\"noopener\">Procon-SP<\/a> abriu <strong>processo seletivo para contrata\u00e7\u00e3o de estagi\u00e1rios<\/strong> em parceria com o Centro de Integra\u00e7\u00e3o Empresa-Escola (Ciee). As oportunidades atendem a sede do \u00f3rg\u00e3o, na capital paulista, e os escrit\u00f3rios regionais, incluindo <strong>Ribeir\u00e3o Preto<\/strong>, al\u00e9m de Bauru, Campinas, Presidente Prudente, Santos, S\u00e3o Jos\u00e9 dos Campos, S\u00e3o Jos\u00e9 do Rio Preto e Sorocaba.<\/p>\n<h2 class=\"wp-block-heading\"><strong>Processo seletivo<\/strong><\/h2>\n<p>O processo seletivo contempla estudantes de <strong>Comunica\u00e7\u00e3o Social<\/strong>, com prefer\u00eancia para os cursos de <strong>Jornalismo<\/strong> ou <strong>Rela\u00e7\u00f5es P\u00fablicas<\/strong>. Podem participar candidatos que cursam a partir do <strong>terceiro ano da gradua\u00e7\u00e3o<\/strong>.<\/p>\n<p>Os estagi\u00e1rios ir\u00e3o acompanhar e apoiar a divulga\u00e7\u00e3o das a\u00e7\u00f5es do Procon-SP junto \u00e0 imprensa das cidades atendidas por cada regional. As atividades ocorrem sob supervis\u00e3o da Assessoria de Comunica\u00e7\u00e3o Social da Funda\u00e7\u00e3o Procon-SP e dos coordenadores regionais.<\/p>\n<figure class=\"wp-block-image aligncenter size-large is-resized\"><img data-recalc-dims=\"1\" fetchpriority=\"high\" decoding=\"async\" width=\"1024\" height=\"576\" src=\"https:\/\/i0.wp.com\/cdn.media-acidadeon.com.br\/ribeiraopreto\/wp-content\/uploads\/sites\/3\/2025\/03\/Copia-de-Copia-de-Copia-de-TAMANHO-EXATO-PARA-FOTOS-NO-SISTEMA-NOVO-2025-03-11T145628.763_2025-03-11_17-56-39_png_2025-03-11_17-56-40-1024x576.webp?resize=1024%2C576&#038;ssl=1\" alt=\"procon &#10;\" class=\"wp-image-110259\" style=\"width:1024px;height:auto\" title=\"Procon-SP abre processo seletivo com vagas em Ribeir\u00e3o Preto 1\" srcset=\"https:\/\/cdn.media-acidadeon.com.br\/ribeiraopreto\/wp-content\/uploads\/sites\/3\/2025\/03\/Copia-de-Copia-de-Copia-de-TAMANHO-EXATO-PARA-FOTOS-NO-SISTEMA-NOVO-2025-03-11T145628.763_2025-03-11_17-56-39_png_2025-03-11_17-56-40-1024x576.webp 1024w, https:\/\/cdn.media-acidadeon.com.br\/ribeiraopreto\/wp-content\/uploads\/sites\/3\/2025\/03\/Copia-de-Copia-de-Copia-de-TAMANHO-EXATO-PARA-FOTOS-NO-SISTEMA-NOVO-2025-03-11T145628.763_2025-03-11_17-56-39_png_2025-03-11_17-56-40-300x169.webp 300w, https:\/\/cdn.media-acidadeon.com.br\/ribeiraopreto\/wp-content\/uploads\/sites\/3\/2025\/03\/Copia-de-Copia-de-Copia-de-TAMANHO-EXATO-PARA-FOTOS-NO-SISTEMA-NOVO-2025-03-11T145628.763_2025-03-11_17-56-39_png_2025-03-11_17-56-40-768x432.webp 768w, https:\/\/cdn.media-acidadeon.com.br\/ribeiraopreto\/wp-content\/uploads\/sites\/3\/2025\/03\/Copia-de-Copia-de-Copia-de-TAMANHO-EXATO-PARA-FOTOS-NO-SISTEMA-NOVO-2025-03-11T145628.763_2025-03-11_17-56-39_png_2025-03-11_17-56-40-696x392.webp 696w, https:\/\/cdn.media-acidadeon.com.br\/ribeiraopreto\/wp-content\/uploads\/sites\/3\/2025\/03\/Copia-de-Copia-de-Copia-de-TAMANHO-EXATO-PARA-FOTOS-NO-SISTEMA-NOVO-2025-03-11T145628.763_2025-03-11_17-56-39_png_2025-03-11_17-56-40-1068x601.webp 1068w, https:\/\/cdn.media-acidadeon.com.br\/ribeiraopreto\/wp-content\/uploads\/sites\/3\/2025\/03\/Copia-de-Copia-de-Copia-de-TAMANHO-EXATO-PARA-FOTOS-NO-SISTEMA-NOVO-2025-03-11T145628.763_2025-03-11_17-56-39_png_2025-03-11_17-56-40.webp 1200w\" sizes=\"(max-width: 1024px) 100vw, 1024px\"\/><\/figure>\n<p>A jornada semanal soma <strong>30 horas<\/strong>. O programa oferece <strong>bolsa-aux\u00edlio mensal de R$ 937,59<\/strong>, al\u00e9m de <strong>aux\u00edlio-transporte de R$ 17,60 por dia estagiado<\/strong>.<\/p>\n<h3 class=\"wp-block-heading\"><strong>Inscri\u00e7\u00f5es e sele\u00e7\u00e3o<\/strong><\/h3>\n<p>As inscri\u00e7\u00f5es e as provas acontecem de forma <strong>online<\/strong>, por meio da plataforma do Ciee. Os interessados podem se inscrever e realizar a avalia\u00e7\u00e3o entre os dias <strong>8 de dezembro de 2025 e 7 de janeiro de 2026<\/strong>, at\u00e9 <strong>12h<\/strong>.<\/p>\n<p>Para participar, o estudante precisa manter o cadastro atualizado no site do Ciee, com aten\u00e7\u00e3o aos dados de contato, como telefone e WhatsApp, que garantem o recebimento das comunica\u00e7\u00f5es oficiais do processo seletivo.<\/p>\n<p>O edital completo e o link para inscri\u00e7\u00e3o est\u00e3o dispon\u00edveis na plataforma do Ciee \u2013 <a href=\"https:\/\/pp.ciee.org.br\/vitrine\/13768\/detalhe\" data-type=\"link\" data-id=\"https:\/\/pp.ciee.org.br\/vitrine\/13768\/detalhe\" target=\"_blank\" rel=\"noopener\">clique aqui.<\/a><\/p>\n<hr class=\"wp-block-separator has-alpha-channel-opacity\"\/>\n<p>SAIBA MAIS<\/p>\n<p>Inmet publica alerta amarelo para o interior de SP; Veja os locais<\/p>\n<h2 class=\"wp-block-heading\"><strong>FIQUE ON<\/strong><\/h2>\n<p>Fique ligado em tudo que acontece em Ribeir\u00e3o Preto e regi\u00e3o. Siga os perfis do\u00a0<strong>acidade on<\/strong>\u00a0no\u00a0<a href=\"https:\/\/www.instagram.com\/acidadeonribeirao\" target=\"_blank\" rel=\"noreferrer noopener\">Instagram<\/a>\u00a0e no<a href=\"https:\/\/www.facebook.com\/acidadeonribeirao\/\" target=\"_blank\" rel=\"noreferrer noopener\">\u00a0Facebook<\/a>.<\/p>\n<p>Receba not\u00edcias do\u00a0<strong>acidade on<\/strong>\u00a0no WhatsApp. Para entrar no grupo,\u00a0basta\u00a0<a href=\"https:\/\/chat.whatsapp.com\/GFH9HUMUTHNFJdnyEd0xxq\" target=\"_blank\" rel=\"noreferrer noopener\">clicar aqui<\/a>. Ou, acesse o nosso\u00a0Canal\u00a0<a href=\"https:\/\/whatsapp.com\/channel\/0029Vb6IQl1JENyAeS57fk2p\" target=\"_blank\" rel=\"noreferrer noopener\">clicando aqui<\/a>.<\/p>\n<p>Fa\u00e7a uma den\u00fancia ou sugira uma reportagem sobre Ribeir\u00e3o Preto e regi\u00e3o pelo WhatsApp: 16 99117 7802.<\/p>\n<p>VEJA TAMB\u00c9M<br \/>Qual o novo valor de contribui\u00e7\u00e3o mensal do MEI?<\/p>\n<p><!-- AI CONTENT END 1 -->\n<\/div>\n<p><script async src=\"\/\/www.instagram.com\/embed.js\"><\/script><br \/>\n<br \/><br \/>\n<br \/><a href=\"https:\/\/www.acidadeon.com\/ribeiraopreto\/economia\/procon-sp-abre-processo-seletivo-com-vagas-em-ribeirao-preto\/\">Source link <\/a><\/p>\n<!-- CONTENT END 1 -->\n","protected":false},"excerpt":{"rendered":"<p>O Procon-SP abriu processo seletivo para contrata\u00e7\u00e3o de estagi\u00e1rios em parceria com o Centro de Integra\u00e7\u00e3o Empresa-Escola (Ciee). As oportunidades atendem a sede do \u00f3rg\u00e3o,&#8230;<\/p>\n","protected":false},"author":1,"featured_media":79085,"comment_status":"open","ping_status":"open","sticky":false,"template":"","format":"standard","meta":{"advanced_seo_description":"","jetpack_seo_html_title":"","jetpack_seo_noindex":false,"jetpack_post_was_ever_published":false,"_jetpack_newsletter_access":"","_jetpack_dont_email_post_to_subs":false,"_jetpack_newsletter_tier_id":0,"_jetpack_memberships_contains_paywalled_content":false,"_jetpack_memberships_contains_paid_content":false,"footnotes":"","jetpack_publicize_message":"","jetpack_publicize_feature_enabled":true,"jetpack_social_post_already_shared":true,"jetpack_social_options":{"image_generator_settings":{"template":"highway","default_image_id":0,"font":"","enabled":false},"version":2}},"categories":[11],"tags":[],"class_list":["post-81444","post","type-post","status-publish","format-standard","has-post-thumbnail","hentry","category-noticias-de-ribeirao-preto-sp-e-regiao-ismael-colosi"],"jetpack_publicize_connections":[],"jetpack_featured_media_url":"https:\/\/i0.wp.com\/noticiasribeiraopreto.com.br\/wp-content\/uploads\/2025\/10\/Copia-de-Copia-de-Copia-de-TAMANHO-EXATO-PARA-FOTOS-NO-SISTEMA-NOVO-2025-10-23T165559.432_2025-10-23_19-56-21.webp.webp?fit=1200%2C675&ssl=1","jetpack-related-posts":[{"id":35543,"url":"https:\/\/noticiasribeiraopreto.com.br\/index.php\/2024\/02\/06\/procon-sp-tem-processo-seletivo-de-estagio-com-vagas-em-ribeirao-preto\/","url_meta":{"origin":81444,"position":0},"title":"Procon-SP tem processo seletivo de est\u00e1gio com vagas em Ribeir\u00e3o Preto","author":"noticiasribeiraopreto.com.br","date":"6 de February de 2024","format":false,"excerpt":"O Procon-SP abriu processo seletivo para contrata\u00e7\u00e3o de estagi\u00e1rios com vagas em todo o Estado de S\u00e3o Paulo, incluindo Ribeir\u00e3o Preto. As oportunidades s\u00e3o para estudantes de n\u00edvel m\u00e9dio e superior. As inscri\u00e7\u00f5es dever\u00e3o ser realizadas pela internet, no site do Ciee (clique aqui), no per\u00edodo entre 8 e 28\u2026","rel":"","context":"In &quot;Not\u00edcias de Ribeir\u00e3o Preto-SP e Regi\u00e3o&quot;","block_context":{"text":"Not\u00edcias de Ribeir\u00e3o Preto-SP e Regi\u00e3o","link":"https:\/\/noticiasribeiraopreto.com.br\/index.php\/category\/noticias-de-ribeirao-preto-sp-e-regiao-ismael-colosi\/"},"img":{"alt_text":"","src":"https:\/\/i0.wp.com\/noticiasribeiraopreto.com.br\/wp-content\/uploads\/2024\/02\/estagio.jpg?fit=1200%2C800&ssl=1&resize=350%2C200","width":350,"height":200,"srcset":"https:\/\/i0.wp.com\/noticiasribeiraopreto.com.br\/wp-content\/uploads\/2024\/02\/estagio.jpg?fit=1200%2C800&ssl=1&resize=350%2C200 1x, https:\/\/i0.wp.com\/noticiasribeiraopreto.com.br\/wp-content\/uploads\/2024\/02\/estagio.jpg?fit=1200%2C800&ssl=1&resize=525%2C300 1.5x, https:\/\/i0.wp.com\/noticiasribeiraopreto.com.br\/wp-content\/uploads\/2024\/02\/estagio.jpg?fit=1200%2C800&ssl=1&resize=700%2C400 2x, https:\/\/i0.wp.com\/noticiasribeiraopreto.com.br\/wp-content\/uploads\/2024\/02\/estagio.jpg?fit=1200%2C800&ssl=1&resize=1050%2C600 3x"},"classes":[]},{"id":55398,"url":"https:\/\/noticiasribeiraopreto.com.br\/index.php\/2024\/08\/01\/procon-abre-processo-seletivo-para-estudantes-do-interior-de-sp-vejas-as-cidades\/","url_meta":{"origin":81444,"position":1},"title":"Procon abre processo seletivo para estudantes do interior de SP; Vejas as cidades","author":"noticiasribeiraopreto.com.br","date":"1 de August de 2024","format":false,"excerpt":"O Procon do Estado de S\u00e3o Paulo est\u00e1 com inscri\u00e7\u00f5es abertas para processo seletivo destinado a estudantes do ensino m\u00e9dio e superior, com vagas, para cadastro reserva, na capital e no interior de S\u00e3o Paulo, incluindo Ribeir\u00e3o Preto. Os interessados devem se inscrever, exclusivamente, pelo site do CIEE (clique aqui)\u2026","rel":"","context":"In &quot;Not\u00edcias de Ribeir\u00e3o Preto-SP e Regi\u00e3o&quot;","block_context":{"text":"Not\u00edcias de Ribeir\u00e3o Preto-SP e Regi\u00e3o","link":"https:\/\/noticiasribeiraopreto.com.br\/index.php\/category\/noticias-de-ribeirao-preto-sp-e-regiao-ismael-colosi\/"},"img":{"alt_text":"","src":"https:\/\/i0.wp.com\/noticiasribeiraopreto.com.br\/wp-content\/uploads\/2024\/08\/Copia-de-Copia-de-TAMANHO-EXATO-PARA-FOTOS-NO-SISTEMA-NOVO-20_2024-08-01_16-32-51_jpg_2024-08-01_16-32-51.webp.webp?fit=1200%2C675&ssl=1&resize=350%2C200","width":350,"height":200,"srcset":"https:\/\/i0.wp.com\/noticiasribeiraopreto.com.br\/wp-content\/uploads\/2024\/08\/Copia-de-Copia-de-TAMANHO-EXATO-PARA-FOTOS-NO-SISTEMA-NOVO-20_2024-08-01_16-32-51_jpg_2024-08-01_16-32-51.webp.webp?fit=1200%2C675&ssl=1&resize=350%2C200 1x, https:\/\/i0.wp.com\/noticiasribeiraopreto.com.br\/wp-content\/uploads\/2024\/08\/Copia-de-Copia-de-TAMANHO-EXATO-PARA-FOTOS-NO-SISTEMA-NOVO-20_2024-08-01_16-32-51_jpg_2024-08-01_16-32-51.webp.webp?fit=1200%2C675&ssl=1&resize=525%2C300 1.5x, https:\/\/i0.wp.com\/noticiasribeiraopreto.com.br\/wp-content\/uploads\/2024\/08\/Copia-de-Copia-de-TAMANHO-EXATO-PARA-FOTOS-NO-SISTEMA-NOVO-20_2024-08-01_16-32-51_jpg_2024-08-01_16-32-51.webp.webp?fit=1200%2C675&ssl=1&resize=700%2C400 2x, https:\/\/i0.wp.com\/noticiasribeiraopreto.com.br\/wp-content\/uploads\/2024\/08\/Copia-de-Copia-de-TAMANHO-EXATO-PARA-FOTOS-NO-SISTEMA-NOVO-20_2024-08-01_16-32-51_jpg_2024-08-01_16-32-51.webp.webp?fit=1200%2C675&ssl=1&resize=1050%2C600 3x"},"classes":[]},{"id":52886,"url":"https:\/\/noticiasribeiraopreto.com.br\/index.php\/2024\/06\/13\/com-vagas-em-ribeirao-cetesb-abre-processo-seletivo-para-estagiarios-veja-como-participar\/","url_meta":{"origin":81444,"position":2},"title":"Com vagas em Ribeir\u00e3o, Cetesb abre processo seletivo para estagi\u00e1rios; Veja como participar","author":"noticiasribeiraopreto.com.br","date":"13 de June de 2024","format":false,"excerpt":"A Companhia Ambiental do Estado de S\u00e3o Paulo (Cetesb) anunciou a abertura de 275 vagas de est\u00e1gio para diversas \u00e1reas em diversos mun\u00edcipios do estado de SP, inclusive em Ribeir\u00e3o Preto. As vagas est\u00e3o dispon\u00edveis para estudantes do ensino superior de diversos cursos \u2013 veja a rela\u00e7\u00e3o abaixo. Os estagi\u00e1rios\u2026","rel":"","context":"In &quot;Not\u00edcias de Ribeir\u00e3o Preto-SP e Regi\u00e3o&quot;","block_context":{"text":"Not\u00edcias de Ribeir\u00e3o Preto-SP e Regi\u00e3o","link":"https:\/\/noticiasribeiraopreto.com.br\/index.php\/category\/noticias-de-ribeirao-preto-sp-e-regiao-ismael-colosi\/"},"img":{"alt_text":"","src":"https:\/\/i0.wp.com\/noticiasribeiraopreto.com.br\/wp-content\/uploads\/2024\/06\/cetesb.jpeg?fit=1024%2C682&ssl=1&resize=350%2C200","width":350,"height":200,"srcset":"https:\/\/i0.wp.com\/noticiasribeiraopreto.com.br\/wp-content\/uploads\/2024\/06\/cetesb.jpeg?fit=1024%2C682&ssl=1&resize=350%2C200 1x, https:\/\/i0.wp.com\/noticiasribeiraopreto.com.br\/wp-content\/uploads\/2024\/06\/cetesb.jpeg?fit=1024%2C682&ssl=1&resize=525%2C300 1.5x, https:\/\/i0.wp.com\/noticiasribeiraopreto.com.br\/wp-content\/uploads\/2024\/06\/cetesb.jpeg?fit=1024%2C682&ssl=1&resize=700%2C400 2x"},"classes":[]},{"id":71850,"url":"https:\/\/noticiasribeiraopreto.com.br\/index.php\/2025\/06\/10\/em-busca-de-estagio-ipem-abre-novo-processo-seletivo-com-vagas-em-ribeirao-preto\/","url_meta":{"origin":81444,"position":3},"title":"Em busca de est\u00e1gio? Ipem abre novo processo seletivo com vagas em Ribeir\u00e3o Preto","author":"noticiasribeiraopreto.com.br","date":"10 de June de 2025","format":false,"excerpt":"O Instituto de Pesos e Medidas do Estado de S\u00e3o Paulo (Ipem-SP), iniciou um novo processo seletivo para contrata\u00e7\u00e3o de estagi\u00e1rios. As oportunidades s\u00e3o destinadas a estudantes do ensino t\u00e9cnico e superior, com vagas dispon\u00edveis em diversas cidades do estado, incluindo Ribeir\u00e3o Preto. As inscri\u00e7\u00f5es come\u00e7aram no dia 9 de\u2026","rel":"","context":"In &quot;Not\u00edcias de Ribeir\u00e3o Preto-SP e Regi\u00e3o&quot;","block_context":{"text":"Not\u00edcias de Ribeir\u00e3o Preto-SP e Regi\u00e3o","link":"https:\/\/noticiasribeiraopreto.com.br\/index.php\/category\/noticias-de-ribeirao-preto-sp-e-regiao-ismael-colosi\/"},"img":{"alt_text":"","src":"https:\/\/i0.wp.com\/noticiasribeiraopreto.com.br\/wp-content\/uploads\/2025\/06\/focused-users-testing-vr-software_2025-06-10_18-25-02.webp.webp?fit=1200%2C800&ssl=1&resize=350%2C200","width":350,"height":200,"srcset":"https:\/\/i0.wp.com\/noticiasribeiraopreto.com.br\/wp-content\/uploads\/2025\/06\/focused-users-testing-vr-software_2025-06-10_18-25-02.webp.webp?fit=1200%2C800&ssl=1&resize=350%2C200 1x, https:\/\/i0.wp.com\/noticiasribeiraopreto.com.br\/wp-content\/uploads\/2025\/06\/focused-users-testing-vr-software_2025-06-10_18-25-02.webp.webp?fit=1200%2C800&ssl=1&resize=525%2C300 1.5x, https:\/\/i0.wp.com\/noticiasribeiraopreto.com.br\/wp-content\/uploads\/2025\/06\/focused-users-testing-vr-software_2025-06-10_18-25-02.webp.webp?fit=1200%2C800&ssl=1&resize=700%2C400 2x, https:\/\/i0.wp.com\/noticiasribeiraopreto.com.br\/wp-content\/uploads\/2025\/06\/focused-users-testing-vr-software_2025-06-10_18-25-02.webp.webp?fit=1200%2C800&ssl=1&resize=1050%2C600 3x"},"classes":[]},{"id":39374,"url":"https:\/\/noticiasribeiraopreto.com.br\/index.php\/2024\/02\/25\/fundet-lanca-processo-seletivo-para-estagiarios\/","url_meta":{"origin":81444,"position":4},"title":"Fundet lan\u00e7a processo seletivo para estagi\u00e1rios","author":"noticiasribeiraopreto.com.br","date":"25 de February de 2024","format":false,"excerpt":"Estudantes do ensino superior que queiram atuar na administra\u00e7\u00e3o p\u00fablica t\u00eam, a partir desta segunda-feira, 26 de fevereiro, a oportunidade de participar do processo seletivo da Funda\u00e7\u00e3o de Educa\u00e7\u00e3o para o Trabalho (Fundet), ligada \u00e0 prefeitura de Ribeir\u00e3o Preto. Podem participar jovens que estejam regularmente matriculados em institui\u00e7\u00f5es p\u00fablicas ou\u2026","rel":"","context":"In &quot;Not\u00edcias de Ribeir\u00e3o Preto-SP e Regi\u00e3o&quot;","block_context":{"text":"Not\u00edcias de Ribeir\u00e3o Preto-SP e Regi\u00e3o","link":"https:\/\/noticiasribeiraopreto.com.br\/index.php\/category\/noticias-de-ribeirao-preto-sp-e-regiao-ismael-colosi\/"},"img":{"alt_text":"","src":"https:\/\/i0.wp.com\/noticiasribeiraopreto.com.br\/wp-content\/uploads\/2024\/02\/Estagio-Alexandre-de-Azevedo-scaled.jpg?fit=968%2C645&ssl=1&resize=350%2C200","width":350,"height":200,"srcset":"https:\/\/i0.wp.com\/noticiasribeiraopreto.com.br\/wp-content\/uploads\/2024\/02\/Estagio-Alexandre-de-Azevedo-scaled.jpg?fit=968%2C645&ssl=1&resize=350%2C200 1x, https:\/\/i0.wp.com\/noticiasribeiraopreto.com.br\/wp-content\/uploads\/2024\/02\/Estagio-Alexandre-de-Azevedo-scaled.jpg?fit=968%2C645&ssl=1&resize=525%2C300 1.5x, https:\/\/i0.wp.com\/noticiasribeiraopreto.com.br\/wp-content\/uploads\/2024\/02\/Estagio-Alexandre-de-Azevedo-scaled.jpg?fit=968%2C645&ssl=1&resize=700%2C400 2x"},"classes":[]},{"id":83840,"url":"https:\/\/noticiasribeiraopreto.com.br\/index.php\/2026\/03\/27\/ambev-abre-inscricoes-para-processo-seletivo-com-vagas-em-ribeirao-preto\/","url_meta":{"origin":81444,"position":5},"title":"Ambev abre inscri\u00e7\u00f5es para processo seletivo com vagas em Ribeir\u00e3o Preto","author":"noticiasribeiraopreto.com.br","date":"27 de March de 2026","format":false,"excerpt":"A Ambev est\u00e1 com inscri\u00e7\u00f5es abertas para o processo seletivo do Programa de Est\u00e1gio 2026. As oportunidades s\u00e3o para estudantes de gradua\u00e7\u00e3o no estado de S\u00e3o Paulo, incluindo Ribeir\u00e3o Preto. Com o mote \u201cPotencialize seu futuro\u201d, o programa busca jovens talentos dispostos a encarar desafios reais e acelerar o pr\u00f3prio\u2026","rel":"","context":"In &quot;Not\u00edcias de Ribeir\u00e3o Preto-SP e Regi\u00e3o&quot;","block_context":{"text":"Not\u00edcias de Ribeir\u00e3o Preto-SP e Regi\u00e3o","link":"https:\/\/noticiasribeiraopreto.com.br\/index.php\/category\/noticias-de-ribeirao-preto-sp-e-regiao-ismael-colosi\/"},"img":{"alt_text":"","src":"https:\/\/i0.wp.com\/noticiasribeiraopreto.com.br\/wp-content\/uploads\/2026\/03\/ambev-estagio_2026-03-27_12-30-19.webp.webp?fit=1200%2C800&ssl=1&resize=350%2C200","width":350,"height":200,"srcset":"https:\/\/i0.wp.com\/noticiasribeiraopreto.com.br\/wp-content\/uploads\/2026\/03\/ambev-estagio_2026-03-27_12-30-19.webp.webp?fit=1200%2C800&ssl=1&resize=350%2C200 1x, https:\/\/i0.wp.com\/noticiasribeiraopreto.com.br\/wp-content\/uploads\/2026\/03\/ambev-estagio_2026-03-27_12-30-19.webp.webp?fit=1200%2C800&ssl=1&resize=525%2C300 1.5x, https:\/\/i0.wp.com\/noticiasribeiraopreto.com.br\/wp-content\/uploads\/2026\/03\/ambev-estagio_2026-03-27_12-30-19.webp.webp?fit=1200%2C800&ssl=1&resize=700%2C400 2x, https:\/\/i0.wp.com\/noticiasribeiraopreto.com.br\/wp-content\/uploads\/2026\/03\/ambev-estagio_2026-03-27_12-30-19.webp.webp?fit=1200%2C800&ssl=1&resize=1050%2C600 3x"},"classes":[]}],"jetpack_sharing_enabled":true,"jetpack_shortlink":"https:\/\/wp.me\/peQAOb-lbC","_links":{"self":[{"href":"https:\/\/noticiasribeiraopreto.com.br\/index.php\/wp-json\/wp\/v2\/posts\/81444","targetHints":{"allow":["GET"]}}],"collection":[{"href":"https:\/\/noticiasribeiraopreto.com.br\/index.php\/wp-json\/wp\/v2\/posts"}],"about":[{"href":"https:\/\/noticiasribeiraopreto.com.br\/index.php\/wp-json\/wp\/v2\/types\/post"}],"author":[{"embeddable":true,"href":"https:\/\/noticiasribeiraopreto.com.br\/index.php\/wp-json\/wp\/v2\/users\/1"}],"replies":[{"embeddable":true,"href":"https:\/\/noticiasribeiraopreto.com.br\/index.php\/wp-json\/wp\/v2\/comments?post=81444"}],"version-history":[{"count":0,"href":"https:\/\/noticiasribeiraopreto.com.br\/index.php\/wp-json\/wp\/v2\/posts\/81444\/revisions"}],"wp:featuredmedia":[{"embeddable":true,"href":"https:\/\/noticiasribeiraopreto.com.br\/index.php\/wp-json\/wp\/v2\/media\/79085"}],"wp:attachment":[{"href":"https:\/\/noticiasribeiraopreto.com.br\/index.php\/wp-json\/wp\/v2\/media?parent=81444"}],"wp:term":[{"taxonomy":"category","embeddable":true,"href":"https:\/\/noticiasribeiraopreto.com.br\/index.php\/wp-json\/wp\/v2\/categories?post=81444"},{"taxonomy":"post_tag","embeddable":true,"href":"https:\/\/noticiasribeiraopreto.com.br\/index.php\/wp-json\/wp\/v2\/tags?post=81444"}],"curies":[{"name":"wp","href":"https:\/\/api.w.org\/{rel}","templated":true}]}}