{"id":81445,"date":"2026-01-06T09:05:35","date_gmt":"2026-01-06T12:05:35","guid":{"rendered":"https:\/\/noticiasribeiraopreto.com.br\/index.php\/2026\/01\/06\/obras-na-camara-de-rp-devem-terminar-em-maio\/"},"modified":"2026-01-06T09:05:35","modified_gmt":"2026-01-06T12:05:35","slug":"obras-na-camara-de-rp-devem-terminar-em-maio","status":"publish","type":"post","link":"https:\/\/noticiasribeiraopreto.com.br\/index.php\/2026\/01\/06\/obras-na-camara-de-rp-devem-terminar-em-maio\/","title":{"rendered":"Obras na C\u00e2mara de RP devem terminar em maio"},"content":{"rendered":"<div class='code-block code-block-1' style='margin: 8px 0 8px auto; text-align: right; display: block; clear: both;'>\n<p><a href=\"https:\/\/wa.link\/vpicfd\"><img data-recalc-dims=\"1\" class=\"wp-image-4922\" style=\"aspect-ratio: 2.0253164556962027; width: 561px; height: auto;\" src=\"https:\/\/i0.wp.com\/ismaelcolosi.com.br\/wp-content\/uploads\/2023\/11\/grupo-de-empregos-whatsapp-e-facebook-ismael-colosi-vagas.jpg?ssl=1\" alt=\"\" \/><\/a><\/p>\n<!-- \/wp:image -->\n<\/div>\n<p> <br \/>\n<\/p>\n<div id=\"\">&#13;<br \/>\n\t\t\t\t\t\t\t\t&#13;<\/p>\n<p>&#13;<br \/>\n\t\t\t\t\t\t\t\t\t<span class=\"entry-meta-item penci-posted-on\"><i class=\"fa fa-clock-o\"\/><time class=\"entry-date published updated\" datetime=\"2026-01-06T09:03:48-03:00\">6 de janeiro de 2026 09:03<\/time><\/span><span class=\"entry-meta-item penci-post-countview\"\/>\t\t\t\t\t\t\t\t<\/p>\n<p><!-- .entry-meta -->&#13;<br \/>\n\t\t\t\t\t\t\t\t<span class=\"penci-social-buttons penci-social-share-footer\"><span class=\"penci-social-share-text\">Compartilhar<\/span><a href=\"#\" class=\"penci-post-like penci_post-meta_item  single-like-button penci-social-item like\" data-post_id=\"451094\" title=\"Like\" data-like=\"Like\" data-unlike=\"Unlike\"><i class=\"fa fa-thumbs-o-up\"\/><span class=\"penci-share-number\">0<\/span><\/a><i class=\"fa fa-facebook\"\/><a class=\"penci-social-item twitter\" target=\"_blank\" rel=\"noopener\" title=\"\" href=\"https:\/\/twitter.com\/intent\/tweet?text=Obras%20na%20C\u00e2mara%20de%20RP%20devem%20terminar%20em%20maio%20-%20https:\/\/www.tribunaribeirao.com.br\/obras-na-camara-de-rp-devem-terminar-em-maio\/\"><i class=\"fa fa-twitter\"\/><\/a><i class=\"fa fa-linkedin\"\/><i class=\"fa fa-whatsapp\"\/><i class=\"fa fa-telegram\"\/><i class=\"fa fa-envelope\"\/><\/span>\t\t\t\t\t\t\t<\/div>\n<div>\n<p><em>Com custo de R$ 4,7 milh\u00f5es, a reforma e moderniza\u00e7\u00e3o dos plen\u00e1rios do Legislativo tamb\u00e9m foram necess\u00e1rias para que a C\u00e2mara regularize definitivamente o Auto de Vistoria do Corpo de Bombeiros (AVCB).<\/em><\/p>\n<p>As obras de reforma dos Plen\u00e1rios I e II da C\u00e2mara Municipal de Ribeir\u00e3o Preto, iniciadas no come\u00e7o de dezembro do ano passado, devem ser conclu\u00eddas no m\u00eas de maio, segundo cronograma estabelecido pela empresa Arcon Construtora Ltda., da cidade de Hortol\u00e2ndia, respons\u00e1vel pelos trabalhos. O contrato prev\u00ea que a conclus\u00e3o possa ocorrer em at\u00e9 oito meses, mas a empresa afirma que o servi\u00e7o ser\u00e1 conclu\u00eddo em cinco.<\/p>\n<p>A construtora foi a terceira colocada no certame e ofereceu proposta no valor de R$ 4.765.616,33, sendo convocada ap\u00f3s as duas primeiras colocadas terem sido desclassificadas por problemas na documenta\u00e7\u00e3o exigida no edital.<\/p>\n<p>Em fun\u00e7\u00e3o das obras, as sess\u00f5es da C\u00e2mara passaram a ser virtuais no m\u00eas de dezembro, antes do recesso parlamentar do Legislativo, que come\u00e7ou em 23 de dezembro e s\u00f3 terminar\u00e1 no dia 2 de fevereiro. Se o prazo anunciado pela construtora for cumprido, as sess\u00f5es presenciais dever\u00e3o ser retomadas no m\u00eas de junho.<\/p>\n<p>Nesta segunda-feira, 5 de janeiro, o presidente da C\u00e2mara de Vereadores, Isaac Antunes (PL), vistoriou as obras. A vistoria teve como objetivo verificar os servi\u00e7os j\u00e1 executados, acompanhar as frentes de trabalho e conferir o cumprimento do cronograma estabelecido em contrato.<\/p>\n<p>A reforma total prev\u00ea a revitaliza\u00e7\u00e3o dos espa\u00e7os, com mais acessibilidade e conforto para a popula\u00e7\u00e3o que visita o Legislativo, al\u00e9m da moderniza\u00e7\u00e3o das atividades dos vereadores. A adequa\u00e7\u00e3o foi necess\u00e1ria, principalmente, para que a C\u00e2mara consiga regularizar definitivamente o Auto de Vistoria do Corpo de Bombeiros (AVCB).<\/p>\n<p>O Sal\u00e3o Nobre passar\u00e1 a ser considerado um segundo plen\u00e1rio e receber\u00e1 o atual sistema de vota\u00e7\u00e3o que hoje est\u00e1 em uso no plen\u00e1rio principal.<\/p>\n<p>J\u00e1 no plen\u00e1rio Jornalista Orlando Vitaliano, a reforma contempla a amplia\u00e7\u00e3o da \u00e1rea destinada aos parlamentares, a implanta\u00e7\u00e3o de um novo sistema de vota\u00e7\u00e3o com tel\u00e3o de LED, a troca do carpete por um material com resist\u00eancia ao fogo e a adequa\u00e7\u00e3o das cadeiras das galerias, visando garantir acessibilidade para pessoas com defici\u00eancia.<\/p>\n<p>Tamb\u00e9m ser\u00e3o realizadas a troca de piso, a instala\u00e7\u00e3o de novos sanit\u00e1rios adaptados, a adequa\u00e7\u00e3o da ilumina\u00e7\u00e3o, a altera\u00e7\u00e3o da fachada conforme orienta\u00e7\u00e3o do Corpo de Bombeiros e a adequa\u00e7\u00e3o das rampas com material n\u00e3o combust\u00edvel, conforme exig\u00eancias legais da corpora\u00e7\u00e3o. Por fim, ser\u00e1 refeita toda a parte el\u00e9trica, com a troca do transformador e de toda a fia\u00e7\u00e3o, al\u00e9m da implanta\u00e7\u00e3o de um para-raios e de um n\u00facleo independente de energia no plen\u00e1rio.<\/p>\n<\/div>\n<p><script async src=\"\/\/platform.twitter.com\/widgets.js\" charset=\"utf-8\"><\/script><br \/>\n<br \/><br \/>\n<br \/><a href=\"https:\/\/www.tribunaribeirao.com.br\/obras-na-camara-de-rp-devem-terminar-em-maio\/\">Source link <\/a><\/p>\n<!-- CONTENT END 1 -->\n","protected":false},"excerpt":{"rendered":"<p>&#13; &#13; &#13; 6 de janeiro de 2026 09:03 &#13; Compartilhar0 Com custo de R$ 4,7 milh\u00f5es, a reforma e moderniza\u00e7\u00e3o dos plen\u00e1rios do Legislativo&#8230;<\/p>\n","protected":false},"author":1,"featured_media":81446,"comment_status":"open","ping_status":"open","sticky":false,"template":"","format":"standard","meta":{"advanced_seo_description":"","jetpack_seo_html_title":"","jetpack_seo_noindex":false,"jetpack_post_was_ever_published":false,"_jetpack_newsletter_access":"","_jetpack_dont_email_post_to_subs":false,"_jetpack_newsletter_tier_id":0,"_jetpack_memberships_contains_paywalled_content":false,"_jetpack_memberships_contains_paid_content":false,"footnotes":"","jetpack_publicize_message":"","jetpack_publicize_feature_enabled":true,"jetpack_social_post_already_shared":true,"jetpack_social_options":{"image_generator_settings":{"template":"highway","default_image_id":0,"font":"","enabled":false},"version":2}},"categories":[11],"tags":[],"class_list":["post-81445","post","type-post","status-publish","format-standard","has-post-thumbnail","hentry","category-noticias-de-ribeirao-preto-sp-e-regiao-ismael-colosi"],"jetpack_publicize_connections":[],"jetpack_featured_media_url":"https:\/\/i0.wp.com\/noticiasribeiraopreto.com.br\/wp-content\/uploads\/2026\/01\/3-obras-camara-risk-scaled.jpeg?fit=1040%2C780&ssl=1","jetpack-related-posts":[{"id":31700,"url":"https:\/\/noticiasribeiraopreto.com.br\/index.php\/2024\/01\/23\/obras-em-corredor-de-onibus-da-castelo-branco-e-treze-de-maio-serao-retomadas-em-ribeirao\/","url_meta":{"origin":81445,"position":0},"title":"Obras em corredor de \u00f4nibus da Castelo Branco e Treze de Maio ser\u00e3o retomadas em Ribeir\u00e3o","author":"noticiasribeiraopreto.com.br","date":"23 de January de 2024","format":false,"excerpt":"As obras do corredor de \u00f4nibus Castelo Branco\/Treze de Maio, na zona Leste de Ribeir\u00e3o Preto, ser\u00e3o retomadas nesta ter\u00e7a-feira (23). O primeiro trabalho a ser executado neste retorno \u00e9 a pavimenta\u00e7\u00e3o do trecho da avenida Le\u00e3o XIII. A previs\u00e3o \u00e9 de que essa etapa dure ao menos uma semana.\u2026","rel":"","context":"In &quot;Not\u00edcias de Ribeir\u00e3o Preto-SP e Regi\u00e3o&quot;","block_context":{"text":"Not\u00edcias de Ribeir\u00e3o Preto-SP e Regi\u00e3o","link":"https:\/\/noticiasribeiraopreto.com.br\/index.php\/category\/noticias-de-ribeirao-preto-sp-e-regiao-ismael-colosi\/"},"img":{"alt_text":"","src":"https:\/\/i0.wp.com\/noticiasribeiraopreto.com.br\/wp-content\/uploads\/2024\/01\/corredor-castelo.jpg?fit=1200%2C800&ssl=1&resize=350%2C200","width":350,"height":200,"srcset":"https:\/\/i0.wp.com\/noticiasribeiraopreto.com.br\/wp-content\/uploads\/2024\/01\/corredor-castelo.jpg?fit=1200%2C800&ssl=1&resize=350%2C200 1x, https:\/\/i0.wp.com\/noticiasribeiraopreto.com.br\/wp-content\/uploads\/2024\/01\/corredor-castelo.jpg?fit=1200%2C800&ssl=1&resize=525%2C300 1.5x, https:\/\/i0.wp.com\/noticiasribeiraopreto.com.br\/wp-content\/uploads\/2024\/01\/corredor-castelo.jpg?fit=1200%2C800&ssl=1&resize=700%2C400 2x, https:\/\/i0.wp.com\/noticiasribeiraopreto.com.br\/wp-content\/uploads\/2024\/01\/corredor-castelo.jpg?fit=1200%2C800&ssl=1&resize=1050%2C600 3x"},"classes":[]},{"id":40239,"url":"https:\/\/noticiasribeiraopreto.com.br\/index.php\/2024\/03\/01\/camara-de-rp-quer-convocar-secretario\/","url_meta":{"origin":81445,"position":1},"title":"C\u00e2mara de RP quer convocar secret\u00e1rio \u00a0","author":"noticiasribeiraopreto.com.br","date":"1 de March de 2024","format":false,"excerpt":"1 de mar\u00e7o de 2024 | 17:301 de mar\u00e7o de 2024 | 16:07 0A C\u00e2mara de Ribeir\u00e3o Preto deve votar, nas pr\u00f3ximas sess\u00f5es, projeto de resolu\u00e7\u00e3o da Mesa Diretora que convoca o secret\u00e1rio municipal de Obras P\u00fablicas, Pedro Luiz Pegoraro, para prestar esclarecimentos aos parlamentares. Eles querem saber os motivos\u2026","rel":"","context":"In &quot;Not\u00edcias de Ribeir\u00e3o Preto-SP e Regi\u00e3o&quot;","block_context":{"text":"Not\u00edcias de Ribeir\u00e3o Preto-SP e Regi\u00e3o","link":"https:\/\/noticiasribeiraopreto.com.br\/index.php\/category\/noticias-de-ribeirao-preto-sp-e-regiao-ismael-colosi\/"},"img":{"alt_text":"","src":"https:\/\/i0.wp.com\/noticiasribeiraopreto.com.br\/wp-content\/uploads\/2024\/03\/PonteRP-Fernando-Gonzaga-scaled.jpg?fit=967%2C645&ssl=1&resize=350%2C200","width":350,"height":200,"srcset":"https:\/\/i0.wp.com\/noticiasribeiraopreto.com.br\/wp-content\/uploads\/2024\/03\/PonteRP-Fernando-Gonzaga-scaled.jpg?fit=967%2C645&ssl=1&resize=350%2C200 1x, https:\/\/i0.wp.com\/noticiasribeiraopreto.com.br\/wp-content\/uploads\/2024\/03\/PonteRP-Fernando-Gonzaga-scaled.jpg?fit=967%2C645&ssl=1&resize=525%2C300 1.5x, https:\/\/i0.wp.com\/noticiasribeiraopreto.com.br\/wp-content\/uploads\/2024\/03\/PonteRP-Fernando-Gonzaga-scaled.jpg?fit=967%2C645&ssl=1&resize=700%2C400 2x"},"classes":[]},{"id":59981,"url":"https:\/\/noticiasribeiraopreto.com.br\/index.php\/2024\/11\/03\/chuvas-devem-continuar-com-chegada-de-nova-frente-fria-ao-interior-de-sp\/","url_meta":{"origin":81445,"position":2},"title":"Chuvas devem continuar com chegada de nova frente fria ao interior de SP","author":"noticiasribeiraopreto.com.br","date":"3 de November de 2024","format":false,"excerpt":"Uma nova frente fria deve chegar ao interior de S\u00e3o Paulo na pr\u00f3xima quinta-feira (7), provocando chuvas intensas, segundo a Climatempo. Na pr\u00f3xima sexta-feira (8), Ribeir\u00e3o Preto pode ter chuva forte e trovoada. Os meteorologistas informam que a frente fria deve ser formar entre quarta-feira (6) e a quinta-feira (7)\u2026","rel":"","context":"In &quot;Not\u00edcias de Ribeir\u00e3o Preto-SP e Regi\u00e3o&quot;","block_context":{"text":"Not\u00edcias de Ribeir\u00e3o Preto-SP e Regi\u00e3o","link":"https:\/\/noticiasribeiraopreto.com.br\/index.php\/category\/noticias-de-ribeirao-preto-sp-e-regiao-ismael-colosi\/"},"img":{"alt_text":"","src":"https:\/\/i0.wp.com\/noticiasribeiraopreto.com.br\/wp-content\/uploads\/2024\/11\/WhatsApp-Image-2024-03-19-at-16.42.46-1.jpeg?fit=578%2C434&ssl=1&resize=350%2C200","width":350,"height":200,"srcset":"https:\/\/i0.wp.com\/noticiasribeiraopreto.com.br\/wp-content\/uploads\/2024\/11\/WhatsApp-Image-2024-03-19-at-16.42.46-1.jpeg?fit=578%2C434&ssl=1&resize=350%2C200 1x, https:\/\/i0.wp.com\/noticiasribeiraopreto.com.br\/wp-content\/uploads\/2024\/11\/WhatsApp-Image-2024-03-19-at-16.42.46-1.jpeg?fit=578%2C434&ssl=1&resize=525%2C300 1.5x"},"classes":[]},{"id":71740,"url":"https:\/\/noticiasribeiraopreto.com.br\/index.php\/2025\/06\/09\/este-ano-ribeirao-ja-registrou-22-denuncias-de-trabalho-infantil\/","url_meta":{"origin":81445,"position":3},"title":"Este ano, Ribeir\u00e3o j\u00e1 registrou 22 den\u00fancias de Trabalho Infantil","author":"noticiasribeiraopreto.com.br","date":"9 de June de 2025","format":false,"excerpt":"9 de junho de 2025 18:234 Compartilhar0 Dados do Minist\u00e9rio P\u00fablico do Trabalho (MPT) na 15\u00aa Regi\u00e3o, divulgados nesta segunda-feira, 9 de junho, revelam que Ribeir\u00e3o Preto j\u00e1 registrou, este ano \u2013 janeiro a maio \u2013 22 den\u00fancias de trabalho infantil. As den\u00fancias, tamb\u00e9m conhecidas como \u201cnot\u00edcias de fato\u201d (NF),\u2026","rel":"","context":"In &quot;Not\u00edcias de Ribeir\u00e3o Preto-SP e Regi\u00e3o&quot;","block_context":{"text":"Not\u00edcias de Ribeir\u00e3o Preto-SP e Regi\u00e3o","link":"https:\/\/noticiasribeiraopreto.com.br\/index.php\/category\/noticias-de-ribeirao-preto-sp-e-regiao-ismael-colosi\/"},"img":{"alt_text":"","src":"https:\/\/i0.wp.com\/noticiasribeiraopreto.com.br\/wp-content\/uploads\/2025\/06\/trabalho-escravo-arquivo-scaled-1-scaled.jpg?fit=750%2C500&ssl=1&resize=350%2C200","width":350,"height":200,"srcset":"https:\/\/i0.wp.com\/noticiasribeiraopreto.com.br\/wp-content\/uploads\/2025\/06\/trabalho-escravo-arquivo-scaled-1-scaled.jpg?fit=750%2C500&ssl=1&resize=350%2C200 1x, https:\/\/i0.wp.com\/noticiasribeiraopreto.com.br\/wp-content\/uploads\/2025\/06\/trabalho-escravo-arquivo-scaled-1-scaled.jpg?fit=750%2C500&ssl=1&resize=525%2C300 1.5x, https:\/\/i0.wp.com\/noticiasribeiraopreto.com.br\/wp-content\/uploads\/2025\/06\/trabalho-escravo-arquivo-scaled-1-scaled.jpg?fit=750%2C500&ssl=1&resize=700%2C400 2x"},"classes":[]},{"id":27947,"url":"https:\/\/noticiasribeiraopreto.com.br\/index.php\/2024\/01\/14\/bloqueios-no-centro-de-rp-voltam-dia-15\/","url_meta":{"origin":81445,"position":4},"title":"Bloqueios no centro\u00a0de RP voltam dia 15\u00a0","author":"noticiasribeiraopreto.com.br","date":"14 de January de 2024","format":false,"excerpt":"13 de janeiro de 2024 | 11:0013 de janeiro de 2024 | 10:34 0A Black Friday e o Natal passaram e com isso acabou o sossego dos comerciantes. Devido ao andamento das obras do corredor de \u00f4nibus do quadril\u00e1tero central, a partir de segunda-feira, 15 de janeiro, ser\u00e1 necess\u00e1ria a\u2026","rel":"","context":"In &quot;Not\u00edcias de Ribeir\u00e3o Preto-SP e Regi\u00e3o&quot;","block_context":{"text":"Not\u00edcias de Ribeir\u00e3o Preto-SP e Regi\u00e3o","link":"https:\/\/noticiasribeiraopreto.com.br\/index.php\/category\/noticias-de-ribeirao-preto-sp-e-regiao-ismael-colosi\/"},"img":{"alt_text":"","src":"https:\/\/i0.wp.com\/noticiasribeiraopreto.com.br\/wp-content\/uploads\/2024\/01\/Obras-Alfredo-Risk-scaled.jpg?fit=1000%2C563&ssl=1&resize=350%2C200","width":350,"height":200,"srcset":"https:\/\/i0.wp.com\/noticiasribeiraopreto.com.br\/wp-content\/uploads\/2024\/01\/Obras-Alfredo-Risk-scaled.jpg?fit=1000%2C563&ssl=1&resize=350%2C200 1x, https:\/\/i0.wp.com\/noticiasribeiraopreto.com.br\/wp-content\/uploads\/2024\/01\/Obras-Alfredo-Risk-scaled.jpg?fit=1000%2C563&ssl=1&resize=525%2C300 1.5x, https:\/\/i0.wp.com\/noticiasribeiraopreto.com.br\/wp-content\/uploads\/2024\/01\/Obras-Alfredo-Risk-scaled.jpg?fit=1000%2C563&ssl=1&resize=700%2C400 2x"},"classes":[]},{"id":84001,"url":"https:\/\/noticiasribeiraopreto.com.br\/index.php\/2026\/03\/30\/obras-das-avenidas-tanquinho-e-rio-pardo-devem-durar-48-meses\/","url_meta":{"origin":81445,"position":5},"title":"Obras das avenidas Tanquinho e Rio Pardo devem durar 48 meses","author":"noticiasribeiraopreto.com.br","date":"30 de March de 2026","format":false,"excerpt":"Ler o resumo da not\u00edcia Obras do corredor de mobilidade Leste-Oeste em Ribeir\u00e3o Preto ter\u00e3o dura\u00e7\u00e3o estimada de 48 meses. Projeto prev\u00ea interven\u00e7\u00f5es em mais de 27 km, com cria\u00e7\u00e3o da avenida Tanquinho (Leste) e prolongamento da Rio Pardo (Oeste). Financiamento federal de R$ 1,1 bilh\u00e3o faz parte do programa\u2026","rel":"","context":"In &quot;Not\u00edcias de Ribeir\u00e3o Preto-SP e Regi\u00e3o&quot;","block_context":{"text":"Not\u00edcias de Ribeir\u00e3o Preto-SP e Regi\u00e3o","link":"https:\/\/noticiasribeiraopreto.com.br\/index.php\/category\/noticias-de-ribeirao-preto-sp-e-regiao-ismael-colosi\/"},"img":{"alt_text":"","src":"https:\/\/i0.wp.com\/noticiasribeiraopreto.com.br\/wp-content\/uploads\/2025\/04\/Copia-de-Copia-de-Copia-de-TAMANHO-EXATO-PARA-FOTOS-NO-SISTEMA-NOVO-2025-04-14T161228.899_2025-04-14_19-17-20_png_2025-04-14_19-17-20.webp.webp?fit=1200%2C675&ssl=1&resize=350%2C200","width":350,"height":200,"srcset":"https:\/\/i0.wp.com\/noticiasribeiraopreto.com.br\/wp-content\/uploads\/2025\/04\/Copia-de-Copia-de-Copia-de-TAMANHO-EXATO-PARA-FOTOS-NO-SISTEMA-NOVO-2025-04-14T161228.899_2025-04-14_19-17-20_png_2025-04-14_19-17-20.webp.webp?fit=1200%2C675&ssl=1&resize=350%2C200 1x, https:\/\/i0.wp.com\/noticiasribeiraopreto.com.br\/wp-content\/uploads\/2025\/04\/Copia-de-Copia-de-Copia-de-TAMANHO-EXATO-PARA-FOTOS-NO-SISTEMA-NOVO-2025-04-14T161228.899_2025-04-14_19-17-20_png_2025-04-14_19-17-20.webp.webp?fit=1200%2C675&ssl=1&resize=525%2C300 1.5x, https:\/\/i0.wp.com\/noticiasribeiraopreto.com.br\/wp-content\/uploads\/2025\/04\/Copia-de-Copia-de-Copia-de-TAMANHO-EXATO-PARA-FOTOS-NO-SISTEMA-NOVO-2025-04-14T161228.899_2025-04-14_19-17-20_png_2025-04-14_19-17-20.webp.webp?fit=1200%2C675&ssl=1&resize=700%2C400 2x, https:\/\/i0.wp.com\/noticiasribeiraopreto.com.br\/wp-content\/uploads\/2025\/04\/Copia-de-Copia-de-Copia-de-TAMANHO-EXATO-PARA-FOTOS-NO-SISTEMA-NOVO-2025-04-14T161228.899_2025-04-14_19-17-20_png_2025-04-14_19-17-20.webp.webp?fit=1200%2C675&ssl=1&resize=1050%2C600 3x"},"classes":[]}],"jetpack_sharing_enabled":true,"jetpack_shortlink":"https:\/\/wp.me\/peQAOb-lbD","_links":{"self":[{"href":"https:\/\/noticiasribeiraopreto.com.br\/index.php\/wp-json\/wp\/v2\/posts\/81445","targetHints":{"allow":["GET"]}}],"collection":[{"href":"https:\/\/noticiasribeiraopreto.com.br\/index.php\/wp-json\/wp\/v2\/posts"}],"about":[{"href":"https:\/\/noticiasribeiraopreto.com.br\/index.php\/wp-json\/wp\/v2\/types\/post"}],"author":[{"embeddable":true,"href":"https:\/\/noticiasribeiraopreto.com.br\/index.php\/wp-json\/wp\/v2\/users\/1"}],"replies":[{"embeddable":true,"href":"https:\/\/noticiasribeiraopreto.com.br\/index.php\/wp-json\/wp\/v2\/comments?post=81445"}],"version-history":[{"count":0,"href":"https:\/\/noticiasribeiraopreto.com.br\/index.php\/wp-json\/wp\/v2\/posts\/81445\/revisions"}],"wp:featuredmedia":[{"embeddable":true,"href":"https:\/\/noticiasribeiraopreto.com.br\/index.php\/wp-json\/wp\/v2\/media\/81446"}],"wp:attachment":[{"href":"https:\/\/noticiasribeiraopreto.com.br\/index.php\/wp-json\/wp\/v2\/media?parent=81445"}],"wp:term":[{"taxonomy":"category","embeddable":true,"href":"https:\/\/noticiasribeiraopreto.com.br\/index.php\/wp-json\/wp\/v2\/categories?post=81445"},{"taxonomy":"post_tag","embeddable":true,"href":"https:\/\/noticiasribeiraopreto.com.br\/index.php\/wp-json\/wp\/v2\/tags?post=81445"}],"curies":[{"name":"wp","href":"https:\/\/api.w.org\/{rel}","templated":true}]}}