{"id":81447,"date":"2026-01-06T09:54:50","date_gmt":"2026-01-06T12:54:50","guid":{"rendered":"https:\/\/noticiasribeiraopreto.com.br\/index.php\/2026\/01\/06\/revolta-em-sepultamento-de-menino-atropelado-no-dia-1o\/"},"modified":"2026-01-06T09:54:50","modified_gmt":"2026-01-06T12:54:50","slug":"revolta-em-sepultamento-de-menino-atropelado-no-dia-1o","status":"publish","type":"post","link":"https:\/\/noticiasribeiraopreto.com.br\/index.php\/2026\/01\/06\/revolta-em-sepultamento-de-menino-atropelado-no-dia-1o\/","title":{"rendered":"Revolta em sepultamento de menino atropelado no dia 1\u00ba"},"content":{"rendered":"<div class='code-block code-block-1' style='margin: 8px 0 8px auto; text-align: right; display: block; clear: both;'>\n<p><a href=\"https:\/\/wa.link\/vpicfd\"><img data-recalc-dims=\"1\" class=\"wp-image-4922\" style=\"aspect-ratio: 2.0253164556962027; width: 561px; height: auto;\" src=\"https:\/\/i0.wp.com\/ismaelcolosi.com.br\/wp-content\/uploads\/2023\/11\/grupo-de-empregos-whatsapp-e-facebook-ismael-colosi-vagas.jpg?ssl=1\" alt=\"\" \/><\/a><\/p>\n<!-- \/wp:image -->\n<\/div>\n<p> <br \/>\n<\/p>\n<div>\n<p><em>Crian\u00e7a estava internada no HC-UE e n\u00e3o resistiu \u00e0 gravidade dos ferimentos; motorista alegou ter se distra\u00eddo com multim\u00eddia e n\u00e3o viu atropelamento<\/em><\/p>\n<p><strong>Por Alfredo Risk e Adalberto Luque<\/strong><\/p>\n<p>Guilherme da Silva Maia, de 6 anos, foi sepultado na manh\u00e3 desta segunda-feira (5), no Cemit\u00e9rio de Bonfim Paulista, zona Sul de Ribeir\u00e3o Preto. Ele e a m\u00e3e, Eliene de Santana Maia, de 33 anos, foram atropelados na manh\u00e3 de quinta-feira (1\u00ba de janeiro). O clima foi de como\u00e7\u00e3o e revolta.<br \/>Guilherme e sua m\u00e3e seguiam pela rua Professor Felisberto Almada, ao lado da Rodovia Jos\u00e9 Fregonesi (SP-328), em Bonfim Paulista. Uma c\u00e2mera de seguran\u00e7a registrou o atropelamento. O carro saiu da pista e atingiu m\u00e3e e filho.<\/p>\n<figure id=\"attachment_451102\" aria-describedby=\"caption-attachment-451102\" style=\"width: 353px\" class=\"wp-caption alignright\"><img data-recalc-dims=\"1\" loading=\"lazy\" decoding=\"async\" class=\"wp-image-451102 lazyload\" src=\"https:\/\/i0.wp.com\/www.tribunaribeirao.com.br\/wp-content\/uploads\/2026\/01\/1-bonfim-foto-1-300x200.jpg?resize=353%2C235&#038;ssl=1\" alt=\"\" width=\"353\" height=\"235\" srcset=\"https:\/\/www.tribunaribeirao.com.br\/wp-content\/uploads\/2026\/01\/1-bonfim-foto-1-300x200.jpg 300w, https:\/\/www.tribunaribeirao.com.br\/wp-content\/uploads\/2026\/01\/1-bonfim-foto-1-1024x683.jpg 1024w, https:\/\/www.tribunaribeirao.com.br\/wp-content\/uploads\/2026\/01\/1-bonfim-foto-1-768x512.jpg 768w, https:\/\/www.tribunaribeirao.com.br\/wp-content\/uploads\/2026\/01\/1-bonfim-foto-1-480x320.jpg 480w, https:\/\/www.tribunaribeirao.com.br\/wp-content\/uploads\/2026\/01\/1-bonfim-foto-1-280x186.jpg 280w, https:\/\/www.tribunaribeirao.com.br\/wp-content\/uploads\/2026\/01\/1-bonfim-foto-1-960x640.jpg 960w, https:\/\/www.tribunaribeirao.com.br\/wp-content\/uploads\/2026\/01\/1-bonfim-foto-1-600x400.jpg 600w, https:\/\/www.tribunaribeirao.com.br\/wp-content\/uploads\/2026\/01\/1-bonfim-foto-1-585x390.jpg 585w, https:\/\/www.tribunaribeirao.com.br\/wp-content\/uploads\/2026\/01\/1-bonfim-foto-1.jpg 1170w\" data-sizes=\"(max-width: 353px) 100vw, 353px\" style=\"--smush-placeholder-width: 353px; --smush-placeholder-aspect-ratio: 353\/235;\"\/><figcaption id=\"caption-attachment-451102\" class=\"wp-caption-text\">Guilherme, de 6 anos, foi sepultado no Cemit\u00e9rio de Bonfim Paulista<br \/>(Foto: Alfredo Risk)<\/figcaption><\/figure>\n<p>Depois o motorista foi embora do local, sem parar para ver o que aconteceu. Os dois foram socorridos em estado grave. Eliene sofreu fraturas nas pernas, bacia, bra\u00e7o e rosto e precisou ser submetida a cirurgias. Ela segue internada no Hospital das Cl\u00ednicas \u2013 Unidade de Emerg\u00eancia (HC-UE), no Centro de Ribeir\u00e3o Preto.<\/p>\n<p>Guilherme tamb\u00e9m seguiu para o Centro de Terapia Intensivo Pedi\u00e1trico, em estado grav\u00edssimo. Neste domingo (4), ele n\u00e3o resistiu e morreu em consequ\u00eancia dos ferimentos sofridos.<br \/>Central multim\u00eddia<\/p>\n<p>Na tarde de sexta-feira (2), o condutor do Hyundai I30 preto, Gustavo Perissoto de Oliveira, se apresentou \u00e0 Pol\u00edcia Civil. Ele esteve no pr\u00e9dio onde fica o 7\u00ba Distrito Policial, na avenida Independ\u00eancia, Jardim Sumar\u00e9, zona Sul de Ribeir\u00e3o Preto.<\/p>\n<p>Ele estave acompanhado de dois advogados e disse ao delegado Ariovaldo Torrieri que se distraiu ao mexer na central multim\u00eddia do ve\u00edculo. Nesse momento, teria ocorrido o atropelamento.<\/p>\n<p>\u201cEle informou que transitava por aquela via de rolamento, tendo \u00e0 frente o ve\u00edculo de um amigo que ele citou o nome e as caracter\u00edsticas do ve\u00edculo. Disse que se distraiu com a central multim\u00eddia do carro. E, nesse momento, sentiu um impacto na parte frontal do ve\u00edculo. Olhou pelo espelho retrovisor e n\u00e3o viu nada.<\/p>\n<p>Acreditou que havia batido no \u2018guard rail\u2019 existente no local e por conta disso, continuou seu trajeto\u201d, revelou o delegado.<br \/>Torrieri acrescentou que o motorista disse ter seguido com vida normal e, no dia 2, ao ver as imagens do acidente, se identificou como o atropelador e se apresentou \u00e0 pol\u00edcia. Ele disse que teria ido a duas festas antes do atropelamento e seguia para mais uma festa, mas garantiu que n\u00e3o consumiu bebida alc\u00f3olica.<\/p>\n<p>Segundo o delegado, num primeiro momento n\u00e3o havia requisitos para pedir sua pris\u00e3o, uma vez que ele se apresentou antes que a Pol\u00edcia Civil o identificasse, disponibilizou o carro para per\u00edcia, tem resid\u00eancia fixa e n\u00e3o tem antecedentes, se comprometendo a comparecer sempre que for intimado para prestar depoimento.<\/p>\n<figure id=\"attachment_451103\" aria-describedby=\"caption-attachment-451103\" style=\"width: 408px\" class=\"wp-caption alignleft\"><img data-recalc-dims=\"1\" loading=\"lazy\" decoding=\"async\" class=\"wp-image-451103 lazyload\" src=\"https:\/\/i0.wp.com\/www.tribunaribeirao.com.br\/wp-content\/uploads\/2026\/01\/1-bonfim-foto-2-300x200.jpg?resize=408%2C272&#038;ssl=1\" alt=\"\" width=\"408\" height=\"272\" srcset=\"https:\/\/www.tribunaribeirao.com.br\/wp-content\/uploads\/2026\/01\/1-bonfim-foto-2-300x200.jpg 300w, https:\/\/www.tribunaribeirao.com.br\/wp-content\/uploads\/2026\/01\/1-bonfim-foto-2-1024x683.jpg 1024w, https:\/\/www.tribunaribeirao.com.br\/wp-content\/uploads\/2026\/01\/1-bonfim-foto-2-768x512.jpg 768w, https:\/\/www.tribunaribeirao.com.br\/wp-content\/uploads\/2026\/01\/1-bonfim-foto-2-480x320.jpg 480w, https:\/\/www.tribunaribeirao.com.br\/wp-content\/uploads\/2026\/01\/1-bonfim-foto-2-280x186.jpg 280w, https:\/\/www.tribunaribeirao.com.br\/wp-content\/uploads\/2026\/01\/1-bonfim-foto-2-960x640.jpg 960w, https:\/\/www.tribunaribeirao.com.br\/wp-content\/uploads\/2026\/01\/1-bonfim-foto-2-600x400.jpg 600w, https:\/\/www.tribunaribeirao.com.br\/wp-content\/uploads\/2026\/01\/1-bonfim-foto-2-585x390.jpg 585w, https:\/\/www.tribunaribeirao.com.br\/wp-content\/uploads\/2026\/01\/1-bonfim-foto-2.jpg 1170w\" data-sizes=\"(max-width: 408px) 100vw, 408px\" style=\"--smush-placeholder-width: 408px; --smush-placeholder-aspect-ratio: 408\/272;\"\/><figcaption id=\"caption-attachment-451103\" class=\"wp-caption-text\">Familiares e amigos acompanharam o sepultamento do menino, que n\u00e3o resistiu aos ferimentos sofridos ap\u00f3s atropelamento<br \/>(Foto: Alfredo Risk)<\/figcaption><\/figure>\n<p><strong>Revolta e sepultamento<\/strong><\/p>\n<p>Na tarde do domingo, dezenas de pessoas se reuniram no local onde ocorreu o atropelamento. Segundo o pai de Guilherme, Albertino da Silva Filho, foi uma manifesta\u00e7\u00e3o pac\u00edfica para exigir Justi\u00e7a para Guilherme, apura\u00e7\u00e3o da verdade, responsabiliza\u00e7\u00e3o dos culpados e prote\u00e7\u00e3o para outras crian\u00e7as.<\/p>\n<p>O corpo de Guilherme foi velado e sepultado na manh\u00e3 desta segunda-feira (5), em Bonfim Paulista. Revoltado, o pai da crian\u00e7a, considera que o motorista foi covarde ao fugir do local. O filho e a mulher estavam indo para uma farm\u00e1cia.<\/p>\n<p>Ele disse acreditar ter havido imprud\u00eancia do motorista. \u201cEle foi um covarde, atropelar uma fam\u00edlia e sair correndo. Nem com um cachorro a gente faz dessa forma. Eu acredito que teve a imprud\u00eancia do motorista, com certeza ele estava embriagado para fugir do local\u201d, completa o pai.<\/p>\n<figure id=\"attachment_451106\" aria-describedby=\"caption-attachment-451106\" style=\"width: 300px\" class=\"wp-caption alignright\"><img data-recalc-dims=\"1\" loading=\"lazy\" decoding=\"async\" class=\"size-medium wp-image-451106 lazyload\" src=\"https:\/\/i0.wp.com\/www.tribunaribeirao.com.br\/wp-content\/uploads\/2026\/01\/1-bonfim-foto-6-300x229.jpg?resize=300%2C229&#038;ssl=1\" alt=\"\" width=\"300\" height=\"229\" srcset=\"https:\/\/www.tribunaribeirao.com.br\/wp-content\/uploads\/2026\/01\/1-bonfim-foto-6-300x229.jpg 300w, https:\/\/www.tribunaribeirao.com.br\/wp-content\/uploads\/2026\/01\/1-bonfim-foto-6-768x587.jpg 768w, https:\/\/www.tribunaribeirao.com.br\/wp-content\/uploads\/2026\/01\/1-bonfim-foto-6-524x400.jpg 524w, https:\/\/www.tribunaribeirao.com.br\/wp-content\/uploads\/2026\/01\/1-bonfim-foto-6-585x447.jpg 585w, https:\/\/www.tribunaribeirao.com.br\/wp-content\/uploads\/2026\/01\/1-bonfim-foto-6.jpg 809w\" data-sizes=\"(max-width: 300px) 100vw, 300px\" style=\"--smush-placeholder-width: 300px; --smush-placeholder-aspect-ratio: 300\/229;\"\/><figcaption id=\"caption-attachment-451106\" class=\"wp-caption-text\">Guilherme e sua m\u00e3e estavam indo a farm\u00e1cia quando foram atropelados no acostamento da via<br \/>(Foto: Redes Sociais)<\/figcaption><\/figure>\n<p>Per\u00edcia<\/p>\n<p>Segundo Torrieri, est\u00e1 sendo providenciada a per\u00edcia do ve\u00edculo que se envolveu no atropelamento. \u201cEstamos checando algumas informa\u00e7\u00f5es que chegaram ao conhecimento da pol\u00edcia e que tamb\u00e9m foram prestadas pelo condutor do ve\u00edculo\u201d, acrescentou.<\/p>\n<p>O delegado tamb\u00e9m esclareceu que n\u00e3o foi feito teste para constatar embriaguez por conta do lapso de tempo entre o atropelamento e o momento em que o condutor de apresentou. Al\u00e9m dos depoimentos dos envolvidos, a Pol\u00edcia Civil tamb\u00e9m deve ouvir testemunhas que estavam no posto de combust\u00edveis em frente ao local onde tudo ocorreu.<\/p>\n<figure id=\"attachment_451104\" aria-describedby=\"caption-attachment-451104\" style=\"width: 400px\" class=\"wp-caption alignright\"><img data-recalc-dims=\"1\" loading=\"lazy\" decoding=\"async\" class=\"wp-image-451104 lazyload\" src=\"https:\/\/i0.wp.com\/www.tribunaribeirao.com.br\/wp-content\/uploads\/2026\/01\/1-bonfim-foto-4-300x165.jpg?resize=400%2C220&#038;ssl=1\" alt=\"\" width=\"400\" height=\"220\" srcset=\"https:\/\/www.tribunaribeirao.com.br\/wp-content\/uploads\/2026\/01\/1-bonfim-foto-4-300x165.jpg 300w, https:\/\/www.tribunaribeirao.com.br\/wp-content\/uploads\/2026\/01\/1-bonfim-foto-4-768x422.jpg 768w, https:\/\/www.tribunaribeirao.com.br\/wp-content\/uploads\/2026\/01\/1-bonfim-foto-4-960x527.jpg 960w, https:\/\/www.tribunaribeirao.com.br\/wp-content\/uploads\/2026\/01\/1-bonfim-foto-4-728x400.jpg 728w, https:\/\/www.tribunaribeirao.com.br\/wp-content\/uploads\/2026\/01\/1-bonfim-foto-4-585x321.jpg 585w, https:\/\/www.tribunaribeirao.com.br\/wp-content\/uploads\/2026\/01\/1-bonfim-foto-4.jpg 994w\" data-sizes=\"(max-width: 400px) 100vw, 400px\" style=\"--smush-placeholder-width: 400px; --smush-placeholder-aspect-ratio: 400\/220;\"\/><figcaption id=\"caption-attachment-451104\" class=\"wp-caption-text\">Carro foi apreendido e, na vers\u00e3o do condutor, houve distra\u00e7\u00e3o ao mexer na central multim\u00eddia, ocasionando o acidente, mas motorista n\u00e3o percebeu que havia atropelado duas pessoas e seguiu<br \/>(Foto: Divulga\u00e7\u00e3o)<\/figcaption><\/figure>\n<p>O motorista vai responder por les\u00e3o corporal culposa, homic\u00eddio culposo, ambos na condu\u00e7\u00e3o de ve\u00edculo automotor, al\u00e9m de fuga do local de acidente. De acordo com o delegado, a pena ser\u00e1 maior por conta da morte de Guilherme. Segundo Torrieri, o depoimento prestado pelo condutor ser\u00e1 utilizado para nortear as investiga\u00e7\u00f5es sobre o atropelamento. Pessoas que estiveram nas festas onde o condutor alega ter estado tamb\u00e9m devem ser ouvidas pela Pol\u00edcia Civil. A defesa do motorista disse estar acompanhando as investiga\u00e7\u00f5es e ainda n\u00e3o vai se manifestar.<\/p>\n<p><strong>O que diz a defesa<\/strong><\/p>\n<p>Em nota p\u00fablica divulgada nesta segunda-feira (5), a defesa de Gustavo Perissoto de Oliveira afirmou que o atropelamento ocorrido em Bonfim Paulista se trata de um crime culposo, sem inten\u00e7\u00e3o, enquadrado como les\u00e3o corporal culposa e homic\u00eddio culposo na dire\u00e7\u00e3o de ve\u00edculo automotor.<\/p>\n<p>Segundo os advogados, o motorista teria se distra\u00eddo momentaneamente ao manusear o sistema multim\u00eddia do ve\u00edculo alugado e acreditou ter colidido apenas contra a prote\u00e7\u00e3o met\u00e1lica da via, raz\u00e3o pela qual seguiu trajeto sem ter ci\u00eancia da gravidade do ocorrido.<\/p>\n<figure id=\"attachment_451105\" aria-describedby=\"caption-attachment-451105\" style=\"width: 300px\" class=\"wp-caption alignright\"><img data-recalc-dims=\"1\" loading=\"lazy\" decoding=\"async\" class=\"size-medium wp-image-451105 lazyload\" src=\"https:\/\/i0.wp.com\/www.tribunaribeirao.com.br\/wp-content\/uploads\/2026\/01\/1-bonfim-foto-5-300x300.jpg?resize=300%2C300&#038;ssl=1\" alt=\"\" width=\"300\" height=\"300\" srcset=\"https:\/\/www.tribunaribeirao.com.br\/wp-content\/uploads\/2026\/01\/1-bonfim-foto-5-300x300.jpg 300w, https:\/\/www.tribunaribeirao.com.br\/wp-content\/uploads\/2026\/01\/1-bonfim-foto-5-150x150.jpg 150w, https:\/\/www.tribunaribeirao.com.br\/wp-content\/uploads\/2026\/01\/1-bonfim-foto-5-768x769.jpg 768w, https:\/\/www.tribunaribeirao.com.br\/wp-content\/uploads\/2026\/01\/1-bonfim-foto-5-480x480.jpg 480w, https:\/\/www.tribunaribeirao.com.br\/wp-content\/uploads\/2026\/01\/1-bonfim-foto-5-280x280.jpg 280w, https:\/\/www.tribunaribeirao.com.br\/wp-content\/uploads\/2026\/01\/1-bonfim-foto-5-399x400.jpg 399w, https:\/\/www.tribunaribeirao.com.br\/wp-content\/uploads\/2026\/01\/1-bonfim-foto-5-585x586.jpg 585w, https:\/\/www.tribunaribeirao.com.br\/wp-content\/uploads\/2026\/01\/1-bonfim-foto-5.jpg 779w\" data-sizes=\"(max-width: 300px) 100vw, 300px\" style=\"--smush-placeholder-width: 300px; --smush-placeholder-aspect-ratio: 300\/300;\"\/><figcaption id=\"caption-attachment-451105\" class=\"wp-caption-text\">Segundo o delegado Ariovaldo Torrieri, est\u00e1 sendo providenciada per\u00edcia para o ve\u00edculo que se envolveu no atropelamento<br \/>(Foto: Alfredo Risk)<\/figcaption><\/figure>\n<p>A defesa tamb\u00e9m contestou a informa\u00e7\u00e3o de que o condutor teria passado por festas antes do acidente, sustentando que ele estava com familiares e seguia para um almo\u00e7o, sem consumo de bebida alco\u00f3lica.<\/p>\n<p>Ainda de acordo com a nota, ao tomar conhecimento da real dimens\u00e3o dos fatos, o motorista se apresentou espontaneamente \u00e0 Pol\u00edcia Civil, colocou o ve\u00edculo \u00e0 disposi\u00e7\u00e3o para per\u00edcia e manifestou solidariedade \u00e0 fam\u00edlia das v\u00edtimas, afirmando estar \u00e0 disposi\u00e7\u00e3o para colaborar com as investiga\u00e7\u00f5es. A nota \u00e9 assinada pelos advogados Bruno Corr\u00eaa Ribeiro e Jo\u00e3o Pedro Soares Damasceno.<\/p>\n<p>\u00a0<\/p>\n<\/div>\n<p><br \/>\n<br \/><a href=\"https:\/\/www.tribunaribeirao.com.br\/revolta-em-sepultamento-de-menino-atropelado-no-dia-1o\/\">Source link <\/a><\/p>\n<!-- CONTENT END 1 -->\n","protected":false},"excerpt":{"rendered":"<p>Crian\u00e7a estava internada no HC-UE e n\u00e3o resistiu \u00e0 gravidade dos ferimentos; motorista alegou ter se distra\u00eddo com multim\u00eddia e n\u00e3o viu atropelamento Por Alfredo&#8230;<\/p>\n","protected":false},"author":1,"featured_media":81448,"comment_status":"open","ping_status":"open","sticky":false,"template":"","format":"standard","meta":{"advanced_seo_description":"","jetpack_seo_html_title":"","jetpack_seo_noindex":false,"jetpack_post_was_ever_published":false,"_jetpack_newsletter_access":"","_jetpack_dont_email_post_to_subs":false,"_jetpack_newsletter_tier_id":0,"_jetpack_memberships_contains_paywalled_content":false,"_jetpack_memberships_contains_paid_content":false,"footnotes":"","jetpack_publicize_message":"","jetpack_publicize_feature_enabled":true,"jetpack_social_post_already_shared":true,"jetpack_social_options":{"image_generator_settings":{"template":"highway","default_image_id":0,"font":"","enabled":false},"version":2}},"categories":[11],"tags":[],"class_list":["post-81447","post","type-post","status-publish","format-standard","has-post-thumbnail","hentry","category-noticias-de-ribeirao-preto-sp-e-regiao-ismael-colosi"],"jetpack_publicize_connections":[],"jetpack_featured_media_url":"https:\/\/i0.wp.com\/noticiasribeiraopreto.com.br\/wp-content\/uploads\/2026\/01\/1-bonfim-foto-3.jpg?fit=1170%2C780&ssl=1","jetpack-related-posts":[{"id":81347,"url":"https:\/\/noticiasribeiraopreto.com.br\/index.php\/2026\/01\/02\/carro-supostamente-envolvido-em-atropelamento-de-mae-e-filho-em-bonfim-e-apreendido\/","url_meta":{"origin":81447,"position":0},"title":"Carro supostamente envolvido em atropelamento de m\u00e3e e filho em Bonfim \u00e9 apreendido","author":"noticiasribeiraopreto.com.br","date":"2 de January de 2026","format":false,"excerpt":"\r \r \r 2 de janeiro de 2026 13:592 de janeiro de 2026 14:01 \r Compartilhar0 Pol\u00edcia Militar localizou ve\u00edculo nesta sexta-feira (2) em uma estrada de terra no bairro Recreio Internacional em Ribeir\u00e3o Preto Um carro abandonado em uma estrada de terra no bairro Recreio Internacional, na zona Leste\u2026","rel":"","context":"In &quot;Not\u00edcias de Ribeir\u00e3o Preto-SP e Regi\u00e3o&quot;","block_context":{"text":"Not\u00edcias de Ribeir\u00e3o Preto-SP e Regi\u00e3o","link":"https:\/\/noticiasribeiraopreto.com.br\/index.php\/category\/noticias-de-ribeirao-preto-sp-e-regiao-ismael-colosi\/"},"img":{"alt_text":"","src":"https:\/\/i0.wp.com\/noticiasribeiraopreto.com.br\/wp-content\/uploads\/2026\/01\/1000204232-scaled.jpg?fit=1200%2C554&ssl=1&resize=350%2C200","width":350,"height":200,"srcset":"https:\/\/i0.wp.com\/noticiasribeiraopreto.com.br\/wp-content\/uploads\/2026\/01\/1000204232-scaled.jpg?fit=1200%2C554&ssl=1&resize=350%2C200 1x, https:\/\/i0.wp.com\/noticiasribeiraopreto.com.br\/wp-content\/uploads\/2026\/01\/1000204232-scaled.jpg?fit=1200%2C554&ssl=1&resize=525%2C300 1.5x, https:\/\/i0.wp.com\/noticiasribeiraopreto.com.br\/wp-content\/uploads\/2026\/01\/1000204232-scaled.jpg?fit=1200%2C554&ssl=1&resize=700%2C400 2x, https:\/\/i0.wp.com\/noticiasribeiraopreto.com.br\/wp-content\/uploads\/2026\/01\/1000204232-scaled.jpg?fit=1200%2C554&ssl=1&resize=1050%2C600 3x"},"classes":[]},{"id":81418,"url":"https:\/\/noticiasribeiraopreto.com.br\/index.php\/2026\/01\/05\/menino-atropelado-dia-1o-e-sepultado-em-bonfim-paulista\/","url_meta":{"origin":81447,"position":1},"title":"Menino atropelado dia 1\u00ba \u00e9 sepultado em Bonfim Paulista","author":"noticiasribeiraopreto.com.br","date":"5 de January de 2026","format":false,"excerpt":"Por: Adalberto Luque Guilherme da Silva Maia, de 6 anos, foi sepultado na manh\u00e3 desta segunda-feira (5), no Cemit\u00e9rio de Bonfim Paulista, zona Sul de Ribeir\u00e3o Preto. Ele e a m\u00e3e, Eliene de Santana Maia, de 33 anos, foram atropelados na manh\u00e3 de quinta-feira (1\u00ba de janeiro). Guilherme e sua\u2026","rel":"","context":"In &quot;Not\u00edcias de Ribeir\u00e3o Preto-SP e Regi\u00e3o&quot;","block_context":{"text":"Not\u00edcias de Ribeir\u00e3o Preto-SP e Regi\u00e3o","link":"https:\/\/noticiasribeiraopreto.com.br\/index.php\/category\/noticias-de-ribeirao-preto-sp-e-regiao-ismael-colosi\/"},"img":{"alt_text":"","src":"https:\/\/i0.wp.com\/noticiasribeiraopreto.com.br\/wp-content\/uploads\/2026\/01\/05-jan-2026-meninoatropelado0-scaled.jpg?fit=1170%2C780&ssl=1&resize=350%2C200","width":350,"height":200,"srcset":"https:\/\/i0.wp.com\/noticiasribeiraopreto.com.br\/wp-content\/uploads\/2026\/01\/05-jan-2026-meninoatropelado0-scaled.jpg?fit=1170%2C780&ssl=1&resize=350%2C200 1x, https:\/\/i0.wp.com\/noticiasribeiraopreto.com.br\/wp-content\/uploads\/2026\/01\/05-jan-2026-meninoatropelado0-scaled.jpg?fit=1170%2C780&ssl=1&resize=525%2C300 1.5x, https:\/\/i0.wp.com\/noticiasribeiraopreto.com.br\/wp-content\/uploads\/2026\/01\/05-jan-2026-meninoatropelado0-scaled.jpg?fit=1170%2C780&ssl=1&resize=700%2C400 2x, https:\/\/i0.wp.com\/noticiasribeiraopreto.com.br\/wp-content\/uploads\/2026\/01\/05-jan-2026-meninoatropelado0-scaled.jpg?fit=1170%2C780&ssl=1&resize=1050%2C600 3x"},"classes":[]},{"id":81360,"url":"https:\/\/noticiasribeiraopreto.com.br\/index.php\/2026\/01\/03\/carro-envolvido-em-atropelamento-de-mae-e-filho-e-identificado-em-ribeirao-preto\/","url_meta":{"origin":81447,"position":2},"title":"Carro envolvido em atropelamento de m\u00e3e e filho \u00e9 identificado em Ribeir\u00e3o Preto","author":"noticiasribeiraopreto.com.br","date":"3 de January de 2026","format":false,"excerpt":"A GCM (Guarda Civil Metropolitana) informou nesta sexta-feira (2) que identificou o carro envolvido no atropelamento de uma mulher o e filho dela em Bonfim Paulista, distrito na zona Sul de Ribeir\u00e3o Preto. As v\u00edtimas, Eliene de Santana Maia, de 33 anos, e Guilherme da Silva Maia, 6 anos, seguem\u2026","rel":"","context":"In &quot;Not\u00edcias de Ribeir\u00e3o Preto-SP e Regi\u00e3o&quot;","block_context":{"text":"Not\u00edcias de Ribeir\u00e3o Preto-SP e Regi\u00e3o","link":"https:\/\/noticiasribeiraopreto.com.br\/index.php\/category\/noticias-de-ribeirao-preto-sp-e-regiao-ismael-colosi\/"},"img":{"alt_text":"","src":"https:\/\/i0.wp.com\/noticiasribeiraopreto.com.br\/wp-content\/uploads\/2026\/01\/CARRO_2026-01-02_18-15-21.webp.webp?fit=1200%2C702&ssl=1&resize=350%2C200","width":350,"height":200,"srcset":"https:\/\/i0.wp.com\/noticiasribeiraopreto.com.br\/wp-content\/uploads\/2026\/01\/CARRO_2026-01-02_18-15-21.webp.webp?fit=1200%2C702&ssl=1&resize=350%2C200 1x, https:\/\/i0.wp.com\/noticiasribeiraopreto.com.br\/wp-content\/uploads\/2026\/01\/CARRO_2026-01-02_18-15-21.webp.webp?fit=1200%2C702&ssl=1&resize=525%2C300 1.5x, https:\/\/i0.wp.com\/noticiasribeiraopreto.com.br\/wp-content\/uploads\/2026\/01\/CARRO_2026-01-02_18-15-21.webp.webp?fit=1200%2C702&ssl=1&resize=700%2C400 2x, https:\/\/i0.wp.com\/noticiasribeiraopreto.com.br\/wp-content\/uploads\/2026\/01\/CARRO_2026-01-02_18-15-21.webp.webp?fit=1200%2C702&ssl=1&resize=1050%2C600 3x"},"classes":[]},{"id":81453,"url":"https:\/\/noticiasribeiraopreto.com.br\/index.php\/2026\/01\/06\/pai-de-menino-morto-apos-atropelamento-presta-depoimento\/","url_meta":{"origin":81447,"position":3},"title":"Pai de menino morto ap\u00f3s atropelamento presta depoimento","author":"noticiasribeiraopreto.com.br","date":"6 de January de 2026","format":false,"excerpt":"Por: Alfredo Risk e Adalberto Luque Albertino da Silva Filho, pai de Guilherme da Silva Maia, de 6 anos, que morreu ap\u00f3s ser atropelado no dia 1\u00ba de janeiro, foi ouvido pelo delegado que investiga o caso na manh\u00e3 desta ter\u00e7a-feira (6). O depoimento de Albertino foi colhido na Central\u2026","rel":"","context":"In &quot;Not\u00edcias de Ribeir\u00e3o Preto-SP e Regi\u00e3o&quot;","block_context":{"text":"Not\u00edcias de Ribeir\u00e3o Preto-SP e Regi\u00e3o","link":"https:\/\/noticiasribeiraopreto.com.br\/index.php\/category\/noticias-de-ribeirao-preto-sp-e-regiao-ismael-colosi\/"},"img":{"alt_text":"","src":"https:\/\/i0.wp.com\/noticiasribeiraopreto.com.br\/wp-content\/uploads\/2026\/01\/06-jan-2026-paitestemunhas-scaled.jpg?fit=1170%2C780&ssl=1&resize=350%2C200","width":350,"height":200,"srcset":"https:\/\/i0.wp.com\/noticiasribeiraopreto.com.br\/wp-content\/uploads\/2026\/01\/06-jan-2026-paitestemunhas-scaled.jpg?fit=1170%2C780&ssl=1&resize=350%2C200 1x, https:\/\/i0.wp.com\/noticiasribeiraopreto.com.br\/wp-content\/uploads\/2026\/01\/06-jan-2026-paitestemunhas-scaled.jpg?fit=1170%2C780&ssl=1&resize=525%2C300 1.5x, https:\/\/i0.wp.com\/noticiasribeiraopreto.com.br\/wp-content\/uploads\/2026\/01\/06-jan-2026-paitestemunhas-scaled.jpg?fit=1170%2C780&ssl=1&resize=700%2C400 2x, https:\/\/i0.wp.com\/noticiasribeiraopreto.com.br\/wp-content\/uploads\/2026\/01\/06-jan-2026-paitestemunhas-scaled.jpg?fit=1170%2C780&ssl=1&resize=1050%2C600 3x"},"classes":[]},{"id":81370,"url":"https:\/\/noticiasribeiraopreto.com.br\/index.php\/2026\/01\/03\/saiba-o-estado-de-saude-de-mae-e-filho-atropelados-em-ribeirao-preto\/","url_meta":{"origin":81447,"position":4},"title":"Saiba o estado de sa\u00fade de m\u00e3e e filho atropelados em Ribeir\u00e3o Preto","author":"noticiasribeiraopreto.com.br","date":"3 de January de 2026","format":false,"excerpt":"M\u00e3e e filho atropelados na quinta-feira (1\u00ba) em Bonfim Paulista, distrito de Ribeir\u00e3o Preto, seguem internados em estado grave. As v\u00edtimas receberam atendimento ap\u00f3s serem atingidas por um carro cujo motorista fugiu sem prestar socorro. De acordo com o boletim de ocorr\u00eancia, Eliene de Santana Maia, de 33 anos, e\u2026","rel":"","context":"In &quot;Not\u00edcias de Ribeir\u00e3o Preto-SP e Regi\u00e3o&quot;","block_context":{"text":"Not\u00edcias de Ribeir\u00e3o Preto-SP e Regi\u00e3o","link":"https:\/\/noticiasribeiraopreto.com.br\/index.php\/category\/noticias-de-ribeirao-preto-sp-e-regiao-ismael-colosi\/"},"img":{"alt_text":"","src":"https:\/\/i0.wp.com\/noticiasribeiraopreto.com.br\/wp-content\/uploads\/2026\/01\/image_2026-01-02_15-42-11.webp.webp?fit=984%2C549&ssl=1&resize=350%2C200","width":350,"height":200,"srcset":"https:\/\/i0.wp.com\/noticiasribeiraopreto.com.br\/wp-content\/uploads\/2026\/01\/image_2026-01-02_15-42-11.webp.webp?fit=984%2C549&ssl=1&resize=350%2C200 1x, https:\/\/i0.wp.com\/noticiasribeiraopreto.com.br\/wp-content\/uploads\/2026\/01\/image_2026-01-02_15-42-11.webp.webp?fit=984%2C549&ssl=1&resize=525%2C300 1.5x, https:\/\/i0.wp.com\/noticiasribeiraopreto.com.br\/wp-content\/uploads\/2026\/01\/image_2026-01-02_15-42-11.webp.webp?fit=984%2C549&ssl=1&resize=700%2C400 2x"},"classes":[]},{"id":81371,"url":"https:\/\/noticiasribeiraopreto.com.br\/index.php\/2026\/01\/03\/motorista-suspeito-de-atropelar-mae-e-filho-em-bonfim-paulista-se-apresenta-a-policia-civil\/","url_meta":{"origin":81447,"position":5},"title":"Motorista suspeito de atropelar m\u00e3e e filho em Bonfim Paulista se apresenta \u00e0 Pol\u00edcia Civil","author":"noticiasribeiraopreto.com.br","date":"3 de January de 2026","format":false,"excerpt":"\r \r \r 3 de janeiro de 2026 11:26 \r Compartilhar0 Um motorista, de 25 anos, suspeito de fugir ap\u00f3s atropelar m\u00e3e e filho no distrito de Bonfim Paulista, se apresentou na Pol\u00edcia Civil de Ribeir\u00e3o Preto com dois advogados. Em depoimento, prestado na tarde desta sexta-feira (2) no 7\u00ba\u2026","rel":"","context":"In &quot;Not\u00edcias de Ribeir\u00e3o Preto-SP e Regi\u00e3o&quot;","block_context":{"text":"Not\u00edcias de Ribeir\u00e3o Preto-SP e Regi\u00e3o","link":"https:\/\/noticiasribeiraopreto.com.br\/index.php\/category\/noticias-de-ribeirao-preto-sp-e-regiao-ismael-colosi\/"},"img":{"alt_text":"","src":"https:\/\/i0.wp.com\/noticiasribeiraopreto.com.br\/wp-content\/uploads\/2026\/01\/WhatsApp-Image-2026-01-02-at-13.05.19-scaled.jpeg?fit=1200%2C554&ssl=1&resize=350%2C200","width":350,"height":200,"srcset":"https:\/\/i0.wp.com\/noticiasribeiraopreto.com.br\/wp-content\/uploads\/2026\/01\/WhatsApp-Image-2026-01-02-at-13.05.19-scaled.jpeg?fit=1200%2C554&ssl=1&resize=350%2C200 1x, https:\/\/i0.wp.com\/noticiasribeiraopreto.com.br\/wp-content\/uploads\/2026\/01\/WhatsApp-Image-2026-01-02-at-13.05.19-scaled.jpeg?fit=1200%2C554&ssl=1&resize=525%2C300 1.5x, https:\/\/i0.wp.com\/noticiasribeiraopreto.com.br\/wp-content\/uploads\/2026\/01\/WhatsApp-Image-2026-01-02-at-13.05.19-scaled.jpeg?fit=1200%2C554&ssl=1&resize=700%2C400 2x, https:\/\/i0.wp.com\/noticiasribeiraopreto.com.br\/wp-content\/uploads\/2026\/01\/WhatsApp-Image-2026-01-02-at-13.05.19-scaled.jpeg?fit=1200%2C554&ssl=1&resize=1050%2C600 3x"},"classes":[]}],"jetpack_sharing_enabled":true,"jetpack_shortlink":"https:\/\/wp.me\/peQAOb-lbF","_links":{"self":[{"href":"https:\/\/noticiasribeiraopreto.com.br\/index.php\/wp-json\/wp\/v2\/posts\/81447","targetHints":{"allow":["GET"]}}],"collection":[{"href":"https:\/\/noticiasribeiraopreto.com.br\/index.php\/wp-json\/wp\/v2\/posts"}],"about":[{"href":"https:\/\/noticiasribeiraopreto.com.br\/index.php\/wp-json\/wp\/v2\/types\/post"}],"author":[{"embeddable":true,"href":"https:\/\/noticiasribeiraopreto.com.br\/index.php\/wp-json\/wp\/v2\/users\/1"}],"replies":[{"embeddable":true,"href":"https:\/\/noticiasribeiraopreto.com.br\/index.php\/wp-json\/wp\/v2\/comments?post=81447"}],"version-history":[{"count":0,"href":"https:\/\/noticiasribeiraopreto.com.br\/index.php\/wp-json\/wp\/v2\/posts\/81447\/revisions"}],"wp:featuredmedia":[{"embeddable":true,"href":"https:\/\/noticiasribeiraopreto.com.br\/index.php\/wp-json\/wp\/v2\/media\/81448"}],"wp:attachment":[{"href":"https:\/\/noticiasribeiraopreto.com.br\/index.php\/wp-json\/wp\/v2\/media?parent=81447"}],"wp:term":[{"taxonomy":"category","embeddable":true,"href":"https:\/\/noticiasribeiraopreto.com.br\/index.php\/wp-json\/wp\/v2\/categories?post=81447"},{"taxonomy":"post_tag","embeddable":true,"href":"https:\/\/noticiasribeiraopreto.com.br\/index.php\/wp-json\/wp\/v2\/tags?post=81447"}],"curies":[{"name":"wp","href":"https:\/\/api.w.org\/{rel}","templated":true}]}}