{"id":81449,"date":"2026-01-06T10:44:38","date_gmt":"2026-01-06T13:44:38","guid":{"rendered":"https:\/\/noticiasribeiraopreto.com.br\/index.php\/2026\/01\/06\/republicado-edital-de-concessao-da-abrao-assed\/"},"modified":"2026-01-06T10:44:38","modified_gmt":"2026-01-06T13:44:38","slug":"republicado-edital-de-concessao-da-abrao-assed","status":"publish","type":"post","link":"https:\/\/noticiasribeiraopreto.com.br\/index.php\/2026\/01\/06\/republicado-edital-de-concessao-da-abrao-assed\/","title":{"rendered":"Republicado edital de concess\u00e3o da Abr\u00e3o Assed"},"content":{"rendered":"<div class='code-block code-block-1' style='margin: 8px 0 8px auto; text-align: right; display: block; clear: both;'>\n<p><a href=\"https:\/\/wa.link\/vpicfd\"><img data-recalc-dims=\"1\" class=\"wp-image-4922\" style=\"aspect-ratio: 2.0253164556962027; width: 561px; height: auto;\" src=\"https:\/\/i0.wp.com\/ismaelcolosi.com.br\/wp-content\/uploads\/2023\/11\/grupo-de-empregos-whatsapp-e-facebook-ismael-colosi-vagas.jpg?ssl=1\" alt=\"\" \/><\/a><\/p>\n<!-- \/wp:image -->\n<\/div>\n<p> <br \/>\n<\/p>\n<div id=\"\">&#13;<br \/>\n\t\t\t\t\t\t\t\t&#13;<\/p>\n<p>&#13;<br \/>\n\t\t\t\t\t\t\t\t\t<span class=\"entry-meta-item penci-posted-on\"><i class=\"fa fa-clock-o\"\/><time class=\"entry-date published updated\" datetime=\"2026-01-06T10:39:49-03:00\">6 de janeiro de 2026 10:39<\/time><\/span><span class=\"entry-meta-item penci-post-countview\"\/>\t\t\t\t\t\t\t\t<\/p>\n<p><!-- .entry-meta -->&#13;<br \/>\n\t\t\t\t\t\t\t\t<span class=\"penci-social-buttons penci-social-share-footer\"><span class=\"penci-social-share-text\">Compartilhar<\/span><a href=\"#\" class=\"penci-post-like penci_post-meta_item  single-like-button penci-social-item like\" data-post_id=\"451119\" title=\"Like\" data-like=\"Like\" data-unlike=\"Unlike\"><i class=\"fa fa-thumbs-o-up\"\/><span class=\"penci-share-number\">0<\/span><\/a><i class=\"fa fa-facebook\"\/><a class=\"penci-social-item twitter\" target=\"_blank\" rel=\"noopener\" title=\"\" href=\"https:\/\/twitter.com\/intent\/tweet?text=Republicado%20edital%20de%20concess\u00e3o%20da%20Abr\u00e3o%20Assed%20-%20https:\/\/www.tribunaribeirao.com.br\/republicado-edital-de-concessao-da-abrao-assed\/\"><i class=\"fa fa-twitter\"\/><\/a><i class=\"fa fa-linkedin\"\/><i class=\"fa fa-whatsapp\"\/><i class=\"fa fa-telegram\"\/><i class=\"fa fa-envelope\"\/><\/span>\t\t\t\t\t\t\t<\/div>\n<div>\n<p>O Governo de S\u00e3o Paulo republicou o edital da concess\u00e3o das rodovias do Lote Rota Mogiana, que interligam a regi\u00e3o de Ribeir\u00e3o Preto, incluindo a Rodovia Abr\u00e3o Assed entre as cidades de Cajuru e Santa Cruz da Esperan\u00e7a.<\/p>\n<p>A republica\u00e7\u00e3o foi feita no Di\u00e1rio Oficial do Estado (DOE) de 2 de janeiro. De acordo com o governo do Estado de S\u00e3o Paulo, a medida ocorreu para a inclus\u00e3o de ajustes t\u00e9cnicos realizados ap\u00f3s contribui\u00e7\u00f5es da sociedade, de gestores municipais e de di\u00e1logo t\u00e9cnico com o setor, com o objetivo de fortalecer o projeto e garantir a execu\u00e7\u00e3o das melhorias previstas.<\/p>\n<p>No total, o projeto recebeu 284 contribui\u00e7\u00f5es da sociedade, que foram analisadas pelas equipes t\u00e9cnicas da Secretaria de Parcerias em Investimentos (SPI) e incorporadas ao edital. Os ajustes envolvem par\u00e2metros contratuais e operacionais e visam dar mais seguran\u00e7a ao contrato, assegurando que os investimentos saiam do papel, sem alterar o conjunto de obras previsto para a regi\u00e3o.<\/p>\n<p>A concess\u00e3o da Rodovia Abr\u00e3o Assed abrange os quil\u00f4metros 0 ao 55, entre as cidades de Cajuru e Ribeir\u00e3o Preto, e os quil\u00f4metros 268,30 ao 310,96, entre Mococa e Cajuru. Entre as melhorias previstas est\u00e3o amplia\u00e7\u00f5es de multifaixas e terceiras faixas, implanta\u00e7\u00e3o de acostamentos e adequa\u00e7\u00f5es das vias marginais. Atualmente, a Abr\u00e3o Assed \u00e9 administrada pelo Departamento de Estradas de Rodagem de S\u00e3o Paulo (DER\/SP).<\/p>\n<p>As rodovias a serem concedidas estavam anteriormente divididas em dois lotes \u2014 Rota Mogiana e Circuito das \u00c1guas \u2014, mas foram reunidas em um \u00fanico projeto, o que, segundo o governo paulista, garantir\u00e1 maior racionalidade e integra\u00e7\u00e3o log\u00edstica.<\/p>\n<p>O novo agrupamento possui 520 km de extens\u00e3o e dever\u00e1 receber R$ 9,3 bilh\u00f5es em investimentos para duplica\u00e7\u00e3o, implanta\u00e7\u00e3o de terceiras faixas, constru\u00e7\u00e3o de marginais, acostamentos e passarelas, al\u00e9m da moderniza\u00e7\u00e3o de dispositivos de acesso e da constru\u00e7\u00e3o do novo contorno vi\u00e1rio de \u00c1guas da Prata. A futura concession\u00e1ria ser\u00e1 respons\u00e1vel pela amplia\u00e7\u00e3o, opera\u00e7\u00e3o, manuten\u00e7\u00e3o e gest\u00e3o da malha vi\u00e1ria por um per\u00edodo de 30 anos.<\/p>\n<p>As melhorias previstas no edital incluem a duplica\u00e7\u00e3o de 217 km de rodovias; a implanta\u00e7\u00e3o de 138 km de terceiras faixas; a constru\u00e7\u00e3o e adequa\u00e7\u00e3o de 151 dispositivos de acesso; a adequa\u00e7\u00e3o ou implanta\u00e7\u00e3o de 96 km de vias marginais; a constru\u00e7\u00e3o de 59 novas passarelas; a adequa\u00e7\u00e3o ou constru\u00e7\u00e3o de 135 pontos de \u00f4nibus; e a implanta\u00e7\u00e3o de um contorno vi\u00e1rio. Al\u00e9m disso, a licita\u00e7\u00e3o prev\u00ea a implanta\u00e7\u00e3o de uma pra\u00e7a de ped\u00e1gio no sistema free flow na divisa entre Cajuru e Mococa e outra entre Serra Azul e Cajuru, pr\u00f3xima ao Rio Pardo.<\/p>\n<p>\u00a0<\/p>\n<\/div>\n<p><script async src=\"\/\/platform.twitter.com\/widgets.js\" charset=\"utf-8\"><\/script><br \/>\n<br \/><br \/>\n<br \/><a href=\"https:\/\/www.tribunaribeirao.com.br\/republicado-edital-de-concessao-da-abrao-assed\/\">Source link <\/a><\/p>\n<!-- CONTENT END 1 -->\n","protected":false},"excerpt":{"rendered":"<p>&#13; &#13; &#13; 6 de janeiro de 2026 10:39 &#13; Compartilhar0 O Governo de S\u00e3o Paulo republicou o edital da concess\u00e3o das rodovias do Lote&#8230;<\/p>\n","protected":false},"author":1,"featured_media":81450,"comment_status":"open","ping_status":"open","sticky":false,"template":"","format":"standard","meta":{"advanced_seo_description":"","jetpack_seo_html_title":"","jetpack_seo_noindex":false,"jetpack_post_was_ever_published":false,"_jetpack_newsletter_access":"","_jetpack_dont_email_post_to_subs":false,"_jetpack_newsletter_tier_id":0,"_jetpack_memberships_contains_paywalled_content":false,"_jetpack_memberships_contains_paid_content":false,"footnotes":"","jetpack_publicize_message":"","jetpack_publicize_feature_enabled":true,"jetpack_social_post_already_shared":true,"jetpack_social_options":{"image_generator_settings":{"template":"highway","default_image_id":0,"font":"","enabled":false},"version":2}},"categories":[11],"tags":[],"class_list":["post-81449","post","type-post","status-publish","format-standard","has-post-thumbnail","hentry","category-noticias-de-ribeirao-preto-sp-e-regiao-ismael-colosi"],"jetpack_publicize_connections":[],"jetpack_featured_media_url":"https:\/\/i0.wp.com\/noticiasribeiraopreto.com.br\/wp-content\/uploads\/2026\/01\/2-abraao-assed.jpg?fit=702%2C439&ssl=1","jetpack-related-posts":[{"id":65726,"url":"https:\/\/noticiasribeiraopreto.com.br\/index.php\/2025\/03\/23\/entenda-o-projeto-de-concessao-que-pode-incluir-novos-pedagios-na-abrao-assed\/","url_meta":{"origin":81449,"position":0},"title":"Entenda o projeto de concess\u00e3o que pode incluir novos ped\u00e1gios na Abr\u00e3o Assed","author":"noticiasribeiraopreto.com.br","date":"23 de March de 2025","format":false,"excerpt":"Terminou na \u00faltima sexta-feira (21) a consulta p\u00fablica sobre a concess\u00e3o das rodovias da Rota Mogiana. O pacote inclui a rodovia Abr\u00e3o Assed, uma das principais da regi\u00e3o de Ribeir\u00e3o Preto, onde devem ser instalados dois p\u00f3rticos de ped\u00e1gio free flow no trecho entre Ribeir\u00e3o Preto e Cajuru. Segundo a\u2026","rel":"","context":"In &quot;Not\u00edcias de Ribeir\u00e3o Preto-SP e Regi\u00e3o&quot;","block_context":{"text":"Not\u00edcias de Ribeir\u00e3o Preto-SP e Regi\u00e3o","link":"https:\/\/noticiasribeiraopreto.com.br\/index.php\/category\/noticias-de-ribeirao-preto-sp-e-regiao-ismael-colosi\/"},"img":{"alt_text":"","src":"https:\/\/i0.wp.com\/noticiasribeiraopreto.com.br\/wp-content\/uploads\/2025\/03\/abrao-assed_2025-03-23_19-03-10_jpg_2025-03-23_19-03-10.webp.webp?fit=859%2C724&ssl=1&resize=350%2C200","width":350,"height":200,"srcset":"https:\/\/i0.wp.com\/noticiasribeiraopreto.com.br\/wp-content\/uploads\/2025\/03\/abrao-assed_2025-03-23_19-03-10_jpg_2025-03-23_19-03-10.webp.webp?fit=859%2C724&ssl=1&resize=350%2C200 1x, https:\/\/i0.wp.com\/noticiasribeiraopreto.com.br\/wp-content\/uploads\/2025\/03\/abrao-assed_2025-03-23_19-03-10_jpg_2025-03-23_19-03-10.webp.webp?fit=859%2C724&ssl=1&resize=525%2C300 1.5x, https:\/\/i0.wp.com\/noticiasribeiraopreto.com.br\/wp-content\/uploads\/2025\/03\/abrao-assed_2025-03-23_19-03-10_jpg_2025-03-23_19-03-10.webp.webp?fit=859%2C724&ssl=1&resize=700%2C400 2x"},"classes":[]},{"id":78160,"url":"https:\/\/noticiasribeiraopreto.com.br\/index.php\/2025\/10\/03\/tarcisio-autoriza-licitacao-para-concessao-da-rodovia-abrao-assed\/","url_meta":{"origin":81449,"position":1},"title":"Tarc\u00edsio autoriza licita\u00e7\u00e3o para concess\u00e3o da rodovia Abr\u00e3o Assed","author":"noticiasribeiraopreto.com.br","date":"3 de October de 2025","format":false,"excerpt":"O governador de S\u00e3o Paulo, Tarc\u00edsio de Freitas (REP), autorizou a abertura da licita\u00e7\u00e3o para concess\u00e3o das rodovias do lote Rota Mogiana, entre elas, a rodovia Abr\u00e3o Assed (SP-333), uma das principais da regi\u00e3o de Ribeir\u00e3o Preto. O decreto que permite a abertura da licita\u00e7\u00e3o foi publicado no Di\u00e1rio Oficial\u2026","rel":"","context":"In &quot;Not\u00edcias de Ribeir\u00e3o Preto-SP e Regi\u00e3o&quot;","block_context":{"text":"Not\u00edcias de Ribeir\u00e3o Preto-SP e Regi\u00e3o","link":"https:\/\/noticiasribeiraopreto.com.br\/index.php\/category\/noticias-de-ribeirao-preto-sp-e-regiao-ismael-colosi\/"},"img":{"alt_text":"","src":"https:\/\/i0.wp.com\/noticiasribeiraopreto.com.br\/wp-content\/uploads\/2025\/10\/rodovia-abrao-assed_2025-03-12_15-14-15_jpg_2025-03-12_15-14-15.webp.webp?fit=1200%2C815&ssl=1&resize=350%2C200","width":350,"height":200,"srcset":"https:\/\/i0.wp.com\/noticiasribeiraopreto.com.br\/wp-content\/uploads\/2025\/10\/rodovia-abrao-assed_2025-03-12_15-14-15_jpg_2025-03-12_15-14-15.webp.webp?fit=1200%2C815&ssl=1&resize=350%2C200 1x, https:\/\/i0.wp.com\/noticiasribeiraopreto.com.br\/wp-content\/uploads\/2025\/10\/rodovia-abrao-assed_2025-03-12_15-14-15_jpg_2025-03-12_15-14-15.webp.webp?fit=1200%2C815&ssl=1&resize=525%2C300 1.5x, https:\/\/i0.wp.com\/noticiasribeiraopreto.com.br\/wp-content\/uploads\/2025\/10\/rodovia-abrao-assed_2025-03-12_15-14-15_jpg_2025-03-12_15-14-15.webp.webp?fit=1200%2C815&ssl=1&resize=700%2C400 2x, https:\/\/i0.wp.com\/noticiasribeiraopreto.com.br\/wp-content\/uploads\/2025\/10\/rodovia-abrao-assed_2025-03-12_15-14-15_jpg_2025-03-12_15-14-15.webp.webp?fit=1200%2C815&ssl=1&resize=1050%2C600 3x"},"classes":[]},{"id":77630,"url":"https:\/\/noticiasribeiraopreto.com.br\/index.php\/2025\/09\/23\/terceirizacao-da-abrao-assed-avanca\/","url_meta":{"origin":81449,"position":2},"title":"Terceiriza\u00e7\u00e3o da Abr\u00e3o \u2028Assed avan\u00e7a","author":"noticiasribeiraopreto.com.br","date":"23 de September de 2025","format":false,"excerpt":"23 de setembro de 2025 08:292 Compartilhar0 Concess\u00e3o para a iniciativa privada ser\u00e1 feita entre as cidades de Cajuru e Ribeir\u00e3o Preto e entre Mococa e Cajuru\u2028\u2028 A modelagem e a autoriza\u00e7\u00e3o para publica\u00e7\u00e3o do edital de licita\u00e7\u00e3o da Rota Mogiana, que prev\u00ea a concess\u00e3o de 532 quil\u00f4metros de rodovias\u2026","rel":"","context":"In &quot;Not\u00edcias de Ribeir\u00e3o Preto-SP e Regi\u00e3o&quot;","block_context":{"text":"Not\u00edcias de Ribeir\u00e3o Preto-SP e Regi\u00e3o","link":"https:\/\/noticiasribeiraopreto.com.br\/index.php\/category\/noticias-de-ribeirao-preto-sp-e-regiao-ismael-colosi\/"},"img":{"alt_text":"","src":"https:\/\/i0.wp.com\/noticiasribeiraopreto.com.br\/wp-content\/uploads\/2025\/09\/Abrao-Alfredo-Risk-Arquivo-scaled.jpg?fit=1200%2C625&ssl=1&resize=350%2C200","width":350,"height":200,"srcset":"https:\/\/i0.wp.com\/noticiasribeiraopreto.com.br\/wp-content\/uploads\/2025\/09\/Abrao-Alfredo-Risk-Arquivo-scaled.jpg?fit=1200%2C625&ssl=1&resize=350%2C200 1x, https:\/\/i0.wp.com\/noticiasribeiraopreto.com.br\/wp-content\/uploads\/2025\/09\/Abrao-Alfredo-Risk-Arquivo-scaled.jpg?fit=1200%2C625&ssl=1&resize=525%2C300 1.5x, https:\/\/i0.wp.com\/noticiasribeiraopreto.com.br\/wp-content\/uploads\/2025\/09\/Abrao-Alfredo-Risk-Arquivo-scaled.jpg?fit=1200%2C625&ssl=1&resize=700%2C400 2x, https:\/\/i0.wp.com\/noticiasribeiraopreto.com.br\/wp-content\/uploads\/2025\/09\/Abrao-Alfredo-Risk-Arquivo-scaled.jpg?fit=1200%2C625&ssl=1&resize=1050%2C600 3x"},"classes":[]},{"id":64783,"url":"https:\/\/noticiasribeiraopreto.com.br\/index.php\/2025\/03\/12\/rodovia-abrao-assed-sera-concedida-e-podera-ter-pedagio-free-flow-em-ribeirao-preto\/","url_meta":{"origin":81449,"position":3},"title":"Rodovia Abr\u00e3o Assed ser\u00e1 concedida e poder\u00e1 ter ped\u00e1gio free flow em Ribeir\u00e3o Preto","author":"noticiasribeiraopreto.com.br","date":"12 de March de 2025","format":false,"excerpt":"A rodovia Abr\u00e3o Assed, uma das principais de Ribeir\u00e3o Preto e regi\u00e3o, faz parte do lote da Rota Mogiana, que est\u00e1 em fase de concess\u00e3o pelo Governo de S\u00e3o Paulo. De acordo com a proposta, a rodovia administrada, atualmente, pelo DER-SP (Departamento de Estradas de Rodagem de S\u00e3o Paulo), poder\u00e1\u2026","rel":"","context":"In &quot;Not\u00edcias de Ribeir\u00e3o Preto-SP e Regi\u00e3o&quot;","block_context":{"text":"Not\u00edcias de Ribeir\u00e3o Preto-SP e Regi\u00e3o","link":"https:\/\/noticiasribeiraopreto.com.br\/index.php\/category\/noticias-de-ribeirao-preto-sp-e-regiao-ismael-colosi\/"},"img":{"alt_text":"","src":"https:\/\/i0.wp.com\/noticiasribeiraopreto.com.br\/wp-content\/uploads\/2025\/03\/rodovia-abrao-assed_2025-03-12_15-14-15_jpg_2025-03-12_15-14-15.webp.webp?fit=1200%2C815&ssl=1&resize=350%2C200","width":350,"height":200,"srcset":"https:\/\/i0.wp.com\/noticiasribeiraopreto.com.br\/wp-content\/uploads\/2025\/03\/rodovia-abrao-assed_2025-03-12_15-14-15_jpg_2025-03-12_15-14-15.webp.webp?fit=1200%2C815&ssl=1&resize=350%2C200 1x, https:\/\/i0.wp.com\/noticiasribeiraopreto.com.br\/wp-content\/uploads\/2025\/03\/rodovia-abrao-assed_2025-03-12_15-14-15_jpg_2025-03-12_15-14-15.webp.webp?fit=1200%2C815&ssl=1&resize=525%2C300 1.5x, https:\/\/i0.wp.com\/noticiasribeiraopreto.com.br\/wp-content\/uploads\/2025\/03\/rodovia-abrao-assed_2025-03-12_15-14-15_jpg_2025-03-12_15-14-15.webp.webp?fit=1200%2C815&ssl=1&resize=700%2C400 2x, https:\/\/i0.wp.com\/noticiasribeiraopreto.com.br\/wp-content\/uploads\/2025\/03\/rodovia-abrao-assed_2025-03-12_15-14-15_jpg_2025-03-12_15-14-15.webp.webp?fit=1200%2C815&ssl=1&resize=1050%2C600 3x"},"classes":[]},{"id":77524,"url":"https:\/\/noticiasribeiraopreto.com.br\/index.php\/2025\/09\/20\/governo-de-sp-aprova-edital-de-concessao-da-rota-mogiana-que-inclui-rodovia-na-regiao-de-ribeirao\/","url_meta":{"origin":81449,"position":4},"title":"Governo de SP aprova edital de concess\u00e3o da Rota Mogiana, que inclui rodovia na regi\u00e3o de Ribeir\u00e3o","author":"noticiasribeiraopreto.com.br","date":"20 de September de 2025","format":false,"excerpt":"O Governo de S\u00e3o Paulo aprovou na sexta-feira (19), a modelagem e a autoriza\u00e7\u00e3o para publica\u00e7\u00e3o do edital de licita\u00e7\u00e3o da Rota Mogiana, que prev\u00ea a concess\u00e3o de 532 km de rodovias no interior paulista. O pacote inclui a rodovia Abr\u00e3o Assed, uma das principais da regi\u00e3o de Ribeir\u00e3o Preto.\u2026","rel":"","context":"In &quot;Not\u00edcias de Ribeir\u00e3o Preto-SP e Regi\u00e3o&quot;","block_context":{"text":"Not\u00edcias de Ribeir\u00e3o Preto-SP e Regi\u00e3o","link":"https:\/\/noticiasribeiraopreto.com.br\/index.php\/category\/noticias-de-ribeirao-preto-sp-e-regiao-ismael-colosi\/"},"img":{"alt_text":"","src":"https:\/\/i0.wp.com\/noticiasribeiraopreto.com.br\/wp-content\/uploads\/2025\/09\/Copia-de-Copia-de-Copia-de-TAMANHO-EXATO-PARA-FOTOS-NO-SISTEMA-NOVO-2025-09-20T124643.684_2025-09-20_15-46-49.webp.webp?fit=1200%2C675&ssl=1&resize=350%2C200","width":350,"height":200,"srcset":"https:\/\/i0.wp.com\/noticiasribeiraopreto.com.br\/wp-content\/uploads\/2025\/09\/Copia-de-Copia-de-Copia-de-TAMANHO-EXATO-PARA-FOTOS-NO-SISTEMA-NOVO-2025-09-20T124643.684_2025-09-20_15-46-49.webp.webp?fit=1200%2C675&ssl=1&resize=350%2C200 1x, https:\/\/i0.wp.com\/noticiasribeiraopreto.com.br\/wp-content\/uploads\/2025\/09\/Copia-de-Copia-de-Copia-de-TAMANHO-EXATO-PARA-FOTOS-NO-SISTEMA-NOVO-2025-09-20T124643.684_2025-09-20_15-46-49.webp.webp?fit=1200%2C675&ssl=1&resize=525%2C300 1.5x, https:\/\/i0.wp.com\/noticiasribeiraopreto.com.br\/wp-content\/uploads\/2025\/09\/Copia-de-Copia-de-Copia-de-TAMANHO-EXATO-PARA-FOTOS-NO-SISTEMA-NOVO-2025-09-20T124643.684_2025-09-20_15-46-49.webp.webp?fit=1200%2C675&ssl=1&resize=700%2C400 2x, https:\/\/i0.wp.com\/noticiasribeiraopreto.com.br\/wp-content\/uploads\/2025\/09\/Copia-de-Copia-de-Copia-de-TAMANHO-EXATO-PARA-FOTOS-NO-SISTEMA-NOVO-2025-09-20T124643.684_2025-09-20_15-46-49.webp.webp?fit=1200%2C675&ssl=1&resize=1050%2C600 3x"},"classes":[]},{"id":81595,"url":"https:\/\/noticiasribeiraopreto.com.br\/index.php\/2026\/01\/11\/entenda-por-que-trecho-da-abrao-assed-em-ribeirao-preto-ficou-de-fora-de-leilao\/","url_meta":{"origin":81449,"position":5},"title":"Entenda por que trecho da Abr\u00e3o Assed em Ribeir\u00e3o Preto ficou de fora de leil\u00e3o","author":"noticiasribeiraopreto.com.br","date":"11 de January de 2026","format":false,"excerpt":"O trecho da rodovia Abr\u00e3o Assed que passa por Ribeir\u00e3o Preto ficou de fora do leil\u00e3o do lote Rota Mogiana, que acontece no dia 27 de fevereiro na B3, em S\u00e3o Paulo. Segundo a Secretaria de Parcerias em Investimentos de S\u00e3o Paulo esse trecho de Ribeir\u00e3o Preto, por j\u00e1 ser\u2026","rel":"","context":"In &quot;Not\u00edcias de Ribeir\u00e3o Preto-SP e Regi\u00e3o&quot;","block_context":{"text":"Not\u00edcias de Ribeir\u00e3o Preto-SP e Regi\u00e3o","link":"https:\/\/noticiasribeiraopreto.com.br\/index.php\/category\/noticias-de-ribeirao-preto-sp-e-regiao-ismael-colosi\/"},"img":{"alt_text":"","src":"https:\/\/i0.wp.com\/noticiasribeiraopreto.com.br\/wp-content\/uploads\/2026\/01\/rodovia-abrao-assed_2026-01-10_21-01-53.webp.webp?fit=979%2C554&ssl=1&resize=350%2C200","width":350,"height":200,"srcset":"https:\/\/i0.wp.com\/noticiasribeiraopreto.com.br\/wp-content\/uploads\/2026\/01\/rodovia-abrao-assed_2026-01-10_21-01-53.webp.webp?fit=979%2C554&ssl=1&resize=350%2C200 1x, https:\/\/i0.wp.com\/noticiasribeiraopreto.com.br\/wp-content\/uploads\/2026\/01\/rodovia-abrao-assed_2026-01-10_21-01-53.webp.webp?fit=979%2C554&ssl=1&resize=525%2C300 1.5x, https:\/\/i0.wp.com\/noticiasribeiraopreto.com.br\/wp-content\/uploads\/2026\/01\/rodovia-abrao-assed_2026-01-10_21-01-53.webp.webp?fit=979%2C554&ssl=1&resize=700%2C400 2x"},"classes":[]}],"jetpack_sharing_enabled":true,"jetpack_shortlink":"https:\/\/wp.me\/peQAOb-lbH","_links":{"self":[{"href":"https:\/\/noticiasribeiraopreto.com.br\/index.php\/wp-json\/wp\/v2\/posts\/81449","targetHints":{"allow":["GET"]}}],"collection":[{"href":"https:\/\/noticiasribeiraopreto.com.br\/index.php\/wp-json\/wp\/v2\/posts"}],"about":[{"href":"https:\/\/noticiasribeiraopreto.com.br\/index.php\/wp-json\/wp\/v2\/types\/post"}],"author":[{"embeddable":true,"href":"https:\/\/noticiasribeiraopreto.com.br\/index.php\/wp-json\/wp\/v2\/users\/1"}],"replies":[{"embeddable":true,"href":"https:\/\/noticiasribeiraopreto.com.br\/index.php\/wp-json\/wp\/v2\/comments?post=81449"}],"version-history":[{"count":0,"href":"https:\/\/noticiasribeiraopreto.com.br\/index.php\/wp-json\/wp\/v2\/posts\/81449\/revisions"}],"wp:featuredmedia":[{"embeddable":true,"href":"https:\/\/noticiasribeiraopreto.com.br\/index.php\/wp-json\/wp\/v2\/media\/81450"}],"wp:attachment":[{"href":"https:\/\/noticiasribeiraopreto.com.br\/index.php\/wp-json\/wp\/v2\/media?parent=81449"}],"wp:term":[{"taxonomy":"category","embeddable":true,"href":"https:\/\/noticiasribeiraopreto.com.br\/index.php\/wp-json\/wp\/v2\/categories?post=81449"},{"taxonomy":"post_tag","embeddable":true,"href":"https:\/\/noticiasribeiraopreto.com.br\/index.php\/wp-json\/wp\/v2\/tags?post=81449"}],"curies":[{"name":"wp","href":"https:\/\/api.w.org\/{rel}","templated":true}]}}