{"id":81453,"date":"2026-01-06T13:15:31","date_gmt":"2026-01-06T16:15:31","guid":{"rendered":"https:\/\/noticiasribeiraopreto.com.br\/index.php\/2026\/01\/06\/pai-de-menino-morto-apos-atropelamento-presta-depoimento\/"},"modified":"2026-01-06T13:15:31","modified_gmt":"2026-01-06T16:15:31","slug":"pai-de-menino-morto-apos-atropelamento-presta-depoimento","status":"publish","type":"post","link":"https:\/\/noticiasribeiraopreto.com.br\/index.php\/2026\/01\/06\/pai-de-menino-morto-apos-atropelamento-presta-depoimento\/","title":{"rendered":"Pai de menino morto ap\u00f3s atropelamento presta depoimento"},"content":{"rendered":"<div class='code-block code-block-1' style='margin: 8px 0 8px auto; text-align: right; display: block; clear: both;'>\n<p><a href=\"https:\/\/wa.link\/vpicfd\"><img data-recalc-dims=\"1\" class=\"wp-image-4922\" style=\"aspect-ratio: 2.0253164556962027; width: 561px; height: auto;\" src=\"https:\/\/i0.wp.com\/ismaelcolosi.com.br\/wp-content\/uploads\/2023\/11\/grupo-de-empregos-whatsapp-e-facebook-ismael-colosi-vagas.jpg?ssl=1\" alt=\"\" \/><\/a><\/p>\n<!-- \/wp:image -->\n<\/div>\n<p> <br \/>\n<\/p>\n<div>\n<p>Por: Alfredo Risk e Adalberto Luque<\/p>\n<p>Albertino da Silva Filho, pai de Guilherme da Silva Maia, de 6 anos, que morreu ap\u00f3s ser atropelado no dia 1\u00ba de janeiro, foi ouvido pelo delegado que investiga o caso na manh\u00e3 desta ter\u00e7a-feira (6). O depoimento de Albertino foi colhido na Central de Pol\u00edcia Judici\u00e1ria (CPJ) Permanente, no Jardim Sumar\u00e9, zona Sul de Ribeir\u00e3o Preto.<\/p>\n<p>O homem chegou \u00e0 delegacia, onde est\u00e1 instalado o 7\u00ba Distrito Policial, que cuida do caso, acompanhado do advogado Luiz Felipe Rizzi Perrone. Ele conversou com o delegado Ariovaldo Torrieri por aproximadamente uma hora.<\/p>\n<p>Na sa\u00edda, Albertino disse que far\u00e1 de tudo para ver o m\u00fasico Gustavo Perissoto de Oliveira, motorista do Hyundai I30, na cadeia. \u201cQuero a pris\u00e3o dele. Vai pagar pelo crime\u201d, disparou.<\/p>\n<p>O advogado de Albertino acrescentou: que ele se apresentou porque sabia que seria identificado e tamb\u00e9m para gerar d\u00favidas se estaria ou n\u00e3o embriagado, criando assim uma brecha.<\/p>\n<p>O pai de Guilherme e esposo de Eliene de Santana Maia, a outra v\u00edtima do atropelamento, apresentou uma lista de testemunhas oculares. Uma destas testemunhas \u00e9 o frentista do posto de combust\u00edveis onde a c\u00e2mera de monitoramento registrou o acidente.<\/p>\n<figure id=\"attachment_451106\" aria-describedby=\"caption-attachment-451106\" style=\"width: 809px\" class=\"wp-caption alignnone\"><img data-recalc-dims=\"1\" loading=\"lazy\" decoding=\"async\" class=\"size-full wp-image-451106 lazyload\" src=\"https:\/\/i0.wp.com\/www.tribunaribeirao.com.br\/wp-content\/uploads\/2026\/01\/1-bonfim-foto-6.jpg?resize=809%2C618&#038;ssl=1\" alt=\"\" width=\"809\" height=\"618\" srcset=\"https:\/\/www.tribunaribeirao.com.br\/wp-content\/uploads\/2026\/01\/1-bonfim-foto-6.jpg 809w, https:\/\/www.tribunaribeirao.com.br\/wp-content\/uploads\/2026\/01\/1-bonfim-foto-6-300x229.jpg 300w, https:\/\/www.tribunaribeirao.com.br\/wp-content\/uploads\/2026\/01\/1-bonfim-foto-6-768x587.jpg 768w, https:\/\/www.tribunaribeirao.com.br\/wp-content\/uploads\/2026\/01\/1-bonfim-foto-6-524x400.jpg 524w, https:\/\/www.tribunaribeirao.com.br\/wp-content\/uploads\/2026\/01\/1-bonfim-foto-6-585x447.jpg 585w\" data-sizes=\"(max-width: 809px) 100vw, 809px\" style=\"--smush-placeholder-width: 809px; --smush-placeholder-aspect-ratio: 809\/618;\"\/><figcaption id=\"caption-attachment-451106\" class=\"wp-caption-text\">Guilherme e sua m\u00e3e estavam indo a farm\u00e1cia quando foram atropelados no acostamento da via<br \/>(Foto: Redes Sociais)<\/figcaption><\/figure>\n<p>De acordo com o frentista, o homem teria sido alertado por funcion\u00e1rios e clientes do posto, mas apenas teria olhado para o lado, n\u00e3o fazendo qualquer men\u00e7\u00e3o de que tinha inten\u00e7\u00e3o de parar. O delegado deve intimar as testemunhas no decorrer das investiga\u00e7\u00f5es.<\/p>\n<p><strong>\u201cFatalidade\u201d<\/strong><\/p>\n<p>A defesa de Oliveira considera o caso uma fatalidade ocorrida em momento de distra\u00e7\u00e3o, quando o m\u00fasico mexia no sistema multim\u00eddia do ve\u00edculo. \u201cNo instante do ocorrido, Gustavo acreditou ter colidido apenas contra a prote\u00e7\u00e3o met\u00e1lica da via. Ao verificar o retrovisor e n\u00e3o visualizar pedestres na pista, seguiu seu trajeto sem ter ci\u00eancia da gravidade da situa\u00e7\u00e3o, tanto \u00e9 que ainda margeou a regi\u00e3o de Bonfim Paulista e de Ribeir\u00e3o Preto com muita calma (conforme imagens locais), n\u00e3o se evadindo em alta velocidade com o objetivo de se ocultar\u201d, cita a nota.<\/p>\n<p>A defesa tamb\u00e9m afirma que Oliveira n\u00e3o passou por duas festas e seguia a caminho de uma terceira, como chegou a ser veiculado. De acordo com os advogados, ele passou a virada de ano com seus familiares e, no dia 1\u00ba seguia para um almo\u00e7o com fam\u00edlia e amigos e n\u00e3o teria consumido bebida alc\u00f3olica.<\/p>\n<p><strong>Relembre o caso<\/strong><\/p>\n<p>Na manh\u00e3 de 1\u00ba de janeiro, Guilherme, de 6 anos, e sua m\u00e3e Eliene, caminhavam pela rua Professor Felisberto Almada, ao lado da Rodovia Jos\u00e9 Fregonesi (SP-328), em Bonfim Paulista, zona Sul de Ribeir\u00e3o Preto. Seguiam para uma farm\u00e1cia pr\u00f3xima. Uma c\u00e2mera de seguran\u00e7a registrou o atropelamento. O carro saiu da pista e atingiu m\u00e3e e filho.<\/p>\n<figure id=\"attachment_451104\" aria-describedby=\"caption-attachment-451104\" style=\"width: 994px\" class=\"wp-caption alignnone\"><img data-recalc-dims=\"1\" loading=\"lazy\" decoding=\"async\" class=\"size-full wp-image-451104 lazyload\" src=\"https:\/\/i0.wp.com\/www.tribunaribeirao.com.br\/wp-content\/uploads\/2026\/01\/1-bonfim-foto-4.jpg?resize=994%2C546&#038;ssl=1\" alt=\"\" width=\"994\" height=\"546\" srcset=\"https:\/\/www.tribunaribeirao.com.br\/wp-content\/uploads\/2026\/01\/1-bonfim-foto-4.jpg 994w, https:\/\/www.tribunaribeirao.com.br\/wp-content\/uploads\/2026\/01\/1-bonfim-foto-4-300x165.jpg 300w, https:\/\/www.tribunaribeirao.com.br\/wp-content\/uploads\/2026\/01\/1-bonfim-foto-4-768x422.jpg 768w, https:\/\/www.tribunaribeirao.com.br\/wp-content\/uploads\/2026\/01\/1-bonfim-foto-4-960x527.jpg 960w, https:\/\/www.tribunaribeirao.com.br\/wp-content\/uploads\/2026\/01\/1-bonfim-foto-4-728x400.jpg 728w, https:\/\/www.tribunaribeirao.com.br\/wp-content\/uploads\/2026\/01\/1-bonfim-foto-4-585x321.jpg 585w\" data-sizes=\"(max-width: 994px) 100vw, 994px\" style=\"--smush-placeholder-width: 994px; --smush-placeholder-aspect-ratio: 994\/546;\"\/><figcaption id=\"caption-attachment-451104\" class=\"wp-caption-text\">Carro foi apreendido e ser\u00e1 submetido a per\u00edcia (Foto: Divulga\u00e7\u00e3o)<\/figcaption><\/figure>\n<p>Depois o motorista foi embora do local, sem parar para ver o que aconteceu. Os dois foram socorridos em estado grave. Eliene sofreu fraturas nas pernas, bacia, bra\u00e7o e rosto e precisou ser submetida a cirurgias. Ela segue internada no Hospital das Cl\u00ednicas \u2013 Unidade de Emerg\u00eancia (HC-UE), no Centro de Ribeir\u00e3o Preto. Guilherme morreu em 4 de janeiro e foi sepultado nesta segunda-feira (5). Sua m\u00e3e n\u00e3o pode ir ao enterro do filho.<\/p>\n<p>O caso passou a ser investigado como homic\u00eddio culposo e les\u00e3o corporal culposa, ambos na dire\u00e7\u00e3o de ve\u00edculo automotor e fuga do local de acidente. Se o delegado concluir que houve dolo eventual, como dirigir embriagado, o m\u00fasico estar\u00e1 sujeito a penas entre 6 e 20 anos e pode at\u00e9 mesmo ser submetido a j\u00fari popular. As investiga\u00e7\u00f5es prosseguem.<\/p>\n<\/div>\n<p><br \/>\n<br \/><a href=\"https:\/\/www.tribunaribeirao.com.br\/pai-de-menino-morto-apos-atropelamento-presta-depoimento\/\">Source link <\/a><\/p>\n<!-- CONTENT END 1 -->\n","protected":false},"excerpt":{"rendered":"<p>Por: Alfredo Risk e Adalberto Luque Albertino da Silva Filho, pai de Guilherme da Silva Maia, de 6 anos, que morreu ap\u00f3s ser atropelado no&#8230;<\/p>\n","protected":false},"author":1,"featured_media":81454,"comment_status":"open","ping_status":"open","sticky":false,"template":"","format":"standard","meta":{"advanced_seo_description":"","jetpack_seo_html_title":"","jetpack_seo_noindex":false,"jetpack_post_was_ever_published":false,"_jetpack_newsletter_access":"","_jetpack_dont_email_post_to_subs":false,"_jetpack_newsletter_tier_id":0,"_jetpack_memberships_contains_paywalled_content":false,"_jetpack_memberships_contains_paid_content":false,"footnotes":"","jetpack_publicize_message":"","jetpack_publicize_feature_enabled":true,"jetpack_social_post_already_shared":true,"jetpack_social_options":{"image_generator_settings":{"template":"highway","default_image_id":0,"font":"","enabled":false},"version":2}},"categories":[11],"tags":[],"class_list":["post-81453","post","type-post","status-publish","format-standard","has-post-thumbnail","hentry","category-noticias-de-ribeirao-preto-sp-e-regiao-ismael-colosi"],"jetpack_publicize_connections":[],"jetpack_featured_media_url":"https:\/\/i0.wp.com\/noticiasribeiraopreto.com.br\/wp-content\/uploads\/2026\/01\/06-jan-2026-paitestemunhas-scaled.jpg?fit=1170%2C780&ssl=1","jetpack-related-posts":[{"id":81637,"url":"https:\/\/noticiasribeiraopreto.com.br\/index.php\/2026\/01\/12\/atropelamento-que-matou-crianca-e-feriu-mae-em-ribeirao-envolveu-carro-alugado-diz-advogado\/","url_meta":{"origin":81453,"position":0},"title":"Atropelamento que matou crian\u00e7a e feriu m\u00e3e em Ribeir\u00e3o envolveu carro alugado, diz advogado","author":"noticiasribeiraopreto.com.br","date":"12 de January de 2026","format":false,"excerpt":"O advogado da fam\u00edlia de Guilherme da Silva Maia, de 6 anos, que morreu ap\u00f3s ser atropelado no acostamento de uma rodovia de Bonfim Paulista, distrito de Ribeir\u00e3o Preto, afirmou que o ve\u00edculo conduzido pelo envolvido era alugado. A informa\u00e7\u00e3o foi divulgada neste s\u00e1bado (10), durante uma manifesta\u00e7\u00e3o de amigos\u2026","rel":"","context":"In &quot;Not\u00edcias de Ribeir\u00e3o Preto-SP e Regi\u00e3o&quot;","block_context":{"text":"Not\u00edcias de Ribeir\u00e3o Preto-SP e Regi\u00e3o","link":"https:\/\/noticiasribeiraopreto.com.br\/index.php\/category\/noticias-de-ribeirao-preto-sp-e-regiao-ismael-colosi\/"},"img":{"alt_text":"","src":"https:\/\/i0.wp.com\/noticiasribeiraopreto.com.br\/wp-content\/uploads\/2026\/01\/image_2026-01-02_15-42-11.webp.webp?fit=984%2C549&ssl=1&resize=350%2C200","width":350,"height":200,"srcset":"https:\/\/i0.wp.com\/noticiasribeiraopreto.com.br\/wp-content\/uploads\/2026\/01\/image_2026-01-02_15-42-11.webp.webp?fit=984%2C549&ssl=1&resize=350%2C200 1x, https:\/\/i0.wp.com\/noticiasribeiraopreto.com.br\/wp-content\/uploads\/2026\/01\/image_2026-01-02_15-42-11.webp.webp?fit=984%2C549&ssl=1&resize=525%2C300 1.5x, https:\/\/i0.wp.com\/noticiasribeiraopreto.com.br\/wp-content\/uploads\/2026\/01\/image_2026-01-02_15-42-11.webp.webp?fit=984%2C549&ssl=1&resize=700%2C400 2x"},"classes":[]},{"id":81371,"url":"https:\/\/noticiasribeiraopreto.com.br\/index.php\/2026\/01\/03\/motorista-suspeito-de-atropelar-mae-e-filho-em-bonfim-paulista-se-apresenta-a-policia-civil\/","url_meta":{"origin":81453,"position":1},"title":"Motorista suspeito de atropelar m\u00e3e e filho em Bonfim Paulista se apresenta \u00e0 Pol\u00edcia Civil","author":"noticiasribeiraopreto.com.br","date":"3 de January de 2026","format":false,"excerpt":"\r \r \r 3 de janeiro de 2026 11:26 \r Compartilhar0 Um motorista, de 25 anos, suspeito de fugir ap\u00f3s atropelar m\u00e3e e filho no distrito de Bonfim Paulista, se apresentou na Pol\u00edcia Civil de Ribeir\u00e3o Preto com dois advogados. Em depoimento, prestado na tarde desta sexta-feira (2) no 7\u00ba\u2026","rel":"","context":"In &quot;Not\u00edcias de Ribeir\u00e3o Preto-SP e Regi\u00e3o&quot;","block_context":{"text":"Not\u00edcias de Ribeir\u00e3o Preto-SP e Regi\u00e3o","link":"https:\/\/noticiasribeiraopreto.com.br\/index.php\/category\/noticias-de-ribeirao-preto-sp-e-regiao-ismael-colosi\/"},"img":{"alt_text":"","src":"https:\/\/i0.wp.com\/noticiasribeiraopreto.com.br\/wp-content\/uploads\/2026\/01\/WhatsApp-Image-2026-01-02-at-13.05.19-scaled.jpeg?fit=1200%2C554&ssl=1&resize=350%2C200","width":350,"height":200,"srcset":"https:\/\/i0.wp.com\/noticiasribeiraopreto.com.br\/wp-content\/uploads\/2026\/01\/WhatsApp-Image-2026-01-02-at-13.05.19-scaled.jpeg?fit=1200%2C554&ssl=1&resize=350%2C200 1x, https:\/\/i0.wp.com\/noticiasribeiraopreto.com.br\/wp-content\/uploads\/2026\/01\/WhatsApp-Image-2026-01-02-at-13.05.19-scaled.jpeg?fit=1200%2C554&ssl=1&resize=525%2C300 1.5x, https:\/\/i0.wp.com\/noticiasribeiraopreto.com.br\/wp-content\/uploads\/2026\/01\/WhatsApp-Image-2026-01-02-at-13.05.19-scaled.jpeg?fit=1200%2C554&ssl=1&resize=700%2C400 2x, https:\/\/i0.wp.com\/noticiasribeiraopreto.com.br\/wp-content\/uploads\/2026\/01\/WhatsApp-Image-2026-01-02-at-13.05.19-scaled.jpeg?fit=1200%2C554&ssl=1&resize=1050%2C600 3x"},"classes":[]},{"id":81418,"url":"https:\/\/noticiasribeiraopreto.com.br\/index.php\/2026\/01\/05\/menino-atropelado-dia-1o-e-sepultado-em-bonfim-paulista\/","url_meta":{"origin":81453,"position":2},"title":"Menino atropelado dia 1\u00ba \u00e9 sepultado em Bonfim Paulista","author":"noticiasribeiraopreto.com.br","date":"5 de January de 2026","format":false,"excerpt":"Por: Adalberto Luque Guilherme da Silva Maia, de 6 anos, foi sepultado na manh\u00e3 desta segunda-feira (5), no Cemit\u00e9rio de Bonfim Paulista, zona Sul de Ribeir\u00e3o Preto. Ele e a m\u00e3e, Eliene de Santana Maia, de 33 anos, foram atropelados na manh\u00e3 de quinta-feira (1\u00ba de janeiro). Guilherme e sua\u2026","rel":"","context":"In &quot;Not\u00edcias de Ribeir\u00e3o Preto-SP e Regi\u00e3o&quot;","block_context":{"text":"Not\u00edcias de Ribeir\u00e3o Preto-SP e Regi\u00e3o","link":"https:\/\/noticiasribeiraopreto.com.br\/index.php\/category\/noticias-de-ribeirao-preto-sp-e-regiao-ismael-colosi\/"},"img":{"alt_text":"","src":"https:\/\/i0.wp.com\/noticiasribeiraopreto.com.br\/wp-content\/uploads\/2026\/01\/05-jan-2026-meninoatropelado0-scaled.jpg?fit=1170%2C780&ssl=1&resize=350%2C200","width":350,"height":200,"srcset":"https:\/\/i0.wp.com\/noticiasribeiraopreto.com.br\/wp-content\/uploads\/2026\/01\/05-jan-2026-meninoatropelado0-scaled.jpg?fit=1170%2C780&ssl=1&resize=350%2C200 1x, https:\/\/i0.wp.com\/noticiasribeiraopreto.com.br\/wp-content\/uploads\/2026\/01\/05-jan-2026-meninoatropelado0-scaled.jpg?fit=1170%2C780&ssl=1&resize=525%2C300 1.5x, https:\/\/i0.wp.com\/noticiasribeiraopreto.com.br\/wp-content\/uploads\/2026\/01\/05-jan-2026-meninoatropelado0-scaled.jpg?fit=1170%2C780&ssl=1&resize=700%2C400 2x, https:\/\/i0.wp.com\/noticiasribeiraopreto.com.br\/wp-content\/uploads\/2026\/01\/05-jan-2026-meninoatropelado0-scaled.jpg?fit=1170%2C780&ssl=1&resize=1050%2C600 3x"},"classes":[]},{"id":81675,"url":"https:\/\/noticiasribeiraopreto.com.br\/index.php\/2026\/01\/13\/policia-ouve-testemunhas-de-atropelamento-fatal\/","url_meta":{"origin":81453,"position":3},"title":"Pol\u00edcia ouve testemunhas de atropelamento fatal","author":"noticiasribeiraopreto.com.br","date":"13 de January de 2026","format":false,"excerpt":"\r Frentistas de posto de combust\u00edvel quase em frente ao local onde ocorreu o acidente garantem que motorista ouviu avisos sobre o ocorrido\r \r 13 de janeiro de 2026 13:01 \r Compartilhar2 Por: Adalberto Luque A Pol\u00edcia Civil ouviu, nesta segunda-feira (12), tr\u00eas frentistas que presenciaram o atropelamento de Guilherme\u2026","rel":"","context":"In &quot;Not\u00edcias de Ribeir\u00e3o Preto-SP e Regi\u00e3o&quot;","block_context":{"text":"Not\u00edcias de Ribeir\u00e3o Preto-SP e Regi\u00e3o","link":"https:\/\/noticiasribeiraopreto.com.br\/index.php\/category\/noticias-de-ribeirao-preto-sp-e-regiao-ismael-colosi\/"},"img":{"alt_text":"","src":"https:\/\/i0.wp.com\/noticiasribeiraopreto.com.br\/wp-content\/uploads\/2026\/01\/05-jan-2026-meninoatropelado2.jpg?fit=809%2C618&ssl=1&resize=350%2C200","width":350,"height":200,"srcset":"https:\/\/i0.wp.com\/noticiasribeiraopreto.com.br\/wp-content\/uploads\/2026\/01\/05-jan-2026-meninoatropelado2.jpg?fit=809%2C618&ssl=1&resize=350%2C200 1x, https:\/\/i0.wp.com\/noticiasribeiraopreto.com.br\/wp-content\/uploads\/2026\/01\/05-jan-2026-meninoatropelado2.jpg?fit=809%2C618&ssl=1&resize=525%2C300 1.5x, https:\/\/i0.wp.com\/noticiasribeiraopreto.com.br\/wp-content\/uploads\/2026\/01\/05-jan-2026-meninoatropelado2.jpg?fit=809%2C618&ssl=1&resize=700%2C400 2x"},"classes":[]},{"id":81447,"url":"https:\/\/noticiasribeiraopreto.com.br\/index.php\/2026\/01\/06\/revolta-em-sepultamento-de-menino-atropelado-no-dia-1o\/","url_meta":{"origin":81453,"position":4},"title":"Revolta em sepultamento de menino atropelado no dia 1\u00ba","author":"noticiasribeiraopreto.com.br","date":"6 de January de 2026","format":false,"excerpt":"Crian\u00e7a estava internada no HC-UE e n\u00e3o resistiu \u00e0 gravidade dos ferimentos; motorista alegou ter se distra\u00eddo com multim\u00eddia e n\u00e3o viu atropelamento Por Alfredo Risk e Adalberto Luque Guilherme da Silva Maia, de 6 anos, foi sepultado na manh\u00e3 desta segunda-feira (5), no Cemit\u00e9rio de Bonfim Paulista, zona Sul\u2026","rel":"","context":"In &quot;Not\u00edcias de Ribeir\u00e3o Preto-SP e Regi\u00e3o&quot;","block_context":{"text":"Not\u00edcias de Ribeir\u00e3o Preto-SP e Regi\u00e3o","link":"https:\/\/noticiasribeiraopreto.com.br\/index.php\/category\/noticias-de-ribeirao-preto-sp-e-regiao-ismael-colosi\/"},"img":{"alt_text":"","src":"https:\/\/i0.wp.com\/noticiasribeiraopreto.com.br\/wp-content\/uploads\/2026\/01\/1-bonfim-foto-3.jpg?fit=1170%2C780&ssl=1&resize=350%2C200","width":350,"height":200,"srcset":"https:\/\/i0.wp.com\/noticiasribeiraopreto.com.br\/wp-content\/uploads\/2026\/01\/1-bonfim-foto-3.jpg?fit=1170%2C780&ssl=1&resize=350%2C200 1x, https:\/\/i0.wp.com\/noticiasribeiraopreto.com.br\/wp-content\/uploads\/2026\/01\/1-bonfim-foto-3.jpg?fit=1170%2C780&ssl=1&resize=525%2C300 1.5x, https:\/\/i0.wp.com\/noticiasribeiraopreto.com.br\/wp-content\/uploads\/2026\/01\/1-bonfim-foto-3.jpg?fit=1170%2C780&ssl=1&resize=700%2C400 2x, https:\/\/i0.wp.com\/noticiasribeiraopreto.com.br\/wp-content\/uploads\/2026\/01\/1-bonfim-foto-3.jpg?fit=1170%2C780&ssl=1&resize=1050%2C600 3x"},"classes":[]},{"id":81391,"url":"https:\/\/noticiasribeiraopreto.com.br\/index.php\/2026\/01\/04\/veja-o-que-se-sabe-sobre-o-caso-do-atropelamento-de-mae-e-filho-em-ribeirao-preto\/","url_meta":{"origin":81453,"position":5},"title":"Veja o que se sabe sobre o caso do atropelamento de m\u00e3e e filho em Ribeir\u00e3o Preto","author":"noticiasribeiraopreto.com.br","date":"4 de January de 2026","format":false,"excerpt":"O motorista suspeito de fugir ap\u00f3s atropelar uma mulher e seu filho na manh\u00e3 da \u00faltima quinta-feira (1\u00ba) se apresentou \u00e0 Pol\u00edcia Civil de Ribeir\u00e3o Preto nesta sexta-feira (2). As v\u00edtimas, Eliene de Santana Maia, de 33 anos, e Guilherme da Silva Maia, de 6 anos, seguem internadas no Hospital\u2026","rel":"","context":"In &quot;Not\u00edcias de Ribeir\u00e3o Preto-SP e Regi\u00e3o&quot;","block_context":{"text":"Not\u00edcias de Ribeir\u00e3o Preto-SP e Regi\u00e3o","link":"https:\/\/noticiasribeiraopreto.com.br\/index.php\/category\/noticias-de-ribeirao-preto-sp-e-regiao-ismael-colosi\/"},"img":{"alt_text":"","src":"https:\/\/i0.wp.com\/noticiasribeiraopreto.com.br\/wp-content\/uploads\/2026\/01\/CARRO_2026-01-02_18-15-21.webp.webp?fit=1200%2C702&ssl=1&resize=350%2C200","width":350,"height":200,"srcset":"https:\/\/i0.wp.com\/noticiasribeiraopreto.com.br\/wp-content\/uploads\/2026\/01\/CARRO_2026-01-02_18-15-21.webp.webp?fit=1200%2C702&ssl=1&resize=350%2C200 1x, https:\/\/i0.wp.com\/noticiasribeiraopreto.com.br\/wp-content\/uploads\/2026\/01\/CARRO_2026-01-02_18-15-21.webp.webp?fit=1200%2C702&ssl=1&resize=525%2C300 1.5x, https:\/\/i0.wp.com\/noticiasribeiraopreto.com.br\/wp-content\/uploads\/2026\/01\/CARRO_2026-01-02_18-15-21.webp.webp?fit=1200%2C702&ssl=1&resize=700%2C400 2x, https:\/\/i0.wp.com\/noticiasribeiraopreto.com.br\/wp-content\/uploads\/2026\/01\/CARRO_2026-01-02_18-15-21.webp.webp?fit=1200%2C702&ssl=1&resize=1050%2C600 3x"},"classes":[]}],"jetpack_sharing_enabled":true,"jetpack_shortlink":"https:\/\/wp.me\/peQAOb-lbL","_links":{"self":[{"href":"https:\/\/noticiasribeiraopreto.com.br\/index.php\/wp-json\/wp\/v2\/posts\/81453","targetHints":{"allow":["GET"]}}],"collection":[{"href":"https:\/\/noticiasribeiraopreto.com.br\/index.php\/wp-json\/wp\/v2\/posts"}],"about":[{"href":"https:\/\/noticiasribeiraopreto.com.br\/index.php\/wp-json\/wp\/v2\/types\/post"}],"author":[{"embeddable":true,"href":"https:\/\/noticiasribeiraopreto.com.br\/index.php\/wp-json\/wp\/v2\/users\/1"}],"replies":[{"embeddable":true,"href":"https:\/\/noticiasribeiraopreto.com.br\/index.php\/wp-json\/wp\/v2\/comments?post=81453"}],"version-history":[{"count":0,"href":"https:\/\/noticiasribeiraopreto.com.br\/index.php\/wp-json\/wp\/v2\/posts\/81453\/revisions"}],"wp:featuredmedia":[{"embeddable":true,"href":"https:\/\/noticiasribeiraopreto.com.br\/index.php\/wp-json\/wp\/v2\/media\/81454"}],"wp:attachment":[{"href":"https:\/\/noticiasribeiraopreto.com.br\/index.php\/wp-json\/wp\/v2\/media?parent=81453"}],"wp:term":[{"taxonomy":"category","embeddable":true,"href":"https:\/\/noticiasribeiraopreto.com.br\/index.php\/wp-json\/wp\/v2\/categories?post=81453"},{"taxonomy":"post_tag","embeddable":true,"href":"https:\/\/noticiasribeiraopreto.com.br\/index.php\/wp-json\/wp\/v2\/tags?post=81453"}],"curies":[{"name":"wp","href":"https:\/\/api.w.org\/{rel}","templated":true}]}}