{"id":81455,"date":"2026-01-06T13:58:10","date_gmt":"2026-01-06T16:58:10","guid":{"rendered":"https:\/\/noticiasribeiraopreto.com.br\/index.php\/2026\/01\/06\/vai-dar-para-viajar-confira-os-feriados-de-2026-em-ribeirao-preto-e-as-possiveis-emendas\/"},"modified":"2026-01-06T13:58:10","modified_gmt":"2026-01-06T16:58:10","slug":"vai-dar-para-viajar-confira-os-feriados-de-2026-em-ribeirao-preto-e-as-possiveis-emendas","status":"publish","type":"post","link":"https:\/\/noticiasribeiraopreto.com.br\/index.php\/2026\/01\/06\/vai-dar-para-viajar-confira-os-feriados-de-2026-em-ribeirao-preto-e-as-possiveis-emendas\/","title":{"rendered":"Vai dar para viajar? Confira os feriados de 2026 em Ribeir\u00e3o Preto e as poss\u00edveis emendas"},"content":{"rendered":"<div class='code-block code-block-1' style='margin: 8px 0 8px auto; text-align: right; display: block; clear: both;'>\n<p><a href=\"https:\/\/wa.link\/vpicfd\"><img data-recalc-dims=\"1\" class=\"wp-image-4922\" style=\"aspect-ratio: 2.0253164556962027; width: 561px; height: auto;\" src=\"https:\/\/i0.wp.com\/ismaelcolosi.com.br\/wp-content\/uploads\/2023\/11\/grupo-de-empregos-whatsapp-e-facebook-ismael-colosi-vagas.jpg?ssl=1\" alt=\"\" \/><\/a><\/p>\n<!-- \/wp:image -->\n<\/div>\n<p> <br \/>\n<\/p>\n<div data-td-block-uid=\"tdi_95\">\n<div class=\"tdb-block-inner td-fix-index\">\n<p>O ano come\u00e7ou animado para quem gosta de viajar ou planejar momentos de lazer e descanso. Isso porque <strong>janeiro j\u00e1 tem feriado em Ribeir\u00e3o Preto<\/strong> e com chance de emenda para alguns trabalhadores.<\/p>\n<p>Ao longo de 2026, os moradores do munic\u00edpio ter\u00e3o <strong>14 feriados (entre municipais, estaduais e nacionais)<\/strong>, a maioria em dias de semana, al\u00e9m de <strong>10 pontos facultativos<\/strong>.<\/p>\n<h2 class=\"wp-block-heading\"><strong>Confira o calend\u00e1rio de 2026 em Ribeir\u00e3o Preto<\/strong><\/h2>\n<h3 class=\"wp-block-heading\"><strong>Janeiro<\/strong><\/h3>\n<ul class=\"wp-block-list\">\n<li>19 de janeiro (segunda-feira) \u2013 Ponto facultativo<\/li>\n<li><strong>20 de janeiro (ter\u00e7a-feira) \u2013 Dia de S\u00e3o Sebasti\u00e3o | Feriado Municipal<\/strong><\/li>\n<\/ul>\n<h3 class=\"wp-block-heading\"><strong>Fevereiro<\/strong><\/h3>\n<ul class=\"wp-block-list\">\n<li>16 de fevereiro (segunda-feira) \u2013 Carnaval\/ Ponto facultativo<\/li>\n<li>17 de fevereiro (ter\u00e7a-feira) \u2013 Carnaval\/ Ponto facultativo<\/li>\n<li>18 de fevereiro (quarta-feira) \u2013 Quarta-feira de Cinzas\/ Ponto facultativo<\/li>\n<\/ul>\n<h3 class=\"wp-block-heading\"><strong>Abril<\/strong><\/h3>\n<ul class=\"wp-block-list\">\n<li><strong>03 de abril (sexta-feira) \u2013 Paix\u00e3o de Cristo <\/strong><\/li>\n<li>20 de abril (segunda-feira) \u2013 Ponto facultativo<\/li>\n<li><strong>21 de abril (ter\u00e7a-feira) \u2013 Tiradentes<\/strong><\/li>\n<\/ul>\n<h3 class=\"wp-block-heading\"><strong>Maio<\/strong><\/h3>\n<ul class=\"wp-block-list\">\n<li><strong>1 de maio (sexta-feira) \u2013 Dia do Trabalho<\/strong><\/li>\n<\/ul>\n<h3 class=\"wp-block-heading\"><strong>Junho<\/strong><\/h3>\n<ul class=\"wp-block-list\">\n<li><strong>4 de junho (quinta-feira) \u2013 Corpus Christi | Feriado Municipal<\/strong><\/li>\n<li>5 de junho (sexta-feira) \u2013 Ponto facultativo<\/li>\n<li><strong>19 de junho (sexta-feira) \u2013 Anivers\u00e1rio de Ribeir\u00e3o Preto | Feriado Municipal<\/strong><\/li>\n<\/ul>\n<div class=\"wp-block-image\">\n<figure class=\"aligncenter size-large is-resized\"><img data-recalc-dims=\"1\" fetchpriority=\"high\" decoding=\"async\" width=\"1024\" height=\"768\" src=\"https:\/\/i0.wp.com\/cdn.media-acidadeon.com.br\/ribeiraopreto\/wp-content\/uploads\/sites\/3\/2025\/09\/calendar-gab1f19fa1_1920_2025-09-20_20-52-18-1024x768.webp?resize=1024%2C768&#038;ssl=1\" alt=\"Ribeir\u00e3o Preto ter\u00e1 14 feriados em 2026 - Foto: Pixabay.\" class=\"wp-image-129786\" style=\"width:654px\" title=\"Vai dar para viajar? Confira os feriados de 2026 em Ribeir\u00e3o Preto e as poss\u00edveis emendas 1\" srcset=\"https:\/\/cdn.media-acidadeon.com.br\/ribeiraopreto\/wp-content\/uploads\/sites\/3\/2025\/09\/calendar-gab1f19fa1_1920_2025-09-20_20-52-18-1024x768.webp 1024w, https:\/\/cdn.media-acidadeon.com.br\/ribeiraopreto\/wp-content\/uploads\/sites\/3\/2025\/09\/calendar-gab1f19fa1_1920_2025-09-20_20-52-18-300x225.webp 300w, https:\/\/cdn.media-acidadeon.com.br\/ribeiraopreto\/wp-content\/uploads\/sites\/3\/2025\/09\/calendar-gab1f19fa1_1920_2025-09-20_20-52-18-768x576.webp 768w, https:\/\/cdn.media-acidadeon.com.br\/ribeiraopreto\/wp-content\/uploads\/sites\/3\/2025\/09\/calendar-gab1f19fa1_1920_2025-09-20_20-52-18-696x522.webp 696w, https:\/\/cdn.media-acidadeon.com.br\/ribeiraopreto\/wp-content\/uploads\/sites\/3\/2025\/09\/calendar-gab1f19fa1_1920_2025-09-20_20-52-18-1068x801.webp 1068w, https:\/\/cdn.media-acidadeon.com.br\/ribeiraopreto\/wp-content\/uploads\/sites\/3\/2025\/09\/calendar-gab1f19fa1_1920_2025-09-20_20-52-18.webp 1200w\" sizes=\"(max-width: 1024px) 100vw, 1024px\"\/><figcaption class=\"wp-element-caption\">Ribeir\u00e3o Preto ter\u00e1 14 feriados em 2026 \u2013 Foto: Pixabay.<\/figcaption><\/figure>\n<\/div>\n<h3 class=\"wp-block-heading\"><strong>Julho<\/strong><\/h3>\n<ul class=\"wp-block-list\">\n<li><strong>09 de julho (quinta-feira) \u2013 Revolu\u00e7\u00e3o Constitucionalista | Feriado Estadual<\/strong><\/li>\n<li>10 de julho (sexta \u2013feira) \u2013 Ponto facultativo<\/li>\n<\/ul>\n<h3 class=\"wp-block-heading\"><strong>Setembro<\/strong><\/h3>\n<ul class=\"wp-block-list\">\n<li><strong>7 de setembro (segunda-feira) \u2013 Independ\u00eancia do Brasil<\/strong><\/li>\n<\/ul>\n<h3 class=\"wp-block-heading\"><strong>Outubro<\/strong><\/h3>\n<ul class=\"wp-block-list\">\n<li><strong>12 de outubro (segunda-feira) \u2013 Dia De Nossa Senhora Aparecida<\/strong><\/li>\n<li>28 de outubro (quarta-feira) \u2013 Dia do Servidor P\u00fablico \/ Ponto Facultativo<\/li>\n<\/ul>\n<h3 class=\"wp-block-heading\"><strong>Novembro<\/strong><\/h3>\n<ul class=\"wp-block-list\">\n<li><strong>2 de novembro (segunda-feira) \u2013 Finados<\/strong><\/li>\n<li>15 de novembro (domingo) \u2013 Proclama\u00e7\u00e3o da rep\u00fablica<\/li>\n<li><strong>20 de novembro (sexta-feira) \u2013 Dia Nacional da Consci\u00eancia Negra<\/strong><\/li>\n<\/ul>\n<h3 class=\"wp-block-heading\"><strong>Dezembro<\/strong><\/h3>\n<ul class=\"wp-block-list\">\n<li>24 de dezembro (quinta-feira) \u2013 Ponto facultativo<\/li>\n<li><strong>25 de dezembro (sexta-feira) \u2013 Natal<\/strong><\/li>\n<li>31 de dezembro (quinta-feira) \u2013 Ponto facultativo<\/li>\n<\/ul>\n<hr class=\"wp-block-separator has-alpha-channel-opacity\"\/>\n<p>SAIBA MAIS<\/p>\n<p>Inmet publica alerta amarelo para o interior de SP; Veja os locais<\/p>\n<h2 class=\"wp-block-heading\"><strong>FIQUE ON<\/strong><\/h2>\n<p>Fique ligado em tudo que acontece em Ribeir\u00e3o Preto e regi\u00e3o. Siga os perfis do\u00a0<strong>acidade on<\/strong>\u00a0no\u00a0<a href=\"https:\/\/www.instagram.com\/acidadeonribeirao\" target=\"_blank\" rel=\"noreferrer noopener\">Instagram<\/a>\u00a0e no<a href=\"https:\/\/www.facebook.com\/acidadeonribeirao\/\" target=\"_blank\" rel=\"noreferrer noopener\">\u00a0Facebook<\/a>.<\/p>\n<p>Receba not\u00edcias do\u00a0<strong>acidade on<\/strong>\u00a0no WhatsApp. Para entrar no grupo,\u00a0basta\u00a0<a href=\"https:\/\/chat.whatsapp.com\/GFH9HUMUTHNFJdnyEd0xxq\" target=\"_blank\" rel=\"noreferrer noopener\">clicar aqui<\/a>. Ou, acesse o nosso\u00a0Canal\u00a0<a href=\"https:\/\/whatsapp.com\/channel\/0029Vb6IQl1JENyAeS57fk2p\" target=\"_blank\" rel=\"noreferrer noopener\">clicando aqui<\/a>.<\/p>\n<p>Fa\u00e7a uma den\u00fancia ou sugira uma reportagem sobre Ribeir\u00e3o Preto e regi\u00e3o pelo WhatsApp: 16 99117 7802.<\/p>\n<p>VEJA TAMB\u00c9M<br \/>Qual o novo valor de contribui\u00e7\u00e3o mensal do MEI?<\/p>\n<p><!-- AI CONTENT END 1 -->\n<\/div>\n<\/div>\n<p><script async src=\"\/\/www.instagram.com\/embed.js\"><\/script><br \/>\n<br \/><br \/>\n<br \/><a href=\"https:\/\/www.acidadeon.com\/ribeiraopreto\/cotidiano\/vai-dar-para-viajar-confira-os-feriados-de-2026-em-ribeirao-preto-e-as-possiveis-emendas\/\">Source link <\/a><\/p>\n<!-- CONTENT END 1 -->\n","protected":false},"excerpt":{"rendered":"<p>O ano come\u00e7ou animado para quem gosta de viajar ou planejar momentos de lazer e descanso. Isso porque janeiro j\u00e1 tem feriado em Ribeir\u00e3o Preto&#8230;<\/p>\n","protected":false},"author":1,"featured_media":81456,"comment_status":"open","ping_status":"open","sticky":false,"template":"","format":"standard","meta":{"advanced_seo_description":"","jetpack_seo_html_title":"","jetpack_seo_noindex":false,"jetpack_post_was_ever_published":false,"_jetpack_newsletter_access":"","_jetpack_dont_email_post_to_subs":false,"_jetpack_newsletter_tier_id":0,"_jetpack_memberships_contains_paywalled_content":false,"_jetpack_memberships_contains_paid_content":false,"footnotes":"","jetpack_publicize_message":"","jetpack_publicize_feature_enabled":true,"jetpack_social_post_already_shared":true,"jetpack_social_options":{"image_generator_settings":{"template":"highway","default_image_id":0,"font":"","enabled":false},"version":2}},"categories":[11],"tags":[],"class_list":["post-81455","post","type-post","status-publish","format-standard","has-post-thumbnail","hentry","category-noticias-de-ribeirao-preto-sp-e-regiao-ismael-colosi"],"jetpack_publicize_connections":[],"jetpack_featured_media_url":"https:\/\/i0.wp.com\/noticiasribeiraopreto.com.br\/wp-content\/uploads\/2026\/01\/Copia-de-Copia-de-Copia-de-TAMANHO-EXATO-PARA-FOTOS-NO-SISTEMA-NOVO-2025-01-22T154849.670_2025-01-22_18-48-57_png_2025-01-22_18-48-57.webp.webp?fit=1200%2C675&ssl=1","jetpack-related-posts":[{"id":79128,"url":"https:\/\/noticiasribeiraopreto.com.br\/index.php\/2025\/10\/24\/confira-os-feriados-de-2026-em-ribeirao-preto\/","url_meta":{"origin":81455,"position":0},"title":"Confira os feriados de 2026 em Ribeir\u00e3o Preto","author":"noticiasribeiraopreto.com.br","date":"24 de October de 2025","format":false,"excerpt":"A Prefeitura de Ribeir\u00e3o Preto divulgou nesta sexta-feira (24) o calend\u00e1rio de feriados e pontos facultativos do munic\u00edpio para o ano de 2026. Segundo publica\u00e7\u00e3o no Di\u00e1rio Oficial, a cidade ter\u00e1 14 feriados e 10 pontos facultativos ao longo do pr\u00f3ximo ano. O expediente das reparti\u00e7\u00f5es p\u00fablicas, relativo ao dia\u2026","rel":"","context":"In &quot;Not\u00edcias de Ribeir\u00e3o Preto-SP e Regi\u00e3o&quot;","block_context":{"text":"Not\u00edcias de Ribeir\u00e3o Preto-SP e Regi\u00e3o","link":"https:\/\/noticiasribeiraopreto.com.br\/index.php\/category\/noticias-de-ribeirao-preto-sp-e-regiao-ismael-colosi\/"},"img":{"alt_text":"","src":"https:\/\/i0.wp.com\/noticiasribeiraopreto.com.br\/wp-content\/uploads\/2025\/10\/Copia-de-Copia-de-Copia-de-TAMANHO-EXATO-PARA-FOTOS-NO-SISTEMA-NOVO-2025-10-24T180452.289_2025-10-24_21-04-57.webp.webp?fit=1200%2C675&ssl=1&resize=350%2C200","width":350,"height":200,"srcset":"https:\/\/i0.wp.com\/noticiasribeiraopreto.com.br\/wp-content\/uploads\/2025\/10\/Copia-de-Copia-de-Copia-de-TAMANHO-EXATO-PARA-FOTOS-NO-SISTEMA-NOVO-2025-10-24T180452.289_2025-10-24_21-04-57.webp.webp?fit=1200%2C675&ssl=1&resize=350%2C200 1x, https:\/\/i0.wp.com\/noticiasribeiraopreto.com.br\/wp-content\/uploads\/2025\/10\/Copia-de-Copia-de-Copia-de-TAMANHO-EXATO-PARA-FOTOS-NO-SISTEMA-NOVO-2025-10-24T180452.289_2025-10-24_21-04-57.webp.webp?fit=1200%2C675&ssl=1&resize=525%2C300 1.5x, https:\/\/i0.wp.com\/noticiasribeiraopreto.com.br\/wp-content\/uploads\/2025\/10\/Copia-de-Copia-de-Copia-de-TAMANHO-EXATO-PARA-FOTOS-NO-SISTEMA-NOVO-2025-10-24T180452.289_2025-10-24_21-04-57.webp.webp?fit=1200%2C675&ssl=1&resize=700%2C400 2x, https:\/\/i0.wp.com\/noticiasribeiraopreto.com.br\/wp-content\/uploads\/2025\/10\/Copia-de-Copia-de-Copia-de-TAMANHO-EXATO-PARA-FOTOS-NO-SISTEMA-NOVO-2025-10-24T180452.289_2025-10-24_21-04-57.webp.webp?fit=1200%2C675&ssl=1&resize=1050%2C600 3x"},"classes":[]},{"id":79302,"url":"https:\/\/noticiasribeiraopreto.com.br\/index.php\/2025\/10\/29\/saiba-quais-serao-os-14-feriados-e-10-pontos-facultativos-de-rp\/","url_meta":{"origin":81455,"position":1},"title":"Saiba quais ser\u00e3o os 14 feriados e \u202810 pontos facultativos de RP","author":"noticiasribeiraopreto.com.br","date":"29 de October de 2025","format":false,"excerpt":"29 de outubro de 2025 08:020 Compartilhar0 Prefeitura de Ribeir\u00e3o Preto divulgou o calend\u00e1rio de feriados e pontos facultativos do munic\u00edpio para 2026. O decreto do Executivo divulgando\u00a0 os feriados e principalmente os pontos facultativos foi publicado no Di\u00e1rio Oficial do Munic\u00edpio (DOM) de sexta-feira, 24 de outubro.\u2028 \u2028A cidade\u2026","rel":"","context":"In &quot;Not\u00edcias de Ribeir\u00e3o Preto-SP e Regi\u00e3o&quot;","block_context":{"text":"Not\u00edcias de Ribeir\u00e3o Preto-SP e Regi\u00e3o","link":"https:\/\/noticiasribeiraopreto.com.br\/index.php\/category\/noticias-de-ribeirao-preto-sp-e-regiao-ismael-colosi\/"},"img":{"alt_text":"","src":"https:\/\/i0.wp.com\/noticiasribeiraopreto.com.br\/wp-content\/uploads\/2025\/10\/FeriadosRP-Max-Gallao-Mesquita-Arquivo-scaled.jpg?fit=1200%2C781&ssl=1&resize=350%2C200","width":350,"height":200,"srcset":"https:\/\/i0.wp.com\/noticiasribeiraopreto.com.br\/wp-content\/uploads\/2025\/10\/FeriadosRP-Max-Gallao-Mesquita-Arquivo-scaled.jpg?fit=1200%2C781&ssl=1&resize=350%2C200 1x, https:\/\/i0.wp.com\/noticiasribeiraopreto.com.br\/wp-content\/uploads\/2025\/10\/FeriadosRP-Max-Gallao-Mesquita-Arquivo-scaled.jpg?fit=1200%2C781&ssl=1&resize=525%2C300 1.5x, https:\/\/i0.wp.com\/noticiasribeiraopreto.com.br\/wp-content\/uploads\/2025\/10\/FeriadosRP-Max-Gallao-Mesquita-Arquivo-scaled.jpg?fit=1200%2C781&ssl=1&resize=700%2C400 2x, https:\/\/i0.wp.com\/noticiasribeiraopreto.com.br\/wp-content\/uploads\/2025\/10\/FeriadosRP-Max-Gallao-Mesquita-Arquivo-scaled.jpg?fit=1200%2C781&ssl=1&resize=1050%2C600 3x"},"classes":[]},{"id":3437,"url":"https:\/\/noticiasribeiraopreto.com.br\/index.php\/2023\/11\/18\/feriados-prolongados-ribeirao-preto-define-pontos-facultativos-para-2024\/","url_meta":{"origin":81455,"position":2},"title":"Feriados prolongados? Ribeir\u00e3o Preto define pontos facultativos para 2024","author":"noticiasribeiraopreto.com.br","date":"18 de November de 2023","format":false,"excerpt":"O prefeito de Ribeir\u00e3o Preto, Duarte Nogueira (PSDB), publicou na \u00faltima sexta-feira (17) decreto que estipula os pontos facultativos para os servi\u00e7os p\u00fablicos municipais em 2024. Ao todo, ser\u00e3o seis datas que v\u00e3o emendar com os feriados prolongados, al\u00e9m do Carnaval e do Dia do Servidor P\u00fablico, comemorado no dia\u2026","rel":"","context":"In &quot;Not\u00edcias de Ribeir\u00e3o Preto-SP e Regi\u00e3o&quot;","block_context":{"text":"Not\u00edcias de Ribeir\u00e3o Preto-SP e Regi\u00e3o","link":"https:\/\/noticiasribeiraopreto.com.br\/index.php\/category\/noticias-de-ribeirao-preto-sp-e-regiao-ismael-colosi\/"},"img":{"alt_text":"","src":"https:\/\/i0.wp.com\/noticiasribeiraopreto.com.br\/wp-content\/uploads\/2023\/11\/feriado-prolongado.jpg?fit=1200%2C800&ssl=1&resize=350%2C200","width":350,"height":200,"srcset":"https:\/\/i0.wp.com\/noticiasribeiraopreto.com.br\/wp-content\/uploads\/2023\/11\/feriado-prolongado.jpg?fit=1200%2C800&ssl=1&resize=350%2C200 1x, https:\/\/i0.wp.com\/noticiasribeiraopreto.com.br\/wp-content\/uploads\/2023\/11\/feriado-prolongado.jpg?fit=1200%2C800&ssl=1&resize=525%2C300 1.5x, https:\/\/i0.wp.com\/noticiasribeiraopreto.com.br\/wp-content\/uploads\/2023\/11\/feriado-prolongado.jpg?fit=1200%2C800&ssl=1&resize=700%2C400 2x, https:\/\/i0.wp.com\/noticiasribeiraopreto.com.br\/wp-content\/uploads\/2023\/11\/feriado-prolongado.jpg?fit=1200%2C800&ssl=1&resize=1050%2C600 3x"},"classes":[]},{"id":21824,"url":"https:\/\/noticiasribeiraopreto.com.br\/index.php\/2023\/12\/28\/veja-a-lista-de-feriados-nacionais-e-pontos-facultativos-em-2024\/","url_meta":{"origin":81455,"position":3},"title":"Veja a lista de feriados nacionais e pontos facultativos em 2024","author":"noticiasribeiraopreto.com.br","date":"28 de December de 2023","format":false,"excerpt":"O governo federal publicou, nesta quinta-feira (28), no Di\u00e1rio Oficial da Uni\u00e3o, os dias de feriados nacionais. Tamb\u00e9m foram estabelecidos os dias de ponto facultativo, para o ano de 2024. De acordo com o Minist\u00e9rio da Gest\u00e3o e da Inova\u00e7\u00e3o em Servi\u00e7os P\u00fablicos, entre as 18 datas comemorativas, oito s\u00e3o\u2026","rel":"","context":"In &quot;Not\u00edcias de Ribeir\u00e3o Preto-SP e Regi\u00e3o&quot;","block_context":{"text":"Not\u00edcias de Ribeir\u00e3o Preto-SP e Regi\u00e3o","link":"https:\/\/noticiasribeiraopreto.com.br\/index.php\/category\/noticias-de-ribeirao-preto-sp-e-regiao-ismael-colosi\/"},"img":{"alt_text":"","src":"https:\/\/i0.wp.com\/noticiasribeiraopreto.com.br\/wp-content\/uploads\/2023\/12\/calendar-gad829f90c_1920.jpg?fit=1200%2C900&ssl=1&resize=350%2C200","width":350,"height":200,"srcset":"https:\/\/i0.wp.com\/noticiasribeiraopreto.com.br\/wp-content\/uploads\/2023\/12\/calendar-gad829f90c_1920.jpg?fit=1200%2C900&ssl=1&resize=350%2C200 1x, https:\/\/i0.wp.com\/noticiasribeiraopreto.com.br\/wp-content\/uploads\/2023\/12\/calendar-gad829f90c_1920.jpg?fit=1200%2C900&ssl=1&resize=525%2C300 1.5x, https:\/\/i0.wp.com\/noticiasribeiraopreto.com.br\/wp-content\/uploads\/2023\/12\/calendar-gad829f90c_1920.jpg?fit=1200%2C900&ssl=1&resize=700%2C400 2x, https:\/\/i0.wp.com\/noticiasribeiraopreto.com.br\/wp-content\/uploads\/2023\/12\/calendar-gad829f90c_1920.jpg?fit=1200%2C900&ssl=1&resize=1050%2C600 3x"},"classes":[]},{"id":23170,"url":"https:\/\/noticiasribeiraopreto.com.br\/index.php\/2024\/01\/01\/veja-o-calendario-de-feriados-de-ribeirao-preto-em-2024\/","url_meta":{"origin":81455,"position":4},"title":"Veja o calend\u00e1rio de feriados de Ribeir\u00e3o Preto em 2024","author":"noticiasribeiraopreto.com.br","date":"1 de January de 2024","format":false,"excerpt":"Ribeir\u00e3o Preto ter\u00e1 14 feriados e 10 pontos facultativos em 2024, de acordo com o calend\u00e1rio da Prefeitura Municipal da cidade. Ao todo, ser\u00e3o seis datas que ir\u00e3o emendar com os feriados prolongados, al\u00e9m do Carnaval e do Dia do Servidor P\u00fablico, comemorado no dia 28 de outubro. O expediente\u2026","rel":"","context":"In &quot;Not\u00edcias de Ribeir\u00e3o Preto-SP e Regi\u00e3o&quot;","block_context":{"text":"Not\u00edcias de Ribeir\u00e3o Preto-SP e Regi\u00e3o","link":"https:\/\/noticiasribeiraopreto.com.br\/index.php\/category\/noticias-de-ribeirao-preto-sp-e-regiao-ismael-colosi\/"},"img":{"alt_text":"","src":"https:\/\/i0.wp.com\/noticiasribeiraopreto.com.br\/wp-content\/uploads\/2024\/01\/ribeirao-preto-prefeitura.jpg?fit=1200%2C900&ssl=1&resize=350%2C200","width":350,"height":200,"srcset":"https:\/\/i0.wp.com\/noticiasribeiraopreto.com.br\/wp-content\/uploads\/2024\/01\/ribeirao-preto-prefeitura.jpg?fit=1200%2C900&ssl=1&resize=350%2C200 1x, https:\/\/i0.wp.com\/noticiasribeiraopreto.com.br\/wp-content\/uploads\/2024\/01\/ribeirao-preto-prefeitura.jpg?fit=1200%2C900&ssl=1&resize=525%2C300 1.5x, https:\/\/i0.wp.com\/noticiasribeiraopreto.com.br\/wp-content\/uploads\/2024\/01\/ribeirao-preto-prefeitura.jpg?fit=1200%2C900&ssl=1&resize=700%2C400 2x, https:\/\/i0.wp.com\/noticiasribeiraopreto.com.br\/wp-content\/uploads\/2024\/01\/ribeirao-preto-prefeitura.jpg?fit=1200%2C900&ssl=1&resize=1050%2C600 3x"},"classes":[]},{"id":60581,"url":"https:\/\/noticiasribeiraopreto.com.br\/index.php\/2024\/11\/18\/confira-o-calendario-de-feriados-de-ribeirao-preto-em-2025\/","url_meta":{"origin":81455,"position":5},"title":"Confira o calend\u00e1rio de feriados de Ribeir\u00e3o Preto em 2025","author":"noticiasribeiraopreto.com.br","date":"18 de November de 2024","format":false,"excerpt":"Ribeir\u00e3o Preto ter\u00e1 12 feriados em 2025, de acordo com o calend\u00e1rio da Prefeitura Municipal da cidade. O expediente das reparti\u00e7\u00f5es p\u00fablicas municipais, relativos aos dias 2 de janeiro e 5 de mar\u00e7o, quarta-feira de cinzas, ser\u00e3o das 12h \u00e0s 18h. Servidores que cumprem a jornada de 4h horas di\u00e1rias\u2026","rel":"","context":"In &quot;Not\u00edcias de Ribeir\u00e3o Preto-SP e Regi\u00e3o&quot;","block_context":{"text":"Not\u00edcias de Ribeir\u00e3o Preto-SP e Regi\u00e3o","link":"https:\/\/noticiasribeiraopreto.com.br\/index.php\/category\/noticias-de-ribeirao-preto-sp-e-regiao-ismael-colosi\/"},"img":{"alt_text":"","src":"https:\/\/i0.wp.com\/noticiasribeiraopreto.com.br\/wp-content\/uploads\/2024\/10\/Copia-de-Copia-de-Copia-de-TAMANHO-EXATO-PARA-FOTOS-NO-SISTEMA-NOVO-21_2024-09-15_20-45-28_png_2024-09-15_20-45-28.webp.webp?fit=1200%2C675&ssl=1&resize=350%2C200","width":350,"height":200,"srcset":"https:\/\/i0.wp.com\/noticiasribeiraopreto.com.br\/wp-content\/uploads\/2024\/10\/Copia-de-Copia-de-Copia-de-TAMANHO-EXATO-PARA-FOTOS-NO-SISTEMA-NOVO-21_2024-09-15_20-45-28_png_2024-09-15_20-45-28.webp.webp?fit=1200%2C675&ssl=1&resize=350%2C200 1x, https:\/\/i0.wp.com\/noticiasribeiraopreto.com.br\/wp-content\/uploads\/2024\/10\/Copia-de-Copia-de-Copia-de-TAMANHO-EXATO-PARA-FOTOS-NO-SISTEMA-NOVO-21_2024-09-15_20-45-28_png_2024-09-15_20-45-28.webp.webp?fit=1200%2C675&ssl=1&resize=525%2C300 1.5x, https:\/\/i0.wp.com\/noticiasribeiraopreto.com.br\/wp-content\/uploads\/2024\/10\/Copia-de-Copia-de-Copia-de-TAMANHO-EXATO-PARA-FOTOS-NO-SISTEMA-NOVO-21_2024-09-15_20-45-28_png_2024-09-15_20-45-28.webp.webp?fit=1200%2C675&ssl=1&resize=700%2C400 2x, https:\/\/i0.wp.com\/noticiasribeiraopreto.com.br\/wp-content\/uploads\/2024\/10\/Copia-de-Copia-de-Copia-de-TAMANHO-EXATO-PARA-FOTOS-NO-SISTEMA-NOVO-21_2024-09-15_20-45-28_png_2024-09-15_20-45-28.webp.webp?fit=1200%2C675&ssl=1&resize=1050%2C600 3x"},"classes":[]}],"jetpack_sharing_enabled":true,"jetpack_shortlink":"https:\/\/wp.me\/peQAOb-lbN","_links":{"self":[{"href":"https:\/\/noticiasribeiraopreto.com.br\/index.php\/wp-json\/wp\/v2\/posts\/81455","targetHints":{"allow":["GET"]}}],"collection":[{"href":"https:\/\/noticiasribeiraopreto.com.br\/index.php\/wp-json\/wp\/v2\/posts"}],"about":[{"href":"https:\/\/noticiasribeiraopreto.com.br\/index.php\/wp-json\/wp\/v2\/types\/post"}],"author":[{"embeddable":true,"href":"https:\/\/noticiasribeiraopreto.com.br\/index.php\/wp-json\/wp\/v2\/users\/1"}],"replies":[{"embeddable":true,"href":"https:\/\/noticiasribeiraopreto.com.br\/index.php\/wp-json\/wp\/v2\/comments?post=81455"}],"version-history":[{"count":0,"href":"https:\/\/noticiasribeiraopreto.com.br\/index.php\/wp-json\/wp\/v2\/posts\/81455\/revisions"}],"wp:featuredmedia":[{"embeddable":true,"href":"https:\/\/noticiasribeiraopreto.com.br\/index.php\/wp-json\/wp\/v2\/media\/81456"}],"wp:attachment":[{"href":"https:\/\/noticiasribeiraopreto.com.br\/index.php\/wp-json\/wp\/v2\/media?parent=81455"}],"wp:term":[{"taxonomy":"category","embeddable":true,"href":"https:\/\/noticiasribeiraopreto.com.br\/index.php\/wp-json\/wp\/v2\/categories?post=81455"},{"taxonomy":"post_tag","embeddable":true,"href":"https:\/\/noticiasribeiraopreto.com.br\/index.php\/wp-json\/wp\/v2\/tags?post=81455"}],"curies":[{"name":"wp","href":"https:\/\/api.w.org\/{rel}","templated":true}]}}