{"id":81457,"date":"2026-01-06T15:31:01","date_gmt":"2026-01-06T18:31:01","guid":{"rendered":"https:\/\/noticiasribeiraopreto.com.br\/index.php\/2026\/01\/06\/de-virada-botafogo-vence-bandeirante-e-avanca-na-copinha\/"},"modified":"2026-01-06T15:31:01","modified_gmt":"2026-01-06T18:31:01","slug":"de-virada-botafogo-vence-bandeirante-e-avanca-na-copinha","status":"publish","type":"post","link":"https:\/\/noticiasribeiraopreto.com.br\/index.php\/2026\/01\/06\/de-virada-botafogo-vence-bandeirante-e-avanca-na-copinha\/","title":{"rendered":"De virada, Botafogo vence Bandeirante e avan\u00e7a na Copinha"},"content":{"rendered":"<div class='code-block code-block-1' style='margin: 8px 0 8px auto; text-align: right; display: block; clear: both;'>\n<p><a href=\"https:\/\/wa.link\/vpicfd\"><img data-recalc-dims=\"1\" class=\"wp-image-4922\" style=\"aspect-ratio: 2.0253164556962027; width: 561px; height: auto;\" src=\"https:\/\/i0.wp.com\/ismaelcolosi.com.br\/wp-content\/uploads\/2023\/11\/grupo-de-empregos-whatsapp-e-facebook-ismael-colosi-vagas.jpg?ssl=1\" alt=\"\" \/><\/a><\/p>\n<!-- \/wp:image -->\n<\/div>\n<p> <br \/>\n<\/p>\n<div id=\"\">&#13;<\/p>\n<h2 class=\"penci-post-subtitle\">Pantera garantiu passagem ao mata-mata com anteced\u00eancia<\/h2>\n<p>&#13;<\/p>\n<p>&#13;<br \/>\n\t\t\t\t\t\t\t\t\t<span class=\"entry-meta-item penci-posted-on\"><i class=\"fa fa-clock-o\"\/><time class=\"entry-date published updated\" datetime=\"2026-01-06T15:26:08-03:00\">6 de janeiro de 2026 15:26<\/time><\/span><span class=\"entry-meta-item penci-post-countview\"\/>\t\t\t\t\t\t\t\t<\/p>\n<p><!-- .entry-meta -->&#13;<br \/>\n\t\t\t\t\t\t\t\t<span class=\"penci-social-buttons penci-social-share-footer\"><span class=\"penci-social-share-text\">Compartilhar<\/span><a href=\"#\" class=\"penci-post-like penci_post-meta_item  single-like-button penci-social-item like\" data-post_id=\"451153\" title=\"Like\" data-like=\"Like\" data-unlike=\"Unlike\"><i class=\"fa fa-thumbs-o-up\"\/><span class=\"penci-share-number\">2<\/span><\/a><i class=\"fa fa-facebook\"\/><a class=\"penci-social-item twitter\" target=\"_blank\" rel=\"noopener\" title=\"\" href=\"https:\/\/twitter.com\/intent\/tweet?text=De%20virada,%20Botafogo%20vence%20Bandeirante%20e%20avan\u00e7a%20na%20Copinha%20-%20https:\/\/www.tribunaribeirao.com.br\/de-virada-botafogo-vence-bandeirante-e-avanca-na-copinha\/\"><i class=\"fa fa-twitter\"\/><\/a><i class=\"fa fa-linkedin\"\/><i class=\"fa fa-whatsapp\"\/><i class=\"fa fa-telegram\"\/><i class=\"fa fa-envelope\"\/><\/span>\t\t\t\t\t\t\t<\/div>\n<div>\n<p><strong><em>Por Hugo Luque<\/em><\/strong><\/p>\n<p>O Botafogo garantiu a classifica\u00e7\u00e3o antecipada ao mata-mata da Copa S\u00e3o Paulo de Futebol J\u00fanior nesta ter\u00e7a-feira (6), ao bater o Bandeirante de Brodowski por 3 a 1, de virada, no Est\u00e1dio M\u00e1rio Lima Santos, casa do advers\u00e1rio. V\u00e1lido pela segunda rodada do Grupo 11, este foi mais um confronto dif\u00edcil, mas que teve final feliz para o Pantera.<\/p>\n<p>A equipe de Willians Alves manteve o 100% de aproveitamento e a lideran\u00e7a da chave, com seis pontos. Para isso, foi necess\u00e1rio repetir a dose da estreia contra o Santa Cruz, exce\u00e7\u00e3o feita ao n\u00famero de jogadores em campo, j\u00e1 que desta vez n\u00e3o houve expuls\u00e3o.<\/p>\n<p>Com o forte calor do ver\u00e3o na regi\u00e3o de Ribeir\u00e3o Preto, o primeiro tempo foi de poucas oportunidades. Pouco antes do intervalo, um membro da comiss\u00e3o t\u00e9cnica do Bandeirante passou mal e deixou o est\u00e1dio de ambul\u00e2ncia.<\/p>\n<p>Deu tempo, contudo, de sair o primeiro gol. O time da casa abriu o placar aos 48 minutos. A defesa botafoguense falhou dentro da \u00e1rea e Vin\u00edcius Andrade teve liberdade para dominar e finalizar de direita, no canto do goleiro.<\/p>\n<p>Mais uma vez, o Tricolor foi outro no segundo tempo. O gol sofrido acordou o time, que empatou logo aos dez minutos. Ap\u00f3s bola rebatida dentro da \u00e1rea, Ruan veio de tr\u00e1s e encheu o p\u00e9 esquerdo para igualar.<\/p>\n<p>Pouco depois, Whalacy mostrou suas credenciais de ponta ao receber a bola pela esquerda do campo de ataque, puxar para o meio e acertar um belo chute no canto para decretar a virada ribeir\u00e3o-pretana.<\/p>\n<p>O forte sol e o placar favor\u00e1vel ao Botafogo provocaram uma queda no ritmo da partida. Os visitantes apenas controlaram as a\u00e7\u00f5es e, aos 44 minutos, fecharam o placar com Mateus Mineiro, em mais um chute de longe que chegou \u00e0 rede do Bandeirante.<\/p>\n<p>Na pr\u00f3xima fase, o advers\u00e1rio do Pantera ser\u00e1 um dos classificados do Grupo 12, que tem Vasco, Guanabara City, Velo Clube e o tamb\u00e9m ribeir\u00e3o-pretano I9. Antes, todavia, o Tricolor encerra sua participa\u00e7\u00e3o na primeira fase diante da Tuna Luso, na sexta-feira, \u00e0s 13h, novamente em Brodowski (SP).<\/p>\n<\/div>\n<p><script async src=\"\/\/platform.twitter.com\/widgets.js\" charset=\"utf-8\"><\/script><br \/>\n<br \/><br \/>\n<br \/><a href=\"https:\/\/www.tribunaribeirao.com.br\/de-virada-botafogo-vence-bandeirante-e-avanca-na-copinha\/\">Source link <\/a><\/p>\n<!-- CONTENT END 1 -->\n","protected":false},"excerpt":{"rendered":"<p>&#13; Pantera garantiu passagem ao mata-mata com anteced\u00eancia &#13; &#13; 6 de janeiro de 2026 15:26 &#13; Compartilhar2 Por Hugo Luque O Botafogo garantiu a&#8230;<\/p>\n","protected":false},"author":1,"featured_media":81458,"comment_status":"open","ping_status":"open","sticky":false,"template":"","format":"standard","meta":{"advanced_seo_description":"","jetpack_seo_html_title":"","jetpack_seo_noindex":false,"jetpack_post_was_ever_published":false,"_jetpack_newsletter_access":"","_jetpack_dont_email_post_to_subs":false,"_jetpack_newsletter_tier_id":0,"_jetpack_memberships_contains_paywalled_content":false,"_jetpack_memberships_contains_paid_content":false,"footnotes":"","jetpack_publicize_message":"","jetpack_publicize_feature_enabled":true,"jetpack_social_post_already_shared":true,"jetpack_social_options":{"image_generator_settings":{"template":"highway","default_image_id":0,"font":"","enabled":false},"version":2}},"categories":[11],"tags":[],"class_list":["post-81457","post","type-post","status-publish","format-standard","has-post-thumbnail","hentry","category-noticias-de-ribeirao-preto-sp-e-regiao-ismael-colosi"],"jetpack_publicize_connections":[],"jetpack_featured_media_url":"https:\/\/i0.wp.com\/noticiasribeiraopreto.com.br\/wp-content\/uploads\/2026\/01\/1-Bandeirante-x-Botafogo-Raul-Ramos-scaled.jpg?fit=1170%2C780&ssl=1","jetpack-related-posts":[{"id":81577,"url":"https:\/\/noticiasribeiraopreto.com.br\/index.php\/2026\/01\/10\/botafogo-garante-vaga-no-mata-mata-da-copinha-com-100-de-aproveitamento\/","url_meta":{"origin":81457,"position":0},"title":"Botafogo garante vaga no mata-mata da Copinha com 100% de aproveitamento","author":"noticiasribeiraopreto.com.br","date":"10 de January de 2026","format":false,"excerpt":"O Botafogo venceu a Tuna Luso por 1 a 0 na tarde desta sexta-feira (9), em Brodowski, pela \u00faltima rodada da primeira fase da Copa S\u00e3o Paulo de Futebol J\u00fanior 2026. Com o resultado, o Pantera avan\u00e7a para o mata-mata com 100% de aproveitamento. O \u00fanico gol da partida foi\u2026","rel":"","context":"In &quot;Not\u00edcias de Ribeir\u00e3o Preto-SP e Regi\u00e3o&quot;","block_context":{"text":"Not\u00edcias de Ribeir\u00e3o Preto-SP e Regi\u00e3o","link":"https:\/\/noticiasribeiraopreto.com.br\/index.php\/category\/noticias-de-ribeirao-preto-sp-e-regiao-ismael-colosi\/"},"img":{"alt_text":"","src":"https:\/\/i0.wp.com\/noticiasribeiraopreto.com.br\/wp-content\/uploads\/2026\/01\/62ad70aa-fd85-4442-baba-ed264a136f09_2026-01-09_18-30-38.webp.webp?fit=1200%2C800&ssl=1&resize=350%2C200","width":350,"height":200,"srcset":"https:\/\/i0.wp.com\/noticiasribeiraopreto.com.br\/wp-content\/uploads\/2026\/01\/62ad70aa-fd85-4442-baba-ed264a136f09_2026-01-09_18-30-38.webp.webp?fit=1200%2C800&ssl=1&resize=350%2C200 1x, https:\/\/i0.wp.com\/noticiasribeiraopreto.com.br\/wp-content\/uploads\/2026\/01\/62ad70aa-fd85-4442-baba-ed264a136f09_2026-01-09_18-30-38.webp.webp?fit=1200%2C800&ssl=1&resize=525%2C300 1.5x, https:\/\/i0.wp.com\/noticiasribeiraopreto.com.br\/wp-content\/uploads\/2026\/01\/62ad70aa-fd85-4442-baba-ed264a136f09_2026-01-09_18-30-38.webp.webp?fit=1200%2C800&ssl=1&resize=700%2C400 2x, https:\/\/i0.wp.com\/noticiasribeiraopreto.com.br\/wp-content\/uploads\/2026\/01\/62ad70aa-fd85-4442-baba-ed264a136f09_2026-01-09_18-30-38.webp.webp?fit=1200%2C800&ssl=1&resize=1050%2C600 3x"},"classes":[]},{"id":20656,"url":"https:\/\/noticiasribeiraopreto.com.br\/index.php\/2023\/12\/26\/thermas-da-mata-ganha-circuito-radical-de-toboaguas-veja-fotos\/","url_meta":{"origin":81457,"position":1},"title":"Thermas da Mata ganha circuito radical de tobo\u00e1guas; veja fotos","author":"noticiasribeiraopreto.com.br","date":"26 de December de 2023","format":false,"excerpt":"O parque aqu\u00e1tico Thermas da Mata, em Cotia, na regi\u00e3o metropolitana de S\u00e3o Paulo, anunciou a data de abertura de sua nova atra\u00e7\u00e3o radical. Batizado de Brabus, o novo brinquedo tem tr\u00eas tobo\u00e1guas, sendo o primeiro lan\u00e7amento com c\u00e1psula do empreendimento, e torre de 14 m de altura. Cr\u00e9ditos: Divulga\u00e7\u00e3oThermas\u2026","rel":"","context":"In &quot;Variedades&quot;","block_context":{"text":"Variedades","link":"https:\/\/noticiasribeiraopreto.com.br\/index.php\/category\/variedades\/"},"img":{"alt_text":"","src":"https:\/\/i0.wp.com\/noticiasribeiraopreto.com.br\/wp-content\/uploads\/2023\/12\/thermas-da-mata-brabus.jpg?fit=1200%2C638&ssl=1&resize=350%2C200","width":350,"height":200,"srcset":"https:\/\/i0.wp.com\/noticiasribeiraopreto.com.br\/wp-content\/uploads\/2023\/12\/thermas-da-mata-brabus.jpg?fit=1200%2C638&ssl=1&resize=350%2C200 1x, https:\/\/i0.wp.com\/noticiasribeiraopreto.com.br\/wp-content\/uploads\/2023\/12\/thermas-da-mata-brabus.jpg?fit=1200%2C638&ssl=1&resize=525%2C300 1.5x, https:\/\/i0.wp.com\/noticiasribeiraopreto.com.br\/wp-content\/uploads\/2023\/12\/thermas-da-mata-brabus.jpg?fit=1200%2C638&ssl=1&resize=700%2C400 2x, https:\/\/i0.wp.com\/noticiasribeiraopreto.com.br\/wp-content\/uploads\/2023\/12\/thermas-da-mata-brabus.jpg?fit=1200%2C638&ssl=1&resize=1050%2C600 3x"},"classes":[]},{"id":8699,"url":"https:\/\/noticiasribeiraopreto.com.br\/index.php\/2023\/11\/30\/desmatamento-na-mata-atlantica-cai-59\/","url_meta":{"origin":81457,"position":2},"title":"Desmatamento na Mata Atl\u00e2ntica cai 59% \u00a0","author":"noticiasribeiraopreto.com.br","date":"30 de November de 2023","format":false,"excerpt":"30 de novembro de 2023 | 17:0030 de novembro de 2023 | 9:32 0O desmatamento na Mata Atl\u00e2ntica caiu 59% de janeiro a agosto deste ano em compara\u00e7\u00e3o com o mesmo per\u00edodo de 2022, informa o novo boletim do Sistema de Alertas de Desmatamento, parceria entre a Funda\u00e7\u00e3o SOS Mata\u2026","rel":"","context":"In &quot;Not\u00edcias de Ribeir\u00e3o Preto-SP e Regi\u00e3o&quot;","block_context":{"text":"Not\u00edcias de Ribeir\u00e3o Preto-SP e Regi\u00e3o","link":"https:\/\/noticiasribeiraopreto.com.br\/index.php\/category\/noticias-de-ribeirao-preto-sp-e-regiao-ismael-colosi\/"},"img":{"alt_text":"","src":"https:\/\/i0.wp.com\/noticiasribeiraopreto.com.br\/wp-content\/uploads\/2023\/11\/mata-scaled.jpg?fit=1000%2C599&ssl=1&resize=350%2C200","width":350,"height":200,"srcset":"https:\/\/i0.wp.com\/noticiasribeiraopreto.com.br\/wp-content\/uploads\/2023\/11\/mata-scaled.jpg?fit=1000%2C599&ssl=1&resize=350%2C200 1x, https:\/\/i0.wp.com\/noticiasribeiraopreto.com.br\/wp-content\/uploads\/2023\/11\/mata-scaled.jpg?fit=1000%2C599&ssl=1&resize=525%2C300 1.5x, https:\/\/i0.wp.com\/noticiasribeiraopreto.com.br\/wp-content\/uploads\/2023\/11\/mata-scaled.jpg?fit=1000%2C599&ssl=1&resize=700%2C400 2x"},"classes":[]},{"id":9568,"url":"https:\/\/noticiasribeiraopreto.com.br\/index.php\/2023\/12\/02\/parque-aquatico-pertinho-de-sp-tem-ingressos-a-partir-de-r-49\/","url_meta":{"origin":81457,"position":3},"title":"Parque aqu\u00e1tico pertinho de SP tem ingressos a partir de R$ 49","author":"noticiasribeiraopreto.com.br","date":"2 de December de 2023","format":false,"excerpt":"Procurando um lugar para se refrescar? O parque aqu\u00e1tico Thermas da Mata, a apenas 30 minutos da capital paulista, lan\u00e7ou uma promo\u00e7\u00e3o especial de ingressos para o m\u00eas de dezembro. Localizado em Cotia, na regi\u00e3o metropolitana de S\u00e3o Paulo, e com f\u00e1cil acesso pela Rodovia Raposo Tavares e pelo Rodoanel,\u2026","rel":"","context":"In &quot;Variedades&quot;","block_context":{"text":"Variedades","link":"https:\/\/noticiasribeiraopreto.com.br\/index.php\/category\/variedades\/"},"img":{"alt_text":"","src":"https:\/\/i0.wp.com\/noticiasribeiraopreto.com.br\/wp-content\/uploads\/2023\/12\/atracoes-thermas-da-mata-cotia-space-scaled.jpg?fit=1200%2C638&ssl=1&resize=350%2C200","width":350,"height":200,"srcset":"https:\/\/i0.wp.com\/noticiasribeiraopreto.com.br\/wp-content\/uploads\/2023\/12\/atracoes-thermas-da-mata-cotia-space-scaled.jpg?fit=1200%2C638&ssl=1&resize=350%2C200 1x, https:\/\/i0.wp.com\/noticiasribeiraopreto.com.br\/wp-content\/uploads\/2023\/12\/atracoes-thermas-da-mata-cotia-space-scaled.jpg?fit=1200%2C638&ssl=1&resize=525%2C300 1.5x, https:\/\/i0.wp.com\/noticiasribeiraopreto.com.br\/wp-content\/uploads\/2023\/12\/atracoes-thermas-da-mata-cotia-space-scaled.jpg?fit=1200%2C638&ssl=1&resize=700%2C400 2x, https:\/\/i0.wp.com\/noticiasribeiraopreto.com.br\/wp-content\/uploads\/2023\/12\/atracoes-thermas-da-mata-cotia-space-scaled.jpg?fit=1200%2C638&ssl=1&resize=1050%2C600 3x"},"classes":[]},{"id":83925,"url":"https:\/\/noticiasribeiraopreto.com.br\/index.php\/2026\/03\/28\/comercial-perde-e-esta-fora-do-mata-mata-da-serie-a4\/","url_meta":{"origin":81457,"position":4},"title":"Comercial perde e est\u00e1 fora do mata-mata da S\u00e9rie A4","author":"noticiasribeiraopreto.com.br","date":"28 de March de 2026","format":false,"excerpt":"\r Le\u00e3o do Norte \u00e9 superado pela Jabaquara e apenas cumprir\u00e1 tabela na \u00faltima rodada\r \r 28 de mar\u00e7o de 2026 17:32 \r Compartilhar2 Por Hugo Luque O Comercial n\u00e3o tem mais chances de chegar ao mata-mata da S\u00e9rie A4 do Campeonato Paulista. O Le\u00e3o do Norte foi superado pelo\u2026","rel":"","context":"In &quot;Not\u00edcias de Ribeir\u00e3o Preto-SP e Regi\u00e3o&quot;","block_context":{"text":"Not\u00edcias de Ribeir\u00e3o Preto-SP e Regi\u00e3o","link":"https:\/\/noticiasribeiraopreto.com.br\/index.php\/category\/noticias-de-ribeirao-preto-sp-e-regiao-ismael-colosi\/"},"img":{"alt_text":"","src":"https:\/\/i0.wp.com\/noticiasribeiraopreto.com.br\/wp-content\/uploads\/2026\/03\/Jabaquara-x-Comercial-Barbara-Pires_Comercial-FC-scaled.jpeg?fit=1169%2C780&ssl=1&resize=350%2C200","width":350,"height":200,"srcset":"https:\/\/i0.wp.com\/noticiasribeiraopreto.com.br\/wp-content\/uploads\/2026\/03\/Jabaquara-x-Comercial-Barbara-Pires_Comercial-FC-scaled.jpeg?fit=1169%2C780&ssl=1&resize=350%2C200 1x, https:\/\/i0.wp.com\/noticiasribeiraopreto.com.br\/wp-content\/uploads\/2026\/03\/Jabaquara-x-Comercial-Barbara-Pires_Comercial-FC-scaled.jpeg?fit=1169%2C780&ssl=1&resize=525%2C300 1.5x, https:\/\/i0.wp.com\/noticiasribeiraopreto.com.br\/wp-content\/uploads\/2026\/03\/Jabaquara-x-Comercial-Barbara-Pires_Comercial-FC-scaled.jpeg?fit=1169%2C780&ssl=1&resize=700%2C400 2x, https:\/\/i0.wp.com\/noticiasribeiraopreto.com.br\/wp-content\/uploads\/2026\/03\/Jabaquara-x-Comercial-Barbara-Pires_Comercial-FC-scaled.jpeg?fit=1169%2C780&ssl=1&resize=1050%2C600 3x"},"classes":[]},{"id":46103,"url":"https:\/\/noticiasribeiraopreto.com.br\/index.php\/2024\/04\/09\/vanessa-da-mata-chega-a-sao-paulo-com-a-turne-de-vem-doce\/","url_meta":{"origin":81457,"position":5},"title":"Vanessa da Mata chega a S\u00e3o Paulo com a turn\u00ea de &#8220;Vem Doce&#8221;","author":"noticiasribeiraopreto.com.br","date":"9 de April de 2024","format":false,"excerpt":"Vanessa da Mata chega a S\u00e3o Paulo com a turn\u00ea de \u201cVem Doce\u201dCelebrando 20 anos de carreira, a artista apresenta no Tokio Marine Hall\u00a0o \u00e1lbum indicado ao Grammy Latino, al\u00e9m de seus grandes sucessos Vanessa da Mata retorna a S\u00e3o Paulo para levar a turn\u00ea de \u201cVem Doce\u201d e celebrar\u2026","rel":"","context":"In &quot;Not\u00edcias de Ribeir\u00e3o Preto-SP e Regi\u00e3o&quot;","block_context":{"text":"Not\u00edcias de Ribeir\u00e3o Preto-SP e Regi\u00e3o","link":"https:\/\/noticiasribeiraopreto.com.br\/index.php\/category\/noticias-de-ribeirao-preto-sp-e-regiao-ismael-colosi\/"},"img":{"alt_text":"","src":"https:\/\/i0.wp.com\/noticiasribeiraopreto.com.br\/wp-content\/uploads\/2024\/04\/vanessa.jpg?fit=1200%2C1200&ssl=1&resize=350%2C200","width":350,"height":200,"srcset":"https:\/\/i0.wp.com\/noticiasribeiraopreto.com.br\/wp-content\/uploads\/2024\/04\/vanessa.jpg?fit=1200%2C1200&ssl=1&resize=350%2C200 1x, https:\/\/i0.wp.com\/noticiasribeiraopreto.com.br\/wp-content\/uploads\/2024\/04\/vanessa.jpg?fit=1200%2C1200&ssl=1&resize=525%2C300 1.5x, https:\/\/i0.wp.com\/noticiasribeiraopreto.com.br\/wp-content\/uploads\/2024\/04\/vanessa.jpg?fit=1200%2C1200&ssl=1&resize=700%2C400 2x, https:\/\/i0.wp.com\/noticiasribeiraopreto.com.br\/wp-content\/uploads\/2024\/04\/vanessa.jpg?fit=1200%2C1200&ssl=1&resize=1050%2C600 3x"},"classes":[]}],"jetpack_sharing_enabled":true,"jetpack_shortlink":"https:\/\/wp.me\/peQAOb-lbP","_links":{"self":[{"href":"https:\/\/noticiasribeiraopreto.com.br\/index.php\/wp-json\/wp\/v2\/posts\/81457","targetHints":{"allow":["GET"]}}],"collection":[{"href":"https:\/\/noticiasribeiraopreto.com.br\/index.php\/wp-json\/wp\/v2\/posts"}],"about":[{"href":"https:\/\/noticiasribeiraopreto.com.br\/index.php\/wp-json\/wp\/v2\/types\/post"}],"author":[{"embeddable":true,"href":"https:\/\/noticiasribeiraopreto.com.br\/index.php\/wp-json\/wp\/v2\/users\/1"}],"replies":[{"embeddable":true,"href":"https:\/\/noticiasribeiraopreto.com.br\/index.php\/wp-json\/wp\/v2\/comments?post=81457"}],"version-history":[{"count":0,"href":"https:\/\/noticiasribeiraopreto.com.br\/index.php\/wp-json\/wp\/v2\/posts\/81457\/revisions"}],"wp:featuredmedia":[{"embeddable":true,"href":"https:\/\/noticiasribeiraopreto.com.br\/index.php\/wp-json\/wp\/v2\/media\/81458"}],"wp:attachment":[{"href":"https:\/\/noticiasribeiraopreto.com.br\/index.php\/wp-json\/wp\/v2\/media?parent=81457"}],"wp:term":[{"taxonomy":"category","embeddable":true,"href":"https:\/\/noticiasribeiraopreto.com.br\/index.php\/wp-json\/wp\/v2\/categories?post=81457"},{"taxonomy":"post_tag","embeddable":true,"href":"https:\/\/noticiasribeiraopreto.com.br\/index.php\/wp-json\/wp\/v2\/tags?post=81457"}],"curies":[{"name":"wp","href":"https:\/\/api.w.org\/{rel}","templated":true}]}}