{"id":81461,"date":"2026-01-07T07:08:28","date_gmt":"2026-01-07T10:08:28","guid":{"rendered":"https:\/\/noticiasribeiraopreto.com.br\/index.php\/2026\/01\/07\/vem-chuva-confira-a-previsao-do-tempo-nesta-quarta-feira-em-ribeirao-preto\/"},"modified":"2026-01-07T07:08:28","modified_gmt":"2026-01-07T10:08:28","slug":"vem-chuva-confira-a-previsao-do-tempo-nesta-quarta-feira-em-ribeirao-preto","status":"publish","type":"post","link":"https:\/\/noticiasribeiraopreto.com.br\/index.php\/2026\/01\/07\/vem-chuva-confira-a-previsao-do-tempo-nesta-quarta-feira-em-ribeirao-preto\/","title":{"rendered":"Vem chuva? Confira a previs\u00e3o do tempo nesta quarta-feira em Ribeir\u00e3o Preto"},"content":{"rendered":"<div class='code-block code-block-1' style='margin: 8px 0 8px auto; text-align: right; display: block; clear: both;'>\n<p><a href=\"https:\/\/wa.link\/vpicfd\"><img data-recalc-dims=\"1\" class=\"wp-image-4922\" style=\"aspect-ratio: 2.0253164556962027; width: 561px; height: auto;\" src=\"https:\/\/i0.wp.com\/ismaelcolosi.com.br\/wp-content\/uploads\/2023\/11\/grupo-de-empregos-whatsapp-e-facebook-ismael-colosi-vagas.jpg?ssl=1\" alt=\"\" \/><\/a><\/p>\n<!-- \/wp:image -->\n<\/div>\n<p> <br \/>\n<\/p>\n<div data-td-block-uid=\"tdi_95\">\n<div class=\"tdb-block-inner td-fix-index\">\n<p><strong>A quarta-feira (7) come\u00e7a com sol em Ribeir\u00e3o Preto, mas o tempo pode mudar ao longo do dia.<\/strong><\/p>\n<p>Segundo a <a href=\"https:\/\/www.climatempo.com.br\/\" data-type=\"link\" data-id=\"https:\/\/www.climatempo.com.br\/\" target=\"_blank\" rel=\"noopener\">Climatempo<\/a>, as <strong>temperaturas <\/strong>se elevam e o <strong>aumento <\/strong>da <strong>umidade favorece <\/strong>a <strong>forma\u00e7\u00e3o <\/strong>de <strong>nuvens carregadas<\/strong>. Com isso, <mark style=\"background-color:#fcb900\" class=\"has-inline-color has-black-color\">h\u00e1 previs\u00e3o de pancadas de chuva de moderada a forte intensidade em pontos isolados da regi\u00e3o.<\/mark><\/p>\n<h2 class=\"wp-block-heading\"><strong>Veja a previs\u00e3o do tempo em Ribeir\u00e3o Preto:<\/strong><\/h2>\n<p>20\u00b0C \/ 25\u00b0C<br \/>Chuva: 4 mm \/ 82%<br \/>Umidade do ar: 70% \/ 88%<\/p>\n<p>21\u00b0C \/ 30\u00b0C<br \/>Chuva: 4,7 mm \/ 76%<br \/>Umidade do ar: 49% \/ 92%<\/p>\n<p>Fonte: Climatempo<\/p>\n<p>SAIBA MAIS<\/p>\n<p>Comercial vence o Noroeste e mant\u00e9m chances de classifica\u00e7\u00e3o na Copinha 2026<\/p>\n<h3 class=\"wp-block-heading\"><strong>FIQUE ON<\/strong><\/h3>\n<p>Fique ligado em tudo que acontece em Ribeir\u00e3o Preto e regi\u00e3o. Siga os perfis do\u00a0<strong>acidade on<\/strong>\u00a0no<a href=\"https:\/\/www.instagram.com\/acidadeonribeirao\" target=\"_blank\" rel=\"noreferrer noopener\">\u00a0Instagram<\/a>\u00a0e no<a href=\"https:\/\/www.facebook.com\/acidadeonribeirao\/\" target=\"_blank\" rel=\"noreferrer noopener\">\u00a0Facebook<\/a>.<\/p>\n<p>Receba not\u00edcias do<strong>\u00a0acidade on\u00a0<\/strong>no WhatsApp. Para entrar no grupo,\u00a0basta\u00a0<a href=\"https:\/\/chat.whatsapp.com\/GFH9HUMUTHNFJdnyEd0xxq\" target=\"_blank\" rel=\"noreferrer noopener\">clicar aqui<\/a>. Ou, acesse o nosso\u00a0Canal<a href=\"https:\/\/whatsapp.com\/channel\/0029Vb6IQl1JENyAeS57fk2p\" target=\"_blank\" rel=\"noreferrer noopener\">\u00a0clicando aqui<\/a>.<\/p>\n<p>Fa\u00e7a uma den\u00fancia ou sugira uma reportagem sobre Ribeir\u00e3o Preto e regi\u00e3o pelo WhatsApp: 16 99117 7802.<\/p>\n<p>VEJA TAMB\u00c9M<\/p>\n<p>ET de Varginha ganha document\u00e1rio; veja onde assistir<\/p>\n<p><!-- AI CONTENT END 1 -->\n<\/div>\n<\/div>\n<p><script async src=\"\/\/www.instagram.com\/embed.js\"><\/script><br \/>\n<br \/><br \/>\n<br \/><a href=\"https:\/\/www.acidadeon.com\/ribeiraopreto\/cotidiano\/vem-chuva-confira-a-previsao-do-tempo-nesta-quarta-feira-em-ribeirao-preto\/\">Source link <\/a><\/p>\n<!-- CONTENT END 1 -->\n","protected":false},"excerpt":{"rendered":"<p>A quarta-feira (7) come\u00e7a com sol em Ribeir\u00e3o Preto, mas o tempo pode mudar ao longo do dia. Segundo a Climatempo, as temperaturas se elevam&#8230;<\/p>\n","protected":false},"author":1,"featured_media":81462,"comment_status":"open","ping_status":"open","sticky":false,"template":"","format":"standard","meta":{"advanced_seo_description":"","jetpack_seo_html_title":"","jetpack_seo_noindex":false,"jetpack_post_was_ever_published":false,"_jetpack_newsletter_access":"","_jetpack_dont_email_post_to_subs":false,"_jetpack_newsletter_tier_id":0,"_jetpack_memberships_contains_paywalled_content":false,"_jetpack_memberships_contains_paid_content":false,"footnotes":"","jetpack_publicize_message":"","jetpack_publicize_feature_enabled":true,"jetpack_social_post_already_shared":true,"jetpack_social_options":{"image_generator_settings":{"template":"highway","default_image_id":0,"font":"","enabled":false},"version":2}},"categories":[11],"tags":[],"class_list":["post-81461","post","type-post","status-publish","format-standard","has-post-thumbnail","hentry","category-noticias-de-ribeirao-preto-sp-e-regiao-ismael-colosi"],"jetpack_publicize_connections":[],"jetpack_featured_media_url":"https:\/\/i0.wp.com\/noticiasribeiraopreto.com.br\/wp-content\/uploads\/2026\/01\/WhatsApp-Image-2025-05-09-at-08.55.32_2025-05-16_09-59-41.webp.webp?fit=1200%2C540&ssl=1","jetpack-related-posts":[{"id":83313,"url":"https:\/\/noticiasribeiraopreto.com.br\/index.php\/2026\/03\/16\/sol-ou-chuva-veja-previsao-para-a-ultima-semana-do-verao-em-ribeirao-preto\/","url_meta":{"origin":81461,"position":0},"title":"Sol ou chuva? Veja previs\u00e3o para a \u00faltima semana do ver\u00e3o em Ribeir\u00e3o Preto","author":"noticiasribeiraopreto.com.br","date":"16 de March de 2026","format":false,"excerpt":"A \u00faltima semana do ver\u00e3o deve come\u00e7ar com predom\u00ednio de tempo firme e sensa\u00e7\u00e3o de calor e abafamento na regi\u00e3o de Ribeir\u00e3o Preto. O outono tem in\u00edcio \u00e0s 11h45 da pr\u00f3xima sexta-feira (20). Segundo a Climatempo, mesmo com o tempo est\u00e1vel neste come\u00e7o de semana, n\u00e3o est\u00e3o descartadas pancadas isoladas\u2026","rel":"","context":"In &quot;Not\u00edcias de Ribeir\u00e3o Preto-SP e Regi\u00e3o&quot;","block_context":{"text":"Not\u00edcias de Ribeir\u00e3o Preto-SP e Regi\u00e3o","link":"https:\/\/noticiasribeiraopreto.com.br\/index.php\/category\/noticias-de-ribeirao-preto-sp-e-regiao-ismael-colosi\/"},"img":{"alt_text":"","src":"https:\/\/i0.wp.com\/noticiasribeiraopreto.com.br\/wp-content\/uploads\/2025\/07\/WhatsApp-Image-2025-05-08-at-06.45.03_2025-05-08_09-48-38.webp.webp?fit=1200%2C540&ssl=1&resize=350%2C200","width":350,"height":200,"srcset":"https:\/\/i0.wp.com\/noticiasribeiraopreto.com.br\/wp-content\/uploads\/2025\/07\/WhatsApp-Image-2025-05-08-at-06.45.03_2025-05-08_09-48-38.webp.webp?fit=1200%2C540&ssl=1&resize=350%2C200 1x, https:\/\/i0.wp.com\/noticiasribeiraopreto.com.br\/wp-content\/uploads\/2025\/07\/WhatsApp-Image-2025-05-08-at-06.45.03_2025-05-08_09-48-38.webp.webp?fit=1200%2C540&ssl=1&resize=525%2C300 1.5x, https:\/\/i0.wp.com\/noticiasribeiraopreto.com.br\/wp-content\/uploads\/2025\/07\/WhatsApp-Image-2025-05-08-at-06.45.03_2025-05-08_09-48-38.webp.webp?fit=1200%2C540&ssl=1&resize=700%2C400 2x, https:\/\/i0.wp.com\/noticiasribeiraopreto.com.br\/wp-content\/uploads\/2025\/07\/WhatsApp-Image-2025-05-08-at-06.45.03_2025-05-08_09-48-38.webp.webp?fit=1200%2C540&ssl=1&resize=1050%2C600 3x"},"classes":[]},{"id":80280,"url":"https:\/\/noticiasribeiraopreto.com.br\/index.php\/2025\/11\/19\/manha-comeca-com-minima-de-13c-em-ribeirao-preto-veja-previsao-no-feriado-prolongado\/","url_meta":{"origin":81461,"position":1},"title":"Manh\u00e3 come\u00e7a com m\u00ednima de 13\u00b0C em Ribeir\u00e3o Preto; Veja previs\u00e3o no feriado prolongado","author":"noticiasribeiraopreto.com.br","date":"19 de November de 2025","format":false,"excerpt":"Ribeir\u00e3o Preto registrou m\u00ednima de 13,1\u00b0C \u00e0s 6h desta quarta-feira (19), v\u00e9spera do feriado prolongado da Consci\u00eancia Negra. O dado \u00e9 do\u00a0Ciiagro (Centro Integrado de Informa\u00e7\u00f5es Agrometeorol\u00f3gicas), que mant\u00e9m esta\u00e7\u00e3o na zona sul da cidade. Segundo a Climatempo,\u00a0a massa de ar polar que chegou ap\u00f3s a passagem da frente fria\u2026","rel":"","context":"In &quot;Not\u00edcias de Ribeir\u00e3o Preto-SP e Regi\u00e3o&quot;","block_context":{"text":"Not\u00edcias de Ribeir\u00e3o Preto-SP e Regi\u00e3o","link":"https:\/\/noticiasribeiraopreto.com.br\/index.php\/category\/noticias-de-ribeirao-preto-sp-e-regiao-ismael-colosi\/"},"img":{"alt_text":"","src":"https:\/\/i0.wp.com\/noticiasribeiraopreto.com.br\/wp-content\/uploads\/2025\/02\/WhatsApp-Image-2025-02-27-at-06.44.11_2025-02-27_09-58-35_jpeg_2025-02-27_09-58-36.webp.webp?fit=1200%2C540&ssl=1&resize=350%2C200","width":350,"height":200,"srcset":"https:\/\/i0.wp.com\/noticiasribeiraopreto.com.br\/wp-content\/uploads\/2025\/02\/WhatsApp-Image-2025-02-27-at-06.44.11_2025-02-27_09-58-35_jpeg_2025-02-27_09-58-36.webp.webp?fit=1200%2C540&ssl=1&resize=350%2C200 1x, https:\/\/i0.wp.com\/noticiasribeiraopreto.com.br\/wp-content\/uploads\/2025\/02\/WhatsApp-Image-2025-02-27-at-06.44.11_2025-02-27_09-58-35_jpeg_2025-02-27_09-58-36.webp.webp?fit=1200%2C540&ssl=1&resize=525%2C300 1.5x, https:\/\/i0.wp.com\/noticiasribeiraopreto.com.br\/wp-content\/uploads\/2025\/02\/WhatsApp-Image-2025-02-27-at-06.44.11_2025-02-27_09-58-35_jpeg_2025-02-27_09-58-36.webp.webp?fit=1200%2C540&ssl=1&resize=700%2C400 2x, https:\/\/i0.wp.com\/noticiasribeiraopreto.com.br\/wp-content\/uploads\/2025\/02\/WhatsApp-Image-2025-02-27-at-06.44.11_2025-02-27_09-58-35_jpeg_2025-02-27_09-58-36.webp.webp?fit=1200%2C540&ssl=1&resize=1050%2C600 3x"},"classes":[]},{"id":83954,"url":"https:\/\/noticiasribeiraopreto.com.br\/index.php\/2026\/03\/30\/vem-chuva-confira-a-previsao-do-tempo-para-esta-semana-em-ribeirao-preto\/","url_meta":{"origin":81461,"position":2},"title":"Vem chuva? Confira a previs\u00e3o do tempo para esta semana em Ribeir\u00e3o Preto","author":"noticiasribeiraopreto.com.br","date":"30 de March de 2026","format":false,"excerpt":"Um novo V\u00f3rtice Cicl\u00f4nico em Alto N\u00edveis (VCAN) deve mudar o tempo nesta semana no estado de S\u00e3o Paulo. A segunda-feira (30) come\u00e7a com sol entre nuvens, mas h\u00e1 possibilidade de chuvas fracas e isoladas na regi\u00e3o de Ribeir\u00e3o Preto. De acordo com a Climatempo, o VCAN \u2013 um sistema\u2026","rel":"","context":"In &quot;Not\u00edcias de Ribeir\u00e3o Preto-SP e Regi\u00e3o&quot;","block_context":{"text":"Not\u00edcias de Ribeir\u00e3o Preto-SP e Regi\u00e3o","link":"https:\/\/noticiasribeiraopreto.com.br\/index.php\/category\/noticias-de-ribeirao-preto-sp-e-regiao-ismael-colosi\/"},"img":{"alt_text":"","src":"https:\/\/i0.wp.com\/noticiasribeiraopreto.com.br\/wp-content\/uploads\/2026\/03\/WhatsApp-Image-2025-10-21-at-06.51.40_2025-10-21_10-00-03.webp.webp?fit=1200%2C900&ssl=1&resize=350%2C200","width":350,"height":200,"srcset":"https:\/\/i0.wp.com\/noticiasribeiraopreto.com.br\/wp-content\/uploads\/2026\/03\/WhatsApp-Image-2025-10-21-at-06.51.40_2025-10-21_10-00-03.webp.webp?fit=1200%2C900&ssl=1&resize=350%2C200 1x, https:\/\/i0.wp.com\/noticiasribeiraopreto.com.br\/wp-content\/uploads\/2026\/03\/WhatsApp-Image-2025-10-21-at-06.51.40_2025-10-21_10-00-03.webp.webp?fit=1200%2C900&ssl=1&resize=525%2C300 1.5x, https:\/\/i0.wp.com\/noticiasribeiraopreto.com.br\/wp-content\/uploads\/2026\/03\/WhatsApp-Image-2025-10-21-at-06.51.40_2025-10-21_10-00-03.webp.webp?fit=1200%2C900&ssl=1&resize=700%2C400 2x, https:\/\/i0.wp.com\/noticiasribeiraopreto.com.br\/wp-content\/uploads\/2026\/03\/WhatsApp-Image-2025-10-21-at-06.51.40_2025-10-21_10-00-03.webp.webp?fit=1200%2C900&ssl=1&resize=1050%2C600 3x"},"classes":[]},{"id":84595,"url":"https:\/\/noticiasribeiraopreto.com.br\/index.php\/2026\/04\/13\/esfria-esquenta-veja-previsao-do-tempo-para-semana-em-ribeirao-preto\/","url_meta":{"origin":81461,"position":3},"title":"Esfria, esquenta: Veja previs\u00e3o do tempo para semana em Ribeir\u00e3o Preto","author":"noticiasribeiraopreto.com.br","date":"13 de April de 2026","format":false,"excerpt":"Ler o resumo da not\u00edcia Previs\u00e3o do tempo para Ribeir\u00e3o Preto nesta semana indica sol entre poucas nuvens, segundo a Climatempo. H\u00e1 possibilidade de chuvas fracas em pontos isolados da regi\u00e3o nesta segunda-feira (13) devido ao transporte de umidade mar\u00edtima. As temperaturas devem variar entre 17\u00b0C e 31\u00b0C, com umidade\u2026","rel":"","context":"In &quot;Not\u00edcias de Ribeir\u00e3o Preto-SP e Regi\u00e3o&quot;","block_context":{"text":"Not\u00edcias de Ribeir\u00e3o Preto-SP e Regi\u00e3o","link":"https:\/\/noticiasribeiraopreto.com.br\/index.php\/category\/noticias-de-ribeirao-preto-sp-e-regiao-ismael-colosi\/"},"img":{"alt_text":"","src":"https:\/\/i0.wp.com\/noticiasribeiraopreto.com.br\/wp-content\/uploads\/2026\/04\/WhatsApp-Image-2026-02-20-at-06.25.44_2026-02-20_09-34-34-e1771580117829.webp.webp?fit=914%2C540&ssl=1&resize=350%2C200","width":350,"height":200,"srcset":"https:\/\/i0.wp.com\/noticiasribeiraopreto.com.br\/wp-content\/uploads\/2026\/04\/WhatsApp-Image-2026-02-20-at-06.25.44_2026-02-20_09-34-34-e1771580117829.webp.webp?fit=914%2C540&ssl=1&resize=350%2C200 1x, https:\/\/i0.wp.com\/noticiasribeiraopreto.com.br\/wp-content\/uploads\/2026\/04\/WhatsApp-Image-2026-02-20-at-06.25.44_2026-02-20_09-34-34-e1771580117829.webp.webp?fit=914%2C540&ssl=1&resize=525%2C300 1.5x, https:\/\/i0.wp.com\/noticiasribeiraopreto.com.br\/wp-content\/uploads\/2026\/04\/WhatsApp-Image-2026-02-20-at-06.25.44_2026-02-20_09-34-34-e1771580117829.webp.webp?fit=914%2C540&ssl=1&resize=700%2C400 2x"},"classes":[]},{"id":60561,"url":"https:\/\/noticiasribeiraopreto.com.br\/index.php\/2024\/11\/18\/vem-mais-chuva-confira-previsao-para-semana-em-ribeirao-preto\/","url_meta":{"origin":81461,"position":4},"title":"Vem mais chuva? Confira previs\u00e3o para semana em Ribeir\u00e3o Preto","author":"noticiasribeiraopreto.com.br","date":"18 de November de 2024","format":false,"excerpt":"Ribeir\u00e3o Preto tem o tempo mais firme nesta segunda-feira (18), com mais aberturas de sol e sem alerta para chuvas. Segundo a Climatempo, a presen\u00e7a de um centro de alta press\u00e3o dever\u00e1 fazer com que a chuva mais forte perca a intensidade no interior de S\u00e3o Paulo neste in\u00edcio de\u2026","rel":"","context":"In &quot;Not\u00edcias de Ribeir\u00e3o Preto-SP e Regi\u00e3o&quot;","block_context":{"text":"Not\u00edcias de Ribeir\u00e3o Preto-SP e Regi\u00e3o","link":"https:\/\/noticiasribeiraopreto.com.br\/index.php\/category\/noticias-de-ribeirao-preto-sp-e-regiao-ismael-colosi\/"},"img":{"alt_text":"","src":"https:\/\/i0.wp.com\/noticiasribeiraopreto.com.br\/wp-content\/uploads\/2024\/11\/ribeirao_preto_1200x675_07122021064330.jpg?fit=1200%2C675&ssl=1&resize=350%2C200","width":350,"height":200,"srcset":"https:\/\/i0.wp.com\/noticiasribeiraopreto.com.br\/wp-content\/uploads\/2024\/11\/ribeirao_preto_1200x675_07122021064330.jpg?fit=1200%2C675&ssl=1&resize=350%2C200 1x, https:\/\/i0.wp.com\/noticiasribeiraopreto.com.br\/wp-content\/uploads\/2024\/11\/ribeirao_preto_1200x675_07122021064330.jpg?fit=1200%2C675&ssl=1&resize=525%2C300 1.5x, https:\/\/i0.wp.com\/noticiasribeiraopreto.com.br\/wp-content\/uploads\/2024\/11\/ribeirao_preto_1200x675_07122021064330.jpg?fit=1200%2C675&ssl=1&resize=700%2C400 2x, https:\/\/i0.wp.com\/noticiasribeiraopreto.com.br\/wp-content\/uploads\/2024\/11\/ribeirao_preto_1200x675_07122021064330.jpg?fit=1200%2C675&ssl=1&resize=1050%2C600 3x"},"classes":[]},{"id":78286,"url":"https:\/\/noticiasribeiraopreto.com.br\/index.php\/2025\/10\/08\/vem-chuva-confira-a-previsao-do-tempo-nesta-quarta-em-ribeirao-preto\/","url_meta":{"origin":81461,"position":5},"title":"Vem chuva? Confira a previs\u00e3o do tempo nesta quarta em Ribeir\u00e3o Preto","author":"noticiasribeiraopreto.com.br","date":"8 de October de 2025","format":false,"excerpt":"A regi\u00e3o de Ribeir\u00e3o Preto segue com previs\u00e3o de sol e calor, com possibilidade de pancadas de chuva ao fim do dia nesta quarta-feira (8). Segundo a Climatempo, a entrada de umidade do oceano e as altas temperaturas podem causar a chuva. Tamb\u00e9m h\u00e1 previs\u00e3o de rajadas de vento moderadas\u2026","rel":"","context":"In &quot;Not\u00edcias de Ribeir\u00e3o Preto-SP e Regi\u00e3o&quot;","block_context":{"text":"Not\u00edcias de Ribeir\u00e3o Preto-SP e Regi\u00e3o","link":"https:\/\/noticiasribeiraopreto.com.br\/index.php\/category\/noticias-de-ribeirao-preto-sp-e-regiao-ismael-colosi\/"},"img":{"alt_text":"","src":"https:\/\/i0.wp.com\/noticiasribeiraopreto.com.br\/wp-content\/uploads\/2025\/07\/WhatsApp-Image-2025-05-08-at-06.45.03_2025-05-08_09-48-38.webp.webp?fit=1200%2C540&ssl=1&resize=350%2C200","width":350,"height":200,"srcset":"https:\/\/i0.wp.com\/noticiasribeiraopreto.com.br\/wp-content\/uploads\/2025\/07\/WhatsApp-Image-2025-05-08-at-06.45.03_2025-05-08_09-48-38.webp.webp?fit=1200%2C540&ssl=1&resize=350%2C200 1x, https:\/\/i0.wp.com\/noticiasribeiraopreto.com.br\/wp-content\/uploads\/2025\/07\/WhatsApp-Image-2025-05-08-at-06.45.03_2025-05-08_09-48-38.webp.webp?fit=1200%2C540&ssl=1&resize=525%2C300 1.5x, https:\/\/i0.wp.com\/noticiasribeiraopreto.com.br\/wp-content\/uploads\/2025\/07\/WhatsApp-Image-2025-05-08-at-06.45.03_2025-05-08_09-48-38.webp.webp?fit=1200%2C540&ssl=1&resize=700%2C400 2x, https:\/\/i0.wp.com\/noticiasribeiraopreto.com.br\/wp-content\/uploads\/2025\/07\/WhatsApp-Image-2025-05-08-at-06.45.03_2025-05-08_09-48-38.webp.webp?fit=1200%2C540&ssl=1&resize=1050%2C600 3x"},"classes":[]}],"jetpack_sharing_enabled":true,"jetpack_shortlink":"https:\/\/wp.me\/peQAOb-lbT","_links":{"self":[{"href":"https:\/\/noticiasribeiraopreto.com.br\/index.php\/wp-json\/wp\/v2\/posts\/81461","targetHints":{"allow":["GET"]}}],"collection":[{"href":"https:\/\/noticiasribeiraopreto.com.br\/index.php\/wp-json\/wp\/v2\/posts"}],"about":[{"href":"https:\/\/noticiasribeiraopreto.com.br\/index.php\/wp-json\/wp\/v2\/types\/post"}],"author":[{"embeddable":true,"href":"https:\/\/noticiasribeiraopreto.com.br\/index.php\/wp-json\/wp\/v2\/users\/1"}],"replies":[{"embeddable":true,"href":"https:\/\/noticiasribeiraopreto.com.br\/index.php\/wp-json\/wp\/v2\/comments?post=81461"}],"version-history":[{"count":0,"href":"https:\/\/noticiasribeiraopreto.com.br\/index.php\/wp-json\/wp\/v2\/posts\/81461\/revisions"}],"wp:featuredmedia":[{"embeddable":true,"href":"https:\/\/noticiasribeiraopreto.com.br\/index.php\/wp-json\/wp\/v2\/media\/81462"}],"wp:attachment":[{"href":"https:\/\/noticiasribeiraopreto.com.br\/index.php\/wp-json\/wp\/v2\/media?parent=81461"}],"wp:term":[{"taxonomy":"category","embeddable":true,"href":"https:\/\/noticiasribeiraopreto.com.br\/index.php\/wp-json\/wp\/v2\/categories?post=81461"},{"taxonomy":"post_tag","embeddable":true,"href":"https:\/\/noticiasribeiraopreto.com.br\/index.php\/wp-json\/wp\/v2\/tags?post=81461"}],"curies":[{"name":"wp","href":"https:\/\/api.w.org\/{rel}","templated":true}]}}