{"id":81463,"date":"2026-01-07T07:17:36","date_gmt":"2026-01-07T10:17:36","guid":{"rendered":"https:\/\/noticiasribeiraopreto.com.br\/index.php\/2026\/01\/07\/comercial-vence-o-noroeste-e-mantem-chances-de-classificacao-na-copinha-2026\/"},"modified":"2026-01-07T07:17:36","modified_gmt":"2026-01-07T10:17:36","slug":"comercial-vence-o-noroeste-e-mantem-chances-de-classificacao-na-copinha-2026","status":"publish","type":"post","link":"https:\/\/noticiasribeiraopreto.com.br\/index.php\/2026\/01\/07\/comercial-vence-o-noroeste-e-mantem-chances-de-classificacao-na-copinha-2026\/","title":{"rendered":"Comercial vence o Noroeste e mant\u00e9m chances de classifica\u00e7\u00e3o na Copinha 2026"},"content":{"rendered":"<div class='code-block code-block-1' style='margin: 8px 0 8px auto; text-align: right; display: block; clear: both;'>\n<p><a href=\"https:\/\/wa.link\/vpicfd\"><img data-recalc-dims=\"1\" class=\"wp-image-4922\" style=\"aspect-ratio: 2.0253164556962027; width: 561px; height: auto;\" src=\"https:\/\/i0.wp.com\/ismaelcolosi.com.br\/wp-content\/uploads\/2023\/11\/grupo-de-empregos-whatsapp-e-facebook-ismael-colosi-vagas.jpg?ssl=1\" alt=\"\" \/><\/a><\/p>\n<!-- \/wp:image -->\n<\/div>\n<p> <br \/>\n<\/p>\n<div data-td-block-uid=\"tdi_95\">\n<div class=\"tdb-block-inner td-fix-index\">\n<p>O <strong>Comercial venceu o Noroeste por 2 a 0<\/strong> na noite desta ter\u00e7a-feira, no est\u00e1dio Palma Travassos, em Ribeir\u00e3o Preto, em confronto v\u00e1lido pela segunda rodada do Grupo 10 da <strong>Copa S\u00e3o Paulo de Futebol J\u00fanior 2026.<\/strong><\/p>\n<p>O resultado garantiu ao Bafo os <strong>primeiros pontos<\/strong> na competi\u00e7\u00e3o e manteve a equipe na disputa por uma vaga na pr\u00f3xima fase. J\u00e1 o Noroeste chegou \u00e0 segunda derrota seguida e passou a depender de uma combina\u00e7\u00e3o de resultados para avan\u00e7ar.<\/p>\n<div class=\"wp-block-image\">\n<figure class=\"aligncenter size-full is-resized\"><img data-recalc-dims=\"1\" fetchpriority=\"high\" decoding=\"async\" width=\"984\" height=\"657\" src=\"https:\/\/i0.wp.com\/cdn.media-acidadeon.com.br\/ribeiraopreto\/wp-content\/uploads\/sites\/3\/2026\/01\/image_2026-01-06_23-07-36.webp?resize=984%2C657&#038;ssl=1\" alt=\"comercial\" class=\"wp-image-141363\" style=\"width:690px;height:auto\" title=\"Comercial vence o Noroeste e mant\u00e9m chances de classifica\u00e7\u00e3o na Copinha 2026 1\" srcset=\"https:\/\/cdn.media-acidadeon.com.br\/ribeiraopreto\/wp-content\/uploads\/sites\/3\/2026\/01\/image_2026-01-06_23-07-36.webp 984w, https:\/\/cdn.media-acidadeon.com.br\/ribeiraopreto\/wp-content\/uploads\/sites\/3\/2026\/01\/image_2026-01-06_23-07-36-300x200.webp 300w, https:\/\/cdn.media-acidadeon.com.br\/ribeiraopreto\/wp-content\/uploads\/sites\/3\/2026\/01\/image_2026-01-06_23-07-36-768x513.webp 768w, https:\/\/cdn.media-acidadeon.com.br\/ribeiraopreto\/wp-content\/uploads\/sites\/3\/2026\/01\/image_2026-01-06_23-07-36-696x465.webp 696w\" sizes=\"(max-width: 984px) 100vw, 984px\"\/><figcaption class=\"wp-element-caption\">Foto: B\u00e1rbara Pires\/Comercial FC<\/figcaption><\/figure>\n<\/div>\n<h3 class=\"wp-block-heading\"><strong>Como foi o jogo?<\/strong><\/h3>\n<p>O placar come\u00e7ou a ser constru\u00eddo ainda no primeiro tempo. Aos 31 minutos, Pablo, que havia acabado de entrar no jogo ap\u00f3s a sa\u00edda de Marcelinho por les\u00e3o, sofreu p\u00eanalti em investida ao ataque. O pr\u00f3prio atacante assumiu a cobran\u00e7a e abriu o marcador.<\/p>\n<p>Na etapa final, o Comercial seguiu no campo ofensivo e criou oportunidades, mas encontrou resist\u00eancia do goleiro Cristian. A insist\u00eancia foi recompensada aos 42 minutos, quando Pedr\u00e3o subiu livre na \u00e1rea e marcou de cabe\u00e7a ap\u00f3s cobran\u00e7a de escanteio pelo lado direito.<\/p>\n<div class=\"wp-block-image\">\n<figure class=\"aligncenter size-large is-resized\"><img data-recalc-dims=\"1\" loading=\"lazy\" decoding=\"async\" width=\"1024\" height=\"684\" src=\"https:\/\/i0.wp.com\/cdn.media-acidadeon.com.br\/ribeiraopreto\/wp-content\/uploads\/sites\/3\/2026\/01\/image_2026-01-06_23-09-30-1024x684.webp?resize=1024%2C684&#038;ssl=1\" alt=\"image 2026 01 06 23 09 30\" class=\"wp-image-141364\" style=\"width:626px;height:auto\" title=\"Comercial vence o Noroeste e mant\u00e9m chances de classifica\u00e7\u00e3o na Copinha 2026 2\" srcset=\"https:\/\/cdn.media-acidadeon.com.br\/ribeiraopreto\/wp-content\/uploads\/sites\/3\/2026\/01\/image_2026-01-06_23-09-30-1024x684.webp 1024w, https:\/\/cdn.media-acidadeon.com.br\/ribeiraopreto\/wp-content\/uploads\/sites\/3\/2026\/01\/image_2026-01-06_23-09-30-300x200.webp 300w, https:\/\/cdn.media-acidadeon.com.br\/ribeiraopreto\/wp-content\/uploads\/sites\/3\/2026\/01\/image_2026-01-06_23-09-30-768x513.webp 768w, https:\/\/cdn.media-acidadeon.com.br\/ribeiraopreto\/wp-content\/uploads\/sites\/3\/2026\/01\/image_2026-01-06_23-09-30-696x465.webp 696w, https:\/\/cdn.media-acidadeon.com.br\/ribeiraopreto\/wp-content\/uploads\/sites\/3\/2026\/01\/image_2026-01-06_23-09-30-1068x713.webp 1068w, https:\/\/cdn.media-acidadeon.com.br\/ribeiraopreto\/wp-content\/uploads\/sites\/3\/2026\/01\/image_2026-01-06_23-09-30.webp 1200w\" sizes=\"auto, (max-width: 1024px) 100vw, 1024px\"\/><figcaption class=\"wp-element-caption\">Foto: B\u00e1rbara Pires\/Comercial FC<\/figcaption><\/figure>\n<\/div>\n<p>Nos minutos finais, o time da casa ainda teve a chance de ampliar. Gabriel sofreu nova penalidade, mas o goleiro do Noroeste defendeu a cobran\u00e7a.<\/p>\n<h3 class=\"wp-block-heading\"><strong>Pr\u00f3ximos jogos<\/strong><\/h3>\n<p>A rodada decisiva do grupo acontece nesta sexta-feira. O Comercial enfrenta o <strong>Am\u00e9rica-MG<\/strong>, \u00e0s <strong>20h15<\/strong>, enquanto o Noroeste mede for\u00e7as com o <strong>Atl\u00e9tico-PI<\/strong>, \u00e0s <strong>18h<\/strong>.<\/p>\n<hr class=\"wp-block-separator has-alpha-channel-opacity\"\/>\n<p>SAIBA MAIS<\/p>\n<p>Sebrae-SP abre 264 vagas para empresas de Ribeir\u00e3o Preto e regi\u00e3o no Brasil Mais Produtivo<\/p>\n<h2 class=\"wp-block-heading\"><strong>FIQUE ON<\/strong><\/h2>\n<p>Fique ligado em tudo que acontece em Ribeir\u00e3o Preto e regi\u00e3o. Siga os perfis do\u00a0<strong>acidade on<\/strong>\u00a0no<a href=\"https:\/\/www.instagram.com\/acidadeonribeirao\" target=\"_blank\" rel=\"noreferrer noopener\">\u00a0Instagram<\/a>\u00a0e no<a href=\"https:\/\/www.facebook.com\/acidadeonribeirao\/\" target=\"_blank\" rel=\"noreferrer noopener\">\u00a0Facebook<\/a>.<\/p>\n<p>Receba not\u00edcias do<strong>\u00a0acidade on\u00a0<\/strong>no WhatsApp. Para entrar no grupo,\u00a0basta\u00a0<a href=\"https:\/\/chat.whatsapp.com\/GFH9HUMUTHNFJdnyEd0xxq\" target=\"_blank\" rel=\"noreferrer noopener\">clicar aqui<\/a>. Ou, acesse o nosso\u00a0Canal<a href=\"https:\/\/whatsapp.com\/channel\/0029Vb6IQl1JENyAeS57fk2p\" target=\"_blank\" rel=\"noreferrer noopener\">\u00a0clicando aqui<\/a>.<\/p>\n<p>Fa\u00e7a uma den\u00fancia ou sugira uma reportagem sobre Ribeir\u00e3o Preto e regi\u00e3o pelo WhatsApp: 16 99117 7802.<\/p>\n<p>VEJA TAMB\u00c9M<\/p>\n<p>ET de Varginha ganha document\u00e1rio; veja onde assistir<\/p>\n<p><!-- AI CONTENT END 1 -->\n<\/div>\n<\/div>\n<p><script async src=\"\/\/www.instagram.com\/embed.js\"><\/script><br \/>\n<br \/><br \/>\n<br \/><a href=\"https:\/\/www.acidadeon.com\/ribeiraopreto\/esportes\/comercial-vence-o-noroeste-e-mantem-chances-de-classificacao-na-copinha-2026\/\">Source link <\/a><\/p>\n<!-- CONTENT END 1 -->\n","protected":false},"excerpt":{"rendered":"<p>O Comercial venceu o Noroeste por 2 a 0 na noite desta ter\u00e7a-feira, no est\u00e1dio Palma Travassos, em Ribeir\u00e3o Preto, em confronto v\u00e1lido pela segunda&#8230;<\/p>\n","protected":false},"author":1,"featured_media":81464,"comment_status":"open","ping_status":"open","sticky":false,"template":"","format":"standard","meta":{"advanced_seo_description":"","jetpack_seo_html_title":"","jetpack_seo_noindex":false,"jetpack_post_was_ever_published":false,"_jetpack_newsletter_access":"","_jetpack_dont_email_post_to_subs":false,"_jetpack_newsletter_tier_id":0,"_jetpack_memberships_contains_paywalled_content":false,"_jetpack_memberships_contains_paid_content":false,"footnotes":"","jetpack_publicize_message":"","jetpack_publicize_feature_enabled":true,"jetpack_social_post_already_shared":true,"jetpack_social_options":{"image_generator_settings":{"template":"highway","default_image_id":0,"font":"","enabled":false},"version":2}},"categories":[11],"tags":[],"class_list":["post-81463","post","type-post","status-publish","format-standard","has-post-thumbnail","hentry","category-noticias-de-ribeirao-preto-sp-e-regiao-ismael-colosi"],"jetpack_publicize_connections":[],"jetpack_featured_media_url":"https:\/\/i0.wp.com\/noticiasribeiraopreto.com.br\/wp-content\/uploads\/2026\/01\/959842b9-1768-430e-b9b0-ff4b6b0054fc_2026-01-06_23-10-38.webp.webp?fit=1200%2C801&ssl=1","jetpack-related-posts":[{"id":34084,"url":"https:\/\/noticiasribeiraopreto.com.br\/index.php\/2024\/01\/31\/comercial-faz-gol-no-fim-e-empata-com-o-noroeste-pela-serie-a2-do-paulista\/","url_meta":{"origin":81463,"position":0},"title":"Comercial faz gol no fim e empata com o Noroeste pela S\u00e9rie A2 do Paulista","author":"noticiasribeiraopreto.com.br","date":"31 de January de 2024","format":false,"excerpt":"O Comercial empatou com o Noroeste em 1 a 1, no est\u00e1dio Alfredo de Castilho, em Bauru. O confronto foi v\u00e1lido pela quinta rodada do Campeonato Paulista da S\u00e9rie A2. Com o resultado, o Le\u00e3o chega ao quinto jogo sem vencer na competi\u00e7\u00e3o. Os gols da partida foram marcados por\u2026","rel":"","context":"In &quot;Not\u00edcias de Ribeir\u00e3o Preto-SP e Regi\u00e3o&quot;","block_context":{"text":"Not\u00edcias de Ribeir\u00e3o Preto-SP e Regi\u00e3o","link":"https:\/\/noticiasribeiraopreto.com.br\/index.php\/category\/noticias-de-ribeirao-preto-sp-e-regiao-ismael-colosi\/"},"img":{"alt_text":"","src":"https:\/\/i0.wp.com\/noticiasribeiraopreto.com.br\/wp-content\/uploads\/2024\/01\/WhatsApp-Image-2024-01-31-at-21.46.58.jpeg?fit=1200%2C814&ssl=1&resize=350%2C200","width":350,"height":200,"srcset":"https:\/\/i0.wp.com\/noticiasribeiraopreto.com.br\/wp-content\/uploads\/2024\/01\/WhatsApp-Image-2024-01-31-at-21.46.58.jpeg?fit=1200%2C814&ssl=1&resize=350%2C200 1x, https:\/\/i0.wp.com\/noticiasribeiraopreto.com.br\/wp-content\/uploads\/2024\/01\/WhatsApp-Image-2024-01-31-at-21.46.58.jpeg?fit=1200%2C814&ssl=1&resize=525%2C300 1.5x, https:\/\/i0.wp.com\/noticiasribeiraopreto.com.br\/wp-content\/uploads\/2024\/01\/WhatsApp-Image-2024-01-31-at-21.46.58.jpeg?fit=1200%2C814&ssl=1&resize=700%2C400 2x, https:\/\/i0.wp.com\/noticiasribeiraopreto.com.br\/wp-content\/uploads\/2024\/01\/WhatsApp-Image-2024-01-31-at-21.46.58.jpeg?fit=1200%2C814&ssl=1&resize=1050%2C600 3x"},"classes":[]},{"id":34093,"url":"https:\/\/noticiasribeiraopreto.com.br\/index.php\/2024\/01\/31\/comercial-empata-com-o-noroeste-e-respira-em-bauru\/","url_meta":{"origin":81463,"position":1},"title":"Comercial empata com o Noroeste e respira em Bauru","author":"noticiasribeiraopreto.com.br","date":"31 de January de 2024","format":false,"excerpt":"O Le\u00e3o do Norte volta para Ribeir\u00e3o Preto com um empate da viagem at\u00e9 Bauru, em partida v\u00e1lida pela S\u00e9rie A2 do Campeonato Paulista. O Noroeste abriu o placar cedo, mas o conforto com o resultado permitiu que o Comercial gostasse do jogo.Se o gol do Noroeste saiu no in\u00edcio\u2026","rel":"","context":"In &quot;Not\u00edcias de Ribeir\u00e3o Preto-SP e Regi\u00e3o&quot;","block_context":{"text":"Not\u00edcias de Ribeir\u00e3o Preto-SP e Regi\u00e3o","link":"https:\/\/noticiasribeiraopreto.com.br\/index.php\/category\/noticias-de-ribeirao-preto-sp-e-regiao-ismael-colosi\/"},"img":{"alt_text":"","src":"https:\/\/i0.wp.com\/noticiasribeiraopreto.com.br\/wp-content\/uploads\/2024\/01\/WhatsApp-Image-2024-01-31-at-21.42.54-scaled.jpeg?fit=979%2C645&ssl=1&resize=350%2C200","width":350,"height":200,"srcset":"https:\/\/i0.wp.com\/noticiasribeiraopreto.com.br\/wp-content\/uploads\/2024\/01\/WhatsApp-Image-2024-01-31-at-21.42.54-scaled.jpeg?fit=979%2C645&ssl=1&resize=350%2C200 1x, https:\/\/i0.wp.com\/noticiasribeiraopreto.com.br\/wp-content\/uploads\/2024\/01\/WhatsApp-Image-2024-01-31-at-21.42.54-scaled.jpeg?fit=979%2C645&ssl=1&resize=525%2C300 1.5x, https:\/\/i0.wp.com\/noticiasribeiraopreto.com.br\/wp-content\/uploads\/2024\/01\/WhatsApp-Image-2024-01-31-at-21.42.54-scaled.jpeg?fit=979%2C645&ssl=1&resize=700%2C400 2x"},"classes":[]},{"id":81459,"url":"https:\/\/noticiasribeiraopreto.com.br\/index.php\/2026\/01\/06\/comercial-vence-a-primeira-na-copinha\/","url_meta":{"origin":81463,"position":2},"title":"Comercial vence a primeira na Copinha","author":"noticiasribeiraopreto.com.br","date":"6 de January de 2026","format":false,"excerpt":"\r Le\u00e3o do Norte supera Noroeste e continua vivo por vaga no mata-mata\r \r 6 de janeiro de 2026 20:15 \r Compartilhar1 Por Hugo Luque O Comercial desencantou e venceu seu primeiro jogo nesta edi\u00e7\u00e3o da Copa S\u00e3o Paulo de Futebol J\u00fanior. Nesta ter\u00e7a-feira (6), a equipe alvinegra superou o\u2026","rel":"","context":"In &quot;Not\u00edcias de Ribeir\u00e3o Preto-SP e Regi\u00e3o&quot;","block_context":{"text":"Not\u00edcias de Ribeir\u00e3o Preto-SP e Regi\u00e3o","link":"https:\/\/noticiasribeiraopreto.com.br\/index.php\/category\/noticias-de-ribeirao-preto-sp-e-regiao-ismael-colosi\/"},"img":{"alt_text":"","src":"https:\/\/i0.wp.com\/noticiasribeiraopreto.com.br\/wp-content\/uploads\/2026\/01\/2-Comercial-x-Noroeste-Barbara-Pires_Comercial-FC-scaled.jpeg?fit=1169%2C780&ssl=1&resize=350%2C200","width":350,"height":200,"srcset":"https:\/\/i0.wp.com\/noticiasribeiraopreto.com.br\/wp-content\/uploads\/2026\/01\/2-Comercial-x-Noroeste-Barbara-Pires_Comercial-FC-scaled.jpeg?fit=1169%2C780&ssl=1&resize=350%2C200 1x, https:\/\/i0.wp.com\/noticiasribeiraopreto.com.br\/wp-content\/uploads\/2026\/01\/2-Comercial-x-Noroeste-Barbara-Pires_Comercial-FC-scaled.jpeg?fit=1169%2C780&ssl=1&resize=525%2C300 1.5x, https:\/\/i0.wp.com\/noticiasribeiraopreto.com.br\/wp-content\/uploads\/2026\/01\/2-Comercial-x-Noroeste-Barbara-Pires_Comercial-FC-scaled.jpeg?fit=1169%2C780&ssl=1&resize=700%2C400 2x, https:\/\/i0.wp.com\/noticiasribeiraopreto.com.br\/wp-content\/uploads\/2026\/01\/2-Comercial-x-Noroeste-Barbara-Pires_Comercial-FC-scaled.jpeg?fit=1169%2C780&ssl=1&resize=1050%2C600 3x"},"classes":[]},{"id":81385,"url":"https:\/\/noticiasribeiraopreto.com.br\/index.php\/2026\/01\/04\/comercial-perde-para-o-atletico-pi-em-estreia-na-copinha\/","url_meta":{"origin":81463,"position":3},"title":"Comercial\u00a0perde para o Atl\u00e9tico-PI em estreia na Copinha","author":"noticiasribeiraopreto.com.br","date":"4 de January de 2026","format":false,"excerpt":"O Comercial perdeu por 2 a 1 para o Atl\u00e9tico-PI, na noite deste s\u00e1bado (3), na estreia na Copa S\u00e3o Paulo de Futebol J\u00fanior, em jogo no est\u00e1dio Palma Travassos, em Ribeir\u00e3o Preto. O gol do Le\u00e3o foi anotado pelo lateral Touro. J\u00e1 Edson Filho e Maiquinho fizeram para o\u2026","rel":"","context":"In &quot;Not\u00edcias de Ribeir\u00e3o Preto-SP e Regi\u00e3o&quot;","block_context":{"text":"Not\u00edcias de Ribeir\u00e3o Preto-SP e Regi\u00e3o","link":"https:\/\/noticiasribeiraopreto.com.br\/index.php\/category\/noticias-de-ribeirao-preto-sp-e-regiao-ismael-colosi\/"},"img":{"alt_text":"","src":"https:\/\/i0.wp.com\/noticiasribeiraopreto.com.br\/wp-content\/uploads\/2026\/01\/WhatsApp-Image-2026-01-03-at-22.09.39_2026-01-04_01-14-36.webp.webp?fit=629%2C397&ssl=1&resize=350%2C200","width":350,"height":200,"srcset":"https:\/\/i0.wp.com\/noticiasribeiraopreto.com.br\/wp-content\/uploads\/2026\/01\/WhatsApp-Image-2026-01-03-at-22.09.39_2026-01-04_01-14-36.webp.webp?fit=629%2C397&ssl=1&resize=350%2C200 1x, https:\/\/i0.wp.com\/noticiasribeiraopreto.com.br\/wp-content\/uploads\/2026\/01\/WhatsApp-Image-2026-01-03-at-22.09.39_2026-01-04_01-14-36.webp.webp?fit=629%2C397&ssl=1&resize=525%2C300 1.5x"},"classes":[]},{"id":81757,"url":"https:\/\/noticiasribeiraopreto.com.br\/index.php\/2026\/01\/16\/botafogo-empata-com-noroeste-em-jogo-marcado-por-chuva-e-atraso-em-ribeirao-preto\/","url_meta":{"origin":81463,"position":4},"title":"Botafogo empata com Noroeste em jogo marcado por chuva e atraso em Ribeir\u00e3o Preto","author":"noticiasribeiraopreto.com.br","date":"16 de January de 2026","format":false,"excerpt":"O Botafogo empatou com o Noroeste em 1 a 1 na noite desta quinta-feira (15), pela segunda rodada do Paulist\u00e3o. A partida, disputada no est\u00e1dio Santa Cruz, come\u00e7ou com 45 minutos de atraso devido \u00e0 forte chuva que atingiu Ribeir\u00e3o Preto. O Botafogo abriu o placar logo no in\u00edcio, com\u2026","rel":"","context":"In &quot;Not\u00edcias de Ribeir\u00e3o Preto-SP e Regi\u00e3o&quot;","block_context":{"text":"Not\u00edcias de Ribeir\u00e3o Preto-SP e Regi\u00e3o","link":"https:\/\/noticiasribeiraopreto.com.br\/index.php\/category\/noticias-de-ribeirao-preto-sp-e-regiao-ismael-colosi\/"},"img":{"alt_text":"","src":"https:\/\/i0.wp.com\/noticiasribeiraopreto.com.br\/wp-content\/uploads\/2026\/01\/c4574f10-b1cf-4bc6-a776-6d8a21e76bf7_2026-01-16_00-39-11.webp.webp?fit=1200%2C800&ssl=1&resize=350%2C200","width":350,"height":200,"srcset":"https:\/\/i0.wp.com\/noticiasribeiraopreto.com.br\/wp-content\/uploads\/2026\/01\/c4574f10-b1cf-4bc6-a776-6d8a21e76bf7_2026-01-16_00-39-11.webp.webp?fit=1200%2C800&ssl=1&resize=350%2C200 1x, https:\/\/i0.wp.com\/noticiasribeiraopreto.com.br\/wp-content\/uploads\/2026\/01\/c4574f10-b1cf-4bc6-a776-6d8a21e76bf7_2026-01-16_00-39-11.webp.webp?fit=1200%2C800&ssl=1&resize=525%2C300 1.5x, https:\/\/i0.wp.com\/noticiasribeiraopreto.com.br\/wp-content\/uploads\/2026\/01\/c4574f10-b1cf-4bc6-a776-6d8a21e76bf7_2026-01-16_00-39-11.webp.webp?fit=1200%2C800&ssl=1&resize=700%2C400 2x, https:\/\/i0.wp.com\/noticiasribeiraopreto.com.br\/wp-content\/uploads\/2026\/01\/c4574f10-b1cf-4bc6-a776-6d8a21e76bf7_2026-01-16_00-39-11.webp.webp?fit=1200%2C800&ssl=1&resize=1050%2C600 3x"},"classes":[]},{"id":33954,"url":"https:\/\/noticiasribeiraopreto.com.br\/index.php\/2024\/01\/31\/comercial-visita-o-noroeste-em-busca-da-primeira-vitoria-na-a2\/","url_meta":{"origin":81463,"position":5},"title":"Comercial visita o Noroeste em busca da primeira vit\u00f3ria na A2\u00a0\u00a0","author":"noticiasribeiraopreto.com.br","date":"31 de January de 2024","format":false,"excerpt":"Ainda sem vencer na S\u00e9rie A2, o Comercial volta a campo nesta quarta para tentar triunfar diante do Noroeste. O jogo est\u00e1 marcado para as 19h30, no est\u00e1dio Alfredo de Castilho, em Bauru.\u00a0\u00a0Com apenas dois pontos ganhos em quatro partidas, o Le\u00e3o do Norte vive momento de press\u00e3o e precisa\u2026","rel":"","context":"In &quot;Not\u00edcias de Ribeir\u00e3o Preto-SP e Regi\u00e3o&quot;","block_context":{"text":"Not\u00edcias de Ribeir\u00e3o Preto-SP e Regi\u00e3o","link":"https:\/\/noticiasribeiraopreto.com.br\/index.php\/category\/noticias-de-ribeirao-preto-sp-e-regiao-ismael-colosi\/"},"img":{"alt_text":"","src":"https:\/\/i0.wp.com\/noticiasribeiraopreto.com.br\/wp-content\/uploads\/2024\/01\/Comercial-5-scaled.jpg?fit=967%2C645&ssl=1&resize=350%2C200","width":350,"height":200,"srcset":"https:\/\/i0.wp.com\/noticiasribeiraopreto.com.br\/wp-content\/uploads\/2024\/01\/Comercial-5-scaled.jpg?fit=967%2C645&ssl=1&resize=350%2C200 1x, https:\/\/i0.wp.com\/noticiasribeiraopreto.com.br\/wp-content\/uploads\/2024\/01\/Comercial-5-scaled.jpg?fit=967%2C645&ssl=1&resize=525%2C300 1.5x, https:\/\/i0.wp.com\/noticiasribeiraopreto.com.br\/wp-content\/uploads\/2024\/01\/Comercial-5-scaled.jpg?fit=967%2C645&ssl=1&resize=700%2C400 2x"},"classes":[]}],"jetpack_sharing_enabled":true,"jetpack_shortlink":"https:\/\/wp.me\/peQAOb-lbV","_links":{"self":[{"href":"https:\/\/noticiasribeiraopreto.com.br\/index.php\/wp-json\/wp\/v2\/posts\/81463","targetHints":{"allow":["GET"]}}],"collection":[{"href":"https:\/\/noticiasribeiraopreto.com.br\/index.php\/wp-json\/wp\/v2\/posts"}],"about":[{"href":"https:\/\/noticiasribeiraopreto.com.br\/index.php\/wp-json\/wp\/v2\/types\/post"}],"author":[{"embeddable":true,"href":"https:\/\/noticiasribeiraopreto.com.br\/index.php\/wp-json\/wp\/v2\/users\/1"}],"replies":[{"embeddable":true,"href":"https:\/\/noticiasribeiraopreto.com.br\/index.php\/wp-json\/wp\/v2\/comments?post=81463"}],"version-history":[{"count":0,"href":"https:\/\/noticiasribeiraopreto.com.br\/index.php\/wp-json\/wp\/v2\/posts\/81463\/revisions"}],"wp:featuredmedia":[{"embeddable":true,"href":"https:\/\/noticiasribeiraopreto.com.br\/index.php\/wp-json\/wp\/v2\/media\/81464"}],"wp:attachment":[{"href":"https:\/\/noticiasribeiraopreto.com.br\/index.php\/wp-json\/wp\/v2\/media?parent=81463"}],"wp:term":[{"taxonomy":"category","embeddable":true,"href":"https:\/\/noticiasribeiraopreto.com.br\/index.php\/wp-json\/wp\/v2\/categories?post=81463"},{"taxonomy":"post_tag","embeddable":true,"href":"https:\/\/noticiasribeiraopreto.com.br\/index.php\/wp-json\/wp\/v2\/tags?post=81463"}],"curies":[{"name":"wp","href":"https:\/\/api.w.org\/{rel}","templated":true}]}}