{"id":81465,"date":"2026-01-07T07:25:51","date_gmt":"2026-01-07T10:25:51","guid":{"rendered":"https:\/\/noticiasribeiraopreto.com.br\/index.php\/2026\/01\/07\/ampliacao-da-isencao-do-imposto-de-renda-nao-muda-regras-da-declaracao-deste-ano-entenda\/"},"modified":"2026-01-07T07:25:51","modified_gmt":"2026-01-07T10:25:51","slug":"ampliacao-da-isencao-do-imposto-de-renda-nao-muda-regras-da-declaracao-deste-ano-entenda","status":"publish","type":"post","link":"https:\/\/noticiasribeiraopreto.com.br\/index.php\/2026\/01\/07\/ampliacao-da-isencao-do-imposto-de-renda-nao-muda-regras-da-declaracao-deste-ano-entenda\/","title":{"rendered":"Amplia\u00e7\u00e3o da isen\u00e7\u00e3o do Imposto de Renda n\u00e3o muda regras da declara\u00e7\u00e3o deste ano; Entenda"},"content":{"rendered":"<div class='code-block code-block-1' style='margin: 8px 0 8px auto; text-align: right; display: block; clear: both;'>\n<p><a href=\"https:\/\/wa.link\/vpicfd\"><img data-recalc-dims=\"1\" class=\"wp-image-4922\" style=\"aspect-ratio: 2.0253164556962027; width: 561px; height: auto;\" src=\"https:\/\/i0.wp.com\/ismaelcolosi.com.br\/wp-content\/uploads\/2023\/11\/grupo-de-empregos-whatsapp-e-facebook-ismael-colosi-vagas.jpg?ssl=1\" alt=\"\" \/><\/a><\/p>\n<!-- \/wp:image -->\n<\/div>\n<p> <br \/>\n<\/p>\n<div>\n<p>A amplia\u00e7\u00e3o da faixa de isen\u00e7\u00e3o do <strong>Imposto de Renda<\/strong> para quem recebe at\u00e9 R$ 5 mil por m\u00eas come\u00e7a a valer em 2026, no entanto, <strong>n\u00e3o altera as regras da declara\u00e7\u00e3o que ser\u00e1 entregue neste ano<\/strong>, referente aos rendimentos de 2025.<\/p>\n<p>Isso significa que, mesmo aqueles contribuintes que passam a se enquadrar na nova faixa de isen\u00e7\u00e3o, <mark style=\"background-color:#fcb900\" class=\"has-inline-color\">precisam realizar a declara\u00e7\u00e3o normalmente, de acordo com a tabela vigente no per\u00edodo apurado.<\/mark><\/p>\n<p>Essa mudan\u00e7a, segundo <strong>Alessandra Santana Camargo<\/strong>, coordenadora dos cursos de gest\u00e3o da Est\u00e1cio de Ribeir\u00e3o Preto, pode gerar confus\u00e3o entre os contribuintes e por isso \u00e9 necess\u00e1rio ficar atento.<\/p>\n<figure class=\"wp-block-pullquote\">\n<blockquote>\n<p>A isen\u00e7\u00e3o at\u00e9 R$ 5 mil passa a valer para os rendimentos recebidos a partir de 2026. A declara\u00e7\u00e3o que ser\u00e1 entregue este ano considera os ganhos de 2025 e segue as regras anteriores<\/p>\n<p><cite>Alessandra Santana Camargo<\/cite><\/p><\/blockquote>\n<\/figure>\n<p>A especialista ainda alerta <strong>microempreendedores individuais (MEIs)<\/strong>, <strong>aposentados <\/strong>e <strong>contribuintes <\/strong>com <strong>mais de uma fonte de renda<\/strong>. \u201cTodas as rendas tribut\u00e1veis devem ser somadas. Empr\u00e9stimos consignados, por exemplo, n\u00e3o reduzem a base de c\u00e1lculo do imposto e costumam gerar d\u00favidas\u201d, destaca Alessandra.<\/p>\n<div class=\"wp-block-image\">\n<figure class=\"aligncenter size-full is-resized\"><img data-recalc-dims=\"1\" decoding=\"async\" src=\"https:\/\/i0.wp.com\/cdn.media-acidadeon.com.br\/ribeiraopreto\/wp-content\/uploads\/sites\/3\/2023\/07\/ImpostoderendaConsultaaoprimeirolotederestituioserabertanestaquarta_Tamanho_2_image.jpg?ssl=1\" alt=\"Amplia\u00e7\u00e3o da isen\u00e7\u00e3o do IR entra em vigor em 2026, mas n\u00e3o muda a declara\u00e7\u00e3o deste ano - Foto: Denny Cesare \/ C\u00f3digo19.\" class=\"wp-image-8621\" style=\"width:654px\" title=\"Amplia\u00e7\u00e3o da isen\u00e7\u00e3o do Imposto de Renda n\u00e3o muda regras da declara\u00e7\u00e3o deste ano; Entenda 1\"\/><figcaption class=\"wp-element-caption\">Amplia\u00e7\u00e3o da isen\u00e7\u00e3o do IR entra em vigor em 2026, mas n\u00e3o muda a declara\u00e7\u00e3o deste ano \u2013 Foto: Denny Cesare \/ C\u00f3digo19.<\/figcaption><\/figure>\n<\/div>\n<h2 class=\"wp-block-heading\"><strong>Isen\u00e7\u00e3o do Imposto de Renda<\/strong><\/h2>\n<p>O projeto que ampliou a isen\u00e7\u00e3o do <strong>IR <\/strong>foi aprovado pelo Senado e sancionado pelo presidente Luiz In\u00e1cio Lula da Silva em novembro de 2025.<\/p>\n<p>Al\u00e9m da isen\u00e7\u00e3o total para aqueles que recebem at\u00e9 R$ 5 mil, a nova tabela prev\u00ea <strong>desconto progressivo para rendas mensais de at\u00e9 R$ 7.350<\/strong>, reduzindo gradualmente o valor do imposto devido ao longo de 2026.<\/p>\n<p><mark style=\"background-color:#fcb900\" class=\"has-inline-color\">Vale destacar que essas mudan\u00e7as n\u00e3o afetam a declara\u00e7\u00e3o referente ao ano-base 2025, que ser\u00e1 entregue nos pr\u00f3ximos meses.<\/mark><\/p>\n<h3 class=\"wp-block-heading\"><strong>Orienta\u00e7\u00e3o e atendimento gratuito<\/strong><\/h3>\n<p>Embora o programa da <strong>Receita Federal<\/strong> para envio da <strong>Declara\u00e7\u00e3o do Imposto de Renda 2026<\/strong> ainda n\u00e3o tenha sido liberado, o in\u00edcio do ano \u00e9 considerado um per\u00edodo estrat\u00e9gico para organiza\u00e7\u00e3o de documentos, revis\u00e3o de rendimentos e esclarecimento de d\u00favidas, reduzindo o risco de erros no momento da entrega.<\/p>\n<p>Por esse motivo, o Centro Universit\u00e1rio Est\u00e1cio de Ribeir\u00e3o Preto est\u00e1 oferecendo a<strong>tendimento gratuito<\/strong> para auxiliar a popula\u00e7\u00e3o nesse processo. O servi\u00e7o \u00e9 realizado por alunos e professores do curso de <strong>Ci\u00eancias Cont\u00e1beis<\/strong> e tem como objetivo orientar os contribuintes, esclarecer d\u00favidas e preparar a documenta\u00e7\u00e3o necess\u00e1ria para o envio da declara\u00e7\u00e3o, evitando inconsist\u00eancias que possam levar \u00e0 malha fina.<\/p>\n<p>O atendimento acontece de segunda a sexta-feira, das 18h \u00e0s 21h, na Est\u00e1cio Ribeir\u00e3o Preto, localizada na rua Abrah\u00e3o Issa Halach, 980, no bairro Ribeir\u00e2nia. <mark style=\"background-color:#fcb900\" class=\"has-inline-color\">Para participar os interessados devem realizar o agendamento pr\u00e9vio pelo e-mail alessandra.santana@estacio.br ou pelo WhatsApp (16) 99238-1414.<\/mark><\/p>\n<hr class=\"wp-block-separator has-alpha-channel-opacity\"\/>\n<p>SAIBA MAIS<\/p>\n<p>Sebrae-SP abre 264 vagas para empresas de Ribeir\u00e3o Preto e regi\u00e3o no Brasil Mais Produtivo<\/p>\n<h2 class=\"wp-block-heading\"><strong>FIQUE ON<\/strong><\/h2>\n<p>Fique ligado em tudo que acontece em Ribeir\u00e3o Preto e regi\u00e3o. Siga os perfis do\u00a0<strong>acidade on<\/strong>\u00a0no<a href=\"https:\/\/www.instagram.com\/acidadeonribeirao\" target=\"_blank\" rel=\"noreferrer noopener\">\u00a0Instagram<\/a>\u00a0e no<a href=\"https:\/\/www.facebook.com\/acidadeonribeirao\/\" target=\"_blank\" rel=\"noreferrer noopener\">\u00a0Facebook<\/a>.<\/p>\n<p>Receba not\u00edcias do<strong>\u00a0acidade on\u00a0<\/strong>no WhatsApp. Para entrar no grupo,\u00a0basta\u00a0<a href=\"https:\/\/chat.whatsapp.com\/GFH9HUMUTHNFJdnyEd0xxq\" target=\"_blank\" rel=\"noreferrer noopener\">clicar aqui<\/a>. Ou, acesse o nosso\u00a0Canal<a href=\"https:\/\/whatsapp.com\/channel\/0029Vb6IQl1JENyAeS57fk2p\" target=\"_blank\" rel=\"noreferrer noopener\">\u00a0clicando aqui<\/a>.<\/p>\n<p>Fa\u00e7a uma den\u00fancia ou sugira uma reportagem sobre Ribeir\u00e3o Preto e regi\u00e3o pelo WhatsApp: 16 99117 7802.<\/p>\n<p>VEJA TAMB\u00c9M<\/p>\n<p>ET de Varginha ganha document\u00e1rio; veja onde assistir<\/p>\n<p><!-- AI CONTENT END 1 -->\n<\/div>\n<p><script async src=\"\/\/www.instagram.com\/embed.js\"><\/script><br \/>\n<br \/><br \/>\n<br \/><a href=\"https:\/\/www.acidadeon.com\/ribeiraopreto\/economia\/ampliacao-da-isencao-do-imposto-de-renda-nao-muda-regras-da-declaracao-deste-ano-entenda\/\">Source link <\/a><\/p>\n<!-- CONTENT END 1 -->\n","protected":false},"excerpt":{"rendered":"<p>A amplia\u00e7\u00e3o da faixa de isen\u00e7\u00e3o do Imposto de Renda para quem recebe at\u00e9 R$ 5 mil por m\u00eas come\u00e7a a valer em 2026, no&#8230;<\/p>\n","protected":false},"author":1,"featured_media":81466,"comment_status":"open","ping_status":"open","sticky":false,"template":"","format":"standard","meta":{"advanced_seo_description":"","jetpack_seo_html_title":"","jetpack_seo_noindex":false,"jetpack_post_was_ever_published":false,"_jetpack_newsletter_access":"","_jetpack_dont_email_post_to_subs":false,"_jetpack_newsletter_tier_id":0,"_jetpack_memberships_contains_paywalled_content":false,"_jetpack_memberships_contains_paid_content":false,"footnotes":"","jetpack_publicize_message":"","jetpack_publicize_feature_enabled":true,"jetpack_social_post_already_shared":true,"jetpack_social_options":{"image_generator_settings":{"template":"highway","default_image_id":0,"font":"","enabled":false},"version":2}},"categories":[11],"tags":[],"class_list":["post-81465","post","type-post","status-publish","format-standard","has-post-thumbnail","hentry","category-noticias-de-ribeirao-preto-sp-e-regiao-ismael-colosi"],"jetpack_publicize_connections":[],"jetpack_featured_media_url":"https:\/\/i0.wp.com\/noticiasribeiraopreto.com.br\/wp-content\/uploads\/2026\/01\/mg_7893.webp.webp?fit=1170%2C700&ssl=1","jetpack-related-posts":[{"id":83302,"url":"https:\/\/noticiasribeiraopreto.com.br\/index.php\/2026\/03\/15\/declaracao-do-imposto-de-renda-2026-vai-comecar-saiba-quem-precisa-declarar-e-como-se-organizar\/","url_meta":{"origin":81465,"position":0},"title":"Declara\u00e7\u00e3o do Imposto de Renda 2026 vai come\u00e7ar: saiba quem precisa declarar e como se organizar","author":"noticiasribeiraopreto.com.br","date":"15 de March de 2026","format":false,"excerpt":"A Receita Federal divulga nesta segunda-feira (16) as regras para a declara\u00e7\u00e3o do Imposto de Renda Pessoa F\u00edsica (IRPF) 2026. Apesar de o calend\u00e1rio oficial ainda n\u00e3o ter sido divulgado, a expectativa \u00e9 de que o prazo para entregar a declara\u00e7\u00e3o comece em 16 de maio e v\u00e1 at\u00e9 29\u2026","rel":"","context":"In &quot;Not\u00edcias de Ribeir\u00e3o Preto-SP e Regi\u00e3o&quot;","block_context":{"text":"Not\u00edcias de Ribeir\u00e3o Preto-SP e Regi\u00e3o","link":"https:\/\/noticiasribeiraopreto.com.br\/index.php\/category\/noticias-de-ribeirao-preto-sp-e-regiao-ismael-colosi\/"},"img":{"alt_text":"","src":"https:\/\/i0.wp.com\/noticiasribeiraopreto.com.br\/wp-content\/uploads\/2026\/01\/mg_7893.webp.webp?fit=1170%2C700&ssl=1&resize=350%2C200","width":350,"height":200,"srcset":"https:\/\/i0.wp.com\/noticiasribeiraopreto.com.br\/wp-content\/uploads\/2026\/01\/mg_7893.webp.webp?fit=1170%2C700&ssl=1&resize=350%2C200 1x, https:\/\/i0.wp.com\/noticiasribeiraopreto.com.br\/wp-content\/uploads\/2026\/01\/mg_7893.webp.webp?fit=1170%2C700&ssl=1&resize=525%2C300 1.5x, https:\/\/i0.wp.com\/noticiasribeiraopreto.com.br\/wp-content\/uploads\/2026\/01\/mg_7893.webp.webp?fit=1170%2C700&ssl=1&resize=700%2C400 2x, https:\/\/i0.wp.com\/noticiasribeiraopreto.com.br\/wp-content\/uploads\/2026\/01\/mg_7893.webp.webp?fit=1170%2C700&ssl=1&resize=1050%2C600 3x"},"classes":[]},{"id":79686,"url":"https:\/\/noticiasribeiraopreto.com.br\/index.php\/2025\/11\/05\/isencao-do-ir-para-salarios-de-ate-r-5-mil-e-aprovada-no-senado\/","url_meta":{"origin":81465,"position":1},"title":"Isen\u00e7\u00e3o do IR para sal\u00e1rios de at\u00e9 R$ 5 mil \u00e9 aprovada no Senado","author":"noticiasribeiraopreto.com.br","date":"5 de November de 2025","format":false,"excerpt":"O Senado aprovou nesta quarta-feira (5) o projeto que amplia a faixa de isen\u00e7\u00e3o do Imposto de Renda para pessoas f\u00edsicas. O texto permite que quem recebe at\u00e9 R$ 5 mil mensais fique isento do pagamento do imposto. A proposta recebeu aprova\u00e7\u00e3o un\u00e2nime dos senadores e segue para san\u00e7\u00e3o do\u2026","rel":"","context":"In &quot;Not\u00edcias de Ribeir\u00e3o Preto-SP e Regi\u00e3o&quot;","block_context":{"text":"Not\u00edcias de Ribeir\u00e3o Preto-SP e Regi\u00e3o","link":"https:\/\/noticiasribeiraopreto.com.br\/index.php\/category\/noticias-de-ribeirao-preto-sp-e-regiao-ismael-colosi\/"},"img":{"alt_text":"","src":"https:\/\/i0.wp.com\/noticiasribeiraopreto.com.br\/wp-content\/uploads\/2025\/07\/dinheiro-fgts_2025-07-25_13-27-21.webp.webp?fit=1170%2C700&ssl=1&resize=350%2C200","width":350,"height":200,"srcset":"https:\/\/i0.wp.com\/noticiasribeiraopreto.com.br\/wp-content\/uploads\/2025\/07\/dinheiro-fgts_2025-07-25_13-27-21.webp.webp?fit=1170%2C700&ssl=1&resize=350%2C200 1x, https:\/\/i0.wp.com\/noticiasribeiraopreto.com.br\/wp-content\/uploads\/2025\/07\/dinheiro-fgts_2025-07-25_13-27-21.webp.webp?fit=1170%2C700&ssl=1&resize=525%2C300 1.5x, https:\/\/i0.wp.com\/noticiasribeiraopreto.com.br\/wp-content\/uploads\/2025\/07\/dinheiro-fgts_2025-07-25_13-27-21.webp.webp?fit=1170%2C700&ssl=1&resize=700%2C400 2x, https:\/\/i0.wp.com\/noticiasribeiraopreto.com.br\/wp-content\/uploads\/2025\/07\/dinheiro-fgts_2025-07-25_13-27-21.webp.webp?fit=1170%2C700&ssl=1&resize=1050%2C600 3x"},"classes":[]},{"id":37413,"url":"https:\/\/noticiasribeiraopreto.com.br\/index.php\/2024\/02\/15\/declaracao-do-ir-comeca-em-um-mes\/","url_meta":{"origin":81465,"position":2},"title":"Declara\u00e7\u00e3o do IR come\u00e7a em um m\u00eas\u00a0","author":"noticiasribeiraopreto.com.br","date":"15 de February de 2024","format":false,"excerpt":"A Receita Federal do Brasil vai abrir daqui a um m\u00eas, em 15 de mar\u00e7o, o per\u00edodo de entrega das declara\u00e7\u00f5es do Imposto de Renda de Pessoa F\u00edsica 2024 (IRPF \u2013 ano-base 2023). O prazo para pagamento sem multa terminar\u00e1 \u00e0s 23h59 de 31 de maio.Segundo dados do painel da\u2026","rel":"","context":"In &quot;Not\u00edcias de Ribeir\u00e3o Preto-SP e Regi\u00e3o&quot;","block_context":{"text":"Not\u00edcias de Ribeir\u00e3o Preto-SP e Regi\u00e3o","link":"https:\/\/noticiasribeiraopreto.com.br\/index.php\/category\/noticias-de-ribeirao-preto-sp-e-regiao-ismael-colosi\/"},"img":{"alt_text":"","src":"https:\/\/i0.wp.com\/noticiasribeiraopreto.com.br\/wp-content\/uploads\/2024\/02\/LeaoIR-Marcello-Casal-Jr.-Ag.Br_-scaled.jpg?fit=967%2C645&ssl=1&resize=350%2C200","width":350,"height":200,"srcset":"https:\/\/i0.wp.com\/noticiasribeiraopreto.com.br\/wp-content\/uploads\/2024\/02\/LeaoIR-Marcello-Casal-Jr.-Ag.Br_-scaled.jpg?fit=967%2C645&ssl=1&resize=350%2C200 1x, https:\/\/i0.wp.com\/noticiasribeiraopreto.com.br\/wp-content\/uploads\/2024\/02\/LeaoIR-Marcello-Casal-Jr.-Ag.Br_-scaled.jpg?fit=967%2C645&ssl=1&resize=525%2C300 1.5x, https:\/\/i0.wp.com\/noticiasribeiraopreto.com.br\/wp-content\/uploads\/2024\/02\/LeaoIR-Marcello-Casal-Jr.-Ag.Br_-scaled.jpg?fit=967%2C645&ssl=1&resize=700%2C400 2x"},"classes":[]},{"id":78106,"url":"https:\/\/noticiasribeiraopreto.com.br\/index.php\/2025\/10\/02\/isencao-de-imposto-de-renda-ate-r-5-mil-e-taxacao-dos-mais-ricos-veja-o-que-muda\/","url_meta":{"origin":81465,"position":3},"title":"Isen\u00e7\u00e3o de Imposto de Renda at\u00e9 R$ 5 mil e taxa\u00e7\u00e3o dos mais ricos: veja o que muda","author":"noticiasribeiraopreto.com.br","date":"2 de October de 2025","format":false,"excerpt":"A C\u00e2mara dos Deputados aprovou na noite de quarta-feira (1\u00ba de outubro), de forma un\u00e2nime, o projeto que amplia a isen\u00e7\u00e3o do Imposto de Renda para quem ganha at\u00e9 R$ 5 mil mensais. A proposta tamb\u00e9m estabelece como compensa\u00e7\u00e3o a cria\u00e7\u00e3o de um imposto m\u00ednimo de at\u00e9 10% sobre a\u2026","rel":"","context":"In &quot;Not\u00edcias de Ribeir\u00e3o Preto-SP e Regi\u00e3o&quot;","block_context":{"text":"Not\u00edcias de Ribeir\u00e3o Preto-SP e Regi\u00e3o","link":"https:\/\/noticiasribeiraopreto.com.br\/index.php\/category\/noticias-de-ribeirao-preto-sp-e-regiao-ismael-colosi\/"},"img":{"alt_text":"","src":"https:\/\/i0.wp.com\/noticiasribeiraopreto.com.br\/wp-content\/uploads\/2025\/10\/imposto-de-renda_2025-10-02_12-47-55.webp.webp?fit=1200%2C800&ssl=1&resize=350%2C200","width":350,"height":200,"srcset":"https:\/\/i0.wp.com\/noticiasribeiraopreto.com.br\/wp-content\/uploads\/2025\/10\/imposto-de-renda_2025-10-02_12-47-55.webp.webp?fit=1200%2C800&ssl=1&resize=350%2C200 1x, https:\/\/i0.wp.com\/noticiasribeiraopreto.com.br\/wp-content\/uploads\/2025\/10\/imposto-de-renda_2025-10-02_12-47-55.webp.webp?fit=1200%2C800&ssl=1&resize=525%2C300 1.5x, https:\/\/i0.wp.com\/noticiasribeiraopreto.com.br\/wp-content\/uploads\/2025\/10\/imposto-de-renda_2025-10-02_12-47-55.webp.webp?fit=1200%2C800&ssl=1&resize=700%2C400 2x, https:\/\/i0.wp.com\/noticiasribeiraopreto.com.br\/wp-content\/uploads\/2025\/10\/imposto-de-renda_2025-10-02_12-47-55.webp.webp?fit=1200%2C800&ssl=1&resize=1050%2C600 3x"},"classes":[]},{"id":42543,"url":"https:\/\/noticiasribeiraopreto.com.br\/index.php\/2024\/03\/15\/receita-comeca-a-receber-o-ir\/","url_meta":{"origin":81465,"position":4},"title":"Receita come\u00e7a\u00a0a receber o IR \u00a0","author":"noticiasribeiraopreto.com.br","date":"15 de March de 2024","format":false,"excerpt":"15 de mar\u00e7o de 2024 | 9:0014 de mar\u00e7o de 2024 | 20:09 0A Receita Federal abre nesta sexta-feira, 15 de mar\u00e7o, a partir das oito horas, o prazo para entrega da declara\u00e7\u00e3o de Imposto de Renda Pessoa F\u00edsica de 2024 (ano-base 2023). O contribuinte tem at\u00e9 as 23h59min59s de\u2026","rel":"","context":"In &quot;Not\u00edcias de Ribeir\u00e3o Preto-SP e Regi\u00e3o&quot;","block_context":{"text":"Not\u00edcias de Ribeir\u00e3o Preto-SP e Regi\u00e3o","link":"https:\/\/noticiasribeiraopreto.com.br\/index.php\/category\/noticias-de-ribeirao-preto-sp-e-regiao-ismael-colosi\/"},"img":{"alt_text":"","src":"https:\/\/i0.wp.com\/noticiasribeiraopreto.com.br\/wp-content\/uploads\/2024\/03\/LeaoIR-Joedson-Alves-Ag.Br_-scaled.jpg?fit=1000%2C598&ssl=1&resize=350%2C200","width":350,"height":200,"srcset":"https:\/\/i0.wp.com\/noticiasribeiraopreto.com.br\/wp-content\/uploads\/2024\/03\/LeaoIR-Joedson-Alves-Ag.Br_-scaled.jpg?fit=1000%2C598&ssl=1&resize=350%2C200 1x, https:\/\/i0.wp.com\/noticiasribeiraopreto.com.br\/wp-content\/uploads\/2024\/03\/LeaoIR-Joedson-Alves-Ag.Br_-scaled.jpg?fit=1000%2C598&ssl=1&resize=525%2C300 1.5x, https:\/\/i0.wp.com\/noticiasribeiraopreto.com.br\/wp-content\/uploads\/2024\/03\/LeaoIR-Joedson-Alves-Ag.Br_-scaled.jpg?fit=1000%2C598&ssl=1&resize=700%2C400 2x"},"classes":[]},{"id":20561,"url":"https:\/\/noticiasribeiraopreto.com.br\/index.php\/2023\/12\/25\/imposto-de-renda-2024-quando-vai-iniciar-o-periodo-para-declaracao\/","url_meta":{"origin":81465,"position":5},"title":"Imposto de Renda 2024: Quando vai iniciar o per\u00edodo para declara\u00e7\u00e3o?","author":"noticiasribeiraopreto.com.br","date":"25 de December de 2023","format":false,"excerpt":"O Imposto de Renda para o ano de 2024 est\u00e1 pr\u00f3ximo, marcando mais um per\u00edodo de declara\u00e7\u00e3o fiscal. Ficar atento \u00e9 crucial para n\u00e3o perder os prazos importantes junto \u00e0 Receita Federal. Atualmente, nessa declara\u00e7\u00e3o anual \u00e0 Receita Federal, s\u00e3o minuciosamente descritos os rendimentos do ano anterior, abarcando sal\u00e1rios, alugu\u00e9is,\u2026","rel":"","context":"In &quot;Vagas de Emprego em Ribeir\u00e3o Preto-SP&quot;","block_context":{"text":"Vagas de Emprego em Ribeir\u00e3o Preto-SP","link":"https:\/\/noticiasribeiraopreto.com.br\/index.php\/category\/empregos-classificados-vagas-trabalho\/vagas-de-empregos-em-ribeirao-preto-regiao-brasil\/"},"img":{"alt_text":"","src":"","width":0,"height":0},"classes":[]}],"jetpack_sharing_enabled":true,"jetpack_shortlink":"https:\/\/wp.me\/peQAOb-lbX","_links":{"self":[{"href":"https:\/\/noticiasribeiraopreto.com.br\/index.php\/wp-json\/wp\/v2\/posts\/81465","targetHints":{"allow":["GET"]}}],"collection":[{"href":"https:\/\/noticiasribeiraopreto.com.br\/index.php\/wp-json\/wp\/v2\/posts"}],"about":[{"href":"https:\/\/noticiasribeiraopreto.com.br\/index.php\/wp-json\/wp\/v2\/types\/post"}],"author":[{"embeddable":true,"href":"https:\/\/noticiasribeiraopreto.com.br\/index.php\/wp-json\/wp\/v2\/users\/1"}],"replies":[{"embeddable":true,"href":"https:\/\/noticiasribeiraopreto.com.br\/index.php\/wp-json\/wp\/v2\/comments?post=81465"}],"version-history":[{"count":0,"href":"https:\/\/noticiasribeiraopreto.com.br\/index.php\/wp-json\/wp\/v2\/posts\/81465\/revisions"}],"wp:featuredmedia":[{"embeddable":true,"href":"https:\/\/noticiasribeiraopreto.com.br\/index.php\/wp-json\/wp\/v2\/media\/81466"}],"wp:attachment":[{"href":"https:\/\/noticiasribeiraopreto.com.br\/index.php\/wp-json\/wp\/v2\/media?parent=81465"}],"wp:term":[{"taxonomy":"category","embeddable":true,"href":"https:\/\/noticiasribeiraopreto.com.br\/index.php\/wp-json\/wp\/v2\/categories?post=81465"},{"taxonomy":"post_tag","embeddable":true,"href":"https:\/\/noticiasribeiraopreto.com.br\/index.php\/wp-json\/wp\/v2\/tags?post=81465"}],"curies":[{"name":"wp","href":"https:\/\/api.w.org\/{rel}","templated":true}]}}