{"id":81467,"date":"2026-01-07T07:37:15","date_gmt":"2026-01-07T10:37:15","guid":{"rendered":"https:\/\/noticiasribeiraopreto.com.br\/index.php\/2026\/01\/07\/evento-de-pre-carnaval-traz-banda-eva-para-ribeirao-preto-veja-quando\/"},"modified":"2026-01-07T07:37:15","modified_gmt":"2026-01-07T10:37:15","slug":"evento-de-pre-carnaval-traz-banda-eva-para-ribeirao-preto-veja-quando","status":"publish","type":"post","link":"https:\/\/noticiasribeiraopreto.com.br\/index.php\/2026\/01\/07\/evento-de-pre-carnaval-traz-banda-eva-para-ribeirao-preto-veja-quando\/","title":{"rendered":"Evento de pr\u00e9-carnaval traz Banda Eva para Ribeir\u00e3o Preto; veja quando"},"content":{"rendered":"<div class='code-block code-block-1' style='margin: 8px 0 8px auto; text-align: right; display: block; clear: both;'>\n<p><a href=\"https:\/\/wa.link\/vpicfd\"><img data-recalc-dims=\"1\" class=\"wp-image-4922\" style=\"aspect-ratio: 2.0253164556962027; width: 561px; height: auto;\" src=\"https:\/\/i0.wp.com\/ismaelcolosi.com.br\/wp-content\/uploads\/2023\/11\/grupo-de-empregos-whatsapp-e-facebook-ismael-colosi-vagas.jpg?ssl=1\" alt=\"\" \/><\/a><\/p>\n<!-- \/wp:image -->\n<\/div>\n<p> <br \/>\n<\/p>\n<div data-td-block-uid=\"tdi_95\">\n<div class=\"tdb-block-inner td-fix-index\">\n<p>Ribeir\u00e3o Preto recebe o CarnaTalk, evento de pr\u00e9-carnaval marcado para <strong>s\u00e1bado, 24 de janeiro<\/strong>. A programa\u00e7\u00e3o acontece das <strong>15h \u00e0s 22h<\/strong>, no <strong>estacionamento do Iguatemi<\/strong>, com show da <strong>Banda Eva<\/strong>.<\/p>\n<p>O evento integra a agenda de pr\u00e9-carnaval da cidade e re\u00fane p\u00fablico de Ribeir\u00e3o Preto e da regi\u00e3o. A Banda Eva apresenta repert\u00f3rio com m\u00fasicas conhecidas do ax\u00e9 como <em>\u2018Pequena Eva\u2019<\/em>, <em>\u2018Beleza Rara\u2019<\/em>, <em>\u2018Me Abra\u00e7a\u2019<\/em>, <em>\u2018Arer\u00ea\u2019<\/em>, entre outras. <\/p>\n<figure class=\"wp-block-gallery has-nested-images columns-default is-cropped wp-block-gallery-1 is-layout-flex wp-block-gallery-is-layout-flex\">\n<figure class=\"wp-block-image size-large\"><img data-recalc-dims=\"1\" fetchpriority=\"high\" decoding=\"async\" width=\"768\" height=\"1024\" data-id=\"141355\" src=\"https:\/\/i0.wp.com\/cdn.media-acidadeon.com.br\/ribeiraopreto\/wp-content\/uploads\/sites\/3\/2026\/01\/SnapInsta-Ai_3771687181841787619_2026-01-06_20-34-10-768x1024.webp?resize=768%2C1024&#038;ssl=1\" alt=\"banda eva&#10;\" class=\"wp-image-141355\" title=\"Evento de pr\u00e9-carnaval traz Banda Eva para Ribeir\u00e3o Preto; veja quando 1\" srcset=\"https:\/\/cdn.media-acidadeon.com.br\/ribeiraopreto\/wp-content\/uploads\/sites\/3\/2026\/01\/SnapInsta-Ai_3771687181841787619_2026-01-06_20-34-10-768x1024.webp 768w, https:\/\/cdn.media-acidadeon.com.br\/ribeiraopreto\/wp-content\/uploads\/sites\/3\/2026\/01\/SnapInsta-Ai_3771687181841787619_2026-01-06_20-34-10-225x300.webp 225w, https:\/\/cdn.media-acidadeon.com.br\/ribeiraopreto\/wp-content\/uploads\/sites\/3\/2026\/01\/SnapInsta-Ai_3771687181841787619_2026-01-06_20-34-10-696x928.webp 696w, https:\/\/cdn.media-acidadeon.com.br\/ribeiraopreto\/wp-content\/uploads\/sites\/3\/2026\/01\/SnapInsta-Ai_3771687181841787619_2026-01-06_20-34-10-1068x1424.webp 1068w, https:\/\/cdn.media-acidadeon.com.br\/ribeiraopreto\/wp-content\/uploads\/sites\/3\/2026\/01\/SnapInsta-Ai_3771687181841787619_2026-01-06_20-34-10.webp 1080w\" sizes=\"(max-width: 768px) 100vw, 768px\"\/><figcaption class=\"wp-element-caption\">Foto: Reprodu\u00e7\u00e3o\/ Instagram<\/figcaption><\/figure>\n<figure class=\"wp-block-image size-large\"><img data-recalc-dims=\"1\" loading=\"lazy\" decoding=\"async\" width=\"853\" height=\"569\" data-id=\"141354\" src=\"https:\/\/i0.wp.com\/cdn.media-acidadeon.com.br\/ribeiraopreto\/wp-content\/uploads\/sites\/3\/2026\/01\/SnapInsta-Ai_3770475272052080376_2026-01-06_20-34-08.webp?resize=853%2C569&#038;ssl=1\" alt=\"SnapInsta Ai 3770475272052080376 2026 01 06 20 34 08\" class=\"wp-image-141354\" title=\"Evento de pr\u00e9-carnaval traz Banda Eva para Ribeir\u00e3o Preto; veja quando 2\" srcset=\"https:\/\/cdn.media-acidadeon.com.br\/ribeiraopreto\/wp-content\/uploads\/sites\/3\/2026\/01\/SnapInsta-Ai_3770475272052080376_2026-01-06_20-34-08.webp 853w, https:\/\/cdn.media-acidadeon.com.br\/ribeiraopreto\/wp-content\/uploads\/sites\/3\/2026\/01\/SnapInsta-Ai_3770475272052080376_2026-01-06_20-34-08-300x200.webp 300w, https:\/\/cdn.media-acidadeon.com.br\/ribeiraopreto\/wp-content\/uploads\/sites\/3\/2026\/01\/SnapInsta-Ai_3770475272052080376_2026-01-06_20-34-08-768x512.webp 768w, https:\/\/cdn.media-acidadeon.com.br\/ribeiraopreto\/wp-content\/uploads\/sites\/3\/2026\/01\/SnapInsta-Ai_3770475272052080376_2026-01-06_20-34-08-696x464.webp 696w\" sizes=\"auto, (max-width: 853px) 100vw, 853px\"\/><figcaption class=\"wp-element-caption\">Foto: Reprodu\u00e7\u00e3o\/ Instagram<\/figcaption><\/figure>\n<\/figure>\n<p>Os ingressos do primeiro lote j\u00e1 est\u00e3o dispon\u00edveis no site \u2013 <a href=\"https:\/\/zig.tickets\/eventos\/carnatalk-2026\/ingressos\" data-type=\"link\" data-id=\"https:\/\/zig.tickets\/eventos\/carnatalk-2026\/ingressos\" target=\"_blank\" rel=\"noopener\">clique aqui<\/a>. <\/p>\n<p>A <strong>inteira<\/strong> custa <strong>R$ 200<\/strong>, com taxa de <strong>R$ 16<\/strong>. A <strong>meia-entrada<\/strong> sai por <strong>R$ 100<\/strong>, com taxa de <strong>R$ 8<\/strong>. O ingresso <strong>solid\u00e1rio<\/strong> custa <strong>R$ 110<\/strong>, com taxa de <strong>R$ 8,80<\/strong>.<\/p>\n<hr class=\"wp-block-separator has-alpha-channel-opacity\"\/>\n<p>SAIBA MAIS<br \/>Quando ser\u00e1 o pr\u00f3ximo sorteio da Mega-Sena? Confira o pr\u00eamio estimado<\/p>\n<h2 class=\"wp-block-heading\"><strong>FIQUE ON<\/strong><\/h2>\n<p>Fique ligado em tudo que acontece em Ribeir\u00e3o Preto e regi\u00e3o. Siga os perfis do\u00a0<strong>acidade on<\/strong>\u00a0no<a href=\"https:\/\/www.instagram.com\/acidadeonribeirao\" target=\"_blank\" rel=\"noreferrer noopener\">\u00a0Instagram<\/a>\u00a0e no<a href=\"https:\/\/www.facebook.com\/acidadeonribeirao\/\" target=\"_blank\" rel=\"noreferrer noopener\">\u00a0Facebook<\/a>.<\/p>\n<p>Receba not\u00edcias do<strong>\u00a0acidade on\u00a0<\/strong>no WhatsApp. Para entrar no grupo,\u00a0basta\u00a0<a href=\"https:\/\/chat.whatsapp.com\/GFH9HUMUTHNFJdnyEd0xxq\" target=\"_blank\" rel=\"noreferrer noopener\">clicar aqui<\/a>. Ou, acesse o nosso\u00a0Canal<a href=\"https:\/\/whatsapp.com\/channel\/0029Vb6IQl1JENyAeS57fk2p\" target=\"_blank\" rel=\"noreferrer noopener\">\u00a0clicando aqui<\/a>.<\/p>\n<p>Fa\u00e7a uma den\u00fancia ou sugira uma reportagem sobre Ribeir\u00e3o Preto e regi\u00e3o pelo WhatsApp: 16 99117 7802.<\/p>\n<p>VEJA TAMB\u00c9M<br \/>O erro que ningu\u00e9m v\u00ea no p\u00f3s-evento e as 5 a\u00e7\u00f5es que realmente definem quem cresce<\/p>\n<p><!-- AI CONTENT END 1 -->\n<\/div>\n<\/div>\n<p><script async src=\"\/\/www.instagram.com\/embed.js\"><\/script><br \/>\n<br \/><br \/>\n<br \/><a href=\"https:\/\/www.acidadeon.com\/ribeiraopreto\/lazer-e-cultura\/evento-de-pre-carnaval-traz-banda-eva-para-ribeirao-preto-veja-quando\/\">Source link <\/a><\/p>\n<!-- CONTENT END 1 -->\n","protected":false},"excerpt":{"rendered":"<p>Ribeir\u00e3o Preto recebe o CarnaTalk, evento de pr\u00e9-carnaval marcado para s\u00e1bado, 24 de janeiro. A programa\u00e7\u00e3o acontece das 15h \u00e0s 22h, no estacionamento do Iguatemi,&#8230;<\/p>\n","protected":false},"author":1,"featured_media":81468,"comment_status":"open","ping_status":"open","sticky":false,"template":"","format":"standard","meta":{"advanced_seo_description":"","jetpack_seo_html_title":"","jetpack_seo_noindex":false,"jetpack_post_was_ever_published":false,"_jetpack_newsletter_access":"","_jetpack_dont_email_post_to_subs":false,"_jetpack_newsletter_tier_id":0,"_jetpack_memberships_contains_paywalled_content":false,"_jetpack_memberships_contains_paid_content":false,"footnotes":"","jetpack_publicize_message":"","jetpack_publicize_feature_enabled":true,"jetpack_social_post_already_shared":true,"jetpack_social_options":{"image_generator_settings":{"template":"highway","default_image_id":0,"font":"","enabled":false},"version":2}},"categories":[11],"tags":[],"class_list":["post-81467","post","type-post","status-publish","format-standard","has-post-thumbnail","hentry","category-noticias-de-ribeirao-preto-sp-e-regiao-ismael-colosi"],"jetpack_publicize_connections":[],"jetpack_featured_media_url":"https:\/\/i0.wp.com\/noticiasribeiraopreto.com.br\/wp-content\/uploads\/2026\/01\/SnapInsta-Ai_3770475273016743974_2026-01-06_20-35-44.webp.webp?fit=853%2C569&ssl=1","jetpack-related-posts":[{"id":84917,"url":"https:\/\/noticiasribeiraopreto.com.br\/index.php\/2026\/04\/17\/carnaval-fora-de-epoca-de-ribeirao-preto-confirma-primeira-atracao\/","url_meta":{"origin":81467,"position":0},"title":"Carnaval fora de \u00e9poca de Ribeir\u00e3o Preto confirma primeira atra\u00e7\u00e3o","author":"noticiasribeiraopreto.com.br","date":"17 de April de 2026","format":false,"excerpt":"Ler o resumo da not\u00edcia RP Folia, carnaval fora de \u00e9poca de Ribeir\u00e3o Preto, confirmou a Banda Eva como primeira atra\u00e7\u00e3o da edi\u00e7\u00e3o 2026. O show da Banda Eva ser\u00e1 realizado em 26 de setembro no Est\u00e1dio Palma Travasso. Trata\u2011se da terceira participa\u00e7\u00e3o da banda, que tem mais de 45\u2026","rel":"","context":"In &quot;Not\u00edcias de Ribeir\u00e3o Preto-SP e Regi\u00e3o&quot;","block_context":{"text":"Not\u00edcias de Ribeir\u00e3o Preto-SP e Regi\u00e3o","link":"https:\/\/noticiasribeiraopreto.com.br\/index.php\/category\/noticias-de-ribeirao-preto-sp-e-regiao-ismael-colosi\/"},"img":{"alt_text":"","src":"https:\/\/i0.wp.com\/noticiasribeiraopreto.com.br\/wp-content\/uploads\/2026\/04\/27bba3c8c2589b602ba20a2c95977b0c_2026-04-17_20-01-51.webp.webp?fit=1200%2C800&ssl=1&resize=350%2C200","width":350,"height":200,"srcset":"https:\/\/i0.wp.com\/noticiasribeiraopreto.com.br\/wp-content\/uploads\/2026\/04\/27bba3c8c2589b602ba20a2c95977b0c_2026-04-17_20-01-51.webp.webp?fit=1200%2C800&ssl=1&resize=350%2C200 1x, https:\/\/i0.wp.com\/noticiasribeiraopreto.com.br\/wp-content\/uploads\/2026\/04\/27bba3c8c2589b602ba20a2c95977b0c_2026-04-17_20-01-51.webp.webp?fit=1200%2C800&ssl=1&resize=525%2C300 1.5x, https:\/\/i0.wp.com\/noticiasribeiraopreto.com.br\/wp-content\/uploads\/2026\/04\/27bba3c8c2589b602ba20a2c95977b0c_2026-04-17_20-01-51.webp.webp?fit=1200%2C800&ssl=1&resize=700%2C400 2x, https:\/\/i0.wp.com\/noticiasribeiraopreto.com.br\/wp-content\/uploads\/2026\/04\/27bba3c8c2589b602ba20a2c95977b0c_2026-04-17_20-01-51.webp.webp?fit=1200%2C800&ssl=1&resize=1050%2C600 3x"},"classes":[]},{"id":65981,"url":"https:\/\/noticiasribeiraopreto.com.br\/index.php\/2025\/03\/26\/banda-eva-e-atracao-confirmada-em-micareta-de-ribeirao-preto\/","url_meta":{"origin":81467,"position":1},"title":"Banda Eva \u00e9 atra\u00e7\u00e3o confirmada em micareta de Ribeir\u00e3o Preto","author":"noticiasribeiraopreto.com.br","date":"26 de March de 2025","format":false,"excerpt":"A organiza\u00e7\u00e3o do RP Folia anunciou nesta ter\u00e7a-feira (26) a Banda Eva como uma das atra\u00e7\u00f5es do evento. A micareta fora de \u00e9poca acontece no dia 27 de setembro, em Ribeir\u00e3o Preto. Com quase 45 anos de hist\u00f3ria, a Banda Eva, que tamb\u00e9m foi atra\u00e7\u00e3o da primeira edi\u00e7\u00e3o do RP\u2026","rel":"","context":"In &quot;Not\u00edcias de Ribeir\u00e3o Preto-SP e Regi\u00e3o&quot;","block_context":{"text":"Not\u00edcias de Ribeir\u00e3o Preto-SP e Regi\u00e3o","link":"https:\/\/noticiasribeiraopreto.com.br\/index.php\/category\/noticias-de-ribeirao-preto-sp-e-regiao-ismael-colosi\/"},"img":{"alt_text":"","src":"https:\/\/i0.wp.com\/noticiasribeiraopreto.com.br\/wp-content\/uploads\/2025\/03\/Copia-de-Copia-de-Copia-de-TAMANHO-EXATO-PARA-FOTOS-NO-SISTEMA-NOVO-35_2025-03-26_15-08-49_jpg_2025-03-26_15-08-50.webp.webp?fit=1200%2C675&ssl=1&resize=350%2C200","width":350,"height":200,"srcset":"https:\/\/i0.wp.com\/noticiasribeiraopreto.com.br\/wp-content\/uploads\/2025\/03\/Copia-de-Copia-de-Copia-de-TAMANHO-EXATO-PARA-FOTOS-NO-SISTEMA-NOVO-35_2025-03-26_15-08-49_jpg_2025-03-26_15-08-50.webp.webp?fit=1200%2C675&ssl=1&resize=350%2C200 1x, https:\/\/i0.wp.com\/noticiasribeiraopreto.com.br\/wp-content\/uploads\/2025\/03\/Copia-de-Copia-de-Copia-de-TAMANHO-EXATO-PARA-FOTOS-NO-SISTEMA-NOVO-35_2025-03-26_15-08-49_jpg_2025-03-26_15-08-50.webp.webp?fit=1200%2C675&ssl=1&resize=525%2C300 1.5x, https:\/\/i0.wp.com\/noticiasribeiraopreto.com.br\/wp-content\/uploads\/2025\/03\/Copia-de-Copia-de-Copia-de-TAMANHO-EXATO-PARA-FOTOS-NO-SISTEMA-NOVO-35_2025-03-26_15-08-49_jpg_2025-03-26_15-08-50.webp.webp?fit=1200%2C675&ssl=1&resize=700%2C400 2x, https:\/\/i0.wp.com\/noticiasribeiraopreto.com.br\/wp-content\/uploads\/2025\/03\/Copia-de-Copia-de-Copia-de-TAMANHO-EXATO-PARA-FOTOS-NO-SISTEMA-NOVO-35_2025-03-26_15-08-49_jpg_2025-03-26_15-08-50.webp.webp?fit=1200%2C675&ssl=1&resize=1050%2C600 3x"},"classes":[]},{"id":34609,"url":"https:\/\/noticiasribeiraopreto.com.br\/index.php\/2024\/02\/02\/ribeirao-preto-tem-opcao-de-carnaval-de-rua-com-rock\/","url_meta":{"origin":81467,"position":2},"title":"Ribeir\u00e3o Preto tem op\u00e7\u00e3o de carnaval de rua com rock","author":"noticiasribeiraopreto.com.br","date":"2 de February de 2024","format":false,"excerpt":"Para quem \u00e9 adepto ao rock como estilo musical, mas quer aproveitar o carnaval, a op\u00e7\u00e3o em Ribeir\u00e3o Preto \u00e9 o CarnaRock. O evento passou a fazer parte do calend\u00e1rio cultural da cidade este ano. O CarnaRock acontece no dia 11 de fevereiro, das 12h \u00e0s 22h, na rua Marcos\u2026","rel":"","context":"In &quot;Not\u00edcias de Ribeir\u00e3o Preto-SP e Regi\u00e3o&quot;","block_context":{"text":"Not\u00edcias de Ribeir\u00e3o Preto-SP e Regi\u00e3o","link":"https:\/\/noticiasribeiraopreto.com.br\/index.php\/category\/noticias-de-ribeirao-preto-sp-e-regiao-ismael-colosi\/"},"img":{"alt_text":"","src":"https:\/\/i0.wp.com\/noticiasribeiraopreto.com.br\/wp-content\/uploads\/2024\/02\/Capturar-1.jpg?fit=375%2C439&ssl=1&resize=350%2C200","width":350,"height":200},"classes":[]},{"id":34482,"url":"https:\/\/noticiasribeiraopreto.com.br\/index.php\/2024\/02\/02\/pre-carnaval-agita-o-fim-de-semana-em-ribeirao-preto-confira-os-eventos\/","url_meta":{"origin":81467,"position":3},"title":"Pr\u00e9-carnaval agita o fim de semana em Ribeir\u00e3o Preto; Confira os eventos","author":"noticiasribeiraopreto.com.br","date":"2 de February de 2024","format":false,"excerpt":"O fim de semana est\u00e1 repleto de eventos de pr\u00e9-carnaval em Ribeir\u00e3o Preto. S\u00e3o blocos, atividades tem\u00e1ticas, shows em bares e muito mais na programa\u00e7\u00e3o, que promete agitar a cidade antes do in\u00edcio oficial da maior festa popular do Brasil. Confira: Pr\u00e9-Carnaval Happy Hour do Ipanema Nesta sexta-feira (2), o\u2026","rel":"","context":"In &quot;Not\u00edcias de Ribeir\u00e3o Preto-SP e Regi\u00e3o&quot;","block_context":{"text":"Not\u00edcias de Ribeir\u00e3o Preto-SP e Regi\u00e3o","link":"https:\/\/noticiasribeiraopreto.com.br\/index.php\/category\/noticias-de-ribeirao-preto-sp-e-regiao-ismael-colosi\/"},"img":{"alt_text":"","src":"https:\/\/i0.wp.com\/noticiasribeiraopreto.com.br\/wp-content\/uploads\/2024\/02\/Copia-de-Copia-de-TAMANHO-EXATO-PARA-FOTOS-NO-SISTEMA-NOVO-1.jpg?fit=1200%2C675&ssl=1&resize=350%2C200","width":350,"height":200,"srcset":"https:\/\/i0.wp.com\/noticiasribeiraopreto.com.br\/wp-content\/uploads\/2024\/02\/Copia-de-Copia-de-TAMANHO-EXATO-PARA-FOTOS-NO-SISTEMA-NOVO-1.jpg?fit=1200%2C675&ssl=1&resize=350%2C200 1x, https:\/\/i0.wp.com\/noticiasribeiraopreto.com.br\/wp-content\/uploads\/2024\/02\/Copia-de-Copia-de-TAMANHO-EXATO-PARA-FOTOS-NO-SISTEMA-NOVO-1.jpg?fit=1200%2C675&ssl=1&resize=525%2C300 1.5x, https:\/\/i0.wp.com\/noticiasribeiraopreto.com.br\/wp-content\/uploads\/2024\/02\/Copia-de-Copia-de-TAMANHO-EXATO-PARA-FOTOS-NO-SISTEMA-NOVO-1.jpg?fit=1200%2C675&ssl=1&resize=700%2C400 2x, https:\/\/i0.wp.com\/noticiasribeiraopreto.com.br\/wp-content\/uploads\/2024\/02\/Copia-de-Copia-de-TAMANHO-EXATO-PARA-FOTOS-NO-SISTEMA-NOVO-1.jpg?fit=1200%2C675&ssl=1&resize=1050%2C600 3x"},"classes":[]},{"id":34250,"url":"https:\/\/noticiasribeiraopreto.com.br\/index.php\/2024\/02\/01\/atitude-67-e-atracao-de-carnaval-em-cidade-da-regiao-de-ribeirao-preto\/","url_meta":{"origin":81467,"position":4},"title":"Atitude 67 \u00e9 atra\u00e7\u00e3o de carnaval em cidade da regi\u00e3o de Ribeir\u00e3o Preto","author":"noticiasribeiraopreto.com.br","date":"1 de February de 2024","format":false,"excerpt":"A banda de pagode Atitude 67 que ficou conhecida pelos sucessos \u201cCerveja de Garrafa\u201d e \u201cSaideira\u201d est\u00e1 confirmada na programa\u00e7\u00e3o do CarnaFolia de Orl\u00e2ndia, a 57 quil\u00f4metros de Ribeir\u00e3o Preto. O show ser\u00e1 no dia 13 de fevereiro (veja a programa\u00e7\u00e3o abaixo). Outras bandas baianas de Ax\u00e9 tamb\u00e9m far\u00e3o parte\u2026","rel":"","context":"In &quot;Not\u00edcias de Ribeir\u00e3o Preto-SP e Regi\u00e3o&quot;","block_context":{"text":"Not\u00edcias de Ribeir\u00e3o Preto-SP e Regi\u00e3o","link":"https:\/\/noticiasribeiraopreto.com.br\/index.php\/category\/noticias-de-ribeirao-preto-sp-e-regiao-ismael-colosi\/"},"img":{"alt_text":"","src":"https:\/\/i0.wp.com\/noticiasribeiraopreto.com.br\/wp-content\/uploads\/2024\/02\/Capturar.jpg?fit=558%2C544&ssl=1&resize=350%2C200","width":350,"height":200,"srcset":"https:\/\/i0.wp.com\/noticiasribeiraopreto.com.br\/wp-content\/uploads\/2024\/02\/Capturar.jpg?fit=558%2C544&ssl=1&resize=350%2C200 1x, https:\/\/i0.wp.com\/noticiasribeiraopreto.com.br\/wp-content\/uploads\/2024\/02\/Capturar.jpg?fit=558%2C544&ssl=1&resize=525%2C300 1.5x"},"classes":[]},{"id":63586,"url":"https:\/\/noticiasribeiraopreto.com.br\/index.php\/2025\/02\/17\/baile-de-carnaval-em-ribeirao-preto-recebe-a-banda-samuca-e-a-selva\/","url_meta":{"origin":81467,"position":5},"title":"Baile de Carnaval em Ribeir\u00e3o Preto recebe a banda Samuca e a Selva","author":"noticiasribeiraopreto.com.br","date":"17 de February de 2025","format":false,"excerpt":"A banda Samuca e a Selva \u00e9 atra\u00e7\u00e3o confirmada no baile de pr\u00e9-carnaval no Armaz\u00e9m Baixada, no Centro de Ribeir\u00e3o Preto, que acontece neste s\u00e1bado (22), \u00e0s 22h. Os ingressos para o evento j\u00e1 est\u00e3o dispon\u00edveis \u2013 veja abaixo. O grupo apresentar\u00e1 as can\u00e7\u00f5es de seu mais recente lan\u00e7amento, o\u2026","rel":"","context":"In &quot;Not\u00edcias de Ribeir\u00e3o Preto-SP e Regi\u00e3o&quot;","block_context":{"text":"Not\u00edcias de Ribeir\u00e3o Preto-SP e Regi\u00e3o","link":"https:\/\/noticiasribeiraopreto.com.br\/index.php\/category\/noticias-de-ribeirao-preto-sp-e-regiao-ismael-colosi\/"},"img":{"alt_text":"","src":"https:\/\/i0.wp.com\/noticiasribeiraopreto.com.br\/wp-content\/uploads\/2025\/02\/SamucaeaSelva_Divulgacao%40brunnokawagoe_2025-02-17_11-48-47_jpg_2025-02-17_11-48-47.webp.webp?fit=1200%2C800&ssl=1&resize=350%2C200","width":350,"height":200,"srcset":"https:\/\/i0.wp.com\/noticiasribeiraopreto.com.br\/wp-content\/uploads\/2025\/02\/SamucaeaSelva_Divulgacao%40brunnokawagoe_2025-02-17_11-48-47_jpg_2025-02-17_11-48-47.webp.webp?fit=1200%2C800&ssl=1&resize=350%2C200 1x, https:\/\/i0.wp.com\/noticiasribeiraopreto.com.br\/wp-content\/uploads\/2025\/02\/SamucaeaSelva_Divulgacao%40brunnokawagoe_2025-02-17_11-48-47_jpg_2025-02-17_11-48-47.webp.webp?fit=1200%2C800&ssl=1&resize=525%2C300 1.5x, https:\/\/i0.wp.com\/noticiasribeiraopreto.com.br\/wp-content\/uploads\/2025\/02\/SamucaeaSelva_Divulgacao%40brunnokawagoe_2025-02-17_11-48-47_jpg_2025-02-17_11-48-47.webp.webp?fit=1200%2C800&ssl=1&resize=700%2C400 2x, https:\/\/i0.wp.com\/noticiasribeiraopreto.com.br\/wp-content\/uploads\/2025\/02\/SamucaeaSelva_Divulgacao%40brunnokawagoe_2025-02-17_11-48-47_jpg_2025-02-17_11-48-47.webp.webp?fit=1200%2C800&ssl=1&resize=1050%2C600 3x"},"classes":[]}],"jetpack_sharing_enabled":true,"jetpack_shortlink":"https:\/\/wp.me\/peQAOb-lbZ","_links":{"self":[{"href":"https:\/\/noticiasribeiraopreto.com.br\/index.php\/wp-json\/wp\/v2\/posts\/81467","targetHints":{"allow":["GET"]}}],"collection":[{"href":"https:\/\/noticiasribeiraopreto.com.br\/index.php\/wp-json\/wp\/v2\/posts"}],"about":[{"href":"https:\/\/noticiasribeiraopreto.com.br\/index.php\/wp-json\/wp\/v2\/types\/post"}],"author":[{"embeddable":true,"href":"https:\/\/noticiasribeiraopreto.com.br\/index.php\/wp-json\/wp\/v2\/users\/1"}],"replies":[{"embeddable":true,"href":"https:\/\/noticiasribeiraopreto.com.br\/index.php\/wp-json\/wp\/v2\/comments?post=81467"}],"version-history":[{"count":0,"href":"https:\/\/noticiasribeiraopreto.com.br\/index.php\/wp-json\/wp\/v2\/posts\/81467\/revisions"}],"wp:featuredmedia":[{"embeddable":true,"href":"https:\/\/noticiasribeiraopreto.com.br\/index.php\/wp-json\/wp\/v2\/media\/81468"}],"wp:attachment":[{"href":"https:\/\/noticiasribeiraopreto.com.br\/index.php\/wp-json\/wp\/v2\/media?parent=81467"}],"wp:term":[{"taxonomy":"category","embeddable":true,"href":"https:\/\/noticiasribeiraopreto.com.br\/index.php\/wp-json\/wp\/v2\/categories?post=81467"},{"taxonomy":"post_tag","embeddable":true,"href":"https:\/\/noticiasribeiraopreto.com.br\/index.php\/wp-json\/wp\/v2\/tags?post=81467"}],"curies":[{"name":"wp","href":"https:\/\/api.w.org\/{rel}","templated":true}]}}