{"id":81469,"date":"2026-01-07T07:46:16","date_gmt":"2026-01-07T10:46:16","guid":{"rendered":"https:\/\/noticiasribeiraopreto.com.br\/index.php\/2026\/01\/07\/sebrae-sp-abre-264-vagas-para-empresas-de-ribeirao-preto-e-regiao-no-brasil-mais-produtivo\/"},"modified":"2026-01-07T07:46:16","modified_gmt":"2026-01-07T10:46:16","slug":"sebrae-sp-abre-264-vagas-para-empresas-de-ribeirao-preto-e-regiao-no-brasil-mais-produtivo","status":"publish","type":"post","link":"https:\/\/noticiasribeiraopreto.com.br\/index.php\/2026\/01\/07\/sebrae-sp-abre-264-vagas-para-empresas-de-ribeirao-preto-e-regiao-no-brasil-mais-produtivo\/","title":{"rendered":"Sebrae-SP abre 264 vagas para empresas de Ribeir\u00e3o Preto e regi\u00e3o no Brasil Mais Produtivo"},"content":{"rendered":"<div class='code-block code-block-1' style='margin: 8px 0 8px auto; text-align: right; display: block; clear: both;'>\n<p><a href=\"https:\/\/wa.link\/vpicfd\"><img data-recalc-dims=\"1\" class=\"wp-image-4922\" style=\"aspect-ratio: 2.0253164556962027; width: 561px; height: auto;\" src=\"https:\/\/i0.wp.com\/ismaelcolosi.com.br\/wp-content\/uploads\/2023\/11\/grupo-de-empregos-whatsapp-e-facebook-ismael-colosi-vagas.jpg?ssl=1\" alt=\"\" \/><\/a><\/p>\n<!-- \/wp:image -->\n<\/div>\n<p> <br \/>\n<\/p>\n<div data-td-block-uid=\"tdi_95\">\n<div class=\"tdb-block-inner td-fix-index\">\n<p>O<strong> Sebrae-SP<\/strong> est\u00e1 com inscri\u00e7\u00f5es abertas para o <strong><a href=\"https:\/\/sebrae.com.br\/sites\/PortalSebrae\/brasilmaisprodutivo\" data-type=\"link\" data-id=\"https:\/\/sebrae.com.br\/sites\/PortalSebrae\/brasilmaisprodutivo\" target=\"_blank\" rel=\"noopener\">Programa Brasil Mais Produtivo<\/a><\/strong>, que oferece apoio gratuito a micro e pequenas empresas para implementar melhorias e pr\u00e1ticas inovadoras. Na regi\u00e3o de Ribeir\u00e3o Preto, s\u00e3o 264 vagas.<\/p>\n<p>As inscri\u00e7\u00f5es gratuitas devem ser realizadas pela internet (<a href=\"https:\/\/forms.office.com\/pages\/responsepage.aspx?id=XLVgbXYlYE2uMxHfDqB5g1S33v3H73VFlLeZVygHSIBUOEtDNEFaOFo5RDA1NFM2N1hMWUU4WTRNNy4u&amp;route=shorturl\" data-type=\"link\" data-id=\"https:\/\/sebrae.com.br\/sites\/PortalSebrae\/brasilmaisprodutivo\" target=\"_blank\" rel=\"noopener\">clique aqui<\/a>) at\u00e9 27 de fevereiro.<\/p>\n<h2 class=\"wp-block-heading\"><strong>O que \u00e9?<\/strong><\/h2>\n<p>O programa acompanha gratuitamente pequenas empresas de diversos segmentos pelo per\u00edodo de at\u00e9 seis meses. Durante esse intervalo, um agente bolsista especializado atua diretamente junto ao empres\u00e1rio, identificando desafios e propondo solu\u00e7\u00f5es inovadoras para melhorar o desempenho e tornar o neg\u00f3cio mais produtivo.<\/p>\n<p>Com atua\u00e7\u00e3o direta nas empresas participantes, os bolsistas do Brasil Mais Produtivo auxiliam empreendedores a identificar oportunidades, reduzir custos, modernizar processos e aumentar a competitividade.<\/p>\n<p>O trabalho envolve visitas, diagn\u00f3sticos, acompanhamento cont\u00ednuo e aplica\u00e7\u00e3o de metodologia reconhecida por gerar ganhos expressivos em produtividade e faturamento.<\/p>\n<p>SAIBA MAIS<br \/>Quando ser\u00e1 o pr\u00f3ximo sorteio da Mega-Sena? Confira o pr\u00eamio estimado<\/p>\n<h2 class=\"wp-block-heading\"><strong>FIQUE ON<\/strong><\/h2>\n<p>Fique ligado em tudo que acontece em Ribeir\u00e3o Preto e regi\u00e3o. Siga os perfis do\u00a0<strong>acidade on<\/strong>\u00a0no<a href=\"https:\/\/www.instagram.com\/acidadeonribeirao\" target=\"_blank\" rel=\"noreferrer noopener\">\u00a0Instagram<\/a>\u00a0e no<a href=\"https:\/\/www.facebook.com\/acidadeonribeirao\/\" target=\"_blank\" rel=\"noreferrer noopener\">\u00a0Facebook<\/a>.<\/p>\n<p>Receba not\u00edcias do<strong>\u00a0acidade on\u00a0<\/strong>no WhatsApp. Para entrar no grupo,\u00a0basta\u00a0<a href=\"https:\/\/chat.whatsapp.com\/GFH9HUMUTHNFJdnyEd0xxq\" target=\"_blank\" rel=\"noreferrer noopener\">clicar aqui<\/a>. Ou, acesse o nosso\u00a0Canal<a href=\"https:\/\/whatsapp.com\/channel\/0029Vb6IQl1JENyAeS57fk2p\" target=\"_blank\" rel=\"noreferrer noopener\">\u00a0clicando aqui<\/a>.<\/p>\n<p>Fa\u00e7a uma den\u00fancia ou sugira uma reportagem sobre Ribeir\u00e3o Preto e regi\u00e3o pelo WhatsApp: 16 99117 7802.<\/p>\n<p>VEJA TAMB\u00c9M<br \/>O erro que ningu\u00e9m v\u00ea no p\u00f3s-evento e as 5 a\u00e7\u00f5es que realmente definem quem cresce<\/p>\n<p><!-- AI CONTENT END 1 -->\n<\/div>\n<\/div>\n<p><script async src=\"\/\/www.instagram.com\/embed.js\"><\/script><br \/>\n<br \/><br \/>\n<br \/><a href=\"https:\/\/www.acidadeon.com\/ribeiraopreto\/economia\/sebrae-sp-abre-264-vagas-para-empresas-de-ribeirao-preto-e-regiao-no-brasil-mais-produtivo\/\">Source link <\/a><\/p>\n<!-- CONTENT END 1 -->\n","protected":false},"excerpt":{"rendered":"<p>O Sebrae-SP est\u00e1 com inscri\u00e7\u00f5es abertas para o Programa Brasil Mais Produtivo, que oferece apoio gratuito a micro e pequenas empresas para implementar melhorias e&#8230;<\/p>\n","protected":false},"author":1,"featured_media":81470,"comment_status":"open","ping_status":"open","sticky":false,"template":"","format":"standard","meta":{"advanced_seo_description":"","jetpack_seo_html_title":"","jetpack_seo_noindex":false,"jetpack_post_was_ever_published":false,"_jetpack_newsletter_access":"","_jetpack_dont_email_post_to_subs":false,"_jetpack_newsletter_tier_id":0,"_jetpack_memberships_contains_paywalled_content":false,"_jetpack_memberships_contains_paid_content":false,"footnotes":"","jetpack_publicize_message":"","jetpack_publicize_feature_enabled":true,"jetpack_social_post_already_shared":true,"jetpack_social_options":{"image_generator_settings":{"template":"highway","default_image_id":0,"font":"","enabled":false},"version":2}},"categories":[11],"tags":[],"class_list":["post-81469","post","type-post","status-publish","format-standard","has-post-thumbnail","hentry","category-noticias-de-ribeirao-preto-sp-e-regiao-ismael-colosi"],"jetpack_publicize_connections":[],"jetpack_featured_media_url":"https:\/\/i0.wp.com\/noticiasribeiraopreto.com.br\/wp-content\/uploads\/2026\/01\/empreendedorismo_2026-01-06_20-23-24.webp.webp?fit=1200%2C800&ssl=1","jetpack-related-posts":[{"id":1250,"url":"https:\/\/noticiasribeiraopreto.com.br\/index.php\/2023\/11\/11\/sebrae-tem-vagas-para-capacitacao-de-produtores-rurais-no-interior-de-sp\/","url_meta":{"origin":81469,"position":0},"title":"Sebrae tem vagas para capacita\u00e7\u00e3o de produtores rurais\u00a0no interior de SP","author":"noticiasribeiraopreto.com.br","date":"11 de November de 2023","format":false,"excerpt":"O Sebrae (Servi\u00e7o de Apoio \u00e0 Micro e Pequenas Empresas do Estado de S\u00e3o Paulo)\u00a0de Ribeir\u00e3o Preto est\u00e1 com inscri\u00e7\u00f5es abertas para o 2\u00b0 ciclo do programa ALI (Agentes Locais de Inova\u00e7\u00e3o) para produtores rurais. \u00a0 S\u00e3o 120 vagas em Ribeir\u00e3o Preto, 120 vagas em Franca e 105 em Ribeir\u00e3o\u2026","rel":"","context":"In &quot;Not\u00edcias de Ribeir\u00e3o Preto-SP e Regi\u00e3o&quot;","block_context":{"text":"Not\u00edcias de Ribeir\u00e3o Preto-SP e Regi\u00e3o","link":"https:\/\/noticiasribeiraopreto.com.br\/index.php\/category\/noticias-de-ribeirao-preto-sp-e-regiao-ismael-colosi\/"},"img":{"alt_text":"","src":"https:\/\/i0.wp.com\/noticiasribeiraopreto.com.br\/wp-content\/uploads\/2023\/11\/handler-_2_.jpg?fit=814%2C492&ssl=1&resize=350%2C200","width":350,"height":200,"srcset":"https:\/\/i0.wp.com\/noticiasribeiraopreto.com.br\/wp-content\/uploads\/2023\/11\/handler-_2_.jpg?fit=814%2C492&ssl=1&resize=350%2C200 1x, https:\/\/i0.wp.com\/noticiasribeiraopreto.com.br\/wp-content\/uploads\/2023\/11\/handler-_2_.jpg?fit=814%2C492&ssl=1&resize=525%2C300 1.5x, https:\/\/i0.wp.com\/noticiasribeiraopreto.com.br\/wp-content\/uploads\/2023\/11\/handler-_2_.jpg?fit=814%2C492&ssl=1&resize=700%2C400 2x"},"classes":[]},{"id":65353,"url":"https:\/\/noticiasribeiraopreto.com.br\/index.php\/2025\/03\/19\/sebrae-sp-tem-180-vagas-para-empreendedores-que-querem-aumentar-sua-produtividade\/","url_meta":{"origin":81469,"position":1},"title":"Sebrae-SP tem 180 vagas para empreendedores que querem aumentar sua produtividade","author":"noticiasribeiraopreto.com.br","date":"19 de March de 2025","format":false,"excerpt":"Empreendedores que est\u00e3o em busca de aumentar a produtividade e a competitividade de seus pequenos neg\u00f3cios j\u00e1 podem se inscrever para o programa Brasil Mais Produtivo, uma parceria entre Sebrae, Governo Federal, Senai e Ag\u00eancia Brasileira de Desenvolvimento Industrial (ABDI) que promove melhorias r\u00e1pidas e de alto impacto para micro\u2026","rel":"","context":"In &quot;Not\u00edcias de Franca-SP&quot;","block_context":{"text":"Not\u00edcias de Franca-SP","link":"https:\/\/noticiasribeiraopreto.com.br\/index.php\/category\/noticias-de-ribeirao-preto-sp-e-regiao-ismael-colosi\/noticias-franca-sp\/"},"img":{"alt_text":"","src":"https:\/\/i0.wp.com\/noticiasribeiraopreto.com.br\/wp-content\/uploads\/2025\/03\/negocios-e-commerce-vendas-1-1-e1727363669612.jpeg?fit=850%2C538&ssl=1&resize=350%2C200","width":350,"height":200,"srcset":"https:\/\/i0.wp.com\/noticiasribeiraopreto.com.br\/wp-content\/uploads\/2025\/03\/negocios-e-commerce-vendas-1-1-e1727363669612.jpeg?fit=850%2C538&ssl=1&resize=350%2C200 1x, https:\/\/i0.wp.com\/noticiasribeiraopreto.com.br\/wp-content\/uploads\/2025\/03\/negocios-e-commerce-vendas-1-1-e1727363669612.jpeg?fit=850%2C538&ssl=1&resize=525%2C300 1.5x, https:\/\/i0.wp.com\/noticiasribeiraopreto.com.br\/wp-content\/uploads\/2025\/03\/negocios-e-commerce-vendas-1-1-e1727363669612.jpeg?fit=850%2C538&ssl=1&resize=700%2C400 2x"},"classes":[]},{"id":61342,"url":"https:\/\/noticiasribeiraopreto.com.br\/index.php\/2024\/12\/10\/sebrae-sp-abre-vagas-com-bolsas-de-ate-r-65-mil-em-ribeirao-preto-veja-como-participar\/","url_meta":{"origin":81469,"position":2},"title":"Sebrae-SP abre vagas com bolsas de at\u00e9 R$ 6,5 mil em Ribeir\u00e3o Preto; Veja como participar","author":"noticiasribeiraopreto.com.br","date":"10 de December de 2024","format":false,"excerpt":"O Sebrae-SP est\u00e1 com inscri\u00e7\u00f5es abertas para bolsistas do Programa ALI (Agentes Locais de Inova\u00e7\u00e3o) Produtividade e Rural em Ribeir\u00e3o Preto. S\u00e3o 25 vagas no total com bolsas que variam entre R$ 5 e R$ 6,5 mil. S\u00e3o 15 oportunidades para in\u00edcio imediato e outras 10 vagas para in\u00edcio em\u2026","rel":"","context":"In &quot;Not\u00edcias de Ribeir\u00e3o Preto-SP e Regi\u00e3o&quot;","block_context":{"text":"Not\u00edcias de Ribeir\u00e3o Preto-SP e Regi\u00e3o","link":"https:\/\/noticiasribeiraopreto.com.br\/index.php\/category\/noticias-de-ribeirao-preto-sp-e-regiao-ismael-colosi\/"},"img":{"alt_text":"","src":"https:\/\/i0.wp.com\/noticiasribeiraopreto.com.br\/wp-content\/uploads\/2024\/12\/sebrae_2024-12-10_13-20-15_jpg_2024-12-10_13-20-15.webp.webp?fit=1200%2C800&ssl=1&resize=350%2C200","width":350,"height":200,"srcset":"https:\/\/i0.wp.com\/noticiasribeiraopreto.com.br\/wp-content\/uploads\/2024\/12\/sebrae_2024-12-10_13-20-15_jpg_2024-12-10_13-20-15.webp.webp?fit=1200%2C800&ssl=1&resize=350%2C200 1x, https:\/\/i0.wp.com\/noticiasribeiraopreto.com.br\/wp-content\/uploads\/2024\/12\/sebrae_2024-12-10_13-20-15_jpg_2024-12-10_13-20-15.webp.webp?fit=1200%2C800&ssl=1&resize=525%2C300 1.5x, https:\/\/i0.wp.com\/noticiasribeiraopreto.com.br\/wp-content\/uploads\/2024\/12\/sebrae_2024-12-10_13-20-15_jpg_2024-12-10_13-20-15.webp.webp?fit=1200%2C800&ssl=1&resize=700%2C400 2x, https:\/\/i0.wp.com\/noticiasribeiraopreto.com.br\/wp-content\/uploads\/2024\/12\/sebrae_2024-12-10_13-20-15_jpg_2024-12-10_13-20-15.webp.webp?fit=1200%2C800&ssl=1&resize=1050%2C600 3x"},"classes":[]},{"id":76740,"url":"https:\/\/noticiasribeiraopreto.com.br\/index.php\/2025\/09\/04\/sebrae-sp-abre-inscricoes-para-programa-com-bolsas-de-ate-r-65-mil\/","url_meta":{"origin":81469,"position":3},"title":"Sebrae-SP abre inscri\u00e7\u00f5es para programa com bolsas de at\u00e9 R$ 6,5 mil","author":"noticiasribeiraopreto.com.br","date":"4 de September de 2025","format":false,"excerpt":"O Sebrae-SP est\u00e1 com as inscri\u00e7\u00f5es abertas para sele\u00e7\u00e3o de bolsistas do programa ALI (Agentes Locais de Inova\u00e7\u00e3o). Ao todo, s\u00e3o 47 vagas em Ribeir\u00e3o Preto com bolsas que variam entre R$ 5 mil e R$ 6,5 mil. Tamb\u00e9m h\u00e1 oportunidades para Franca, Barretos e Bebedouro. As inscri\u00e7\u00f5es devem ser\u2026","rel":"","context":"In &quot;Not\u00edcias de Ribeir\u00e3o Preto-SP e Regi\u00e3o&quot;","block_context":{"text":"Not\u00edcias de Ribeir\u00e3o Preto-SP e Regi\u00e3o","link":"https:\/\/noticiasribeiraopreto.com.br\/index.php\/category\/noticias-de-ribeirao-preto-sp-e-regiao-ismael-colosi\/"},"img":{"alt_text":"","src":"https:\/\/i0.wp.com\/noticiasribeiraopreto.com.br\/wp-content\/uploads\/2025\/07\/Copia-de-Copia-de-Copia-de-TAMANHO-EXATO-PARA-FOTOS-NO-SISTEMA-NOVO-49_2025-04-14_11-57-26_jpg_2025-04-14_11-57-26.webp.webp?fit=1200%2C675&ssl=1&resize=350%2C200","width":350,"height":200,"srcset":"https:\/\/i0.wp.com\/noticiasribeiraopreto.com.br\/wp-content\/uploads\/2025\/07\/Copia-de-Copia-de-Copia-de-TAMANHO-EXATO-PARA-FOTOS-NO-SISTEMA-NOVO-49_2025-04-14_11-57-26_jpg_2025-04-14_11-57-26.webp.webp?fit=1200%2C675&ssl=1&resize=350%2C200 1x, https:\/\/i0.wp.com\/noticiasribeiraopreto.com.br\/wp-content\/uploads\/2025\/07\/Copia-de-Copia-de-Copia-de-TAMANHO-EXATO-PARA-FOTOS-NO-SISTEMA-NOVO-49_2025-04-14_11-57-26_jpg_2025-04-14_11-57-26.webp.webp?fit=1200%2C675&ssl=1&resize=525%2C300 1.5x, https:\/\/i0.wp.com\/noticiasribeiraopreto.com.br\/wp-content\/uploads\/2025\/07\/Copia-de-Copia-de-Copia-de-TAMANHO-EXATO-PARA-FOTOS-NO-SISTEMA-NOVO-49_2025-04-14_11-57-26_jpg_2025-04-14_11-57-26.webp.webp?fit=1200%2C675&ssl=1&resize=700%2C400 2x, https:\/\/i0.wp.com\/noticiasribeiraopreto.com.br\/wp-content\/uploads\/2025\/07\/Copia-de-Copia-de-Copia-de-TAMANHO-EXATO-PARA-FOTOS-NO-SISTEMA-NOVO-49_2025-04-14_11-57-26_jpg_2025-04-14_11-57-26.webp.webp?fit=1200%2C675&ssl=1&resize=1050%2C600 3x"},"classes":[]},{"id":64674,"url":"https:\/\/noticiasribeiraopreto.com.br\/index.php\/2025\/03\/11\/jornal-da-franca-sebrae-franca-abre-inscricoes-para-expositores-em-estande-coletivo-na-agrishow\/","url_meta":{"origin":81469,"position":4},"title":"Jornal da Franca &#8211; Sebrae Franca abre inscri\u00e7\u00f5es para expositores em estande coletivo na Agrishow","author":"noticiasribeiraopreto.com.br","date":"11 de March de 2025","format":false,"excerpt":"compartilhar no whatsapp compartilhar no telegram compartilhar no facebook compartilhar no linkedin Estande coletivo do Sebrae reunir\u00e1 empresas ligadas ao agroneg\u00f3cio; as vagas s\u00e3o limitadas e as inscri\u00e7\u00f5es v\u00e3o at\u00e9 14 de mar\u00e7o O Sebrae est\u00e1 com inscri\u00e7\u00f5es abertas para empresas interessadas em expor seus produtos e servi\u00e7os na Agrishow\u2026","rel":"","context":"In &quot;Not\u00edcias de Franca-SP&quot;","block_context":{"text":"Not\u00edcias de Franca-SP","link":"https:\/\/noticiasribeiraopreto.com.br\/index.php\/category\/noticias-de-ribeirao-preto-sp-e-regiao-ismael-colosi\/noticias-franca-sp\/"},"img":{"alt_text":"","src":"https:\/\/i0.wp.com\/noticiasribeiraopreto.com.br\/wp-content\/uploads\/2025\/03\/d5923ad7-2764-49d9-80b8-cdf3f905e5b6-1.jpg?fit=814%2C492&ssl=1&resize=350%2C200","width":350,"height":200,"srcset":"https:\/\/i0.wp.com\/noticiasribeiraopreto.com.br\/wp-content\/uploads\/2025\/03\/d5923ad7-2764-49d9-80b8-cdf3f905e5b6-1.jpg?fit=814%2C492&ssl=1&resize=350%2C200 1x, https:\/\/i0.wp.com\/noticiasribeiraopreto.com.br\/wp-content\/uploads\/2025\/03\/d5923ad7-2764-49d9-80b8-cdf3f905e5b6-1.jpg?fit=814%2C492&ssl=1&resize=525%2C300 1.5x, https:\/\/i0.wp.com\/noticiasribeiraopreto.com.br\/wp-content\/uploads\/2025\/03\/d5923ad7-2764-49d9-80b8-cdf3f905e5b6-1.jpg?fit=814%2C492&ssl=1&resize=700%2C400 2x"},"classes":[]},{"id":40120,"url":"https:\/\/noticiasribeiraopreto.com.br\/index.php\/2024\/03\/01\/ribeirao-preto-abre-inscricao-para-programa-de-inovacao-para-empresas\/","url_meta":{"origin":81469,"position":5},"title":"Ribeir\u00e3o Preto abre inscri\u00e7\u00e3o para programa de inova\u00e7\u00e3o para empresas","author":"noticiasribeiraopreto.com.br","date":"1 de March de 2024","format":false,"excerpt":"O Dabi Start Me Up, um programa de inova\u00e7\u00e3o aberta que seleciona solu\u00e7\u00f5es inovadoras para empresas do agroneg\u00f3cio, est\u00e1 com inscri\u00e7\u00f5es at\u00e9 o dia 31 de julho. A primeira turma de startups inicia o programa de resid\u00eancia no dia 1\u00ba de abril. As inscri\u00e7\u00f5es podem ser feitas pela internet (clique\u2026","rel":"","context":"In &quot;Not\u00edcias de Ribeir\u00e3o Preto-SP e Regi\u00e3o&quot;","block_context":{"text":"Not\u00edcias de Ribeir\u00e3o Preto-SP e Regi\u00e3o","link":"https:\/\/noticiasribeiraopreto.com.br\/index.php\/category\/noticias-de-ribeirao-preto-sp-e-regiao-ismael-colosi\/"},"img":{"alt_text":"","src":"https:\/\/i0.wp.com\/noticiasribeiraopreto.com.br\/wp-content\/uploads\/2024\/03\/Foto-0071-1-1-scaled.jpg?fit=1200%2C675&ssl=1&resize=350%2C200","width":350,"height":200,"srcset":"https:\/\/i0.wp.com\/noticiasribeiraopreto.com.br\/wp-content\/uploads\/2024\/03\/Foto-0071-1-1-scaled.jpg?fit=1200%2C675&ssl=1&resize=350%2C200 1x, https:\/\/i0.wp.com\/noticiasribeiraopreto.com.br\/wp-content\/uploads\/2024\/03\/Foto-0071-1-1-scaled.jpg?fit=1200%2C675&ssl=1&resize=525%2C300 1.5x, https:\/\/i0.wp.com\/noticiasribeiraopreto.com.br\/wp-content\/uploads\/2024\/03\/Foto-0071-1-1-scaled.jpg?fit=1200%2C675&ssl=1&resize=700%2C400 2x, https:\/\/i0.wp.com\/noticiasribeiraopreto.com.br\/wp-content\/uploads\/2024\/03\/Foto-0071-1-1-scaled.jpg?fit=1200%2C675&ssl=1&resize=1050%2C600 3x"},"classes":[]}],"jetpack_sharing_enabled":true,"jetpack_shortlink":"https:\/\/wp.me\/peQAOb-lc1","_links":{"self":[{"href":"https:\/\/noticiasribeiraopreto.com.br\/index.php\/wp-json\/wp\/v2\/posts\/81469","targetHints":{"allow":["GET"]}}],"collection":[{"href":"https:\/\/noticiasribeiraopreto.com.br\/index.php\/wp-json\/wp\/v2\/posts"}],"about":[{"href":"https:\/\/noticiasribeiraopreto.com.br\/index.php\/wp-json\/wp\/v2\/types\/post"}],"author":[{"embeddable":true,"href":"https:\/\/noticiasribeiraopreto.com.br\/index.php\/wp-json\/wp\/v2\/users\/1"}],"replies":[{"embeddable":true,"href":"https:\/\/noticiasribeiraopreto.com.br\/index.php\/wp-json\/wp\/v2\/comments?post=81469"}],"version-history":[{"count":0,"href":"https:\/\/noticiasribeiraopreto.com.br\/index.php\/wp-json\/wp\/v2\/posts\/81469\/revisions"}],"wp:featuredmedia":[{"embeddable":true,"href":"https:\/\/noticiasribeiraopreto.com.br\/index.php\/wp-json\/wp\/v2\/media\/81470"}],"wp:attachment":[{"href":"https:\/\/noticiasribeiraopreto.com.br\/index.php\/wp-json\/wp\/v2\/media?parent=81469"}],"wp:term":[{"taxonomy":"category","embeddable":true,"href":"https:\/\/noticiasribeiraopreto.com.br\/index.php\/wp-json\/wp\/v2\/categories?post=81469"},{"taxonomy":"post_tag","embeddable":true,"href":"https:\/\/noticiasribeiraopreto.com.br\/index.php\/wp-json\/wp\/v2\/tags?post=81469"}],"curies":[{"name":"wp","href":"https:\/\/api.w.org\/{rel}","templated":true}]}}