{"id":81471,"date":"2026-01-07T07:58:14","date_gmt":"2026-01-07T10:58:14","guid":{"rendered":"https:\/\/noticiasribeiraopreto.com.br\/index.php\/2026\/01\/07\/com-73-registros-envolvendo-morcegos-sertaozinho-intensifica-alerta-sobre-doenca\/"},"modified":"2026-01-07T07:58:14","modified_gmt":"2026-01-07T10:58:14","slug":"com-73-registros-envolvendo-morcegos-sertaozinho-intensifica-alerta-sobre-doenca","status":"publish","type":"post","link":"https:\/\/noticiasribeiraopreto.com.br\/index.php\/2026\/01\/07\/com-73-registros-envolvendo-morcegos-sertaozinho-intensifica-alerta-sobre-doenca\/","title":{"rendered":"Com 73 registros envolvendo morcegos, Sert\u00e3ozinho intensifica alerta sobre doen\u00e7a"},"content":{"rendered":"<div class='code-block code-block-1' style='margin: 8px 0 8px auto; text-align: right; display: block; clear: both;'>\n<p><a href=\"https:\/\/wa.link\/vpicfd\"><img data-recalc-dims=\"1\" class=\"wp-image-4922\" style=\"aspect-ratio: 2.0253164556962027; width: 561px; height: auto;\" src=\"https:\/\/i0.wp.com\/ismaelcolosi.com.br\/wp-content\/uploads\/2023\/11\/grupo-de-empregos-whatsapp-e-facebook-ismael-colosi-vagas.jpg?ssl=1\" alt=\"\" \/><\/a><\/p>\n<!-- \/wp:image -->\n<\/div>\n<p> <br \/>\n<\/p>\n<div>\n<p>A <strong>Secretaria Municipal de Sa\u00fade de Sert\u00e3ozinho<\/strong> ampliou as orienta\u00e7\u00f5es \u00e0 popula\u00e7\u00e3o ap\u00f3s o registro de <strong>73 atendimentos relacionados a morcegos no munic\u00edpio<\/strong>. Desses casos, o N\u00facleo de Controle de Zoonoses encaminhou 16 animais para an\u00e1lise laboratorial.<\/p>\n<p>O munic\u00edpio informou que foram adotadas as medidas em raz\u00e3o do cen\u00e1rio nacional. Em 2025, \u00f3rg\u00e3os de sa\u00fade confirmaram casos de raiva em felinos, morcegos e bovinos, al\u00e9m de tr\u00eas ocorr\u00eancias em humanos no Brasil.<\/p>\n<div class=\"wp-block-image\">\n<figure class=\"aligncenter size-full is-resized\"><img data-recalc-dims=\"1\" fetchpriority=\"high\" decoding=\"async\" width=\"800\" height=\"695\" src=\"https:\/\/i0.wp.com\/cdn.media-acidadeon.com.br\/ribeiraopreto\/wp-content\/uploads\/sites\/3\/2026\/01\/image_2026-01-06_19-24-35.webp?resize=800%2C695&#038;ssl=1\" alt=\"morcego\" class=\"wp-image-141341\" style=\"width:544px;height:auto\" title=\"Com 73 registros envolvendo morcegos, Sert\u00e3ozinho intensifica alerta sobre doen\u00e7a 1\" srcset=\"https:\/\/cdn.media-acidadeon.com.br\/ribeiraopreto\/wp-content\/uploads\/sites\/3\/2026\/01\/image_2026-01-06_19-24-35.webp 800w, https:\/\/cdn.media-acidadeon.com.br\/ribeiraopreto\/wp-content\/uploads\/sites\/3\/2026\/01\/image_2026-01-06_19-24-35-300x261.webp 300w, https:\/\/cdn.media-acidadeon.com.br\/ribeiraopreto\/wp-content\/uploads\/sites\/3\/2026\/01\/image_2026-01-06_19-24-35-768x667.webp 768w, https:\/\/cdn.media-acidadeon.com.br\/ribeiraopreto\/wp-content\/uploads\/sites\/3\/2026\/01\/image_2026-01-06_19-24-35-696x605.webp 696w\" sizes=\"(max-width: 800px) 100vw, 800px\"\/><\/figure>\n<\/div>\n<h3 class=\"wp-block-heading\"><strong>Como acontece a transmiss\u00e3o?<\/strong><\/h3>\n<p>O v\u00edrus da raiva se transmite pela saliva de animais infectados. O contato ocorre por mordidas, arranh\u00f5es ou lambedura em ferimentos e mucosas. Morcegos podem transmitir o v\u00edrus quando ocorre contato direto com pessoas ou animais. <\/p>\n<p><strong>C\u00e3es e gatos podem contrair raiva ao ter contato com morcegos.<\/strong> A Secretaria orienta tutores a manter a vacina\u00e7\u00e3o antirr\u00e1bica dos animais dom\u00e9sticos atualizada como medida de preven\u00e7\u00e3o. <\/p>\n<p>A vacina\u00e7\u00e3o antirr\u00e1bica gratuita de c\u00e3es e gatos acontece no N\u00facleo de Controle de Zoonoses, de segunda a sexta-feira, das 7h30 \u00e0s 11h30, na Avenida Jos\u00e9 Ferreira dos Reis, 890, Jardim Athenas.<\/p>\n<h3 class=\"wp-block-heading\"><strong>Outras orienta\u00e7\u00f5es<\/strong><\/h3>\n<p>A respons\u00e1vel pelo <strong>N\u00facleo de Controle de Vetores e Zoonoses<\/strong>, Michelle Kroll, <strong>orienta a popula\u00e7\u00e3o a n\u00e3o manipular morcegos<\/strong>, vivos ou mortos. O \u00f3rg\u00e3o n\u00e3o recomenda capturas por conta pr\u00f3pria nem o uso de produtos para afastar os animais.<\/p>\n<figure class=\"wp-block-pullquote\">\n<blockquote>\n<p>Em casos de contato entre c\u00e3es ou gatos e morcegos, o tutor deve procurar o N\u00facleo de Controle de Zoonoses. Pessoas que tiveram contato direto com morcegos devem buscar atendimento m\u00e9dico para avalia\u00e7\u00e3o e orienta\u00e7\u00e3o<\/p>\n<p><cite>afirma<\/cite><\/p><\/blockquote>\n<\/figure>\n<h3 class=\"wp-block-heading\"><strong>Como prevenir?<\/strong><\/h3>\n<p>Moradores podem adotar medidas para evitar a presen\u00e7a de morcegos em resid\u00eancias, como vedar frestas entre telhas e lajes e realizar podas em \u00e1rvores pr\u00f3ximas \u00e0s casas. <\/p>\n<p>Para orienta\u00e7\u00f5es ou solicita\u00e7\u00e3o de captura de morcegos em resid\u00eancias, o<strong> contato ocorre pelo telefone (16) 3947-7767.<\/strong><\/p>\n<hr class=\"wp-block-separator has-alpha-channel-opacity\"\/>\n<p>SAIBA MAIS<br \/>Quando ser\u00e1 o pr\u00f3ximo sorteio da Mega-Sena? Confira o pr\u00eamio estimado<\/p>\n<h2 class=\"wp-block-heading\"><strong>FIQUE ON<\/strong><\/h2>\n<p>Fique ligado em tudo que acontece em Ribeir\u00e3o Preto e regi\u00e3o. Siga os perfis do\u00a0<strong>acidade on<\/strong>\u00a0no<a href=\"https:\/\/www.instagram.com\/acidadeonribeirao\" target=\"_blank\" rel=\"noreferrer noopener\">\u00a0Instagram<\/a>\u00a0e no<a href=\"https:\/\/www.facebook.com\/acidadeonribeirao\/\" target=\"_blank\" rel=\"noreferrer noopener\">\u00a0Facebook<\/a>.<\/p>\n<p>Receba not\u00edcias do<strong>\u00a0acidade on\u00a0<\/strong>no WhatsApp. Para entrar no grupo,\u00a0basta\u00a0<a href=\"https:\/\/chat.whatsapp.com\/GFH9HUMUTHNFJdnyEd0xxq\" target=\"_blank\" rel=\"noreferrer noopener\">clicar aqui<\/a>. Ou, acesse o nosso\u00a0Canal<a href=\"https:\/\/whatsapp.com\/channel\/0029Vb6IQl1JENyAeS57fk2p\" target=\"_blank\" rel=\"noreferrer noopener\">\u00a0clicando aqui<\/a>.<\/p>\n<p>Fa\u00e7a uma den\u00fancia ou sugira uma reportagem sobre Ribeir\u00e3o Preto e regi\u00e3o pelo WhatsApp: 16 99117 7802.<\/p>\n<p>VEJA TAMB\u00c9M<br \/>O erro que ningu\u00e9m v\u00ea no p\u00f3s-evento e as 5 a\u00e7\u00f5es que realmente definem quem cresce<\/p>\n<p><!-- AI CONTENT END 1 -->\n<\/div>\n<p><script async src=\"\/\/www.instagram.com\/embed.js\"><\/script><br \/>\n<br \/><br \/>\n<br \/><a href=\"https:\/\/www.acidadeon.com\/ribeiraopreto\/cotidiano\/com-73-registros-envolvendo-morcegos-sertaozinho-intensifica-alerta-sobre-doenca\/\">Source link <\/a><\/p>\n<!-- CONTENT END 1 -->\n","protected":false},"excerpt":{"rendered":"<p>A Secretaria Municipal de Sa\u00fade de Sert\u00e3ozinho ampliou as orienta\u00e7\u00f5es \u00e0 popula\u00e7\u00e3o ap\u00f3s o registro de 73 atendimentos relacionados a morcegos no munic\u00edpio. Desses casos,&#8230;<\/p>\n","protected":false},"author":1,"featured_media":81472,"comment_status":"open","ping_status":"open","sticky":false,"template":"","format":"standard","meta":{"advanced_seo_description":"","jetpack_seo_html_title":"","jetpack_seo_noindex":false,"jetpack_post_was_ever_published":false,"_jetpack_newsletter_access":"","_jetpack_dont_email_post_to_subs":false,"_jetpack_newsletter_tier_id":0,"_jetpack_memberships_contains_paywalled_content":false,"_jetpack_memberships_contains_paid_content":false,"footnotes":"","jetpack_publicize_message":"","jetpack_publicize_feature_enabled":true,"jetpack_social_post_already_shared":true,"jetpack_social_options":{"image_generator_settings":{"template":"highway","default_image_id":0,"font":"","enabled":false},"version":2}},"categories":[11],"tags":[],"class_list":["post-81471","post","type-post","status-publish","format-standard","has-post-thumbnail","hentry","category-noticias-de-ribeirao-preto-sp-e-regiao-ismael-colosi"],"jetpack_publicize_connections":[],"jetpack_featured_media_url":"https:\/\/i0.wp.com\/noticiasribeiraopreto.com.br\/wp-content\/uploads\/2026\/01\/domingo-26_2026-01-06_19-35-51.webp.webp?fit=1200%2C675&ssl=1","jetpack-related-posts":[{"id":43947,"url":"https:\/\/noticiasribeiraopreto.com.br\/index.php\/2024\/03\/24\/filme-revisita-historia-do-brasil-a-partir-da-trajetoria-de-pc-farias\/","url_meta":{"origin":81471,"position":0},"title":"Filme revisita hist\u00f3ria do Brasil a partir da trajet\u00f3ria de PC Farias\u00a0","author":"noticiasribeiraopreto.com.br","date":"24 de March de 2024","format":false,"excerpt":"Um personagem que chegou \u00e0s alturas do poder encoberto pelas sombras \u00e9 o tema do document\u00e1rio Morcego Negro. O filme, que entrou em cartaz na quinta-feira (21), reconta a hist\u00f3ria de Paulo C\u00e9sar Farias, empres\u00e1rio e tesoureiro da campanha que levou Fernando Collor de Mello \u00e0 Presid\u00eancia da Rep\u00fablica em\u2026","rel":"","context":"In &quot;Not\u00edcias de Ribeir\u00e3o Preto-SP e Regi\u00e3o&quot;","block_context":{"text":"Not\u00edcias de Ribeir\u00e3o Preto-SP e Regi\u00e3o","link":"https:\/\/noticiasribeiraopreto.com.br\/index.php\/category\/noticias-de-ribeirao-preto-sp-e-regiao-ismael-colosi\/"},"img":{"alt_text":"","src":"https:\/\/i0.wp.com\/noticiasribeiraopreto.com.br\/wp-content\/uploads\/2024\/03\/morcego-negro-cartaz-final2_2-01.jpg?fit=725%2C700&ssl=1&resize=350%2C200","width":350,"height":200,"srcset":"https:\/\/i0.wp.com\/noticiasribeiraopreto.com.br\/wp-content\/uploads\/2024\/03\/morcego-negro-cartaz-final2_2-01.jpg?fit=725%2C700&ssl=1&resize=350%2C200 1x, https:\/\/i0.wp.com\/noticiasribeiraopreto.com.br\/wp-content\/uploads\/2024\/03\/morcego-negro-cartaz-final2_2-01.jpg?fit=725%2C700&ssl=1&resize=525%2C300 1.5x, https:\/\/i0.wp.com\/noticiasribeiraopreto.com.br\/wp-content\/uploads\/2024\/03\/morcego-negro-cartaz-final2_2-01.jpg?fit=725%2C700&ssl=1&resize=700%2C400 2x"},"classes":[]},{"id":85288,"url":"https:\/\/noticiasribeiraopreto.com.br\/index.php\/2026\/04\/28\/acidente-de-trabalho-registrou-56-mortes-em-ribeirao-no-ano-pasado\/","url_meta":{"origin":81471,"position":1},"title":"Acidente de trabalho \u2028registrou 56 mortes em Ribeir\u00e3o no ano pasado","author":"noticiasribeiraopreto.com.br","date":"28 de April de 2026","format":false,"excerpt":"\r \r \r 28 de abril de 2026 07:2727 de abril de 2026 23:45 \r Compartilhar0 Ribeir\u00e3o Preto registrou 56 mortes relacionadas ao trabalho em 2025; Secretaria Municipal de Sa\u00fade, intensificou as a\u00e7\u00f5es de preven\u00e7\u00e3o contra acidentes de trabalho Dados do Centro de Refer\u00eancia em Sa\u00fade do Trabalhador (Cerest) de\u2026","rel":"","context":"In &quot;Not\u00edcias de Ribeir\u00e3o Preto-SP e Regi\u00e3o&quot;","block_context":{"text":"Not\u00edcias de Ribeir\u00e3o Preto-SP e Regi\u00e3o","link":"https:\/\/noticiasribeiraopreto.com.br\/index.php\/category\/noticias-de-ribeirao-preto-sp-e-regiao-ismael-colosi\/"},"img":{"alt_text":"","src":"https:\/\/i0.wp.com\/noticiasribeiraopreto.com.br\/wp-content\/uploads\/2026\/04\/Trabalho-Imagem-Ilustrativa-scaled.jpeg?fit=1200%2C675&ssl=1&resize=350%2C200","width":350,"height":200,"srcset":"https:\/\/i0.wp.com\/noticiasribeiraopreto.com.br\/wp-content\/uploads\/2026\/04\/Trabalho-Imagem-Ilustrativa-scaled.jpeg?fit=1200%2C675&ssl=1&resize=350%2C200 1x, https:\/\/i0.wp.com\/noticiasribeiraopreto.com.br\/wp-content\/uploads\/2026\/04\/Trabalho-Imagem-Ilustrativa-scaled.jpeg?fit=1200%2C675&ssl=1&resize=525%2C300 1.5x, https:\/\/i0.wp.com\/noticiasribeiraopreto.com.br\/wp-content\/uploads\/2026\/04\/Trabalho-Imagem-Ilustrativa-scaled.jpeg?fit=1200%2C675&ssl=1&resize=700%2C400 2x, https:\/\/i0.wp.com\/noticiasribeiraopreto.com.br\/wp-content\/uploads\/2026\/04\/Trabalho-Imagem-Ilustrativa-scaled.jpeg?fit=1200%2C675&ssl=1&resize=1050%2C600 3x"},"classes":[]},{"id":59007,"url":"https:\/\/noticiasribeiraopreto.com.br\/index.php\/2024\/10\/11\/trinta-pessoas-sao-socorridas-apos-incendio-em-industria-quimica-de-sertaozinho\/","url_meta":{"origin":81471,"position":2},"title":"Trinta pessoas s\u00e3o socorridas ap\u00f3s inc\u00eandio em ind\u00fastria qu\u00edmica de Sert\u00e3ozinho","author":"noticiasribeiraopreto.com.br","date":"11 de October de 2024","format":false,"excerpt":"A Secretaria de Sa\u00fade de Sert\u00e3ozinho confirmou trinta v\u00edtimas da explos\u00e3o que atinge uma ind\u00fastria qu\u00edmica, na tarde desta sexta-feira (11), no munic\u00edpio. Em nota, o departamento informou que quatro desses casos s\u00e3o considerados graves. As v\u00edtimas foram estabilizadas e, assim que poss\u00edvel, ser\u00e3o encaminhadas para hospitais de maior refer\u00eancia\u2026","rel":"","context":"In &quot;Not\u00edcias de Ribeir\u00e3o Preto-SP e Regi\u00e3o&quot;","block_context":{"text":"Not\u00edcias de Ribeir\u00e3o Preto-SP e Regi\u00e3o","link":"https:\/\/noticiasribeiraopreto.com.br\/index.php\/category\/noticias-de-ribeirao-preto-sp-e-regiao-ismael-colosi\/"},"img":{"alt_text":"","src":"https:\/\/i0.wp.com\/noticiasribeiraopreto.com.br\/wp-content\/uploads\/2024\/10\/WhatsApp-Image-2024-10-11-at-15.37.58_2024-10-11_18-45-56_jpeg_2024-10-11_18-45-57-scaled.webp.webp?fit=1200%2C900&ssl=1&resize=350%2C200","width":350,"height":200,"srcset":"https:\/\/i0.wp.com\/noticiasribeiraopreto.com.br\/wp-content\/uploads\/2024\/10\/WhatsApp-Image-2024-10-11-at-15.37.58_2024-10-11_18-45-56_jpeg_2024-10-11_18-45-57-scaled.webp.webp?fit=1200%2C900&ssl=1&resize=350%2C200 1x, https:\/\/i0.wp.com\/noticiasribeiraopreto.com.br\/wp-content\/uploads\/2024\/10\/WhatsApp-Image-2024-10-11-at-15.37.58_2024-10-11_18-45-56_jpeg_2024-10-11_18-45-57-scaled.webp.webp?fit=1200%2C900&ssl=1&resize=525%2C300 1.5x, https:\/\/i0.wp.com\/noticiasribeiraopreto.com.br\/wp-content\/uploads\/2024\/10\/WhatsApp-Image-2024-10-11-at-15.37.58_2024-10-11_18-45-56_jpeg_2024-10-11_18-45-57-scaled.webp.webp?fit=1200%2C900&ssl=1&resize=700%2C400 2x, https:\/\/i0.wp.com\/noticiasribeiraopreto.com.br\/wp-content\/uploads\/2024\/10\/WhatsApp-Image-2024-10-11-at-15.37.58_2024-10-11_18-45-56_jpeg_2024-10-11_18-45-57-scaled.webp.webp?fit=1200%2C900&ssl=1&resize=1050%2C600 3x"},"classes":[]},{"id":80756,"url":"https:\/\/noticiasribeiraopreto.com.br\/index.php\/2025\/12\/13\/estado-libera-vaga-mas-santa-casa-de-sertaozinho-nao-tem-leito-disponivel-para-receber-paciente\/","url_meta":{"origin":81471,"position":3},"title":"Estado libera vaga, mas Santa Casa de Sert\u00e3ozinho n\u00e3o tem leito dispon\u00edvel para receber paciente","author":"noticiasribeiraopreto.com.br","date":"13 de December de 2025","format":false,"excerpt":"A fam\u00edlia de um idoso de 72 anos afirma que enfrenta dificuldade para conseguir a interna\u00e7\u00e3o dele, em Sert\u00e3ozinho, na regi\u00e3o de Ribeir\u00e3o Preto. O paciente convive com amiloidose card\u00edaca, condi\u00e7\u00e3o rara que compromete a imunidade e exige acompanhamento. Segundo familiares, o idoso apresentou queda significativa no estado de sa\u00fade\u2026","rel":"","context":"In &quot;Not\u00edcias de Ribeir\u00e3o Preto-SP e Regi\u00e3o&quot;","block_context":{"text":"Not\u00edcias de Ribeir\u00e3o Preto-SP e Regi\u00e3o","link":"https:\/\/noticiasribeiraopreto.com.br\/index.php\/category\/noticias-de-ribeirao-preto-sp-e-regiao-ismael-colosi\/"},"img":{"alt_text":"","src":"https:\/\/i0.wp.com\/noticiasribeiraopreto.com.br\/wp-content\/uploads\/2025\/12\/5161a92adb40278e8186dddb276b6ac5_2025-01-27_18-08-40_jpg_2025-01-27_18-08-40.webp.webp?fit=1200%2C800&ssl=1&resize=350%2C200","width":350,"height":200,"srcset":"https:\/\/i0.wp.com\/noticiasribeiraopreto.com.br\/wp-content\/uploads\/2025\/12\/5161a92adb40278e8186dddb276b6ac5_2025-01-27_18-08-40_jpg_2025-01-27_18-08-40.webp.webp?fit=1200%2C800&ssl=1&resize=350%2C200 1x, https:\/\/i0.wp.com\/noticiasribeiraopreto.com.br\/wp-content\/uploads\/2025\/12\/5161a92adb40278e8186dddb276b6ac5_2025-01-27_18-08-40_jpg_2025-01-27_18-08-40.webp.webp?fit=1200%2C800&ssl=1&resize=525%2C300 1.5x, https:\/\/i0.wp.com\/noticiasribeiraopreto.com.br\/wp-content\/uploads\/2025\/12\/5161a92adb40278e8186dddb276b6ac5_2025-01-27_18-08-40_jpg_2025-01-27_18-08-40.webp.webp?fit=1200%2C800&ssl=1&resize=700%2C400 2x, https:\/\/i0.wp.com\/noticiasribeiraopreto.com.br\/wp-content\/uploads\/2025\/12\/5161a92adb40278e8186dddb276b6ac5_2025-01-27_18-08-40_jpg_2025-01-27_18-08-40.webp.webp?fit=1200%2C800&ssl=1&resize=1050%2C600 3x"},"classes":[]},{"id":80850,"url":"https:\/\/noticiasribeiraopreto.com.br\/index.php\/2025\/12\/16\/relatos-de-onca-em-parque-preocupam-moradores-e-prefeitura-divulga-orientacoes\/","url_meta":{"origin":81471,"position":4},"title":"Relatos de on\u00e7a em parque preocupam moradores e Prefeitura divulga orienta\u00e7\u00f5es","author":"noticiasribeiraopreto.com.br","date":"16 de December de 2025","format":false,"excerpt":"A Prefeitura de Sert\u00e3ozinho, cidade a cerca de 20 quil\u00f4metros de Ribeir\u00e3o Preto, divulgou na tarde desta segunda-feira (15) uma nota ap\u00f3s dois relatos de avistamento de um felino silvestre, possivelmente uma on\u00e7a-parda, no munic\u00edpio. Segundo o comunicado, o relato mais recente ocorreu na tarde de domingo (14), nas depend\u00eancias\u2026","rel":"","context":"In &quot;Not\u00edcias de Ribeir\u00e3o Preto-SP e Regi\u00e3o&quot;","block_context":{"text":"Not\u00edcias de Ribeir\u00e3o Preto-SP e Regi\u00e3o","link":"https:\/\/noticiasribeiraopreto.com.br\/index.php\/category\/noticias-de-ribeirao-preto-sp-e-regiao-ismael-colosi\/"},"img":{"alt_text":"","src":"https:\/\/i0.wp.com\/noticiasribeiraopreto.com.br\/wp-content\/uploads\/2025\/12\/parque-linear-ribeirao_2025-12-15_18-31-24.webp.webp?fit=800%2C600&ssl=1&resize=350%2C200","width":350,"height":200,"srcset":"https:\/\/i0.wp.com\/noticiasribeiraopreto.com.br\/wp-content\/uploads\/2025\/12\/parque-linear-ribeirao_2025-12-15_18-31-24.webp.webp?fit=800%2C600&ssl=1&resize=350%2C200 1x, https:\/\/i0.wp.com\/noticiasribeiraopreto.com.br\/wp-content\/uploads\/2025\/12\/parque-linear-ribeirao_2025-12-15_18-31-24.webp.webp?fit=800%2C600&ssl=1&resize=525%2C300 1.5x, https:\/\/i0.wp.com\/noticiasribeiraopreto.com.br\/wp-content\/uploads\/2025\/12\/parque-linear-ribeirao_2025-12-15_18-31-24.webp.webp?fit=800%2C600&ssl=1&resize=700%2C400 2x"},"classes":[]},{"id":85299,"url":"https:\/\/noticiasribeiraopreto.com.br\/index.php\/2026\/04\/28\/prefeitura-intensifica-acoes-de-prevencao-contra-acidentes-de-trabalho-ano-passado-56-morreram\/","url_meta":{"origin":81471,"position":5},"title":"Prefeitura intensifica a\u00e7\u00f5es de preven\u00e7\u00e3o contra acidentes de trabalho; Ano passado, 56 morreram &#8211; THMais","author":"noticiasribeiraopreto.com.br","date":"28 de April de 2026","format":false,"excerpt":"A Prefeitura de Ribeir\u00e3o Preto, atrav\u00e9s da Secretaria de Sa\u00fade, vem ampliando as a\u00e7\u00f5es de preven\u00e7\u00e3o contra acidentes de trabalho, durante a campanha Abril Verde, de preven\u00e7\u00e3o e orienta\u00e7\u00e3o para ambientes de trabalho mais seguros e saud\u00e1veis. Nesta ter\u00e7a-feira (28), as atividades de preven\u00e7\u00e3o s\u00e3o intensificadas em celebra\u00e7\u00e3o ao Dia\u2026","rel":"","context":"In &quot;Not\u00edcias de Ribeir\u00e3o Preto-SP e Regi\u00e3o&quot;","block_context":{"text":"Not\u00edcias de Ribeir\u00e3o Preto-SP e Regi\u00e3o","link":"https:\/\/noticiasribeiraopreto.com.br\/index.php\/category\/noticias-de-ribeirao-preto-sp-e-regiao-ismael-colosi\/"},"img":{"alt_text":"","src":"https:\/\/i0.wp.com\/noticiasribeiraopreto.com.br\/wp-content\/uploads\/2026\/04\/abril_verde-_cerest-1024x683.png?fit=1024%2C683&ssl=1&resize=350%2C200","width":350,"height":200,"srcset":"https:\/\/i0.wp.com\/noticiasribeiraopreto.com.br\/wp-content\/uploads\/2026\/04\/abril_verde-_cerest-1024x683.png?fit=1024%2C683&ssl=1&resize=350%2C200 1x, https:\/\/i0.wp.com\/noticiasribeiraopreto.com.br\/wp-content\/uploads\/2026\/04\/abril_verde-_cerest-1024x683.png?fit=1024%2C683&ssl=1&resize=525%2C300 1.5x, https:\/\/i0.wp.com\/noticiasribeiraopreto.com.br\/wp-content\/uploads\/2026\/04\/abril_verde-_cerest-1024x683.png?fit=1024%2C683&ssl=1&resize=700%2C400 2x"},"classes":[]}],"jetpack_sharing_enabled":true,"jetpack_shortlink":"https:\/\/wp.me\/peQAOb-lc3","_links":{"self":[{"href":"https:\/\/noticiasribeiraopreto.com.br\/index.php\/wp-json\/wp\/v2\/posts\/81471","targetHints":{"allow":["GET"]}}],"collection":[{"href":"https:\/\/noticiasribeiraopreto.com.br\/index.php\/wp-json\/wp\/v2\/posts"}],"about":[{"href":"https:\/\/noticiasribeiraopreto.com.br\/index.php\/wp-json\/wp\/v2\/types\/post"}],"author":[{"embeddable":true,"href":"https:\/\/noticiasribeiraopreto.com.br\/index.php\/wp-json\/wp\/v2\/users\/1"}],"replies":[{"embeddable":true,"href":"https:\/\/noticiasribeiraopreto.com.br\/index.php\/wp-json\/wp\/v2\/comments?post=81471"}],"version-history":[{"count":0,"href":"https:\/\/noticiasribeiraopreto.com.br\/index.php\/wp-json\/wp\/v2\/posts\/81471\/revisions"}],"wp:featuredmedia":[{"embeddable":true,"href":"https:\/\/noticiasribeiraopreto.com.br\/index.php\/wp-json\/wp\/v2\/media\/81472"}],"wp:attachment":[{"href":"https:\/\/noticiasribeiraopreto.com.br\/index.php\/wp-json\/wp\/v2\/media?parent=81471"}],"wp:term":[{"taxonomy":"category","embeddable":true,"href":"https:\/\/noticiasribeiraopreto.com.br\/index.php\/wp-json\/wp\/v2\/categories?post=81471"},{"taxonomy":"post_tag","embeddable":true,"href":"https:\/\/noticiasribeiraopreto.com.br\/index.php\/wp-json\/wp\/v2\/tags?post=81471"}],"curies":[{"name":"wp","href":"https:\/\/api.w.org\/{rel}","templated":true}]}}