{"id":81473,"date":"2026-01-07T08:09:24","date_gmt":"2026-01-07T11:09:24","guid":{"rendered":"https:\/\/noticiasribeiraopreto.com.br\/index.php\/2026\/01\/07\/pai-consegue-guarda-provisoria-da-filha-apos-prisao-da-mae-e-do-padrasto-por-suspeita-de-abuso-em-ribeirao\/"},"modified":"2026-01-07T08:09:24","modified_gmt":"2026-01-07T11:09:24","slug":"pai-consegue-guarda-provisoria-da-filha-apos-prisao-da-mae-e-do-padrasto-por-suspeita-de-abuso-em-ribeirao","status":"publish","type":"post","link":"https:\/\/noticiasribeiraopreto.com.br\/index.php\/2026\/01\/07\/pai-consegue-guarda-provisoria-da-filha-apos-prisao-da-mae-e-do-padrasto-por-suspeita-de-abuso-em-ribeirao\/","title":{"rendered":"Pai consegue guarda provis\u00f3ria da filha ap\u00f3s pris\u00e3o da m\u00e3e e do padrasto por suspeita de abuso em Ribeir\u00e3o"},"content":{"rendered":"<div class='code-block code-block-1' style='margin: 8px 0 8px auto; text-align: right; display: block; clear: both;'>\n<p><a href=\"https:\/\/wa.link\/vpicfd\"><img data-recalc-dims=\"1\" class=\"wp-image-4922\" style=\"aspect-ratio: 2.0253164556962027; width: 561px; height: auto;\" src=\"https:\/\/i0.wp.com\/ismaelcolosi.com.br\/wp-content\/uploads\/2023\/11\/grupo-de-empregos-whatsapp-e-facebook-ismael-colosi-vagas.jpg?ssl=1\" alt=\"\" \/><\/a><\/p>\n<!-- \/wp:image -->\n<\/div>\n<p> <br \/>\n<\/p>\n<div>\n<p>A <strong>Justi\u00e7a <\/strong>concedeu a guarda provis\u00f3ria ao pai da crian\u00e7a de 3 anos ap\u00f3s a <strong>pris\u00e3o da m\u00e3e e do padrasto<\/strong>, investigados por suspeita de abuso sexual contra a menina em <strong>Ribeir\u00e3o Preto<\/strong>.<\/p>\n<p><strong>Leiliane Vit\u00f3ria Oliva Coelho<\/strong>, de 22 anos, e <strong>Andrey Gabriel Eduardo Bento Zancarli<\/strong>, de 23, foram presos no dia 10 de dezembro de 2025. Desde ent\u00e3o, a crian\u00e7a estava em um <strong>abrigo<\/strong>, sob acompanhamento e assist\u00eancia do Conselho Tutelar.<\/p>\n<p>Com a decis\u00e3o, a crian\u00e7a passou a morar com o pai em <strong>Paranapanema<\/strong>, no interior de S\u00e3o Paulo, a cerca de 313 quil\u00f4metros de <strong>Ribeir\u00e3o Preto<\/strong>. Segundo a advogada do homem, Beatriz Moreno, o reencontro dele com a filha foi repleto de emo\u00e7\u00e3o.<\/p>\n<figure class=\"wp-block-pullquote\">\n<blockquote>\n<p>Ela ficou extremamente feliz quando viu o pai, foi uma cena que emocionou a todos. Ela saiu gritando: \u2018papai, papai\u2019, atr\u00e1s dele. Ele chorou demais quando a encontrou. Eles tinha tido alguns encontros pr\u00e9vios na institui\u00e7\u00e3o, mas o reencontro, de fato, para levar ela para casa, foi muito emocionante<\/p>\n<p><cite>Beatriz Moreno, advogada do pai da crian\u00e7a<\/cite><\/p><\/blockquote>\n<\/figure>\n<p>Apesar de n\u00e3o morar em Ribeir\u00e3o Preto, a advogada afirma que <strong>o pai mantinha um conv\u00edvio pr\u00f3ximo com a filha<\/strong>. A crian\u00e7a costumava passar alguns dias na casa dele, e ele tamb\u00e9m vinha com frequ\u00eancia \u00e0 cidade para visit\u00e1-la.<\/p>\n<p>Agora, conforme Moreno, o homem pretende tentar na Justi\u00e7a a guarda definitiva da menina. \u201cA inten\u00e7\u00e3o \u00e9 que o pai fique com a guarda definitiva e talvez pedir alguma extin\u00e7\u00e3o de poder familiar\u201d.<\/p>\n<h2 class=\"wp-block-heading\"><strong>O caso<\/strong><\/h2>\n<p>A investiga\u00e7\u00e3o come\u00e7ou ap\u00f3s um homem, que mantinha um <strong>relacionamento extraconjugal com a m\u00e3e da crian\u00e7a<\/strong>, encontrar no celular dela mensagens e v\u00eddeos que, segundo a pol\u00edcia, <mark style=\"background-color:#fcb900\" class=\"has-inline-color\">registravam conte\u00fados que indicam abusos sexuais contra a menina. Ele disse que a crian\u00e7a seria dopada na a\u00e7\u00e3o.<\/mark><\/p>\n<p>O casal foi detido pela pol\u00edcia em 10 de dezembro e, no dia 11 de dezembro, a Justi\u00e7a <strong>converteu a pris\u00e3o em preventiva<\/strong>, o que significa que eles permanecer\u00e3o custodiados enquanto a investiga\u00e7\u00e3o continua.<\/p>\n<p>A <strong>m\u00e3e <\/strong>e o <strong>padrasto <\/strong>foram atuados por crimes como <strong>estupro de vulner\u00e1vel<\/strong>, <strong>transmiss\u00e3o <\/strong>e <strong>divulga\u00e7\u00e3o de imagens de conte\u00fado sexual ou pornogr\u00e1fico e armazenamento de material de pornografia infantil<\/strong>.<\/p>\n<p>Conforme a delegada <strong>Michela Ragazzi<\/strong>, da Delegacia de Defesa da Mulher (DDM) de Ribeir\u00e3o Preto, o material apreendido apresenta conte\u00fado extremamente chocante e refor\u00e7a a gravidade das acusa\u00e7\u00f5es.<\/p>\n<p>Segundo a investiga\u00e7\u00e3o, a pr\u00f3pria m\u00e3e teria incentivado o companheiro a desenvolver um fetiche envolvendo a filha. A Pol\u00edcia Civil segue apurando o caso. Se condenados, os dois podem pegar penas que ultrapassam <strong>20 anos de pris\u00e3o<\/strong>.<\/p>\n<p><em>*Com informa\u00e7\u00f5es da EPTV<\/em><\/p>\n<hr class=\"wp-block-separator has-alpha-channel-opacity\"\/>\n<p>SAIBA MAIS<\/p>\n<p>\u2018Ele chegou a olhar para o lado\u2019, diz testemunha sobre motorista que atropelou crian\u00e7a em Ribeir\u00e3o<\/p>\n<h2 class=\"wp-block-heading\"><strong>FIQUE ON<\/strong><\/h2>\n<p>Fique ligado em tudo que acontece em Ribeir\u00e3o Preto e regi\u00e3o. Siga os perfis do\u00a0<strong>acidade on<\/strong>\u00a0no<a href=\"https:\/\/www.instagram.com\/acidadeonribeirao\" target=\"_blank\" rel=\"noreferrer noopener\">\u00a0Instagram<\/a>\u00a0e no<a href=\"https:\/\/www.facebook.com\/acidadeonribeirao\/\" target=\"_blank\" rel=\"noreferrer noopener\">\u00a0Facebook<\/a>.<\/p>\n<p>Receba not\u00edcias do<strong>\u00a0acidade on\u00a0<\/strong>no WhatsApp. Para entrar no grupo,\u00a0basta\u00a0<a href=\"https:\/\/chat.whatsapp.com\/GFH9HUMUTHNFJdnyEd0xxq\" target=\"_blank\" rel=\"noreferrer noopener\">clicar aqui<\/a>. Ou, acesse o nosso\u00a0Canal<a href=\"https:\/\/whatsapp.com\/channel\/0029Vb6IQl1JENyAeS57fk2p\" target=\"_blank\" rel=\"noreferrer noopener\">\u00a0clicando aqui<\/a>.<\/p>\n<p>Fa\u00e7a uma den\u00fancia ou sugira uma reportagem sobre Ribeir\u00e3o Preto e regi\u00e3o pelo WhatsApp: 16 99117 7802.<\/p>\n<p>VEJA TAMB\u00c9M<br \/>O erro que ningu\u00e9m v\u00ea no p\u00f3s-evento e as 5 a\u00e7\u00f5es que realmente definem quem cresce<\/p>\n<p><!-- AI CONTENT END 1 -->\n<\/div>\n<p><script async src=\"\/\/www.instagram.com\/embed.js\"><\/script><br \/>\n<br \/><br \/>\n<br \/><a href=\"https:\/\/www.acidadeon.com\/ribeiraopreto\/cotidiano\/pai-consegue-guarda-provisoria-da-filha-apos-prisao-da-mae-e-do-padrasto-por-suspeita-de-abuso-em-ribeirao\/\">Source link <\/a><\/p>\n<!-- CONTENT END 1 -->\n","protected":false},"excerpt":{"rendered":"<p>A Justi\u00e7a concedeu a guarda provis\u00f3ria ao pai da crian\u00e7a de 3 anos ap\u00f3s a pris\u00e3o da m\u00e3e e do padrasto, investigados por suspeita de&#8230;<\/p>\n","protected":false},"author":1,"featured_media":80810,"comment_status":"open","ping_status":"open","sticky":false,"template":"","format":"standard","meta":{"advanced_seo_description":"","jetpack_seo_html_title":"","jetpack_seo_noindex":false,"jetpack_post_was_ever_published":false,"_jetpack_newsletter_access":"","_jetpack_dont_email_post_to_subs":false,"_jetpack_newsletter_tier_id":0,"_jetpack_memberships_contains_paywalled_content":false,"_jetpack_memberships_contains_paid_content":false,"footnotes":"","jetpack_publicize_message":"","jetpack_publicize_feature_enabled":true,"jetpack_social_post_already_shared":true,"jetpack_social_options":{"image_generator_settings":{"template":"highway","default_image_id":0,"font":"","enabled":false},"version":2}},"categories":[11],"tags":[],"class_list":["post-81473","post","type-post","status-publish","format-standard","has-post-thumbnail","hentry","category-noticias-de-ribeirao-preto-sp-e-regiao-ismael-colosi"],"jetpack_publicize_connections":[],"jetpack_featured_media_url":"https:\/\/i0.wp.com\/noticiasribeiraopreto.com.br\/wp-content\/uploads\/2025\/12\/domingo_2025-12-13_14-13-39.webp.webp?fit=1200%2C675&ssl=1","jetpack-related-posts":[{"id":80809,"url":"https:\/\/noticiasribeiraopreto.com.br\/index.php\/2025\/12\/14\/o-que-se-sabe-sobre-a-prisao-de-mae-e-padrasto-acusados-de-abuso-de-uma-crianca-de-3-anos-em-ribeirao-preto\/","url_meta":{"origin":81473,"position":0},"title":"O que se sabe sobre a pris\u00e3o de m\u00e3e e padrasto acusados de abuso de uma crian\u00e7a de 3 anos em Ribeir\u00e3o Preto","author":"noticiasribeiraopreto.com.br","date":"14 de December de 2025","format":false,"excerpt":"Na \u00faltima quinta-feira (10), Leilane Vit\u00f3ria Coelho, de 22 anos, e o companheiro dela, Andrey Gabriel Zancarli, de 23 anos, tiveram a pris\u00e3o preventiva decretada pela Justi\u00e7a acusados de abuso sexual contra a filha de Leilane, uma crian\u00e7a de tr\u00eas anos. Como o caso veio \u00e0 tona? A investiga\u00e7\u00e3o come\u00e7ou\u2026","rel":"","context":"In &quot;Not\u00edcias de Ribeir\u00e3o Preto-SP e Regi\u00e3o&quot;","block_context":{"text":"Not\u00edcias de Ribeir\u00e3o Preto-SP e Regi\u00e3o","link":"https:\/\/noticiasribeiraopreto.com.br\/index.php\/category\/noticias-de-ribeirao-preto-sp-e-regiao-ismael-colosi\/"},"img":{"alt_text":"","src":"https:\/\/i0.wp.com\/noticiasribeiraopreto.com.br\/wp-content\/uploads\/2025\/12\/domingo_2025-12-13_14-13-39.webp.webp?fit=1200%2C675&ssl=1&resize=350%2C200","width":350,"height":200,"srcset":"https:\/\/i0.wp.com\/noticiasribeiraopreto.com.br\/wp-content\/uploads\/2025\/12\/domingo_2025-12-13_14-13-39.webp.webp?fit=1200%2C675&ssl=1&resize=350%2C200 1x, https:\/\/i0.wp.com\/noticiasribeiraopreto.com.br\/wp-content\/uploads\/2025\/12\/domingo_2025-12-13_14-13-39.webp.webp?fit=1200%2C675&ssl=1&resize=525%2C300 1.5x, https:\/\/i0.wp.com\/noticiasribeiraopreto.com.br\/wp-content\/uploads\/2025\/12\/domingo_2025-12-13_14-13-39.webp.webp?fit=1200%2C675&ssl=1&resize=700%2C400 2x, https:\/\/i0.wp.com\/noticiasribeiraopreto.com.br\/wp-content\/uploads\/2025\/12\/domingo_2025-12-13_14-13-39.webp.webp?fit=1200%2C675&ssl=1&resize=1050%2C600 3x"},"classes":[]},{"id":82574,"url":"https:\/\/noticiasribeiraopreto.com.br\/index.php\/2026\/02\/19\/mae-e-padrasto-sao-denunciados-por-estupro-de-vulneravel\/","url_meta":{"origin":81473,"position":1},"title":"M\u00e3e e padrasto s\u00e3o denunciados por estupro de vulner\u00e1vel","author":"noticiasribeiraopreto.com.br","date":"19 de February de 2026","format":false,"excerpt":"\r MP tamb\u00e9m incluiu produ\u00e7\u00e3o de pornografia infantil, divulga\u00e7\u00e3o de pornografia infantil, posse de pornografia infantil e outros crimes\r \r 19 de fevereiro de 2026 11:40 \r Compartilhar1 Por: Adalberto Luque \u2013 Leilane Vit\u00f3ria Oliva Coelho, de 22 anos, e seu companheiro, Andrey Gabriel Zancarli, de 23 anos, foram denunciados\u2026","rel":"","context":"In &quot;Not\u00edcias de Ribeir\u00e3o Preto-SP e Regi\u00e3o&quot;","block_context":{"text":"Not\u00edcias de Ribeir\u00e3o Preto-SP e Regi\u00e3o","link":"https:\/\/noticiasribeiraopreto.com.br\/index.php\/category\/noticias-de-ribeirao-preto-sp-e-regiao-ismael-colosi\/"},"img":{"alt_text":"","src":"https:\/\/i0.wp.com\/noticiasribeiraopreto.com.br\/wp-content\/uploads\/2026\/02\/19-fev-2026-maeestupro1.jpg?fit=774%2C435&ssl=1&resize=350%2C200","width":350,"height":200,"srcset":"https:\/\/i0.wp.com\/noticiasribeiraopreto.com.br\/wp-content\/uploads\/2026\/02\/19-fev-2026-maeestupro1.jpg?fit=774%2C435&ssl=1&resize=350%2C200 1x, https:\/\/i0.wp.com\/noticiasribeiraopreto.com.br\/wp-content\/uploads\/2026\/02\/19-fev-2026-maeestupro1.jpg?fit=774%2C435&ssl=1&resize=525%2C300 1.5x, https:\/\/i0.wp.com\/noticiasribeiraopreto.com.br\/wp-content\/uploads\/2026\/02\/19-fev-2026-maeestupro1.jpg?fit=774%2C435&ssl=1&resize=700%2C400 2x"},"classes":[]},{"id":80823,"url":"https:\/\/noticiasribeiraopreto.com.br\/index.php\/2025\/12\/14\/em-29-anos-de-carreira-nunca-vi-algo-assim-afirma-delegada-sobre-caso-de-abuso\/","url_meta":{"origin":81473,"position":2},"title":"&#8216;Em 29 anos de carreira, nunca vi algo assim&#8217;, afirma delegada sobre caso de abuso","author":"noticiasribeiraopreto.com.br","date":"14 de December de 2025","format":false,"excerpt":"A delegada Michela Ragazzi, da Delegacia de Defesa da Mulher (DDM) de Ribeir\u00e3o Preto , classificou como in\u00e9dito o caso que investiga um casal suspeito de abusar sexualmente uma crian\u00e7a de 3 anos. A afirma\u00e7\u00e3o foi na \u00fatilma sexta-feira (12), ap\u00f3s a an\u00e1lise de v\u00eddeos produzidos pelos investigados. Segundo a\u2026","rel":"","context":"In &quot;Not\u00edcias de Ribeir\u00e3o Preto-SP e Regi\u00e3o&quot;","block_context":{"text":"Not\u00edcias de Ribeir\u00e3o Preto-SP e Regi\u00e3o","link":"https:\/\/noticiasribeiraopreto.com.br\/index.php\/category\/noticias-de-ribeirao-preto-sp-e-regiao-ismael-colosi\/"},"img":{"alt_text":"","src":"https:\/\/i0.wp.com\/noticiasribeiraopreto.com.br\/wp-content\/uploads\/2025\/12\/domingo-3_2025-12-14_17-45-33.webp.webp?fit=1200%2C675&ssl=1&resize=350%2C200","width":350,"height":200,"srcset":"https:\/\/i0.wp.com\/noticiasribeiraopreto.com.br\/wp-content\/uploads\/2025\/12\/domingo-3_2025-12-14_17-45-33.webp.webp?fit=1200%2C675&ssl=1&resize=350%2C200 1x, https:\/\/i0.wp.com\/noticiasribeiraopreto.com.br\/wp-content\/uploads\/2025\/12\/domingo-3_2025-12-14_17-45-33.webp.webp?fit=1200%2C675&ssl=1&resize=525%2C300 1.5x, https:\/\/i0.wp.com\/noticiasribeiraopreto.com.br\/wp-content\/uploads\/2025\/12\/domingo-3_2025-12-14_17-45-33.webp.webp?fit=1200%2C675&ssl=1&resize=700%2C400 2x, https:\/\/i0.wp.com\/noticiasribeiraopreto.com.br\/wp-content\/uploads\/2025\/12\/domingo-3_2025-12-14_17-45-33.webp.webp?fit=1200%2C675&ssl=1&resize=1050%2C600 3x"},"classes":[]},{"id":80716,"url":"https:\/\/noticiasribeiraopreto.com.br\/index.php\/2025\/12\/12\/casal-tem-prisao-preventiva-decretada-por-suspeita-de-abuso-em-ribeirao-preto\/","url_meta":{"origin":81473,"position":3},"title":"Casal tem pris\u00e3o preventiva decretada por suspeita de abuso em Ribeir\u00e3o Preto","author":"noticiasribeiraopreto.com.br","date":"12 de December de 2025","format":false,"excerpt":"A Justi\u00e7a decretou nesta quinta-feira (11) a pris\u00e3o preventiva de Leilane Vit\u00f3ria Coelho, de 22 anos, e do companheiro dela, Andrey Gabriel Zancarli, de 23 anos. O casal \u00e9 investigado por suspeita de abusar da filha de Leilane, uma crian\u00e7a de tr\u00eas anos. Leilane deixou a Delegacia de Defesa da\u2026","rel":"","context":"In &quot;Not\u00edcias de Ribeir\u00e3o Preto-SP e Regi\u00e3o&quot;","block_context":{"text":"Not\u00edcias de Ribeir\u00e3o Preto-SP e Regi\u00e3o","link":"https:\/\/noticiasribeiraopreto.com.br\/index.php\/category\/noticias-de-ribeirao-preto-sp-e-regiao-ismael-colosi\/"},"img":{"alt_text":"","src":"https:\/\/i0.wp.com\/noticiasribeiraopreto.com.br\/wp-content\/uploads\/2025\/12\/image_2025-12-11_22-34-17.webp.webp?fit=984%2C554&ssl=1&resize=350%2C200","width":350,"height":200,"srcset":"https:\/\/i0.wp.com\/noticiasribeiraopreto.com.br\/wp-content\/uploads\/2025\/12\/image_2025-12-11_22-34-17.webp.webp?fit=984%2C554&ssl=1&resize=350%2C200 1x, https:\/\/i0.wp.com\/noticiasribeiraopreto.com.br\/wp-content\/uploads\/2025\/12\/image_2025-12-11_22-34-17.webp.webp?fit=984%2C554&ssl=1&resize=525%2C300 1.5x, https:\/\/i0.wp.com\/noticiasribeiraopreto.com.br\/wp-content\/uploads\/2025\/12\/image_2025-12-11_22-34-17.webp.webp?fit=984%2C554&ssl=1&resize=700%2C400 2x"},"classes":[]},{"id":41532,"url":"https:\/\/noticiasribeiraopreto.com.br\/index.php\/2024\/03\/08\/o-que-se-sabe-sobre-mae-acusada-de-agredir-filha-de-3-anos-em-ribeirao-preto\/","url_meta":{"origin":81473,"position":4},"title":"O que se sabe sobre m\u00e3e acusada de agredir filha de 3 anos em Ribeir\u00e3o Preto","author":"noticiasribeiraopreto.com.br","date":"8 de March de 2024","format":false,"excerpt":"A mulher que foi presa ap\u00f3s agredir uma das filhas de apenas tr\u00eas anos de idade recebeu liberdade provis\u00f3ria na quinta-feira (7), ap\u00f3s passar por audi\u00eancia de cust\u00f3dia realizada pelo Tribunal de Justi\u00e7a de S\u00e3o Paulo. Mesmo em liberdade, a m\u00e3e de duas crian\u00e7as ter\u00e1 que cumprir algumas medidas cautelares\u2026","rel":"","context":"In &quot;Not\u00edcias de Ribeir\u00e3o Preto-SP e Regi\u00e3o&quot;","block_context":{"text":"Not\u00edcias de Ribeir\u00e3o Preto-SP e Regi\u00e3o","link":"https:\/\/noticiasribeiraopreto.com.br\/index.php\/category\/noticias-de-ribeirao-preto-sp-e-regiao-ismael-colosi\/"},"img":{"alt_text":"","src":"https:\/\/i0.wp.com\/noticiasribeiraopreto.com.br\/wp-content\/uploads\/2024\/03\/WhatsApp-Image-2023-12-09-at-13.55.44.jpeg?fit=1024%2C576&ssl=1&resize=350%2C200","width":350,"height":200,"srcset":"https:\/\/i0.wp.com\/noticiasribeiraopreto.com.br\/wp-content\/uploads\/2024\/03\/WhatsApp-Image-2023-12-09-at-13.55.44.jpeg?fit=1024%2C576&ssl=1&resize=350%2C200 1x, https:\/\/i0.wp.com\/noticiasribeiraopreto.com.br\/wp-content\/uploads\/2024\/03\/WhatsApp-Image-2023-12-09-at-13.55.44.jpeg?fit=1024%2C576&ssl=1&resize=525%2C300 1.5x, https:\/\/i0.wp.com\/noticiasribeiraopreto.com.br\/wp-content\/uploads\/2024\/03\/WhatsApp-Image-2023-12-09-at-13.55.44.jpeg?fit=1024%2C576&ssl=1&resize=700%2C400 2x"},"classes":[]},{"id":60123,"url":"https:\/\/noticiasribeiraopreto.com.br\/index.php\/2024\/11\/06\/justica-torna-reus-mae-e-padrasto-acusados-por-morte-de-crianca-em-ribeirao-preto\/","url_meta":{"origin":81473,"position":5},"title":"Justi\u00e7a torna r\u00e9us m\u00e3e e padrasto acusados por morte de crian\u00e7a em Ribeir\u00e3o Preto","author":"noticiasribeiraopreto.com.br","date":"6 de November de 2024","format":false,"excerpt":"A Justi\u00e7a aceitou a den\u00fancia do MP-SP (Minist\u00e9rio P\u00fablico de S\u00e3o Paulo) para tornar r\u00e9us a m\u00e3e e o padrasto da menina Sophia da Silva Fernandes, no \u00faltimo m\u00eas de agosto. Segundo a promotoria, Sophia foi v\u00edtima de maus-tratos com resultado em morte. O MP-SP tamb\u00e9m chegou a pedir a\u2026","rel":"","context":"In &quot;Not\u00edcias de Ribeir\u00e3o Preto-SP e Regi\u00e3o&quot;","block_context":{"text":"Not\u00edcias de Ribeir\u00e3o Preto-SP e Regi\u00e3o","link":"https:\/\/noticiasribeiraopreto.com.br\/index.php\/category\/noticias-de-ribeirao-preto-sp-e-regiao-ismael-colosi\/"},"img":{"alt_text":"","src":"https:\/\/i0.wp.com\/noticiasribeiraopreto.com.br\/wp-content\/uploads\/2024\/08\/Copia-de-Copia-de-Copia-de-TAMANHO-EXATO-PARA-FOTOS-NO-SISTEMA-NOVO-4_2024-08-14_23-57-46_png_2024-08-14_23-57-46.webp.webp?fit=1200%2C675&ssl=1&resize=350%2C200","width":350,"height":200,"srcset":"https:\/\/i0.wp.com\/noticiasribeiraopreto.com.br\/wp-content\/uploads\/2024\/08\/Copia-de-Copia-de-Copia-de-TAMANHO-EXATO-PARA-FOTOS-NO-SISTEMA-NOVO-4_2024-08-14_23-57-46_png_2024-08-14_23-57-46.webp.webp?fit=1200%2C675&ssl=1&resize=350%2C200 1x, https:\/\/i0.wp.com\/noticiasribeiraopreto.com.br\/wp-content\/uploads\/2024\/08\/Copia-de-Copia-de-Copia-de-TAMANHO-EXATO-PARA-FOTOS-NO-SISTEMA-NOVO-4_2024-08-14_23-57-46_png_2024-08-14_23-57-46.webp.webp?fit=1200%2C675&ssl=1&resize=525%2C300 1.5x, https:\/\/i0.wp.com\/noticiasribeiraopreto.com.br\/wp-content\/uploads\/2024\/08\/Copia-de-Copia-de-Copia-de-TAMANHO-EXATO-PARA-FOTOS-NO-SISTEMA-NOVO-4_2024-08-14_23-57-46_png_2024-08-14_23-57-46.webp.webp?fit=1200%2C675&ssl=1&resize=700%2C400 2x, https:\/\/i0.wp.com\/noticiasribeiraopreto.com.br\/wp-content\/uploads\/2024\/08\/Copia-de-Copia-de-Copia-de-TAMANHO-EXATO-PARA-FOTOS-NO-SISTEMA-NOVO-4_2024-08-14_23-57-46_png_2024-08-14_23-57-46.webp.webp?fit=1200%2C675&ssl=1&resize=1050%2C600 3x"},"classes":[]}],"jetpack_sharing_enabled":true,"jetpack_shortlink":"https:\/\/wp.me\/peQAOb-lc5","_links":{"self":[{"href":"https:\/\/noticiasribeiraopreto.com.br\/index.php\/wp-json\/wp\/v2\/posts\/81473","targetHints":{"allow":["GET"]}}],"collection":[{"href":"https:\/\/noticiasribeiraopreto.com.br\/index.php\/wp-json\/wp\/v2\/posts"}],"about":[{"href":"https:\/\/noticiasribeiraopreto.com.br\/index.php\/wp-json\/wp\/v2\/types\/post"}],"author":[{"embeddable":true,"href":"https:\/\/noticiasribeiraopreto.com.br\/index.php\/wp-json\/wp\/v2\/users\/1"}],"replies":[{"embeddable":true,"href":"https:\/\/noticiasribeiraopreto.com.br\/index.php\/wp-json\/wp\/v2\/comments?post=81473"}],"version-history":[{"count":0,"href":"https:\/\/noticiasribeiraopreto.com.br\/index.php\/wp-json\/wp\/v2\/posts\/81473\/revisions"}],"wp:featuredmedia":[{"embeddable":true,"href":"https:\/\/noticiasribeiraopreto.com.br\/index.php\/wp-json\/wp\/v2\/media\/80810"}],"wp:attachment":[{"href":"https:\/\/noticiasribeiraopreto.com.br\/index.php\/wp-json\/wp\/v2\/media?parent=81473"}],"wp:term":[{"taxonomy":"category","embeddable":true,"href":"https:\/\/noticiasribeiraopreto.com.br\/index.php\/wp-json\/wp\/v2\/categories?post=81473"},{"taxonomy":"post_tag","embeddable":true,"href":"https:\/\/noticiasribeiraopreto.com.br\/index.php\/wp-json\/wp\/v2\/tags?post=81473"}],"curies":[{"name":"wp","href":"https:\/\/api.w.org\/{rel}","templated":true}]}}