{"id":81474,"date":"2026-01-07T08:20:58","date_gmt":"2026-01-07T11:20:58","guid":{"rendered":"https:\/\/noticiasribeiraopreto.com.br\/index.php\/2026\/01\/07\/licenciamento-2026-ja-esta-disponivel-em-sp-confira-o-calendario\/"},"modified":"2026-01-07T08:20:58","modified_gmt":"2026-01-07T11:20:58","slug":"licenciamento-2026-ja-esta-disponivel-em-sp-confira-o-calendario","status":"publish","type":"post","link":"https:\/\/noticiasribeiraopreto.com.br\/index.php\/2026\/01\/07\/licenciamento-2026-ja-esta-disponivel-em-sp-confira-o-calendario\/","title":{"rendered":"Licenciamento 2026 j\u00e1 est\u00e1 dispon\u00edvel em SP; confira o calend\u00e1rio"},"content":{"rendered":"<div class='code-block code-block-1' style='margin: 8px 0 8px auto; text-align: right; display: block; clear: both;'>\n<p><a href=\"https:\/\/wa.link\/vpicfd\"><img data-recalc-dims=\"1\" class=\"wp-image-4922\" style=\"aspect-ratio: 2.0253164556962027; width: 561px; height: auto;\" src=\"https:\/\/i0.wp.com\/ismaelcolosi.com.br\/wp-content\/uploads\/2023\/11\/grupo-de-empregos-whatsapp-e-facebook-ismael-colosi-vagas.jpg?ssl=1\" alt=\"\" \/><\/a><\/p>\n<!-- \/wp:image -->\n<\/div>\n<p> <br \/>\n<\/p>\n<div data-td-block-uid=\"tdi_95\">\n<div class=\"tdb-block-inner td-fix-index\">\n<p>O <strong>licenciamento de ve\u00edculos para 2026 j\u00e1 est\u00e1 dispon\u00edvel para motoristas do estado de S\u00e3o Paulo.<\/strong> O <a href=\"https:\/\/www.detran.sp.gov.br\/detransp\" data-type=\"link\" data-id=\"https:\/\/www.detran.sp.gov.br\/detransp\" target=\"_blank\" rel=\"noopener\">Departamento Estadual de Tr\u00e2nsito de S\u00e3o Paulo (Detran-SP)<\/a> permite a regulariza\u00e7\u00e3o antecipada no primeiro semestre do ano para ve\u00edculos de todos os finais de placa, antes do in\u00edcio do calend\u00e1rio obrigat\u00f3rio, que vai de julho a dezembro.<\/p>\n<p>Para licenciar o ve\u00edculo, o propriet\u00e1rio precisa quitar o IPVA, eventuais multas de tr\u00e2nsito e a taxa de licenciamento, que em 2026 \u00e9 de <strong>R$ 174,08<\/strong>. Ap\u00f3s o pagamento, o<mark style=\"background-color:#ffffff\" class=\"has-inline-color\"> <\/mark><mark style=\"background-color:#fcb900\" class=\"has-inline-color\">Certificado de Registro e Licenciamento de Ve\u00edculo (CRLV) fica dispon\u00edvel imediatamente em formato digital<\/mark>.<\/p>\n<div class=\"wp-block-image\">\n<figure class=\"aligncenter size-large is-resized\"><img data-recalc-dims=\"1\" fetchpriority=\"high\" decoding=\"async\" width=\"1024\" height=\"576\" src=\"https:\/\/i0.wp.com\/cdn.media-acidadeon.com.br\/ribeiraopreto\/wp-content\/uploads\/sites\/3\/2026\/01\/image_2026-01-06_18-57-11-1024x576.webp?resize=1024%2C576&#038;ssl=1\" alt=\"LICENCIAR\" class=\"wp-image-141337\" style=\"width:764px;height:auto\" title=\"Licenciamento 2026 j\u00e1 est\u00e1 dispon\u00edvel em SP; confira o calend\u00e1rio 1\" srcset=\"https:\/\/cdn.media-acidadeon.com.br\/ribeiraopreto\/wp-content\/uploads\/sites\/3\/2026\/01\/image_2026-01-06_18-57-11-1024x576.webp 1024w, https:\/\/cdn.media-acidadeon.com.br\/ribeiraopreto\/wp-content\/uploads\/sites\/3\/2026\/01\/image_2026-01-06_18-57-11-300x169.webp 300w, https:\/\/cdn.media-acidadeon.com.br\/ribeiraopreto\/wp-content\/uploads\/sites\/3\/2026\/01\/image_2026-01-06_18-57-11-768x432.webp 768w, https:\/\/cdn.media-acidadeon.com.br\/ribeiraopreto\/wp-content\/uploads\/sites\/3\/2026\/01\/image_2026-01-06_18-57-11-696x392.webp 696w, https:\/\/cdn.media-acidadeon.com.br\/ribeiraopreto\/wp-content\/uploads\/sites\/3\/2026\/01\/image_2026-01-06_18-57-11-1068x601.webp 1068w, https:\/\/cdn.media-acidadeon.com.br\/ribeiraopreto\/wp-content\/uploads\/sites\/3\/2026\/01\/image_2026-01-06_18-57-11.webp 1200w\" sizes=\"(max-width: 1024px) 100vw, 1024px\"\/><figcaption class=\"wp-element-caption\">Reprodu\u00e7\u00e3o\/ Detran SP<\/figcaption><\/figure>\n<\/div>\n<p>O documento pode ser acessado pelos sites do Detran-SP, Poupatempo e Secretaria Nacional de Tr\u00e2nsito (Senatran), al\u00e9m dos aplicativos Detran-SP e Poupatempo Digital, com validade tanto no celular quanto impresso em papel comum.<\/p>\n<div class=\"wp-block-image\">\n<figure class=\"aligncenter size-full is-resized\"><img data-recalc-dims=\"1\" decoding=\"async\" src=\"https:\/\/i0.wp.com\/cdn.media-acidadeon.com.br\/ribeiraopreto\/wp-content\/uploads\/sites\/3\/2023\/09\/poupatempo_digital_1024x576_15062021113254.jpg?ssl=1\" alt=\"licenciamento\" class=\"wp-image-45800\" style=\"width:583px;height:auto\" title=\"Licenciamento 2026 j\u00e1 est\u00e1 dispon\u00edvel em SP; confira o calend\u00e1rio 2\"\/><figcaption class=\"wp-element-caption\">Aplicativo Poupatempo Digital. Foto: ACidade ON S\u00e3o Carlos<\/figcaption><\/figure>\n<\/div>\n<p>Caso o licenciamento n\u00e3o apare\u00e7a como dispon\u00edvel, o condutor deve verificar se h\u00e1 d\u00e9bitos pendentes ou algum tipo de bloqueio administrativo, como restri\u00e7\u00f5es judiciais ou gravames. Circular com o licenciamento irregular pode resultar no recolhimento do ve\u00edculo durante fiscaliza\u00e7\u00e3o.<\/p>\n<h3 class=\"wp-block-heading\"><strong>Calend\u00e1rio de licenciamento 2026 em S\u00e3o Paulo<\/strong><\/h3>\n<p>O calend\u00e1rio oficial do licenciamento de ve\u00edculos em S\u00e3o Paulo segue o final da placa e varia conforme a categoria do ve\u00edculo. Os prazos v\u00e3o de julho a dezembro para carros de passeio, motocicletas, caminh\u00f5es e caminh\u00f5es-tratores.<\/p>\n<h4 class=\"wp-block-heading\"><strong>Carros de passeio e motocicletas<\/strong><\/h4>\n<ul class=\"wp-block-list\">\n<li><strong>Placas finais 1 e 2:<\/strong> at\u00e9 o \u00faltimo dia \u00fatil de julho<\/li>\n<li><strong>Placas finais 3 e 4:<\/strong> at\u00e9 o \u00faltimo dia \u00fatil de agosto<\/li>\n<li><strong>Placas finais 5 e 6:<\/strong> at\u00e9 o \u00faltimo dia \u00fatil de setembro<\/li>\n<li><strong>Placas finais 7 e 8:<\/strong> at\u00e9 o \u00faltimo dia \u00fatil de outubro<\/li>\n<li><strong>Placa final 9:<\/strong> at\u00e9 o \u00faltimo dia \u00fatil de novembro<\/li>\n<li><strong>Placa final 0:<\/strong> at\u00e9 o \u00faltimo dia \u00fatil de dezembro<\/li>\n<\/ul>\n<h4 class=\"wp-block-heading\"><strong>Caminh\u00f5es e caminh\u00f5es-tratores<\/strong><\/h4>\n<ul class=\"wp-block-list\">\n<li><strong>Placas finais 1 e 2:<\/strong> m\u00eas de setembro<\/li>\n<li><strong>Placas finais 3, 4 e 5:<\/strong> m\u00eas de outubro<\/li>\n<li><strong>Placas finais 6, 7 e 8:<\/strong> m\u00eas de novembro<\/li>\n<li><strong>Placas finais 9 e 0:<\/strong> m\u00eas de dezembro<\/li>\n<\/ul>\n<hr class=\"wp-block-separator has-alpha-channel-opacity\"\/>\n<p>SAIBA MAIS<br \/>Quando ser\u00e1 o pr\u00f3ximo sorteio da Mega-Sena? Confira o pr\u00eamio estimado<\/p>\n<h2 class=\"wp-block-heading\"><strong>FIQUE ON<\/strong><\/h2>\n<p>Fique ligado em tudo que acontece em Ribeir\u00e3o Preto e regi\u00e3o. Siga os perfis do\u00a0<strong>acidade on<\/strong>\u00a0no<a href=\"https:\/\/www.instagram.com\/acidadeonribeirao\" target=\"_blank\" rel=\"noreferrer noopener\">\u00a0Instagram<\/a>\u00a0e no<a href=\"https:\/\/www.facebook.com\/acidadeonribeirao\/\" target=\"_blank\" rel=\"noreferrer noopener\">\u00a0Facebook<\/a>.<\/p>\n<p>Receba not\u00edcias do<strong>\u00a0acidade on\u00a0<\/strong>no WhatsApp. Para entrar no grupo,\u00a0basta\u00a0<a href=\"https:\/\/chat.whatsapp.com\/GFH9HUMUTHNFJdnyEd0xxq\" target=\"_blank\" rel=\"noreferrer noopener\">clicar aqui<\/a>. Ou, acesse o nosso\u00a0Canal<a href=\"https:\/\/whatsapp.com\/channel\/0029Vb6IQl1JENyAeS57fk2p\" target=\"_blank\" rel=\"noreferrer noopener\">\u00a0clicando aqui<\/a>.<\/p>\n<p>Fa\u00e7a uma den\u00fancia ou sugira uma reportagem sobre Ribeir\u00e3o Preto e regi\u00e3o pelo WhatsApp: 16 99117 7802.<\/p>\n<p>VEJA TAMB\u00c9M<br \/>O erro que ningu\u00e9m v\u00ea no p\u00f3s-evento e as 5 a\u00e7\u00f5es que realmente definem quem cresce<\/p>\n<p><!-- AI CONTENT END 1 -->\n<\/div>\n<\/div>\n<p><script async src=\"\/\/www.instagram.com\/embed.js\"><\/script><br \/>\n<br \/><br \/>\n<br \/><a href=\"https:\/\/www.acidadeon.com\/ribeiraopreto\/economia\/licenciamento-2026-ja-esta-disponivel-em-sp-confira-o-calendario\/\">Source link <\/a><\/p>\n<!-- CONTENT END 1 -->\n","protected":false},"excerpt":{"rendered":"<p>O licenciamento de ve\u00edculos para 2026 j\u00e1 est\u00e1 dispon\u00edvel para motoristas do estado de S\u00e3o Paulo. O Departamento Estadual de Tr\u00e2nsito de S\u00e3o Paulo (Detran-SP)&#8230;<\/p>\n","protected":false},"author":1,"featured_media":73842,"comment_status":"open","ping_status":"open","sticky":false,"template":"","format":"standard","meta":{"advanced_seo_description":"","jetpack_seo_html_title":"","jetpack_seo_noindex":false,"jetpack_post_was_ever_published":false,"_jetpack_newsletter_access":"","_jetpack_dont_email_post_to_subs":false,"_jetpack_newsletter_tier_id":0,"_jetpack_memberships_contains_paywalled_content":false,"_jetpack_memberships_contains_paid_content":false,"footnotes":"","jetpack_publicize_message":"","jetpack_publicize_feature_enabled":true,"jetpack_social_post_already_shared":true,"jetpack_social_options":{"image_generator_settings":{"template":"highway","default_image_id":0,"font":"","enabled":false},"version":2}},"categories":[11],"tags":[],"class_list":["post-81474","post","type-post","status-publish","format-standard","has-post-thumbnail","hentry","category-noticias-de-ribeirao-preto-sp-e-regiao-ismael-colosi"],"jetpack_publicize_connections":[],"jetpack_featured_media_url":"https:\/\/i0.wp.com\/noticiasribeiraopreto.com.br\/wp-content\/uploads\/2025\/07\/WhatsApp-Image-2025-04-28-at-07.17.05_2025-04-28_10-22-30.webp.webp?fit=1200%2C900&ssl=1","jetpack-related-posts":[{"id":82118,"url":"https:\/\/noticiasribeiraopreto.com.br\/index.php\/2026\/02\/04\/ribeirao-preto-aparece-na-5a-posicao-em-sp-com-60-mil-veiculos-licenciados\/","url_meta":{"origin":81474,"position":0},"title":"Ribeir\u00e3o Preto aparece na 5\u00aa posi\u00e7\u00e3o em SP com 60 mil ve\u00edculos licenciados","author":"noticiasribeiraopreto.com.br","date":"4 de February de 2026","format":false,"excerpt":"Ribeir\u00e3o Preto est\u00e1 entre os munic\u00edpios com maior n\u00famero de ve\u00edculos licenciados no estado de S\u00e3o Paulo em 2026. Dados do Departamento Estadual de Tr\u00e2nsito de S\u00e3o Paulo (Detran-SP) indicam que 60.270 ve\u00edculos foram licenciados na cidade em janeiro, o que coloca o munic\u00edpio na 5\u00aa posi\u00e7\u00e3o no ranking estadual.\u2026","rel":"","context":"In &quot;Not\u00edcias de Ribeir\u00e3o Preto-SP e Regi\u00e3o&quot;","block_context":{"text":"Not\u00edcias de Ribeir\u00e3o Preto-SP e Regi\u00e3o","link":"https:\/\/noticiasribeiraopreto.com.br\/index.php\/category\/noticias-de-ribeirao-preto-sp-e-regiao-ismael-colosi\/"},"img":{"alt_text":"","src":"https:\/\/i0.wp.com\/noticiasribeiraopreto.com.br\/wp-content\/uploads\/2025\/07\/WhatsApp-Image-2025-04-28-at-07.17.05_2025-04-28_10-22-30.webp.webp?fit=1200%2C900&ssl=1&resize=350%2C200","width":350,"height":200,"srcset":"https:\/\/i0.wp.com\/noticiasribeiraopreto.com.br\/wp-content\/uploads\/2025\/07\/WhatsApp-Image-2025-04-28-at-07.17.05_2025-04-28_10-22-30.webp.webp?fit=1200%2C900&ssl=1&resize=350%2C200 1x, https:\/\/i0.wp.com\/noticiasribeiraopreto.com.br\/wp-content\/uploads\/2025\/07\/WhatsApp-Image-2025-04-28-at-07.17.05_2025-04-28_10-22-30.webp.webp?fit=1200%2C900&ssl=1&resize=525%2C300 1.5x, https:\/\/i0.wp.com\/noticiasribeiraopreto.com.br\/wp-content\/uploads\/2025\/07\/WhatsApp-Image-2025-04-28-at-07.17.05_2025-04-28_10-22-30.webp.webp?fit=1200%2C900&ssl=1&resize=700%2C400 2x, https:\/\/i0.wp.com\/noticiasribeiraopreto.com.br\/wp-content\/uploads\/2025\/07\/WhatsApp-Image-2025-04-28-at-07.17.05_2025-04-28_10-22-30.webp.webp?fit=1200%2C900&ssl=1&resize=1050%2C600 3x"},"classes":[]},{"id":24112,"url":"https:\/\/noticiasribeiraopreto.com.br\/index.php\/2024\/01\/03\/multas-licenciamento-e-transferencia-de-veiculos-podem-ser-pagos-por-pix-veja-como\/","url_meta":{"origin":81474,"position":1},"title":"Multas, licenciamento e transfer\u00eancia de ve\u00edculos podem ser pagos por Pix; Veja como","author":"noticiasribeiraopreto.com.br","date":"3 de January de 2024","format":false,"excerpt":"A partir desta quarta-feira (3) o Governo de S\u00e3o Paulo vai liberar o pagamento do licenciamento, da transfer\u00eancia de ve\u00edculos e de multas de tr\u00e2nsito por Pix. A opera\u00e7\u00e3o ser\u00e1 feita por meio da gera\u00e7\u00e3o de um QR Code, obtido do portal da Sefaz-SP (Secretaria da Fazenda de S\u00e3o Paulo).\u2026","rel":"","context":"In &quot;Not\u00edcias de Ribeir\u00e3o Preto-SP e Regi\u00e3o&quot;","block_context":{"text":"Not\u00edcias de Ribeir\u00e3o Preto-SP e Regi\u00e3o","link":"https:\/\/noticiasribeiraopreto.com.br\/index.php\/category\/noticias-de-ribeirao-preto-sp-e-regiao-ismael-colosi\/"},"img":{"alt_text":"","src":"https:\/\/i0.wp.com\/noticiasribeiraopreto.com.br\/wp-content\/uploads\/2024\/01\/homem-segurando-celular-pix.jpg?fit=1200%2C800&ssl=1&resize=350%2C200","width":350,"height":200,"srcset":"https:\/\/i0.wp.com\/noticiasribeiraopreto.com.br\/wp-content\/uploads\/2024\/01\/homem-segurando-celular-pix.jpg?fit=1200%2C800&ssl=1&resize=350%2C200 1x, https:\/\/i0.wp.com\/noticiasribeiraopreto.com.br\/wp-content\/uploads\/2024\/01\/homem-segurando-celular-pix.jpg?fit=1200%2C800&ssl=1&resize=525%2C300 1.5x, https:\/\/i0.wp.com\/noticiasribeiraopreto.com.br\/wp-content\/uploads\/2024\/01\/homem-segurando-celular-pix.jpg?fit=1200%2C800&ssl=1&resize=700%2C400 2x, https:\/\/i0.wp.com\/noticiasribeiraopreto.com.br\/wp-content\/uploads\/2024\/01\/homem-segurando-celular-pix.jpg?fit=1200%2C800&ssl=1&resize=1050%2C600 3x"},"classes":[]},{"id":11907,"url":"https:\/\/noticiasribeiraopreto.com.br\/index.php\/2023\/12\/07\/calendario-do-ipva-2024-e-divulgado-com-nova-opcao-de-pagamento-via-pix\/","url_meta":{"origin":81474,"position":2},"title":"Calend\u00e1rio do IPVA 2024 \u00e9 divulgado com nova op\u00e7\u00e3o de pagamento via Pix","author":"noticiasribeiraopreto.com.br","date":"7 de December de 2023","format":false,"excerpt":"O Governo do Estado de S\u00e3o Paulo divulgou nesta quarta-feira, 6 de dezembro, o calend\u00e1rio de pagamento do IPVA 2024 (Imposto sobre a Propriedade de Ve\u00edculos Automotores), com o primeiro vencimento para 11 de janeiro. A medida foi publicada por meio do Decreto n\u00ba 68.142\/2023, no Di\u00e1rio Oficial do Estado\u2026","rel":"","context":"In &quot;Vagas de Emprego em Ribeir\u00e3o Preto-SP&quot;","block_context":{"text":"Vagas de Emprego em Ribeir\u00e3o Preto-SP","link":"https:\/\/noticiasribeiraopreto.com.br\/index.php\/category\/empregos-classificados-vagas-trabalho\/vagas-de-empregos-em-ribeirao-preto-regiao-brasil\/"},"img":{"alt_text":"","src":"https:\/\/i0.wp.com\/noticiasribeiraopreto.com.br\/wp-content\/uploads\/2023\/12\/calendario-ipva-2024-sao-paulo.jpg?fit=570%2C555&ssl=1&resize=350%2C200","width":350,"height":200,"srcset":"https:\/\/i0.wp.com\/noticiasribeiraopreto.com.br\/wp-content\/uploads\/2023\/12\/calendario-ipva-2024-sao-paulo.jpg?fit=570%2C555&ssl=1&resize=350%2C200 1x, https:\/\/i0.wp.com\/noticiasribeiraopreto.com.br\/wp-content\/uploads\/2023\/12\/calendario-ipva-2024-sao-paulo.jpg?fit=570%2C555&ssl=1&resize=525%2C300 1.5x"},"classes":[]},{"id":11599,"url":"https:\/\/noticiasribeiraopreto.com.br\/index.php\/2023\/12\/06\/ipva-2024-em-sao-paulo-calendario-comeca-em-11-de-janeiro-veja-quando-vence-o-imposto-do-seu-carro-de-acordo-com-a-placa\/","url_meta":{"origin":81474,"position":3},"title":"IPVA 2024 em S\u00e3o Paulo: calend\u00e1rio come\u00e7a em 11 de janeiro; veja quando vence o imposto do seu carro, de acordo com a placa","author":"noticiasribeiraopreto.com.br","date":"6 de December de 2023","format":false,"excerpt":"Aten\u00e7\u00e3o: as despesas da virada do ano v\u00eam a\u00ed! O governo do estado de S\u00e3o Paulo publicou no Di\u00e1rio Oficial paulista desta quarta-feira (06) o calend\u00e1rio com as datas de vencimento do Imposto sobre a Propriedade de Ve\u00edculos Automotores - IPVA 2024, de acordo com o tipo e a placa\u2026","rel":"","context":"In &quot;Dinheiro e Investimento&quot;","block_context":{"text":"Dinheiro e Investimento","link":"https:\/\/noticiasribeiraopreto.com.br\/index.php\/category\/dinheiro-e-investimento-como-fazer-como-ganhar\/"},"img":{"alt_text":"","src":"https:\/\/i0.wp.com\/noticiasribeiraopreto.com.br\/wp-content\/uploads\/2023\/12\/shutterstock_420463105-628x353.jpg?fit=628%2C353&ssl=1&resize=350%2C200","width":350,"height":200,"srcset":"https:\/\/i0.wp.com\/noticiasribeiraopreto.com.br\/wp-content\/uploads\/2023\/12\/shutterstock_420463105-628x353.jpg?fit=628%2C353&ssl=1&resize=350%2C200 1x, https:\/\/i0.wp.com\/noticiasribeiraopreto.com.br\/wp-content\/uploads\/2023\/12\/shutterstock_420463105-628x353.jpg?fit=628%2C353&ssl=1&resize=525%2C300 1.5x"},"classes":[]},{"id":62293,"url":"https:\/\/noticiasribeiraopreto.com.br\/index.php\/2025\/01\/09\/calendario-parcelamento-e-desconto-saiba-tudo-sobre-o-ipva-2025\/","url_meta":{"origin":81474,"position":4},"title":"Calend\u00e1rio, parcelamento e desconto: Saiba tudo sobre o IPVA 2025","author":"noticiasribeiraopreto.com.br","date":"9 de January de 2025","format":false,"excerpt":"Os motoristas j\u00e1 podem realizar o pagamento do Imposto sobre a Propriedade de Ve\u00edculos Automotores (IPVA) 2025. A arrecada\u00e7\u00e3o do imposto \u00e9 dividida da seguinte forma: 20% s\u00e3o destinados \u00e0 Educa\u00e7\u00e3o B\u00e1sica (Fundeb), e o restante \u00e9 dividido igualmente entre o Estado e os munic\u00edpios de registro dos ve\u00edculos, contribuindo\u2026","rel":"","context":"In &quot;Not\u00edcias de Ribeir\u00e3o Preto-SP e Regi\u00e3o&quot;","block_context":{"text":"Not\u00edcias de Ribeir\u00e3o Preto-SP e Regi\u00e3o","link":"https:\/\/noticiasribeiraopreto.com.br\/index.php\/category\/noticias-de-ribeirao-preto-sp-e-regiao-ismael-colosi\/"},"img":{"alt_text":"","src":"https:\/\/i0.wp.com\/noticiasribeiraopreto.com.br\/wp-content\/uploads\/2024\/04\/AnyConv.com__dpvat.webp.webp?fit=1112%2C651&ssl=1&resize=350%2C200","width":350,"height":200,"srcset":"https:\/\/i0.wp.com\/noticiasribeiraopreto.com.br\/wp-content\/uploads\/2024\/04\/AnyConv.com__dpvat.webp.webp?fit=1112%2C651&ssl=1&resize=350%2C200 1x, https:\/\/i0.wp.com\/noticiasribeiraopreto.com.br\/wp-content\/uploads\/2024\/04\/AnyConv.com__dpvat.webp.webp?fit=1112%2C651&ssl=1&resize=525%2C300 1.5x, https:\/\/i0.wp.com\/noticiasribeiraopreto.com.br\/wp-content\/uploads\/2024\/04\/AnyConv.com__dpvat.webp.webp?fit=1112%2C651&ssl=1&resize=700%2C400 2x, https:\/\/i0.wp.com\/noticiasribeiraopreto.com.br\/wp-content\/uploads\/2024\/04\/AnyConv.com__dpvat.webp.webp?fit=1112%2C651&ssl=1&resize=1050%2C600 3x"},"classes":[]},{"id":21938,"url":"https:\/\/noticiasribeiraopreto.com.br\/index.php\/2023\/12\/28\/ipva-2024-ja-esta-disponivel-para-consulta-e-pagamento\/","url_meta":{"origin":81474,"position":5},"title":"IPVA 2024 j\u00e1 est\u00e1 dispon\u00edvel para consulta e pagamento","author":"noticiasribeiraopreto.com.br","date":"28 de December de 2023","format":false,"excerpt":"Os propriet\u00e1rios de ve\u00edculos registrados no Estado de S\u00e3o Paulo j\u00e1 podem conferir o valor do Imposto sobre a Propriedade de Ve\u00edculos Automotores (IPVA) de 2024 em toda a rede banc\u00e1ria. A consulta pode ser realizada nos terminais de autoatendimento, internet banking e aplicativos de celular disponibilizados pelos bancos, bastando\u2026","rel":"","context":"In &quot;Not\u00edcias de Ribeir\u00e3o Preto-SP e Regi\u00e3o&quot;","block_context":{"text":"Not\u00edcias de Ribeir\u00e3o Preto-SP e Regi\u00e3o","link":"https:\/\/noticiasribeiraopreto.com.br\/index.php\/category\/noticias-de-ribeirao-preto-sp-e-regiao-ismael-colosi\/"},"img":{"alt_text":"","src":"https:\/\/i0.wp.com\/noticiasribeiraopreto.com.br\/wp-content\/uploads\/2023\/12\/carros-ipva.jpg?fit=700%2C450&ssl=1&resize=350%2C200","width":350,"height":200,"srcset":"https:\/\/i0.wp.com\/noticiasribeiraopreto.com.br\/wp-content\/uploads\/2023\/12\/carros-ipva.jpg?fit=700%2C450&ssl=1&resize=350%2C200 1x, https:\/\/i0.wp.com\/noticiasribeiraopreto.com.br\/wp-content\/uploads\/2023\/12\/carros-ipva.jpg?fit=700%2C450&ssl=1&resize=525%2C300 1.5x, https:\/\/i0.wp.com\/noticiasribeiraopreto.com.br\/wp-content\/uploads\/2023\/12\/carros-ipva.jpg?fit=700%2C450&ssl=1&resize=700%2C400 2x"},"classes":[]}],"jetpack_sharing_enabled":true,"jetpack_shortlink":"https:\/\/wp.me\/peQAOb-lc6","_links":{"self":[{"href":"https:\/\/noticiasribeiraopreto.com.br\/index.php\/wp-json\/wp\/v2\/posts\/81474","targetHints":{"allow":["GET"]}}],"collection":[{"href":"https:\/\/noticiasribeiraopreto.com.br\/index.php\/wp-json\/wp\/v2\/posts"}],"about":[{"href":"https:\/\/noticiasribeiraopreto.com.br\/index.php\/wp-json\/wp\/v2\/types\/post"}],"author":[{"embeddable":true,"href":"https:\/\/noticiasribeiraopreto.com.br\/index.php\/wp-json\/wp\/v2\/users\/1"}],"replies":[{"embeddable":true,"href":"https:\/\/noticiasribeiraopreto.com.br\/index.php\/wp-json\/wp\/v2\/comments?post=81474"}],"version-history":[{"count":0,"href":"https:\/\/noticiasribeiraopreto.com.br\/index.php\/wp-json\/wp\/v2\/posts\/81474\/revisions"}],"wp:featuredmedia":[{"embeddable":true,"href":"https:\/\/noticiasribeiraopreto.com.br\/index.php\/wp-json\/wp\/v2\/media\/73842"}],"wp:attachment":[{"href":"https:\/\/noticiasribeiraopreto.com.br\/index.php\/wp-json\/wp\/v2\/media?parent=81474"}],"wp:term":[{"taxonomy":"category","embeddable":true,"href":"https:\/\/noticiasribeiraopreto.com.br\/index.php\/wp-json\/wp\/v2\/categories?post=81474"},{"taxonomy":"post_tag","embeddable":true,"href":"https:\/\/noticiasribeiraopreto.com.br\/index.php\/wp-json\/wp\/v2\/tags?post=81474"}],"curies":[{"name":"wp","href":"https:\/\/api.w.org\/{rel}","templated":true}]}}