{"id":81479,"date":"2026-01-07T08:41:31","date_gmt":"2026-01-07T11:41:31","guid":{"rendered":"https:\/\/noticiasribeiraopreto.com.br\/index.php\/2026\/01\/07\/ribeirao-preto-abre-inscricoes-para-eventos-durante-o-carnaval-2026\/"},"modified":"2026-01-07T08:41:31","modified_gmt":"2026-01-07T11:41:31","slug":"ribeirao-preto-abre-inscricoes-para-eventos-durante-o-carnaval-2026","status":"publish","type":"post","link":"https:\/\/noticiasribeiraopreto.com.br\/index.php\/2026\/01\/07\/ribeirao-preto-abre-inscricoes-para-eventos-durante-o-carnaval-2026\/","title":{"rendered":"Ribeir\u00e3o Preto abre inscri\u00e7\u00f5es para eventos durante o Carnaval 2026"},"content":{"rendered":"<div class='code-block code-block-1' style='margin: 8px 0 8px auto; text-align: right; display: block; clear: both;'>\n<p><a href=\"https:\/\/wa.link\/vpicfd\"><img data-recalc-dims=\"1\" class=\"wp-image-4922\" style=\"aspect-ratio: 2.0253164556962027; width: 561px; height: auto;\" src=\"https:\/\/i0.wp.com\/ismaelcolosi.com.br\/wp-content\/uploads\/2023\/11\/grupo-de-empregos-whatsapp-e-facebook-ismael-colosi-vagas.jpg?ssl=1\" alt=\"\" \/><\/a><\/p>\n<!-- \/wp:image -->\n<\/div>\n<p> <br \/>\n<\/p>\n<div data-td-block-uid=\"tdi_95\">\n<div class=\"tdb-block-inner td-fix-index\">\n<p>A<strong> Secretaria Municipal da Cultura e Turismo de Ribeir\u00e3o Preto <\/strong>abriu as inscri\u00e7\u00f5es para o cadastramento de atividades culturais carnavalescas que ir\u00e3o compor a programa\u00e7\u00e3o oficial do <strong>Carnaval 2026<\/strong>.<\/p>\n<p>O cadastro deve ser realizado pela internet (<a href=\"https:\/\/docs.google.com\/forms\/d\/1pMCz_F-OEUXBGAVdjxj5eko8Xg-fdVhtLeFci9onheA\/viewform?ts=695bf7c8&amp;edit_requested=true\" data-type=\"link\" data-id=\"https:\/\/docs.google.com\/forms\/d\/1pMCz_F-OEUXBGAVdjxj5eko8Xg-fdVhtLeFci9onheA\/viewform?ts=695bf7c8&amp;edit_requested=true\" target=\"_blank\" rel=\"noopener\">clique aqui<\/a>) entre os dias 6 e 20 de janeiro.<\/p>\n<h2 class=\"wp-block-heading\"><strong>Quem pode participar?<\/strong><\/h2>\n<p>Podem se inscrever escolas de samba, blocos carnavalescos, afox\u00e9s, maracatus, grupos art\u00edsticos e culturais, al\u00e9m de outros interessados em promover atividades nos espa\u00e7os p\u00fablicos durante o Carnaval.<\/p>\n<h2 class=\"wp-block-heading\"><strong>Inscri\u00e7\u00f5es<\/strong><\/h2>\n<p><a href=\"https:\/\/docs.google.com\/forms\/d\/1pMCz_F-OEUXBGAVdjxj5eko8Xg-fdVhtLeFci9onheA\/viewform?ts=695bf7c8&amp;edit_requested=true\" data-type=\"link\" data-id=\"https:\/\/docs.google.com\/forms\/d\/1pMCz_F-OEUXBGAVdjxj5eko8Xg-fdVhtLeFci9onheA\/viewform?ts=695bf7c8&amp;edit_requested=true\" target=\"_blank\" rel=\"noopener\">Link para cadastro (clique aqui)<\/a><\/p>\n<p>Per\u00edodo de inscri\u00e7\u00e3o:<\/p>\n<p>De 6 a 20 de janeiro, at\u00e9 as 18h<\/p>\n<h2 class=\"wp-block-heading\"><strong>Mais informa\u00e7\u00f5es:<\/strong><\/h2>\n<p>Secretaria Municipal da Cultura e Turismo de Ribeir\u00e3o Preto<\/p>\n<p>turismo.cultura@rp.ribeiraopreto.sp.gov.br<\/p>\n<p>WhatsApp: (16) 98109-2477<\/p>\n<p>SAIBA MAIS<br \/>Quando ser\u00e1 o pr\u00f3ximo sorteio da Mega-Sena? Confira o pr\u00eamio estimado<\/p>\n<h2 class=\"wp-block-heading\"><strong>FIQUE ON<\/strong><\/h2>\n<p>Fique ligado em tudo que acontece em Ribeir\u00e3o Preto e regi\u00e3o. Siga os perfis do\u00a0<strong>acidade on<\/strong>\u00a0no<a href=\"https:\/\/www.instagram.com\/acidadeonribeirao\" target=\"_blank\" rel=\"noreferrer noopener\">\u00a0Instagram<\/a>\u00a0e no<a href=\"https:\/\/www.facebook.com\/acidadeonribeirao\/\" target=\"_blank\" rel=\"noreferrer noopener\">\u00a0Facebook<\/a>.<\/p>\n<p>Receba not\u00edcias do<strong>\u00a0acidade on\u00a0<\/strong>no WhatsApp. Para entrar no grupo,\u00a0basta\u00a0<a href=\"https:\/\/chat.whatsapp.com\/GFH9HUMUTHNFJdnyEd0xxq\" target=\"_blank\" rel=\"noreferrer noopener\">clicar aqui<\/a>. Ou, acesse o nosso\u00a0Canal<a href=\"https:\/\/whatsapp.com\/channel\/0029Vb6IQl1JENyAeS57fk2p\" target=\"_blank\" rel=\"noreferrer noopener\">\u00a0clicando aqui<\/a>.<\/p>\n<p>Fa\u00e7a uma den\u00fancia ou sugira uma reportagem sobre Ribeir\u00e3o Preto e regi\u00e3o pelo WhatsApp: 16 99117 7802.<\/p>\n<p>VEJA TAMB\u00c9M<br \/>O erro que ningu\u00e9m v\u00ea no p\u00f3s-evento e as 5 a\u00e7\u00f5es que realmente definem quem cresce<\/p>\n<p><!-- AI CONTENT END 1 -->\n<\/div>\n<\/div>\n<p><script async src=\"\/\/www.instagram.com\/embed.js\"><\/script><br \/>\n<br \/><br \/>\n<br \/><a href=\"https:\/\/www.acidadeon.com\/ribeiraopreto\/lazer-e-cultura\/ribeirao-preto-abre-inscricoes-para-eventos-durante-o-carnaval-2026\/\">Source link <\/a><\/p>\n<!-- CONTENT END 1 -->\n","protected":false},"excerpt":{"rendered":"<p>A Secretaria Municipal da Cultura e Turismo de Ribeir\u00e3o Preto abriu as inscri\u00e7\u00f5es para o cadastramento de atividades culturais carnavalescas que ir\u00e3o compor a programa\u00e7\u00e3o&#8230;<\/p>\n","protected":false},"author":1,"featured_media":81480,"comment_status":"open","ping_status":"open","sticky":false,"template":"","format":"standard","meta":{"advanced_seo_description":"","jetpack_seo_html_title":"","jetpack_seo_noindex":false,"jetpack_post_was_ever_published":false,"_jetpack_newsletter_access":"","_jetpack_dont_email_post_to_subs":false,"_jetpack_newsletter_tier_id":0,"_jetpack_memberships_contains_paywalled_content":false,"_jetpack_memberships_contains_paid_content":false,"footnotes":"","jetpack_publicize_message":"","jetpack_publicize_feature_enabled":true,"jetpack_social_post_already_shared":true,"jetpack_social_options":{"image_generator_settings":{"template":"highway","default_image_id":0,"font":"","enabled":false},"version":2}},"categories":[11],"tags":[],"class_list":["post-81479","post","type-post","status-publish","format-standard","has-post-thumbnail","hentry","category-noticias-de-ribeirao-preto-sp-e-regiao-ismael-colosi"],"jetpack_publicize_connections":[],"jetpack_featured_media_url":"https:\/\/i0.wp.com\/noticiasribeiraopreto.com.br\/wp-content\/uploads\/2026\/01\/carnaval_2026-01-06_18-01-22.webp.webp?fit=1200%2C675&ssl=1","jetpack-related-posts":[{"id":62447,"url":"https:\/\/noticiasribeiraopreto.com.br\/index.php\/2025\/01\/14\/prefeitura-de-ribeirao-preto-abre-inscricoes-para-o-carnaval-2025\/","url_meta":{"origin":81479,"position":0},"title":"Prefeitura de Ribeir\u00e3o Preto abre inscri\u00e7\u00f5es para o Carnaval 2025","author":"noticiasribeiraopreto.com.br","date":"14 de January de 2025","format":false,"excerpt":"A Prefeitura de Ribeir\u00e3o Preto, por meio da Secretaria da Cultura e Turismo, abriu o per\u00edodo de inscri\u00e7\u00f5es para atividades carnavalescas culturais. As inscri\u00e7\u00f5es come\u00e7aram nesta ter\u00e7a-feira (14) e seguem at\u00e9 o dia 21 de janeiro de 2025. Escolas de samba, blocos, afox\u00e9s, maracatus, grupos art\u00edsticos e culturais, e demais\u2026","rel":"","context":"In &quot;Not\u00edcias de Ribeir\u00e3o Preto-SP e Regi\u00e3o&quot;","block_context":{"text":"Not\u00edcias de Ribeir\u00e3o Preto-SP e Regi\u00e3o","link":"https:\/\/noticiasribeiraopreto.com.br\/index.php\/category\/noticias-de-ribeirao-preto-sp-e-regiao-ismael-colosi\/"},"img":{"alt_text":"","src":"https:\/\/i0.wp.com\/noticiasribeiraopreto.com.br\/wp-content\/uploads\/2025\/01\/Capturar-6.jpg?fit=935%2C621&ssl=1&resize=350%2C200","width":350,"height":200,"srcset":"https:\/\/i0.wp.com\/noticiasribeiraopreto.com.br\/wp-content\/uploads\/2025\/01\/Capturar-6.jpg?fit=935%2C621&ssl=1&resize=350%2C200 1x, https:\/\/i0.wp.com\/noticiasribeiraopreto.com.br\/wp-content\/uploads\/2025\/01\/Capturar-6.jpg?fit=935%2C621&ssl=1&resize=525%2C300 1.5x, https:\/\/i0.wp.com\/noticiasribeiraopreto.com.br\/wp-content\/uploads\/2025\/01\/Capturar-6.jpg?fit=935%2C621&ssl=1&resize=700%2C400 2x"},"classes":[]},{"id":20943,"url":"https:\/\/noticiasribeiraopreto.com.br\/index.php\/2023\/12\/26\/prefeitura-de-ribeirao-preto-abre-inscricoes-para-o-carnaval-2024\/","url_meta":{"origin":81479,"position":1},"title":"Prefeitura de Ribeir\u00e3o Preto abre inscri\u00e7\u00f5es para o Carnaval 2024","author":"noticiasribeiraopreto.com.br","date":"26 de December de 2023","format":false,"excerpt":"A Prefeitura de Ribeir\u00e3o Preto abriu cadastro para os grupos de Carnaval interessados em realizar suas atividades durante a folia de 2024, entre os dias 10 e 13 de fevereiro, em espa\u00e7os p\u00fablicos. Os organizadores respons\u00e1veis pelas escolas de samba, blocos, afox\u00e9s, maracatus, grupos art\u00edsticos e culturais t\u00eam at\u00e9 o\u2026","rel":"","context":"In &quot;Not\u00edcias de Ribeir\u00e3o Preto-SP e Regi\u00e3o&quot;","block_context":{"text":"Not\u00edcias de Ribeir\u00e3o Preto-SP e Regi\u00e3o","link":"https:\/\/noticiasribeiraopreto.com.br\/index.php\/category\/noticias-de-ribeirao-preto-sp-e-regiao-ismael-colosi\/"},"img":{"alt_text":"","src":"https:\/\/i0.wp.com\/noticiasribeiraopreto.com.br\/wp-content\/uploads\/2023\/12\/mask-1155808_1280.jpg?fit=1200%2C800&ssl=1&resize=350%2C200","width":350,"height":200,"srcset":"https:\/\/i0.wp.com\/noticiasribeiraopreto.com.br\/wp-content\/uploads\/2023\/12\/mask-1155808_1280.jpg?fit=1200%2C800&ssl=1&resize=350%2C200 1x, https:\/\/i0.wp.com\/noticiasribeiraopreto.com.br\/wp-content\/uploads\/2023\/12\/mask-1155808_1280.jpg?fit=1200%2C800&ssl=1&resize=525%2C300 1.5x, https:\/\/i0.wp.com\/noticiasribeiraopreto.com.br\/wp-content\/uploads\/2023\/12\/mask-1155808_1280.jpg?fit=1200%2C800&ssl=1&resize=700%2C400 2x, https:\/\/i0.wp.com\/noticiasribeiraopreto.com.br\/wp-content\/uploads\/2023\/12\/mask-1155808_1280.jpg?fit=1200%2C800&ssl=1&resize=1050%2C600 3x"},"classes":[]},{"id":82256,"url":"https:\/\/noticiasribeiraopreto.com.br\/index.php\/2026\/02\/08\/ribeirao-preto-tera-mais-de-50-eventos-gratuitos-no-carnaval-2026\/","url_meta":{"origin":81479,"position":2},"title":"Ribeir\u00e3o Preto ter\u00e1 mais de 50 eventos gratuitos no Carnaval 2026","author":"noticiasribeiraopreto.com.br","date":"8 de February de 2026","format":false,"excerpt":"\r \r \r 8 de fevereiro de 2026 11:077 de fevereiro de 2026 21:06 \r Compartilhar0 Ribeir\u00e3o Preto ser\u00e1 palco de uma extensa programa\u00e7\u00e3o cultural durante o Carnaval 2026. Entre os dias 12 e 20 de fevereiro, a cidade receber\u00e1 mais de 50 eventos gratuitos, distribu\u00eddos por ruas, pra\u00e7as, centros\u2026","rel":"","context":"In &quot;Not\u00edcias de Ribeir\u00e3o Preto-SP e Regi\u00e3o&quot;","block_context":{"text":"Not\u00edcias de Ribeir\u00e3o Preto-SP e Regi\u00e3o","link":"https:\/\/noticiasribeiraopreto.com.br\/index.php\/category\/noticias-de-ribeirao-preto-sp-e-regiao-ismael-colosi\/"},"img":{"alt_text":"","src":"https:\/\/i0.wp.com\/noticiasribeiraopreto.com.br\/wp-content\/uploads\/2026\/02\/carnaval-10-scaled.jpeg?fit=1170%2C780&ssl=1&resize=350%2C200","width":350,"height":200,"srcset":"https:\/\/i0.wp.com\/noticiasribeiraopreto.com.br\/wp-content\/uploads\/2026\/02\/carnaval-10-scaled.jpeg?fit=1170%2C780&ssl=1&resize=350%2C200 1x, https:\/\/i0.wp.com\/noticiasribeiraopreto.com.br\/wp-content\/uploads\/2026\/02\/carnaval-10-scaled.jpeg?fit=1170%2C780&ssl=1&resize=525%2C300 1.5x, https:\/\/i0.wp.com\/noticiasribeiraopreto.com.br\/wp-content\/uploads\/2026\/02\/carnaval-10-scaled.jpeg?fit=1170%2C780&ssl=1&resize=700%2C400 2x, https:\/\/i0.wp.com\/noticiasribeiraopreto.com.br\/wp-content\/uploads\/2026\/02\/carnaval-10-scaled.jpeg?fit=1170%2C780&ssl=1&resize=1050%2C600 3x"},"classes":[]},{"id":63341,"url":"https:\/\/noticiasribeiraopreto.com.br\/index.php\/2025\/02\/10\/feira-vegana-em-ribeirao-preto-tera-edicao-especial-de-carnaval-veja-quando\/","url_meta":{"origin":81479,"position":3},"title":"Feira vegana em Ribeir\u00e3o Preto ter\u00e1 edi\u00e7\u00e3o especial de Carnaval; veja quando","author":"noticiasribeiraopreto.com.br","date":"10 de February de 2025","format":false,"excerpt":"No pr\u00f3ximo s\u00e1bado, 15 de fevereiro, Ribeir\u00e3o Preto recebe a edi\u00e7\u00e3o especial de Carnaval da Feira Veg. O evento, com entrada gratuita, traz uma sele\u00e7\u00e3o de expositores locais e oferece uma gama de op\u00e7\u00f5es livres de ingredientes de origem animal e n\u00e3o testados em animais. A Feira Veg acontece na\u2026","rel":"","context":"In &quot;Not\u00edcias de Ribeir\u00e3o Preto-SP e Regi\u00e3o&quot;","block_context":{"text":"Not\u00edcias de Ribeir\u00e3o Preto-SP e Regi\u00e3o","link":"https:\/\/noticiasribeiraopreto.com.br\/index.php\/category\/noticias-de-ribeirao-preto-sp-e-regiao-ismael-colosi\/"},"img":{"alt_text":"","src":"https:\/\/i0.wp.com\/noticiasribeiraopreto.com.br\/wp-content\/uploads\/2024\/12\/WhatsApp-Image-2024-12-21-at-08.34.29_2024-12-21_13-09-56_jpeg_2024-12-21_13-09-57.webp.webp?fit=1200%2C800&ssl=1&resize=350%2C200","width":350,"height":200,"srcset":"https:\/\/i0.wp.com\/noticiasribeiraopreto.com.br\/wp-content\/uploads\/2024\/12\/WhatsApp-Image-2024-12-21-at-08.34.29_2024-12-21_13-09-56_jpeg_2024-12-21_13-09-57.webp.webp?fit=1200%2C800&ssl=1&resize=350%2C200 1x, https:\/\/i0.wp.com\/noticiasribeiraopreto.com.br\/wp-content\/uploads\/2024\/12\/WhatsApp-Image-2024-12-21-at-08.34.29_2024-12-21_13-09-56_jpeg_2024-12-21_13-09-57.webp.webp?fit=1200%2C800&ssl=1&resize=525%2C300 1.5x, https:\/\/i0.wp.com\/noticiasribeiraopreto.com.br\/wp-content\/uploads\/2024\/12\/WhatsApp-Image-2024-12-21-at-08.34.29_2024-12-21_13-09-56_jpeg_2024-12-21_13-09-57.webp.webp?fit=1200%2C800&ssl=1&resize=700%2C400 2x, https:\/\/i0.wp.com\/noticiasribeiraopreto.com.br\/wp-content\/uploads\/2024\/12\/WhatsApp-Image-2024-12-21-at-08.34.29_2024-12-21_13-09-56_jpeg_2024-12-21_13-09-57.webp.webp?fit=1200%2C800&ssl=1&resize=1050%2C600 3x"},"classes":[]},{"id":64166,"url":"https:\/\/noticiasribeiraopreto.com.br\/index.php\/2025\/03\/04\/veja-onde-aproveitar-o-carnaval-em-ribeirao-preto-nesta-terca-feira\/","url_meta":{"origin":81479,"position":4},"title":"Veja onde aproveitar o Carnaval em Ribeir\u00e3o Preto nesta ter\u00e7a-feira","author":"noticiasribeiraopreto.com.br","date":"4 de March de 2025","format":false,"excerpt":"Carnaval Guadalupe 2025 (Xapa)\u00a0 Grupos Art\u00edsticos e Culturais\u00a0Hor\u00e1rio: 14h \u00e0s 22h\u00a0Local: Guadalupe Caf\u00e9, rua Visconde do Rio Branco, 710Entrada gratuita Tutubloco! Carnaval de Rua\u00a0 Bloco de Carnaval de Rua\u00a0Hor\u00e1rio: 16h \u00e0s 22h\u00a0Local: Avenida Nove de Julho, 299Entrada gratuita Carnaval da Diversidade\u00a0 Dj com m\u00fasicas de Carnaval\u00a0Hor\u00e1rio: 17h \u00e0s 22h\u00a0Local: Stone\u2026","rel":"","context":"In &quot;Not\u00edcias de Ribeir\u00e3o Preto-SP e Regi\u00e3o&quot;","block_context":{"text":"Not\u00edcias de Ribeir\u00e3o Preto-SP e Regi\u00e3o","link":"https:\/\/noticiasribeiraopreto.com.br\/index.php\/category\/noticias-de-ribeirao-preto-sp-e-regiao-ismael-colosi\/"},"img":{"alt_text":"","src":"https:\/\/i0.wp.com\/noticiasribeiraopreto.com.br\/wp-content\/uploads\/2024\/02\/bloco-carnaval.webp.webp?fit=1024%2C768&ssl=1&resize=350%2C200","width":350,"height":200,"srcset":"https:\/\/i0.wp.com\/noticiasribeiraopreto.com.br\/wp-content\/uploads\/2024\/02\/bloco-carnaval.webp.webp?fit=1024%2C768&ssl=1&resize=350%2C200 1x, https:\/\/i0.wp.com\/noticiasribeiraopreto.com.br\/wp-content\/uploads\/2024\/02\/bloco-carnaval.webp.webp?fit=1024%2C768&ssl=1&resize=525%2C300 1.5x, https:\/\/i0.wp.com\/noticiasribeiraopreto.com.br\/wp-content\/uploads\/2024\/02\/bloco-carnaval.webp.webp?fit=1024%2C768&ssl=1&resize=700%2C400 2x"},"classes":[]},{"id":29122,"url":"https:\/\/noticiasribeiraopreto.com.br\/index.php\/2024\/01\/17\/reuniao-define-detalhes-do-carnaval-2024\/","url_meta":{"origin":81479,"position":5},"title":"Reuni\u00e3o define detalhes do Carnaval 2024 \u2013 Folha de Ribeir\u00e3o","author":"noticiasribeiraopreto.com.br","date":"17 de January de 2024","format":false,"excerpt":"A Prefeitura de Ribeir\u00e3o Preto deu o pontap\u00e9 inicial para a organiza\u00e7\u00e3o do Carnaval 2024. Uma primeira reuni\u00e3o coordenada pela Secretaria da Cultura e Turismo, foi realizada ontem, dia 15 de janeiro, pela manh\u00e3 no Pal\u00e1cio Rio Branco, entre os \u00f3rg\u00e3os municipais envolvidos no evento, a pol\u00edcia militar, o Corpo\u2026","rel":"","context":"In &quot;Not\u00edcias de Ribeir\u00e3o Preto-SP e Regi\u00e3o&quot;","block_context":{"text":"Not\u00edcias de Ribeir\u00e3o Preto-SP e Regi\u00e3o","link":"https:\/\/noticiasribeiraopreto.com.br\/index.php\/category\/noticias-de-ribeirao-preto-sp-e-regiao-ismael-colosi\/"},"img":{"alt_text":"","src":"https:\/\/i0.wp.com\/noticiasribeiraopreto.com.br\/wp-content\/uploads\/2024\/01\/reuniao_carnaval_2.jpeg?fit=1200%2C900&ssl=1&resize=350%2C200","width":350,"height":200,"srcset":"https:\/\/i0.wp.com\/noticiasribeiraopreto.com.br\/wp-content\/uploads\/2024\/01\/reuniao_carnaval_2.jpeg?fit=1200%2C900&ssl=1&resize=350%2C200 1x, https:\/\/i0.wp.com\/noticiasribeiraopreto.com.br\/wp-content\/uploads\/2024\/01\/reuniao_carnaval_2.jpeg?fit=1200%2C900&ssl=1&resize=525%2C300 1.5x, https:\/\/i0.wp.com\/noticiasribeiraopreto.com.br\/wp-content\/uploads\/2024\/01\/reuniao_carnaval_2.jpeg?fit=1200%2C900&ssl=1&resize=700%2C400 2x, https:\/\/i0.wp.com\/noticiasribeiraopreto.com.br\/wp-content\/uploads\/2024\/01\/reuniao_carnaval_2.jpeg?fit=1200%2C900&ssl=1&resize=1050%2C600 3x"},"classes":[]}],"jetpack_sharing_enabled":true,"jetpack_shortlink":"https:\/\/wp.me\/peQAOb-lcb","_links":{"self":[{"href":"https:\/\/noticiasribeiraopreto.com.br\/index.php\/wp-json\/wp\/v2\/posts\/81479","targetHints":{"allow":["GET"]}}],"collection":[{"href":"https:\/\/noticiasribeiraopreto.com.br\/index.php\/wp-json\/wp\/v2\/posts"}],"about":[{"href":"https:\/\/noticiasribeiraopreto.com.br\/index.php\/wp-json\/wp\/v2\/types\/post"}],"author":[{"embeddable":true,"href":"https:\/\/noticiasribeiraopreto.com.br\/index.php\/wp-json\/wp\/v2\/users\/1"}],"replies":[{"embeddable":true,"href":"https:\/\/noticiasribeiraopreto.com.br\/index.php\/wp-json\/wp\/v2\/comments?post=81479"}],"version-history":[{"count":0,"href":"https:\/\/noticiasribeiraopreto.com.br\/index.php\/wp-json\/wp\/v2\/posts\/81479\/revisions"}],"wp:featuredmedia":[{"embeddable":true,"href":"https:\/\/noticiasribeiraopreto.com.br\/index.php\/wp-json\/wp\/v2\/media\/81480"}],"wp:attachment":[{"href":"https:\/\/noticiasribeiraopreto.com.br\/index.php\/wp-json\/wp\/v2\/media?parent=81479"}],"wp:term":[{"taxonomy":"category","embeddable":true,"href":"https:\/\/noticiasribeiraopreto.com.br\/index.php\/wp-json\/wp\/v2\/categories?post=81479"},{"taxonomy":"post_tag","embeddable":true,"href":"https:\/\/noticiasribeiraopreto.com.br\/index.php\/wp-json\/wp\/v2\/tags?post=81479"}],"curies":[{"name":"wp","href":"https:\/\/api.w.org\/{rel}","templated":true}]}}