{"id":81481,"date":"2026-01-07T09:35:45","date_gmt":"2026-01-07T12:35:45","guid":{"rendered":"https:\/\/noticiasribeiraopreto.com.br\/index.php\/2026\/01\/07\/sindicato-repudia-forma-como-anuncio-de-radares-fixos-foi-feito\/"},"modified":"2026-01-07T09:35:45","modified_gmt":"2026-01-07T12:35:45","slug":"sindicato-repudia-forma-como-anuncio-de-radares-fixos-foi-feito","status":"publish","type":"post","link":"https:\/\/noticiasribeiraopreto.com.br\/index.php\/2026\/01\/07\/sindicato-repudia-forma-como-anuncio-de-radares-fixos-foi-feito\/","title":{"rendered":"Sindicato repudia forma como an\u00fancio de radares fixos foi feito"},"content":{"rendered":"<div class='code-block code-block-1' style='margin: 8px 0 8px auto; text-align: right; display: block; clear: both;'>\n<p><a href=\"https:\/\/wa.link\/vpicfd\"><img data-recalc-dims=\"1\" class=\"wp-image-4922\" style=\"aspect-ratio: 2.0253164556962027; width: 561px; height: auto;\" src=\"https:\/\/i0.wp.com\/ismaelcolosi.com.br\/wp-content\/uploads\/2023\/11\/grupo-de-empregos-whatsapp-e-facebook-ismael-colosi-vagas.jpg?ssl=1\" alt=\"\" \/><\/a><\/p>\n<!-- \/wp:image -->\n<\/div>\n<p> <br \/>\n<\/p>\n<div>\n<p><em>Entidade que representa os agentes de tr\u00e2nsito de Ribeir\u00e3o Preto publicou manifesto em que critica a forma como o an\u00fancio sobre o fim dos radares m\u00f3veis foi feito pelo prefeito Ricardo Silva<\/em><\/p>\n<p>O Sindicato dos Trabalhadores no Sistema de Opera\u00e7\u00e3o, Sinaliza\u00e7\u00e3o, Fiscaliza\u00e7\u00e3o, Manuten\u00e7\u00e3o e Planejamento Vi\u00e1rio e Urbano do Estado de S\u00e3o Paulo (Sindvi\u00e1rios) publicou um manifesto de rep\u00fadio, nas redes sociais e no site da entidade, no qual critica a forma como o prefeito de Ribeir\u00e3o Preto, Ricardo Silva (PSD), anunciou o fim dos radares m\u00f3veis na cidade. O an\u00fancio foi feito na semana passada, no perfil oficial do prefeito no Instagram, e por meio de release divulgado pela Secretaria Municipal de Comunica\u00e7\u00e3o.<\/p>\n<p>No documento, a entidade \u2014 que tamb\u00e9m representa os agentes de tr\u00e2nsito do munic\u00edpio, ligados \u00e0 RP Mobi \u2014 repudiou a declara\u00e7\u00e3o feita pelo prefeito por utilizar express\u00f5es como \u201cind\u00fastria da multa\u201d, \u201cmulta abusiva\u201d e \u201cmulta escondida\u201d ao se referir aos radares m\u00f3veis.<\/p>\n<p>O Sindicato ressaltou, por\u00e9m, que o prefeito \u00e9 a autoridade m\u00e1xima de tr\u00e2nsito do munic\u00edpio, conforme estabelece o C\u00f3digo de Tr\u00e2nsito Brasileiro (CTB). \u201cPortanto, toda a pol\u00edtica de fiscaliza\u00e7\u00e3o de velocidade em Ribeir\u00e3o Preto \u2014 inclusive o uso de radares m\u00f3veis \u2014 existe por decis\u00e3o, autoriza\u00e7\u00e3o e responsabilidade direta do chefe do Poder Executivo municipal\u201d, afirma o texto.<\/p>\n<p>E prossegue: \u201cEmbora a legisla\u00e7\u00e3o permita diferentes modelos de fiscaliza\u00e7\u00e3o, o problema central n\u00e3o est\u00e1 na escolha administrativa, mas na forma irrespons\u00e1vel como o an\u00fancio foi feito. Ao criticar publicamente uma fiscaliza\u00e7\u00e3o que ele pr\u00f3prio mant\u00e9m em funcionamento e autoriza, o prefeito deslegitima o trabalho dos agentes de tr\u00e2nsito da RP Mobi, transfere a responsabilidade pol\u00edtica para os servidores e estimula a hostilidade contra trabalhadores que apenas cumprem ordens legais\u201d. Atualmente, a RP Mobi conta com 81 agentes de tr\u00e2nsito.<\/p>\n<p>O Sindicato afirma que, nos \u00faltimos anos, agentes de tr\u00e2nsito de Ribeir\u00e3o Preto foram v\u00edtimas de agress\u00f5es f\u00edsicas, amea\u00e7as de morte, apedrejamentos, furtos de equipamentos e danos a viaturas durante o exerc\u00edcio regular de suas fun\u00e7\u00f5es. Segundo a entidade, todos os epis\u00f3dios est\u00e3o devidamente registrados por meio de relat\u00f3rios internos e boletins de ocorr\u00eancia (BOs), evidenciando uma escalada de viol\u00eancia diretamente associada ao discurso que criminaliza a fiscaliza\u00e7\u00e3o.<\/p>\n<p>Para a entidade, o posicionamento do prefeito cria uma contradi\u00e7\u00e3o grave e perigosa: ao mesmo tempo em que desqualifica a fiscaliza\u00e7\u00e3o m\u00f3vel em discurso p\u00fablico, mant\u00e9m a atividade em funcionamento, expondo os agentes a riscos ainda maiores, inclusive de viol\u00eancia f\u00edsica, enquanto tenta capitalizar politicamente o tema.<\/p>\n<p><strong>Resposta do prefeito<\/strong><br \/>Na segunda-feira, 5 de janeiro, o prefeito Ricardo Silva publicou um v\u00eddeo em seu Instagram oficial em que rebate as cr\u00edticas do sindicato. Na postagem, ele reafirmou que os radares m\u00f3veis n\u00e3o servem para a educa\u00e7\u00e3o dos motoristas e que seriam apenas um instrumento de arrecada\u00e7\u00e3o para o poder p\u00fablico, raz\u00e3o pela qual, segundo ele, parte da popula\u00e7\u00e3o os considera uma \u201cind\u00fastria da multa\u201d.<\/p>\n<p>O prefeito afirmou ainda que, com o fim dos radares m\u00f3veis, os agentes de tr\u00e2nsito \u2014 que, segundo ele, merecem todo respeito \u2014 passar\u00e3o a desenvolver a\u00e7\u00f5es educativas, de fiscaliza\u00e7\u00e3o e de conscientiza\u00e7\u00e3o no tr\u00e2nsito. Por fim, declarou que cabe \u00e0 popula\u00e7\u00e3o definir o melhor modelo de fiscaliza\u00e7\u00e3o e que essa decis\u00e3o estaria sendo tomada por ele, em nome da popula\u00e7\u00e3o que o elegeu.<\/p>\n<p><strong>RP Mobi<\/strong><br \/>Procurada, a RP Mobi informou, por meio de nota, que est\u00e1 \u00e0 disposi\u00e7\u00e3o para prestar o amparo necess\u00e1rio diante de qualquer ato de hostilidade, amea\u00e7a ou agress\u00e3o contra seus agentes de tr\u00e2nsito. A empresa refor\u00e7ou que a fiscaliza\u00e7\u00e3o eletr\u00f4nica fixa amplia a presen\u00e7a dos agentes em orienta\u00e7\u00f5es, a\u00e7\u00f5es educativas e no refor\u00e7o da seguran\u00e7a vi\u00e1ria.<\/p>\n<p>\u00a0<\/p>\n<\/div>\n<p><br \/>\n<br \/><a href=\"https:\/\/www.tribunaribeirao.com.br\/sindicato-repudia-forma-como-anuncio-de-radares-fixos-foi-feito\/\">Source link <\/a><\/p>\n<!-- CONTENT END 1 -->\n","protected":false},"excerpt":{"rendered":"<p>Entidade que representa os agentes de tr\u00e2nsito de Ribeir\u00e3o Preto publicou manifesto em que critica a forma como o an\u00fancio sobre o fim dos radares&#8230;<\/p>\n","protected":false},"author":1,"featured_media":81482,"comment_status":"open","ping_status":"open","sticky":false,"template":"","format":"standard","meta":{"advanced_seo_description":"","jetpack_seo_html_title":"","jetpack_seo_noindex":false,"jetpack_post_was_ever_published":false,"_jetpack_newsletter_access":"","_jetpack_dont_email_post_to_subs":false,"_jetpack_newsletter_tier_id":0,"_jetpack_memberships_contains_paywalled_content":false,"_jetpack_memberships_contains_paid_content":false,"footnotes":"","jetpack_publicize_message":"","jetpack_publicize_feature_enabled":true,"jetpack_social_post_already_shared":true,"jetpack_social_options":{"image_generator_settings":{"template":"highway","default_image_id":0,"font":"","enabled":false},"version":2}},"categories":[11],"tags":[],"class_list":["post-81481","post","type-post","status-publish","format-standard","has-post-thumbnail","hentry","category-noticias-de-ribeirao-preto-sp-e-regiao-ismael-colosi"],"jetpack_publicize_connections":[],"jetpack_featured_media_url":"https:\/\/i0.wp.com\/noticiasribeiraopreto.com.br\/wp-content\/uploads\/2026\/01\/1-agentes-insta-ricardo-1.jpeg?fit=435%2C780&ssl=1","jetpack-related-posts":[{"id":81281,"url":"https:\/\/noticiasribeiraopreto.com.br\/index.php\/2025\/12\/31\/fiscalizacao-com-radares-moveis-sera-encerrada-em-ribeirao-preto\/","url_meta":{"origin":81481,"position":0},"title":"Fiscaliza\u00e7\u00e3o com radares m\u00f3veis ser\u00e1 encerrada em Ribeir\u00e3o Preto","author":"noticiasribeiraopreto.com.br","date":"31 de December de 2025","format":false,"excerpt":"O prefeito de Ribeir\u00e3o Preto, Ricardo Silva, anunciou na tarde desta ter\u00e7a-feira (30) o fim do uso de radares m\u00f3veis no munic\u00edpio. A declara\u00e7\u00e3o foi feita em um v\u00eddeo publicado nas redes sociais do chefe do Executivo. Segundo o prefeito, os equipamentos m\u00f3veis ser\u00e3o substitu\u00eddos por radares fixos, que devem\u2026","rel":"","context":"In &quot;Not\u00edcias de Ribeir\u00e3o Preto-SP e Regi\u00e3o&quot;","block_context":{"text":"Not\u00edcias de Ribeir\u00e3o Preto-SP e Regi\u00e3o","link":"https:\/\/noticiasribeiraopreto.com.br\/index.php\/category\/noticias-de-ribeirao-preto-sp-e-regiao-ismael-colosi\/"},"img":{"alt_text":"","src":"https:\/\/i0.wp.com\/noticiasribeiraopreto.com.br\/wp-content\/uploads\/2025\/12\/RADAR-1068x566-1_2025-12-30_20-50-23.webp.webp?fit=1068%2C566&ssl=1&resize=350%2C200","width":350,"height":200,"srcset":"https:\/\/i0.wp.com\/noticiasribeiraopreto.com.br\/wp-content\/uploads\/2025\/12\/RADAR-1068x566-1_2025-12-30_20-50-23.webp.webp?fit=1068%2C566&ssl=1&resize=350%2C200 1x, https:\/\/i0.wp.com\/noticiasribeiraopreto.com.br\/wp-content\/uploads\/2025\/12\/RADAR-1068x566-1_2025-12-30_20-50-23.webp.webp?fit=1068%2C566&ssl=1&resize=525%2C300 1.5x, https:\/\/i0.wp.com\/noticiasribeiraopreto.com.br\/wp-content\/uploads\/2025\/12\/RADAR-1068x566-1_2025-12-30_20-50-23.webp.webp?fit=1068%2C566&ssl=1&resize=700%2C400 2x, https:\/\/i0.wp.com\/noticiasribeiraopreto.com.br\/wp-content\/uploads\/2025\/12\/RADAR-1068x566-1_2025-12-30_20-50-23.webp.webp?fit=1068%2C566&ssl=1&resize=1050%2C600 3x"},"classes":[]},{"id":81277,"url":"https:\/\/noticiasribeiraopreto.com.br\/index.php\/2025\/12\/30\/ricardo-silva-anuncia-fim-dos-radares-moveis-em-ribeirao\/","url_meta":{"origin":81481,"position":1},"title":"Ricardo Silva anuncia fim dos radares m\u00f3veis em Ribeir\u00e3o","author":"noticiasribeiraopreto.com.br","date":"30 de December de 2025","format":false,"excerpt":"Novo sistema de fiscaliza\u00e7\u00e3o eletr\u00f4nica, a ser implantado no primeiro semestre de 2026, ir\u00e1 monitorar vias, coibir irregularidades e apoiar a gest\u00e3o da mobilidade urbana no munic\u00edpio_ O prefeito de Ribeir\u00e3o Preto, Ricardo Silva, anunciou nesta segunda-feira, 30 de dezembro, o fim da utiliza\u00e7\u00e3o de radares m\u00f3veis na cidade. A\u2026","rel":"","context":"In &quot;Not\u00edcias de Ribeir\u00e3o Preto-SP e Regi\u00e3o&quot;","block_context":{"text":"Not\u00edcias de Ribeir\u00e3o Preto-SP e Regi\u00e3o","link":"https:\/\/noticiasribeiraopreto.com.br\/index.php\/category\/noticias-de-ribeirao-preto-sp-e-regiao-ismael-colosi\/"},"img":{"alt_text":"","src":"https:\/\/i0.wp.com\/noticiasribeiraopreto.com.br\/wp-content\/uploads\/2025\/12\/radar-e1519012257216.jpg?fit=700%2C467&ssl=1&resize=350%2C200","width":350,"height":200,"srcset":"https:\/\/i0.wp.com\/noticiasribeiraopreto.com.br\/wp-content\/uploads\/2025\/12\/radar-e1519012257216.jpg?fit=700%2C467&ssl=1&resize=350%2C200 1x, https:\/\/i0.wp.com\/noticiasribeiraopreto.com.br\/wp-content\/uploads\/2025\/12\/radar-e1519012257216.jpg?fit=700%2C467&ssl=1&resize=525%2C300 1.5x, https:\/\/i0.wp.com\/noticiasribeiraopreto.com.br\/wp-content\/uploads\/2025\/12\/radar-e1519012257216.jpg?fit=700%2C467&ssl=1&resize=700%2C400 2x"},"classes":[]},{"id":84119,"url":"https:\/\/noticiasribeiraopreto.com.br\/index.php\/2026\/04\/02\/investimento-em-radares-fixos-sera-de-r-36-mi\/","url_meta":{"origin":81481,"position":2},"title":"Investimento em radares fixos ser\u00e1 de R$ 36 mi","author":"noticiasribeiraopreto.com.br","date":"2 de April de 2026","format":false,"excerpt":"Contrato com cons\u00f3rcio vencedor da licita\u00e7\u00e3o foi assinado em 13 de mar\u00e7o e ter\u00e1 dura\u00e7\u00e3o inicial de 30 meses A RP Mobi \u2013 Empresa de Mobilidade Urbana de Ribeir\u00e3o Preto S.A, a antiga Transerp, respons\u00e1vel pelo tr\u00e2nsito e transporte no munic\u00edpio \u2013 informou nesta quarta-feira, 1\u00ba de abril, que j\u00e1\u2026","rel":"","context":"In &quot;Not\u00edcias de Ribeir\u00e3o Preto-SP e Regi\u00e3o&quot;","block_context":{"text":"Not\u00edcias de Ribeir\u00e3o Preto-SP e Regi\u00e3o","link":"https:\/\/noticiasribeiraopreto.com.br\/index.php\/category\/noticias-de-ribeirao-preto-sp-e-regiao-ismael-colosi\/"},"img":{"alt_text":"","src":"https:\/\/i0.wp.com\/noticiasribeiraopreto.com.br\/wp-content\/uploads\/2026\/04\/RadarRP-Alfredo-Risk-teste-scaled.jpg?fit=1200%2C646&ssl=1&resize=350%2C200","width":350,"height":200,"srcset":"https:\/\/i0.wp.com\/noticiasribeiraopreto.com.br\/wp-content\/uploads\/2026\/04\/RadarRP-Alfredo-Risk-teste-scaled.jpg?fit=1200%2C646&ssl=1&resize=350%2C200 1x, https:\/\/i0.wp.com\/noticiasribeiraopreto.com.br\/wp-content\/uploads\/2026\/04\/RadarRP-Alfredo-Risk-teste-scaled.jpg?fit=1200%2C646&ssl=1&resize=525%2C300 1.5x, https:\/\/i0.wp.com\/noticiasribeiraopreto.com.br\/wp-content\/uploads\/2026\/04\/RadarRP-Alfredo-Risk-teste-scaled.jpg?fit=1200%2C646&ssl=1&resize=700%2C400 2x, https:\/\/i0.wp.com\/noticiasribeiraopreto.com.br\/wp-content\/uploads\/2026\/04\/RadarRP-Alfredo-Risk-teste-scaled.jpg?fit=1200%2C646&ssl=1&resize=1050%2C600 3x"},"classes":[]},{"id":84163,"url":"https:\/\/noticiasribeiraopreto.com.br\/index.php\/2026\/04\/03\/prefeitura-vai-gastar-r-36-milhoes-com-radares-fixos\/","url_meta":{"origin":81481,"position":3},"title":"Prefeitura vai gastar R$ 36 milh\u00f5es com radares fixos","author":"noticiasribeiraopreto.com.br","date":"3 de April de 2026","format":false,"excerpt":"Contrato com cons\u00f3rcio vencedor da licita\u00e7\u00e3o foi assinado em 13 de mar\u00e7o e ter\u00e1 dura\u00e7\u00e3o inicial de 30 meses A RP Mobi \u2013 Empresa de Mobilidade Urbana de Ribeir\u00e3o Preto S.A, a antiga Transerp, respons\u00e1vel pelo tr\u00e2nsito e transporte no munic\u00edpio \u2013 informou nesta quarta-feira, 1\u00ba de abril, que j\u00e1\u2026","rel":"","context":"In &quot;Not\u00edcias de Ribeir\u00e3o Preto-SP e Regi\u00e3o&quot;","block_context":{"text":"Not\u00edcias de Ribeir\u00e3o Preto-SP e Regi\u00e3o","link":"https:\/\/noticiasribeiraopreto.com.br\/index.php\/category\/noticias-de-ribeirao-preto-sp-e-regiao-ismael-colosi\/"},"img":{"alt_text":"","src":"https:\/\/i0.wp.com\/noticiasribeiraopreto.com.br\/wp-content\/uploads\/2026\/04\/1775215298_RadarRP-Alfredo-Risk-teste-scaled.jpg?fit=1200%2C646&ssl=1&resize=350%2C200","width":350,"height":200,"srcset":"https:\/\/i0.wp.com\/noticiasribeiraopreto.com.br\/wp-content\/uploads\/2026\/04\/1775215298_RadarRP-Alfredo-Risk-teste-scaled.jpg?fit=1200%2C646&ssl=1&resize=350%2C200 1x, https:\/\/i0.wp.com\/noticiasribeiraopreto.com.br\/wp-content\/uploads\/2026\/04\/1775215298_RadarRP-Alfredo-Risk-teste-scaled.jpg?fit=1200%2C646&ssl=1&resize=525%2C300 1.5x, https:\/\/i0.wp.com\/noticiasribeiraopreto.com.br\/wp-content\/uploads\/2026\/04\/1775215298_RadarRP-Alfredo-Risk-teste-scaled.jpg?fit=1200%2C646&ssl=1&resize=700%2C400 2x, https:\/\/i0.wp.com\/noticiasribeiraopreto.com.br\/wp-content\/uploads\/2026\/04\/1775215298_RadarRP-Alfredo-Risk-teste-scaled.jpg?fit=1200%2C646&ssl=1&resize=1050%2C600 3x"},"classes":[]},{"id":81840,"url":"https:\/\/noticiasribeiraopreto.com.br\/index.php\/2026\/01\/28\/teste-agiliza-licitacao-de-radares\/","url_meta":{"origin":81481,"position":4},"title":"\u2028Teste agiliza licita\u00e7\u00e3o de radares","author":"noticiasribeiraopreto.com.br","date":"28 de January de 2026","format":false,"excerpt":"Ap\u00f3s os testes realizados nesta ter\u00e7a-feira (27), homologa\u00e7\u00e3o de licita\u00e7\u00e3o dever\u00e1 ser publicada no Di\u00e1rio Oficial do Munic\u00edpio em cinco dias \u00fateis A RP Mobi \u2013 Empresa de Mobilidade Urbana de Ribeir\u00e3o Preto S.A, a antiga Transerp, respons\u00e1vel pelo tr\u00e2nsito e transporte no munic\u00edpio \u2013 realizou nesta ter\u00e7a-feira, 27 de\u2026","rel":"","context":"In &quot;Not\u00edcias de Ribeir\u00e3o Preto-SP e Regi\u00e3o&quot;","block_context":{"text":"Not\u00edcias de Ribeir\u00e3o Preto-SP e Regi\u00e3o","link":"https:\/\/noticiasribeiraopreto.com.br\/index.php\/category\/noticias-de-ribeirao-preto-sp-e-regiao-ismael-colosi\/"},"img":{"alt_text":"","src":"https:\/\/i0.wp.com\/noticiasribeiraopreto.com.br\/wp-content\/uploads\/2026\/01\/RadarRP-Detalhe-Alfredo-Risk-scaled.jpg?fit=1170%2C780&ssl=1&resize=350%2C200","width":350,"height":200,"srcset":"https:\/\/i0.wp.com\/noticiasribeiraopreto.com.br\/wp-content\/uploads\/2026\/01\/RadarRP-Detalhe-Alfredo-Risk-scaled.jpg?fit=1170%2C780&ssl=1&resize=350%2C200 1x, https:\/\/i0.wp.com\/noticiasribeiraopreto.com.br\/wp-content\/uploads\/2026\/01\/RadarRP-Detalhe-Alfredo-Risk-scaled.jpg?fit=1170%2C780&ssl=1&resize=525%2C300 1.5x, https:\/\/i0.wp.com\/noticiasribeiraopreto.com.br\/wp-content\/uploads\/2026\/01\/RadarRP-Detalhe-Alfredo-Risk-scaled.jpg?fit=1170%2C780&ssl=1&resize=700%2C400 2x, https:\/\/i0.wp.com\/noticiasribeiraopreto.com.br\/wp-content\/uploads\/2026\/01\/RadarRP-Detalhe-Alfredo-Risk-scaled.jpg?fit=1170%2C780&ssl=1&resize=1050%2C600 3x"},"classes":[]},{"id":81774,"url":"https:\/\/noticiasribeiraopreto.com.br\/index.php\/2026\/01\/16\/licitacao-de-novos-radares-avanca\/","url_meta":{"origin":81481,"position":5},"title":"\u2028Licita\u00e7\u00e3o de novos radares avan\u00e7a","author":"noticiasribeiraopreto.com.br","date":"16 de January de 2026","format":false,"excerpt":"Empresa com a melhor proposta financeira, considerada vencedora provis\u00f3ria, passar\u00e1 por testes pr\u00e1ticos A licita\u00e7\u00e3o aberta pela RP Mobi \u2013 Empresa de Mobilidade Urbana de Ribeir\u00e3o Preto S.A, a antiga Transerp, respons\u00e1vel pelo tr\u00e2nsito e transporte no munic\u00edpio \u2013 visando a\u00a0 ontrata\u00e7\u00e3o de empresa especializada pela instala\u00e7\u00e3o, opera\u00e7\u00e3o, manuten\u00e7\u00e3o e\u2026","rel":"","context":"In &quot;Not\u00edcias de Ribeir\u00e3o Preto-SP e Regi\u00e3o&quot;","block_context":{"text":"Not\u00edcias de Ribeir\u00e3o Preto-SP e Regi\u00e3o","link":"https:\/\/noticiasribeiraopreto.com.br\/index.php\/category\/noticias-de-ribeirao-preto-sp-e-regiao-ismael-colosi\/"},"img":{"alt_text":"","src":"https:\/\/i0.wp.com\/noticiasribeiraopreto.com.br\/wp-content\/uploads\/2026\/01\/RadarRP-Alfredo-Risk-Arquivo-scaled.jpg?fit=1200%2C664&ssl=1&resize=350%2C200","width":350,"height":200,"srcset":"https:\/\/i0.wp.com\/noticiasribeiraopreto.com.br\/wp-content\/uploads\/2026\/01\/RadarRP-Alfredo-Risk-Arquivo-scaled.jpg?fit=1200%2C664&ssl=1&resize=350%2C200 1x, https:\/\/i0.wp.com\/noticiasribeiraopreto.com.br\/wp-content\/uploads\/2026\/01\/RadarRP-Alfredo-Risk-Arquivo-scaled.jpg?fit=1200%2C664&ssl=1&resize=525%2C300 1.5x, https:\/\/i0.wp.com\/noticiasribeiraopreto.com.br\/wp-content\/uploads\/2026\/01\/RadarRP-Alfredo-Risk-Arquivo-scaled.jpg?fit=1200%2C664&ssl=1&resize=700%2C400 2x, https:\/\/i0.wp.com\/noticiasribeiraopreto.com.br\/wp-content\/uploads\/2026\/01\/RadarRP-Alfredo-Risk-Arquivo-scaled.jpg?fit=1200%2C664&ssl=1&resize=1050%2C600 3x"},"classes":[]}],"jetpack_sharing_enabled":true,"jetpack_shortlink":"https:\/\/wp.me\/peQAOb-lcd","_links":{"self":[{"href":"https:\/\/noticiasribeiraopreto.com.br\/index.php\/wp-json\/wp\/v2\/posts\/81481","targetHints":{"allow":["GET"]}}],"collection":[{"href":"https:\/\/noticiasribeiraopreto.com.br\/index.php\/wp-json\/wp\/v2\/posts"}],"about":[{"href":"https:\/\/noticiasribeiraopreto.com.br\/index.php\/wp-json\/wp\/v2\/types\/post"}],"author":[{"embeddable":true,"href":"https:\/\/noticiasribeiraopreto.com.br\/index.php\/wp-json\/wp\/v2\/users\/1"}],"replies":[{"embeddable":true,"href":"https:\/\/noticiasribeiraopreto.com.br\/index.php\/wp-json\/wp\/v2\/comments?post=81481"}],"version-history":[{"count":0,"href":"https:\/\/noticiasribeiraopreto.com.br\/index.php\/wp-json\/wp\/v2\/posts\/81481\/revisions"}],"wp:featuredmedia":[{"embeddable":true,"href":"https:\/\/noticiasribeiraopreto.com.br\/index.php\/wp-json\/wp\/v2\/media\/81482"}],"wp:attachment":[{"href":"https:\/\/noticiasribeiraopreto.com.br\/index.php\/wp-json\/wp\/v2\/media?parent=81481"}],"wp:term":[{"taxonomy":"category","embeddable":true,"href":"https:\/\/noticiasribeiraopreto.com.br\/index.php\/wp-json\/wp\/v2\/categories?post=81481"},{"taxonomy":"post_tag","embeddable":true,"href":"https:\/\/noticiasribeiraopreto.com.br\/index.php\/wp-json\/wp\/v2\/tags?post=81481"}],"curies":[{"name":"wp","href":"https:\/\/api.w.org\/{rel}","templated":true}]}}