{"id":81483,"date":"2026-01-07T11:35:17","date_gmt":"2026-01-07T14:35:17","guid":{"rendered":"https:\/\/noticiasribeiraopreto.com.br\/index.php\/2026\/01\/07\/video-assaltante-morre-ao-tentar-assaltar-casa-de-pm-em-rp\/"},"modified":"2026-01-07T11:35:17","modified_gmt":"2026-01-07T14:35:17","slug":"video-assaltante-morre-ao-tentar-assaltar-casa-de-pm-em-rp","status":"publish","type":"post","link":"https:\/\/noticiasribeiraopreto.com.br\/index.php\/2026\/01\/07\/video-assaltante-morre-ao-tentar-assaltar-casa-de-pm-em-rp\/","title":{"rendered":"V\u00cdDEO &#8211; Assaltante morre ao tentar assaltar casa de PM em RP"},"content":{"rendered":"<div class='code-block code-block-1' style='margin: 8px 0 8px auto; text-align: right; display: block; clear: both;'>\n<p><a href=\"https:\/\/wa.link\/vpicfd\"><img data-recalc-dims=\"1\" class=\"wp-image-4922\" style=\"aspect-ratio: 2.0253164556962027; width: 561px; height: auto;\" src=\"https:\/\/i0.wp.com\/ismaelcolosi.com.br\/wp-content\/uploads\/2023\/11\/grupo-de-empregos-whatsapp-e-facebook-ismael-colosi-vagas.jpg?ssl=1\" alt=\"\" \/><\/a><\/p>\n<!-- \/wp:image -->\n<\/div>\n<p> <br \/>\n<\/p>\n<div id=\"\">&#13;<\/p>\n<h2 class=\"penci-post-subtitle\">Homem teria aproveitado o port\u00e3o eletr\u00f4nico aberto enquanto o PM manobrava o carro e entrou anunciando o assalto com arma em punho<\/h2>\n<p>&#13;<\/p>\n<p>&#13;<br \/>\n\t\t\t\t\t\t\t\t\t<span class=\"entry-meta-item penci-posted-on\"><i class=\"fa fa-clock-o\"\/><time class=\"entry-date published\" datetime=\"2026-01-07T11:33:32-03:00\">7 de janeiro de 2026 11:33<\/time><time class=\"updated\" datetime=\"2026-01-07T11:34:16-03:00\">7 de janeiro de 2026 11:34<\/time><\/span><span class=\"entry-meta-item penci-post-countview\"\/>\t\t\t\t\t\t\t\t<\/p>\n<p><!-- .entry-meta -->&#13;<br \/>\n\t\t\t\t\t\t\t\t<span class=\"penci-social-buttons penci-social-share-footer\"><span class=\"penci-social-share-text\">Compartilhar<\/span><a href=\"#\" class=\"penci-post-like penci_post-meta_item  liked single-like-button penci-social-item like\" data-post_id=\"451225\" title=\"Unlike\" data-like=\"Like\" data-unlike=\"Unlike\"><i class=\"fa fa-thumbs-o-up\"\/><span class=\"penci-share-number\">2<\/span><\/a><i class=\"fa fa-facebook\"\/><a class=\"penci-social-item twitter\" target=\"_blank\" rel=\"noopener\" title=\"\" href=\"https:\/\/twitter.com\/intent\/tweet?text=V\u00cdDEO%20-%20Assaltante%20morre%20ao%20tentar%20assaltar%20casa%20de%20PM%20em%20RP%20-%20https:\/\/www.tribunaribeirao.com.br\/video-assaltante-morre-ao-tentar-assaltar-casa-de-pm-em-rp\/\"><i class=\"fa fa-twitter\"\/><\/a><i class=\"fa fa-linkedin\"\/><i class=\"fa fa-whatsapp\"\/><i class=\"fa fa-telegram\"\/><i class=\"fa fa-envelope\"\/><\/span>\t\t\t\t\t\t\t<\/div>\n<div>\n<p>Por: Alfredo Risk e Adalberto Luque \u2013<\/p>\n<p>Um homem ainda n\u00e3o identificado morreu, na madrugada desta quarta-feira (7), ao tentar assaltar a casa de um policial militar. O caso ocorreu na rua Medeiros de Albuquerque, Jardim Piratininga, zona Oeste de Ribeir\u00e3o Preto. Uma c\u00e2mera de seguran\u00e7a registrou as imagens.<\/p>\n<p>O PM chegou ao local \u00e0 paisana, conduzindo seu ve\u00edculo. Acionou o port\u00e3o eletr\u00f4nico e, enquanto colocava o ve\u00edculo de r\u00e9 na garagem da casa, um homem se aproxima.<\/p>\n<p>Aproveitando que o port\u00e3o estava aberto, ele entra com a arma nas m\u00e3os e anuncia o assalto. De acordo com o Boletim de Ocorr\u00eancia (BO), o PM teria se identificado e pedido para ele baixar a arma. O suspeito teria investido e o policial reagiu, efetuando quatro disparos.<\/p>\n<figure id=\"attachment_451227\" aria-describedby=\"caption-attachment-451227\" style=\"width: 1040px\" class=\"wp-caption alignnone\"><img data-recalc-dims=\"1\" loading=\"lazy\" decoding=\"async\" class=\"size-full wp-image-451227 lazyload\" src=\"https:\/\/i0.wp.com\/www.tribunaribeirao.com.br\/wp-content\/uploads\/2026\/01\/07-jan-2026-assaltantemorto1-scaled.jpg?resize=1040%2C780&#038;ssl=1\" alt=\"\" width=\"1040\" height=\"780\" srcset=\"https:\/\/www.tribunaribeirao.com.br\/wp-content\/uploads\/2026\/01\/07-jan-2026-assaltantemorto1-scaled.jpg 1040w, https:\/\/www.tribunaribeirao.com.br\/wp-content\/uploads\/2026\/01\/07-jan-2026-assaltantemorto1-300x225.jpg 300w, https:\/\/www.tribunaribeirao.com.br\/wp-content\/uploads\/2026\/01\/07-jan-2026-assaltantemorto1-1024x768.jpg 1024w, https:\/\/www.tribunaribeirao.com.br\/wp-content\/uploads\/2026\/01\/07-jan-2026-assaltantemorto1-768x576.jpg 768w, https:\/\/www.tribunaribeirao.com.br\/wp-content\/uploads\/2026\/01\/07-jan-2026-assaltantemorto1-1536x1152.jpg 1536w, https:\/\/www.tribunaribeirao.com.br\/wp-content\/uploads\/2026\/01\/07-jan-2026-assaltantemorto1-760x570.jpg 760w, https:\/\/www.tribunaribeirao.com.br\/wp-content\/uploads\/2026\/01\/07-jan-2026-assaltantemorto1-960x720.jpg 960w, https:\/\/www.tribunaribeirao.com.br\/wp-content\/uploads\/2026\/01\/07-jan-2026-assaltantemorto1-533x400.jpg 533w, https:\/\/www.tribunaribeirao.com.br\/wp-content\/uploads\/2026\/01\/07-jan-2026-assaltantemorto1-585x439.jpg 585w\" data-sizes=\"(max-width: 1040px) 100vw, 1040px\" style=\"--smush-placeholder-width: 1040px; --smush-placeholder-aspect-ratio: 1040\/780;\"\/><figcaption id=\"caption-attachment-451227\" class=\"wp-caption-text\">Ap\u00f3s trabalho de per\u00edcia, pai do PM que impediu assalto lavou a cal\u00e7ada da resid\u00eancia (Foto: Alfredo Risk)<\/figcaption><\/figure>\n<p>Um dos tiros atingiu o carro do PM, que tentava se abrigar para n\u00e3o ser baleado pelo suspeito que invadiu sua casa. Ao ver que o homem estava ca\u00eddo no ch\u00e3o, ele ligou imediatamente para a PM, informando o ocorrido e pedindo, com urg\u00eancia, uma unidade de resgate.<\/p>\n<p>Viaturas da PM chegaram rapidamente ao local e preservaram a \u00e1rea para o trabalho de per\u00edcia. Uma ambul\u00e2ncia do Servi\u00e7o de Atendimento M\u00f3vel de Urg\u00eancia (SAMU) tamb\u00e9m chegou. O homem chegou a ser levado para a Unidade de Pronto Atendimento (UPA) da Vila Virg\u00ednia, zona Oeste.<\/p>\n<p>Contudo, morreu ao dar entrada para atendimento m\u00e9dico. A filha do PM estava na casa no momento da tentativa de assalto. O pai do PM, que \u00e9 tenente aposentado da Pol\u00edcia Militar, tamb\u00e9m estava na casa. Ningu\u00e9m mais foi atingido pelos disparos. A per\u00edcia esteve no local. A pistola do PM foi apreendida para per\u00edcia. A arma do suspeito, um rev\u00f3lver calibre 38 com numera\u00e7\u00e3o raspada e municiado, tamb\u00e9m foi apreendida.<\/p>\n<p>O corpo do homem que teria tentado assaltar a casa do militar foi encaminhado para o Instituto M\u00e9dico Legal (IML), para identifica\u00e7\u00e3o. O caso foi registrado como tentativa de roubo a resid\u00eancia e homic\u00eddio e ser\u00e1 investigado pela Pol\u00edcia Civil.<\/p>\n<\/div>\n<p><script async src=\"\/\/platform.twitter.com\/widgets.js\" charset=\"utf-8\"><\/script><br \/>\n<br \/><br \/>\n<br \/><a href=\"https:\/\/www.tribunaribeirao.com.br\/video-assaltante-morre-ao-tentar-assaltar-casa-de-pm-em-rp\/\">Source link <\/a><\/p>\n<!-- CONTENT END 1 -->\n","protected":false},"excerpt":{"rendered":"<p>&#13; Homem teria aproveitado o port\u00e3o eletr\u00f4nico aberto enquanto o PM manobrava o carro e entrou anunciando o assalto com arma em punho &#13; &#13;&#8230;<\/p>\n","protected":false},"author":1,"featured_media":81484,"comment_status":"open","ping_status":"open","sticky":false,"template":"","format":"standard","meta":{"advanced_seo_description":"","jetpack_seo_html_title":"","jetpack_seo_noindex":false,"jetpack_post_was_ever_published":false,"_jetpack_newsletter_access":"","_jetpack_dont_email_post_to_subs":false,"_jetpack_newsletter_tier_id":0,"_jetpack_memberships_contains_paywalled_content":false,"_jetpack_memberships_contains_paid_content":false,"footnotes":"","jetpack_publicize_message":"","jetpack_publicize_feature_enabled":true,"jetpack_social_post_already_shared":true,"jetpack_social_options":{"image_generator_settings":{"template":"highway","default_image_id":0,"font":"","enabled":false},"version":2}},"categories":[11],"tags":[],"class_list":["post-81483","post","type-post","status-publish","format-standard","has-post-thumbnail","hentry","category-noticias-de-ribeirao-preto-sp-e-regiao-ismael-colosi"],"jetpack_publicize_connections":[],"jetpack_featured_media_url":"https:\/\/i0.wp.com\/noticiasribeiraopreto.com.br\/wp-content\/uploads\/2026\/01\/07-jan-2026-assaltantemorto2-scaled.jpg?fit=1200%2C678&ssl=1","jetpack-related-posts":[{"id":84746,"url":"https:\/\/noticiasribeiraopreto.com.br\/index.php\/2026\/04\/15\/pm-e-suspeito-de-matar-empresario-de-rp-no-rio-de-janeiro\/","url_meta":{"origin":81483,"position":0},"title":"PM \u00e9 suspeito de matar empres\u00e1rio de RP no Rio de Janeiro","author":"noticiasribeiraopreto.com.br","date":"15 de April de 2026","format":false,"excerpt":"\r Homem teve pris\u00e3o tempor\u00e1ria decretada e investiga\u00e7\u00f5es sobre o caso prosseguem\r \r 15 de abril de 2026 12:2015 de abril de 2026 12:21 \r Compartilhar2 | Por: Adalberto Luque | Um policial militar se apresentou \u00e0 Pol\u00edcia Civil e foi preso, na tarde desta ter\u00e7a-feira (14), pela morte de\u2026","rel":"","context":"In &quot;Not\u00edcias de Ribeir\u00e3o Preto-SP e Regi\u00e3o&quot;","block_context":{"text":"Not\u00edcias de Ribeir\u00e3o Preto-SP e Regi\u00e3o","link":"https:\/\/noticiasribeiraopreto.com.br\/index.php\/category\/noticias-de-ribeirao-preto-sp-e-regiao-ismael-colosi\/"},"img":{"alt_text":"","src":"https:\/\/i0.wp.com\/noticiasribeiraopreto.com.br\/wp-content\/uploads\/2026\/04\/14-mar-2026-mortonorj.jpg?fit=737%2C683&ssl=1&resize=350%2C200","width":350,"height":200,"srcset":"https:\/\/i0.wp.com\/noticiasribeiraopreto.com.br\/wp-content\/uploads\/2026\/04\/14-mar-2026-mortonorj.jpg?fit=737%2C683&ssl=1&resize=350%2C200 1x, https:\/\/i0.wp.com\/noticiasribeiraopreto.com.br\/wp-content\/uploads\/2026\/04\/14-mar-2026-mortonorj.jpg?fit=737%2C683&ssl=1&resize=525%2C300 1.5x, https:\/\/i0.wp.com\/noticiasribeiraopreto.com.br\/wp-content\/uploads\/2026\/04\/14-mar-2026-mortonorj.jpg?fit=737%2C683&ssl=1&resize=700%2C400 2x"},"classes":[]},{"id":81829,"url":"https:\/\/noticiasribeiraopreto.com.br\/index.php\/2026\/01\/27\/empresaria-tranca-suspeito-de-furto-na-empresa-ate-chegada-da-pm\/","url_meta":{"origin":81483,"position":1},"title":"Empres\u00e1ria tranca suspeito de furto na empresa at\u00e9 chegada da PM","author":"noticiasribeiraopreto.com.br","date":"27 de January de 2026","format":false,"excerpt":"\r Homem ficou trancado no vesti\u00e1rio da empresa e foi encontrado com pe\u00e7as avaliadas em R$ 6 mil\r \r 26 de janeiro de 2026 10:4826 de janeiro de 2026 11:00 \r Compartilhar3 Por: Adalberto Luque \u2013 Um homem de 46 anos foi preso, ap\u00f3s ser trancado pela dona de uma\u2026","rel":"","context":"In &quot;Not\u00edcias de Ribeir\u00e3o Preto-SP e Regi\u00e3o&quot;","block_context":{"text":"Not\u00edcias de Ribeir\u00e3o Preto-SP e Regi\u00e3o","link":"https:\/\/noticiasribeiraopreto.com.br\/index.php\/category\/noticias-de-ribeirao-preto-sp-e-regiao-ismael-colosi\/"},"img":{"alt_text":"","src":"https:\/\/i0.wp.com\/noticiasribeiraopreto.com.br\/wp-content\/uploads\/2026\/01\/CPJ-Fachada-07-2025-01-Foto-Alfredo-Risk-e1752593364815.jpg?fit=1200%2C900&ssl=1&resize=350%2C200","width":350,"height":200,"srcset":"https:\/\/i0.wp.com\/noticiasribeiraopreto.com.br\/wp-content\/uploads\/2026\/01\/CPJ-Fachada-07-2025-01-Foto-Alfredo-Risk-e1752593364815.jpg?fit=1200%2C900&ssl=1&resize=350%2C200 1x, https:\/\/i0.wp.com\/noticiasribeiraopreto.com.br\/wp-content\/uploads\/2026\/01\/CPJ-Fachada-07-2025-01-Foto-Alfredo-Risk-e1752593364815.jpg?fit=1200%2C900&ssl=1&resize=525%2C300 1.5x, https:\/\/i0.wp.com\/noticiasribeiraopreto.com.br\/wp-content\/uploads\/2026\/01\/CPJ-Fachada-07-2025-01-Foto-Alfredo-Risk-e1752593364815.jpg?fit=1200%2C900&ssl=1&resize=700%2C400 2x, https:\/\/i0.wp.com\/noticiasribeiraopreto.com.br\/wp-content\/uploads\/2026\/01\/CPJ-Fachada-07-2025-01-Foto-Alfredo-Risk-e1752593364815.jpg?fit=1200%2C900&ssl=1&resize=1050%2C600 3x"},"classes":[]},{"id":80827,"url":"https:\/\/noticiasribeiraopreto.com.br\/index.php\/2025\/12\/14\/copinha-2026-times-de-ribeirao-preto-tem-estreia-definida\/","url_meta":{"origin":81483,"position":2},"title":"Copinha 2026: times de Ribeir\u00e3o Preto t\u00eam estreia definida","author":"noticiasribeiraopreto.com.br","date":"14 de December de 2025","format":false,"excerpt":"Os representantes de Ribeir\u00e3o Preto e regi\u00e3o j\u00e1 conhecem datas e hor\u00e1rios das partidas da Copa S\u00e3o Paulo de Futebol J\u00fanior 2026. Comercial, Botafogo e I9-SP entram em campo a partir de 3 de janeiro, distribu\u00eddos em tr\u00eas sedes: Ribeir\u00e3o Preto Brodowsk Cravinhos A Federa\u00e7\u00e3o Paulista de Futebol divulgou na\u2026","rel":"","context":"In &quot;Not\u00edcias de Ribeir\u00e3o Preto-SP e Regi\u00e3o&quot;","block_context":{"text":"Not\u00edcias de Ribeir\u00e3o Preto-SP e Regi\u00e3o","link":"https:\/\/noticiasribeiraopreto.com.br\/index.php\/category\/noticias-de-ribeirao-preto-sp-e-regiao-ismael-colosi\/"},"img":{"alt_text":"","src":"https:\/\/i0.wp.com\/noticiasribeiraopreto.com.br\/wp-content\/uploads\/2025\/12\/Copia-de-Copia-de-Copia-de-TAMANHO-EXATO-PARA-FOTOS-NO-SISTEMA-NOVO-2025-11-25T210951.995_2025-11-26_00-10-33.webp.webp?fit=1200%2C675&ssl=1&resize=350%2C200","width":350,"height":200,"srcset":"https:\/\/i0.wp.com\/noticiasribeiraopreto.com.br\/wp-content\/uploads\/2025\/12\/Copia-de-Copia-de-Copia-de-TAMANHO-EXATO-PARA-FOTOS-NO-SISTEMA-NOVO-2025-11-25T210951.995_2025-11-26_00-10-33.webp.webp?fit=1200%2C675&ssl=1&resize=350%2C200 1x, https:\/\/i0.wp.com\/noticiasribeiraopreto.com.br\/wp-content\/uploads\/2025\/12\/Copia-de-Copia-de-Copia-de-TAMANHO-EXATO-PARA-FOTOS-NO-SISTEMA-NOVO-2025-11-25T210951.995_2025-11-26_00-10-33.webp.webp?fit=1200%2C675&ssl=1&resize=525%2C300 1.5x, https:\/\/i0.wp.com\/noticiasribeiraopreto.com.br\/wp-content\/uploads\/2025\/12\/Copia-de-Copia-de-Copia-de-TAMANHO-EXATO-PARA-FOTOS-NO-SISTEMA-NOVO-2025-11-25T210951.995_2025-11-26_00-10-33.webp.webp?fit=1200%2C675&ssl=1&resize=700%2C400 2x, https:\/\/i0.wp.com\/noticiasribeiraopreto.com.br\/wp-content\/uploads\/2025\/12\/Copia-de-Copia-de-Copia-de-TAMANHO-EXATO-PARA-FOTOS-NO-SISTEMA-NOVO-2025-11-25T210951.995_2025-11-26_00-10-33.webp.webp?fit=1200%2C675&ssl=1&resize=1050%2C600 3x"},"classes":[]},{"id":81822,"url":"https:\/\/noticiasribeiraopreto.com.br\/index.php\/2026\/01\/27\/homem-e-preso-na-regiao-acusado-de-ter-arrastado-cachorra-prenha-ate-a-morte\/","url_meta":{"origin":81483,"position":3},"title":"Homem \u00e9 preso na regi\u00e3o acusado de ter arrastado cachorra prenha at\u00e9 a morte","author":"noticiasribeiraopreto.com.br","date":"27 de January de 2026","format":false,"excerpt":"\r Al\u00e9m da cachorra, os 10 filhotes que estavam sendo gestados tamb\u00e9m morreram na a\u00e7\u00e3o; homem foi preso em flagrante\r \r 26 de janeiro de 2026 11:4126 de janeiro de 2026 11:52 \r Compartilhar5 Por: Adalberto Luque \u2013 Um homem de 65 anos, foi preso em flagrante, ap\u00f3s ter arrastado\u2026","rel":"","context":"In &quot;Not\u00edcias de Ribeir\u00e3o Preto-SP e Regi\u00e3o&quot;","block_context":{"text":"Not\u00edcias de Ribeir\u00e3o Preto-SP e Regi\u00e3o","link":"https:\/\/noticiasribeiraopreto.com.br\/index.php\/category\/noticias-de-ribeirao-preto-sp-e-regiao-ismael-colosi\/"},"img":{"alt_text":"","src":"https:\/\/i0.wp.com\/noticiasribeiraopreto.com.br\/wp-content\/uploads\/2026\/01\/26-jan-2025-arrastoucachorra0-scaled.jpg?fit=1200%2C675&ssl=1&resize=350%2C200","width":350,"height":200,"srcset":"https:\/\/i0.wp.com\/noticiasribeiraopreto.com.br\/wp-content\/uploads\/2026\/01\/26-jan-2025-arrastoucachorra0-scaled.jpg?fit=1200%2C675&ssl=1&resize=350%2C200 1x, https:\/\/i0.wp.com\/noticiasribeiraopreto.com.br\/wp-content\/uploads\/2026\/01\/26-jan-2025-arrastoucachorra0-scaled.jpg?fit=1200%2C675&ssl=1&resize=525%2C300 1.5x, https:\/\/i0.wp.com\/noticiasribeiraopreto.com.br\/wp-content\/uploads\/2026\/01\/26-jan-2025-arrastoucachorra0-scaled.jpg?fit=1200%2C675&ssl=1&resize=700%2C400 2x, https:\/\/i0.wp.com\/noticiasribeiraopreto.com.br\/wp-content\/uploads\/2026\/01\/26-jan-2025-arrastoucachorra0-scaled.jpg?fit=1200%2C675&ssl=1&resize=1050%2C600 3x"},"classes":[]},{"id":25600,"url":"https:\/\/noticiasribeiraopreto.com.br\/index.php\/2024\/01\/07\/esplanada-tera-2-mil-pms-4-vezes-mais-do-que-no-dia-do-ataque-aos-tres-poderes\/","url_meta":{"origin":81483,"position":4},"title":"Esplanada ter\u00e1 2 mil PMs, 4 vezes mais do que no dia do ataque aos Tr\u00eas Poderes\u00a0","author":"noticiasribeiraopreto.com.br","date":"7 de January de 2024","format":false,"excerpt":"Refor\u00e7o ocorre para garantir a seguran\u00e7a da cerim\u00f4nia que relembra o ataque e reafirma o compromisso com a democracia\u00a0 7 de janeiro de 2024 | 17:006 de janeiro de 2024 | 12:34 0O evento que marca um ano do ataque de 8 de janeiro contar\u00e1 com um policiamento quatro vezes\u2026","rel":"","context":"In &quot;Not\u00edcias de Ribeir\u00e3o Preto-SP e Regi\u00e3o&quot;","block_context":{"text":"Not\u00edcias de Ribeir\u00e3o Preto-SP e Regi\u00e3o","link":"https:\/\/noticiasribeiraopreto.com.br\/index.php\/category\/noticias-de-ribeirao-preto-sp-e-regiao-ismael-colosi\/"},"img":{"alt_text":"","src":"https:\/\/i0.wp.com\/noticiasribeiraopreto.com.br\/wp-content\/uploads\/2024\/01\/1-8-janeiro-scaled.jpg?fit=967%2C645&ssl=1&resize=350%2C200","width":350,"height":200,"srcset":"https:\/\/i0.wp.com\/noticiasribeiraopreto.com.br\/wp-content\/uploads\/2024\/01\/1-8-janeiro-scaled.jpg?fit=967%2C645&ssl=1&resize=350%2C200 1x, https:\/\/i0.wp.com\/noticiasribeiraopreto.com.br\/wp-content\/uploads\/2024\/01\/1-8-janeiro-scaled.jpg?fit=967%2C645&ssl=1&resize=525%2C300 1.5x, https:\/\/i0.wp.com\/noticiasribeiraopreto.com.br\/wp-content\/uploads\/2024\/01\/1-8-janeiro-scaled.jpg?fit=967%2C645&ssl=1&resize=700%2C400 2x"},"classes":[]},{"id":80124,"url":"https:\/\/noticiasribeiraopreto.com.br\/index.php\/2025\/11\/15\/confira-o-calendario-para-pagamento-do-ipva-em-2026\/","url_meta":{"origin":81483,"position":5},"title":"Confira o calend\u00e1rio para pagamento do IPVA em 2026","author":"noticiasribeiraopreto.com.br","date":"15 de November de 2025","format":false,"excerpt":"Os propriet\u00e1rios de ve\u00edculos do Estado de S\u00e3o Paulo j\u00e1 podem conferir o calend\u00e1rio para pagamento do IPVA (Imposto sobre a Propriedade de Ve\u00edculos Automotores) 2026. As datas foram divulgadas pelo governo estadual na \u00faltima sexta-feira (14). De acordo com o Decreto publicado no Di\u00e1rio Oficial do Estado de S\u00e3o\u2026","rel":"","context":"In &quot;Not\u00edcias de Ribeir\u00e3o Preto-SP e Regi\u00e3o&quot;","block_context":{"text":"Not\u00edcias de Ribeir\u00e3o Preto-SP e Regi\u00e3o","link":"https:\/\/noticiasribeiraopreto.com.br\/index.php\/category\/noticias-de-ribeirao-preto-sp-e-regiao-ismael-colosi\/"},"img":{"alt_text":"","src":"https:\/\/i0.wp.com\/noticiasribeiraopreto.com.br\/wp-content\/uploads\/2025\/07\/avenida-saudade_2025-01-01_16-37-23_jpg_2025-01-01_16-37-23.webp.webp?fit=1200%2C900&ssl=1&resize=350%2C200","width":350,"height":200,"srcset":"https:\/\/i0.wp.com\/noticiasribeiraopreto.com.br\/wp-content\/uploads\/2025\/07\/avenida-saudade_2025-01-01_16-37-23_jpg_2025-01-01_16-37-23.webp.webp?fit=1200%2C900&ssl=1&resize=350%2C200 1x, https:\/\/i0.wp.com\/noticiasribeiraopreto.com.br\/wp-content\/uploads\/2025\/07\/avenida-saudade_2025-01-01_16-37-23_jpg_2025-01-01_16-37-23.webp.webp?fit=1200%2C900&ssl=1&resize=525%2C300 1.5x, https:\/\/i0.wp.com\/noticiasribeiraopreto.com.br\/wp-content\/uploads\/2025\/07\/avenida-saudade_2025-01-01_16-37-23_jpg_2025-01-01_16-37-23.webp.webp?fit=1200%2C900&ssl=1&resize=700%2C400 2x, https:\/\/i0.wp.com\/noticiasribeiraopreto.com.br\/wp-content\/uploads\/2025\/07\/avenida-saudade_2025-01-01_16-37-23_jpg_2025-01-01_16-37-23.webp.webp?fit=1200%2C900&ssl=1&resize=1050%2C600 3x"},"classes":[]}],"jetpack_sharing_enabled":true,"jetpack_shortlink":"https:\/\/wp.me\/peQAOb-lcf","_links":{"self":[{"href":"https:\/\/noticiasribeiraopreto.com.br\/index.php\/wp-json\/wp\/v2\/posts\/81483","targetHints":{"allow":["GET"]}}],"collection":[{"href":"https:\/\/noticiasribeiraopreto.com.br\/index.php\/wp-json\/wp\/v2\/posts"}],"about":[{"href":"https:\/\/noticiasribeiraopreto.com.br\/index.php\/wp-json\/wp\/v2\/types\/post"}],"author":[{"embeddable":true,"href":"https:\/\/noticiasribeiraopreto.com.br\/index.php\/wp-json\/wp\/v2\/users\/1"}],"replies":[{"embeddable":true,"href":"https:\/\/noticiasribeiraopreto.com.br\/index.php\/wp-json\/wp\/v2\/comments?post=81483"}],"version-history":[{"count":0,"href":"https:\/\/noticiasribeiraopreto.com.br\/index.php\/wp-json\/wp\/v2\/posts\/81483\/revisions"}],"wp:featuredmedia":[{"embeddable":true,"href":"https:\/\/noticiasribeiraopreto.com.br\/index.php\/wp-json\/wp\/v2\/media\/81484"}],"wp:attachment":[{"href":"https:\/\/noticiasribeiraopreto.com.br\/index.php\/wp-json\/wp\/v2\/media?parent=81483"}],"wp:term":[{"taxonomy":"category","embeddable":true,"href":"https:\/\/noticiasribeiraopreto.com.br\/index.php\/wp-json\/wp\/v2\/categories?post=81483"},{"taxonomy":"post_tag","embeddable":true,"href":"https:\/\/noticiasribeiraopreto.com.br\/index.php\/wp-json\/wp\/v2\/tags?post=81483"}],"curies":[{"name":"wp","href":"https:\/\/api.w.org\/{rel}","templated":true}]}}