{"id":81501,"date":"2026-01-08T07:14:11","date_gmt":"2026-01-08T10:14:11","guid":{"rendered":"https:\/\/noticiasribeiraopreto.com.br\/index.php\/2026\/01\/08\/acidente-envolve-micro-onibus-na-anhanguera-em-ribeirao-preto\/"},"modified":"2026-01-08T07:14:11","modified_gmt":"2026-01-08T10:14:11","slug":"acidente-envolve-micro-onibus-na-anhanguera-em-ribeirao-preto","status":"publish","type":"post","link":"https:\/\/noticiasribeiraopreto.com.br\/index.php\/2026\/01\/08\/acidente-envolve-micro-onibus-na-anhanguera-em-ribeirao-preto\/","title":{"rendered":"Acidente envolve micro-\u00f4nibus na Anhanguera em Ribeir\u00e3o Preto"},"content":{"rendered":"<div class='code-block code-block-1' style='margin: 8px 0 8px auto; text-align: right; display: block; clear: both;'>\n<p><a href=\"https:\/\/wa.link\/vpicfd\"><img data-recalc-dims=\"1\" class=\"wp-image-4922\" style=\"aspect-ratio: 2.0253164556962027; width: 561px; height: auto;\" src=\"https:\/\/i0.wp.com\/ismaelcolosi.com.br\/wp-content\/uploads\/2023\/11\/grupo-de-empregos-whatsapp-e-facebook-ismael-colosi-vagas.jpg?ssl=1\" alt=\"\" \/><\/a><\/p>\n<!-- \/wp:image -->\n<\/div>\n<p> <br \/>\n<\/p>\n<div data-td-block-uid=\"tdi_95\">\n<div class=\"tdb-block-inner td-fix-index\">\n<p><strong>Um micro-\u00f4nibus atingiu a prote\u00e7\u00e3o met\u00e1lica no km 300+394 pela pista sentido sul (Capital) da rodovia Anhanguera (SP-330), na madrugada desta quinta-feira (8), em Ribeir\u00e3o Preto.<\/strong><\/p>\n<p>Segundo o <strong>CCM (Centro de Controle Multimodal) da Artesp (Ag\u00eancia de Transportes do Estado de S\u00e3o Paulo)<\/strong>, <mark style=\"background-color:#fcb900\" class=\"has-inline-color has-black-color\">o motorista alegou que houve uma pane mec\u00e2nica<\/mark>, quando o <strong>ve\u00edculo desviou <\/strong>para <strong>esquerda <\/strong>e <strong>bateu <\/strong>no <strong>atenuador de impacto<\/strong> junto ao canteiro central. Em seguida, foi para a <strong>direita <\/strong>e <strong>chocou <\/strong>contra a <strong>defensa met\u00e1lica<\/strong> al\u00e9m do <strong>acostamento<\/strong>.<\/p>\n<p>Ainda de acordo com a Artesp, n\u00e3o houve registro de feridos.<\/p>\n<p>O micro-\u00f4nibus ficou transversalmente na pista. Houve interdi\u00e7\u00e3o nas faixas 1 e 3, e no acostamento.<\/p>\n<p>O ve\u00edculo, contudo, j\u00e1 foi retirado do local e o trecho est\u00e1 liberado.<\/p>\n<p>As causas, contudo, ainda dever\u00e3o ser apuradas.<\/p>\n<p>SAIBA MAIS<\/p>\n<p>Homem em cadeira de rodas motorizada \u00e9 flagrado em meio ao tr\u00e2nsito na regi\u00e3o Central de Ribeir\u00e3o Preto<\/p>\n<h2 class=\"wp-block-heading\"><strong>FIQUE ON<\/strong><\/h2>\n<p>Fique ligado em tudo que acontece em Ribeir\u00e3o Preto e regi\u00e3o. Siga os perfis do\u00a0<strong>acidade on\u00a0<\/strong>no\u00a0<a href=\"https:\/\/www.instagram.com\/acidadeonribeirao\" target=\"_blank\" rel=\"noreferrer noopener\">Instagram<\/a>\u00a0e no\u00a0<a href=\"https:\/\/www.facebook.com\/acidadeonribeirao\/\" target=\"_blank\" rel=\"noreferrer noopener\">Facebook<\/a>.<\/p>\n<p>Receba not\u00edcias do\u00a0<strong>acidade on<\/strong>\u00a0no WhatsApp. Para entrar no grupo,\u00a0basta\u00a0<a href=\"https:\/\/chat.whatsapp.com\/GFH9HUMUTHNFJdnyEd0xxq\" target=\"_blank\" rel=\"noreferrer noopener\">clicar aqui<\/a>. Ou, acesse o nosso\u00a0Canal\u00a0<a href=\"https:\/\/whatsapp.com\/channel\/0029Vb6IQl1JENyAeS57fk2p\" target=\"_blank\" rel=\"noreferrer noopener\">clicando aqui<\/a>.<\/p>\n<p>Fa\u00e7a uma den\u00fancia ou sugira uma reportagem sobre Ribeir\u00e3o Preto e regi\u00e3o pelo WhatsApp: 16 99117 7802.<\/p>\n<p>VEJA TAMB\u00c9M<\/p>\n<p>BBB 26: como funciona o Cartola, novo fantasy game do reality?<\/p>\n<p><!-- AI CONTENT END 1 -->\n<\/div>\n<\/div>\n<p><script async src=\"\/\/www.instagram.com\/embed.js\"><\/script><br \/>\n<br \/><br \/>\n<br \/><a href=\"https:\/\/www.acidadeon.com\/ribeiraopreto\/cotidiano\/acidente-envolve-micro-onibus-na-anhanguera-em-ribeirao-preto\/\">Source link <\/a><\/p>\n<!-- CONTENT END 1 -->\n","protected":false},"excerpt":{"rendered":"<p>Um micro-\u00f4nibus atingiu a prote\u00e7\u00e3o met\u00e1lica no km 300+394 pela pista sentido sul (Capital) da rodovia Anhanguera (SP-330), na madrugada desta quinta-feira (8), em Ribeir\u00e3o&#8230;<\/p>\n","protected":false},"author":1,"featured_media":81502,"comment_status":"open","ping_status":"open","sticky":false,"template":"","format":"standard","meta":{"advanced_seo_description":"","jetpack_seo_html_title":"","jetpack_seo_noindex":false,"jetpack_post_was_ever_published":false,"_jetpack_newsletter_access":"","_jetpack_dont_email_post_to_subs":false,"_jetpack_newsletter_tier_id":0,"_jetpack_memberships_contains_paywalled_content":false,"_jetpack_memberships_contains_paid_content":false,"footnotes":"","jetpack_publicize_message":"","jetpack_publicize_feature_enabled":true,"jetpack_social_post_already_shared":true,"jetpack_social_options":{"image_generator_settings":{"template":"highway","default_image_id":0,"font":"","enabled":false},"version":2}},"categories":[11],"tags":[],"class_list":["post-81501","post","type-post","status-publish","format-standard","has-post-thumbnail","hentry","category-noticias-de-ribeirao-preto-sp-e-regiao-ismael-colosi"],"jetpack_publicize_connections":[],"jetpack_featured_media_url":"https:\/\/i0.wp.com\/noticiasribeiraopreto.com.br\/wp-content\/uploads\/2026\/01\/WhatsApp-Image-2026-01-08-at-06.10.06_2026-01-08_09-27-27.webp.webp?fit=1200%2C540&ssl=1","jetpack-related-posts":[{"id":79574,"url":"https:\/\/noticiasribeiraopreto.com.br\/index.php\/2025\/11\/04\/onibus-tem-pane-no-freio-e-atinge-placa-de-sinalizacao-na-anhanguera-em-ribeirao-preto\/","url_meta":{"origin":81501,"position":0},"title":"\u00d4nibus tem pane no freio e atinge placa de sinaliza\u00e7\u00e3o na Anhanguera em Ribeir\u00e3o Preto","author":"noticiasribeiraopreto.com.br","date":"4 de November de 2025","format":false,"excerpt":"Um \u00f4nibus intermunicipal atingiu uma placa de sinaliza\u00e7\u00e3o na manh\u00e3 desta ter\u00e7a-feira (4), no km 303 pela pista sul da rodovia Anhanguera (SP-330), em Ribeir\u00e3o Preto. Segundo a concession\u00e1ria ViaPaulista, os 23 ocupantes sa\u00edram ilesos do ve\u00edculo. A Artesp (Ag\u00eancia Reguladora de Transporte do Estado de S\u00e3o Paulo) informou que\u2026","rel":"","context":"In &quot;Not\u00edcias de Ribeir\u00e3o Preto-SP e Regi\u00e3o&quot;","block_context":{"text":"Not\u00edcias de Ribeir\u00e3o Preto-SP e Regi\u00e3o","link":"https:\/\/noticiasribeiraopreto.com.br\/index.php\/category\/noticias-de-ribeirao-preto-sp-e-regiao-ismael-colosi\/"},"img":{"alt_text":"","src":"https:\/\/i0.wp.com\/noticiasribeiraopreto.com.br\/wp-content\/uploads\/2025\/11\/WhatsApp-Image-2025-11-04-at-08.44.15_2025-11-04_12-17-42.webp.webp?fit=1072%2C576&ssl=1&resize=350%2C200","width":350,"height":200,"srcset":"https:\/\/i0.wp.com\/noticiasribeiraopreto.com.br\/wp-content\/uploads\/2025\/11\/WhatsApp-Image-2025-11-04-at-08.44.15_2025-11-04_12-17-42.webp.webp?fit=1072%2C576&ssl=1&resize=350%2C200 1x, https:\/\/i0.wp.com\/noticiasribeiraopreto.com.br\/wp-content\/uploads\/2025\/11\/WhatsApp-Image-2025-11-04-at-08.44.15_2025-11-04_12-17-42.webp.webp?fit=1072%2C576&ssl=1&resize=525%2C300 1.5x, https:\/\/i0.wp.com\/noticiasribeiraopreto.com.br\/wp-content\/uploads\/2025\/11\/WhatsApp-Image-2025-11-04-at-08.44.15_2025-11-04_12-17-42.webp.webp?fit=1072%2C576&ssl=1&resize=700%2C400 2x, https:\/\/i0.wp.com\/noticiasribeiraopreto.com.br\/wp-content\/uploads\/2025\/11\/WhatsApp-Image-2025-11-04-at-08.44.15_2025-11-04_12-17-42.webp.webp?fit=1072%2C576&ssl=1&resize=1050%2C600 3x"},"classes":[]},{"id":82764,"url":"https:\/\/noticiasribeiraopreto.com.br\/index.php\/2026\/02\/26\/micro-onibus-capota-e-deixa-feridos-em-rodovia-na-regiao-de-ribeirao-preto\/","url_meta":{"origin":81501,"position":1},"title":"Micro-\u00f4nibus capota e deixa feridos em rodovia na regi\u00e3o de Ribeir\u00e3o Preto","author":"noticiasribeiraopreto.com.br","date":"26 de February de 2026","format":false,"excerpt":"Um micro-\u00f4nibus capotou e deixou duas v\u00edtimas no fim da tarde desta quarta-feira (25), no km 143 rodovia Nem\u00e9sio Cadetti (SP-333), em Taquaritinga, a 80 quil\u00f4metros de Ribeir\u00e3o Preto. Segundo o CCM (Centro de Controle Multimodal) da Artesp (Ag\u00eancia de Transportes do Estado de S\u00e3o Paulo), o ve\u00edculo seguia em\u2026","rel":"","context":"In &quot;Not\u00edcias de Ribeir\u00e3o Preto-SP e Regi\u00e3o&quot;","block_context":{"text":"Not\u00edcias de Ribeir\u00e3o Preto-SP e Regi\u00e3o","link":"https:\/\/noticiasribeiraopreto.com.br\/index.php\/category\/noticias-de-ribeirao-preto-sp-e-regiao-ismael-colosi\/"},"img":{"alt_text":"","src":"https:\/\/i0.wp.com\/noticiasribeiraopreto.com.br\/wp-content\/uploads\/2026\/02\/download-41_2026-02-26_10-15-49.webp.webp?fit=800%2C450&ssl=1&resize=350%2C200","width":350,"height":200,"srcset":"https:\/\/i0.wp.com\/noticiasribeiraopreto.com.br\/wp-content\/uploads\/2026\/02\/download-41_2026-02-26_10-15-49.webp.webp?fit=800%2C450&ssl=1&resize=350%2C200 1x, https:\/\/i0.wp.com\/noticiasribeiraopreto.com.br\/wp-content\/uploads\/2026\/02\/download-41_2026-02-26_10-15-49.webp.webp?fit=800%2C450&ssl=1&resize=525%2C300 1.5x, https:\/\/i0.wp.com\/noticiasribeiraopreto.com.br\/wp-content\/uploads\/2026\/02\/download-41_2026-02-26_10-15-49.webp.webp?fit=800%2C450&ssl=1&resize=700%2C400 2x"},"classes":[]},{"id":84473,"url":"https:\/\/noticiasribeiraopreto.com.br\/index.php\/2026\/04\/10\/motorista-morre-apos-bater-carro-sair-do-veiculo-e-ser-atropelado-por-onibus-em-rodovia\/","url_meta":{"origin":81501,"position":2},"title":"Motorista morre ap\u00f3s bater carro, sair do ve\u00edculo e ser atropelado por \u00f4nibus em rodovia","author":"noticiasribeiraopreto.com.br","date":"10 de April de 2026","format":false,"excerpt":"Ler o resumo da not\u00edcia Motorista morreu atropelado por \u00f4nibus na rodovia C\u00e2ndido Portinari (SP-334), em Ribeir\u00e3o Preto, na noite de quinta-feira (9). Condutor bateu o carro contra prote\u00e7\u00e3o met\u00e1lica ao acessar a Anhanguera (SP-330) pelo km 318, saiu do ve\u00edculo e foi atingido no sentido norte. Motorista do \u00f4nibus\u2026","rel":"","context":"In &quot;Not\u00edcias de Ribeir\u00e3o Preto-SP e Regi\u00e3o&quot;","block_context":{"text":"Not\u00edcias de Ribeir\u00e3o Preto-SP e Regi\u00e3o","link":"https:\/\/noticiasribeiraopreto.com.br\/index.php\/category\/noticias-de-ribeirao-preto-sp-e-regiao-ismael-colosi\/"},"img":{"alt_text":"","src":"https:\/\/i0.wp.com\/noticiasribeiraopreto.com.br\/wp-content\/uploads\/2026\/04\/19aa59d2-a2ae-4a84-95dd-dca5750e81eb_2026-04-10_10-33-16.webp.webp?fit=1200%2C900&ssl=1&resize=350%2C200","width":350,"height":200,"srcset":"https:\/\/i0.wp.com\/noticiasribeiraopreto.com.br\/wp-content\/uploads\/2026\/04\/19aa59d2-a2ae-4a84-95dd-dca5750e81eb_2026-04-10_10-33-16.webp.webp?fit=1200%2C900&ssl=1&resize=350%2C200 1x, https:\/\/i0.wp.com\/noticiasribeiraopreto.com.br\/wp-content\/uploads\/2026\/04\/19aa59d2-a2ae-4a84-95dd-dca5750e81eb_2026-04-10_10-33-16.webp.webp?fit=1200%2C900&ssl=1&resize=525%2C300 1.5x, https:\/\/i0.wp.com\/noticiasribeiraopreto.com.br\/wp-content\/uploads\/2026\/04\/19aa59d2-a2ae-4a84-95dd-dca5750e81eb_2026-04-10_10-33-16.webp.webp?fit=1200%2C900&ssl=1&resize=700%2C400 2x, https:\/\/i0.wp.com\/noticiasribeiraopreto.com.br\/wp-content\/uploads\/2026\/04\/19aa59d2-a2ae-4a84-95dd-dca5750e81eb_2026-04-10_10-33-16.webp.webp?fit=1200%2C900&ssl=1&resize=1050%2C600 3x"},"classes":[]},{"id":73703,"url":"https:\/\/noticiasribeiraopreto.com.br\/index.php\/2025\/07\/08\/passageira-socorrida-em-onibus-na-anhanguera-morre-em-hospital\/","url_meta":{"origin":81501,"position":3},"title":"Passageira socorrida em \u00f4nibus na Anhanguera morre em hospital","author":"noticiasribeiraopreto.com.br","date":"8 de July de 2025","format":false,"excerpt":"Uma passageira de um \u00f4nibus que seguia da capital paulista para Goi\u00e2nia (GO) morreu depois de ter sido socorrida na madrugada desta ter\u00e7a-feira (8), no km 340 da rodovia Anhanguera (SP330), em Jardin\u00f3polis, na regi\u00e3o de Ribeir\u00e3o Preto. Segundo informa\u00e7\u00f5es da Artesp (Ag\u00eancia de Transporte do Estado de S\u00e3o Paulo),\u2026","rel":"","context":"In &quot;Not\u00edcias de Ribeir\u00e3o Preto-SP e Regi\u00e3o&quot;","block_context":{"text":"Not\u00edcias de Ribeir\u00e3o Preto-SP e Regi\u00e3o","link":"https:\/\/noticiasribeiraopreto.com.br\/index.php\/category\/noticias-de-ribeirao-preto-sp-e-regiao-ismael-colosi\/"},"img":{"alt_text":"","src":"https:\/\/i0.wp.com\/noticiasribeiraopreto.com.br\/wp-content\/uploads\/2025\/07\/ONIBUS_2025-07-08_10-46-50.webp.webp?fit=1200%2C751&ssl=1&resize=350%2C200","width":350,"height":200,"srcset":"https:\/\/i0.wp.com\/noticiasribeiraopreto.com.br\/wp-content\/uploads\/2025\/07\/ONIBUS_2025-07-08_10-46-50.webp.webp?fit=1200%2C751&ssl=1&resize=350%2C200 1x, https:\/\/i0.wp.com\/noticiasribeiraopreto.com.br\/wp-content\/uploads\/2025\/07\/ONIBUS_2025-07-08_10-46-50.webp.webp?fit=1200%2C751&ssl=1&resize=525%2C300 1.5x, https:\/\/i0.wp.com\/noticiasribeiraopreto.com.br\/wp-content\/uploads\/2025\/07\/ONIBUS_2025-07-08_10-46-50.webp.webp?fit=1200%2C751&ssl=1&resize=700%2C400 2x, https:\/\/i0.wp.com\/noticiasribeiraopreto.com.br\/wp-content\/uploads\/2025\/07\/ONIBUS_2025-07-08_10-46-50.webp.webp?fit=1200%2C751&ssl=1&resize=1050%2C600 3x"},"classes":[]},{"id":84778,"url":"https:\/\/noticiasribeiraopreto.com.br\/index.php\/2026\/04\/15\/motociclista-fica-em-estado-grave-apos-colisao-com-micro-onibus-na-candido-portinari\/","url_meta":{"origin":81501,"position":4},"title":"Motociclista fica em estado grave ap\u00f3s colis\u00e3o com micro-\u00f4nibus na C\u00e2ndido Portinari","author":"noticiasribeiraopreto.com.br","date":"15 de April de 2026","format":false,"excerpt":"Ler o resumo da not\u00edcia Colis\u00e3o entre micro-\u00f4nibus e in\u00famera Honda CB Twister deixou motociclista ferido gravemente em Batatais (SP). Acidente ocorreu no km 355 da Rodovia C\u00e2ndido Portinari (SP-334), sentido Sul, por volta das 13h46. Os dois ocupantes do micro-\u00f4nibus n\u00e3o sofreram ferimentos; trecho permanece com interdi\u00e7\u00e3o parcial. Tr\u00e2nsito\u2026","rel":"","context":"In &quot;Not\u00edcias de Ribeir\u00e3o Preto-SP e Regi\u00e3o&quot;","block_context":{"text":"Not\u00edcias de Ribeir\u00e3o Preto-SP e Regi\u00e3o","link":"https:\/\/noticiasribeiraopreto.com.br\/index.php\/category\/noticias-de-ribeirao-preto-sp-e-regiao-ismael-colosi\/"},"img":{"alt_text":"","src":"https:\/\/i0.wp.com\/noticiasribeiraopreto.com.br\/wp-content\/uploads\/2026\/04\/4afb317e-6bd5-4ad8-994c-19e1fcbd8888_2026-04-15_17-41-39.webp.webp?fit=1200%2C726&ssl=1&resize=350%2C200","width":350,"height":200,"srcset":"https:\/\/i0.wp.com\/noticiasribeiraopreto.com.br\/wp-content\/uploads\/2026\/04\/4afb317e-6bd5-4ad8-994c-19e1fcbd8888_2026-04-15_17-41-39.webp.webp?fit=1200%2C726&ssl=1&resize=350%2C200 1x, https:\/\/i0.wp.com\/noticiasribeiraopreto.com.br\/wp-content\/uploads\/2026\/04\/4afb317e-6bd5-4ad8-994c-19e1fcbd8888_2026-04-15_17-41-39.webp.webp?fit=1200%2C726&ssl=1&resize=525%2C300 1.5x, https:\/\/i0.wp.com\/noticiasribeiraopreto.com.br\/wp-content\/uploads\/2026\/04\/4afb317e-6bd5-4ad8-994c-19e1fcbd8888_2026-04-15_17-41-39.webp.webp?fit=1200%2C726&ssl=1&resize=700%2C400 2x, https:\/\/i0.wp.com\/noticiasribeiraopreto.com.br\/wp-content\/uploads\/2026\/04\/4afb317e-6bd5-4ad8-994c-19e1fcbd8888_2026-04-15_17-41-39.webp.webp?fit=1200%2C726&ssl=1&resize=1050%2C600 3x"},"classes":[]},{"id":70158,"url":"https:\/\/noticiasribeiraopreto.com.br\/index.php\/2025\/05\/23\/caminhao-carregado-de-bebidas-tomba-na-rodovia-anhanguera\/","url_meta":{"origin":81501,"position":5},"title":"Caminh\u00e3o carregado de bebidas tomba na rodovia Anhanguera","author":"noticiasribeiraopreto.com.br","date":"23 de May de 2025","format":false,"excerpt":"Um caminh\u00e3o carregado de bebidas tombou na noite desta quinta-feira (22), no km 401 da rodovia Anhanguera (SP-330), em Guar\u00e1, cidade a aproximadamente 90 quil\u00f4metros de Ribeir\u00e3o Preto. Segundo a Artesp, o motorista sofreu ferimentos leves. O tombamento ocorreu no acostamento da via pela pista Norte (interior) e a carga,\u2026","rel":"","context":"In &quot;Not\u00edcias de Ribeir\u00e3o Preto-SP e Regi\u00e3o&quot;","block_context":{"text":"Not\u00edcias de Ribeir\u00e3o Preto-SP e Regi\u00e3o","link":"https:\/\/noticiasribeiraopreto.com.br\/index.php\/category\/noticias-de-ribeirao-preto-sp-e-regiao-ismael-colosi\/"},"img":{"alt_text":"","src":"https:\/\/i0.wp.com\/noticiasribeiraopreto.com.br\/wp-content\/uploads\/2025\/05\/WhatsApp-Image-2025-05-23-at-06.32.42_2025-05-23_11-40-21.webp.webp?fit=1200%2C554&ssl=1&resize=350%2C200","width":350,"height":200,"srcset":"https:\/\/i0.wp.com\/noticiasribeiraopreto.com.br\/wp-content\/uploads\/2025\/05\/WhatsApp-Image-2025-05-23-at-06.32.42_2025-05-23_11-40-21.webp.webp?fit=1200%2C554&ssl=1&resize=350%2C200 1x, https:\/\/i0.wp.com\/noticiasribeiraopreto.com.br\/wp-content\/uploads\/2025\/05\/WhatsApp-Image-2025-05-23-at-06.32.42_2025-05-23_11-40-21.webp.webp?fit=1200%2C554&ssl=1&resize=525%2C300 1.5x, https:\/\/i0.wp.com\/noticiasribeiraopreto.com.br\/wp-content\/uploads\/2025\/05\/WhatsApp-Image-2025-05-23-at-06.32.42_2025-05-23_11-40-21.webp.webp?fit=1200%2C554&ssl=1&resize=700%2C400 2x, https:\/\/i0.wp.com\/noticiasribeiraopreto.com.br\/wp-content\/uploads\/2025\/05\/WhatsApp-Image-2025-05-23-at-06.32.42_2025-05-23_11-40-21.webp.webp?fit=1200%2C554&ssl=1&resize=1050%2C600 3x"},"classes":[]}],"jetpack_sharing_enabled":true,"jetpack_shortlink":"https:\/\/wp.me\/peQAOb-lcx","_links":{"self":[{"href":"https:\/\/noticiasribeiraopreto.com.br\/index.php\/wp-json\/wp\/v2\/posts\/81501","targetHints":{"allow":["GET"]}}],"collection":[{"href":"https:\/\/noticiasribeiraopreto.com.br\/index.php\/wp-json\/wp\/v2\/posts"}],"about":[{"href":"https:\/\/noticiasribeiraopreto.com.br\/index.php\/wp-json\/wp\/v2\/types\/post"}],"author":[{"embeddable":true,"href":"https:\/\/noticiasribeiraopreto.com.br\/index.php\/wp-json\/wp\/v2\/users\/1"}],"replies":[{"embeddable":true,"href":"https:\/\/noticiasribeiraopreto.com.br\/index.php\/wp-json\/wp\/v2\/comments?post=81501"}],"version-history":[{"count":0,"href":"https:\/\/noticiasribeiraopreto.com.br\/index.php\/wp-json\/wp\/v2\/posts\/81501\/revisions"}],"wp:featuredmedia":[{"embeddable":true,"href":"https:\/\/noticiasribeiraopreto.com.br\/index.php\/wp-json\/wp\/v2\/media\/81502"}],"wp:attachment":[{"href":"https:\/\/noticiasribeiraopreto.com.br\/index.php\/wp-json\/wp\/v2\/media?parent=81501"}],"wp:term":[{"taxonomy":"category","embeddable":true,"href":"https:\/\/noticiasribeiraopreto.com.br\/index.php\/wp-json\/wp\/v2\/categories?post=81501"},{"taxonomy":"post_tag","embeddable":true,"href":"https:\/\/noticiasribeiraopreto.com.br\/index.php\/wp-json\/wp\/v2\/tags?post=81501"}],"curies":[{"name":"wp","href":"https:\/\/api.w.org\/{rel}","templated":true}]}}