{"id":81504,"date":"2026-01-08T07:32:32","date_gmt":"2026-01-08T10:32:32","guid":{"rendered":"https:\/\/noticiasribeiraopreto.com.br\/index.php\/2026\/01\/08\/anvisa-aprova-novo-medicamento-para-tratamento-inicial-do-alzheimer\/"},"modified":"2026-01-08T07:32:32","modified_gmt":"2026-01-08T10:32:32","slug":"anvisa-aprova-novo-medicamento-para-tratamento-inicial-do-alzheimer","status":"publish","type":"post","link":"https:\/\/noticiasribeiraopreto.com.br\/index.php\/2026\/01\/08\/anvisa-aprova-novo-medicamento-para-tratamento-inicial-do-alzheimer\/","title":{"rendered":"Anvisa aprova novo medicamento para tratamento inicial do Alzheimer"},"content":{"rendered":"<div class='code-block code-block-1' style='margin: 8px 0 8px auto; text-align: right; display: block; clear: both;'>\n<p><a href=\"https:\/\/wa.link\/vpicfd\"><img data-recalc-dims=\"1\" class=\"wp-image-4922\" style=\"aspect-ratio: 2.0253164556962027; width: 561px; height: auto;\" src=\"https:\/\/i0.wp.com\/ismaelcolosi.com.br\/wp-content\/uploads\/2023\/11\/grupo-de-empregos-whatsapp-e-facebook-ismael-colosi-vagas.jpg?ssl=1\" alt=\"\" \/><\/a><\/p>\n<!-- \/wp:image -->\n<\/div>\n<p> <br \/>\n<\/p>\n<div data-td-block-uid=\"tdi_95\">\n<div class=\"tdb-block-inner td-fix-index\">\n<p>A <a href=\"https:\/\/www.gov.br\/anvisa\/pt-br\/assuntos\/noticias-anvisa\/2025\/canetas-emagrecedoras-so-poderao-ser-vendidas-com-retencao-de-receita\" data-type=\"link\" data-id=\"https:\/\/www.gov.br\/anvisa\/pt-br\/assuntos\/noticias-anvisa\/2025\/canetas-emagrecedoras-so-poderao-ser-vendidas-com-retencao-de-receita\" target=\"_blank\" rel=\"noopener\">Ag\u00eancia Nacional de Vigil\u00e2ncia Sanit\u00e1ria (Anvisa)<\/a> autorizou o uso do medicamento <strong>Leqembi no Brasil<\/strong> para pacientes com Alzheimer em fase inicial. A decis\u00e3o foi publicada no Di\u00e1rio Oficial. <\/p>\n<p>O tratamento utiliza o anticorpo monoclonal lecanemabe e atende pessoas com dem\u00eancia leve relacionada \u00e0 doen\u00e7a. O medicamento busca reduzir a progress\u00e3o do comprometimento cognitivo.<\/p>\n<p>Segundo informa\u00e7\u00f5es do registro na Anvisa, o lecanemabe reduz as placas beta-amiloides no c\u00e9rebro, associadas ao desenvolvimento do Alzheimer. O produto exige dilui\u00e7\u00e3o e aplica\u00e7\u00e3o por infus\u00e3o intravenosa.<\/p>\n<div class=\"wp-block-image\">\n<figure class=\"aligncenter size-large is-resized\"><img data-recalc-dims=\"1\" fetchpriority=\"high\" decoding=\"async\" width=\"1024\" height=\"613\" src=\"https:\/\/i0.wp.com\/cdn.media-acidadeon.com.br\/ribeiraopreto\/wp-content\/uploads\/sites\/3\/2026\/01\/image_2026-01-07_22-40-59-1024x613.webp?resize=1024%2C613&#038;ssl=1\" alt=\"medicamento\" class=\"wp-image-141489\" style=\"width:810px;height:auto\" title=\"Anvisa aprova novo medicamento para tratamento inicial do Alzheimer 1\" srcset=\"https:\/\/cdn.media-acidadeon.com.br\/ribeiraopreto\/wp-content\/uploads\/sites\/3\/2026\/01\/image_2026-01-07_22-40-59-1024x613.webp 1024w, https:\/\/cdn.media-acidadeon.com.br\/ribeiraopreto\/wp-content\/uploads\/sites\/3\/2026\/01\/image_2026-01-07_22-40-59-300x179.webp 300w, https:\/\/cdn.media-acidadeon.com.br\/ribeiraopreto\/wp-content\/uploads\/sites\/3\/2026\/01\/image_2026-01-07_22-40-59-768x459.webp 768w, https:\/\/cdn.media-acidadeon.com.br\/ribeiraopreto\/wp-content\/uploads\/sites\/3\/2026\/01\/image_2026-01-07_22-40-59-696x416.webp 696w, https:\/\/cdn.media-acidadeon.com.br\/ribeiraopreto\/wp-content\/uploads\/sites\/3\/2026\/01\/image_2026-01-07_22-40-59-1068x639.webp 1068w, https:\/\/cdn.media-acidadeon.com.br\/ribeiraopreto\/wp-content\/uploads\/sites\/3\/2026\/01\/image_2026-01-07_22-40-59.webp 1170w\" sizes=\"(max-width: 1024px) 100vw, 1024px\"\/><\/figure>\n<\/div>\n<h3 class=\"wp-block-heading\"><strong>Medicamento<\/strong><\/h3>\n<p>A <strong>Anvisa analisou um estudo com 1.795 participantes diagnosticados com Alzheimer em est\u00e1gio inicial<\/strong> e com presen\u00e7a de placas beta-amiloides. O levantamento comparou pacientes que receberam o Leqembi com aqueles que utilizaram placebo.<\/p>\n<p>Os pesquisadores acompanharam os participantes por 18 meses e mediram a evolu\u00e7\u00e3o dos sintomas com a escala CDR-SB, usada para avaliar o impacto do comprometimento cognitivo nas atividades di\u00e1rias.<\/p>\n<p>Na an\u00e1lise de 1.521 pacientes, o grupo que recebeu o medicamento apresentou avan\u00e7o menor na pontua\u00e7\u00e3o da escala em rela\u00e7\u00e3o ao grupo placebo.<\/p>\n<hr class=\"wp-block-separator has-alpha-channel-opacity\"\/>\n<p>SAIBA MAIS<\/p>\n<p>Ciclista da Sele\u00e7\u00e3o Brasileira tem bicicleta de R$ 60 mil furtada em Ribeir\u00e3o Preto<\/p>\n<h2 class=\"wp-block-heading\"><strong>FIQUE ON<\/strong><\/h2>\n<p>Fique ligado em tudo que acontece em Ribeir\u00e3o Preto e regi\u00e3o. Siga os perfis do\u00a0<strong>acidade on\u00a0<\/strong>no\u00a0<a href=\"https:\/\/www.instagram.com\/acidadeonribeirao\" target=\"_blank\" rel=\"noreferrer noopener\">Instagram<\/a>\u00a0e no\u00a0<a href=\"https:\/\/www.facebook.com\/acidadeonribeirao\/\" target=\"_blank\" rel=\"noreferrer noopener\">Facebook<\/a>.<\/p>\n<p>Receba not\u00edcias do\u00a0<strong>acidade on<\/strong>\u00a0no WhatsApp. Para entrar no grupo,\u00a0basta\u00a0<a href=\"https:\/\/chat.whatsapp.com\/GFH9HUMUTHNFJdnyEd0xxq\" target=\"_blank\" rel=\"noreferrer noopener\">clicar aqui<\/a>. Ou, acesse o nosso\u00a0Canal\u00a0<a href=\"https:\/\/whatsapp.com\/channel\/0029Vb6IQl1JENyAeS57fk2p\" target=\"_blank\" rel=\"noreferrer noopener\">clicando aqui<\/a>.<\/p>\n<p>Fa\u00e7a uma den\u00fancia ou sugira uma reportagem sobre Ribeir\u00e3o Preto e regi\u00e3o pelo WhatsApp: 16 99117 7802.<\/p>\n<p>VEJA TAMB\u00c9M<br \/>BBB 26: como funciona o Cartola, novo fantasy game do reality?<\/p>\n<p><!-- AI CONTENT END 1 -->\n<\/div>\n<\/div>\n<p><script async src=\"\/\/www.instagram.com\/embed.js\"><\/script><br \/>\n<br \/><br \/>\n<br \/><a href=\"https:\/\/www.acidadeon.com\/ribeiraopreto\/cotidiano\/anvisa-aprova-novo-medicamento-para-tratamento-inicial-do-alzheimer\/\">Source link <\/a><\/p>\n<!-- CONTENT END 1 -->\n","protected":false},"excerpt":{"rendered":"<p>A Ag\u00eancia Nacional de Vigil\u00e2ncia Sanit\u00e1ria (Anvisa) autorizou o uso do medicamento Leqembi no Brasil para pacientes com Alzheimer em fase inicial. A decis\u00e3o foi&#8230;<\/p>\n","protected":false},"author":1,"featured_media":76976,"comment_status":"open","ping_status":"open","sticky":false,"template":"","format":"standard","meta":{"advanced_seo_description":"","jetpack_seo_html_title":"","jetpack_seo_noindex":false,"jetpack_post_was_ever_published":false,"_jetpack_newsletter_access":"","_jetpack_dont_email_post_to_subs":false,"_jetpack_newsletter_tier_id":0,"_jetpack_memberships_contains_paywalled_content":false,"_jetpack_memberships_contains_paid_content":false,"footnotes":"","jetpack_publicize_message":"","jetpack_publicize_feature_enabled":true,"jetpack_social_post_already_shared":true,"jetpack_social_options":{"image_generator_settings":{"template":"highway","default_image_id":0,"font":"","enabled":false},"version":2}},"categories":[11],"tags":[],"class_list":["post-81504","post","type-post","status-publish","format-standard","has-post-thumbnail","hentry","category-noticias-de-ribeirao-preto-sp-e-regiao-ismael-colosi"],"jetpack_publicize_connections":[],"jetpack_featured_media_url":"https:\/\/i0.wp.com\/noticiasribeiraopreto.com.br\/wp-content\/uploads\/2025\/09\/sede_da_1024x576_20082021205437_2025-02-12_19-28-32_jpg_2025-02-12_19-28-32.webp.webp?fit=1024%2C576&ssl=1","jetpack-related-posts":[{"id":68148,"url":"https:\/\/noticiasribeiraopreto.com.br\/index.php\/2025\/04\/22\/medicamento-inedito-para-alzheimer-e-aprovado-pela-anvisa\/","url_meta":{"origin":81504,"position":0},"title":"Medicamento in\u00e9dito para Alzheimer \u00e9 aprovado pela Anvisa","author":"noticiasribeiraopreto.com.br","date":"22 de April de 2025","format":false,"excerpt":"A Ag\u00eancia Nacional de Vigil\u00e2ncia Sanit\u00e1ria (Anvisa) aprovou o medicamento donanemabe, da farmac\u00eautica Eli Lilly do Brasil, para o tratamento da doen\u00e7a de Alzheimer sintom\u00e1tica inicial. O novo tratamento atende adultos com comprometimento cognitivo leve ou dem\u00eancia em est\u00e1gio inicial, desde que m\u00e9dicos confirmem a presen\u00e7a da patologia amiloide. Resultados\u2026","rel":"","context":"In &quot;Not\u00edcias de Ribeir\u00e3o Preto-SP e Regi\u00e3o&quot;","block_context":{"text":"Not\u00edcias de Ribeir\u00e3o Preto-SP e Regi\u00e3o","link":"https:\/\/noticiasribeiraopreto.com.br\/index.php\/category\/noticias-de-ribeirao-preto-sp-e-regiao-ismael-colosi\/"},"img":{"alt_text":"","src":"https:\/\/i0.wp.com\/noticiasribeiraopreto.com.br\/wp-content\/uploads\/2025\/04\/sede_da_1024x576_20082021205437_2025-02-12_19-28-32_jpg_2025-02-12_19-28-32.webp.webp?fit=1024%2C576&ssl=1&resize=350%2C200","width":350,"height":200,"srcset":"https:\/\/i0.wp.com\/noticiasribeiraopreto.com.br\/wp-content\/uploads\/2025\/04\/sede_da_1024x576_20082021205437_2025-02-12_19-28-32_jpg_2025-02-12_19-28-32.webp.webp?fit=1024%2C576&ssl=1&resize=350%2C200 1x, https:\/\/i0.wp.com\/noticiasribeiraopreto.com.br\/wp-content\/uploads\/2025\/04\/sede_da_1024x576_20082021205437_2025-02-12_19-28-32_jpg_2025-02-12_19-28-32.webp.webp?fit=1024%2C576&ssl=1&resize=525%2C300 1.5x, https:\/\/i0.wp.com\/noticiasribeiraopreto.com.br\/wp-content\/uploads\/2025\/04\/sede_da_1024x576_20082021205437_2025-02-12_19-28-32_jpg_2025-02-12_19-28-32.webp.webp?fit=1024%2C576&ssl=1&resize=700%2C400 2x"},"classes":[]},{"id":68222,"url":"https:\/\/noticiasribeiraopreto.com.br\/index.php\/2025\/04\/23\/anvisa-aprova-medicamento-que-pode-retardar-o-alzheimer\/","url_meta":{"origin":81504,"position":1},"title":"Anvisa aprova medicamento que pode retardar o Alzheimer","author":"noticiasribeiraopreto.com.br","date":"23 de April de 2025","format":false,"excerpt":"23 de abril de 2025 14:3023 de abril de 2025 08:408 Compartilhar0 Foi aprovado pela Anvisa, a Ag\u00eancia Nacional de Vigil\u00e2ncia Sanit\u00e1ria, um medicamento que pode retardar em muitos casos a doen\u00e7a de Alzheimer, se tratada no est\u00e1gio inicial. Com o nome comercial de kinsula, o donanemabe, da farmac\u00eautica Eli\u2026","rel":"","context":"In &quot;Not\u00edcias de Ribeir\u00e3o Preto-SP e Regi\u00e3o&quot;","block_context":{"text":"Not\u00edcias de Ribeir\u00e3o Preto-SP e Regi\u00e3o","link":"https:\/\/noticiasribeiraopreto.com.br\/index.php\/category\/noticias-de-ribeirao-preto-sp-e-regiao-ismael-colosi\/"},"img":{"alt_text":"","src":"https:\/\/i0.wp.com\/noticiasribeiraopreto.com.br\/wp-content\/uploads\/2025\/04\/e8c9b8a8-5bec-4674-bff5-e09ef11c4ca4.jpg?fit=1170%2C700&ssl=1&resize=350%2C200","width":350,"height":200,"srcset":"https:\/\/i0.wp.com\/noticiasribeiraopreto.com.br\/wp-content\/uploads\/2025\/04\/e8c9b8a8-5bec-4674-bff5-e09ef11c4ca4.jpg?fit=1170%2C700&ssl=1&resize=350%2C200 1x, https:\/\/i0.wp.com\/noticiasribeiraopreto.com.br\/wp-content\/uploads\/2025\/04\/e8c9b8a8-5bec-4674-bff5-e09ef11c4ca4.jpg?fit=1170%2C700&ssl=1&resize=525%2C300 1.5x, https:\/\/i0.wp.com\/noticiasribeiraopreto.com.br\/wp-content\/uploads\/2025\/04\/e8c9b8a8-5bec-4674-bff5-e09ef11c4ca4.jpg?fit=1170%2C700&ssl=1&resize=700%2C400 2x, https:\/\/i0.wp.com\/noticiasribeiraopreto.com.br\/wp-content\/uploads\/2025\/04\/e8c9b8a8-5bec-4674-bff5-e09ef11c4ca4.jpg?fit=1170%2C700&ssl=1&resize=1050%2C600 3x"},"classes":[]},{"id":81551,"url":"https:\/\/noticiasribeiraopreto.com.br\/index.php\/2026\/01\/09\/chuva-de-granizo-e-ventos-fortes-atingem-ribeirao-preto-veja-video\/","url_meta":{"origin":81504,"position":2},"title":"Chuva de granizo e ventos fortes atingem Ribeir\u00e3o Preto; veja v\u00eddeo","author":"noticiasribeiraopreto.com.br","date":"9 de January de 2026","format":false,"excerpt":"Ribeir\u00e3o Preto registrou chuva de granizo e ventos fortes na tarde desta quinta-feira (8). Veja v\u00eddeo: Na zona Norte, a queda de uma \u00e1rvore foi registrada na rua Tapaj\u00f3s. O incidente chamou a aten\u00e7\u00e3o de moradores e motoristas que transitavam pela regi\u00e3o no momento da tempestade. Foto: Ricardo Canaveze \/\u2026","rel":"","context":"In &quot;Not\u00edcias de Ribeir\u00e3o Preto-SP e Regi\u00e3o&quot;","block_context":{"text":"Not\u00edcias de Ribeir\u00e3o Preto-SP e Regi\u00e3o","link":"https:\/\/noticiasribeiraopreto.com.br\/index.php\/category\/noticias-de-ribeirao-preto-sp-e-regiao-ismael-colosi\/"},"img":{"alt_text":"","src":"https:\/\/i0.wp.com\/noticiasribeiraopreto.com.br\/wp-content\/uploads\/2026\/01\/domingo-34_2026-01-08_18-08-53.webp.webp?fit=1200%2C675&ssl=1&resize=350%2C200","width":350,"height":200,"srcset":"https:\/\/i0.wp.com\/noticiasribeiraopreto.com.br\/wp-content\/uploads\/2026\/01\/domingo-34_2026-01-08_18-08-53.webp.webp?fit=1200%2C675&ssl=1&resize=350%2C200 1x, https:\/\/i0.wp.com\/noticiasribeiraopreto.com.br\/wp-content\/uploads\/2026\/01\/domingo-34_2026-01-08_18-08-53.webp.webp?fit=1200%2C675&ssl=1&resize=525%2C300 1.5x, https:\/\/i0.wp.com\/noticiasribeiraopreto.com.br\/wp-content\/uploads\/2026\/01\/domingo-34_2026-01-08_18-08-53.webp.webp?fit=1200%2C675&ssl=1&resize=700%2C400 2x, https:\/\/i0.wp.com\/noticiasribeiraopreto.com.br\/wp-content\/uploads\/2026\/01\/domingo-34_2026-01-08_18-08-53.webp.webp?fit=1200%2C675&ssl=1&resize=1050%2C600 3x"},"classes":[]},{"id":81543,"url":"https:\/\/noticiasribeiraopreto.com.br\/index.php\/2026\/01\/09\/acidente-com-carro-forte-deixa-uma-pessoa-morta-em-rodovia-da-regiao-de-ribeirao-preto\/","url_meta":{"origin":81504,"position":3},"title":"Acidente com carro-forte deixa uma pessoa morta em rodovia da regi\u00e3o de Ribeir\u00e3o Preto","author":"noticiasribeiraopreto.com.br","date":"9 de January de 2026","format":false,"excerpt":"Uma pessoa morreu em um acidente envolvendo dois caminh\u00f5es e um carro-forte nesta quinta-feira (8), no km 181 da rodovia Deputado Cunha Bueno (SP-253), no munic\u00edpio de Guatapar\u00e1, na regi\u00e3o de Ribeir\u00e3o Preto. A ocorr\u00eancia foi registrada durante a tarde e mobilizou equipes de atendimento no local. De acordo com\u2026","rel":"","context":"In &quot;Not\u00edcias de Ribeir\u00e3o Preto-SP e Regi\u00e3o&quot;","block_context":{"text":"Not\u00edcias de Ribeir\u00e3o Preto-SP e Regi\u00e3o","link":"https:\/\/noticiasribeiraopreto.com.br\/index.php\/category\/noticias-de-ribeirao-preto-sp-e-regiao-ismael-colosi\/"},"img":{"alt_text":"","src":"https:\/\/i0.wp.com\/noticiasribeiraopreto.com.br\/wp-content\/uploads\/2026\/01\/domingo-37_2026-01-08_20-15-18.webp.webp?fit=1200%2C675&ssl=1&resize=350%2C200","width":350,"height":200,"srcset":"https:\/\/i0.wp.com\/noticiasribeiraopreto.com.br\/wp-content\/uploads\/2026\/01\/domingo-37_2026-01-08_20-15-18.webp.webp?fit=1200%2C675&ssl=1&resize=350%2C200 1x, https:\/\/i0.wp.com\/noticiasribeiraopreto.com.br\/wp-content\/uploads\/2026\/01\/domingo-37_2026-01-08_20-15-18.webp.webp?fit=1200%2C675&ssl=1&resize=525%2C300 1.5x, https:\/\/i0.wp.com\/noticiasribeiraopreto.com.br\/wp-content\/uploads\/2026\/01\/domingo-37_2026-01-08_20-15-18.webp.webp?fit=1200%2C675&ssl=1&resize=700%2C400 2x, https:\/\/i0.wp.com\/noticiasribeiraopreto.com.br\/wp-content\/uploads\/2026\/01\/domingo-37_2026-01-08_20-15-18.webp.webp?fit=1200%2C675&ssl=1&resize=1050%2C600 3x"},"classes":[]},{"id":81547,"url":"https:\/\/noticiasribeiraopreto.com.br\/index.php\/2026\/01\/09\/ribeirao-preto-sedia-estreia-nacional-de-evento-que-une-lego-e-formula-1\/","url_meta":{"origin":81504,"position":4},"title":"Ribeir\u00e3o Preto sedia estreia nacional de evento que une Lego e F\u00f3rmula 1","author":"noticiasribeiraopreto.com.br","date":"9 de January de 2026","format":false,"excerpt":"Ribeir\u00e3o Preto vai receber, a partir de 16 de janeiro, um evento in\u00e9dito que une Lego e Formula 1, no Ribeir\u00e3o Shopping, oferecendo uma experi\u00eancia interativa e imersiva para crian\u00e7as e fam\u00edlias. A iniciativa chega ao Brasil pela primeira vez. Lan\u00e7ada globalmente em 2025, a experi\u00eancia j\u00e1 passou por cidades\u2026","rel":"","context":"In &quot;Not\u00edcias de Ribeir\u00e3o Preto-SP e Regi\u00e3o&quot;","block_context":{"text":"Not\u00edcias de Ribeir\u00e3o Preto-SP e Regi\u00e3o","link":"https:\/\/noticiasribeiraopreto.com.br\/index.php\/category\/noticias-de-ribeirao-preto-sp-e-regiao-ismael-colosi\/"},"img":{"alt_text":"","src":"https:\/\/i0.wp.com\/noticiasribeiraopreto.com.br\/wp-content\/uploads\/2026\/01\/Imagem-do-WhatsApp-de-2026-01-08-as-15.12.25_f3429c8e_2026-01-08_18-51-30.webp.webp?fit=1200%2C675&ssl=1&resize=350%2C200","width":350,"height":200,"srcset":"https:\/\/i0.wp.com\/noticiasribeiraopreto.com.br\/wp-content\/uploads\/2026\/01\/Imagem-do-WhatsApp-de-2026-01-08-as-15.12.25_f3429c8e_2026-01-08_18-51-30.webp.webp?fit=1200%2C675&ssl=1&resize=350%2C200 1x, https:\/\/i0.wp.com\/noticiasribeiraopreto.com.br\/wp-content\/uploads\/2026\/01\/Imagem-do-WhatsApp-de-2026-01-08-as-15.12.25_f3429c8e_2026-01-08_18-51-30.webp.webp?fit=1200%2C675&ssl=1&resize=525%2C300 1.5x, https:\/\/i0.wp.com\/noticiasribeiraopreto.com.br\/wp-content\/uploads\/2026\/01\/Imagem-do-WhatsApp-de-2026-01-08-as-15.12.25_f3429c8e_2026-01-08_18-51-30.webp.webp?fit=1200%2C675&ssl=1&resize=700%2C400 2x, https:\/\/i0.wp.com\/noticiasribeiraopreto.com.br\/wp-content\/uploads\/2026\/01\/Imagem-do-WhatsApp-de-2026-01-08-as-15.12.25_f3429c8e_2026-01-08_18-51-30.webp.webp?fit=1200%2C675&ssl=1&resize=1050%2C600 3x"},"classes":[]},{"id":69330,"url":"https:\/\/noticiasribeiraopreto.com.br\/index.php\/2025\/05\/05\/jornal-da-franca-dois-em-um-viagra-pode-combater-alem-da-impotencia-sintomas-do-alzheimer\/","url_meta":{"origin":81504,"position":5},"title":"Jornal da Franca &#8211; Dois em um: Viagra pode combater, al\u00e9m da impot\u00eancia, sintomas do Alzheimer","author":"noticiasribeiraopreto.com.br","date":"5 de May de 2025","format":false,"excerpt":"compartilhar no whatsapp compartilhar no telegram compartilhar no facebook compartilhar no linkedin Estudiosos norte-americanos trabalharam com milh\u00f5es de dados a respeito do uso do sildenafil, subst\u00e2ncia ativa do Viagra Estudiosos norte-americanos trabalharam com milh\u00f5es de dados a respeito do uso do sildenafil, subst\u00e2ncia ativa do Viagra Ap\u00f3s revolucionar o tratamento\u2026","rel":"","context":"In &quot;Not\u00edcias de Franca-SP&quot;","block_context":{"text":"Not\u00edcias de Franca-SP","link":"https:\/\/noticiasribeiraopreto.com.br\/index.php\/category\/noticias-de-ribeirao-preto-sp-e-regiao-ismael-colosi\/noticias-franca-sp\/"},"img":{"alt_text":"","src":"https:\/\/i0.wp.com\/noticiasribeiraopreto.com.br\/wp-content\/uploads\/2025\/05\/IMG_20220805_175824.jpg?fit=1080%2C589&ssl=1&resize=350%2C200","width":350,"height":200,"srcset":"https:\/\/i0.wp.com\/noticiasribeiraopreto.com.br\/wp-content\/uploads\/2025\/05\/IMG_20220805_175824.jpg?fit=1080%2C589&ssl=1&resize=350%2C200 1x, https:\/\/i0.wp.com\/noticiasribeiraopreto.com.br\/wp-content\/uploads\/2025\/05\/IMG_20220805_175824.jpg?fit=1080%2C589&ssl=1&resize=525%2C300 1.5x, https:\/\/i0.wp.com\/noticiasribeiraopreto.com.br\/wp-content\/uploads\/2025\/05\/IMG_20220805_175824.jpg?fit=1080%2C589&ssl=1&resize=700%2C400 2x, https:\/\/i0.wp.com\/noticiasribeiraopreto.com.br\/wp-content\/uploads\/2025\/05\/IMG_20220805_175824.jpg?fit=1080%2C589&ssl=1&resize=1050%2C600 3x"},"classes":[]}],"jetpack_sharing_enabled":true,"jetpack_shortlink":"https:\/\/wp.me\/peQAOb-lcA","_links":{"self":[{"href":"https:\/\/noticiasribeiraopreto.com.br\/index.php\/wp-json\/wp\/v2\/posts\/81504","targetHints":{"allow":["GET"]}}],"collection":[{"href":"https:\/\/noticiasribeiraopreto.com.br\/index.php\/wp-json\/wp\/v2\/posts"}],"about":[{"href":"https:\/\/noticiasribeiraopreto.com.br\/index.php\/wp-json\/wp\/v2\/types\/post"}],"author":[{"embeddable":true,"href":"https:\/\/noticiasribeiraopreto.com.br\/index.php\/wp-json\/wp\/v2\/users\/1"}],"replies":[{"embeddable":true,"href":"https:\/\/noticiasribeiraopreto.com.br\/index.php\/wp-json\/wp\/v2\/comments?post=81504"}],"version-history":[{"count":0,"href":"https:\/\/noticiasribeiraopreto.com.br\/index.php\/wp-json\/wp\/v2\/posts\/81504\/revisions"}],"wp:featuredmedia":[{"embeddable":true,"href":"https:\/\/noticiasribeiraopreto.com.br\/index.php\/wp-json\/wp\/v2\/media\/76976"}],"wp:attachment":[{"href":"https:\/\/noticiasribeiraopreto.com.br\/index.php\/wp-json\/wp\/v2\/media?parent=81504"}],"wp:term":[{"taxonomy":"category","embeddable":true,"href":"https:\/\/noticiasribeiraopreto.com.br\/index.php\/wp-json\/wp\/v2\/categories?post=81504"},{"taxonomy":"post_tag","embeddable":true,"href":"https:\/\/noticiasribeiraopreto.com.br\/index.php\/wp-json\/wp\/v2\/tags?post=81504"}],"curies":[{"name":"wp","href":"https:\/\/api.w.org\/{rel}","templated":true}]}}