{"id":81505,"date":"2026-01-08T07:40:47","date_gmt":"2026-01-08T10:40:47","guid":{"rendered":"https:\/\/noticiasribeiraopreto.com.br\/index.php\/2026\/01\/08\/homem-em-cadeira-de-rodas-motorizada-e-flagrado-em-meio-ao-transito-na-regiao-central-de-ribeirao-preto\/"},"modified":"2026-01-08T07:40:47","modified_gmt":"2026-01-08T10:40:47","slug":"homem-em-cadeira-de-rodas-motorizada-e-flagrado-em-meio-ao-transito-na-regiao-central-de-ribeirao-preto","status":"publish","type":"post","link":"https:\/\/noticiasribeiraopreto.com.br\/index.php\/2026\/01\/08\/homem-em-cadeira-de-rodas-motorizada-e-flagrado-em-meio-ao-transito-na-regiao-central-de-ribeirao-preto\/","title":{"rendered":"Homem em cadeira de rodas motorizada \u00e9 flagrado em meio ao tr\u00e2nsito na regi\u00e3o Central de Ribeir\u00e3o Preto"},"content":{"rendered":"<div class='code-block code-block-1' style='margin: 8px 0 8px auto; text-align: right; display: block; clear: both;'>\n<p><a href=\"https:\/\/wa.link\/vpicfd\"><img data-recalc-dims=\"1\" class=\"wp-image-4922\" style=\"aspect-ratio: 2.0253164556962027; width: 561px; height: auto;\" src=\"https:\/\/i0.wp.com\/ismaelcolosi.com.br\/wp-content\/uploads\/2023\/11\/grupo-de-empregos-whatsapp-e-facebook-ismael-colosi-vagas.jpg?ssl=1\" alt=\"\" \/><\/a><\/p>\n<!-- \/wp:image -->\n<\/div>\n<p> <br \/>\n<\/p>\n<div data-td-block-uid=\"tdi_95\">\n<div class=\"tdb-block-inner td-fix-index\">\n<p>Moradores de <strong>Ribeir\u00e3o Preto<\/strong> flagraram um homem em uma<strong> cadeira de rodas motorizada<\/strong> transitando pela avenida Jer\u00f4nimo Gon\u00e7alves, uma das vias mais movimentadas da regi\u00e3o Central do munic\u00edpio, na manh\u00e3 desta quarta-feira (7).<\/p>\n<p>Nas imagens \u00e9 poss\u00edvel ver o homem circulando entre carros, \u00f4nibus e motocicletas, em meio ao tr\u00e1fego intenso da via, utilizando um capacete de ciclismo \u2013 veja o v\u00eddeo logo abaixo.<\/p>\n<h2 class=\"wp-block-heading\"><strong>O que diz a RP Mobi?<\/strong><\/h2>\n<p>Procurada pela <strong>EPTV<\/strong>, a RP Mobi, empresa respons\u00e1vel pelo gerenciamento do tr\u00e2nsito no munic\u00edpio, informou que esse tipo de pr\u00e1tica representa risco tanto para o cadeirante quanto para os demais condutores.<\/p>\n<blockquote class=\"instagram-media\" data-instgrm-permalink=\"https:\/\/www.instagram.com\/reel\/DTOZ0RjjsuB\/?utm_source=ig_embed&amp;utm_campaign=loading\" data-instgrm-version=\"14\" style=\" background:#FFF; border:0; border-radius:3px; box-shadow:0 0 1px 0 rgba(0,0,0,0.5),0 1px 10px 0 rgba(0,0,0,0.15); margin: 1px; max-width:540px; min-width:326px; padding:0; width:99.375%; width:-webkit-calc(100% - 2px); width:calc(100% - 2px);\"\/>\n<hr class=\"wp-block-separator has-alpha-channel-opacity\"\/>\n<p>SAIBA MAIS<\/p>\n<p>Ciclista da Sele\u00e7\u00e3o Brasileira tem bicicleta de R$ 60 mil furtada em Ribeir\u00e3o Preto<\/p>\n<h2 class=\"wp-block-heading\"><strong>FIQUE ON<\/strong><\/h2>\n<p>Fique ligado em tudo que acontece em Ribeir\u00e3o Preto e regi\u00e3o. Siga os perfis do\u00a0<strong>acidade on\u00a0<\/strong>no\u00a0<a href=\"https:\/\/www.instagram.com\/acidadeonribeirao\" target=\"_blank\" rel=\"noreferrer noopener\">Instagram<\/a>\u00a0e no\u00a0<a href=\"https:\/\/www.facebook.com\/acidadeonribeirao\/\" target=\"_blank\" rel=\"noreferrer noopener\">Facebook<\/a>.<\/p>\n<p>Receba not\u00edcias do\u00a0<strong>acidade on<\/strong>\u00a0no WhatsApp. Para entrar no grupo,\u00a0basta\u00a0<a href=\"https:\/\/chat.whatsapp.com\/GFH9HUMUTHNFJdnyEd0xxq\" target=\"_blank\" rel=\"noreferrer noopener\">clicar aqui<\/a>. Ou, acesse o nosso\u00a0Canal\u00a0<a href=\"https:\/\/whatsapp.com\/channel\/0029Vb6IQl1JENyAeS57fk2p\" target=\"_blank\" rel=\"noreferrer noopener\">clicando aqui<\/a>.<\/p>\n<p>Fa\u00e7a uma den\u00fancia ou sugira uma reportagem sobre Ribeir\u00e3o Preto e regi\u00e3o pelo WhatsApp: 16 99117 7802.<\/p>\n<p>VEJA TAMB\u00c9M<br \/>BBB 26: como funciona o Cartola, novo fantasy game do reality?<\/p>\n<p><!-- AI CONTENT END 1 -->\n<\/div>\n<\/div>\n<p><script async src=\"\/\/www.instagram.com\/embed.js\"><\/script><br \/>\n<br \/><br \/>\n<br \/><a href=\"https:\/\/www.acidadeon.com\/ribeiraopreto\/cotidiano\/homem-em-cadeira-de-rodas-motorizada-e-flagrado-em-meio-ao-transito-na-regiao-central-de-ribeirao-preto\/\">Source link <\/a><\/p>\n<!-- CONTENT END 1 -->\n","protected":false},"excerpt":{"rendered":"<p>Moradores de Ribeir\u00e3o Preto flagraram um homem em uma cadeira de rodas motorizada transitando pela avenida Jer\u00f4nimo Gon\u00e7alves, uma das vias mais movimentadas da regi\u00e3o&#8230;<\/p>\n","protected":false},"author":1,"featured_media":81506,"comment_status":"open","ping_status":"open","sticky":false,"template":"","format":"standard","meta":{"advanced_seo_description":"","jetpack_seo_html_title":"","jetpack_seo_noindex":false,"jetpack_post_was_ever_published":false,"_jetpack_newsletter_access":"","_jetpack_dont_email_post_to_subs":false,"_jetpack_newsletter_tier_id":0,"_jetpack_memberships_contains_paywalled_content":false,"_jetpack_memberships_contains_paid_content":false,"footnotes":"","jetpack_publicize_message":"","jetpack_publicize_feature_enabled":true,"jetpack_social_post_already_shared":true,"jetpack_social_options":{"image_generator_settings":{"template":"highway","default_image_id":0,"font":"","enabled":false},"version":2}},"categories":[11],"tags":[],"class_list":["post-81505","post","type-post","status-publish","format-standard","has-post-thumbnail","hentry","category-noticias-de-ribeirao-preto-sp-e-regiao-ismael-colosi"],"jetpack_publicize_connections":[],"jetpack_featured_media_url":"https:\/\/i0.wp.com\/noticiasribeiraopreto.com.br\/wp-content\/uploads\/2026\/01\/domingo-68_2026-01-07_21-41-50.webp.webp?fit=1200%2C675&ssl=1","jetpack-related-posts":[{"id":68879,"url":"https:\/\/noticiasribeiraopreto.com.br\/index.php\/2025\/04\/29\/idoso-tem-a-cadeira-de-rodas-furtada-apos-invasao-a-residencia-em-ribeirao-preto\/","url_meta":{"origin":81505,"position":0},"title":"Idoso tem a cadeira de rodas furtada ap\u00f3s invas\u00e3o a resid\u00eancia em Ribeir\u00e3o Preto","author":"noticiasribeiraopreto.com.br","date":"29 de April de 2025","format":false,"excerpt":"Um idoso teve a cadeira de rodas motorizada furtada ap\u00f3s ter a casa invadida na madrugada de segunda-feira (28), no bairro Campos El\u00edseos, em Ribeir\u00e3o Preto. De acordo com a v\u00edtima, o equipamento estava na sala no momento do crime. O idoso informou que dormia no quarto e n\u00e3o percebeu\u2026","rel":"","context":"In &quot;Not\u00edcias de Ribeir\u00e3o Preto-SP e Regi\u00e3o&quot;","block_context":{"text":"Not\u00edcias de Ribeir\u00e3o Preto-SP e Regi\u00e3o","link":"https:\/\/noticiasribeiraopreto.com.br\/index.php\/category\/noticias-de-ribeirao-preto-sp-e-regiao-ismael-colosi\/"},"img":{"alt_text":"","src":"https:\/\/i0.wp.com\/noticiasribeiraopreto.com.br\/wp-content\/uploads\/2025\/04\/Copia-de-Copia-de-Copia-de-TAMANHO-EXATO-PARA-FOTOS-NO-SISTEMA-NOVO-29_2025-04-29_23-35-20.webp.webp?fit=1200%2C675&ssl=1&resize=350%2C200","width":350,"height":200,"srcset":"https:\/\/i0.wp.com\/noticiasribeiraopreto.com.br\/wp-content\/uploads\/2025\/04\/Copia-de-Copia-de-Copia-de-TAMANHO-EXATO-PARA-FOTOS-NO-SISTEMA-NOVO-29_2025-04-29_23-35-20.webp.webp?fit=1200%2C675&ssl=1&resize=350%2C200 1x, https:\/\/i0.wp.com\/noticiasribeiraopreto.com.br\/wp-content\/uploads\/2025\/04\/Copia-de-Copia-de-Copia-de-TAMANHO-EXATO-PARA-FOTOS-NO-SISTEMA-NOVO-29_2025-04-29_23-35-20.webp.webp?fit=1200%2C675&ssl=1&resize=525%2C300 1.5x, https:\/\/i0.wp.com\/noticiasribeiraopreto.com.br\/wp-content\/uploads\/2025\/04\/Copia-de-Copia-de-Copia-de-TAMANHO-EXATO-PARA-FOTOS-NO-SISTEMA-NOVO-29_2025-04-29_23-35-20.webp.webp?fit=1200%2C675&ssl=1&resize=700%2C400 2x, https:\/\/i0.wp.com\/noticiasribeiraopreto.com.br\/wp-content\/uploads\/2025\/04\/Copia-de-Copia-de-Copia-de-TAMANHO-EXATO-PARA-FOTOS-NO-SISTEMA-NOVO-29_2025-04-29_23-35-20.webp.webp?fit=1200%2C675&ssl=1&resize=1050%2C600 3x"},"classes":[]},{"id":48606,"url":"https:\/\/noticiasribeiraopreto.com.br\/index.php\/2024\/05\/04\/homem-e-preso-por-furto-de-cadeira-de-rodas-em-pronto-socorro-na-regiao-de-ribeirao\/","url_meta":{"origin":81505,"position":1},"title":"Homem \u00e9 preso por furto de cadeira de rodas em pronto-socorro na regi\u00e3o de Ribeir\u00e3o","author":"noticiasribeiraopreto.com.br","date":"4 de May de 2024","format":false,"excerpt":"Um homem foi preso na madrugada deste s\u00e1bado (4), suspeito de furtar uma cadeira de rodas do Pronto-socorro \u00c1lvaro Azzuz, em Franca, cidade a aproximadamente 80 quil\u00f4metros de Ribeir\u00e3o Preto. Segundo a GCM (Guarda Civil Municipal), o homem foi flagrado pela central de monitoramento com a cadeira pela avenida Chico\u2026","rel":"","context":"In &quot;Not\u00edcias de Ribeir\u00e3o Preto-SP e Regi\u00e3o&quot;","block_context":{"text":"Not\u00edcias de Ribeir\u00e3o Preto-SP e Regi\u00e3o","link":"https:\/\/noticiasribeiraopreto.com.br\/index.php\/category\/noticias-de-ribeirao-preto-sp-e-regiao-ismael-colosi\/"},"img":{"alt_text":"","src":"https:\/\/i0.wp.com\/noticiasribeiraopreto.com.br\/wp-content\/uploads\/2024\/05\/WhatsApp-Image-2024-05-04-at-10.27.22_2024-05-04_13-27-38_jpeg_2024-05-04_13-27-39.webp.webp?fit=1200%2C675&ssl=1&resize=350%2C200","width":350,"height":200,"srcset":"https:\/\/i0.wp.com\/noticiasribeiraopreto.com.br\/wp-content\/uploads\/2024\/05\/WhatsApp-Image-2024-05-04-at-10.27.22_2024-05-04_13-27-38_jpeg_2024-05-04_13-27-39.webp.webp?fit=1200%2C675&ssl=1&resize=350%2C200 1x, https:\/\/i0.wp.com\/noticiasribeiraopreto.com.br\/wp-content\/uploads\/2024\/05\/WhatsApp-Image-2024-05-04-at-10.27.22_2024-05-04_13-27-38_jpeg_2024-05-04_13-27-39.webp.webp?fit=1200%2C675&ssl=1&resize=525%2C300 1.5x, https:\/\/i0.wp.com\/noticiasribeiraopreto.com.br\/wp-content\/uploads\/2024\/05\/WhatsApp-Image-2024-05-04-at-10.27.22_2024-05-04_13-27-38_jpeg_2024-05-04_13-27-39.webp.webp?fit=1200%2C675&ssl=1&resize=700%2C400 2x, https:\/\/i0.wp.com\/noticiasribeiraopreto.com.br\/wp-content\/uploads\/2024\/05\/WhatsApp-Image-2024-05-04-at-10.27.22_2024-05-04_13-27-38_jpeg_2024-05-04_13-27-39.webp.webp?fit=1200%2C675&ssl=1&resize=1050%2C600 3x"},"classes":[]},{"id":81501,"url":"https:\/\/noticiasribeiraopreto.com.br\/index.php\/2026\/01\/08\/acidente-envolve-micro-onibus-na-anhanguera-em-ribeirao-preto\/","url_meta":{"origin":81505,"position":2},"title":"Acidente envolve micro-\u00f4nibus na Anhanguera em Ribeir\u00e3o Preto","author":"noticiasribeiraopreto.com.br","date":"8 de January de 2026","format":false,"excerpt":"Um micro-\u00f4nibus atingiu a prote\u00e7\u00e3o met\u00e1lica no km 300+394 pela pista sentido sul (Capital) da rodovia Anhanguera (SP-330), na madrugada desta quinta-feira (8), em Ribeir\u00e3o Preto. Segundo o CCM (Centro de Controle Multimodal) da Artesp (Ag\u00eancia de Transportes do Estado de S\u00e3o Paulo), o motorista alegou que houve uma pane\u2026","rel":"","context":"In &quot;Not\u00edcias de Ribeir\u00e3o Preto-SP e Regi\u00e3o&quot;","block_context":{"text":"Not\u00edcias de Ribeir\u00e3o Preto-SP e Regi\u00e3o","link":"https:\/\/noticiasribeiraopreto.com.br\/index.php\/category\/noticias-de-ribeirao-preto-sp-e-regiao-ismael-colosi\/"},"img":{"alt_text":"","src":"https:\/\/i0.wp.com\/noticiasribeiraopreto.com.br\/wp-content\/uploads\/2026\/01\/WhatsApp-Image-2026-01-08-at-06.10.06_2026-01-08_09-27-27.webp.webp?fit=1200%2C540&ssl=1&resize=350%2C200","width":350,"height":200,"srcset":"https:\/\/i0.wp.com\/noticiasribeiraopreto.com.br\/wp-content\/uploads\/2026\/01\/WhatsApp-Image-2026-01-08-at-06.10.06_2026-01-08_09-27-27.webp.webp?fit=1200%2C540&ssl=1&resize=350%2C200 1x, https:\/\/i0.wp.com\/noticiasribeiraopreto.com.br\/wp-content\/uploads\/2026\/01\/WhatsApp-Image-2026-01-08-at-06.10.06_2026-01-08_09-27-27.webp.webp?fit=1200%2C540&ssl=1&resize=525%2C300 1.5x, https:\/\/i0.wp.com\/noticiasribeiraopreto.com.br\/wp-content\/uploads\/2026\/01\/WhatsApp-Image-2026-01-08-at-06.10.06_2026-01-08_09-27-27.webp.webp?fit=1200%2C540&ssl=1&resize=700%2C400 2x, https:\/\/i0.wp.com\/noticiasribeiraopreto.com.br\/wp-content\/uploads\/2026\/01\/WhatsApp-Image-2026-01-08-at-06.10.06_2026-01-08_09-27-27.webp.webp?fit=1200%2C540&ssl=1&resize=1050%2C600 3x"},"classes":[]},{"id":34599,"url":"https:\/\/noticiasribeiraopreto.com.br\/index.php\/2024\/02\/02\/deputados-destinam-r-25-milhoes-para-pacientes-do-hc\/","url_meta":{"origin":81505,"position":3},"title":"Deputados destinam R$ 2,5 milh\u00f5es para pacientes do HC","author":"noticiasribeiraopreto.com.br","date":"2 de February de 2024","format":false,"excerpt":"Verba enviada por Ricardo Silva e Rafael Silva est\u00e1 sendo usada na compra de cadeiras de rodas motorizadas, andadores especiais para crian\u00e7as e pr\u00f3teses 2 de fevereiro de 2024 | 15:45 0A espera por uma cadeira de rodas motorizada ou uma pr\u00f3tese para substituir um membro, como uma perna ou\u2026","rel":"","context":"In &quot;Not\u00edcias de Ribeir\u00e3o Preto-SP e Regi\u00e3o&quot;","block_context":{"text":"Not\u00edcias de Ribeir\u00e3o Preto-SP e Regi\u00e3o","link":"https:\/\/noticiasribeiraopreto.com.br\/index.php\/category\/noticias-de-ribeirao-preto-sp-e-regiao-ismael-colosi\/"},"img":{"alt_text":"","src":"https:\/\/i0.wp.com\/noticiasribeiraopreto.com.br\/wp-content\/uploads\/2024\/02\/50b9b26d-bb7a-46f1-b8a2-cbec61cfa0e4-scaled.jpg?fit=1000%2C438&ssl=1&resize=350%2C200","width":350,"height":200,"srcset":"https:\/\/i0.wp.com\/noticiasribeiraopreto.com.br\/wp-content\/uploads\/2024\/02\/50b9b26d-bb7a-46f1-b8a2-cbec61cfa0e4-scaled.jpg?fit=1000%2C438&ssl=1&resize=350%2C200 1x, https:\/\/i0.wp.com\/noticiasribeiraopreto.com.br\/wp-content\/uploads\/2024\/02\/50b9b26d-bb7a-46f1-b8a2-cbec61cfa0e4-scaled.jpg?fit=1000%2C438&ssl=1&resize=525%2C300 1.5x, https:\/\/i0.wp.com\/noticiasribeiraopreto.com.br\/wp-content\/uploads\/2024\/02\/50b9b26d-bb7a-46f1-b8a2-cbec61cfa0e4-scaled.jpg?fit=1000%2C438&ssl=1&resize=700%2C400 2x"},"classes":[]},{"id":66614,"url":"https:\/\/noticiasribeiraopreto.com.br\/index.php\/2025\/04\/03\/homem-de-58-anos-morre-apos-carro-atingir-bicicleta-motorizada-em-rodovia\/","url_meta":{"origin":81505,"position":4},"title":"Homem de 58 anos morre ap\u00f3s carro atingir bicicleta motorizada em rodovia","author":"noticiasribeiraopreto.com.br","date":"3 de April de 2025","format":false,"excerpt":"Um homem de 58 anos morreu ap\u00f3s um carro atingir a bicicleta motorizada que ele conduzia no final da madrugada desta quinta-feira (3), no km 1 da rodovia Arthur\u00a0Costacurta\u00a0(SPA-327\/330), em Jardin\u00f3polis, na regi\u00e3o de Ribeir\u00e3o Preto. Segundo o boletim de ocorr\u00eancia (BO), a v\u00edtima, identificada como\u00a0Leibenes\u00a0de Oliveira, seguia no sentido\u2026","rel":"","context":"In &quot;Not\u00edcias de Ribeir\u00e3o Preto-SP e Regi\u00e3o&quot;","block_context":{"text":"Not\u00edcias de Ribeir\u00e3o Preto-SP e Regi\u00e3o","link":"https:\/\/noticiasribeiraopreto.com.br\/index.php\/category\/noticias-de-ribeirao-preto-sp-e-regiao-ismael-colosi\/"},"img":{"alt_text":"","src":"https:\/\/i0.wp.com\/noticiasribeiraopreto.com.br\/wp-content\/uploads\/2025\/04\/WhatsApp-Image-2025-04-03-at-10.10.13-1_2025-04-03_13-54-21_jpeg_2025-04-03_13-54-21.webp.webp?fit=1200%2C675&ssl=1&resize=350%2C200","width":350,"height":200,"srcset":"https:\/\/i0.wp.com\/noticiasribeiraopreto.com.br\/wp-content\/uploads\/2025\/04\/WhatsApp-Image-2025-04-03-at-10.10.13-1_2025-04-03_13-54-21_jpeg_2025-04-03_13-54-21.webp.webp?fit=1200%2C675&ssl=1&resize=350%2C200 1x, https:\/\/i0.wp.com\/noticiasribeiraopreto.com.br\/wp-content\/uploads\/2025\/04\/WhatsApp-Image-2025-04-03-at-10.10.13-1_2025-04-03_13-54-21_jpeg_2025-04-03_13-54-21.webp.webp?fit=1200%2C675&ssl=1&resize=525%2C300 1.5x, https:\/\/i0.wp.com\/noticiasribeiraopreto.com.br\/wp-content\/uploads\/2025\/04\/WhatsApp-Image-2025-04-03-at-10.10.13-1_2025-04-03_13-54-21_jpeg_2025-04-03_13-54-21.webp.webp?fit=1200%2C675&ssl=1&resize=700%2C400 2x, https:\/\/i0.wp.com\/noticiasribeiraopreto.com.br\/wp-content\/uploads\/2025\/04\/WhatsApp-Image-2025-04-03-at-10.10.13-1_2025-04-03_13-54-21_jpeg_2025-04-03_13-54-21.webp.webp?fit=1200%2C675&ssl=1&resize=1050%2C600 3x"},"classes":[]},{"id":2841,"url":"https:\/\/noticiasribeiraopreto.com.br\/index.php\/2023\/11\/16\/utm_sourcerssutm_mediumrssutm_campaignmotoqueiro-e-preso-apos-furtar-radar-da-rp-mobi-na-costa-e-silva\/","url_meta":{"origin":81505,"position":5},"title":"Motoqueiro \u00e9 preso ap\u00f3s furtar RADAR da RP MOBI na Costa e Silva \u2013 X Tudo Ribeir\u00e3o","author":"noticiasribeiraopreto.com.br","date":"16 de November de 2023","format":false,"excerpt":"Um homem foi preso pela GCM (Guarda Civil Metropolitana) ap\u00f3s furtar um radar da RP MOBI (extinta Transerp) na tarde desta quinta-feira (16\/11), na avenida Marechal Costa e Silva, na zona Norte de Ribeir\u00e3o Preto.\u00a0 Segundo informa\u00e7\u00f5es da GCM, os agentes da RP MOBI acionaram \u00e0 GCM, com a informa\u00e7\u00e3o\u2026","rel":"","context":"In &quot;Not\u00edcias de Ribeir\u00e3o Preto-SP e Regi\u00e3o&quot;","block_context":{"text":"Not\u00edcias de Ribeir\u00e3o Preto-SP e Regi\u00e3o","link":"https:\/\/noticiasribeiraopreto.com.br\/index.php\/category\/noticias-de-ribeirao-preto-sp-e-regiao-ismael-colosi\/"},"img":{"alt_text":"","src":"https:\/\/i0.wp.com\/noticiasribeiraopreto.com.br\/wp-content\/uploads\/2023\/11\/IMG_1174.jpeg?fit=660%2C381&ssl=1&resize=350%2C200","width":350,"height":200,"srcset":"https:\/\/i0.wp.com\/noticiasribeiraopreto.com.br\/wp-content\/uploads\/2023\/11\/IMG_1174.jpeg?fit=660%2C381&ssl=1&resize=350%2C200 1x, https:\/\/i0.wp.com\/noticiasribeiraopreto.com.br\/wp-content\/uploads\/2023\/11\/IMG_1174.jpeg?fit=660%2C381&ssl=1&resize=525%2C300 1.5x"},"classes":[]}],"jetpack_sharing_enabled":true,"jetpack_shortlink":"https:\/\/wp.me\/peQAOb-lcB","_links":{"self":[{"href":"https:\/\/noticiasribeiraopreto.com.br\/index.php\/wp-json\/wp\/v2\/posts\/81505","targetHints":{"allow":["GET"]}}],"collection":[{"href":"https:\/\/noticiasribeiraopreto.com.br\/index.php\/wp-json\/wp\/v2\/posts"}],"about":[{"href":"https:\/\/noticiasribeiraopreto.com.br\/index.php\/wp-json\/wp\/v2\/types\/post"}],"author":[{"embeddable":true,"href":"https:\/\/noticiasribeiraopreto.com.br\/index.php\/wp-json\/wp\/v2\/users\/1"}],"replies":[{"embeddable":true,"href":"https:\/\/noticiasribeiraopreto.com.br\/index.php\/wp-json\/wp\/v2\/comments?post=81505"}],"version-history":[{"count":0,"href":"https:\/\/noticiasribeiraopreto.com.br\/index.php\/wp-json\/wp\/v2\/posts\/81505\/revisions"}],"wp:featuredmedia":[{"embeddable":true,"href":"https:\/\/noticiasribeiraopreto.com.br\/index.php\/wp-json\/wp\/v2\/media\/81506"}],"wp:attachment":[{"href":"https:\/\/noticiasribeiraopreto.com.br\/index.php\/wp-json\/wp\/v2\/media?parent=81505"}],"wp:term":[{"taxonomy":"category","embeddable":true,"href":"https:\/\/noticiasribeiraopreto.com.br\/index.php\/wp-json\/wp\/v2\/categories?post=81505"},{"taxonomy":"post_tag","embeddable":true,"href":"https:\/\/noticiasribeiraopreto.com.br\/index.php\/wp-json\/wp\/v2\/tags?post=81505"}],"curies":[{"name":"wp","href":"https:\/\/api.w.org\/{rel}","templated":true}]}}