{"id":81507,"date":"2026-01-08T07:52:50","date_gmt":"2026-01-08T10:52:50","guid":{"rendered":"https:\/\/noticiasribeiraopreto.com.br\/index.php\/2026\/01\/08\/ciclista-da-selecao-brasileira-tem-bicicleta-de-r-60-mil-furtada-em-ribeirao-preto\/"},"modified":"2026-01-08T07:52:50","modified_gmt":"2026-01-08T10:52:50","slug":"ciclista-da-selecao-brasileira-tem-bicicleta-de-r-60-mil-furtada-em-ribeirao-preto","status":"publish","type":"post","link":"https:\/\/noticiasribeiraopreto.com.br\/index.php\/2026\/01\/08\/ciclista-da-selecao-brasileira-tem-bicicleta-de-r-60-mil-furtada-em-ribeirao-preto\/","title":{"rendered":"Ciclista da Sele\u00e7\u00e3o Brasileira tem bicicleta de R$ 60 mil furtada em Ribeir\u00e3o Preto"},"content":{"rendered":"<div class='code-block code-block-1' style='margin: 8px 0 8px auto; text-align: right; display: block; clear: both;'>\n<p><a href=\"https:\/\/wa.link\/vpicfd\"><img data-recalc-dims=\"1\" class=\"wp-image-4922\" style=\"aspect-ratio: 2.0253164556962027; width: 561px; height: auto;\" src=\"https:\/\/i0.wp.com\/ismaelcolosi.com.br\/wp-content\/uploads\/2023\/11\/grupo-de-empregos-whatsapp-e-facebook-ismael-colosi-vagas.jpg?ssl=1\" alt=\"\" \/><\/a><\/p>\n<!-- \/wp:image -->\n<\/div>\n<p> <br \/>\n<\/p>\n<div data-td-block-uid=\"tdi_95\">\n<div class=\"tdb-block-inner td-fix-index\">\n<p>Uma bicicleta avaliada em R$ 60 mil, pertencente ao ciclista profissional <strong>Nicolas Mariotto Sessler<\/strong>, foi furtada de uma resid\u00eancia no bairro <strong>Jardim Canad\u00e1<\/strong>, em <strong>Ribeir\u00e3o Preto<\/strong>, na tarde desta <strong>ter\u00e7a-feira (6)<\/strong>. Atleta da <strong>Sele\u00e7\u00e3o Brasileira<\/strong>, Sessler mora na <strong>Espanha<\/strong> e estava na cidade para <strong>visitar a fam\u00edlia e passar f\u00e9rias<\/strong>.<\/p>\n<h3 class=\"wp-block-heading\"><strong>O furto<\/strong><\/h3>\n<p>De acordo com o boletim de ocorr\u00eancia, o suspeito <strong>pulou o muro da casa com a ajuda de um bambu<\/strong> apoiado no local para acessar o im\u00f3vel. No momento do furto, <strong>n\u00e3o havia ningu\u00e9m na resid\u00eancia<\/strong>. Ao retornar, o ciclista percebeu a aus\u00eancia da bicicleta e acionou a pol\u00edcia.<\/p>\n<h3 class=\"wp-block-heading\"><strong>Pol\u00edcia localiza bicicleta <\/strong><\/h3>\n<p>Durante patrulhamento de <strong>A\u00e7\u00f5es Especiais de Pol\u00edcia<\/strong>, a <strong>Pol\u00edcia Militar recebeu o chamado do COPOM<\/strong> e iniciou buscas pela regi\u00e3o. As equipes <strong>localizaram a bicicleta no canteiro central da avenida Patriarca<\/strong>, pr\u00f3xima ao local do crime.<\/p>\n<div class=\"wp-block-image\">\n<figure class=\"aligncenter size-large is-resized\"><img data-recalc-dims=\"1\" fetchpriority=\"high\" decoding=\"async\" width=\"1024\" height=\"576\" src=\"https:\/\/i0.wp.com\/cdn.media-acidadeon.com.br\/ribeiraopreto\/wp-content\/uploads\/sites\/3\/2026\/01\/domingo-33_2026-01-07_21-09-56-1024x576.webp?resize=1024%2C576&#038;ssl=1\" alt=\"domingo 33 2026 01 07 21 09 56\" class=\"wp-image-141480\" style=\"width:700px;height:auto\" title=\"Ciclista da Sele\u00e7\u00e3o Brasileira tem bicicleta de R$ 60 mil furtada em Ribeir\u00e3o Preto 1\" srcset=\"https:\/\/cdn.media-acidadeon.com.br\/ribeiraopreto\/wp-content\/uploads\/sites\/3\/2026\/01\/domingo-33_2026-01-07_21-09-56-1024x576.webp 1024w, https:\/\/cdn.media-acidadeon.com.br\/ribeiraopreto\/wp-content\/uploads\/sites\/3\/2026\/01\/domingo-33_2026-01-07_21-09-56-300x169.webp 300w, https:\/\/cdn.media-acidadeon.com.br\/ribeiraopreto\/wp-content\/uploads\/sites\/3\/2026\/01\/domingo-33_2026-01-07_21-09-56-768x432.webp 768w, https:\/\/cdn.media-acidadeon.com.br\/ribeiraopreto\/wp-content\/uploads\/sites\/3\/2026\/01\/domingo-33_2026-01-07_21-09-56-696x392.webp 696w, https:\/\/cdn.media-acidadeon.com.br\/ribeiraopreto\/wp-content\/uploads\/sites\/3\/2026\/01\/domingo-33_2026-01-07_21-09-56-1068x601.webp 1068w, https:\/\/cdn.media-acidadeon.com.br\/ribeiraopreto\/wp-content\/uploads\/sites\/3\/2026\/01\/domingo-33_2026-01-07_21-09-56.webp 1200w\" sizes=\"(max-width: 1024px) 100vw, 1024px\"\/><figcaption class=\"wp-element-caption\">Foto: Reprodu\u00e7\u00e3o\/ Redes sociais<\/figcaption><\/figure>\n<\/div>\n<p>Os policiais encaminharam a ocorr\u00eancia \u00e0 <strong>Central de Pol\u00edcia Judici\u00e1ria<\/strong>, onde a autoridade policial registrou o boletim de ocorr\u00eancia. A bicicleta ficou <strong>\u00e0 disposi\u00e7\u00e3o para restitui\u00e7\u00e3o ao propriet\u00e1rio<\/strong>. At\u00e9 o momento, <strong>a pol\u00edcia n\u00e3o localizou o suspeito<\/strong>. A <strong>Pol\u00edcia Civil segue investigando o caso<\/strong>.<\/p>\n<hr class=\"wp-block-separator has-alpha-channel-opacity\"\/>\n<p>SAIBA MAIS<br \/>Vem chuva? Confira a previs\u00e3o do tempo nesta quarta-feira em Ribeir\u00e3o Preto<\/p>\n<h2 class=\"wp-block-heading\"><strong>FIQUE ON<\/strong><\/h2>\n<p>Fique ligado em tudo que acontece em Ribeir\u00e3o Preto e regi\u00e3o. Siga os perfis do\u00a0<strong>acidade on\u00a0<\/strong>no\u00a0<a href=\"https:\/\/www.instagram.com\/acidadeonribeirao\" target=\"_blank\" rel=\"noreferrer noopener\">Instagram<\/a>\u00a0e no\u00a0<a href=\"https:\/\/www.facebook.com\/acidadeonribeirao\/\" target=\"_blank\" rel=\"noreferrer noopener\">Facebook<\/a>.<\/p>\n<p>Receba not\u00edcias do\u00a0<strong>acidade on<\/strong>\u00a0no WhatsApp. Para entrar no grupo,\u00a0basta\u00a0<a href=\"https:\/\/chat.whatsapp.com\/GFH9HUMUTHNFJdnyEd0xxq\" target=\"_blank\" rel=\"noreferrer noopener\">clicar aqui<\/a>. Ou, acesse o nosso\u00a0Canal\u00a0<a href=\"https:\/\/whatsapp.com\/channel\/0029Vb6IQl1JENyAeS57fk2p\" target=\"_blank\" rel=\"noreferrer noopener\">clicando aqui<\/a>.<\/p>\n<p>Fa\u00e7a uma den\u00fancia ou sugira uma reportagem sobre Ribeir\u00e3o Preto e regi\u00e3o pelo WhatsApp: 16 99117 7802.<\/p>\n<p>VEJA TAMB\u00c9M<br \/>BBB 26: como funciona o Cartola, novo fantasy game do reality?<\/p>\n<p><!-- AI CONTENT END 1 -->\n<\/div>\n<\/div>\n<p><script async src=\"\/\/www.instagram.com\/embed.js\"><\/script><br \/>\n<br \/><br \/>\n<br \/><a href=\"https:\/\/www.acidadeon.com\/ribeiraopreto\/cotidiano\/bicicleta-de-r-60-mil-de-ciclista-profissional-e-furtada-em-ribeirao-preto\/\">Source link <\/a><\/p>\n<!-- CONTENT END 1 -->\n","protected":false},"excerpt":{"rendered":"<p>Uma bicicleta avaliada em R$ 60 mil, pertencente ao ciclista profissional Nicolas Mariotto Sessler, foi furtada de uma resid\u00eancia no bairro Jardim Canad\u00e1, em Ribeir\u00e3o&#8230;<\/p>\n","protected":false},"author":1,"featured_media":81508,"comment_status":"open","ping_status":"open","sticky":false,"template":"","format":"standard","meta":{"advanced_seo_description":"","jetpack_seo_html_title":"","jetpack_seo_noindex":false,"jetpack_post_was_ever_published":false,"_jetpack_newsletter_access":"","_jetpack_dont_email_post_to_subs":false,"_jetpack_newsletter_tier_id":0,"_jetpack_memberships_contains_paywalled_content":false,"_jetpack_memberships_contains_paid_content":false,"footnotes":"","jetpack_publicize_message":"","jetpack_publicize_feature_enabled":true,"jetpack_social_post_already_shared":true,"jetpack_social_options":{"image_generator_settings":{"template":"highway","default_image_id":0,"font":"","enabled":false},"version":2}},"categories":[11],"tags":[],"class_list":["post-81507","post","type-post","status-publish","format-standard","has-post-thumbnail","hentry","category-noticias-de-ribeirao-preto-sp-e-regiao-ismael-colosi"],"jetpack_publicize_connections":[],"jetpack_featured_media_url":"https:\/\/i0.wp.com\/noticiasribeiraopreto.com.br\/wp-content\/uploads\/2026\/01\/11_2026-01-07_21-11-59.webp.webp?fit=960%2C540&ssl=1","jetpack-related-posts":[{"id":81526,"url":"https:\/\/noticiasribeiraopreto.com.br\/index.php\/2026\/01\/08\/baep-recupera-bike-de-r-100-mil\/","url_meta":{"origin":81507,"position":0},"title":"BAEP recupera bike de R$ 100 mil","author":"noticiasribeiraopreto.com.br","date":"8 de January de 2026","format":false,"excerpt":"\r Bicicleta havia sido furtada de atleta da Sele\u00e7\u00e3o Brasileira de Ciclismo\r \r 8 de janeiro de 2026 10:36 \r Compartilhar1 Por: Adalberto Luque \u2013 Uma bicicleta avaliada em R$ 100 mil e que havia sido furtada, foi recuperada na noite desta ter\u00e7a-feira (6). O Batalh\u00e3o de A\u00e7\u00f5es Especiais de\u2026","rel":"","context":"In &quot;Not\u00edcias de Ribeir\u00e3o Preto-SP e Regi\u00e3o&quot;","block_context":{"text":"Not\u00edcias de Ribeir\u00e3o Preto-SP e Regi\u00e3o","link":"https:\/\/noticiasribeiraopreto.com.br\/index.php\/category\/noticias-de-ribeirao-preto-sp-e-regiao-ismael-colosi\/"},"img":{"alt_text":"","src":"https:\/\/i0.wp.com\/noticiasribeiraopreto.com.br\/wp-content\/uploads\/2026\/01\/08-jan-2025-bikerecuperada1.jpg?fit=960%2C540&ssl=1&resize=350%2C200","width":350,"height":200,"srcset":"https:\/\/i0.wp.com\/noticiasribeiraopreto.com.br\/wp-content\/uploads\/2026\/01\/08-jan-2025-bikerecuperada1.jpg?fit=960%2C540&ssl=1&resize=350%2C200 1x, https:\/\/i0.wp.com\/noticiasribeiraopreto.com.br\/wp-content\/uploads\/2026\/01\/08-jan-2025-bikerecuperada1.jpg?fit=960%2C540&ssl=1&resize=525%2C300 1.5x, https:\/\/i0.wp.com\/noticiasribeiraopreto.com.br\/wp-content\/uploads\/2026\/01\/08-jan-2025-bikerecuperada1.jpg?fit=960%2C540&ssl=1&resize=700%2C400 2x"},"classes":[]},{"id":83210,"url":"https:\/\/noticiasribeiraopreto.com.br\/index.php\/2026\/03\/12\/video-camera-flagra-furto-de-moto-na-zona-leste\/","url_meta":{"origin":81507,"position":1},"title":"V\u00cdDEO &#8211; C\u00e2mera flagra furto de moto na zona Leste","author":"noticiasribeiraopreto.com.br","date":"12 de March de 2026","format":false,"excerpt":"\r \r \r Tr\u00eas homens com duas bicicletas se aproximaram, quebraram a trava e fugiram levando a motocicleta\r \r 12 de mar\u00e7o de 2026 12:0112 de mar\u00e7o de 2026 12:01 \r Compartilhar2 \r Por: Adalberto Luque Uma motocicleta estacionada na rua foi furtada, nesta quarta-feira (11). O ve\u00edculo estava parado\u2026","rel":"","context":"In &quot;Not\u00edcias de Ribeir\u00e3o Preto-SP e Regi\u00e3o&quot;","block_context":{"text":"Not\u00edcias de Ribeir\u00e3o Preto-SP e Regi\u00e3o","link":"https:\/\/noticiasribeiraopreto.com.br\/index.php\/category\/noticias-de-ribeirao-preto-sp-e-regiao-ismael-colosi\/"},"img":{"alt_text":"","src":"https:\/\/i0.wp.com\/noticiasribeiraopreto.com.br\/wp-content\/uploads\/2026\/03\/12-mar-2026-furtomoto1-scaled.jpg?fit=941%2C780&ssl=1&resize=350%2C200","width":350,"height":200,"srcset":"https:\/\/i0.wp.com\/noticiasribeiraopreto.com.br\/wp-content\/uploads\/2026\/03\/12-mar-2026-furtomoto1-scaled.jpg?fit=941%2C780&ssl=1&resize=350%2C200 1x, https:\/\/i0.wp.com\/noticiasribeiraopreto.com.br\/wp-content\/uploads\/2026\/03\/12-mar-2026-furtomoto1-scaled.jpg?fit=941%2C780&ssl=1&resize=525%2C300 1.5x, https:\/\/i0.wp.com\/noticiasribeiraopreto.com.br\/wp-content\/uploads\/2026\/03\/12-mar-2026-furtomoto1-scaled.jpg?fit=941%2C780&ssl=1&resize=700%2C400 2x"},"classes":[]},{"id":64179,"url":"https:\/\/noticiasribeiraopreto.com.br\/index.php\/2025\/03\/04\/ciclista-fica-ferida-apos-batida-entre-moto-e-bicicleta-na-regiao-de-ribeirao-preto-video\/","url_meta":{"origin":81507,"position":2},"title":"Ciclista fica ferida ap\u00f3s batida entre moto e bicicleta na regi\u00e3o de Ribeir\u00e3o Preto; V\u00eddeo","author":"noticiasribeiraopreto.com.br","date":"4 de March de 2025","format":false,"excerpt":"Uma ciclista de 40 anos sofreu ferimentos ap\u00f3s uma batida entre moto e bicicleta na noite desta segunda-feira (3), em Barretos, cidade aproximadamente 130 de quil\u00f4metros de Ribeir\u00e3o Preto. Assista ao v\u00eddeo abaixo. Segundo a PM (Pol\u00edcia Militar), a colis\u00e3o ocorreu na liga\u00e7\u00e3o das ruas 28 e S\u00e3o Louren\u00e7o. A\u2026","rel":"","context":"In &quot;Not\u00edcias de Ribeir\u00e3o Preto-SP e Regi\u00e3o&quot;","block_context":{"text":"Not\u00edcias de Ribeir\u00e3o Preto-SP e Regi\u00e3o","link":"https:\/\/noticiasribeiraopreto.com.br\/index.php\/category\/noticias-de-ribeirao-preto-sp-e-regiao-ismael-colosi\/"},"img":{"alt_text":"","src":"https:\/\/i0.wp.com\/noticiasribeiraopreto.com.br\/wp-content\/uploads\/2025\/03\/WhatsApp-Image-2025-03-04-at-14.31.17_2025-03-04_17-46-15_jpeg_2025-03-04_17-46-15.webp.webp?fit=1200%2C1017&ssl=1&resize=350%2C200","width":350,"height":200,"srcset":"https:\/\/i0.wp.com\/noticiasribeiraopreto.com.br\/wp-content\/uploads\/2025\/03\/WhatsApp-Image-2025-03-04-at-14.31.17_2025-03-04_17-46-15_jpeg_2025-03-04_17-46-15.webp.webp?fit=1200%2C1017&ssl=1&resize=350%2C200 1x, https:\/\/i0.wp.com\/noticiasribeiraopreto.com.br\/wp-content\/uploads\/2025\/03\/WhatsApp-Image-2025-03-04-at-14.31.17_2025-03-04_17-46-15_jpeg_2025-03-04_17-46-15.webp.webp?fit=1200%2C1017&ssl=1&resize=525%2C300 1.5x, https:\/\/i0.wp.com\/noticiasribeiraopreto.com.br\/wp-content\/uploads\/2025\/03\/WhatsApp-Image-2025-03-04-at-14.31.17_2025-03-04_17-46-15_jpeg_2025-03-04_17-46-15.webp.webp?fit=1200%2C1017&ssl=1&resize=700%2C400 2x, https:\/\/i0.wp.com\/noticiasribeiraopreto.com.br\/wp-content\/uploads\/2025\/03\/WhatsApp-Image-2025-03-04-at-14.31.17_2025-03-04_17-46-15_jpeg_2025-03-04_17-46-15.webp.webp?fit=1200%2C1017&ssl=1&resize=1050%2C600 3x"},"classes":[]},{"id":81505,"url":"https:\/\/noticiasribeiraopreto.com.br\/index.php\/2026\/01\/08\/homem-em-cadeira-de-rodas-motorizada-e-flagrado-em-meio-ao-transito-na-regiao-central-de-ribeirao-preto\/","url_meta":{"origin":81507,"position":3},"title":"Homem em cadeira de rodas motorizada \u00e9 flagrado em meio ao tr\u00e2nsito na regi\u00e3o Central de Ribeir\u00e3o Preto","author":"noticiasribeiraopreto.com.br","date":"8 de January de 2026","format":false,"excerpt":"Moradores de Ribeir\u00e3o Preto flagraram um homem em uma cadeira de rodas motorizada transitando pela avenida Jer\u00f4nimo Gon\u00e7alves, uma das vias mais movimentadas da regi\u00e3o Central do munic\u00edpio, na manh\u00e3 desta quarta-feira (7). Nas imagens \u00e9 poss\u00edvel ver o homem circulando entre carros, \u00f4nibus e motocicletas, em meio ao tr\u00e1fego\u2026","rel":"","context":"In &quot;Not\u00edcias de Ribeir\u00e3o Preto-SP e Regi\u00e3o&quot;","block_context":{"text":"Not\u00edcias de Ribeir\u00e3o Preto-SP e Regi\u00e3o","link":"https:\/\/noticiasribeiraopreto.com.br\/index.php\/category\/noticias-de-ribeirao-preto-sp-e-regiao-ismael-colosi\/"},"img":{"alt_text":"","src":"https:\/\/i0.wp.com\/noticiasribeiraopreto.com.br\/wp-content\/uploads\/2026\/01\/domingo-68_2026-01-07_21-41-50.webp.webp?fit=1200%2C675&ssl=1&resize=350%2C200","width":350,"height":200,"srcset":"https:\/\/i0.wp.com\/noticiasribeiraopreto.com.br\/wp-content\/uploads\/2026\/01\/domingo-68_2026-01-07_21-41-50.webp.webp?fit=1200%2C675&ssl=1&resize=350%2C200 1x, https:\/\/i0.wp.com\/noticiasribeiraopreto.com.br\/wp-content\/uploads\/2026\/01\/domingo-68_2026-01-07_21-41-50.webp.webp?fit=1200%2C675&ssl=1&resize=525%2C300 1.5x, https:\/\/i0.wp.com\/noticiasribeiraopreto.com.br\/wp-content\/uploads\/2026\/01\/domingo-68_2026-01-07_21-41-50.webp.webp?fit=1200%2C675&ssl=1&resize=700%2C400 2x, https:\/\/i0.wp.com\/noticiasribeiraopreto.com.br\/wp-content\/uploads\/2026\/01\/domingo-68_2026-01-07_21-41-50.webp.webp?fit=1200%2C675&ssl=1&resize=1050%2C600 3x"},"classes":[]},{"id":57981,"url":"https:\/\/noticiasribeiraopreto.com.br\/index.php\/2024\/09\/16\/menores-invadem-garagem-de-predio-e-furtam-bicicletas-em-ribeirao-video\/","url_meta":{"origin":81507,"position":4},"title":"Menores invadem garagem de pr\u00e9dio e furtam bicicletas em Ribeir\u00e3o; V\u00eddeo","author":"noticiasribeiraopreto.com.br","date":"16 de September de 2024","format":false,"excerpt":"Dois menores foram detidos depois do furto de bicicletas na noite deste domingo (15), em um pr\u00e9dio residencial no Jardim Paulista, zona Leste de Ribeir\u00e3o Preto. O pr\u00e9dio alvo do furto, que fica na rua Itapura, teve o port\u00e3o da garagem arrombado na a\u00e7\u00e3o. Assista ao v\u00eddeo abaixo. Segunda a\u2026","rel":"","context":"In &quot;Not\u00edcias de Ribeir\u00e3o Preto-SP e Regi\u00e3o&quot;","block_context":{"text":"Not\u00edcias de Ribeir\u00e3o Preto-SP e Regi\u00e3o","link":"https:\/\/noticiasribeiraopreto.com.br\/index.php\/category\/noticias-de-ribeirao-preto-sp-e-regiao-ismael-colosi\/"},"img":{"alt_text":"","src":"https:\/\/i0.wp.com\/noticiasribeiraopreto.com.br\/wp-content\/uploads\/2024\/09\/FURTO_2024-09-16_11-48-48_jpg_2024-09-16_11-48-48.webp.webp?fit=390%2C245&ssl=1&resize=350%2C200","width":350,"height":200},"classes":[]},{"id":83122,"url":"https:\/\/noticiasribeiraopreto.com.br\/index.php\/2026\/03\/10\/saiba-quem-era-o-ciclista-que-morreu-atropelado-na-avenida-thomaz-alberto-whately-em-ribeirao-preto\/","url_meta":{"origin":81507,"position":5},"title":"Saiba quem era o ciclista que morreu atropelado na avenida Thomaz Alberto Whately em Ribeir\u00e3o Preto","author":"noticiasribeiraopreto.com.br","date":"10 de March de 2026","format":false,"excerpt":"O\u00a0ciclista que morreu depois de ser atropelado por um carro na tarde desta segunda-feira (9), na avenida Thomaz Alberto Whately, na zona Norte de Ribeir\u00e3o Preto, foi identificado como Antonio Francisco de Oliveira, de 52 anos. Conforme as informa\u00e7\u00f5es, a v\u00edtima era natural de Teresina (PI). O ciclista foi atingido\u2026","rel":"","context":"In &quot;Not\u00edcias de Ribeir\u00e3o Preto-SP e Regi\u00e3o&quot;","block_context":{"text":"Not\u00edcias de Ribeir\u00e3o Preto-SP e Regi\u00e3o","link":"https:\/\/noticiasribeiraopreto.com.br\/index.php\/category\/noticias-de-ribeirao-preto-sp-e-regiao-ismael-colosi\/"},"img":{"alt_text":"","src":"https:\/\/i0.wp.com\/noticiasribeiraopreto.com.br\/wp-content\/uploads\/2026\/03\/antonio_2026-03-10_12-43-25.webp.webp?fit=1200%2C830&ssl=1&resize=350%2C200","width":350,"height":200,"srcset":"https:\/\/i0.wp.com\/noticiasribeiraopreto.com.br\/wp-content\/uploads\/2026\/03\/antonio_2026-03-10_12-43-25.webp.webp?fit=1200%2C830&ssl=1&resize=350%2C200 1x, https:\/\/i0.wp.com\/noticiasribeiraopreto.com.br\/wp-content\/uploads\/2026\/03\/antonio_2026-03-10_12-43-25.webp.webp?fit=1200%2C830&ssl=1&resize=525%2C300 1.5x, https:\/\/i0.wp.com\/noticiasribeiraopreto.com.br\/wp-content\/uploads\/2026\/03\/antonio_2026-03-10_12-43-25.webp.webp?fit=1200%2C830&ssl=1&resize=700%2C400 2x, https:\/\/i0.wp.com\/noticiasribeiraopreto.com.br\/wp-content\/uploads\/2026\/03\/antonio_2026-03-10_12-43-25.webp.webp?fit=1200%2C830&ssl=1&resize=1050%2C600 3x"},"classes":[]}],"jetpack_sharing_enabled":true,"jetpack_shortlink":"https:\/\/wp.me\/peQAOb-lcD","_links":{"self":[{"href":"https:\/\/noticiasribeiraopreto.com.br\/index.php\/wp-json\/wp\/v2\/posts\/81507","targetHints":{"allow":["GET"]}}],"collection":[{"href":"https:\/\/noticiasribeiraopreto.com.br\/index.php\/wp-json\/wp\/v2\/posts"}],"about":[{"href":"https:\/\/noticiasribeiraopreto.com.br\/index.php\/wp-json\/wp\/v2\/types\/post"}],"author":[{"embeddable":true,"href":"https:\/\/noticiasribeiraopreto.com.br\/index.php\/wp-json\/wp\/v2\/users\/1"}],"replies":[{"embeddable":true,"href":"https:\/\/noticiasribeiraopreto.com.br\/index.php\/wp-json\/wp\/v2\/comments?post=81507"}],"version-history":[{"count":0,"href":"https:\/\/noticiasribeiraopreto.com.br\/index.php\/wp-json\/wp\/v2\/posts\/81507\/revisions"}],"wp:featuredmedia":[{"embeddable":true,"href":"https:\/\/noticiasribeiraopreto.com.br\/index.php\/wp-json\/wp\/v2\/media\/81508"}],"wp:attachment":[{"href":"https:\/\/noticiasribeiraopreto.com.br\/index.php\/wp-json\/wp\/v2\/media?parent=81507"}],"wp:term":[{"taxonomy":"category","embeddable":true,"href":"https:\/\/noticiasribeiraopreto.com.br\/index.php\/wp-json\/wp\/v2\/categories?post=81507"},{"taxonomy":"post_tag","embeddable":true,"href":"https:\/\/noticiasribeiraopreto.com.br\/index.php\/wp-json\/wp\/v2\/tags?post=81507"}],"curies":[{"name":"wp","href":"https:\/\/api.w.org\/{rel}","templated":true}]}}