{"id":81513,"date":"2026-01-08T08:12:15","date_gmt":"2026-01-08T11:12:15","guid":{"rendered":"https:\/\/noticiasribeiraopreto.com.br\/index.php\/2026\/01\/08\/retirada-de-fios-soltos-comeca-em-vias-da-regiao-norte-de-ribeirao\/"},"modified":"2026-01-08T08:12:15","modified_gmt":"2026-01-08T11:12:15","slug":"retirada-de-fios-soltos-comeca-em-vias-da-regiao-norte-de-ribeirao","status":"publish","type":"post","link":"https:\/\/noticiasribeiraopreto.com.br\/index.php\/2026\/01\/08\/retirada-de-fios-soltos-comeca-em-vias-da-regiao-norte-de-ribeirao\/","title":{"rendered":"Retirada de fios soltos come\u00e7a em vias da regi\u00e3o Norte de Ribeir\u00e3o"},"content":{"rendered":"<div class='code-block code-block-1' style='margin: 8px 0 8px auto; text-align: right; display: block; clear: both;'>\n<p><a href=\"https:\/\/wa.link\/vpicfd\"><img data-recalc-dims=\"1\" class=\"wp-image-4922\" style=\"aspect-ratio: 2.0253164556962027; width: 561px; height: auto;\" src=\"https:\/\/i0.wp.com\/ismaelcolosi.com.br\/wp-content\/uploads\/2023\/11\/grupo-de-empregos-whatsapp-e-facebook-ismael-colosi-vagas.jpg?ssl=1\" alt=\"\" \/><\/a><\/p>\n<!-- \/wp:image -->\n<\/div>\n<p> <br \/>\n<\/p>\n<div id=\"\">&#13;<br \/>\n\t\t\t\t\t\t\t\t&#13;<\/p>\n<p>&#13;<br \/>\n\t\t\t\t\t\t\t\t\t<span class=\"entry-meta-item penci-posted-on\"><i class=\"fa fa-clock-o\"\/><time class=\"entry-date published updated\" datetime=\"2026-01-08T08:08:56-03:00\">8 de janeiro de 2026 08:08<\/time><\/span><span class=\"entry-meta-item penci-post-countview\"\/>\t\t\t\t\t\t\t\t<\/p>\n<p><!-- .entry-meta -->&#13;<br \/>\n\t\t\t\t\t\t\t\t<span class=\"penci-social-buttons penci-social-share-footer\"><span class=\"penci-social-share-text\">Compartilhar<\/span><a href=\"#\" class=\"penci-post-like penci_post-meta_item  single-like-button penci-social-item like\" data-post_id=\"451281\" title=\"Like\" data-like=\"Like\" data-unlike=\"Unlike\"><i class=\"fa fa-thumbs-o-up\"\/><span class=\"penci-share-number\">0<\/span><\/a><i class=\"fa fa-facebook\"\/><a class=\"penci-social-item twitter\" target=\"_blank\" rel=\"noopener\" title=\"\" href=\"https:\/\/twitter.com\/intent\/tweet?text=Retirada%20de%20fios%20soltos%20come\u00e7a%20em%20vias%20da%20regi\u00e3o%20Norte%20de%20Ribeir\u00e3o%20-%20https:\/\/www.tribunaribeirao.com.br\/retirada-de-fios-soltos-comeca-em-vias-da-regiao-norte-de-ribeirao\/\"><i class=\"fa fa-twitter\"\/><\/a><i class=\"fa fa-linkedin\"\/><i class=\"fa fa-whatsapp\"\/><i class=\"fa fa-telegram\"\/><i class=\"fa fa-envelope\"\/><\/span>\t\t\t\t\t\t\t<\/div>\n<div>\n<p><em>Trabalhos fazem parte de reorganiza\u00e7\u00e3o da infraestrutura a\u00e9rea da cidade<\/em><\/p>\n<p>A regulariza\u00e7\u00e3o de fios soltos de telecomunica\u00e7\u00f5es foi iniciada nesta semana em avenidas da regi\u00e3o Norte de Ribeir\u00e3o Preto. Os trabalhos come\u00e7aram na segunda-feira (5) e est\u00e3o sendo realizados nas avenidas Brasil e Thomaz Alberto Whately, sob coordena\u00e7\u00e3o da Comiss\u00e3o de Infraestrutura A\u00e9rea de Ribeir\u00e3o Preto (Coinfarp).<\/p>\n<p>A a\u00e7\u00e3o faz parte de um processo de reorganiza\u00e7\u00e3o da infraestrutura a\u00e9rea urbana que j\u00e1 passou por outras regi\u00f5es da cidade. Interven\u00e7\u00f5es semelhantes foram conclu\u00eddas nas avenidas Nove de Julho, Portugal, Paschoal Innecchi, Jer\u00f4nimo Gon\u00e7alves e no entorno do Aeroporto Leite Lopes.<\/p>\n<p>Em vias como Independ\u00eancia, Patriarca, C\u00e1sper L\u00edbero, Pedreira de Freitas, Dom Pedro, Francisco Junqueira e Meira J\u00fanior, a adequa\u00e7\u00e3o ocorreu de forma parcial, com previs\u00e3o de conclus\u00e3o conforme a programa\u00e7\u00e3o dos servi\u00e7os.<\/p>\n<p>De acordo com a Secretaria de Infraestrutura e Zeladoria, o cronograma prioriza avenidas com maior fluxo de ve\u00edculos e pedestres. As a\u00e7\u00f5es tiveram in\u00edcio em agosto de 2025, inicialmente no quadril\u00e1tero Central, e posteriormente foram ampliadas para o Parque Ribeir\u00e3o Preto.<\/p>\n<p>Segundo a pasta, o objetivo da regulariza\u00e7\u00e3o \u00e9 reduzir riscos relacionados \u00e0 fia\u00e7\u00e3o irregular, al\u00e9m de melhorar a organiza\u00e7\u00e3o da paisagem urbana. Um novo cronograma com as pr\u00f3ximas etapas dever\u00e1 ser apresentado ainda neste m\u00eas, durante reuni\u00e3o da Coinfarp.<\/p>\n<p>A coordena\u00e7\u00e3o t\u00e9cnica da opera\u00e7\u00e3o \u00e9 feita pela CPFL, enquanto as empresas de telefonia e telecomunica\u00e7\u00f5es s\u00e3o respons\u00e1veis pela retirada e adequa\u00e7\u00e3o dos cabos que est\u00e3o em desacordo com as normas vigentes. A fiscaliza\u00e7\u00e3o envolve diferentes \u00f3rg\u00e3os municipais, entre eles a Prefeitura de Ribeir\u00e3o Preto, a Guarda Civil Metropolitana e a RP Mobi.<\/p>\n<\/div>\n<p><script async src=\"\/\/platform.twitter.com\/widgets.js\" charset=\"utf-8\"><\/script><br \/>\n<br \/><br \/>\n<br \/><a href=\"https:\/\/www.tribunaribeirao.com.br\/retirada-de-fios-soltos-comeca-em-vias-da-regiao-norte-de-ribeirao\/\">Source link <\/a><\/p>\n<!-- CONTENT END 1 -->\n","protected":false},"excerpt":{"rendered":"<p>&#13; &#13; &#13; 8 de janeiro de 2026 08:08 &#13; Compartilhar0 Trabalhos fazem parte de reorganiza\u00e7\u00e3o da infraestrutura a\u00e9rea da cidade A regulariza\u00e7\u00e3o de fios&#8230;<\/p>\n","protected":false},"author":1,"featured_media":81514,"comment_status":"open","ping_status":"open","sticky":false,"template":"","format":"standard","meta":{"advanced_seo_description":"","jetpack_seo_html_title":"","jetpack_seo_noindex":false,"jetpack_post_was_ever_published":false,"_jetpack_newsletter_access":"","_jetpack_dont_email_post_to_subs":false,"_jetpack_newsletter_tier_id":0,"_jetpack_memberships_contains_paywalled_content":false,"_jetpack_memberships_contains_paid_content":false,"footnotes":"","jetpack_publicize_message":"","jetpack_publicize_feature_enabled":true,"jetpack_social_post_already_shared":true,"jetpack_social_options":{"image_generator_settings":{"template":"highway","default_image_id":0,"font":"","enabled":false},"version":2}},"categories":[11],"tags":[],"class_list":["post-81513","post","type-post","status-publish","format-standard","has-post-thumbnail","hentry","category-noticias-de-ribeirao-preto-sp-e-regiao-ismael-colosi"],"jetpack_publicize_connections":[],"jetpack_featured_media_url":"https:\/\/i0.wp.com\/noticiasribeiraopreto.com.br\/wp-content\/uploads\/2026\/01\/2-regularizacao-fios_fernandogonzaga_0701-scaled.jpg?fit=1170%2C780&ssl=1","jetpack-related-posts":[{"id":41415,"url":"https:\/\/noticiasribeiraopreto.com.br\/index.php\/2024\/03\/08\/capa-08-03-2024\/","url_meta":{"origin":81513,"position":0},"title":"Capa 08\/03\/2024 &#8211; Jornal Tribuna Ribeir\u00e3o","author":"noticiasribeiraopreto.com.br","date":"8 de March de 2024","format":false,"excerpt":"Ribeir\u00e3o Preto \u00e9 o centro de uma regi\u00e3o com mais de 3 milh\u00f5es de habitantes. O agroneg\u00f3cio, o com\u00e9rcio e a presta\u00e7\u00e3o de servi\u00e7os s\u00e3o os pontos fortes da economia. O jornal Tribuna circula em Ribeir\u00e3o Preto e em outras 10 cidades da regi\u00e3o. Sua linha editorial \u00e9 informativa e\u2026","rel":"","context":"In &quot;Not\u00edcias de Ribeir\u00e3o Preto-SP e Regi\u00e3o&quot;","block_context":{"text":"Not\u00edcias de Ribeir\u00e3o Preto-SP e Regi\u00e3o","link":"https:\/\/noticiasribeiraopreto.com.br\/index.php\/category\/noticias-de-ribeirao-preto-sp-e-regiao-ismael-colosi\/"},"img":{"alt_text":"","src":"https:\/\/i0.wp.com\/noticiasribeiraopreto.com.br\/wp-content\/uploads\/2024\/03\/Capa-6855-scaled.jpg?fit=368%2C645&ssl=1&resize=350%2C200","width":350,"height":200},"classes":[]},{"id":23774,"url":"https:\/\/noticiasribeiraopreto.com.br\/index.php\/2024\/01\/03\/instituto-oncologico-de-ribeirao-preto-ata-de-age-realizada-em-08-de-dezembro-de-2023\/","url_meta":{"origin":81513,"position":1},"title":"INSTITUTO ONCOL\u00d3GICO DE RIBEIR\u00c3O PRETO &#8211; ATA DE AGE REALIZADA EM 08 DE DEZEMBRO DE 2023","author":"noticiasribeiraopreto.com.br","date":"3 de January de 2024","format":false,"excerpt":"Ribeir\u00e3o Preto \u00e9 o centro de uma regi\u00e3o com mais de 3 milh\u00f5es de habitantes. O agroneg\u00f3cio, o com\u00e9rcio e a presta\u00e7\u00e3o de servi\u00e7os s\u00e3o os pontos fortes da economia. O jornal Tribuna circula em Ribeir\u00e3o Preto e em outras 10 cidades da regi\u00e3o. Sua linha editorial \u00e9 informativa e\u2026","rel":"","context":"In &quot;Not\u00edcias de Ribeir\u00e3o Preto-SP e Regi\u00e3o&quot;","block_context":{"text":"Not\u00edcias de Ribeir\u00e3o Preto-SP e Regi\u00e3o","link":"https:\/\/noticiasribeiraopreto.com.br\/index.php\/category\/noticias-de-ribeirao-preto-sp-e-regiao-ismael-colosi\/"},"img":{"alt_text":"","src":"https:\/\/i0.wp.com\/noticiasribeiraopreto.com.br\/wp-content\/uploads\/2024\/01\/publicidade-legal.png?fit=700%2C450&ssl=1&resize=350%2C200","width":350,"height":200,"srcset":"https:\/\/i0.wp.com\/noticiasribeiraopreto.com.br\/wp-content\/uploads\/2024\/01\/publicidade-legal.png?fit=700%2C450&ssl=1&resize=350%2C200 1x, https:\/\/i0.wp.com\/noticiasribeiraopreto.com.br\/wp-content\/uploads\/2024\/01\/publicidade-legal.png?fit=700%2C450&ssl=1&resize=525%2C300 1.5x, https:\/\/i0.wp.com\/noticiasribeiraopreto.com.br\/wp-content\/uploads\/2024\/01\/publicidade-legal.png?fit=700%2C450&ssl=1&resize=700%2C400 2x"},"classes":[]},{"id":57075,"url":"https:\/\/noticiasribeiraopreto.com.br\/index.php\/2024\/08\/22\/incendio-de-grandes-proporcoes-provoca-bloqueio-de-rodovia-na-regiao-de-ribeirao-video\/","url_meta":{"origin":81513,"position":2},"title":"Inc\u00eandio de grandes propor\u00e7\u00f5es provoca bloqueio de rodovia na regi\u00e3o de Ribeir\u00e3o; V\u00eddeo","author":"noticiasribeiraopreto.com.br","date":"22 de August de 2024","format":false,"excerpt":"Um inc\u00eandio de grandes propor\u00e7\u00f5es foi registrado no in\u00edcio da tarde desta quinta-feira (22), \u00e0s margens da rodovia Armando de Salles Oliveira, entre Pitangueiras e Bebedouro, na regi\u00e3o de Ribeir\u00e3o Preto. Segundo o Corpo de Bombeiros, por conta do inc\u00eandio, aconteceu um engavetamento com 7 ve\u00edculos. A rodovia est\u00e1 fechada\u2026","rel":"","context":"In &quot;Not\u00edcias de Ribeir\u00e3o Preto-SP e Regi\u00e3o&quot;","block_context":{"text":"Not\u00edcias de Ribeir\u00e3o Preto-SP e Regi\u00e3o","link":"https:\/\/noticiasribeiraopreto.com.br\/index.php\/category\/noticias-de-ribeirao-preto-sp-e-regiao-ismael-colosi\/"},"img":{"alt_text":"","src":"https:\/\/i0.wp.com\/noticiasribeiraopreto.com.br\/wp-content\/uploads\/2024\/08\/fogo-armando-sales3_2024-08-22_16-22-05_jpg_2024-08-22_16-22-06.webp.webp?fit=1200%2C674&ssl=1&resize=350%2C200","width":350,"height":200,"srcset":"https:\/\/i0.wp.com\/noticiasribeiraopreto.com.br\/wp-content\/uploads\/2024\/08\/fogo-armando-sales3_2024-08-22_16-22-05_jpg_2024-08-22_16-22-06.webp.webp?fit=1200%2C674&ssl=1&resize=350%2C200 1x, https:\/\/i0.wp.com\/noticiasribeiraopreto.com.br\/wp-content\/uploads\/2024\/08\/fogo-armando-sales3_2024-08-22_16-22-05_jpg_2024-08-22_16-22-06.webp.webp?fit=1200%2C674&ssl=1&resize=525%2C300 1.5x, https:\/\/i0.wp.com\/noticiasribeiraopreto.com.br\/wp-content\/uploads\/2024\/08\/fogo-armando-sales3_2024-08-22_16-22-05_jpg_2024-08-22_16-22-06.webp.webp?fit=1200%2C674&ssl=1&resize=700%2C400 2x, https:\/\/i0.wp.com\/noticiasribeiraopreto.com.br\/wp-content\/uploads\/2024\/08\/fogo-armando-sales3_2024-08-22_16-22-05_jpg_2024-08-22_16-22-06.webp.webp?fit=1200%2C674&ssl=1&resize=1050%2C600 3x"},"classes":[]},{"id":55946,"url":"https:\/\/noticiasribeiraopreto.com.br\/index.php\/2024\/08\/08\/unidade-do-sesc-na-regiao-de-ribeirao-tem-11-vagas-de-emprego-inscricoes-vao-ate-amanha\/","url_meta":{"origin":81513,"position":3},"title":"Unidade do Sesc na regi\u00e3o de Ribeir\u00e3o tem 11 vagas de emprego; Inscri\u00e7\u00f5es v\u00e3o at\u00e9 amanh\u00e3","author":"noticiasribeiraopreto.com.br","date":"8 de August de 2024","format":false,"excerpt":"A unidade do Sesc em Franca, na regi\u00e3o de Ribeir\u00e3o Preto, est\u00e1 com processo seletivo aberto para vagas de emprego at\u00e9 esta sexta-feira (9), \u00e0s 18h. As inscri\u00e7\u00f5es podem ser feitas on-line e ao todo s\u00e3o 11 oportunidades de emprego. As oportunidades s\u00e3o para n\u00edvel m\u00e9dio e t\u00e9cnico nas seguintes\u2026","rel":"","context":"In &quot;Not\u00edcias de Ribeir\u00e3o Preto-SP e Regi\u00e3o&quot;","block_context":{"text":"Not\u00edcias de Ribeir\u00e3o Preto-SP e Regi\u00e3o","link":"https:\/\/noticiasribeiraopreto.com.br\/index.php\/category\/noticias-de-ribeirao-preto-sp-e-regiao-ismael-colosi\/"},"img":{"alt_text":"","src":"https:\/\/i0.wp.com\/noticiasribeiraopreto.com.br\/wp-content\/uploads\/2024\/08\/Copia-de-Copia-de-TAMANHO-EXATO-PARA-FOTOS-NO-SISTEMA-NOVO-35_2024-08-08_12-54-13_jpg_2024-08-08_12-54-14.webp.webp?fit=1200%2C675&ssl=1&resize=350%2C200","width":350,"height":200,"srcset":"https:\/\/i0.wp.com\/noticiasribeiraopreto.com.br\/wp-content\/uploads\/2024\/08\/Copia-de-Copia-de-TAMANHO-EXATO-PARA-FOTOS-NO-SISTEMA-NOVO-35_2024-08-08_12-54-13_jpg_2024-08-08_12-54-14.webp.webp?fit=1200%2C675&ssl=1&resize=350%2C200 1x, https:\/\/i0.wp.com\/noticiasribeiraopreto.com.br\/wp-content\/uploads\/2024\/08\/Copia-de-Copia-de-TAMANHO-EXATO-PARA-FOTOS-NO-SISTEMA-NOVO-35_2024-08-08_12-54-13_jpg_2024-08-08_12-54-14.webp.webp?fit=1200%2C675&ssl=1&resize=525%2C300 1.5x, https:\/\/i0.wp.com\/noticiasribeiraopreto.com.br\/wp-content\/uploads\/2024\/08\/Copia-de-Copia-de-TAMANHO-EXATO-PARA-FOTOS-NO-SISTEMA-NOVO-35_2024-08-08_12-54-13_jpg_2024-08-08_12-54-14.webp.webp?fit=1200%2C675&ssl=1&resize=700%2C400 2x, https:\/\/i0.wp.com\/noticiasribeiraopreto.com.br\/wp-content\/uploads\/2024\/08\/Copia-de-Copia-de-TAMANHO-EXATO-PARA-FOTOS-NO-SISTEMA-NOVO-35_2024-08-08_12-54-13_jpg_2024-08-08_12-54-14.webp.webp?fit=1200%2C675&ssl=1&resize=1050%2C600 3x"},"classes":[]},{"id":57363,"url":"https:\/\/noticiasribeiraopreto.com.br\/index.php\/2024\/08\/29\/rodovia-da-regiao-de-ribeirao-e-interditada-por-causa-de-incendio\/","url_meta":{"origin":81513,"position":4},"title":"Rodovia da regi\u00e3o de Ribeir\u00e3o \u00e9 interditada por causa de inc\u00eandio","author":"noticiasribeiraopreto.com.br","date":"29 de August de 2024","format":false,"excerpt":"A rodovia Francisco Marcos Junqueira, que liga Morro Agudo a Viradouro na regi\u00e3o de Ribeir\u00e3o, foi interditada na tarde desta quinta-feira (29) por causa de um inc\u00eandio. Bombeiros Militares, Pol\u00edcia Militar e Defesa Civil est\u00e3o no local para controlar o tr\u00e1fego e o fogo. Veja v\u00eddeo Ver essa foto no\u2026","rel":"","context":"In &quot;Not\u00edcias de Ribeir\u00e3o Preto-SP e Regi\u00e3o&quot;","block_context":{"text":"Not\u00edcias de Ribeir\u00e3o Preto-SP e Regi\u00e3o","link":"https:\/\/noticiasribeiraopreto.com.br\/index.php\/category\/noticias-de-ribeirao-preto-sp-e-regiao-ismael-colosi\/"},"img":{"alt_text":"","src":"https:\/\/i0.wp.com\/noticiasribeiraopreto.com.br\/wp-content\/uploads\/2024\/08\/morroagudo_2024-08-29_19-00-23_png_2024-08-29_19-00-23-e1724958072826.webp.webp?fit=863%2C388&ssl=1&resize=350%2C200","width":350,"height":200,"srcset":"https:\/\/i0.wp.com\/noticiasribeiraopreto.com.br\/wp-content\/uploads\/2024\/08\/morroagudo_2024-08-29_19-00-23_png_2024-08-29_19-00-23-e1724958072826.webp.webp?fit=863%2C388&ssl=1&resize=350%2C200 1x, https:\/\/i0.wp.com\/noticiasribeiraopreto.com.br\/wp-content\/uploads\/2024\/08\/morroagudo_2024-08-29_19-00-23_png_2024-08-29_19-00-23-e1724958072826.webp.webp?fit=863%2C388&ssl=1&resize=525%2C300 1.5x, https:\/\/i0.wp.com\/noticiasribeiraopreto.com.br\/wp-content\/uploads\/2024\/08\/morroagudo_2024-08-29_19-00-23_png_2024-08-29_19-00-23-e1724958072826.webp.webp?fit=863%2C388&ssl=1&resize=700%2C400 2x"},"classes":[]},{"id":55806,"url":"https:\/\/noticiasribeiraopreto.com.br\/index.php\/2024\/08\/06\/homem-morre-apos-perseguicao-policial-e-troca-de-tiros-na-regiao-de-ribeirao\/","url_meta":{"origin":81513,"position":5},"title":"Homem morre ap\u00f3s persegui\u00e7\u00e3o policial e troca de tiros na regi\u00e3o de Ribeir\u00e3o","author":"noticiasribeiraopreto.com.br","date":"6 de August de 2024","format":false,"excerpt":"*Mat\u00e9ria em atualiza\u00e7\u00e3oUm homem morreu ap\u00f3s uma persegui\u00e7\u00e3o policial e troca de tiros em Sert\u00e3ozinho, cidade na regi\u00e3o de Ribeir\u00e3o Preto, na noite desta ter\u00e7a-feira (6). De acordo com as primeiras informa\u00e7\u00f5es, a suspeita \u00e9 de que o homem teria roubado um carro em uma avenida da cidade. As equipes\u2026","rel":"","context":"In &quot;Not\u00edcias de Ribeir\u00e3o Preto-SP e Regi\u00e3o&quot;","block_context":{"text":"Not\u00edcias de Ribeir\u00e3o Preto-SP e Regi\u00e3o","link":"https:\/\/noticiasribeiraopreto.com.br\/index.php\/category\/noticias-de-ribeirao-preto-sp-e-regiao-ismael-colosi\/"},"img":{"alt_text":"","src":"https:\/\/i0.wp.com\/noticiasribeiraopreto.com.br\/wp-content\/uploads\/2024\/08\/IMG_3567_2024-08-07_01-09-49_jpeg_2024-08-07_01-09-51-scaled.webp.webp?fit=1200%2C900&ssl=1&resize=350%2C200","width":350,"height":200,"srcset":"https:\/\/i0.wp.com\/noticiasribeiraopreto.com.br\/wp-content\/uploads\/2024\/08\/IMG_3567_2024-08-07_01-09-49_jpeg_2024-08-07_01-09-51-scaled.webp.webp?fit=1200%2C900&ssl=1&resize=350%2C200 1x, https:\/\/i0.wp.com\/noticiasribeiraopreto.com.br\/wp-content\/uploads\/2024\/08\/IMG_3567_2024-08-07_01-09-49_jpeg_2024-08-07_01-09-51-scaled.webp.webp?fit=1200%2C900&ssl=1&resize=525%2C300 1.5x, https:\/\/i0.wp.com\/noticiasribeiraopreto.com.br\/wp-content\/uploads\/2024\/08\/IMG_3567_2024-08-07_01-09-49_jpeg_2024-08-07_01-09-51-scaled.webp.webp?fit=1200%2C900&ssl=1&resize=700%2C400 2x, https:\/\/i0.wp.com\/noticiasribeiraopreto.com.br\/wp-content\/uploads\/2024\/08\/IMG_3567_2024-08-07_01-09-49_jpeg_2024-08-07_01-09-51-scaled.webp.webp?fit=1200%2C900&ssl=1&resize=1050%2C600 3x"},"classes":[]}],"jetpack_sharing_enabled":true,"jetpack_shortlink":"https:\/\/wp.me\/peQAOb-lcJ","_links":{"self":[{"href":"https:\/\/noticiasribeiraopreto.com.br\/index.php\/wp-json\/wp\/v2\/posts\/81513","targetHints":{"allow":["GET"]}}],"collection":[{"href":"https:\/\/noticiasribeiraopreto.com.br\/index.php\/wp-json\/wp\/v2\/posts"}],"about":[{"href":"https:\/\/noticiasribeiraopreto.com.br\/index.php\/wp-json\/wp\/v2\/types\/post"}],"author":[{"embeddable":true,"href":"https:\/\/noticiasribeiraopreto.com.br\/index.php\/wp-json\/wp\/v2\/users\/1"}],"replies":[{"embeddable":true,"href":"https:\/\/noticiasribeiraopreto.com.br\/index.php\/wp-json\/wp\/v2\/comments?post=81513"}],"version-history":[{"count":0,"href":"https:\/\/noticiasribeiraopreto.com.br\/index.php\/wp-json\/wp\/v2\/posts\/81513\/revisions"}],"wp:featuredmedia":[{"embeddable":true,"href":"https:\/\/noticiasribeiraopreto.com.br\/index.php\/wp-json\/wp\/v2\/media\/81514"}],"wp:attachment":[{"href":"https:\/\/noticiasribeiraopreto.com.br\/index.php\/wp-json\/wp\/v2\/media?parent=81513"}],"wp:term":[{"taxonomy":"category","embeddable":true,"href":"https:\/\/noticiasribeiraopreto.com.br\/index.php\/wp-json\/wp\/v2\/categories?post=81513"},{"taxonomy":"post_tag","embeddable":true,"href":"https:\/\/noticiasribeiraopreto.com.br\/index.php\/wp-json\/wp\/v2\/tags?post=81513"}],"curies":[{"name":"wp","href":"https:\/\/api.w.org\/{rel}","templated":true}]}}