{"id":81515,"date":"2026-01-08T08:16:31","date_gmt":"2026-01-08T11:16:31","guid":{"rendered":"https:\/\/noticiasribeiraopreto.com.br\/index.php\/2026\/01\/08\/avenidas-da-zona-norte-de-ribeirao-preto-recebem-acao-de-regularizacao-de-fios-soltos\/"},"modified":"2026-01-08T08:16:31","modified_gmt":"2026-01-08T11:16:31","slug":"avenidas-da-zona-norte-de-ribeirao-preto-recebem-acao-de-regularizacao-de-fios-soltos","status":"publish","type":"post","link":"https:\/\/noticiasribeiraopreto.com.br\/index.php\/2026\/01\/08\/avenidas-da-zona-norte-de-ribeirao-preto-recebem-acao-de-regularizacao-de-fios-soltos\/","title":{"rendered":"Avenidas da zona Norte de Ribeir\u00e3o Preto recebem a\u00e7\u00e3o de regulariza\u00e7\u00e3o de fios soltos"},"content":{"rendered":"<div class='code-block code-block-1' style='margin: 8px 0 8px auto; text-align: right; display: block; clear: both;'>\n<p><a href=\"https:\/\/wa.link\/vpicfd\"><img data-recalc-dims=\"1\" class=\"wp-image-4922\" style=\"aspect-ratio: 2.0253164556962027; width: 561px; height: auto;\" src=\"https:\/\/i0.wp.com\/ismaelcolosi.com.br\/wp-content\/uploads\/2023\/11\/grupo-de-empregos-whatsapp-e-facebook-ismael-colosi-vagas.jpg?ssl=1\" alt=\"\" \/><\/a><\/p>\n<!-- \/wp:image -->\n<\/div>\n<p> <br \/>\n<\/p>\n<div>\n<p>A <strong><a href=\"https:\/\/www.ribeiraopreto.sp.gov.br\/\" data-type=\"link\" data-id=\"https:\/\/www.ribeiraopreto.sp.gov.br\/\" target=\"_blank\" rel=\"noopener\">Prefeitura de Ribeir\u00e3o Preto <\/a><\/strong>iniciou, nesta semana, a regulariza\u00e7\u00e3o de fios soltos de telecomunica\u00e7\u00f5es em avenidas da regi\u00e3o Norte. Os servi\u00e7os come\u00e7aram na \u00faltima segunda-feira (5) e s\u00e3o executados nas <strong>avenidas Brasil<\/strong> e <strong>Thomaz Alberto Whately<\/strong> e supervisionados pela <strong>Coinfarp (Comiss\u00e3o de Infraestrutura A\u00e9rea de Ribeir\u00e3o Preto)<\/strong>.<\/p>\n<p>Segundo a secret\u00e1ria de Infraestrutura e Zeladoria, <strong>Juliana Ogawa<\/strong>, o cronograma prioriza avenidas com grande fluxo de ve\u00edculos e pedestres. O servi\u00e7o j\u00e1 passou pelas avenidas Nove de Julho, Portugal, Paschoal Innecchi, Jer\u00f4nimo Gon\u00e7alves e no entorno do Aeroporto Leite Lopes.<\/p>\n<p>Em outras vias, como Independ\u00eancia, Patriarca, C\u00e1sper L\u00edbero, Pedreira de Freitas, Dom Pedro, Francisco Junqueira e Meira J\u00fanior, a adequa\u00e7\u00e3o foi realizada de forma parcial, e todas j\u00e1 est\u00e3o inclu\u00eddas na programa\u00e7\u00e3o para finaliza\u00e7\u00e3o dos servi\u00e7os.<\/p>\n<h2 class=\"wp-block-heading\"><strong>No Centro<\/strong><\/h2>\n<p>As a\u00e7\u00f5es tiveram in\u00edcio em agosto de 2025, com interven\u00e7\u00f5es no quadril\u00e1tero Central, e posteriormente foram ampliadas para o Parque Ribeir\u00e3o Preto. O objetivo \u00e9 promover mais seguran\u00e7a e melhorar a paisagem urbana e reduzir riscos relacionados \u00e0 fia\u00e7\u00e3o irregular.<\/p>\n<p>O Coinfarp \u00e9 respons\u00e1vel pela fiscaliza\u00e7\u00e3o dos servi\u00e7os e conta com a participa\u00e7\u00e3o das secretarias da Casa Civil, Planejamento, Obras P\u00fablicas e Fiscaliza\u00e7\u00e3o Geral, al\u00e9m da <strong>Guarda Civil Metropolitana<\/strong> e da <strong>RP Mobi<\/strong>.<\/p>\n<p>A opera\u00e7\u00e3o \u00e9 organizada pela <strong>CPFL<\/strong>, respons\u00e1vel pela coordena\u00e7\u00e3o t\u00e9cnica dos trabalhos, enquanto as empresas de telefonia e telecomunica\u00e7\u00f5es executam a retirada e adequa\u00e7\u00e3o dos cabos excedentes ou em desacordo com as normas vigentes.<\/p>\n<p>SAIBA MAIS<br \/>Vem chuva? Confira a previs\u00e3o do tempo nesta quarta-feira em Ribeir\u00e3o Preto<\/p>\n<h2 class=\"wp-block-heading\"><strong>FIQUE ON<\/strong><\/h2>\n<p>Fique ligado em tudo que acontece em Ribeir\u00e3o Preto e regi\u00e3o. Siga os perfis do\u00a0<strong>acidade on\u00a0<\/strong>no\u00a0<a href=\"https:\/\/www.instagram.com\/acidadeonribeirao\" target=\"_blank\" rel=\"noreferrer noopener\">Instagram<\/a>\u00a0e no\u00a0<a href=\"https:\/\/www.facebook.com\/acidadeonribeirao\/\" target=\"_blank\" rel=\"noreferrer noopener\">Facebook<\/a>.<\/p>\n<p>Receba not\u00edcias do\u00a0<strong>acidade on<\/strong>\u00a0no WhatsApp. Para entrar no grupo,\u00a0basta\u00a0<a href=\"https:\/\/chat.whatsapp.com\/GFH9HUMUTHNFJdnyEd0xxq\" target=\"_blank\" rel=\"noreferrer noopener\">clicar aqui<\/a>. Ou, acesse o nosso\u00a0Canal\u00a0<a href=\"https:\/\/whatsapp.com\/channel\/0029Vb6IQl1JENyAeS57fk2p\" target=\"_blank\" rel=\"noreferrer noopener\">clicando aqui<\/a>.<\/p>\n<p>Fa\u00e7a uma den\u00fancia ou sugira uma reportagem sobre Ribeir\u00e3o Preto e regi\u00e3o pelo WhatsApp: 16 99117 7802.<\/p>\n<p>VEJA TAMB\u00c9M<br \/>BBB 26: como funciona o Cartola, novo fantasy game do reality?<\/p>\n<p><!-- AI CONTENT END 1 -->\n<\/div>\n<p><script async src=\"\/\/www.instagram.com\/embed.js\"><\/script><br \/>\n<br \/><br \/>\n<br \/><a href=\"https:\/\/www.acidadeon.com\/ribeiraopreto\/cotidiano\/avenidas-da-zona-norte-de-ribeirao-preto-recebem-acao-de-regularizacao-de-fios-soltos\/\">Source link <\/a><\/p>\n<!-- CONTENT END 1 -->\n","protected":false},"excerpt":{"rendered":"<p>A Prefeitura de Ribeir\u00e3o Preto iniciou, nesta semana, a regulariza\u00e7\u00e3o de fios soltos de telecomunica\u00e7\u00f5es em avenidas da regi\u00e3o Norte. Os servi\u00e7os come\u00e7aram na \u00faltima&#8230;<\/p>\n","protected":false},"author":1,"featured_media":81516,"comment_status":"open","ping_status":"open","sticky":false,"template":"","format":"standard","meta":{"advanced_seo_description":"","jetpack_seo_html_title":"","jetpack_seo_noindex":false,"jetpack_post_was_ever_published":false,"_jetpack_newsletter_access":"","_jetpack_dont_email_post_to_subs":false,"_jetpack_newsletter_tier_id":0,"_jetpack_memberships_contains_paywalled_content":false,"_jetpack_memberships_contains_paid_content":false,"footnotes":"","jetpack_publicize_message":"","jetpack_publicize_feature_enabled":true,"jetpack_social_post_already_shared":true,"jetpack_social_options":{"image_generator_settings":{"template":"highway","default_image_id":0,"font":"","enabled":false},"version":2}},"categories":[11],"tags":[],"class_list":["post-81515","post","type-post","status-publish","format-standard","has-post-thumbnail","hentry","category-noticias-de-ribeirao-preto-sp-e-regiao-ismael-colosi"],"jetpack_publicize_connections":[],"jetpack_featured_media_url":"https:\/\/i0.wp.com\/noticiasribeiraopreto.com.br\/wp-content\/uploads\/2026\/01\/fios-soltos_2026-01-07_19-52-21.webp.webp?fit=1200%2C800&ssl=1","jetpack-related-posts":[{"id":75806,"url":"https:\/\/noticiasribeiraopreto.com.br\/index.php\/2025\/08\/15\/regularizacao-de-fios-soltos-sera-realizada-em-avenidas-de-ribeirao-preto\/","url_meta":{"origin":81515,"position":0},"title":"Regulariza\u00e7\u00e3o de fios soltos ser\u00e1 realizada em avenidas de Ribeir\u00e3o Preto","author":"noticiasribeiraopreto.com.br","date":"15 de August de 2025","format":false,"excerpt":"A Secretaria de Infraestrutura come\u00e7a neste s\u00e1bado (16) a regulariza\u00e7\u00e3o de fios de telecomunica\u00e7\u00f5es soltos em avenidas de Ribeir\u00e3o Preto. A avenida Portugal \u00e9 a primeira que ser\u00e1 atendida e os trabalhos acontecem no per\u00edodo das 8h \u00e0s 17h. O servi\u00e7o acontece no trecho entre as avenidas Ant\u00f4nio Diederischen e\u2026","rel":"","context":"In &quot;Not\u00edcias de Ribeir\u00e3o Preto-SP e Regi\u00e3o&quot;","block_context":{"text":"Not\u00edcias de Ribeir\u00e3o Preto-SP e Regi\u00e3o","link":"https:\/\/noticiasribeiraopreto.com.br\/index.php\/category\/noticias-de-ribeirao-preto-sp-e-regiao-ismael-colosi\/"},"img":{"alt_text":"","src":"https:\/\/i0.wp.com\/noticiasribeiraopreto.com.br\/wp-content\/uploads\/2025\/08\/regularizacao-fios_2025-08-15_15-30-05.webp.webp?fit=1200%2C799&ssl=1&resize=350%2C200","width":350,"height":200,"srcset":"https:\/\/i0.wp.com\/noticiasribeiraopreto.com.br\/wp-content\/uploads\/2025\/08\/regularizacao-fios_2025-08-15_15-30-05.webp.webp?fit=1200%2C799&ssl=1&resize=350%2C200 1x, https:\/\/i0.wp.com\/noticiasribeiraopreto.com.br\/wp-content\/uploads\/2025\/08\/regularizacao-fios_2025-08-15_15-30-05.webp.webp?fit=1200%2C799&ssl=1&resize=525%2C300 1.5x, https:\/\/i0.wp.com\/noticiasribeiraopreto.com.br\/wp-content\/uploads\/2025\/08\/regularizacao-fios_2025-08-15_15-30-05.webp.webp?fit=1200%2C799&ssl=1&resize=700%2C400 2x, https:\/\/i0.wp.com\/noticiasribeiraopreto.com.br\/wp-content\/uploads\/2025\/08\/regularizacao-fios_2025-08-15_15-30-05.webp.webp?fit=1200%2C799&ssl=1&resize=1050%2C600 3x"},"classes":[]},{"id":81513,"url":"https:\/\/noticiasribeiraopreto.com.br\/index.php\/2026\/01\/08\/retirada-de-fios-soltos-comeca-em-vias-da-regiao-norte-de-ribeirao\/","url_meta":{"origin":81515,"position":1},"title":"Retirada de fios soltos come\u00e7a em vias da regi\u00e3o Norte de Ribeir\u00e3o","author":"noticiasribeiraopreto.com.br","date":"8 de January de 2026","format":false,"excerpt":"\r \r \r 8 de janeiro de 2026 08:08 \r Compartilhar0 Trabalhos fazem parte de reorganiza\u00e7\u00e3o da infraestrutura a\u00e9rea da cidade A regulariza\u00e7\u00e3o de fios soltos de telecomunica\u00e7\u00f5es foi iniciada nesta semana em avenidas da regi\u00e3o Norte de Ribeir\u00e3o Preto. Os trabalhos come\u00e7aram na segunda-feira (5) e est\u00e3o sendo realizados\u2026","rel":"","context":"In &quot;Not\u00edcias de Ribeir\u00e3o Preto-SP e Regi\u00e3o&quot;","block_context":{"text":"Not\u00edcias de Ribeir\u00e3o Preto-SP e Regi\u00e3o","link":"https:\/\/noticiasribeiraopreto.com.br\/index.php\/category\/noticias-de-ribeirao-preto-sp-e-regiao-ismael-colosi\/"},"img":{"alt_text":"","src":"https:\/\/i0.wp.com\/noticiasribeiraopreto.com.br\/wp-content\/uploads\/2026\/01\/2-regularizacao-fios_fernandogonzaga_0701-scaled.jpg?fit=1170%2C780&ssl=1&resize=350%2C200","width":350,"height":200,"srcset":"https:\/\/i0.wp.com\/noticiasribeiraopreto.com.br\/wp-content\/uploads\/2026\/01\/2-regularizacao-fios_fernandogonzaga_0701-scaled.jpg?fit=1170%2C780&ssl=1&resize=350%2C200 1x, https:\/\/i0.wp.com\/noticiasribeiraopreto.com.br\/wp-content\/uploads\/2026\/01\/2-regularizacao-fios_fernandogonzaga_0701-scaled.jpg?fit=1170%2C780&ssl=1&resize=525%2C300 1.5x, https:\/\/i0.wp.com\/noticiasribeiraopreto.com.br\/wp-content\/uploads\/2026\/01\/2-regularizacao-fios_fernandogonzaga_0701-scaled.jpg?fit=1170%2C780&ssl=1&resize=700%2C400 2x, https:\/\/i0.wp.com\/noticiasribeiraopreto.com.br\/wp-content\/uploads\/2026\/01\/2-regularizacao-fios_fernandogonzaga_0701-scaled.jpg?fit=1170%2C780&ssl=1&resize=1050%2C600 3x"},"classes":[]},{"id":70215,"url":"https:\/\/noticiasribeiraopreto.com.br\/index.php\/2025\/05\/23\/saiba-quando-comeca-a-regularizacao-dos-fios-soltos-no-centro-de-ribeirao-preto\/","url_meta":{"origin":81515,"position":2},"title":"Saiba quando come\u00e7a a regulariza\u00e7\u00e3o dos fios soltos no Centro de Ribeir\u00e3o Preto","author":"noticiasribeiraopreto.com.br","date":"23 de May de 2025","format":false,"excerpt":"A Prefeitura de Ribeir\u00e3o Preto, por meio da Secretaria de Infraestrutura, vai come\u00e7ar a regulariza\u00e7\u00e3o dos fios soltos de internet e telefonia na regi\u00e3o central no dia 2 de junho. A iniciativa visa eliminar os cabos soltos e desorganizados que representam riscos para pedestres e ve\u00edculos. A primeira etapa acontecer\u00e1\u2026","rel":"","context":"In &quot;Not\u00edcias de Ribeir\u00e3o Preto-SP e Regi\u00e3o&quot;","block_context":{"text":"Not\u00edcias de Ribeir\u00e3o Preto-SP e Regi\u00e3o","link":"https:\/\/noticiasribeiraopreto.com.br\/index.php\/category\/noticias-de-ribeirao-preto-sp-e-regiao-ismael-colosi\/"},"img":{"alt_text":"","src":"https:\/\/i0.wp.com\/noticiasribeiraopreto.com.br\/wp-content\/uploads\/2025\/05\/design_sem_nome_x30x.jpg?fit=1200%2C603&ssl=1&resize=350%2C200","width":350,"height":200,"srcset":"https:\/\/i0.wp.com\/noticiasribeiraopreto.com.br\/wp-content\/uploads\/2025\/05\/design_sem_nome_x30x.jpg?fit=1200%2C603&ssl=1&resize=350%2C200 1x, https:\/\/i0.wp.com\/noticiasribeiraopreto.com.br\/wp-content\/uploads\/2025\/05\/design_sem_nome_x30x.jpg?fit=1200%2C603&ssl=1&resize=525%2C300 1.5x, https:\/\/i0.wp.com\/noticiasribeiraopreto.com.br\/wp-content\/uploads\/2025\/05\/design_sem_nome_x30x.jpg?fit=1200%2C603&ssl=1&resize=700%2C400 2x, https:\/\/i0.wp.com\/noticiasribeiraopreto.com.br\/wp-content\/uploads\/2025\/05\/design_sem_nome_x30x.jpg?fit=1200%2C603&ssl=1&resize=1050%2C600 3x"},"classes":[]},{"id":70256,"url":"https:\/\/noticiasribeiraopreto.com.br\/index.php\/2025\/05\/24\/fios-soltos-serao-retirados-em-junho\/","url_meta":{"origin":81515,"position":3},"title":"Fios soltos ser\u00e3o retirados em junho\u00a0","author":"noticiasribeiraopreto.com.br","date":"24 de May de 2025","format":false,"excerpt":"24 de maio de 2025 09:3023 de maio de 2025 18:469 Compartilhar0 A prefeitura de Ribeir\u00e3o Preto, por meio da Comiss\u00e3o de Infraestrutura A\u00e9rea (Coinfarp) da Secretaria Municipal de Infraestrutura, definiu o cronograma de regulariza\u00e7\u00e3o dos fios soltos de internet e telefonia na regi\u00e3o Central da cidade.\u00a0 A primeira etapa\u2026","rel":"","context":"In &quot;Not\u00edcias de Ribeir\u00e3o Preto-SP e Regi\u00e3o&quot;","block_context":{"text":"Not\u00edcias de Ribeir\u00e3o Preto-SP e Regi\u00e3o","link":"https:\/\/noticiasribeiraopreto.com.br\/index.php\/category\/noticias-de-ribeirao-preto-sp-e-regiao-ismael-colosi\/"},"img":{"alt_text":"","src":"https:\/\/i0.wp.com\/noticiasribeiraopreto.com.br\/wp-content\/uploads\/2025\/05\/FiacaoRP-Divulgacao.jpg?fit=1000%2C666&ssl=1&resize=350%2C200","width":350,"height":200,"srcset":"https:\/\/i0.wp.com\/noticiasribeiraopreto.com.br\/wp-content\/uploads\/2025\/05\/FiacaoRP-Divulgacao.jpg?fit=1000%2C666&ssl=1&resize=350%2C200 1x, https:\/\/i0.wp.com\/noticiasribeiraopreto.com.br\/wp-content\/uploads\/2025\/05\/FiacaoRP-Divulgacao.jpg?fit=1000%2C666&ssl=1&resize=525%2C300 1.5x, https:\/\/i0.wp.com\/noticiasribeiraopreto.com.br\/wp-content\/uploads\/2025\/05\/FiacaoRP-Divulgacao.jpg?fit=1000%2C666&ssl=1&resize=700%2C400 2x"},"classes":[]},{"id":82528,"url":"https:\/\/noticiasribeiraopreto.com.br\/index.php\/2026\/02\/18\/motociclista-morre-apos-se-enroscar-em-fio-solto-e-bater-em-poste\/","url_meta":{"origin":81515,"position":4},"title":"Motociclista morre ap\u00f3s se enroscar em fio solto e bater em poste","author":"noticiasribeiraopreto.com.br","date":"18 de February de 2026","format":false,"excerpt":"Um motociclista de 49 anos morreu na manh\u00e3 desta quarta-feira (18), depois de se enroscar em um fio e bater contra um poste no Jardim Petr\u00e1glia, em Franca, a 80 quil\u00f4metros de Ribeir\u00e3o Preto. Assista ao v\u00eddeo abaixo. De acordo com informa\u00e7\u00f5es, a v\u00edtima teria se enroscado em um fio\u2026","rel":"","context":"In &quot;Not\u00edcias de Ribeir\u00e3o Preto-SP e Regi\u00e3o&quot;","block_context":{"text":"Not\u00edcias de Ribeir\u00e3o Preto-SP e Regi\u00e3o","link":"https:\/\/noticiasribeiraopreto.com.br\/index.php\/category\/noticias-de-ribeirao-preto-sp-e-regiao-ismael-colosi\/"},"img":{"alt_text":"","src":"https:\/\/i0.wp.com\/noticiasribeiraopreto.com.br\/wp-content\/uploads\/2026\/02\/MOTO_2026-02-18_11-29-26.webp.webp?fit=1200%2C662&ssl=1&resize=350%2C200","width":350,"height":200,"srcset":"https:\/\/i0.wp.com\/noticiasribeiraopreto.com.br\/wp-content\/uploads\/2026\/02\/MOTO_2026-02-18_11-29-26.webp.webp?fit=1200%2C662&ssl=1&resize=350%2C200 1x, https:\/\/i0.wp.com\/noticiasribeiraopreto.com.br\/wp-content\/uploads\/2026\/02\/MOTO_2026-02-18_11-29-26.webp.webp?fit=1200%2C662&ssl=1&resize=525%2C300 1.5x, https:\/\/i0.wp.com\/noticiasribeiraopreto.com.br\/wp-content\/uploads\/2026\/02\/MOTO_2026-02-18_11-29-26.webp.webp?fit=1200%2C662&ssl=1&resize=700%2C400 2x, https:\/\/i0.wp.com\/noticiasribeiraopreto.com.br\/wp-content\/uploads\/2026\/02\/MOTO_2026-02-18_11-29-26.webp.webp?fit=1200%2C662&ssl=1&resize=1050%2C600 3x"},"classes":[]},{"id":78818,"url":"https:\/\/noticiasribeiraopreto.com.br\/index.php\/2025\/10\/18\/ribeirao-preto-registra-quedas-de-arvores-e-poste-na-tarde-deste-sabado-veja-os-locais\/","url_meta":{"origin":81515,"position":5},"title":"Ribeir\u00e3o Preto registra quedas de \u00e1rvores e poste na tarde deste s\u00e1bado; Veja os locais","author":"noticiasribeiraopreto.com.br","date":"18 de October de 2025","format":false,"excerpt":"A RP Mobi, empresa respons\u00e1vel pelo tr\u00e2nsito em Ribeir\u00e3o Preto, registrou diversas ocorr\u00eancias por conta da chuva que atingiu a cidade na tarde deste s\u00e1bado (18). Houve quedas de \u00e1rvores, poste e sem\u00e1foros desligados. \u00c0s 15h, a velocidade do vento chegou a 65 km\/h em Ribeir\u00e3o Preto. Quedas de \u00e1rvores\u2026","rel":"","context":"In &quot;Not\u00edcias de Ribeir\u00e3o Preto-SP e Regi\u00e3o&quot;","block_context":{"text":"Not\u00edcias de Ribeir\u00e3o Preto-SP e Regi\u00e3o","link":"https:\/\/noticiasribeiraopreto.com.br\/index.php\/category\/noticias-de-ribeirao-preto-sp-e-regiao-ismael-colosi\/"},"img":{"alt_text":"","src":"https:\/\/i0.wp.com\/noticiasribeiraopreto.com.br\/wp-content\/uploads\/2025\/10\/chuva-rp-mobi_2025-10-18_20-09-23.webp.webp?fit=1200%2C674&ssl=1&resize=350%2C200","width":350,"height":200,"srcset":"https:\/\/i0.wp.com\/noticiasribeiraopreto.com.br\/wp-content\/uploads\/2025\/10\/chuva-rp-mobi_2025-10-18_20-09-23.webp.webp?fit=1200%2C674&ssl=1&resize=350%2C200 1x, https:\/\/i0.wp.com\/noticiasribeiraopreto.com.br\/wp-content\/uploads\/2025\/10\/chuva-rp-mobi_2025-10-18_20-09-23.webp.webp?fit=1200%2C674&ssl=1&resize=525%2C300 1.5x, https:\/\/i0.wp.com\/noticiasribeiraopreto.com.br\/wp-content\/uploads\/2025\/10\/chuva-rp-mobi_2025-10-18_20-09-23.webp.webp?fit=1200%2C674&ssl=1&resize=700%2C400 2x, https:\/\/i0.wp.com\/noticiasribeiraopreto.com.br\/wp-content\/uploads\/2025\/10\/chuva-rp-mobi_2025-10-18_20-09-23.webp.webp?fit=1200%2C674&ssl=1&resize=1050%2C600 3x"},"classes":[]}],"jetpack_sharing_enabled":true,"jetpack_shortlink":"https:\/\/wp.me\/peQAOb-lcL","_links":{"self":[{"href":"https:\/\/noticiasribeiraopreto.com.br\/index.php\/wp-json\/wp\/v2\/posts\/81515","targetHints":{"allow":["GET"]}}],"collection":[{"href":"https:\/\/noticiasribeiraopreto.com.br\/index.php\/wp-json\/wp\/v2\/posts"}],"about":[{"href":"https:\/\/noticiasribeiraopreto.com.br\/index.php\/wp-json\/wp\/v2\/types\/post"}],"author":[{"embeddable":true,"href":"https:\/\/noticiasribeiraopreto.com.br\/index.php\/wp-json\/wp\/v2\/users\/1"}],"replies":[{"embeddable":true,"href":"https:\/\/noticiasribeiraopreto.com.br\/index.php\/wp-json\/wp\/v2\/comments?post=81515"}],"version-history":[{"count":0,"href":"https:\/\/noticiasribeiraopreto.com.br\/index.php\/wp-json\/wp\/v2\/posts\/81515\/revisions"}],"wp:featuredmedia":[{"embeddable":true,"href":"https:\/\/noticiasribeiraopreto.com.br\/index.php\/wp-json\/wp\/v2\/media\/81516"}],"wp:attachment":[{"href":"https:\/\/noticiasribeiraopreto.com.br\/index.php\/wp-json\/wp\/v2\/media?parent=81515"}],"wp:term":[{"taxonomy":"category","embeddable":true,"href":"https:\/\/noticiasribeiraopreto.com.br\/index.php\/wp-json\/wp\/v2\/categories?post=81515"},{"taxonomy":"post_tag","embeddable":true,"href":"https:\/\/noticiasribeiraopreto.com.br\/index.php\/wp-json\/wp\/v2\/tags?post=81515"}],"curies":[{"name":"wp","href":"https:\/\/api.w.org\/{rel}","templated":true}]}}