{"id":81519,"date":"2026-01-08T08:27:45","date_gmt":"2026-01-08T11:27:45","guid":{"rendered":"https:\/\/noticiasribeiraopreto.com.br\/index.php\/2026\/01\/08\/catedral-metropolitana-reabre-e-retoma-missas-em-ribeirao-preto\/"},"modified":"2026-01-08T08:27:45","modified_gmt":"2026-01-08T11:27:45","slug":"catedral-metropolitana-reabre-e-retoma-missas-em-ribeirao-preto","status":"publish","type":"post","link":"https:\/\/noticiasribeiraopreto.com.br\/index.php\/2026\/01\/08\/catedral-metropolitana-reabre-e-retoma-missas-em-ribeirao-preto\/","title":{"rendered":"Catedral Metropolitana reabre e retoma missas em Ribeir\u00e3o Preto"},"content":{"rendered":"<div class='code-block code-block-1' style='margin: 8px 0 8px auto; text-align: right; display: block; clear: both;'>\n<p><a href=\"https:\/\/wa.link\/vpicfd\"><img data-recalc-dims=\"1\" class=\"wp-image-4922\" style=\"aspect-ratio: 2.0253164556962027; width: 561px; height: auto;\" src=\"https:\/\/i0.wp.com\/ismaelcolosi.com.br\/wp-content\/uploads\/2023\/11\/grupo-de-empregos-whatsapp-e-facebook-ismael-colosi-vagas.jpg?ssl=1\" alt=\"\" \/><\/a><\/p>\n<!-- \/wp:image -->\n<\/div>\n<p> <br \/>\n<\/p>\n<div>\n<p>A <strong>Catedral Metropolitana de Ribeir\u00e3o Preto reabriu oficialmente nesta ter\u00e7a-feira (6)<\/strong> e retomou os <strong>hor\u00e1rios regulares de missas<\/strong>, <strong>celebra\u00e7\u00f5es <\/strong>e <strong>atendimento aos fi\u00e9is.<\/strong><\/p>\n<p>A administra\u00e7\u00e3o suspendeu as atividades religiosas e a visita\u00e7\u00e3o p\u00fablica no dia 19 de dezembro ap\u00f3s identificar problemas estruturais no pr\u00e9dio. Entre as ocorr\u00eancias, t\u00e9cnicos constataram movimenta\u00e7\u00e3o na torre e o avan\u00e7o de rachaduras j\u00e1 existentes, fatores que elevaram o risco para fi\u00e9is, visitantes e trabalhadores.<\/p>\n<p>Por motivos de seguran\u00e7a, os respons\u00e1veis decidiram interromper o funcionamento do templo, sobretudo pela proximidade das festas de fim de ano. O per\u00edodo costuma registrar aumento no fluxo de pessoas, especialmente durante as celebra\u00e7\u00f5es de Natal, o que poderia agravar os riscos no local.<\/p>\n<figure class=\"wp-block-gallery has-nested-images columns-default is-cropped wp-block-gallery-1 is-layout-flex wp-block-gallery-is-layout-flex\">\n<figure class=\"wp-block-image size-large\"><img data-recalc-dims=\"1\" fetchpriority=\"high\" decoding=\"async\" width=\"576\" height=\"1024\" data-id=\"141460\" src=\"https:\/\/i0.wp.com\/cdn.media-acidadeon.com.br\/ribeiraopreto\/wp-content\/uploads\/sites\/3\/2026\/01\/image_2026-01-07_19-43-16-576x1024.webp?resize=576%2C1024&#038;ssl=1\" alt=\"catedral&#10;\" class=\"wp-image-141460\" title=\"Catedral Metropolitana reabre e retoma missas em Ribeir\u00e3o Preto 1\" srcset=\"https:\/\/cdn.media-acidadeon.com.br\/ribeiraopreto\/wp-content\/uploads\/sites\/3\/2026\/01\/image_2026-01-07_19-43-16-576x1024.webp 576w, https:\/\/cdn.media-acidadeon.com.br\/ribeiraopreto\/wp-content\/uploads\/sites\/3\/2026\/01\/image_2026-01-07_19-43-16-169x300.webp 169w, https:\/\/cdn.media-acidadeon.com.br\/ribeiraopreto\/wp-content\/uploads\/sites\/3\/2026\/01\/image_2026-01-07_19-43-16-768x1365.webp 768w, https:\/\/cdn.media-acidadeon.com.br\/ribeiraopreto\/wp-content\/uploads\/sites\/3\/2026\/01\/image_2026-01-07_19-43-16-864x1536.webp 864w, https:\/\/cdn.media-acidadeon.com.br\/ribeiraopreto\/wp-content\/uploads\/sites\/3\/2026\/01\/image_2026-01-07_19-43-16-696x1237.webp 696w, https:\/\/cdn.media-acidadeon.com.br\/ribeiraopreto\/wp-content\/uploads\/sites\/3\/2026\/01\/image_2026-01-07_19-43-16.webp 900w\" sizes=\"(max-width: 576px) 100vw, 576px\"\/><\/figure>\n<figure class=\"wp-block-image size-large\"><img data-recalc-dims=\"1\" loading=\"lazy\" decoding=\"async\" width=\"576\" height=\"1024\" data-id=\"141459\" src=\"https:\/\/i0.wp.com\/cdn.media-acidadeon.com.br\/ribeiraopreto\/wp-content\/uploads\/sites\/3\/2026\/01\/image_2026-01-07_19-43-02-576x1024.webp?resize=576%2C1024&#038;ssl=1\" alt=\"catedral&#10;\" class=\"wp-image-141459\" title=\"Catedral Metropolitana reabre e retoma missas em Ribeir\u00e3o Preto 2\" srcset=\"https:\/\/cdn.media-acidadeon.com.br\/ribeiraopreto\/wp-content\/uploads\/sites\/3\/2026\/01\/image_2026-01-07_19-43-02-576x1024.webp 576w, https:\/\/cdn.media-acidadeon.com.br\/ribeiraopreto\/wp-content\/uploads\/sites\/3\/2026\/01\/image_2026-01-07_19-43-02-169x300.webp 169w, https:\/\/cdn.media-acidadeon.com.br\/ribeiraopreto\/wp-content\/uploads\/sites\/3\/2026\/01\/image_2026-01-07_19-43-02-768x1365.webp 768w, https:\/\/cdn.media-acidadeon.com.br\/ribeiraopreto\/wp-content\/uploads\/sites\/3\/2026\/01\/image_2026-01-07_19-43-02-864x1536.webp 864w, https:\/\/cdn.media-acidadeon.com.br\/ribeiraopreto\/wp-content\/uploads\/sites\/3\/2026\/01\/image_2026-01-07_19-43-02-696x1237.webp 696w, https:\/\/cdn.media-acidadeon.com.br\/ribeiraopreto\/wp-content\/uploads\/sites\/3\/2026\/01\/image_2026-01-07_19-43-02.webp 900w\" sizes=\"auto, (max-width: 576px) 100vw, 576px\"\/><\/figure>\n<figure class=\"wp-block-image size-large\"><img data-recalc-dims=\"1\" loading=\"lazy\" decoding=\"async\" width=\"576\" height=\"1024\" data-id=\"141458\" src=\"https:\/\/i0.wp.com\/cdn.media-acidadeon.com.br\/ribeiraopreto\/wp-content\/uploads\/sites\/3\/2026\/01\/image_2026-01-07_19-42-51-576x1024.webp?resize=576%2C1024&#038;ssl=1\" alt=\"catedral&#10;\" class=\"wp-image-141458\" title=\"Catedral Metropolitana reabre e retoma missas em Ribeir\u00e3o Preto 3\" srcset=\"https:\/\/cdn.media-acidadeon.com.br\/ribeiraopreto\/wp-content\/uploads\/sites\/3\/2026\/01\/image_2026-01-07_19-42-51-576x1024.webp 576w, https:\/\/cdn.media-acidadeon.com.br\/ribeiraopreto\/wp-content\/uploads\/sites\/3\/2026\/01\/image_2026-01-07_19-42-51-169x300.webp 169w, https:\/\/cdn.media-acidadeon.com.br\/ribeiraopreto\/wp-content\/uploads\/sites\/3\/2026\/01\/image_2026-01-07_19-42-51-768x1365.webp 768w, https:\/\/cdn.media-acidadeon.com.br\/ribeiraopreto\/wp-content\/uploads\/sites\/3\/2026\/01\/image_2026-01-07_19-42-51-864x1536.webp 864w, https:\/\/cdn.media-acidadeon.com.br\/ribeiraopreto\/wp-content\/uploads\/sites\/3\/2026\/01\/image_2026-01-07_19-42-51-696x1237.webp 696w, https:\/\/cdn.media-acidadeon.com.br\/ribeiraopreto\/wp-content\/uploads\/sites\/3\/2026\/01\/image_2026-01-07_19-42-51.webp 900w\" sizes=\"auto, (max-width: 576px) 100vw, 576px\"\/><\/figure>\n<\/figure>\n<h3 class=\"wp-block-heading\"><strong>Obras da Catedral<\/strong><\/h3>\n<p>As\u00a0<strong>obras de recupera\u00e7\u00e3o da Catedral Metropolitana de S\u00e3o Sebasti\u00e3o<\/strong>, um dos s\u00edmbolos de Ribeir\u00e3o Preto, tiveram in\u00edcio no dia 1\u00ba de dezembro. A\u00a0<strong>reforma se tornou necess\u00e1ria ap\u00f3s a identifica\u00e7\u00e3o de desgastes estruturais acumulados ao longo do tempo<\/strong>, o que levou \u00e0 cria\u00e7\u00e3o de uma campanha de arrecada\u00e7\u00e3o para ajudar a custear o projeto.<\/p>\n<p>O primeiro passo do restauro seria refor\u00e7ar a funda\u00e7\u00e3o da igreja, j\u00e1 que problemas no solo v\u00eam provocando rachaduras e comprometendo a estabilidade do pr\u00e9dio. Para solucionar isso,\u00a0<strong>de acordo com o projeto, seriam feitas perfura\u00e7\u00f5es em diferentes \u00e1reas do piso, onde ser\u00e3o instaladas estacas que alcan\u00e7am camadas mais firmes do terreno e possuem bulbos nas extremidades.<\/strong><\/p>\n<p>Essa etapa inicial,\u00a0<strong>estimada para durar entre oito e 12 meses<\/strong>, ter\u00e1 investimento de aproximadamente\u00a0<strong>R$ 2 milh\u00f5es<\/strong>\u00a0\u2014 parte dos\u00a0<strong>R$ 14 milh\u00f5es previstos para toda a interven\u00e7\u00e3o.<\/strong><\/p>\n<hr class=\"wp-block-separator has-alpha-channel-opacity\"\/>\n<p>SAIBA MAIS<br \/>Quando ser\u00e1 o pr\u00f3ximo sorteio da Mega-Sena? Confira o pr\u00eamio estimado<\/p>\n<h2 class=\"wp-block-heading\"><strong>FIQUE ON<\/strong><\/h2>\n<p>Fique ligado em tudo que acontece em Ribeir\u00e3o Preto e regi\u00e3o. Siga os perfis do\u00a0<strong>acidade on<\/strong>\u00a0no<a href=\"https:\/\/www.instagram.com\/acidadeonribeirao\" target=\"_blank\" rel=\"noreferrer noopener\">\u00a0Instagram<\/a>\u00a0e no<a href=\"https:\/\/www.facebook.com\/acidadeonribeirao\/\" target=\"_blank\" rel=\"noreferrer noopener\">\u00a0Facebook<\/a>.<\/p>\n<p>Receba not\u00edcias do<strong>\u00a0acidade on\u00a0<\/strong>no WhatsApp. Para entrar no grupo,\u00a0basta\u00a0<a href=\"https:\/\/chat.whatsapp.com\/GFH9HUMUTHNFJdnyEd0xxq\" target=\"_blank\" rel=\"noreferrer noopener\">clicar aqui<\/a>. Ou, acesse o nosso\u00a0Canal<a href=\"https:\/\/whatsapp.com\/channel\/0029Vb6IQl1JENyAeS57fk2p\" target=\"_blank\" rel=\"noreferrer noopener\">\u00a0clicando aqui<\/a>.<\/p>\n<p>Fa\u00e7a uma den\u00fancia ou sugira uma reportagem sobre Ribeir\u00e3o Preto e regi\u00e3o pelo WhatsApp: 16 99117 7802.<\/p>\n<p>VEJA TAMB\u00c9M<br \/>O erro que ningu\u00e9m v\u00ea no p\u00f3s-evento e as 5 a\u00e7\u00f5es que realmente definem quem cresce<\/p>\n<p><!-- AI CONTENT END 1 -->\n<\/div>\n<p><script async src=\"\/\/www.instagram.com\/embed.js\"><\/script><br \/>\n<br \/><br \/>\n<br \/><a href=\"https:\/\/www.acidadeon.com\/ribeiraopreto\/cotidiano\/catedral-metropolitana-reabre-e-retoma-missas-em-ribeirao-preto\/\">Source link <\/a><\/p>\n<!-- CONTENT END 1 -->\n","protected":false},"excerpt":{"rendered":"<p>A Catedral Metropolitana de Ribeir\u00e3o Preto reabriu oficialmente nesta ter\u00e7a-feira (6) e retomou os hor\u00e1rios regulares de missas, celebra\u00e7\u00f5es e atendimento aos fi\u00e9is. A administra\u00e7\u00e3o&#8230;<\/p>\n","protected":false},"author":1,"featured_media":80989,"comment_status":"open","ping_status":"open","sticky":false,"template":"","format":"standard","meta":{"advanced_seo_description":"","jetpack_seo_html_title":"","jetpack_seo_noindex":false,"jetpack_post_was_ever_published":false,"_jetpack_newsletter_access":"","_jetpack_dont_email_post_to_subs":false,"_jetpack_newsletter_tier_id":0,"_jetpack_memberships_contains_paywalled_content":false,"_jetpack_memberships_contains_paid_content":false,"footnotes":"","jetpack_publicize_message":"","jetpack_publicize_feature_enabled":true,"jetpack_social_post_already_shared":true,"jetpack_social_options":{"image_generator_settings":{"template":"highway","default_image_id":0,"font":"","enabled":false},"version":2}},"categories":[11],"tags":[],"class_list":["post-81519","post","type-post","status-publish","format-standard","has-post-thumbnail","hentry","category-noticias-de-ribeirao-preto-sp-e-regiao-ismael-colosi"],"jetpack_publicize_connections":[],"jetpack_featured_media_url":"https:\/\/i0.wp.com\/noticiasribeiraopreto.com.br\/wp-content\/uploads\/2025\/12\/Imagem-do-WhatsApp-de-2025-12-19-as-17.44.38_eb1bd2fd_2025-12-19_20-45-08.webp.webp?fit=1200%2C675&ssl=1","jetpack-related-posts":[{"id":80988,"url":"https:\/\/noticiasribeiraopreto.com.br\/index.php\/2025\/12\/20\/catedral-de-ribeirao-preto-suspende-as-atividades-por-tempo-indeterminado\/","url_meta":{"origin":81519,"position":0},"title":"Catedral de Ribeir\u00e3o Preto suspende as atividades por tempo indeterminado","author":"noticiasribeiraopreto.com.br","date":"20 de December de 2025","format":false,"excerpt":"As atividades religiosas e a visita\u00e7\u00e3o p\u00fablica da Catedral Metropolitana de S\u00e3o Sebasti\u00e3o, em Ribeir\u00e3o Preto, foram suspensas por tempo indeterminado nesta sexta-feira (19). A medida n\u00e3o interfere no andamento das obras de recupera\u00e7\u00e3o e restaura\u00e7\u00e3o do templo, que seguem sob acompanhamento t\u00e9cnico. A decis\u00e3o foi tomada ap\u00f3s a constata\u00e7\u00e3o\u2026","rel":"","context":"In &quot;Not\u00edcias de Ribeir\u00e3o Preto-SP e Regi\u00e3o&quot;","block_context":{"text":"Not\u00edcias de Ribeir\u00e3o Preto-SP e Regi\u00e3o","link":"https:\/\/noticiasribeiraopreto.com.br\/index.php\/category\/noticias-de-ribeirao-preto-sp-e-regiao-ismael-colosi\/"},"img":{"alt_text":"","src":"https:\/\/i0.wp.com\/noticiasribeiraopreto.com.br\/wp-content\/uploads\/2025\/12\/Imagem-do-WhatsApp-de-2025-12-19-as-17.44.38_eb1bd2fd_2025-12-19_20-45-08.webp.webp?fit=1200%2C675&ssl=1&resize=350%2C200","width":350,"height":200,"srcset":"https:\/\/i0.wp.com\/noticiasribeiraopreto.com.br\/wp-content\/uploads\/2025\/12\/Imagem-do-WhatsApp-de-2025-12-19-as-17.44.38_eb1bd2fd_2025-12-19_20-45-08.webp.webp?fit=1200%2C675&ssl=1&resize=350%2C200 1x, https:\/\/i0.wp.com\/noticiasribeiraopreto.com.br\/wp-content\/uploads\/2025\/12\/Imagem-do-WhatsApp-de-2025-12-19-as-17.44.38_eb1bd2fd_2025-12-19_20-45-08.webp.webp?fit=1200%2C675&ssl=1&resize=525%2C300 1.5x, https:\/\/i0.wp.com\/noticiasribeiraopreto.com.br\/wp-content\/uploads\/2025\/12\/Imagem-do-WhatsApp-de-2025-12-19-as-17.44.38_eb1bd2fd_2025-12-19_20-45-08.webp.webp?fit=1200%2C675&ssl=1&resize=700%2C400 2x, https:\/\/i0.wp.com\/noticiasribeiraopreto.com.br\/wp-content\/uploads\/2025\/12\/Imagem-do-WhatsApp-de-2025-12-19-as-17.44.38_eb1bd2fd_2025-12-19_20-45-08.webp.webp?fit=1200%2C675&ssl=1&resize=1050%2C600 3x"},"classes":[]},{"id":51822,"url":"https:\/\/noticiasribeiraopreto.com.br\/index.php\/2024\/05\/30\/catedral-de-ribeirao-preto-tem-missa-com-tapetes-de-corpus-christi-veja-o-horario\/","url_meta":{"origin":81519,"position":1},"title":"Catedral de Ribeir\u00e3o Preto tem missa com tapetes de Corpus Christi; Veja o hor\u00e1rio","author":"noticiasribeiraopreto.com.br","date":"30 de May de 2024","format":false,"excerpt":"A Catedral Metropolitana de S\u00e3o Sebasti\u00e3o ter\u00e1 missa de Corpus Christi seguida de prociss\u00e3o nesta quinta-feira (30), \u00e0s 18h30, em Ribeir\u00e3o Preto. Esta ser\u00e1 a \u00faltima das tr\u00eas celebra\u00e7\u00f5es programadas neste dia. As outras foram realizadas \u00e0s 7h30 e 12h. Segundo a Catedral, a prociss\u00e3o percorrer\u00e1 ruas do Centro da\u2026","rel":"","context":"In &quot;Not\u00edcias de Ribeir\u00e3o Preto-SP e Regi\u00e3o&quot;","block_context":{"text":"Not\u00edcias de Ribeir\u00e3o Preto-SP e Regi\u00e3o","link":"https:\/\/noticiasribeiraopreto.com.br\/index.php\/category\/noticias-de-ribeirao-preto-sp-e-regiao-ismael-colosi\/"},"img":{"alt_text":"","src":"https:\/\/i0.wp.com\/noticiasribeiraopreto.com.br\/wp-content\/uploads\/2024\/05\/WhatsApp-Image-2024-05-30-at-10.25.16-1_2024-05-30_16-01-31_jpeg_2024-05-30_16-01-33-scaled.webp.webp?fit=1200%2C675&ssl=1&resize=350%2C200","width":350,"height":200,"srcset":"https:\/\/i0.wp.com\/noticiasribeiraopreto.com.br\/wp-content\/uploads\/2024\/05\/WhatsApp-Image-2024-05-30-at-10.25.16-1_2024-05-30_16-01-31_jpeg_2024-05-30_16-01-33-scaled.webp.webp?fit=1200%2C675&ssl=1&resize=350%2C200 1x, https:\/\/i0.wp.com\/noticiasribeiraopreto.com.br\/wp-content\/uploads\/2024\/05\/WhatsApp-Image-2024-05-30-at-10.25.16-1_2024-05-30_16-01-31_jpeg_2024-05-30_16-01-33-scaled.webp.webp?fit=1200%2C675&ssl=1&resize=525%2C300 1.5x, https:\/\/i0.wp.com\/noticiasribeiraopreto.com.br\/wp-content\/uploads\/2024\/05\/WhatsApp-Image-2024-05-30-at-10.25.16-1_2024-05-30_16-01-31_jpeg_2024-05-30_16-01-33-scaled.webp.webp?fit=1200%2C675&ssl=1&resize=700%2C400 2x, https:\/\/i0.wp.com\/noticiasribeiraopreto.com.br\/wp-content\/uploads\/2024\/05\/WhatsApp-Image-2024-05-30-at-10.25.16-1_2024-05-30_16-01-31_jpeg_2024-05-30_16-01-33-scaled.webp.webp?fit=1200%2C675&ssl=1&resize=1050%2C600 3x"},"classes":[]},{"id":67992,"url":"https:\/\/noticiasribeiraopreto.com.br\/index.php\/2025\/04\/21\/catedral-de-rp-realiza-missa-pelo-papa-francisco\/","url_meta":{"origin":81519,"position":2},"title":"Catedral de RP realiza missa pelo Papa Francisco","author":"noticiasribeiraopreto.com.br","date":"21 de April de 2025","format":false,"excerpt":"21 de abril de 2025 17:3022 Compartilhar0 A Arquidiocese de Ribeir\u00e3o Preto lamentou a morte do Papa Francisco e expressou gratid\u00e3o pela sua vida e servi\u00e7o \u00e0 Igreja. A Arquidiocese tamb\u00e9m convida o Clero e demais fi\u00e9is para uma Missa em sufr\u00e1gio da alma do Papa Francisco hoje, dia 21\u2026","rel":"","context":"In &quot;Not\u00edcias de Ribeir\u00e3o Preto-SP e Regi\u00e3o&quot;","block_context":{"text":"Not\u00edcias de Ribeir\u00e3o Preto-SP e Regi\u00e3o","link":"https:\/\/noticiasribeiraopreto.com.br\/index.php\/category\/noticias-de-ribeirao-preto-sp-e-regiao-ismael-colosi\/"},"img":{"alt_text":"","src":"https:\/\/i0.wp.com\/noticiasribeiraopreto.com.br\/wp-content\/uploads\/2025\/04\/9d2687e2-039e-4371-a827-ef00ec427546.jpg?fit=1200%2C857&ssl=1&resize=350%2C200","width":350,"height":200,"srcset":"https:\/\/i0.wp.com\/noticiasribeiraopreto.com.br\/wp-content\/uploads\/2025\/04\/9d2687e2-039e-4371-a827-ef00ec427546.jpg?fit=1200%2C857&ssl=1&resize=350%2C200 1x, https:\/\/i0.wp.com\/noticiasribeiraopreto.com.br\/wp-content\/uploads\/2025\/04\/9d2687e2-039e-4371-a827-ef00ec427546.jpg?fit=1200%2C857&ssl=1&resize=525%2C300 1.5x, https:\/\/i0.wp.com\/noticiasribeiraopreto.com.br\/wp-content\/uploads\/2025\/04\/9d2687e2-039e-4371-a827-ef00ec427546.jpg?fit=1200%2C857&ssl=1&resize=700%2C400 2x, https:\/\/i0.wp.com\/noticiasribeiraopreto.com.br\/wp-content\/uploads\/2025\/04\/9d2687e2-039e-4371-a827-ef00ec427546.jpg?fit=1200%2C857&ssl=1&resize=1050%2C600 3x"},"classes":[]},{"id":67960,"url":"https:\/\/noticiasribeiraopreto.com.br\/index.php\/2025\/04\/21\/arcebispo-de-ribeirao-preto-pede-profunda-oracao-aos-fieis-apos-morte-do-papa-francisco\/","url_meta":{"origin":81519,"position":3},"title":"Arcebispo de Ribeir\u00e3o Preto pede &#8216;profunda ora\u00e7\u00e3o&#8217; aos fi\u00e9is ap\u00f3s morte do Papa Francisco","author":"noticiasribeiraopreto.com.br","date":"21 de April de 2025","format":false,"excerpt":"O arcebispo metropolitano de Ribeir\u00e3o Preto, Dom Moacir Silva, emitiu nota de pesar em que lamenta a morte do Papa Francisco, nesta segunda-feira (21). Dom Moacir ressaltou a vida do pont\u00edfice dedicada ao servi\u00e7o e pede aos fi\u00e9is uma \u201cprofunda ora\u00e7\u00e3o\u201d pelo descanso de Francisco. Uma missa est\u00e1 programada para\u2026","rel":"","context":"In &quot;Not\u00edcias de Ribeir\u00e3o Preto-SP e Regi\u00e3o&quot;","block_context":{"text":"Not\u00edcias de Ribeir\u00e3o Preto-SP e Regi\u00e3o","link":"https:\/\/noticiasribeiraopreto.com.br\/index.php\/category\/noticias-de-ribeirao-preto-sp-e-regiao-ismael-colosi\/"},"img":{"alt_text":"","src":"https:\/\/i0.wp.com\/noticiasribeiraopreto.com.br\/wp-content\/uploads\/2025\/04\/af9cec10-6767-492e-8b16-0f43f63ffe18.jpg?fit=310%2C200&ssl=1&resize=350%2C200","width":350,"height":200},"classes":[]},{"id":50984,"url":"https:\/\/noticiasribeiraopreto.com.br\/index.php\/2024\/05\/22\/catedral-e-sete-capelas-em-ribeirao-fazem-missas-de-santa-rita-nesta-quarta\/","url_meta":{"origin":81519,"position":4},"title":"Catedral e Sete Capelas em Ribeir\u00e3o fazem missas de Santa Rita nesta quarta","author":"noticiasribeiraopreto.com.br","date":"22 de May de 2024","format":false,"excerpt":"A Catedral de S\u00e3o Sebasti\u00e3o e o Santu\u00e1rio das Sete Capelas, em Ribeir\u00e3o Preto, ter\u00e3o missas pelo Dia de Santa Rita de C\u00e1ssia, nesta quarta-feira (22). Confira: Catedral de S\u00e3o Sebasti\u00e3o Missas: 7h30 \/ 12h \/ 18h30 Em todas as celebra\u00e7\u00f5es haver\u00e1 ben\u00e7\u00e3o de rosas Endere\u00e7o: Pra\u00e7a das Bandeiras, s\/n\u00ba\u2026","rel":"","context":"In &quot;Not\u00edcias de Ribeir\u00e3o Preto-SP e Regi\u00e3o&quot;","block_context":{"text":"Not\u00edcias de Ribeir\u00e3o Preto-SP e Regi\u00e3o","link":"https:\/\/noticiasribeiraopreto.com.br\/index.php\/category\/noticias-de-ribeirao-preto-sp-e-regiao-ismael-colosi\/"},"img":{"alt_text":"","src":"https:\/\/i0.wp.com\/noticiasribeiraopreto.com.br\/wp-content\/uploads\/2024\/05\/catedral_ribeirao_1024x576_15082020124433.jpg?fit=1024%2C576&ssl=1&resize=350%2C200","width":350,"height":200,"srcset":"https:\/\/i0.wp.com\/noticiasribeiraopreto.com.br\/wp-content\/uploads\/2024\/05\/catedral_ribeirao_1024x576_15082020124433.jpg?fit=1024%2C576&ssl=1&resize=350%2C200 1x, https:\/\/i0.wp.com\/noticiasribeiraopreto.com.br\/wp-content\/uploads\/2024\/05\/catedral_ribeirao_1024x576_15082020124433.jpg?fit=1024%2C576&ssl=1&resize=525%2C300 1.5x, https:\/\/i0.wp.com\/noticiasribeiraopreto.com.br\/wp-content\/uploads\/2024\/05\/catedral_ribeirao_1024x576_15082020124433.jpg?fit=1024%2C576&ssl=1&resize=700%2C400 2x"},"classes":[]},{"id":37621,"url":"https:\/\/noticiasribeiraopreto.com.br\/index.php\/2024\/02\/17\/catedral-de-ribeirao-preto-anuncia-novo-sorteio-de-fusca-veja-como-participar\/","url_meta":{"origin":81519,"position":5},"title":"Catedral de Ribeir\u00e3o Preto anuncia novo sorteio de Fusca; Veja como participar","author":"noticiasribeiraopreto.com.br","date":"17 de February de 2024","format":false,"excerpt":"A Catedral Metropolitana de Ribeir\u00e3o Preto anunciou, no come\u00e7o da noite desta sexta-feira (16), que come\u00e7ar\u00e1 a vender os bilhetes para a 17\u00aa rifa de um Fusca 1976. Segundo postagem nas redes sociais da Catedral, todo o valor arrecadado com a rifa do Fusca ser\u00e1 destinado \u00e0 campanha de restaura\u00e7\u00e3o\u2026","rel":"","context":"In &quot;Not\u00edcias de Ribeir\u00e3o Preto-SP e Regi\u00e3o&quot;","block_context":{"text":"Not\u00edcias de Ribeir\u00e3o Preto-SP e Regi\u00e3o","link":"https:\/\/noticiasribeiraopreto.com.br\/index.php\/category\/noticias-de-ribeirao-preto-sp-e-regiao-ismael-colosi\/"},"img":{"alt_text":"","src":"https:\/\/i0.wp.com\/noticiasribeiraopreto.com.br\/wp-content\/uploads\/2024\/02\/20220618_024226476_catedral_sao_1200x675_17062022004910-1.jpg?fit=1200%2C675&ssl=1&resize=350%2C200","width":350,"height":200,"srcset":"https:\/\/i0.wp.com\/noticiasribeiraopreto.com.br\/wp-content\/uploads\/2024\/02\/20220618_024226476_catedral_sao_1200x675_17062022004910-1.jpg?fit=1200%2C675&ssl=1&resize=350%2C200 1x, https:\/\/i0.wp.com\/noticiasribeiraopreto.com.br\/wp-content\/uploads\/2024\/02\/20220618_024226476_catedral_sao_1200x675_17062022004910-1.jpg?fit=1200%2C675&ssl=1&resize=525%2C300 1.5x, https:\/\/i0.wp.com\/noticiasribeiraopreto.com.br\/wp-content\/uploads\/2024\/02\/20220618_024226476_catedral_sao_1200x675_17062022004910-1.jpg?fit=1200%2C675&ssl=1&resize=700%2C400 2x, https:\/\/i0.wp.com\/noticiasribeiraopreto.com.br\/wp-content\/uploads\/2024\/02\/20220618_024226476_catedral_sao_1200x675_17062022004910-1.jpg?fit=1200%2C675&ssl=1&resize=1050%2C600 3x"},"classes":[]}],"jetpack_sharing_enabled":true,"jetpack_shortlink":"https:\/\/wp.me\/peQAOb-lcP","_links":{"self":[{"href":"https:\/\/noticiasribeiraopreto.com.br\/index.php\/wp-json\/wp\/v2\/posts\/81519","targetHints":{"allow":["GET"]}}],"collection":[{"href":"https:\/\/noticiasribeiraopreto.com.br\/index.php\/wp-json\/wp\/v2\/posts"}],"about":[{"href":"https:\/\/noticiasribeiraopreto.com.br\/index.php\/wp-json\/wp\/v2\/types\/post"}],"author":[{"embeddable":true,"href":"https:\/\/noticiasribeiraopreto.com.br\/index.php\/wp-json\/wp\/v2\/users\/1"}],"replies":[{"embeddable":true,"href":"https:\/\/noticiasribeiraopreto.com.br\/index.php\/wp-json\/wp\/v2\/comments?post=81519"}],"version-history":[{"count":0,"href":"https:\/\/noticiasribeiraopreto.com.br\/index.php\/wp-json\/wp\/v2\/posts\/81519\/revisions"}],"wp:featuredmedia":[{"embeddable":true,"href":"https:\/\/noticiasribeiraopreto.com.br\/index.php\/wp-json\/wp\/v2\/media\/80989"}],"wp:attachment":[{"href":"https:\/\/noticiasribeiraopreto.com.br\/index.php\/wp-json\/wp\/v2\/media?parent=81519"}],"wp:term":[{"taxonomy":"category","embeddable":true,"href":"https:\/\/noticiasribeiraopreto.com.br\/index.php\/wp-json\/wp\/v2\/categories?post=81519"},{"taxonomy":"post_tag","embeddable":true,"href":"https:\/\/noticiasribeiraopreto.com.br\/index.php\/wp-json\/wp\/v2\/tags?post=81519"}],"curies":[{"name":"wp","href":"https:\/\/api.w.org\/{rel}","templated":true}]}}