{"id":81520,"date":"2026-01-08T08:36:37","date_gmt":"2026-01-08T11:36:37","guid":{"rendered":"https:\/\/noticiasribeiraopreto.com.br\/index.php\/2026\/01\/08\/guia-de-ferias-veja-o-que-fazer-com-as-criancas-sem-sair-de-ribeirao-preto\/"},"modified":"2026-01-08T08:36:37","modified_gmt":"2026-01-08T11:36:37","slug":"guia-de-ferias-veja-o-que-fazer-com-as-criancas-sem-sair-de-ribeirao-preto","status":"publish","type":"post","link":"https:\/\/noticiasribeiraopreto.com.br\/index.php\/2026\/01\/08\/guia-de-ferias-veja-o-que-fazer-com-as-criancas-sem-sair-de-ribeirao-preto\/","title":{"rendered":"Guia de f\u00e9rias: veja o que fazer com as crian\u00e7as sem sair de Ribeir\u00e3o Preto"},"content":{"rendered":"<div class='code-block code-block-1' style='margin: 8px 0 8px auto; text-align: right; display: block; clear: both;'>\n<p><a href=\"https:\/\/wa.link\/vpicfd\"><img data-recalc-dims=\"1\" class=\"wp-image-4922\" style=\"aspect-ratio: 2.0253164556962027; width: 561px; height: auto;\" src=\"https:\/\/i0.wp.com\/ismaelcolosi.com.br\/wp-content\/uploads\/2023\/11\/grupo-de-empregos-whatsapp-e-facebook-ismael-colosi-vagas.jpg?ssl=1\" alt=\"\" \/><\/a><\/p>\n<!-- \/wp:image -->\n<\/div>\n<p> <br \/>\n<\/p>\n<div>\n<p>As<strong> f\u00e9rias escolares j\u00e1 come\u00e7aram e muitos pais buscam alternativas para entreter as crian\u00e7as<\/strong> sem precisar viajar. Em <strong>Ribeir\u00e3o Preto<\/strong>, shoppings da cidade oferecem uma programa\u00e7\u00e3o especial com teatro infantil, conta\u00e7\u00e3o de hist\u00f3rias e jogos educativos, unindo divers\u00e3o, aprendizado e atividades longe das telas.<\/p>\n<p>Os <strong>parques municipais<\/strong> ampliam as op\u00e7\u00f5es de lazer com espa\u00e7os ao ar livre para brincar, correr e aproveitar a natureza.<\/p>\n<p>O <strong><em>acidade on<\/em><\/strong> preparou um guia completo do que fazer com os pequenos durante o recesso. <strong>Confira<\/strong>:<\/p>\n<h2 class=\"wp-block-heading\"><strong>F\u00e9rias nos shoppings<\/strong><\/h2>\n<h3 class=\"wp-block-heading\"><strong>Shopping Iguatemi<\/strong><\/h3>\n<p>O <strong>Shopping Iguatemi Ribeir\u00e3o Preto<\/strong> promove a a\u00e7\u00e3o <strong>Domingo \u00e9 Dia de Teatro<\/strong>, sempre \u00e0s <strong>16h<\/strong>, no <strong>Boulevard \u2013 Piso Superior<\/strong>.<br \/>As apresenta\u00e7\u00f5es acontecem nos <strong>dias 18 e 25<\/strong> e divertem as crian\u00e7as com espet\u00e1culos teatrais infantis que incentivam a imagina\u00e7\u00e3o e a criatividade.<\/p>\n<p>O Iguatemi tamb\u00e9m oferece <strong>conta\u00e7\u00e3o de hist\u00f3rias<\/strong> em v\u00e1rias datas:<strong>10, 11, 16, 17, 18, 23, 24, 25, 30 e 31 de janeiro e 1\u00ba de fevereiro<\/strong>. As sess\u00f5es come\u00e7am <strong>\u00e0s 16h<\/strong>, <strong>dentro da Livraria da Vila<\/strong>.<\/p>\n<div class=\"wp-block-image\">\n<figure class=\"aligncenter size-full\"><img data-recalc-dims=\"1\" fetchpriority=\"high\" decoding=\"async\" width=\"800\" height=\"533\" src=\"https:\/\/i0.wp.com\/cdn.media-acidadeon.com.br\/ribeiraopreto\/wp-content\/uploads\/sites\/3\/2025\/12\/shopping-iguatemi-ribeirao-preto_2025-12-13_14-40-07.webp?resize=800%2C533&#038;ssl=1\" alt=\"Acordo estipula venda de fatia minorit\u00e1ria do Iguatemi Ribeir\u00e3o (Foto: divulga\u00e7\u00e3o)\" class=\"wp-image-139291\" title=\"Guia de f\u00e9rias: veja o que fazer com as crian\u00e7as sem sair de Ribeir\u00e3o Preto 1\" srcset=\"https:\/\/cdn.media-acidadeon.com.br\/ribeiraopreto\/wp-content\/uploads\/sites\/3\/2025\/12\/shopping-iguatemi-ribeirao-preto_2025-12-13_14-40-07.webp 800w, https:\/\/cdn.media-acidadeon.com.br\/ribeiraopreto\/wp-content\/uploads\/sites\/3\/2025\/12\/shopping-iguatemi-ribeirao-preto_2025-12-13_14-40-07-300x200.webp 300w, https:\/\/cdn.media-acidadeon.com.br\/ribeiraopreto\/wp-content\/uploads\/sites\/3\/2025\/12\/shopping-iguatemi-ribeirao-preto_2025-12-13_14-40-07-768x512.webp 768w, https:\/\/cdn.media-acidadeon.com.br\/ribeiraopreto\/wp-content\/uploads\/sites\/3\/2025\/12\/shopping-iguatemi-ribeirao-preto_2025-12-13_14-40-07-696x464.webp 696w\" sizes=\"(max-width: 800px) 100vw, 800px\"\/><figcaption class=\"wp-element-caption\">(Foto: divulga\u00e7\u00e3o)<\/figcaption><\/figure>\n<\/div>\n<p>A partir de <strong>15 de janeiro<\/strong>, o <strong>Magic Games<\/strong> ocupa a <strong>Pra\u00e7a de Eventos<\/strong> do Iguatemi com atividades interativas inspiradas no mundo dos dinossauros. O espa\u00e7o funciona <strong>no hor\u00e1rio de funcionamento do shopping<\/strong>.<\/p>\n<h3 class=\"wp-block-heading\"><strong>Novo Shopping<\/strong><\/h3>\n<p>De <strong>10 de janeiro a 1\u00ba de fevereiro<\/strong>, o <strong>Novo Shopping<\/strong> promove o evento <strong>F\u00e9rias Offline \u2013 Jogadeira<\/strong>, uma programa\u00e7\u00e3o especial voltada ao p\u00fablico infantil que incentiva a divers\u00e3o longe das telas.<\/p>\n<p>A atividade ocorre <strong>todos os dias, das 14h \u00e0s 20h<\/strong>, no <strong>corredor da Portaria 1<\/strong>, e re\u00fane cerca de <strong>30 jogos cl\u00e1ssicos<\/strong>, entre eles xadrez, dama, cara a cara, domin\u00f3 e ludo.<\/p>\n<div class=\"wp-block-image\">\n<figure class=\"aligncenter size-large is-resized\"><img data-recalc-dims=\"1\" loading=\"lazy\" decoding=\"async\" width=\"1024\" height=\"684\" src=\"https:\/\/i0.wp.com\/cdn.media-acidadeon.com.br\/ribeiraopreto\/wp-content\/uploads\/sites\/3\/2025\/08\/novo-shopping_2025-08-19_13-34-40-1024x684.webp?resize=1024%2C684&#038;ssl=1\" alt=\"Novo Shopping fica na zona Leste de Ribeir\u00e3o Preto - Foto: Divulga\u00e7\u00e3o\" class=\"wp-image-126279\" style=\"width:808px;height:auto\" title=\"Guia de f\u00e9rias: veja o que fazer com as crian\u00e7as sem sair de Ribeir\u00e3o Preto 2\" srcset=\"https:\/\/cdn.media-acidadeon.com.br\/ribeiraopreto\/wp-content\/uploads\/sites\/3\/2025\/08\/novo-shopping_2025-08-19_13-34-40-1024x684.webp 1024w, https:\/\/cdn.media-acidadeon.com.br\/ribeiraopreto\/wp-content\/uploads\/sites\/3\/2025\/08\/novo-shopping_2025-08-19_13-34-40-300x200.webp 300w, https:\/\/cdn.media-acidadeon.com.br\/ribeiraopreto\/wp-content\/uploads\/sites\/3\/2025\/08\/novo-shopping_2025-08-19_13-34-40-768x513.webp 768w, https:\/\/cdn.media-acidadeon.com.br\/ribeiraopreto\/wp-content\/uploads\/sites\/3\/2025\/08\/novo-shopping_2025-08-19_13-34-40-696x465.webp 696w, https:\/\/cdn.media-acidadeon.com.br\/ribeiraopreto\/wp-content\/uploads\/sites\/3\/2025\/08\/novo-shopping_2025-08-19_13-34-40-1068x713.webp 1068w, https:\/\/cdn.media-acidadeon.com.br\/ribeiraopreto\/wp-content\/uploads\/sites\/3\/2025\/08\/novo-shopping_2025-08-19_13-34-40.webp 1200w\" sizes=\"auto, (max-width: 1024px) 100vw, 1024px\"\/><figcaption class=\"wp-element-caption\">Novo Shopping fica na zona Leste de Ribeir\u00e3o Preto \u2013 Foto: Divulga\u00e7\u00e3o<\/figcaption><\/figure>\n<\/div>\n<p>Com proposta <strong>100% offline<\/strong>, a a\u00e7\u00e3o estimula a intera\u00e7\u00e3o entre as crian\u00e7as, a socializa\u00e7\u00e3o e o desenvolvimento do racioc\u00ednio l\u00f3gico. A participa\u00e7\u00e3o \u00e9 <strong>gratuita<\/strong>. A organiza\u00e7\u00e3o recomenda a atividade para <strong>crian\u00e7as a partir de 6 anos<\/strong>. Menores de <strong>12 anos devem estar acompanhados por um respons\u00e1vel<\/strong>. Por quest\u00f5es de organiza\u00e7\u00e3o e seguran\u00e7a, <strong>n\u00e3o \u00e9 permitido consumir alimentos no local do evento<\/strong>.<\/p>\n<div class=\"wp-block-image\">\n<figure class=\"aligncenter size-full\"><img data-recalc-dims=\"1\" loading=\"lazy\" decoding=\"async\" width=\"664\" height=\"380\" src=\"https:\/\/i0.wp.com\/cdn.media-acidadeon.com.br\/ribeiraopreto\/wp-content\/uploads\/sites\/3\/2026\/01\/teert_2026-01-06_16-54-42.webp?resize=664%2C380&#038;ssl=1\" alt=\"f\u00e9rias\" class=\"wp-image-141307\" title=\"Guia de f\u00e9rias: veja o que fazer com as crian\u00e7as sem sair de Ribeir\u00e3o Preto 3\" srcset=\"https:\/\/cdn.media-acidadeon.com.br\/ribeiraopreto\/wp-content\/uploads\/sites\/3\/2026\/01\/teert_2026-01-06_16-54-42.webp 664w, https:\/\/cdn.media-acidadeon.com.br\/ribeiraopreto\/wp-content\/uploads\/sites\/3\/2026\/01\/teert_2026-01-06_16-54-42-300x172.webp 300w\" sizes=\"auto, (max-width: 664px) 100vw, 664px\"\/><\/figure>\n<\/div>\n<p>Para quem gosta de <strong>boliche<\/strong>, o <strong>Parque do Goril\u00e3o<\/strong> \u00e9 uma \u00f3tima op\u00e7\u00e3o de lazer em Ribeir\u00e3o Preto. O espa\u00e7o conta com <strong>12 pistas oficiais<\/strong>, sendo a <strong>casa da equipe profissional de boliche da cidade<\/strong>, al\u00e9m de reunir <strong>diversos brinquedos e atra\u00e7\u00f5es voltadas ao p\u00fablico infantil<\/strong>. Os <strong>ingressos podem ser adquiridos antecipadamente<\/strong>, com <strong>desconto<\/strong>, por meio do <strong>site oficial do parque<\/strong> \u2013 <a href=\"https:\/\/www.gorilao.com.br\/passaportes\" data-type=\"link\" data-id=\"https:\/\/www.gorilao.com.br\/passaportes\" target=\"_blank\" rel=\"noopener\">clique aqui<\/a>.<\/p>\n<h3 class=\"wp-block-heading\"><strong>Ribeir\u00e3o Shopping<\/strong><\/h3>\n<p>Durante as f\u00e9rias, o <strong>Ribeir\u00e3oShopping<\/strong> amplia as op\u00e7\u00f5es de lazer com atra\u00e7\u00f5es indoor, espa\u00e7os culturais e programa\u00e7\u00e3o de cinema para diferentes idades.<\/p>\n<p>O destaque \u00e9 a <strong>LEGO F\u00f3rmula 1 Collection<\/strong>, que chega ao shopping em <strong>17 de janeiro<\/strong>, com experi\u00eancia interativa que inclui exposi\u00e7\u00e3o oficial dos carros da F\u00f3rmula 1 em LEGO, pista de corrida, oficina criativa e desafios de reflexo. Outra op\u00e7\u00e3o \u00e9 a <strong>Vila Trampolim<\/strong>, espa\u00e7o com atividades inspiradas no universo dos games e luzes neon, como parede de escalada, desafio ninja, piscina de espuma e camas el\u00e1sticas, com atra\u00e7\u00f5es para crian\u00e7as a partir de <strong>2 anos<\/strong>.<\/p>\n<figure class=\"wp-block-gallery has-nested-images columns-default is-cropped wp-block-gallery-1 is-layout-flex wp-block-gallery-is-layout-flex\">\n<figure class=\"wp-block-image size-large\"><img data-recalc-dims=\"1\" loading=\"lazy\" decoding=\"async\" width=\"768\" height=\"1024\" data-id=\"141447\" src=\"https:\/\/i0.wp.com\/cdn.media-acidadeon.com.br\/ribeiraopreto\/wp-content\/uploads\/sites\/3\/2026\/01\/SnapInsta-Ai_3804856601027876638_2026-01-07_18-53-55-768x1024.webp?resize=768%2C1024&#038;ssl=1\" alt=\"f\u00e9rias\" class=\"wp-image-141447\" title=\"Guia de f\u00e9rias: veja o que fazer com as crian\u00e7as sem sair de Ribeir\u00e3o Preto 4\" srcset=\"https:\/\/cdn.media-acidadeon.com.br\/ribeiraopreto\/wp-content\/uploads\/sites\/3\/2026\/01\/SnapInsta-Ai_3804856601027876638_2026-01-07_18-53-55-768x1024.webp 768w, https:\/\/cdn.media-acidadeon.com.br\/ribeiraopreto\/wp-content\/uploads\/sites\/3\/2026\/01\/SnapInsta-Ai_3804856601027876638_2026-01-07_18-53-55-225x300.webp 225w, https:\/\/cdn.media-acidadeon.com.br\/ribeiraopreto\/wp-content\/uploads\/sites\/3\/2026\/01\/SnapInsta-Ai_3804856601027876638_2026-01-07_18-53-55-696x928.webp 696w, https:\/\/cdn.media-acidadeon.com.br\/ribeiraopreto\/wp-content\/uploads\/sites\/3\/2026\/01\/SnapInsta-Ai_3804856601027876638_2026-01-07_18-53-55-1068x1424.webp 1068w, https:\/\/cdn.media-acidadeon.com.br\/ribeiraopreto\/wp-content\/uploads\/sites\/3\/2026\/01\/SnapInsta-Ai_3804856601027876638_2026-01-07_18-53-55.webp 1080w\" sizes=\"auto, (max-width: 768px) 100vw, 768px\"\/><figcaption class=\"wp-element-caption\">Hotzone no Ribeir\u00e3o Shopping \u2013 Foto: Reprodu\u00e7\u00e3o\/Instagram<\/figcaption><\/figure>\n<figure class=\"wp-block-image size-large\"><img data-recalc-dims=\"1\" loading=\"lazy\" decoding=\"async\" width=\"859\" height=\"1024\" data-id=\"141448\" src=\"https:\/\/i0.wp.com\/cdn.media-acidadeon.com.br\/ribeiraopreto\/wp-content\/uploads\/sites\/3\/2026\/01\/SnapInsta-Ai_3804412374649517489_2026-01-07_18-53-58-859x1024.webp?resize=859%2C1024&#038;ssl=1\" alt=\"SnapInsta Ai 3804412374649517489 2026 01 07 18 53 58\" class=\"wp-image-141448\" title=\"Guia de f\u00e9rias: veja o que fazer com as crian\u00e7as sem sair de Ribeir\u00e3o Preto 5\" srcset=\"https:\/\/cdn.media-acidadeon.com.br\/ribeiraopreto\/wp-content\/uploads\/sites\/3\/2026\/01\/SnapInsta-Ai_3804412374649517489_2026-01-07_18-53-58-859x1024.webp 859w, https:\/\/cdn.media-acidadeon.com.br\/ribeiraopreto\/wp-content\/uploads\/sites\/3\/2026\/01\/SnapInsta-Ai_3804412374649517489_2026-01-07_18-53-58-252x300.webp 252w, https:\/\/cdn.media-acidadeon.com.br\/ribeiraopreto\/wp-content\/uploads\/sites\/3\/2026\/01\/SnapInsta-Ai_3804412374649517489_2026-01-07_18-53-58-768x916.webp 768w, https:\/\/cdn.media-acidadeon.com.br\/ribeiraopreto\/wp-content\/uploads\/sites\/3\/2026\/01\/SnapInsta-Ai_3804412374649517489_2026-01-07_18-53-58-696x830.webp 696w, https:\/\/cdn.media-acidadeon.com.br\/ribeiraopreto\/wp-content\/uploads\/sites\/3\/2026\/01\/SnapInsta-Ai_3804412374649517489_2026-01-07_18-53-58-1068x1274.webp 1068w, https:\/\/cdn.media-acidadeon.com.br\/ribeiraopreto\/wp-content\/uploads\/sites\/3\/2026\/01\/SnapInsta-Ai_3804412374649517489_2026-01-07_18-53-58.webp 1080w\" sizes=\"auto, (max-width: 859px) 100vw, 859px\"\/><figcaption class=\"wp-element-caption\">C\u00f4lonia de f\u00e9rias no Ribeir\u00e3o Shopping \u2013 Foto: Reprodu\u00e7\u00e3o\/ Instagram<\/figcaption><\/figure>\n<\/figure>\n<p>O shopping tamb\u00e9m re\u00fane a <strong>HotZone<\/strong>, maior parque indoor da cidade, com mais de 200 atra\u00e7\u00f5es, al\u00e9m do <strong>Planeta Imagin\u00e1rio<\/strong>, que oferece col\u00f4nia de f\u00e9rias e recrea\u00e7\u00e3o monitorada. A <strong>Pra\u00e7a Kids<\/strong> e o <strong>Fire Jump<\/strong> completam as op\u00e7\u00f5es voltadas ao p\u00fablico infantil.<\/p>\n<p>Para quem busca uma atividade mais tranquila, a <strong>Livraria da Travessa<\/strong> funciona como espa\u00e7o cultural e incentivo \u00e0 leitura durante o recesso.<\/p>\n<h3 class=\"wp-block-heading\"><strong>Shopping Santa \u00darsula<\/strong><\/h3>\n<p>O <strong>Shopping Santa \u00darsula<\/strong> re\u00fane op\u00e7\u00f5es voltadas \u00e0 divers\u00e3o, aventura e intera\u00e7\u00e3o para diferentes faixas et\u00e1rias. Entre as atra\u00e7\u00f5es est\u00e1 o <strong>Acelera Kart<\/strong>, \u00fanica pista indoor de kart da cidade, que oferece corridas voltadas ao p\u00fablico infantil, em circuito fechado. O <strong>Yex! Boliche<\/strong> conta com pistas profissionais, espa\u00e7o kids e restaurante.<\/p>\n<figure class=\"wp-block-gallery has-nested-images columns-default is-cropped wp-block-gallery-2 is-layout-flex wp-block-gallery-is-layout-flex\">\n<figure class=\"wp-block-image size-large\"><img data-recalc-dims=\"1\" loading=\"lazy\" decoding=\"async\" width=\"1024\" height=\"768\" data-id=\"141451\" src=\"https:\/\/i0.wp.com\/cdn.media-acidadeon.com.br\/ribeiraopreto\/wp-content\/uploads\/sites\/3\/2026\/01\/Imagem-do-WhatsApp-de-2026-01-07-as-16.00.59_9b908a66_2026-01-07_19-02-02-1024x768.webp?resize=1024%2C768&#038;ssl=1\" alt=\"Imagem do WhatsApp de 2026 01 07 as 16.00.59 9b908a66 2026 01 07 19 02 02\" class=\"wp-image-141451\" title=\"Guia de f\u00e9rias: veja o que fazer com as crian\u00e7as sem sair de Ribeir\u00e3o Preto 6\" srcset=\"https:\/\/cdn.media-acidadeon.com.br\/ribeiraopreto\/wp-content\/uploads\/sites\/3\/2026\/01\/Imagem-do-WhatsApp-de-2026-01-07-as-16.00.59_9b908a66_2026-01-07_19-02-02-1024x768.webp 1024w, https:\/\/cdn.media-acidadeon.com.br\/ribeiraopreto\/wp-content\/uploads\/sites\/3\/2026\/01\/Imagem-do-WhatsApp-de-2026-01-07-as-16.00.59_9b908a66_2026-01-07_19-02-02-300x225.webp 300w, https:\/\/cdn.media-acidadeon.com.br\/ribeiraopreto\/wp-content\/uploads\/sites\/3\/2026\/01\/Imagem-do-WhatsApp-de-2026-01-07-as-16.00.59_9b908a66_2026-01-07_19-02-02-768x576.webp 768w, https:\/\/cdn.media-acidadeon.com.br\/ribeiraopreto\/wp-content\/uploads\/sites\/3\/2026\/01\/Imagem-do-WhatsApp-de-2026-01-07-as-16.00.59_9b908a66_2026-01-07_19-02-02-696x522.webp 696w, https:\/\/cdn.media-acidadeon.com.br\/ribeiraopreto\/wp-content\/uploads\/sites\/3\/2026\/01\/Imagem-do-WhatsApp-de-2026-01-07-as-16.00.59_9b908a66_2026-01-07_19-02-02-1068x801.webp 1068w, https:\/\/cdn.media-acidadeon.com.br\/ribeiraopreto\/wp-content\/uploads\/sites\/3\/2026\/01\/Imagem-do-WhatsApp-de-2026-01-07-as-16.00.59_9b908a66_2026-01-07_19-02-02.webp 1200w\" sizes=\"auto, (max-width: 1024px) 100vw, 1024px\"\/><figcaption class=\"wp-element-caption\">Foto: Divulga\u00e7\u00e3o<\/figcaption><\/figure>\n<figure class=\"wp-block-image size-large\"><img data-recalc-dims=\"1\" loading=\"lazy\" decoding=\"async\" width=\"1024\" height=\"576\" data-id=\"141450\" src=\"https:\/\/i0.wp.com\/cdn.media-acidadeon.com.br\/ribeiraopreto\/wp-content\/uploads\/sites\/3\/2026\/01\/Imagem-do-WhatsApp-de-2026-01-07-as-16.01.14_d87c19f7_2026-01-07_19-01-39-1024x576.webp?resize=1024%2C576&#038;ssl=1\" alt=\"Imagem do WhatsApp de 2026 01 07 as 16.01.14 d87c19f7 2026 01 07 19 01 39\" class=\"wp-image-141450\" title=\"Guia de f\u00e9rias: veja o que fazer com as crian\u00e7as sem sair de Ribeir\u00e3o Preto 7\" srcset=\"https:\/\/cdn.media-acidadeon.com.br\/ribeiraopreto\/wp-content\/uploads\/sites\/3\/2026\/01\/Imagem-do-WhatsApp-de-2026-01-07-as-16.01.14_d87c19f7_2026-01-07_19-01-39-1024x576.webp 1024w, https:\/\/cdn.media-acidadeon.com.br\/ribeiraopreto\/wp-content\/uploads\/sites\/3\/2026\/01\/Imagem-do-WhatsApp-de-2026-01-07-as-16.01.14_d87c19f7_2026-01-07_19-01-39-300x169.webp 300w, https:\/\/cdn.media-acidadeon.com.br\/ribeiraopreto\/wp-content\/uploads\/sites\/3\/2026\/01\/Imagem-do-WhatsApp-de-2026-01-07-as-16.01.14_d87c19f7_2026-01-07_19-01-39-768x432.webp 768w, https:\/\/cdn.media-acidadeon.com.br\/ribeiraopreto\/wp-content\/uploads\/sites\/3\/2026\/01\/Imagem-do-WhatsApp-de-2026-01-07-as-16.01.14_d87c19f7_2026-01-07_19-01-39-696x392.webp 696w, https:\/\/cdn.media-acidadeon.com.br\/ribeiraopreto\/wp-content\/uploads\/sites\/3\/2026\/01\/Imagem-do-WhatsApp-de-2026-01-07-as-16.01.14_d87c19f7_2026-01-07_19-01-39-1068x601.webp 1068w, https:\/\/cdn.media-acidadeon.com.br\/ribeiraopreto\/wp-content\/uploads\/sites\/3\/2026\/01\/Imagem-do-WhatsApp-de-2026-01-07-as-16.01.14_d87c19f7_2026-01-07_19-01-39.webp 1200w\" sizes=\"auto, (max-width: 1024px) 100vw, 1024px\"\/><figcaption class=\"wp-element-caption\">Foto: Divulga\u00e7\u00e3o<\/figcaption><\/figure>\n<\/figure>\n<p>O <strong>WOW Park<\/strong> re\u00fane trampolins e paredes de escalada, enquanto o <strong>60 Minutos Escape Game<\/strong> prop\u00f5e uma experi\u00eancia imersiva com seis salas tem\u00e1ticas, em desafios que estimulam racioc\u00ednio e coopera\u00e7\u00e3o entre grupos de 4 a 8 participantes.<\/p>\n<h2 class=\"wp-block-heading\"><strong>Super F\u00e9rias Sesi<\/strong><\/h2>\n<p>O <strong>programa Super F\u00e9rias Sesi-SP<\/strong> integra as op\u00e7\u00f5es de atividades para crian\u00e7as durante o recesso escolar em Ribeir\u00e3o Preto. A iniciativa atende <strong>crian\u00e7as de 6 a 12 anos<\/strong> e re\u00fane a\u00e7\u00f5es voltadas ao desenvolvimento f\u00edsico, mental e social, com acompanhamento de monitores da unidade. Nesta edi\u00e7\u00e3o, a programa\u00e7\u00e3o inclui brincadeiras tradicionais de diferentes pa\u00edses e utiliza a estrutura do Sesi, que conta com piscinas, quadras, campos, playgrounds e \u00e1reas livres.<\/p>\n<p>As atividades acontecem em <strong>duas semanas<\/strong>, de <strong>19 a 23 de janeiro<\/strong> e de <strong>26 a 30 de janeiro<\/strong>, sendo que <strong>no dia 20 n\u00e3o haver\u00e1 programa\u00e7\u00e3o<\/strong>. Entre as a\u00e7\u00f5es previstas est\u00e3o atividades esportivas, ca\u00e7a ao tesouro, gincanas, dan\u00e7as, atividades aqu\u00e1ticas e oficinas de artes.<\/p>\n<p>As <strong>inscri\u00e7\u00f5es devem ser feitas presencialmente<\/strong>, mediante agendamento, na secretaria da unidade, a partir de <strong>5 de janeiro<\/strong>. O <strong>valor do pacote semanal \u00e9 de R$ 180 por crian\u00e7a<\/strong>, com <strong>desconto de 10% para irm\u00e3os<\/strong>, v\u00e1lido por semana. O desconto n\u00e3o \u00e9 cumulativo para matr\u00edcula em duas semanas e <strong>n\u00e3o h\u00e1 venda de di\u00e1rias<\/strong>.<\/p>\n<h2 class=\"wp-block-heading\"><strong>Ao ar livre<\/strong><\/h2>\n<p>Aproveitar os <strong>parques de Ribeir\u00e3o Preto<\/strong> \u00e9 uma \u00f3tima forma de conectar as crian\u00e7as com a natureza, praticar atividades f\u00edsicas e relaxar ao ar livre. Os espa\u00e7os s\u00e3o gratuitos e abertos ao p\u00fablico, perfeitos para passeios em fam\u00edlia durante as f\u00e9rias.<\/p>\n<h3 class=\"wp-block-heading\"><strong>Parque Prefeito Luiz Roberto J\u00e1bali (Parque Curupira)<\/strong><\/h3>\n<p>Um dos <strong>maiores e mais famosos parques da cidade<\/strong>, com <strong>152 mil m\u00b2<\/strong> de \u00e1reas verdes, lagoas, trilhas, vegeta\u00e7\u00e3o natural, pedreiras e espa\u00e7os para caminhada ou piquenique. O local tamb\u00e9m possui equipamentos de gin\u00e1stica ao ar livre e fauna diversa \u2014 como aves e pequenos animais \u2014 em meio a um ambiente tranquilo ideal para passeios em fam\u00edlia. Aberto diariamente das <strong>6h \u00e0s 20h<\/strong>.<\/p>\n<div class=\"wp-block-image\">\n<figure class=\"aligncenter size-large is-resized\"><img data-recalc-dims=\"1\" loading=\"lazy\" decoding=\"async\" width=\"1024\" height=\"576\" src=\"https:\/\/i0.wp.com\/cdn.media-acidadeon.com.br\/ribeiraopreto\/wp-content\/uploads\/sites\/3\/2025\/10\/Copia-de-Copia-de-Copia-de-TAMANHO-EXATO-PARA-FOTOS-NO-SISTEMA-NOVO-2025-10-22T165403.415_2025-10-22_19-54-09-1024x576.webp?resize=1024%2C576&#038;ssl=1\" alt=\"Parque Curupira - Foto: Marcelo Fontes.\" class=\"wp-image-133174\" style=\"width:676px;height:auto\" title=\"Guia de f\u00e9rias: veja o que fazer com as crian\u00e7as sem sair de Ribeir\u00e3o Preto 8\" srcset=\"https:\/\/cdn.media-acidadeon.com.br\/ribeiraopreto\/wp-content\/uploads\/sites\/3\/2025\/10\/Copia-de-Copia-de-Copia-de-TAMANHO-EXATO-PARA-FOTOS-NO-SISTEMA-NOVO-2025-10-22T165403.415_2025-10-22_19-54-09-1024x576.webp 1024w, https:\/\/cdn.media-acidadeon.com.br\/ribeiraopreto\/wp-content\/uploads\/sites\/3\/2025\/10\/Copia-de-Copia-de-Copia-de-TAMANHO-EXATO-PARA-FOTOS-NO-SISTEMA-NOVO-2025-10-22T165403.415_2025-10-22_19-54-09-300x169.webp 300w, https:\/\/cdn.media-acidadeon.com.br\/ribeiraopreto\/wp-content\/uploads\/sites\/3\/2025\/10\/Copia-de-Copia-de-Copia-de-TAMANHO-EXATO-PARA-FOTOS-NO-SISTEMA-NOVO-2025-10-22T165403.415_2025-10-22_19-54-09-768x432.webp 768w, https:\/\/cdn.media-acidadeon.com.br\/ribeiraopreto\/wp-content\/uploads\/sites\/3\/2025\/10\/Copia-de-Copia-de-Copia-de-TAMANHO-EXATO-PARA-FOTOS-NO-SISTEMA-NOVO-2025-10-22T165403.415_2025-10-22_19-54-09-696x392.webp 696w, https:\/\/cdn.media-acidadeon.com.br\/ribeiraopreto\/wp-content\/uploads\/sites\/3\/2025\/10\/Copia-de-Copia-de-Copia-de-TAMANHO-EXATO-PARA-FOTOS-NO-SISTEMA-NOVO-2025-10-22T165403.415_2025-10-22_19-54-09-1068x601.webp 1068w, https:\/\/cdn.media-acidadeon.com.br\/ribeiraopreto\/wp-content\/uploads\/sites\/3\/2025\/10\/Copia-de-Copia-de-Copia-de-TAMANHO-EXATO-PARA-FOTOS-NO-SISTEMA-NOVO-2025-10-22T165403.415_2025-10-22_19-54-09.webp 1200w\" sizes=\"auto, (max-width: 1024px) 100vw, 1024px\"\/><figcaption class=\"wp-element-caption\">Parque Curupira \u2013 Foto: Marcelo Fontes.<\/figcaption><\/figure>\n<\/div>\n<h3 class=\"wp-block-heading\"><strong>Parque das Artes<\/strong><\/h3>\n<p>Perfeito para caminhadas leves com a fam\u00edlia, este parque conta com lagos, trilhas arborizadas e espa\u00e7o para atividades ao ar livre, funcionando das <strong>6h \u00e0s 21h<\/strong>. <\/p>\n<div class=\"wp-block-image\">\n<figure class=\"aligncenter size-large is-resized\"><img data-recalc-dims=\"1\" loading=\"lazy\" decoding=\"async\" width=\"1024\" height=\"565\" src=\"https:\/\/i0.wp.com\/cdn.media-acidadeon.com.br\/ribeiraopreto\/wp-content\/uploads\/sites\/3\/2025\/09\/PARQUE-DAS-ARTES_2025-09-18_10-00-27-1024x565.webp?resize=1024%2C565&#038;ssl=1\" alt=\"parque\" class=\"wp-image-129462\" style=\"width:658px;height:auto\" title=\"Guia de f\u00e9rias: veja o que fazer com as crian\u00e7as sem sair de Ribeir\u00e3o Preto 9\" srcset=\"https:\/\/cdn.media-acidadeon.com.br\/ribeiraopreto\/wp-content\/uploads\/sites\/3\/2025\/09\/PARQUE-DAS-ARTES_2025-09-18_10-00-27-1024x565.webp 1024w, https:\/\/cdn.media-acidadeon.com.br\/ribeiraopreto\/wp-content\/uploads\/sites\/3\/2025\/09\/PARQUE-DAS-ARTES_2025-09-18_10-00-27-300x166.webp 300w, https:\/\/cdn.media-acidadeon.com.br\/ribeiraopreto\/wp-content\/uploads\/sites\/3\/2025\/09\/PARQUE-DAS-ARTES_2025-09-18_10-00-27-768x424.webp 768w, https:\/\/cdn.media-acidadeon.com.br\/ribeiraopreto\/wp-content\/uploads\/sites\/3\/2025\/09\/PARQUE-DAS-ARTES_2025-09-18_10-00-27-696x384.webp 696w, https:\/\/cdn.media-acidadeon.com.br\/ribeiraopreto\/wp-content\/uploads\/sites\/3\/2025\/09\/PARQUE-DAS-ARTES_2025-09-18_10-00-27-1068x589.webp 1068w, https:\/\/cdn.media-acidadeon.com.br\/ribeiraopreto\/wp-content\/uploads\/sites\/3\/2025\/09\/PARQUE-DAS-ARTES_2025-09-18_10-00-27.webp 1200w\" sizes=\"auto, (max-width: 1024px) 100vw, 1024px\"\/><figcaption class=\"wp-element-caption\">Parque das Artes, em Ribeir\u00e3o Preto \u2013 Foto de arquivo: Marcelo Fontes<\/figcaption><\/figure>\n<\/div>\n<h3 class=\"wp-block-heading\"><strong>Parque Lu\u00eds Carlos Raya<\/strong><\/h3>\n<p>Conhecido tamb\u00e9m como espa\u00e7o do <strong>Jardim Bot\u00e2nico<\/strong>, oferece \u00e1reas verdes, pistas de caminhada e academia ao ar livre, ideal para aproveitar a natureza em dias de sol. Aberto das <strong>6h \u00e0s 21h<\/strong>.<\/p>\n<figure class=\"wp-block-image aligncenter size-large is-resized\"><img data-recalc-dims=\"1\" loading=\"lazy\" decoding=\"async\" width=\"1024\" height=\"767\" src=\"https:\/\/i0.wp.com\/cdn.media-acidadeon.com.br\/ribeiraopreto\/wp-content\/uploads\/sites\/3\/2025\/10\/atividades_aniverario_rp_2_2025-10-13_18-09-13-1024x767.webp?resize=1024%2C767&#038;ssl=1\" alt=\"f\u00e9rias&#10;\" class=\"wp-image-132112\" style=\"width:672px;height:auto\" title=\"Guia de f\u00e9rias: veja o que fazer com as crian\u00e7as sem sair de Ribeir\u00e3o Preto 10\" srcset=\"https:\/\/cdn.media-acidadeon.com.br\/ribeiraopreto\/wp-content\/uploads\/sites\/3\/2025\/10\/atividades_aniverario_rp_2_2025-10-13_18-09-13-1024x767.webp 1024w, https:\/\/cdn.media-acidadeon.com.br\/ribeiraopreto\/wp-content\/uploads\/sites\/3\/2025\/10\/atividades_aniverario_rp_2_2025-10-13_18-09-13-300x225.webp 300w, https:\/\/cdn.media-acidadeon.com.br\/ribeiraopreto\/wp-content\/uploads\/sites\/3\/2025\/10\/atividades_aniverario_rp_2_2025-10-13_18-09-13-768x575.webp 768w, https:\/\/cdn.media-acidadeon.com.br\/ribeiraopreto\/wp-content\/uploads\/sites\/3\/2025\/10\/atividades_aniverario_rp_2_2025-10-13_18-09-13-696x521.webp 696w, https:\/\/cdn.media-acidadeon.com.br\/ribeiraopreto\/wp-content\/uploads\/sites\/3\/2025\/10\/atividades_aniverario_rp_2_2025-10-13_18-09-13-1068x800.webp 1068w, https:\/\/cdn.media-acidadeon.com.br\/ribeiraopreto\/wp-content\/uploads\/sites\/3\/2025\/10\/atividades_aniverario_rp_2_2025-10-13_18-09-13.webp 1200w\" sizes=\"auto, (max-width: 1024px) 100vw, 1024px\"\/><figcaption class=\"wp-element-caption\">Parque Raya \u2013 Foto: divulga\u00e7\u00e3o.<\/figcaption><\/figure>\n<h3 class=\"wp-block-heading\"><strong>Parque Maur\u00edlio Biagi<\/strong><\/h3>\n<p>\u00d3timo para piqueniques, caminhadas e esportes, esse parque possui pista de corrida, quadras e espa\u00e7o para brincar, aberto das <strong>6h \u00e0s 21h<\/strong>.<\/p>\n<div class=\"wp-block-image\">\n<figure class=\"aligncenter size-large is-resized\"><img data-recalc-dims=\"1\" loading=\"lazy\" decoding=\"async\" width=\"1024\" height=\"683\" src=\"https:\/\/i0.wp.com\/cdn.media-acidadeon.com.br\/ribeiraopreto\/wp-content\/uploads\/sites\/3\/2025\/07\/parque-maurilio-biagi_2025-07-22_13-13-00-1024x683.webp?resize=1024%2C683&#038;ssl=1\" alt=\"Festa ser\u00e1 realizada no Parque Maur\u00edlio Biagi, em Ribeir\u00e3o Preto (Foto: Guilherme Sircili\/CCS Ribeir\u00e3o Preto)\" class=\"wp-image-123433\" style=\"width:688px;height:auto\" title=\"Guia de f\u00e9rias: veja o que fazer com as crian\u00e7as sem sair de Ribeir\u00e3o Preto 11\" srcset=\"https:\/\/cdn.media-acidadeon.com.br\/ribeiraopreto\/wp-content\/uploads\/sites\/3\/2025\/07\/parque-maurilio-biagi_2025-07-22_13-13-00-1024x683.webp 1024w, https:\/\/cdn.media-acidadeon.com.br\/ribeiraopreto\/wp-content\/uploads\/sites\/3\/2025\/07\/parque-maurilio-biagi_2025-07-22_13-13-00-300x200.webp 300w, https:\/\/cdn.media-acidadeon.com.br\/ribeiraopreto\/wp-content\/uploads\/sites\/3\/2025\/07\/parque-maurilio-biagi_2025-07-22_13-13-00-768x512.webp 768w, https:\/\/cdn.media-acidadeon.com.br\/ribeiraopreto\/wp-content\/uploads\/sites\/3\/2025\/07\/parque-maurilio-biagi_2025-07-22_13-13-00-696x464.webp 696w, https:\/\/cdn.media-acidadeon.com.br\/ribeiraopreto\/wp-content\/uploads\/sites\/3\/2025\/07\/parque-maurilio-biagi_2025-07-22_13-13-00-1068x712.webp 1068w, https:\/\/cdn.media-acidadeon.com.br\/ribeiraopreto\/wp-content\/uploads\/sites\/3\/2025\/07\/parque-maurilio-biagi_2025-07-22_13-13-00.webp 1200w\" sizes=\"auto, (max-width: 1024px) 100vw, 1024px\"\/><figcaption class=\"wp-element-caption\">Parque Maur\u00edlio Biagi, em Ribeir\u00e3o Preto (Foto: Guilherme Sircili\/CCS Ribeir\u00e3o Preto)<\/figcaption><\/figure>\n<\/div>\n<h3 class=\"wp-block-heading\"><strong>Parque Tom Jobim<\/strong><\/h3>\n<p>Com quiosques, pista de caminhada, campo de futebol, quadras esportivas e lagoa, esse parque \u00e9 ideal para um dia inteiro de atividades ao ar livre. Aberto das <strong>6h \u00e0s 21h<\/strong>.<\/p>\n<div class=\"wp-block-image\">\n<figure class=\"aligncenter size-large is-resized\"><img data-recalc-dims=\"1\" loading=\"lazy\" decoding=\"async\" width=\"1024\" height=\"683\" src=\"https:\/\/i0.wp.com\/cdn.media-acidadeon.com.br\/ribeiraopreto\/wp-content\/uploads\/sites\/3\/2025\/06\/parque_tom_jobim_-_foto_fernando_gonzaga_2_2025-06-05_19-57-38-1024x683.webp?resize=1024%2C683&#038;ssl=1\" alt=\"Parque Tom Jobim ser\u00e1 fechado temporariamente nesta quinta-feira (5) - Foto: Fernando Gonzaga.\" class=\"wp-image-119034\" style=\"width:658px;height:auto\" title=\"Guia de f\u00e9rias: veja o que fazer com as crian\u00e7as sem sair de Ribeir\u00e3o Preto 12\" srcset=\"https:\/\/cdn.media-acidadeon.com.br\/ribeiraopreto\/wp-content\/uploads\/sites\/3\/2025\/06\/parque_tom_jobim_-_foto_fernando_gonzaga_2_2025-06-05_19-57-38-1024x683.webp 1024w, https:\/\/cdn.media-acidadeon.com.br\/ribeiraopreto\/wp-content\/uploads\/sites\/3\/2025\/06\/parque_tom_jobim_-_foto_fernando_gonzaga_2_2025-06-05_19-57-38-300x200.webp 300w, https:\/\/cdn.media-acidadeon.com.br\/ribeiraopreto\/wp-content\/uploads\/sites\/3\/2025\/06\/parque_tom_jobim_-_foto_fernando_gonzaga_2_2025-06-05_19-57-38-768x512.webp 768w, https:\/\/cdn.media-acidadeon.com.br\/ribeiraopreto\/wp-content\/uploads\/sites\/3\/2025\/06\/parque_tom_jobim_-_foto_fernando_gonzaga_2_2025-06-05_19-57-38-696x464.webp 696w, https:\/\/cdn.media-acidadeon.com.br\/ribeiraopreto\/wp-content\/uploads\/sites\/3\/2025\/06\/parque_tom_jobim_-_foto_fernando_gonzaga_2_2025-06-05_19-57-38-1068x712.webp 1068w, https:\/\/cdn.media-acidadeon.com.br\/ribeiraopreto\/wp-content\/uploads\/sites\/3\/2025\/06\/parque_tom_jobim_-_foto_fernando_gonzaga_2_2025-06-05_19-57-38.webp 1200w\" sizes=\"auto, (max-width: 1024px) 100vw, 1024px\"\/><figcaption class=\"wp-element-caption\">Foto: Fernando Gonzaga.<\/figcaption><\/figure>\n<\/div>\n<hr class=\"wp-block-separator has-alpha-channel-opacity\"\/>\n<p>SAIBA MAIS<br \/>Quando ser\u00e1 o pr\u00f3ximo sorteio da Mega-Sena? Confira o pr\u00eamio estimado<\/p>\n<h2 class=\"wp-block-heading\"><strong>FIQUE ON<\/strong><\/h2>\n<p>Fique ligado em tudo que acontece em Ribeir\u00e3o Preto e regi\u00e3o. Siga os perfis do\u00a0<strong>acidade on<\/strong>\u00a0no<a href=\"https:\/\/www.instagram.com\/acidadeonribeirao\" target=\"_blank\" rel=\"noreferrer noopener\">\u00a0Instagram<\/a>\u00a0e no<a href=\"https:\/\/www.facebook.com\/acidadeonribeirao\/\" target=\"_blank\" rel=\"noreferrer noopener\">\u00a0Facebook<\/a>.<\/p>\n<p>Receba not\u00edcias do<strong>\u00a0acidade on\u00a0<\/strong>no WhatsApp. Para entrar no grupo,\u00a0basta\u00a0<a href=\"https:\/\/chat.whatsapp.com\/GFH9HUMUTHNFJdnyEd0xxq\" target=\"_blank\" rel=\"noreferrer noopener\">clicar aqui<\/a>. Ou, acesse o nosso\u00a0Canal<a href=\"https:\/\/whatsapp.com\/channel\/0029Vb6IQl1JENyAeS57fk2p\" target=\"_blank\" rel=\"noreferrer noopener\">\u00a0clicando aqui<\/a>.<\/p>\n<p>Fa\u00e7a uma den\u00fancia ou sugira uma reportagem sobre Ribeir\u00e3o Preto e regi\u00e3o pelo WhatsApp: 16 99117 7802.<\/p>\n<p>VEJA TAMB\u00c9M<br \/>O erro que ningu\u00e9m v\u00ea no p\u00f3s-evento e as 5 a\u00e7\u00f5es que realmente definem quem cresce<\/p>\n<p><!-- AI CONTENT END 1 -->\n<\/div>\n<p><script async src=\"\/\/www.instagram.com\/embed.js\"><\/script><br \/>\n<br \/><br \/>\n<br \/><a href=\"https:\/\/www.acidadeon.com\/ribeiraopreto\/lazer-e-cultura\/guia-de-ferias-veja-o-que-fazer-com-as-criancas-sem-sair-de-ribeirao-preto\/\">Source link <\/a><\/p>\n<!-- CONTENT END 1 -->\n","protected":false},"excerpt":{"rendered":"<p>As f\u00e9rias escolares j\u00e1 come\u00e7aram e muitos pais buscam alternativas para entreter as crian\u00e7as sem precisar viajar. Em Ribeir\u00e3o Preto, shoppings da cidade oferecem uma&#8230;<\/p>\n","protected":false},"author":1,"featured_media":81521,"comment_status":"open","ping_status":"open","sticky":false,"template":"","format":"standard","meta":{"advanced_seo_description":"","jetpack_seo_html_title":"","jetpack_seo_noindex":false,"jetpack_post_was_ever_published":false,"_jetpack_newsletter_access":"","_jetpack_dont_email_post_to_subs":false,"_jetpack_newsletter_tier_id":0,"_jetpack_memberships_contains_paywalled_content":false,"_jetpack_memberships_contains_paid_content":false,"footnotes":"","jetpack_publicize_message":"","jetpack_publicize_feature_enabled":true,"jetpack_social_post_already_shared":true,"jetpack_social_options":{"image_generator_settings":{"template":"highway","default_image_id":0,"font":"","enabled":false},"version":2}},"categories":[11],"tags":[],"class_list":["post-81520","post","type-post","status-publish","format-standard","has-post-thumbnail","hentry","category-noticias-de-ribeirao-preto-sp-e-regiao-ismael-colosi"],"jetpack_publicize_connections":[],"jetpack_featured_media_url":"https:\/\/i0.wp.com\/noticiasribeiraopreto.com.br\/wp-content\/uploads\/2026\/01\/domingo-27_2026-01-07_19-12-03.webp.webp?fit=1200%2C675&ssl=1","jetpack-related-posts":[{"id":73925,"url":"https:\/\/noticiasribeiraopreto.com.br\/index.php\/2025\/07\/12\/shoppings-de-ribeirao-preto-oferecem-programacao-gratuita-de-ferias-confira\/","url_meta":{"origin":81520,"position":0},"title":"Shoppings de Ribeir\u00e3o Preto oferecem programa\u00e7\u00e3o gratuita de f\u00e9rias; confira","author":"noticiasribeiraopreto.com.br","date":"12 de July de 2025","format":false,"excerpt":"Julho chegou e, com ele, as f\u00e9rias escolares. Para quem busca op\u00e7\u00f5es de lazer sem gastar, os shoppings de Ribeir\u00e3o Preto prepararam uma programa\u00e7\u00e3o especial e totalmente gratuita para crian\u00e7as e toda a fam\u00edlia aproveitarem juntos. Ribeir\u00e3o Preto conta com quatro centro de compras espalhados pela cidade: sendo o Shopping\u2026","rel":"","context":"In &quot;Not\u00edcias de Ribeir\u00e3o Preto-SP e Regi\u00e3o&quot;","block_context":{"text":"Not\u00edcias de Ribeir\u00e3o Preto-SP e Regi\u00e3o","link":"https:\/\/noticiasribeiraopreto.com.br\/index.php\/category\/noticias-de-ribeirao-preto-sp-e-regiao-ismael-colosi\/"},"img":{"alt_text":"","src":"https:\/\/i0.wp.com\/noticiasribeiraopreto.com.br\/wp-content\/uploads\/2025\/07\/Imagem-do-WhatsApp-de-2025-07-12-as-12.58.36_9d2fcab0_2025-07-12_15-59-53.webp.webp?fit=1200%2C800&ssl=1&resize=350%2C200","width":350,"height":200,"srcset":"https:\/\/i0.wp.com\/noticiasribeiraopreto.com.br\/wp-content\/uploads\/2025\/07\/Imagem-do-WhatsApp-de-2025-07-12-as-12.58.36_9d2fcab0_2025-07-12_15-59-53.webp.webp?fit=1200%2C800&ssl=1&resize=350%2C200 1x, https:\/\/i0.wp.com\/noticiasribeiraopreto.com.br\/wp-content\/uploads\/2025\/07\/Imagem-do-WhatsApp-de-2025-07-12-as-12.58.36_9d2fcab0_2025-07-12_15-59-53.webp.webp?fit=1200%2C800&ssl=1&resize=525%2C300 1.5x, https:\/\/i0.wp.com\/noticiasribeiraopreto.com.br\/wp-content\/uploads\/2025\/07\/Imagem-do-WhatsApp-de-2025-07-12-as-12.58.36_9d2fcab0_2025-07-12_15-59-53.webp.webp?fit=1200%2C800&ssl=1&resize=700%2C400 2x, https:\/\/i0.wp.com\/noticiasribeiraopreto.com.br\/wp-content\/uploads\/2025\/07\/Imagem-do-WhatsApp-de-2025-07-12-as-12.58.36_9d2fcab0_2025-07-12_15-59-53.webp.webp?fit=1200%2C800&ssl=1&resize=1050%2C600 3x"},"classes":[]},{"id":27216,"url":"https:\/\/noticiasribeiraopreto.com.br\/index.php\/2024\/01\/11\/shopping-da-zona-sul-de-ribeirao-oferece-atividades-gratuitas-durante-as-ferias-veja-a-programacao\/","url_meta":{"origin":81520,"position":1},"title":"Shopping da zona Sul de Ribeir\u00e3o oferece atividades gratuitas durante as f\u00e9rias; Veja a programa\u00e7\u00e3o","author":"noticiasribeiraopreto.com.br","date":"11 de January de 2024","format":false,"excerpt":"A programa\u00e7\u00e3o especial de f\u00e9rias do Shopping Iguatemi, na zona Sul de Ribeir\u00e3o Preto, come\u00e7ou nesta quinta-feira (11). Com diversas atividades gratuitas e diferentes, as crian\u00e7as poder\u00e3o se divertir durante todo o m\u00eas de janeiro. Al\u00e9m disso, o projeto \u2018Domingo \u00e9 Dia de Teatro\u2019, ser\u00e1 respons\u00e1vel pela apresenta\u00e7\u00e3o de tr\u00eas\u2026","rel":"","context":"In &quot;Not\u00edcias de Ribeir\u00e3o Preto-SP e Regi\u00e3o&quot;","block_context":{"text":"Not\u00edcias de Ribeir\u00e3o Preto-SP e Regi\u00e3o","link":"https:\/\/noticiasribeiraopreto.com.br\/index.php\/category\/noticias-de-ribeirao-preto-sp-e-regiao-ismael-colosi\/"},"img":{"alt_text":"","src":"https:\/\/i0.wp.com\/noticiasribeiraopreto.com.br\/wp-content\/uploads\/2024\/01\/52e469f810c04d97c50c8bd28e7065b2low.jpeg?fit=800%2C533&ssl=1&resize=350%2C200","width":350,"height":200,"srcset":"https:\/\/i0.wp.com\/noticiasribeiraopreto.com.br\/wp-content\/uploads\/2024\/01\/52e469f810c04d97c50c8bd28e7065b2low.jpeg?fit=800%2C533&ssl=1&resize=350%2C200 1x, https:\/\/i0.wp.com\/noticiasribeiraopreto.com.br\/wp-content\/uploads\/2024\/01\/52e469f810c04d97c50c8bd28e7065b2low.jpeg?fit=800%2C533&ssl=1&resize=525%2C300 1.5x, https:\/\/i0.wp.com\/noticiasribeiraopreto.com.br\/wp-content\/uploads\/2024\/01\/52e469f810c04d97c50c8bd28e7065b2low.jpeg?fit=800%2C533&ssl=1&resize=700%2C400 2x"},"classes":[]},{"id":81134,"url":"https:\/\/noticiasribeiraopreto.com.br\/index.php\/2025\/12\/25\/veja-como-fazer-a-inscricao-na-programacao-de-ferias-do-sesi-em-ribeirao-preto\/","url_meta":{"origin":81520,"position":2},"title":"Veja como fazer a inscri\u00e7\u00e3o na programa\u00e7\u00e3o de f\u00e9rias do Sesi em Ribeir\u00e3o Preto","author":"noticiasribeiraopreto.com.br","date":"25 de December de 2025","format":false,"excerpt":"O programa Super F\u00e9rias do Sesi-SP est\u00e1 com o agendamento aberto para as inscri\u00e7\u00f5es em Ribeir\u00e3o Preto. A programa\u00e7\u00e3o \u00e9 voltada para crian\u00e7as de 6 a 12 anos e custa a partir de R$ 180 por semana. Nesta edi\u00e7\u00e3o, o tema \u00e9 \u201cJogos e Brincadeiras do Mundo\u201d, uma proposta que\u2026","rel":"","context":"In &quot;Not\u00edcias de Ribeir\u00e3o Preto-SP e Regi\u00e3o&quot;","block_context":{"text":"Not\u00edcias de Ribeir\u00e3o Preto-SP e Regi\u00e3o","link":"https:\/\/noticiasribeiraopreto.com.br\/index.php\/category\/noticias-de-ribeirao-preto-sp-e-regiao-ismael-colosi\/"},"img":{"alt_text":"","src":"https:\/\/i0.wp.com\/noticiasribeiraopreto.com.br\/wp-content\/uploads\/2025\/12\/ferias-sesi-ribeirao-capa_2025-12-24_19-18-00.webp.webp?fit=1200%2C800&ssl=1&resize=350%2C200","width":350,"height":200,"srcset":"https:\/\/i0.wp.com\/noticiasribeiraopreto.com.br\/wp-content\/uploads\/2025\/12\/ferias-sesi-ribeirao-capa_2025-12-24_19-18-00.webp.webp?fit=1200%2C800&ssl=1&resize=350%2C200 1x, https:\/\/i0.wp.com\/noticiasribeiraopreto.com.br\/wp-content\/uploads\/2025\/12\/ferias-sesi-ribeirao-capa_2025-12-24_19-18-00.webp.webp?fit=1200%2C800&ssl=1&resize=525%2C300 1.5x, https:\/\/i0.wp.com\/noticiasribeiraopreto.com.br\/wp-content\/uploads\/2025\/12\/ferias-sesi-ribeirao-capa_2025-12-24_19-18-00.webp.webp?fit=1200%2C800&ssl=1&resize=700%2C400 2x, https:\/\/i0.wp.com\/noticiasribeiraopreto.com.br\/wp-content\/uploads\/2025\/12\/ferias-sesi-ribeirao-capa_2025-12-24_19-18-00.webp.webp?fit=1200%2C800&ssl=1&resize=1050%2C600 3x"},"classes":[]},{"id":73832,"url":"https:\/\/noticiasribeiraopreto.com.br\/index.php\/2025\/07\/10\/teatro-literatura-e-oficinas-confira-programacao-de-ferias-do-sesi-ribeirao-preto\/","url_meta":{"origin":81520,"position":3},"title":"Teatro, literatura e oficinas: Confira programa\u00e7\u00e3o de f\u00e9rias do Sesi Ribeir\u00e3o Preto","author":"noticiasribeiraopreto.com.br","date":"10 de July de 2025","format":false,"excerpt":"O Sesi Ribeir\u00e3o Preto oferece durante o m\u00eas de julho uma programa\u00e7\u00e3o especial de f\u00e9rias, com teatro, conta\u00e7\u00e3o de hist\u00f3rias e oficinas para as crian\u00e7as e jovens de todas as idades. Os ingressos s\u00e3o gratuitos e devem ser reservados antecipadamente pelo site oficial do Sesi (clique aqui). O que mora\u2026","rel":"","context":"In &quot;Not\u00edcias de Ribeir\u00e3o Preto-SP e Regi\u00e3o&quot;","block_context":{"text":"Not\u00edcias de Ribeir\u00e3o Preto-SP e Regi\u00e3o","link":"https:\/\/noticiasribeiraopreto.com.br\/index.php\/category\/noticias-de-ribeirao-preto-sp-e-regiao-ismael-colosi\/"},"img":{"alt_text":"","src":"https:\/\/i0.wp.com\/noticiasribeiraopreto.com.br\/wp-content\/uploads\/2025\/07\/california-volks-1_2025-07-10_16-12-12.webp.webp?fit=1200%2C675&ssl=1&resize=350%2C200","width":350,"height":200,"srcset":"https:\/\/i0.wp.com\/noticiasribeiraopreto.com.br\/wp-content\/uploads\/2025\/07\/california-volks-1_2025-07-10_16-12-12.webp.webp?fit=1200%2C675&ssl=1&resize=350%2C200 1x, https:\/\/i0.wp.com\/noticiasribeiraopreto.com.br\/wp-content\/uploads\/2025\/07\/california-volks-1_2025-07-10_16-12-12.webp.webp?fit=1200%2C675&ssl=1&resize=525%2C300 1.5x, https:\/\/i0.wp.com\/noticiasribeiraopreto.com.br\/wp-content\/uploads\/2025\/07\/california-volks-1_2025-07-10_16-12-12.webp.webp?fit=1200%2C675&ssl=1&resize=700%2C400 2x, https:\/\/i0.wp.com\/noticiasribeiraopreto.com.br\/wp-content\/uploads\/2025\/07\/california-volks-1_2025-07-10_16-12-12.webp.webp?fit=1200%2C675&ssl=1&resize=1050%2C600 3x"},"classes":[]},{"id":73721,"url":"https:\/\/noticiasribeiraopreto.com.br\/index.php\/2025\/07\/08\/museu-casa-da-memoria-italiana-oferece-programacao-gratuita-de-ferias\/","url_meta":{"origin":81520,"position":4},"title":"Museu Casa da Mem\u00f3ria Italiana oferece programa\u00e7\u00e3o gratuita de f\u00e9rias","author":"noticiasribeiraopreto.com.br","date":"8 de July de 2025","format":false,"excerpt":"Durante o m\u00eas de julho, o Museu Casa da Mem\u00f3ria Italiana oferece uma programa\u00e7\u00e3o gratuita e especial de f\u00e9rias para as crian\u00e7as. As atividades unem cultura, m\u00fasica e tradi\u00e7\u00e3o entre os dias 10 a 13 de julho. Com exce\u00e7\u00e3o do domingo (13), as vagas s\u00e3o limitadas, com agendamento pr\u00e9vio. F\u00e9rias\u2026","rel":"","context":"In &quot;Not\u00edcias de Ribeir\u00e3o Preto-SP e Regi\u00e3o&quot;","block_context":{"text":"Not\u00edcias de Ribeir\u00e3o Preto-SP e Regi\u00e3o","link":"https:\/\/noticiasribeiraopreto.com.br\/index.php\/category\/noticias-de-ribeirao-preto-sp-e-regiao-ismael-colosi\/"},"img":{"alt_text":"","src":"https:\/\/i0.wp.com\/noticiasribeiraopreto.com.br\/wp-content\/uploads\/2025\/07\/Atividade-com-criancas_2025-07-08_13-50-38.webp.webp?fit=1200%2C900&ssl=1&resize=350%2C200","width":350,"height":200,"srcset":"https:\/\/i0.wp.com\/noticiasribeiraopreto.com.br\/wp-content\/uploads\/2025\/07\/Atividade-com-criancas_2025-07-08_13-50-38.webp.webp?fit=1200%2C900&ssl=1&resize=350%2C200 1x, https:\/\/i0.wp.com\/noticiasribeiraopreto.com.br\/wp-content\/uploads\/2025\/07\/Atividade-com-criancas_2025-07-08_13-50-38.webp.webp?fit=1200%2C900&ssl=1&resize=525%2C300 1.5x, https:\/\/i0.wp.com\/noticiasribeiraopreto.com.br\/wp-content\/uploads\/2025\/07\/Atividade-com-criancas_2025-07-08_13-50-38.webp.webp?fit=1200%2C900&ssl=1&resize=700%2C400 2x, https:\/\/i0.wp.com\/noticiasribeiraopreto.com.br\/wp-content\/uploads\/2025\/07\/Atividade-com-criancas_2025-07-08_13-50-38.webp.webp?fit=1200%2C900&ssl=1&resize=1050%2C600 3x"},"classes":[]},{"id":28066,"url":"https:\/\/noticiasribeiraopreto.com.br\/index.php\/2024\/01\/14\/casa-da-memoria-italiana-tem-programacao-gratuita-para-as-ferias-em-ribeirao-preto\/","url_meta":{"origin":81520,"position":5},"title":"Casa da Mem\u00f3ria Italiana tem programa\u00e7\u00e3o gratuita para as f\u00e9rias em Ribeir\u00e3o Preto","author":"noticiasribeiraopreto.com.br","date":"14 de January de 2024","format":false,"excerpt":"O Museu Casa da Mem\u00f3ria Italiana, em Ribeir\u00e3o Preto, anunciou uma programa\u00e7\u00e3o especial de f\u00e9rias nos dias 20 e 27 de janeiro. A a\u00e7\u00e3o faz parte do in\u00edcio da celebra\u00e7\u00e3o dos 150 anos da imigra\u00e7\u00e3o italiana no Brasil. Voltada para crian\u00e7as de 6 a 12 anos, o museu pretende unir\u2026","rel":"","context":"In &quot;Not\u00edcias de Ribeir\u00e3o Preto-SP e Regi\u00e3o&quot;","block_context":{"text":"Not\u00edcias de Ribeir\u00e3o Preto-SP e Regi\u00e3o","link":"https:\/\/noticiasribeiraopreto.com.br\/index.php\/category\/noticias-de-ribeirao-preto-sp-e-regiao-ismael-colosi\/"},"img":{"alt_text":"","src":"https:\/\/i0.wp.com\/noticiasribeiraopreto.com.br\/wp-content\/uploads\/2024\/01\/WhatsApp-Image-2024-01-12-at-15.11.37.jpeg?fit=1200%2C675&ssl=1&resize=350%2C200","width":350,"height":200,"srcset":"https:\/\/i0.wp.com\/noticiasribeiraopreto.com.br\/wp-content\/uploads\/2024\/01\/WhatsApp-Image-2024-01-12-at-15.11.37.jpeg?fit=1200%2C675&ssl=1&resize=350%2C200 1x, https:\/\/i0.wp.com\/noticiasribeiraopreto.com.br\/wp-content\/uploads\/2024\/01\/WhatsApp-Image-2024-01-12-at-15.11.37.jpeg?fit=1200%2C675&ssl=1&resize=525%2C300 1.5x, https:\/\/i0.wp.com\/noticiasribeiraopreto.com.br\/wp-content\/uploads\/2024\/01\/WhatsApp-Image-2024-01-12-at-15.11.37.jpeg?fit=1200%2C675&ssl=1&resize=700%2C400 2x, https:\/\/i0.wp.com\/noticiasribeiraopreto.com.br\/wp-content\/uploads\/2024\/01\/WhatsApp-Image-2024-01-12-at-15.11.37.jpeg?fit=1200%2C675&ssl=1&resize=1050%2C600 3x"},"classes":[]}],"jetpack_sharing_enabled":true,"jetpack_shortlink":"https:\/\/wp.me\/peQAOb-lcQ","_links":{"self":[{"href":"https:\/\/noticiasribeiraopreto.com.br\/index.php\/wp-json\/wp\/v2\/posts\/81520","targetHints":{"allow":["GET"]}}],"collection":[{"href":"https:\/\/noticiasribeiraopreto.com.br\/index.php\/wp-json\/wp\/v2\/posts"}],"about":[{"href":"https:\/\/noticiasribeiraopreto.com.br\/index.php\/wp-json\/wp\/v2\/types\/post"}],"author":[{"embeddable":true,"href":"https:\/\/noticiasribeiraopreto.com.br\/index.php\/wp-json\/wp\/v2\/users\/1"}],"replies":[{"embeddable":true,"href":"https:\/\/noticiasribeiraopreto.com.br\/index.php\/wp-json\/wp\/v2\/comments?post=81520"}],"version-history":[{"count":0,"href":"https:\/\/noticiasribeiraopreto.com.br\/index.php\/wp-json\/wp\/v2\/posts\/81520\/revisions"}],"wp:featuredmedia":[{"embeddable":true,"href":"https:\/\/noticiasribeiraopreto.com.br\/index.php\/wp-json\/wp\/v2\/media\/81521"}],"wp:attachment":[{"href":"https:\/\/noticiasribeiraopreto.com.br\/index.php\/wp-json\/wp\/v2\/media?parent=81520"}],"wp:term":[{"taxonomy":"category","embeddable":true,"href":"https:\/\/noticiasribeiraopreto.com.br\/index.php\/wp-json\/wp\/v2\/categories?post=81520"},{"taxonomy":"post_tag","embeddable":true,"href":"https:\/\/noticiasribeiraopreto.com.br\/index.php\/wp-json\/wp\/v2\/tags?post=81520"}],"curies":[{"name":"wp","href":"https:\/\/api.w.org\/{rel}","templated":true}]}}