{"id":81522,"date":"2026-01-08T08:44:46","date_gmt":"2026-01-08T11:44:46","guid":{"rendered":"https:\/\/noticiasribeiraopreto.com.br\/index.php\/2026\/01\/08\/lei-que-proibe-descontos-em-beneficios-do-inss-e-sancionada\/"},"modified":"2026-01-08T08:44:46","modified_gmt":"2026-01-08T11:44:46","slug":"lei-que-proibe-descontos-em-beneficios-do-inss-e-sancionada","status":"publish","type":"post","link":"https:\/\/noticiasribeiraopreto.com.br\/index.php\/2026\/01\/08\/lei-que-proibe-descontos-em-beneficios-do-inss-e-sancionada\/","title":{"rendered":"Lei que pro\u00edbe descontos em benef\u00edcios do INSS \u00e9 sancionada"},"content":{"rendered":"<div class='code-block code-block-1' style='margin: 8px 0 8px auto; text-align: right; display: block; clear: both;'>\n<p><a href=\"https:\/\/wa.link\/vpicfd\"><img data-recalc-dims=\"1\" class=\"wp-image-4922\" style=\"aspect-ratio: 2.0253164556962027; width: 561px; height: auto;\" src=\"https:\/\/i0.wp.com\/ismaelcolosi.com.br\/wp-content\/uploads\/2023\/11\/grupo-de-empregos-whatsapp-e-facebook-ismael-colosi-vagas.jpg?ssl=1\" alt=\"\" \/><\/a><\/p>\n<!-- \/wp:image -->\n<\/div>\n<p> <br \/>\n<\/p>\n<div>\n<p>O presidente<strong> Luiz In\u00e1cio Lula da Silva (PT)<\/strong> sancionou a lei que pro\u00edbe descontos de mensalidades de associa\u00e7\u00f5es nos benef\u00edcios administrados pelo <strong>INSS (Instituto Nacional do Seguro Social)<\/strong>. A nova legisla\u00e7\u00e3o determina ainda busca ativa a benefici\u00e1rios lesados em decorr\u00eancia de descontos indevidos e prev\u00ea o seu ressarcimento.<\/p>\n<p>A mudan\u00e7a, promovida na Lei dos Planos de Benef\u00edcios da Previd\u00eancia Social (Lei 8.213\/1991), veda o desconto mesmo com a autoriza\u00e7\u00e3o expressa do benefici\u00e1rio, atribuindo a obriga\u00e7\u00e3o de ressarcimento de desconto indevido a associa\u00e7\u00e3o ou a institui\u00e7\u00e3o financeira em at\u00e9 30 dias. A exce\u00e7\u00e3o \u00e9 para autoriza\u00e7\u00e3o pr\u00e9via, pessoal e espec\u00edfica, com autentica\u00e7\u00e3o por biometria, com reconhecimento facial ou impress\u00e3o digital e assinatura eletr\u00f4nica.<\/p>\n<p>A nova lei foi publicada no<strong><a href=\"https:\/\/www.in.gov.br\/web\/dou\/-\/lei-n-15.327-de-6-de-janeiro-de-2026-679850022\" data-type=\"link\" data-id=\"https:\/\/www.in.gov.br\/web\/dou\/-\/lei-n-15.327-de-6-de-janeiro-de-2026-679850022\" target=\"_blank\" rel=\"noopener\"> Di\u00e1rio Oficial da Uni\u00e3o<\/a><\/strong> desta quarta-feira (7) e tamb\u00e9m disciplina o sequestro de bens de pessoas investigadas ou acusadas pelos crimes relativos ao descontos indevidos nos benef\u00edcios do INSS.<\/p>\n<h2 class=\"wp-block-heading\"><strong>Opera\u00e7\u00e3o Sem Desconto<\/strong><\/h2>\n<p>O debate que resultou com a mudan\u00e7a na legisla\u00e7\u00e3o teve in\u00edcio ap\u00f3s a<strong> PF (Pol\u00edcia Federal)<\/strong> e a <strong>CGU (Controladoria-Geral da Uni\u00e3o) <\/strong>deflagrarem a <strong>Opera\u00e7\u00e3o Sem Desconto<\/strong>, em abril de 2025.<\/p>\n<p>A investiga\u00e7\u00e3o tornou p\u00fablica a exist\u00eancia de um esquema que lesou milh\u00f5es de benefici\u00e1rios do INSS em todo o Brasil. Desde ent\u00e3o, todos os acordos de coopera\u00e7\u00e3o t\u00e9cnica que permitiam mensalidades associativas diretamente nos benef\u00edcios foram suspensos. Uma for\u00e7a-tarefa foi iniciada para a devolu\u00e7\u00e3o dos valores aos pensionistas lesados.<\/p>\n<p>De acordo com o \u00faltimo balan\u00e7o do INSS, at\u00e9 o dia 5 de janeiro j\u00e1 foram ressarcidos R$ 2.835.784.151,87 \u00e0s v\u00edtimas de descontos irregulares de mensalidades cobradas por associa\u00e7\u00f5es, sindicatos, entidades de classe e organiza\u00e7\u00f5es em benef\u00edcios previdenci\u00e1rios.<\/p>\n<p>O valor corresponde a 4.160.369 solicita\u00e7\u00f5es de contesta\u00e7\u00e3o apresentadas por aposentados e pensionistas que questionaram os descontos irregulares.<\/p>\n<p>Mais de 72,5 milh\u00f5es de consultas sobre descontos indevidos foram registradas no aplicativo Meu INSS, das quais 38,7 milh\u00f5es constataram a inexist\u00eancia do desconto. Ainda h\u00e1 mais de 6,3 milh\u00f5es de pedidos de contesta\u00e7\u00f5es em aberto. J\u00e1 foram reconhecidos 131.715 casos de descontos indevidos (com informa\u00e7\u00f5es <strong>Fab\u00edola Sinimb\u00fa\/Ag\u00eancia Brasil<\/strong>).<\/p>\n<p>SAIBA MAIS<br \/>Vem chuva? Confira a previs\u00e3o do tempo nesta quarta-feira em Ribeir\u00e3o Preto<\/p>\n<h2 class=\"wp-block-heading\"><strong>FIQUE ON<\/strong><\/h2>\n<p>Fique ligado em tudo que acontece em Ribeir\u00e3o Preto e regi\u00e3o. Siga os perfis do\u00a0<strong>acidade on\u00a0<\/strong>no\u00a0<a href=\"https:\/\/www.instagram.com\/acidadeonribeirao\" target=\"_blank\" rel=\"noreferrer noopener\">Instagram<\/a>\u00a0e no\u00a0<a href=\"https:\/\/www.facebook.com\/acidadeonribeirao\/\" target=\"_blank\" rel=\"noreferrer noopener\">Facebook<\/a>.<\/p>\n<p>Receba not\u00edcias do\u00a0<strong>acidade on<\/strong>\u00a0no WhatsApp. Para entrar no grupo,\u00a0basta\u00a0<a href=\"https:\/\/chat.whatsapp.com\/GFH9HUMUTHNFJdnyEd0xxq\" target=\"_blank\" rel=\"noreferrer noopener\">clicar aqui<\/a>. Ou, acesse o nosso\u00a0Canal\u00a0<a href=\"https:\/\/whatsapp.com\/channel\/0029Vb6IQl1JENyAeS57fk2p\" target=\"_blank\" rel=\"noreferrer noopener\">clicando aqui<\/a>.<\/p>\n<p>Fa\u00e7a uma den\u00fancia ou sugira uma reportagem sobre Ribeir\u00e3o Preto e regi\u00e3o pelo WhatsApp: 16 99117 7802.<\/p>\n<p>VEJA TAMB\u00c9M<br \/>BBB 26: como funciona o Cartola, novo fantasy game do reality?<\/p>\n<p><!-- AI CONTENT END 1 -->\n<\/div>\n<p><script async src=\"\/\/www.instagram.com\/embed.js\"><\/script><br \/>\n<br \/><br \/>\n<br \/><a href=\"https:\/\/www.acidadeon.com\/ribeiraopreto\/politica\/lei-que-proibe-descontos-em-beneficios-do-inss-e-sancionada\/\">Source link <\/a><\/p>\n<!-- CONTENT END 1 -->\n","protected":false},"excerpt":{"rendered":"<p>O presidente Luiz In\u00e1cio Lula da Silva (PT) sancionou a lei que pro\u00edbe descontos de mensalidades de associa\u00e7\u00f5es nos benef\u00edcios administrados pelo INSS (Instituto Nacional&#8230;<\/p>\n","protected":false},"author":1,"featured_media":81523,"comment_status":"open","ping_status":"open","sticky":false,"template":"","format":"standard","meta":{"advanced_seo_description":"","jetpack_seo_html_title":"","jetpack_seo_noindex":false,"jetpack_post_was_ever_published":false,"_jetpack_newsletter_access":"","_jetpack_dont_email_post_to_subs":false,"_jetpack_newsletter_tier_id":0,"_jetpack_memberships_contains_paywalled_content":false,"_jetpack_memberships_contains_paid_content":false,"footnotes":"","jetpack_publicize_message":"","jetpack_publicize_feature_enabled":true,"jetpack_social_post_already_shared":true,"jetpack_social_options":{"image_generator_settings":{"template":"highway","default_image_id":0,"font":"","enabled":false},"version":2}},"categories":[11],"tags":[],"class_list":["post-81522","post","type-post","status-publish","format-standard","has-post-thumbnail","hentry","category-noticias-de-ribeirao-preto-sp-e-regiao-ismael-colosi"],"jetpack_publicize_connections":[],"jetpack_featured_media_url":"https:\/\/i0.wp.com\/noticiasribeiraopreto.com.br\/wp-content\/uploads\/2026\/01\/inss-descontos_2026-01-07_18-42-15.webp.webp?fit=1170%2C700&ssl=1","jetpack-related-posts":[{"id":68349,"url":"https:\/\/noticiasribeiraopreto.com.br\/index.php\/2025\/04\/24\/jornal-da-franca-fraude-no-inss-como-descobrir-se-voce-teve-valores-descontados-e-o-que-fazer\/","url_meta":{"origin":81522,"position":0},"title":"Jornal da Franca &#8211; Fraude no INSS: como descobrir se voc\u00ea teve valores descontados e o que fazer","author":"noticiasribeiraopreto.com.br","date":"24 de April de 2025","format":false,"excerpt":"compartilhar no whatsapp compartilhar no telegram compartilhar no facebook compartilhar no linkedin Descontos irregulares em pagamentos de aposentadorias e pens\u00f5es do INSS ultrapassa R$ 6 bilh\u00f5es Descontos irregulares em aposentadorias e pens\u00f5es do INSS ultrapassa R$ 6 bilh\u00f5es \u2013 foto Arquivo \u00a0 Uma opera\u00e7\u00e3o realizada na quarta-feira (23) pela Pol\u00edcia\u2026","rel":"","context":"In &quot;Not\u00edcias de Franca-SP&quot;","block_context":{"text":"Not\u00edcias de Franca-SP","link":"https:\/\/noticiasribeiraopreto.com.br\/index.php\/category\/noticias-de-ribeirao-preto-sp-e-regiao-ismael-colosi\/noticias-franca-sp\/"},"img":{"alt_text":"","src":"https:\/\/i0.wp.com\/noticiasribeiraopreto.com.br\/wp-content\/uploads\/2025\/04\/Meu-INSS-3.jpg?fit=888%2C591&ssl=1&resize=350%2C200","width":350,"height":200,"srcset":"https:\/\/i0.wp.com\/noticiasribeiraopreto.com.br\/wp-content\/uploads\/2025\/04\/Meu-INSS-3.jpg?fit=888%2C591&ssl=1&resize=350%2C200 1x, https:\/\/i0.wp.com\/noticiasribeiraopreto.com.br\/wp-content\/uploads\/2025\/04\/Meu-INSS-3.jpg?fit=888%2C591&ssl=1&resize=525%2C300 1.5x, https:\/\/i0.wp.com\/noticiasribeiraopreto.com.br\/wp-content\/uploads\/2025\/04\/Meu-INSS-3.jpg?fit=888%2C591&ssl=1&resize=700%2C400 2x"},"classes":[]},{"id":70160,"url":"https:\/\/noticiasribeiraopreto.com.br\/index.php\/2025\/05\/23\/correios-vao-atender-aposentados-lesados\/","url_meta":{"origin":81522,"position":1},"title":"Correios v\u00e3o atender aposentados lesados\u00a0","author":"noticiasribeiraopreto.com.br","date":"23 de May de 2025","format":false,"excerpt":"23 de maio de 2025 09:3023 de maio de 2025 08:238 Compartilhar0 O presidente do Instituto Nacional do Seguro Social (INSS), Gilberto Waller, afirmou nesta quinta-feira, 22 de maio, que mais de onze milh\u00f5es de brasileiros fizeram consulta aos canais do governo para saber se tiveram descontos ou n\u00e3o. De\u2026","rel":"","context":"In &quot;Not\u00edcias de Ribeir\u00e3o Preto-SP e Regi\u00e3o&quot;","block_context":{"text":"Not\u00edcias de Ribeir\u00e3o Preto-SP e Regi\u00e3o","link":"https:\/\/noticiasribeiraopreto.com.br\/index.php\/category\/noticias-de-ribeirao-preto-sp-e-regiao-ismael-colosi\/"},"img":{"alt_text":"","src":"https:\/\/i0.wp.com\/noticiasribeiraopreto.com.br\/wp-content\/uploads\/2025\/05\/Correios-Joedson-Alves-Ag.Br_.jpg?fit=1170%2C700&ssl=1&resize=350%2C200","width":350,"height":200,"srcset":"https:\/\/i0.wp.com\/noticiasribeiraopreto.com.br\/wp-content\/uploads\/2025\/05\/Correios-Joedson-Alves-Ag.Br_.jpg?fit=1170%2C700&ssl=1&resize=350%2C200 1x, https:\/\/i0.wp.com\/noticiasribeiraopreto.com.br\/wp-content\/uploads\/2025\/05\/Correios-Joedson-Alves-Ag.Br_.jpg?fit=1170%2C700&ssl=1&resize=525%2C300 1.5x, https:\/\/i0.wp.com\/noticiasribeiraopreto.com.br\/wp-content\/uploads\/2025\/05\/Correios-Joedson-Alves-Ag.Br_.jpg?fit=1170%2C700&ssl=1&resize=700%2C400 2x, https:\/\/i0.wp.com\/noticiasribeiraopreto.com.br\/wp-content\/uploads\/2025\/05\/Correios-Joedson-Alves-Ag.Br_.jpg?fit=1170%2C700&ssl=1&resize=1050%2C600 3x"},"classes":[]},{"id":68337,"url":"https:\/\/noticiasribeiraopreto.com.br\/index.php\/2025\/04\/24\/veja-como-pedir-exclusao-de-desconto-indevido-em-beneficios-do-inss\/","url_meta":{"origin":81522,"position":2},"title":"Veja como pedir exclus\u00e3o de desconto indevido em benef\u00edcios do INSS","author":"noticiasribeiraopreto.com.br","date":"24 de April de 2025","format":false,"excerpt":"O aposentado ou pensionista do INSS (Instituto Nacional do Seguro Social) que teve descontos indevidos por associa\u00e7\u00f5es pode suspender a retirada do dinheiro. O processo pode ser feito digitalmente, por meio do aplicativo Meu INSS ou pelo site de mesmo nome \u2013 veja abaixo. Na \u00faltima quarta-feira (23), a Pol\u00edcia\u2026","rel":"","context":"In &quot;Not\u00edcias de Ribeir\u00e3o Preto-SP e Regi\u00e3o&quot;","block_context":{"text":"Not\u00edcias de Ribeir\u00e3o Preto-SP e Regi\u00e3o","link":"https:\/\/noticiasribeiraopreto.com.br\/index.php\/category\/noticias-de-ribeirao-preto-sp-e-regiao-ismael-colosi\/"},"img":{"alt_text":"","src":"https:\/\/i0.wp.com\/noticiasribeiraopreto.com.br\/wp-content\/uploads\/2025\/04\/idoso-inss_2025-04-24_17-07-42.webp.webp?fit=1170%2C700&ssl=1&resize=350%2C200","width":350,"height":200,"srcset":"https:\/\/i0.wp.com\/noticiasribeiraopreto.com.br\/wp-content\/uploads\/2025\/04\/idoso-inss_2025-04-24_17-07-42.webp.webp?fit=1170%2C700&ssl=1&resize=350%2C200 1x, https:\/\/i0.wp.com\/noticiasribeiraopreto.com.br\/wp-content\/uploads\/2025\/04\/idoso-inss_2025-04-24_17-07-42.webp.webp?fit=1170%2C700&ssl=1&resize=525%2C300 1.5x, https:\/\/i0.wp.com\/noticiasribeiraopreto.com.br\/wp-content\/uploads\/2025\/04\/idoso-inss_2025-04-24_17-07-42.webp.webp?fit=1170%2C700&ssl=1&resize=700%2C400 2x, https:\/\/i0.wp.com\/noticiasribeiraopreto.com.br\/wp-content\/uploads\/2025\/04\/idoso-inss_2025-04-24_17-07-42.webp.webp?fit=1170%2C700&ssl=1&resize=1050%2C600 3x"},"classes":[]},{"id":69433,"url":"https:\/\/noticiasribeiraopreto.com.br\/index.php\/2025\/05\/06\/ressarcimento-para-aposentados-pode-envolver-o-tesouro\/","url_meta":{"origin":81522,"position":3},"title":"Ressarcimento para aposentados pode envolver o Tesouro\u00a0","author":"noticiasribeiraopreto.com.br","date":"6 de May de 2025","format":false,"excerpt":"6 de maio de 2025 09:305 de maio de 2025 23:047 Compartilhar0 O novo presidente do Instituto Nacional do Seguro Social (INSS), Gilberto Waller J\u00fanior, afirmou, nesta segunda-feira, 5 de maio, que o governo ir\u00e1 cobrar ressarcimento dos conglomerados de empresas envolvidos nos descontos indevidos em aposentadorias e pens\u00f5es. \u201cVamos\u2026","rel":"","context":"In &quot;Not\u00edcias de Ribeir\u00e3o Preto-SP e Regi\u00e3o&quot;","block_context":{"text":"Not\u00edcias de Ribeir\u00e3o Preto-SP e Regi\u00e3o","link":"https:\/\/noticiasribeiraopreto.com.br\/index.php\/category\/noticias-de-ribeirao-preto-sp-e-regiao-ismael-colosi\/"},"img":{"alt_text":"","src":"https:\/\/i0.wp.com\/noticiasribeiraopreto.com.br\/wp-content\/uploads\/2025\/05\/FraudeINSS-CGU-Divulgacao.jpg?fit=1170%2C700&ssl=1&resize=350%2C200","width":350,"height":200,"srcset":"https:\/\/i0.wp.com\/noticiasribeiraopreto.com.br\/wp-content\/uploads\/2025\/05\/FraudeINSS-CGU-Divulgacao.jpg?fit=1170%2C700&ssl=1&resize=350%2C200 1x, https:\/\/i0.wp.com\/noticiasribeiraopreto.com.br\/wp-content\/uploads\/2025\/05\/FraudeINSS-CGU-Divulgacao.jpg?fit=1170%2C700&ssl=1&resize=525%2C300 1.5x, https:\/\/i0.wp.com\/noticiasribeiraopreto.com.br\/wp-content\/uploads\/2025\/05\/FraudeINSS-CGU-Divulgacao.jpg?fit=1170%2C700&ssl=1&resize=700%2C400 2x, https:\/\/i0.wp.com\/noticiasribeiraopreto.com.br\/wp-content\/uploads\/2025\/05\/FraudeINSS-CGU-Divulgacao.jpg?fit=1170%2C700&ssl=1&resize=1050%2C600 3x"},"classes":[]},{"id":74594,"url":"https:\/\/noticiasribeiraopreto.com.br\/index.php\/2025\/07\/25\/reembolso-do-inss-atinge-400-mil-idosos-no-1o-dia\/","url_meta":{"origin":81522,"position":4},"title":"Reembolso do INSS atinge 400 mil idosos no 1\u00ba dia","author":"noticiasribeiraopreto.com.br","date":"25 de July de 2025","format":false,"excerpt":"25 de julho de 2025 09:370 Compartilhar0 O governo federal iniciou nesta quinta-feira, 24 de julho, os dep\u00f3sitos para benefici\u00e1rios que formalizaram a ades\u00e3o ao acordo de ressarcimento a aposentados e pensionistas que sofreram descontos indevidos no INSS. Os pagamentos s\u00e3o feitos na mesma conta em que o benef\u00edcio do\u2026","rel":"","context":"In &quot;Not\u00edcias de Ribeir\u00e3o Preto-SP e Regi\u00e3o&quot;","block_context":{"text":"Not\u00edcias de Ribeir\u00e3o Preto-SP e Regi\u00e3o","link":"https:\/\/noticiasribeiraopreto.com.br\/index.php\/category\/noticias-de-ribeirao-preto-sp-e-regiao-ismael-colosi\/"},"img":{"alt_text":"","src":"https:\/\/i0.wp.com\/noticiasribeiraopreto.com.br\/wp-content\/uploads\/2025\/07\/FraudeINSS-Joedson-Alves-Ag.Br_-2.jpg?fit=1170%2C700&ssl=1&resize=350%2C200","width":350,"height":200,"srcset":"https:\/\/i0.wp.com\/noticiasribeiraopreto.com.br\/wp-content\/uploads\/2025\/07\/FraudeINSS-Joedson-Alves-Ag.Br_-2.jpg?fit=1170%2C700&ssl=1&resize=350%2C200 1x, https:\/\/i0.wp.com\/noticiasribeiraopreto.com.br\/wp-content\/uploads\/2025\/07\/FraudeINSS-Joedson-Alves-Ag.Br_-2.jpg?fit=1170%2C700&ssl=1&resize=525%2C300 1.5x, https:\/\/i0.wp.com\/noticiasribeiraopreto.com.br\/wp-content\/uploads\/2025\/07\/FraudeINSS-Joedson-Alves-Ag.Br_-2.jpg?fit=1170%2C700&ssl=1&resize=700%2C400 2x, https:\/\/i0.wp.com\/noticiasribeiraopreto.com.br\/wp-content\/uploads\/2025\/07\/FraudeINSS-Joedson-Alves-Ag.Br_-2.jpg?fit=1170%2C700&ssl=1&resize=1050%2C600 3x"},"classes":[]},{"id":70813,"url":"https:\/\/noticiasribeiraopreto.com.br\/index.php\/2025\/05\/30\/jornal-da-franca-consulte-a-lista-de-agencias-dos-correios-para-atendimento-sobre-descontos-indevidos\/","url_meta":{"origin":81522,"position":5},"title":"Jornal da Franca &#8211; Consulte a lista de ag\u00eancias dos Correios para atendimento sobre descontos indevidos","author":"noticiasribeiraopreto.com.br","date":"30 de May de 2025","format":false,"excerpt":"compartilhar no whatsapp compartilhar no telegram compartilhar no facebook compartilhar no linkedin Ningu\u00e9m do INSS ou dos Correios est\u00e1 autorizado a ir at\u00e9 a casa dos benefici\u00e1rios. Se algu\u00e9m aparecer dizendo ser do INSS ou dos Correios, \u00e9 golpe! A partir desta sexta-feira, 30 de maio, aposentados e pensionistas do\u2026","rel":"","context":"In &quot;Not\u00edcias de Franca-SP&quot;","block_context":{"text":"Not\u00edcias de Franca-SP","link":"https:\/\/noticiasribeiraopreto.com.br\/index.php\/category\/noticias-de-ribeirao-preto-sp-e-regiao-ismael-colosi\/noticias-franca-sp\/"},"img":{"alt_text":"","src":"https:\/\/i0.wp.com\/noticiasribeiraopreto.com.br\/wp-content\/uploads\/2025\/05\/inss-contribuicao-shutterstock.jpg?fit=1200%2C675&ssl=1&resize=350%2C200","width":350,"height":200,"srcset":"https:\/\/i0.wp.com\/noticiasribeiraopreto.com.br\/wp-content\/uploads\/2025\/05\/inss-contribuicao-shutterstock.jpg?fit=1200%2C675&ssl=1&resize=350%2C200 1x, https:\/\/i0.wp.com\/noticiasribeiraopreto.com.br\/wp-content\/uploads\/2025\/05\/inss-contribuicao-shutterstock.jpg?fit=1200%2C675&ssl=1&resize=525%2C300 1.5x, https:\/\/i0.wp.com\/noticiasribeiraopreto.com.br\/wp-content\/uploads\/2025\/05\/inss-contribuicao-shutterstock.jpg?fit=1200%2C675&ssl=1&resize=700%2C400 2x, https:\/\/i0.wp.com\/noticiasribeiraopreto.com.br\/wp-content\/uploads\/2025\/05\/inss-contribuicao-shutterstock.jpg?fit=1200%2C675&ssl=1&resize=1050%2C600 3x"},"classes":[]}],"jetpack_sharing_enabled":true,"jetpack_shortlink":"https:\/\/wp.me\/peQAOb-lcS","_links":{"self":[{"href":"https:\/\/noticiasribeiraopreto.com.br\/index.php\/wp-json\/wp\/v2\/posts\/81522","targetHints":{"allow":["GET"]}}],"collection":[{"href":"https:\/\/noticiasribeiraopreto.com.br\/index.php\/wp-json\/wp\/v2\/posts"}],"about":[{"href":"https:\/\/noticiasribeiraopreto.com.br\/index.php\/wp-json\/wp\/v2\/types\/post"}],"author":[{"embeddable":true,"href":"https:\/\/noticiasribeiraopreto.com.br\/index.php\/wp-json\/wp\/v2\/users\/1"}],"replies":[{"embeddable":true,"href":"https:\/\/noticiasribeiraopreto.com.br\/index.php\/wp-json\/wp\/v2\/comments?post=81522"}],"version-history":[{"count":0,"href":"https:\/\/noticiasribeiraopreto.com.br\/index.php\/wp-json\/wp\/v2\/posts\/81522\/revisions"}],"wp:featuredmedia":[{"embeddable":true,"href":"https:\/\/noticiasribeiraopreto.com.br\/index.php\/wp-json\/wp\/v2\/media\/81523"}],"wp:attachment":[{"href":"https:\/\/noticiasribeiraopreto.com.br\/index.php\/wp-json\/wp\/v2\/media?parent=81522"}],"wp:term":[{"taxonomy":"category","embeddable":true,"href":"https:\/\/noticiasribeiraopreto.com.br\/index.php\/wp-json\/wp\/v2\/categories?post=81522"},{"taxonomy":"post_tag","embeddable":true,"href":"https:\/\/noticiasribeiraopreto.com.br\/index.php\/wp-json\/wp\/v2\/tags?post=81522"}],"curies":[{"name":"wp","href":"https:\/\/api.w.org\/{rel}","templated":true}]}}