{"id":81524,"date":"2026-01-08T09:24:34","date_gmt":"2026-01-08T12:24:34","guid":{"rendered":"https:\/\/noticiasribeiraopreto.com.br\/index.php\/2026\/01\/08\/stf-ja-condenou-mais-de-800-reus-pela-trama-golpista\/"},"modified":"2026-01-08T09:24:34","modified_gmt":"2026-01-08T12:24:34","slug":"stf-ja-condenou-mais-de-800-reus-pela-trama-golpista","status":"publish","type":"post","link":"https:\/\/noticiasribeiraopreto.com.br\/index.php\/2026\/01\/08\/stf-ja-condenou-mais-de-800-reus-pela-trama-golpista\/","title":{"rendered":"STF j\u00e1 condenou mais de 800 r\u00e9us pela trama golpista"},"content":{"rendered":"<div class='code-block code-block-1' style='margin: 8px 0 8px auto; text-align: right; display: block; clear: both;'>\n<p><a href=\"https:\/\/wa.link\/vpicfd\"><img data-recalc-dims=\"1\" class=\"wp-image-4922\" style=\"aspect-ratio: 2.0253164556962027; width: 561px; height: auto;\" src=\"https:\/\/i0.wp.com\/ismaelcolosi.com.br\/wp-content\/uploads\/2023\/11\/grupo-de-empregos-whatsapp-e-facebook-ismael-colosi-vagas.jpg?ssl=1\" alt=\"\" \/><\/a><\/p>\n<!-- \/wp:image -->\n<\/div>\n<p> <br \/>\n<\/p>\n<div>\n<p>Tr\u00eas anos ap\u00f3s os atos golpistas de 8 de janeiro de 2023, a Primeira Turma do Supremo Tribunal Federal (STF) j\u00e1 condenou mais de 800 acusados de participa\u00e7\u00e3o nos atos que tentaram abalar a democracia brasileira e o funcionamento das institui\u00e7\u00f5es, no final do governo do ex-presidente Jair Bolsonaro.\u00a0<img data-recalc-dims=\"1\" decoding=\"async\" src=\"https:\/\/i0.wp.com\/agenciabrasil.ebc.com.br\/ebc.png?ssl=1\" class=\"lazyload\"\/><img data-recalc-dims=\"1\" decoding=\"async\" src=\"https:\/\/i0.wp.com\/agenciabrasil.ebc.com.br\/ebc.gif?ssl=1\" class=\"lazyload\"\/><\/p>\n<p>Os n\u00fameros foram apurados pelo gabinete do ministro Alexandre de Moraes, relator dos processos relacionados \u00e0 tentativa de golpe, at\u00e9 meados de dezembro de 2025. Os dados ainda podem sofrer atualiza\u00e7\u00f5es.<\/p>\n<p>Ap\u00f3s os atos golpistas, a Procuradoria-Geral da Rep\u00fablica (PGR) protocolou 1.734 a\u00e7\u00f5es penais no STF. As acusa\u00e7\u00f5es foram divididas entre incitadores, executores e quatro n\u00facleos principais, que deram sustenta\u00e7\u00e3o \u00e0 tentativa de Bolsonaro de se manter no poder ap\u00f3s perder as elei\u00e7\u00f5es, subvertendo assim a ordem democr\u00e1tica.<\/p>\n<figure id=\"attachment_451321\" aria-describedby=\"caption-attachment-451321\" style=\"width: 1170px\" class=\"wp-caption alignnone\"><img data-recalc-dims=\"1\" loading=\"lazy\" decoding=\"async\" class=\"size-full wp-image-451321 lazyload\" src=\"https:\/\/i0.wp.com\/www.tribunaribeirao.com.br\/wp-content\/uploads\/2026\/01\/ato-golpista-8-janeiro-.webp?resize=1170%2C700&#038;ssl=1\" alt=\"\" width=\"1170\" height=\"700\" style=\"--smush-placeholder-width: 1170px; --smush-placeholder-aspect-ratio: 1170\/700;\"\/><figcaption id=\"caption-attachment-451321\" class=\"wp-caption-text\">Em 8 de janeiro de 2023, milhares de v\u00e2ndalos apoiadores do ex-presidente Jair Bolsonaro invadiram e depredaram a sede dos tr\u00eas poderes da Rep\u00fablica, em Bras\u00edlia. Mais de 800 j\u00e1 foram condenados \u2013 Marcelo Camargo\/Ag\u00eancia Brasil<\/figcaption><\/figure>\n<h2>N\u00facleos<\/h2>\n<p>Com a finaliza\u00e7\u00e3o do julgamento dos r\u00e9us pela trama golpista, o STF condenou 29 \u00e0 pris\u00e3o nos quatro n\u00facleos principais da trama golpista. Somente dois foram absolvidos. Os acusados pertencem aos n\u00facleos 1,2,3 e 4.<\/p>\n<p>O general de Ex\u00e9rcito Estevam The\u00f3filo, que foi denunciado no N\u00facleo 3; e Fernando de Sousa Oliveira, delegado de carreira da PF e ex-diretor de Opera\u00e7\u00f5es do Minist\u00e9rio da Justi\u00e7a, r\u00e9u do N\u00facleo 2, foram os \u00fanicos absolvidos por falta de provas.<\/p>\n<p>At\u00e9 o momento, somente os r\u00e9us do N\u00facleo 1, formado pelo ex-presidente Jair Bolsonaro e mais sete r\u00e9us, tiveram as condena\u00e7\u00f5es executadas. Os demais n\u00facleos ainda est\u00e3o em fase de recurso.<\/p>\n<p>As condena\u00e7\u00f5es ocorreram pelos crimes de tentativa de aboli\u00e7\u00e3o violenta do Estado Democr\u00e1tico de Direito, golpe de Estado, participa\u00e7\u00e3o em organiza\u00e7\u00e3o criminosa armada, dano qualificado e deteriora\u00e7\u00e3o de patrim\u00f4nio tombado.<\/p>\n<p>Para julgar os quatro n\u00facleos, ao longo de quatro meses, foram realizadas 21 sess\u00f5es pela Primeira Turma, colegiado respons\u00e1vel pelo julgamento.<\/p>\n<p>O N\u00facleo 5 \u00e9 formado pelo r\u00e9u Paulo Figueiredo, neto do ex-presidente da ditadura Jo\u00e3o Figueiredo. Ele mora dos Estados Unidos, e n\u00e3o h\u00e1 previs\u00e3o para o julgamento.<\/p>\n<h2>Quem s\u00e3o os condenados<\/h2>\n<p><strong>N\u00facleo 1 \u2013 data da condena\u00e7\u00e3o: 11 de setembro de 2025<\/strong><\/p>\n<ul>\n<li>Jair Bolsonaro, ex-presidente da Rep\u00fablica: 27 anos e tr\u00eas meses<\/li>\n<li>Walter Braga Netto, ex-ministro e candidato \u00e0 vice na chapa de 2022: 26 anos;<\/li>\n<li>Almir Garnier, ex-comandante da Marinha: 24 anos;<\/li>\n<li>Anderson Torres, ex-ministro da Justi\u00e7a e ex-secret\u00e1rio de seguran\u00e7a do Distrito Federal: 24 anos;<\/li>\n<li>Augusto Heleno, ex-ministro do Gabinete de Seguran\u00e7a Institucional (GSI): 21 anos;<\/li>\n<li>Paulo S\u00e9rgio Nogueira, ex-ministro da Defesa: 19 anos;<\/li>\n<li>Alexandre Ramagem, deputado federal e ex-diretor da Ag\u00eancia Brasileira de Intelig\u00eancia (Abin): 16 anos, um m\u00eas e 15 dias;<\/li>\n<li>Mauro Cid, ex-ajudante de ordens de Bolsonaro: 2 anos em regime aberto e garantia de liberdade pela dela\u00e7\u00e3o premiada.<\/li>\n<\/ul>\n<p><strong>N\u00facleo 2 \u2013 data da condena\u00e7\u00e3o: 16 de dezembro de 2025<\/strong><\/p>\n<ul>\n<li>M\u00e1rio Fernandes, general da reserva do Ex\u00e9rcito: 26 anos e seis meses de pris\u00e3o;<\/li>\n<li>Silvinei Vasques, ex-diretor da Pol\u00edcia Rodovi\u00e1ria Federal (PRF): 24 anos e seis meses de pris\u00e3o;<\/li>\n<li>Marcelo C\u00e2mara, ex-assessor de Bolsonaro: 21 anos de pris\u00e3o;<\/li>\n<li>Filipe Martins, ex-assessor de Assuntos Internacionais do ex- presidente Jair Bolsonaro: 21 anos de pris\u00e3o;<\/li>\n<li>Mar\u00edlia de Alencar, ex-diretora de Intelig\u00eancia do Minist\u00e9rio da Justi\u00e7a: 8 anos e seis meses de pris\u00e3o.<\/li>\n<\/ul>\n<p><strong>N\u00facleo 3 \u2013 data da condena\u00e7\u00e3o: 18 de dezembro de 2025<\/strong><\/p>\n<ul>\n<li>H\u00e9lio Ferreira Lima, tenente-coronel: 24 anos de pris\u00e3o;<\/li>\n<li>Rafael Martins de Oliveira, tenente-coronel: 21 anos de pris\u00e3o;<\/li>\n<li>Rodrigo Bezerra de Azevedo, tenente-coronel: 21 anos de pris\u00e3o;<\/li>\n<li>Wladimir Matos Soares, policial federal: 21 anos de pris\u00e3o;<\/li>\n<li>S\u00e9rgio Ricardo Cavaliere de Medeiros , tenente-coronel: 17 anos de pris\u00e3o;<\/li>\n<li>Bernardo Rom\u00e3o Correa Netto, coronel: 17 anos de pris\u00e3o;<\/li>\n<li>Fabr\u00edcio Moreira de Bastos, coronel: 16 anos de pris\u00e3o;<\/li>\n<li>M\u00e1rcio Nunes de Resende J\u00fanior, coronel: 3 anos e cinco meses de pris\u00e3o;<\/li>\n<li>Ronald Ferreira de Ara\u00fajo J\u00fanior, tenente-coronel: um ano e onze meses de pris\u00e3o.<\/li>\n<\/ul>\n<p><strong>N\u00facleo 4 \u2013 data da condena\u00e7\u00e3o: 21 de outubro de 2025<\/strong><\/p>\n<ul>\n<li>\u00c2ngelo Martins Denicoli, major da reserva do Ex\u00e9rcito: 17 anos de pris\u00e3o;<\/li>\n<li>Reginaldo Vieira de Abreu, coronel do Ex\u00e9rcito: 15 anos e seis meses de pris\u00e3o;<\/li>\n<li>Marcelo Ara\u00fajo Bormevet, policial federal: 14 anos e seis meses de pris\u00e3o;<\/li>\n<li>Giancarlo Gomes Rodrigues, subtenente do Ex\u00e9rcito: 14 anos de pris\u00e3o;<\/li>\n<li>Ailton Gon\u00e7alves Moraes Barros, major da reserva do Ex\u00e9rcito: 13 anos de pris\u00e3o;<\/li>\n<li>Guilherme Marques de Almeida, tenente-coronel do Ex\u00e9rcito: 13 anos e seis meses;<\/li>\n<li>Carlos Cesar Moretzsohn Rocha, presidente do Instituto Voto Legal:\u00a0 7 anos e seis meses de pris\u00e3o.<\/li>\n<\/ul>\n<h2>Foragidos<\/h2>\n<p>Ex-diretor da Ag\u00eancia Brasileira de Intelig\u00eancia (Abin) durante o governo Bolsonaro, o ex-deputado federal Alexandre Ramagem foi condenado a 16 anos de pris\u00e3o na a\u00e7\u00e3o penal da trama golpista e fugiu para os Estados Unidos para n\u00e3o cumprir a pena.<\/p>\n<p>O pedido de extradi\u00e7\u00e3o j\u00e1 est\u00e1 em tramita\u00e7\u00e3o. Em fun\u00e7\u00e3o da condena\u00e7\u00e3o, Ramagem perdeu o mandato de parlamentar.<\/p>\n<p>Ainda est\u00e3o foragidos na Argentina cerca de 60 condenados pelos atos golpistas. Eles romperem a tornozeleira eletr\u00f4nica e tamb\u00e9m s\u00e3o alvo de pedidos de extradi\u00e7\u00e3o.<\/p>\n<h2>Incitadores e executores<\/h2>\n<div class=\"dnd-widget-wrapper context-medio_4colunas type-image atom-align-right\">\n<div class=\"dnd-atom-rendered\"><img data-recalc-dims=\"1\" decoding=\"async\" title=\"Joedson Alves\/Agencia Brasil\" src=\"https:\/\/i0.wp.com\/imagens.ebc.com.br\/B2m8RYiZI3NdeS0UCvJqCrKpsio%3D\/365x0\/smart\/https%3A\/\/agenciabrasil.ebc.com.br\/sites\/default\/files\/thumbnails\/image\/_ja08717_0.jpg?ssl=1\" alt=\"Bras\u00edlia (DF), 08\/01\/2023 - Est\u00e1tua da Justi\u00e7a em frente ao STF pintado com os dizeres \" class=\"lazyload\"\/><\/div>\n<p><h6 class=\"meta\"><strong>Est\u00e1tua A Justi\u00e7a, em frente ao STF, foi pichada durante atos antidemocr\u00e1ticos \u2013\u00a0Jodeson Alves\/Ag\u00eancia Brasil \u2013 Joedson Alves\/Agencia Brasil<\/strong><\/h6>\n<\/p>\n<\/div>\n<p>O grupo maior de condenados faz parte do grupo de incitadores e executores dos atos golpistas. Nesse grupo, 810 condena\u00e7\u00f5es foram registradas, sendo 395 por organiza\u00e7\u00e3o criminosa, tentativa de aboli\u00e7\u00e3o do Estado democr\u00e1tico de Direito e golpe de Estado, e 415 por incita\u00e7\u00e3o \u00e0 pr\u00e1tica de crime e associa\u00e7\u00e3o criminosa, crimes considerados mais leves.<\/p>\n<p>Entre os condenados desse grupo est\u00e1 a cabeleireira D\u00e9bora Rodrigues dos Santos. Em abril deste ano, D\u00e9bora foi condenada a 14 anos de pris\u00e3o pela participa\u00e7\u00e3o nos atos golpistas de 8 de janeiro de 2023 e por pichar a frase \u201cPerdeu, man\u00e9\u201d na est\u00e1tua A Justi\u00e7a, localizada em frente ao edif\u00edcio-sede do STF. Atualmente, ela cumpre pris\u00e3o domiciliar.<\/p>\n<h2>ANPP<\/h2>\n<p>At\u00e9 o momento, o STF homologou mais de 560 acordos de n\u00e3o persecu\u00e7\u00e3o penal (ANPP). Os acordos foram propostos pela Procuradoria-Geral da Rep\u00fablica (PGR) a investigados que estavam em frente ao quartel do Ex\u00e9rcito, em Bras\u00edlia, e n\u00e3o participaram dos atos de depreda\u00e7\u00e3o do Congresso, do Pal\u00e1cio do Planalto e do Supremo.<\/p>\n<p>Com a homologa\u00e7\u00e3o, os r\u00e9us dever\u00e3o prestar servi\u00e7os \u00e0 comunidade e pagar multas que variam entre R$ 1 mil e R$ 5 mil.<\/p>\n<p>Eles tamb\u00e9m est\u00e3o proibidos de usar as redes sociais e devem participar de um curso sobre o tema Democracia, Estado de Direito e Golpe de Estado. Em troca, n\u00e3o ser\u00e3o processados pela procuradoria.<\/p>\n<h2>Indeniza\u00e7\u00f5es<\/h2>\n<p>Todos os acusados tamb\u00e9m ter\u00e3o que pagar solidariamente R$ 30 milh\u00f5es pelos danos causados pela depreda\u00e7\u00e3o.<\/p>\n<h2>Perda do cargo e inelegibilidade<\/h2>\n<p>Em fun\u00e7\u00e3o da condena\u00e7\u00e3o, os culpados est\u00e3o ineleg\u00edveis por oito anos. No caso de militares do Ex\u00e9rcito, eles tamb\u00e9m ser\u00e3o alvo de uma a\u00e7\u00e3o na Justi\u00e7a Militar para perda do oficialato. Servidores p\u00fablicos dever\u00e3o perder o cargo estatut\u00e1rio.<\/p>\n<h2\/>\n<\/div>\n<p><br \/>\n<br \/><a href=\"https:\/\/www.tribunaribeirao.com.br\/stf-ja-condenou-mais-de-800-reus-pela-trama-golpista\/\">Source link <\/a><\/p>\n<!-- CONTENT END 1 -->\n","protected":false},"excerpt":{"rendered":"<p>Tr\u00eas anos ap\u00f3s os atos golpistas de 8 de janeiro de 2023, a Primeira Turma do Supremo Tribunal Federal (STF) j\u00e1 condenou mais de 800&#8230;<\/p>\n","protected":false},"author":1,"featured_media":81525,"comment_status":"open","ping_status":"open","sticky":false,"template":"","format":"standard","meta":{"advanced_seo_description":"","jetpack_seo_html_title":"","jetpack_seo_noindex":false,"jetpack_post_was_ever_published":false,"_jetpack_newsletter_access":"","_jetpack_dont_email_post_to_subs":false,"_jetpack_newsletter_tier_id":0,"_jetpack_memberships_contains_paywalled_content":false,"_jetpack_memberships_contains_paid_content":false,"footnotes":"","jetpack_publicize_message":"","jetpack_publicize_feature_enabled":true,"jetpack_social_post_already_shared":true,"jetpack_social_options":{"image_generator_settings":{"template":"highway","default_image_id":0,"font":"","enabled":false},"version":2}},"categories":[11],"tags":[],"class_list":["post-81524","post","type-post","status-publish","format-standard","has-post-thumbnail","hentry","category-noticias-de-ribeirao-preto-sp-e-regiao-ismael-colosi"],"jetpack_publicize_connections":[],"jetpack_featured_media_url":"https:\/\/i0.wp.com\/noticiasribeiraopreto.com.br\/wp-content\/uploads\/2026\/01\/atos_golpistas_52.webp.webp?fit=754%2C503&ssl=1","jetpack-related-posts":[{"id":77130,"url":"https:\/\/noticiasribeiraopreto.com.br\/index.php\/2025\/09\/12\/bolsonaro-e-aliados-deverao-pagar-r-30-milhoes-pela-depredacao-no-8-1\/","url_meta":{"origin":81524,"position":0},"title":"Bolsonaro e aliados dever\u00e3o pagar R$ 30 milh\u00f5es pela depreda\u00e7\u00e3o no 8\/1","author":"noticiasribeiraopreto.com.br","date":"12 de September de 2025","format":false,"excerpt":"12 de setembro de 2025 07:3612 de setembro de 2025 06:511 Compartilhar0 A Primeira Turma do Supremo Tribunal Federal (STF) decidiu nesta quinta-feira (11) condenar o ex-presidente Jair Bolsonaro e mais sete r\u00e9us pela trama golpista ao pagamento solid\u00e1rio de R$ 30 milh\u00f5es pelos danos causados pela depreda\u00e7\u00e3o das sedes\u2026","rel":"","context":"In &quot;Not\u00edcias de Ribeir\u00e3o Preto-SP e Regi\u00e3o&quot;","block_context":{"text":"Not\u00edcias de Ribeir\u00e3o Preto-SP e Regi\u00e3o","link":"https:\/\/noticiasribeiraopreto.com.br\/index.php\/category\/noticias-de-ribeirao-preto-sp-e-regiao-ismael-colosi\/"},"img":{"alt_text":"","src":"https:\/\/i0.wp.com\/noticiasribeiraopreto.com.br\/wp-content\/uploads\/2025\/09\/ja_9173.jpg?fit=1170%2C700&ssl=1&resize=350%2C200","width":350,"height":200,"srcset":"https:\/\/i0.wp.com\/noticiasribeiraopreto.com.br\/wp-content\/uploads\/2025\/09\/ja_9173.jpg?fit=1170%2C700&ssl=1&resize=350%2C200 1x, https:\/\/i0.wp.com\/noticiasribeiraopreto.com.br\/wp-content\/uploads\/2025\/09\/ja_9173.jpg?fit=1170%2C700&ssl=1&resize=525%2C300 1.5x, https:\/\/i0.wp.com\/noticiasribeiraopreto.com.br\/wp-content\/uploads\/2025\/09\/ja_9173.jpg?fit=1170%2C700&ssl=1&resize=700%2C400 2x, https:\/\/i0.wp.com\/noticiasribeiraopreto.com.br\/wp-content\/uploads\/2025\/09\/ja_9173.jpg?fit=1170%2C700&ssl=1&resize=1050%2C600 3x"},"classes":[]},{"id":25837,"url":"https:\/\/noticiasribeiraopreto.com.br\/index.php\/2024\/01\/08\/8-de-janeiro-o-que-aconteceu-com-os-5-principais-personagens-1-ano-depois-dos-atos-golpistas\/","url_meta":{"origin":81524,"position":1},"title":"8 de Janeiro: O que aconteceu com os 5 principais personagens 1 ano depois dos atos golpistas","author":"noticiasribeiraopreto.com.br","date":"8 de January de 2024","format":false,"excerpt":"Hoje faz um ano que uma desengon\u00e7ada tentativa de ruptura da ordem democr\u00e1tica destruiu a sede dos Tr\u00eas Poderes, em Bras\u00edlia, e assustou a maior parte do brasileiros, mas fracassou em seu objetivo: provocar uma instabilidade social que levasse as For\u00e7as Armadas a intervir e, eventualmente, depor o ent\u00e3o rec\u00e9m-empossado\u2026","rel":"","context":"In &quot;Dinheiro e Investimento&quot;","block_context":{"text":"Dinheiro e Investimento","link":"https:\/\/noticiasribeiraopreto.com.br\/index.php\/category\/dinheiro-e-investimento-como-fazer-como-ganhar\/"},"img":{"alt_text":"","src":"https:\/\/i0.wp.com\/noticiasribeiraopreto.com.br\/wp-content\/uploads\/2024\/01\/invasao-ao-congresso-ibovespa-628x353.jpg?fit=628%2C353&ssl=1&resize=350%2C200","width":350,"height":200,"srcset":"https:\/\/i0.wp.com\/noticiasribeiraopreto.com.br\/wp-content\/uploads\/2024\/01\/invasao-ao-congresso-ibovespa-628x353.jpg?fit=628%2C353&ssl=1&resize=350%2C200 1x, https:\/\/i0.wp.com\/noticiasribeiraopreto.com.br\/wp-content\/uploads\/2024\/01\/invasao-ao-congresso-ibovespa-628x353.jpg?fit=628%2C353&ssl=1&resize=525%2C300 1.5x"},"classes":[]},{"id":77115,"url":"https:\/\/noticiasribeiraopreto.com.br\/index.php\/2025\/09\/11\/stf-condena-bolsonaro-a-27-anos-e-tres-meses-de-prisao\/","url_meta":{"origin":81524,"position":2},"title":"STF condena Bolsonaro a 27 anos e tr\u00eas meses de pris\u00e3o","author":"noticiasribeiraopreto.com.br","date":"11 de September de 2025","format":false,"excerpt":"11 de setembro de 2025 19:272 Compartilhar0 A Primeira Turma do Supremo Tribunal Federal (STF) condenou nesta quinta-feira (11) o ex-presidente Jair Bolsonaro a 27 anos e tr\u00eas meses de pris\u00e3o em regime fechado. A pena foi definida ap\u00f3s o colegiado entrar na fase de fase da dosimetria das penas\u2026","rel":"","context":"In &quot;Not\u00edcias de Ribeir\u00e3o Preto-SP e Regi\u00e3o&quot;","block_context":{"text":"Not\u00edcias de Ribeir\u00e3o Preto-SP e Regi\u00e3o","link":"https:\/\/noticiasribeiraopreto.com.br\/index.php\/category\/noticias-de-ribeirao-preto-sp-e-regiao-ismael-colosi\/"},"img":{"alt_text":"","src":"https:\/\/i0.wp.com\/noticiasribeiraopreto.com.br\/wp-content\/uploads\/2025\/09\/e90a4c89-b437-4084-becb-4d0640713d1e-scaled.jpg?fit=800%2C479&ssl=1&resize=350%2C200","width":350,"height":200,"srcset":"https:\/\/i0.wp.com\/noticiasribeiraopreto.com.br\/wp-content\/uploads\/2025\/09\/e90a4c89-b437-4084-becb-4d0640713d1e-scaled.jpg?fit=800%2C479&ssl=1&resize=350%2C200 1x, https:\/\/i0.wp.com\/noticiasribeiraopreto.com.br\/wp-content\/uploads\/2025\/09\/e90a4c89-b437-4084-becb-4d0640713d1e-scaled.jpg?fit=800%2C479&ssl=1&resize=525%2C300 1.5x, https:\/\/i0.wp.com\/noticiasribeiraopreto.com.br\/wp-content\/uploads\/2025\/09\/e90a4c89-b437-4084-becb-4d0640713d1e-scaled.jpg?fit=800%2C479&ssl=1&resize=700%2C400 2x"},"classes":[]},{"id":66080,"url":"https:\/\/noticiasribeiraopreto.com.br\/index.php\/2025\/03\/27\/apos-virar-reu-bolsonaro-nega-decreto-de-golpe-de-estado\/","url_meta":{"origin":81524,"position":3},"title":"Ap\u00f3s virar r\u00e9u, Bolsonaro nega decreto de golpe de Estado","author":"noticiasribeiraopreto.com.br","date":"27 de March de 2025","format":false,"excerpt":"O ex-presidente Jair Bolsonaro se pronunciou nesta quarta-feira (26) ap\u00f3s tornar-se r\u00e9u por tentativa de golpe de Estado, negando veementemente as acusa\u00e7\u00f5es de que teria articulado uma minuta golpista com os comandantes das For\u00e7as Armadas para suspender as elei\u00e7\u00f5es de 2022. A den\u00fancia da Procuradoria-Geral da Rep\u00fablica (PGR) sustenta que,\u2026","rel":"","context":"In &quot;Not\u00edcias de Ribeir\u00e3o Preto-SP e Regi\u00e3o&quot;","block_context":{"text":"Not\u00edcias de Ribeir\u00e3o Preto-SP e Regi\u00e3o","link":"https:\/\/noticiasribeiraopreto.com.br\/index.php\/category\/noticias-de-ribeirao-preto-sp-e-regiao-ismael-colosi\/"},"img":{"alt_text":"","src":"https:\/\/i0.wp.com\/noticiasribeiraopreto.com.br\/wp-content\/uploads\/2025\/03\/lula6182.webp.webp?fit=1170%2C700&ssl=1&resize=350%2C200","width":350,"height":200,"srcset":"https:\/\/i0.wp.com\/noticiasribeiraopreto.com.br\/wp-content\/uploads\/2025\/03\/lula6182.webp.webp?fit=1170%2C700&ssl=1&resize=350%2C200 1x, https:\/\/i0.wp.com\/noticiasribeiraopreto.com.br\/wp-content\/uploads\/2025\/03\/lula6182.webp.webp?fit=1170%2C700&ssl=1&resize=525%2C300 1.5x, https:\/\/i0.wp.com\/noticiasribeiraopreto.com.br\/wp-content\/uploads\/2025\/03\/lula6182.webp.webp?fit=1170%2C700&ssl=1&resize=700%2C400 2x, https:\/\/i0.wp.com\/noticiasribeiraopreto.com.br\/wp-content\/uploads\/2025\/03\/lula6182.webp.webp?fit=1170%2C700&ssl=1&resize=1050%2C600 3x"},"classes":[]},{"id":39083,"url":"https:\/\/noticiasribeiraopreto.com.br\/index.php\/2024\/02\/23\/stf-vai-julgar-barquet-miguel-2\/","url_meta":{"origin":81524,"position":4},"title":"STF vai julgar Barquet Miguel \u00a0","author":"noticiasribeiraopreto.com.br","date":"23 de February de 2024","format":false,"excerpt":"23 de fevereiro de 2024 | 11:0023 de fevereiro de 2024 | 7:55 0O Supremo Tribunal Federal (STF) inicia nesta sexta-feira, 23 de fevereiro, o julgamento do corretor de im\u00f3veis ribeir\u00e3o-pretano Barquet Miguel J\u00fanior, que chegou a ser preso durante os atos antidemocr\u00e1ticos e golpistas de 8 de janeiro do\u2026","rel":"","context":"In &quot;Not\u00edcias de Ribeir\u00e3o Preto-SP e Regi\u00e3o&quot;","block_context":{"text":"Not\u00edcias de Ribeir\u00e3o Preto-SP e Regi\u00e3o","link":"https:\/\/noticiasribeiraopreto.com.br\/index.php\/category\/noticias-de-ribeirao-preto-sp-e-regiao-ismael-colosi\/"},"img":{"alt_text":"","src":"https:\/\/i0.wp.com\/noticiasribeiraopreto.com.br\/wp-content\/uploads\/2024\/02\/TerrorSTF-Detalhe-Redes-sociais-Reproducao-01-2.jpg?fit=975%2C606&ssl=1&resize=350%2C200","width":350,"height":200,"srcset":"https:\/\/i0.wp.com\/noticiasribeiraopreto.com.br\/wp-content\/uploads\/2024\/02\/TerrorSTF-Detalhe-Redes-sociais-Reproducao-01-2.jpg?fit=975%2C606&ssl=1&resize=350%2C200 1x, https:\/\/i0.wp.com\/noticiasribeiraopreto.com.br\/wp-content\/uploads\/2024\/02\/TerrorSTF-Detalhe-Redes-sociais-Reproducao-01-2.jpg?fit=975%2C606&ssl=1&resize=525%2C300 1.5x, https:\/\/i0.wp.com\/noticiasribeiraopreto.com.br\/wp-content\/uploads\/2024\/02\/TerrorSTF-Detalhe-Redes-sociais-Reproducao-01-2.jpg?fit=975%2C606&ssl=1&resize=700%2C400 2x"},"classes":[]},{"id":76630,"url":"https:\/\/noticiasribeiraopreto.com.br\/index.php\/2025\/09\/02\/ao-vivo-veja-o-julgamento-de-bolsonaro-no-stf\/","url_meta":{"origin":81524,"position":5},"title":"AO VIVO: Veja o julgamento de Bolsonaro no STF","author":"noticiasribeiraopreto.com.br","date":"2 de September de 2025","format":false,"excerpt":"A Primeira Turma do Supremo Tribunal Federal (STF) come\u00e7a nesta segunda-feira (2), \u00e0s 9h, o julgamento que pode condenar o ex-presidente Jair Bolsonaro e mais sete aliados, acusados pela Procuradoria-Geral da Rep\u00fablica (PGR) de tentativa de golpe de Estado no final de 2022. O grupo faz parte do n\u00facleo crucial\u2026","rel":"","context":"In &quot;Not\u00edcias de Ribeir\u00e3o Preto-SP e Regi\u00e3o&quot;","block_context":{"text":"Not\u00edcias de Ribeir\u00e3o Preto-SP e Regi\u00e3o","link":"https:\/\/noticiasribeiraopreto.com.br\/index.php\/category\/noticias-de-ribeirao-preto-sp-e-regiao-ismael-colosi\/"},"img":{"alt_text":"","src":"https:\/\/i0.wp.com\/noticiasribeiraopreto.com.br\/wp-content\/uploads\/2025\/09\/lula5925.webp.webp?fit=1170%2C700&ssl=1&resize=350%2C200","width":350,"height":200,"srcset":"https:\/\/i0.wp.com\/noticiasribeiraopreto.com.br\/wp-content\/uploads\/2025\/09\/lula5925.webp.webp?fit=1170%2C700&ssl=1&resize=350%2C200 1x, https:\/\/i0.wp.com\/noticiasribeiraopreto.com.br\/wp-content\/uploads\/2025\/09\/lula5925.webp.webp?fit=1170%2C700&ssl=1&resize=525%2C300 1.5x, https:\/\/i0.wp.com\/noticiasribeiraopreto.com.br\/wp-content\/uploads\/2025\/09\/lula5925.webp.webp?fit=1170%2C700&ssl=1&resize=700%2C400 2x, https:\/\/i0.wp.com\/noticiasribeiraopreto.com.br\/wp-content\/uploads\/2025\/09\/lula5925.webp.webp?fit=1170%2C700&ssl=1&resize=1050%2C600 3x"},"classes":[]}],"jetpack_sharing_enabled":true,"jetpack_shortlink":"https:\/\/wp.me\/peQAOb-lcU","_links":{"self":[{"href":"https:\/\/noticiasribeiraopreto.com.br\/index.php\/wp-json\/wp\/v2\/posts\/81524","targetHints":{"allow":["GET"]}}],"collection":[{"href":"https:\/\/noticiasribeiraopreto.com.br\/index.php\/wp-json\/wp\/v2\/posts"}],"about":[{"href":"https:\/\/noticiasribeiraopreto.com.br\/index.php\/wp-json\/wp\/v2\/types\/post"}],"author":[{"embeddable":true,"href":"https:\/\/noticiasribeiraopreto.com.br\/index.php\/wp-json\/wp\/v2\/users\/1"}],"replies":[{"embeddable":true,"href":"https:\/\/noticiasribeiraopreto.com.br\/index.php\/wp-json\/wp\/v2\/comments?post=81524"}],"version-history":[{"count":0,"href":"https:\/\/noticiasribeiraopreto.com.br\/index.php\/wp-json\/wp\/v2\/posts\/81524\/revisions"}],"wp:featuredmedia":[{"embeddable":true,"href":"https:\/\/noticiasribeiraopreto.com.br\/index.php\/wp-json\/wp\/v2\/media\/81525"}],"wp:attachment":[{"href":"https:\/\/noticiasribeiraopreto.com.br\/index.php\/wp-json\/wp\/v2\/media?parent=81524"}],"wp:term":[{"taxonomy":"category","embeddable":true,"href":"https:\/\/noticiasribeiraopreto.com.br\/index.php\/wp-json\/wp\/v2\/categories?post=81524"},{"taxonomy":"post_tag","embeddable":true,"href":"https:\/\/noticiasribeiraopreto.com.br\/index.php\/wp-json\/wp\/v2\/tags?post=81524"}],"curies":[{"name":"wp","href":"https:\/\/api.w.org\/{rel}","templated":true}]}}