{"id":81528,"date":"2026-01-08T11:21:38","date_gmt":"2026-01-08T14:21:38","guid":{"rendered":"https:\/\/noticiasribeiraopreto.com.br\/index.php\/2026\/01\/08\/45-presos-nao-voltaram-da-saidinha-na-regiao\/"},"modified":"2026-01-08T11:21:38","modified_gmt":"2026-01-08T14:21:38","slug":"45-presos-nao-voltaram-da-saidinha-na-regiao","status":"publish","type":"post","link":"https:\/\/noticiasribeiraopreto.com.br\/index.php\/2026\/01\/08\/45-presos-nao-voltaram-da-saidinha-na-regiao\/","title":{"rendered":"45 presos n\u00e3o voltaram da saidinha na regi\u00e3o"},"content":{"rendered":"<div class='code-block code-block-1' style='margin: 8px 0 8px auto; text-align: right; display: block; clear: both;'>\n<p><a href=\"https:\/\/wa.link\/vpicfd\"><img data-recalc-dims=\"1\" class=\"wp-image-4922\" style=\"aspect-ratio: 2.0253164556962027; width: 561px; height: auto;\" src=\"https:\/\/i0.wp.com\/ismaelcolosi.com.br\/wp-content\/uploads\/2023\/11\/grupo-de-empregos-whatsapp-e-facebook-ismael-colosi-vagas.jpg?ssl=1\" alt=\"\" \/><\/a><\/p>\n<!-- \/wp:image -->\n<\/div>\n<p> <br \/>\n<\/p>\n<div id=\"\">&#13;<\/p>\n<h2 class=\"penci-post-subtitle\">No total, 2019 presos foram beneficiados em sete unidades prisionais<\/h2>\n<p>&#13;<\/p>\n<p>&#13;<br \/>\n\t\t\t\t\t\t\t\t\t<span class=\"entry-meta-item penci-posted-on\"><i class=\"fa fa-clock-o\"\/><time class=\"entry-date published updated\" datetime=\"2026-01-08T11:21:28-03:00\">8 de janeiro de 2026 11:21<\/time><\/span><span class=\"entry-meta-item penci-post-countview\"\/>\t\t\t\t\t\t\t\t<\/p>\n<p><!-- .entry-meta -->&#13;<br \/>\n\t\t\t\t\t\t\t\t<span class=\"penci-social-buttons penci-social-share-footer\"><span class=\"penci-social-share-text\">Compartilhar<\/span><a href=\"#\" class=\"penci-post-like penci_post-meta_item  single-like-button penci-social-item like\" data-post_id=\"451335\" title=\"Like\" data-like=\"Like\" data-unlike=\"Unlike\"><i class=\"fa fa-thumbs-o-up\"\/><span class=\"penci-share-number\">0<\/span><\/a><i class=\"fa fa-facebook\"\/><a class=\"penci-social-item twitter\" target=\"_blank\" rel=\"noopener\" title=\"\" href=\"https:\/\/twitter.com\/intent\/tweet?text=45%20presos%20n\u00e3o%20voltaram%20da%20saidinha%20na%20regi\u00e3o%20-%20https:\/\/www.tribunaribeirao.com.br\/45-presos-nao-voltaram-da-saidinha-na-regiao\/\"><i class=\"fa fa-twitter\"\/><\/a><i class=\"fa fa-linkedin\"\/><i class=\"fa fa-whatsapp\"\/><i class=\"fa fa-telegram\"\/><i class=\"fa fa-envelope\"\/><\/span>\t\t\t\t\t\t\t<\/div>\n<div>\n<p>Por: Adalberto Luque \u2013<\/p>\n<p>De acordo com a Secretaria de Administra\u00e7\u00e3o Penitenci\u00e1ria (SAP), 45 presos beneficiados pela \u00faltima sa\u00edda tempor\u00e1ria de 2025 n\u00e3o regressaram \u00e0s suas unidades prisionais. A \u201csaidinha\u201d ocorreu no per\u00edodo de 23 de dezembro de 2025 at\u00e9 5 de janeiro de 2026.<\/p>\n<p>Neste per\u00edodo, em sete unidades prisionais da regi\u00e3o, 2019 presos foram beneficiados. Deste total, 45 n\u00e3o regressaram para seguir cumprindo suas penas. Eles passam a ser considerados foragidos.<\/p>\n<p>De acordo com a SAP, quem define os presos beneficiados pela \u201csaidinha\u201d \u00e9 o Tribunal de Justi\u00e7a de S\u00e3o Paulo (TJSP). Eles definem quem tem direito ao benef\u00edcio e as regras a serem cumpridas enquanto estiverem usufruindo da progress\u00e3o de pena. Em Ribeir\u00e3o Preto, 149 reeducandos sa\u00edram e sete n\u00e3o regressaram.<\/p>\n<p>Em Serra Azul, onde o m\u00e9dico Luiz Ant\u00f4nio Garnica aguarda julgamento pelo feminic\u00eddio de sua esposa Larissa Talle Le\u00f4ncio Rodrigues, 174 presos foram beneficiados com a saidinha. N\u00e3o foi o caso de Garnica. Dos que foram beneficiados, tr\u00eas n\u00e3o voltaram.<\/p>\n<p>Em Franca, todos os 37 presos que tiveram direito \u00e0 \u201csaidinha\u201d regressaram. J\u00e1 em Jardin\u00f3polis, dos 527 presos beneficiados na unidade, oito n\u00e3o regressaram.<\/p>\n<p>Em Pontal, apenas 1 dos 76 beneficiados n\u00e3o retornou \u00e0 unidade. Apesar de n\u00e3o ser a unidade onde mais presos foram beneficiados pela saidinha, Tai\u00fava foi a que teve maior n\u00famero de foragidos. Dos 481 contemplados, 14 n\u00e3o voltaram. E em Guariba, dos 575 presos que receberam o benef\u00edcio da sa\u00edda tempor\u00e1ria, 12 n\u00e3o retornaram.<\/p>\n<p>Em todo o Estado, 30.382 presos foram beneficiados e 1.132 n\u00e3o retornaram. Um total de 3,7% de foragidos. Na regi\u00e3o de Ribeir\u00e3o Preto, o \u00edndice foi de 2,2%. Segundo a SAP, quando capturados, esses presos perdem automaticamente o direito ao regime semiaberto, voltando diretamente para o regime fechado, sem direito a novas \u201csaidinhas\u201d.<\/p>\n<p><strong>Mudan\u00e7a<\/strong><\/p>\n<p>A sa\u00edda tempor\u00e1ria para visita dos presos \u00e0s fam\u00edlias, deve gradativamente acabar. O Congresso aprovou uma restri\u00e7\u00e3o dr\u00e1stica, sancionada com vetos pelo presidente Luiz In\u00e1cio Lula da Silva. Mas os vetos foram parcialmente derrubados e a lei severamente restrita foi aprovada em 11 de abril de 2024. A partir desta data, s\u00f3 ter\u00e1 direito \u00e0 \u201csaidinha\u201d presos de baixa periculosidade, com tornozeleira eletr\u00f4nica, para fins educacionais.<\/p>\n<p>Os que j\u00e1 estavam aptos ao benef\u00edcio tiveram o direito mantido. Mas \u00e0 medida em que ganharem liberdade, v\u00e3o reduzindo o n\u00famero de presos beneficiados. Os que descumprem regras ou n\u00e3o regressam ap\u00f3s o t\u00e9rmino da \u201csaidinha\u201d tamb\u00e9m n\u00e3o t\u00eam mais direito.<\/p>\n<\/div>\n<p><script async src=\"\/\/platform.twitter.com\/widgets.js\" charset=\"utf-8\"><\/script><br \/>\n<br \/><br \/>\n<br \/><a href=\"https:\/\/www.tribunaribeirao.com.br\/45-presos-nao-voltaram-da-saidinha-na-regiao\/\">Source link <\/a><\/p>\n<!-- CONTENT END 1 -->\n","protected":false},"excerpt":{"rendered":"<p>&#13; No total, 2019 presos foram beneficiados em sete unidades prisionais &#13; &#13; 8 de janeiro de 2026 11:21 &#13; Compartilhar0 Por: Adalberto Luque \u2013&#8230;<\/p>\n","protected":false},"author":1,"featured_media":81529,"comment_status":"open","ping_status":"open","sticky":false,"template":"","format":"standard","meta":{"advanced_seo_description":"","jetpack_seo_html_title":"","jetpack_seo_noindex":false,"jetpack_post_was_ever_published":false,"_jetpack_newsletter_access":"","_jetpack_dont_email_post_to_subs":false,"_jetpack_newsletter_tier_id":0,"_jetpack_memberships_contains_paywalled_content":false,"_jetpack_memberships_contains_paid_content":false,"footnotes":"","jetpack_publicize_message":"","jetpack_publicize_feature_enabled":true,"jetpack_social_post_already_shared":true,"jetpack_social_options":{"image_generator_settings":{"template":"highway","default_image_id":0,"font":"","enabled":false},"version":2}},"categories":[11],"tags":[],"class_list":["post-81528","post","type-post","status-publish","format-standard","has-post-thumbnail","hentry","category-noticias-de-ribeirao-preto-sp-e-regiao-ismael-colosi"],"jetpack_publicize_connections":[],"jetpack_featured_media_url":"https:\/\/i0.wp.com\/noticiasribeiraopreto.com.br\/wp-content\/uploads\/2026\/01\/11jun2024saidinhapresos02fotomax-scaled.jpg?fit=741%2C500&ssl=1","jetpack-related-posts":[{"id":26092,"url":"https:\/\/noticiasribeiraopreto.com.br\/index.php\/2024\/01\/09\/na-regiao-35-presos-nao-voltaram-apos-saidinha\/","url_meta":{"origin":81528,"position":0},"title":"Na regi\u00e3o, 35 presos n\u00e3o voltaram ap\u00f3s \u201csaidinha\u201d","author":"noticiasribeiraopreto.com.br","date":"9 de January de 2024","format":false,"excerpt":"N\u00famero divulgado pela SAP \u00e9 relativo \u00e0s penitenci\u00e1rias da regi\u00e3o de Ribeir\u00e3o Preto 9 de janeiro de 2024 | 7:10 0Por: Adalberto LuqueDos 1.319 presos que foram beneficiados pela sa\u00edda tempor\u00e1ria, a popular \u201csaidinha\u201d, entre 22 de dezembro e 03 de janeiro, 35 deles n\u00e3o regressaram para suas unidades prisionais,\u2026","rel":"","context":"In &quot;Not\u00edcias de Ribeir\u00e3o Preto-SP e Regi\u00e3o&quot;","block_context":{"text":"Not\u00edcias de Ribeir\u00e3o Preto-SP e Regi\u00e3o","link":"https:\/\/noticiasribeiraopreto.com.br\/index.php\/category\/noticias-de-ribeirao-preto-sp-e-regiao-ismael-colosi\/"},"img":{"alt_text":"","src":"https:\/\/i0.wp.com\/noticiasribeiraopreto.com.br\/wp-content\/uploads\/2024\/01\/00-09-jan-2024-saidinha-foragidos-foto-arquivo-scaled.jpg?fit=1000%2C494&ssl=1&resize=350%2C200","width":350,"height":200,"srcset":"https:\/\/i0.wp.com\/noticiasribeiraopreto.com.br\/wp-content\/uploads\/2024\/01\/00-09-jan-2024-saidinha-foragidos-foto-arquivo-scaled.jpg?fit=1000%2C494&ssl=1&resize=350%2C200 1x, https:\/\/i0.wp.com\/noticiasribeiraopreto.com.br\/wp-content\/uploads\/2024\/01\/00-09-jan-2024-saidinha-foragidos-foto-arquivo-scaled.jpg?fit=1000%2C494&ssl=1&resize=525%2C300 1.5x, https:\/\/i0.wp.com\/noticiasribeiraopreto.com.br\/wp-content\/uploads\/2024\/01\/00-09-jan-2024-saidinha-foragidos-foto-arquivo-scaled.jpg?fit=1000%2C494&ssl=1&resize=700%2C400 2x"},"classes":[]},{"id":25155,"url":"https:\/\/noticiasribeiraopreto.com.br\/index.php\/2024\/01\/06\/saidinha-de-natal-33-presos-nao-retornaram-para-as-cadeias-da-regiao-de-ribeirao-1\/","url_meta":{"origin":81528,"position":1},"title":"Saidinha de Natal: 33 presos n\u00e3o retornaram para as cadeias da regi\u00e3o de Ribeir\u00e3o","author":"noticiasribeiraopreto.com.br","date":"6 de January de 2024","format":false,"excerpt":"A Secretaria da Administra\u00e7\u00e3o Penitenci\u00e1ria (SAP) informou, nesta sexta-feira (5), que 33 presos da regi\u00e3o de Ribeir\u00e3o Preto, que foram beneficiados pela saidinha de Natal, n\u00e3o retornaram ao sistema carcer\u00e1rio. Na regi\u00e3o, cerca de 1,1 mil detentos receberam o benef\u00edcio da sa\u00edda tempor\u00e1ria, concedido no per\u00edodo de 22 de dezembro\u2026","rel":"","context":"In &quot;Not\u00edcias de Ribeir\u00e3o Preto-SP e Regi\u00e3o&quot;","block_context":{"text":"Not\u00edcias de Ribeir\u00e3o Preto-SP e Regi\u00e3o","link":"https:\/\/noticiasribeiraopreto.com.br\/index.php\/category\/noticias-de-ribeirao-preto-sp-e-regiao-ismael-colosi\/"},"img":{"alt_text":"","src":"https:\/\/i0.wp.com\/noticiasribeiraopreto.com.br\/wp-content\/uploads\/2024\/01\/presidio_1200x675_25092021123337.jpg?fit=1200%2C675&ssl=1&resize=350%2C200","width":350,"height":200,"srcset":"https:\/\/i0.wp.com\/noticiasribeiraopreto.com.br\/wp-content\/uploads\/2024\/01\/presidio_1200x675_25092021123337.jpg?fit=1200%2C675&ssl=1&resize=350%2C200 1x, https:\/\/i0.wp.com\/noticiasribeiraopreto.com.br\/wp-content\/uploads\/2024\/01\/presidio_1200x675_25092021123337.jpg?fit=1200%2C675&ssl=1&resize=525%2C300 1.5x, https:\/\/i0.wp.com\/noticiasribeiraopreto.com.br\/wp-content\/uploads\/2024\/01\/presidio_1200x675_25092021123337.jpg?fit=1200%2C675&ssl=1&resize=700%2C400 2x, https:\/\/i0.wp.com\/noticiasribeiraopreto.com.br\/wp-content\/uploads\/2024\/01\/presidio_1200x675_25092021123337.jpg?fit=1200%2C675&ssl=1&resize=1050%2C600 3x"},"classes":[]},{"id":41266,"url":"https:\/\/noticiasribeiraopreto.com.br\/index.php\/2024\/03\/07\/homem-e-preso-por-trafico-em-pedagio-da-regiao\/","url_meta":{"origin":81528,"position":2},"title":"Homem \u00e9 preso por tr\u00e1fico em ped\u00e1gio da regi\u00e3o","author":"noticiasribeiraopreto.com.br","date":"7 de March de 2024","format":false,"excerpt":"Suspeito teria oferecido suborno para policiais e tamb\u00e9m foi preso por corrup\u00e7\u00e3o ativa 7 de mar\u00e7o de 2024 | 11:27 0Por: Adalberto LuqueUm motorista foi preso, na noite desta quarta-feira (6), na pra\u00e7a de ped\u00e1gio de Sert\u00e3ozinho, na Rodovia At\u00edlio Balbo (SP-322), km 327. Ele transportava drogas no ve\u00edculo.Uma viatura\u2026","rel":"","context":"In &quot;Not\u00edcias de Ribeir\u00e3o Preto-SP e Regi\u00e3o&quot;","block_context":{"text":"Not\u00edcias de Ribeir\u00e3o Preto-SP e Regi\u00e3o","link":"https:\/\/noticiasribeiraopreto.com.br\/index.php\/category\/noticias-de-ribeirao-preto-sp-e-regiao-ismael-colosi\/"},"img":{"alt_text":"","src":"https:\/\/i0.wp.com\/noticiasribeiraopreto.com.br\/wp-content\/uploads\/2024\/03\/00-07-mar-2024-drogas-pedagio-sertaozinho-foto-pmrv.jpg?fit=594%2C593&ssl=1&resize=350%2C200","width":350,"height":200,"srcset":"https:\/\/i0.wp.com\/noticiasribeiraopreto.com.br\/wp-content\/uploads\/2024\/03\/00-07-mar-2024-drogas-pedagio-sertaozinho-foto-pmrv.jpg?fit=594%2C593&ssl=1&resize=350%2C200 1x, https:\/\/i0.wp.com\/noticiasribeiraopreto.com.br\/wp-content\/uploads\/2024\/03\/00-07-mar-2024-drogas-pedagio-sertaozinho-foto-pmrv.jpg?fit=594%2C593&ssl=1&resize=525%2C300 1.5x"},"classes":[]},{"id":23274,"url":"https:\/\/noticiasribeiraopreto.com.br\/index.php\/2024\/01\/01\/homem-e-preso-apos-atirar-em-evento-de-reveillon-na-regiao-de-ribeirao-veja-o-video\/","url_meta":{"origin":81528,"position":3},"title":"Homem \u00e9 preso ap\u00f3s atirar em evento de r\u00e9veillon na regi\u00e3o de Ribeir\u00e3o; Veja o v\u00eddeo","author":"noticiasribeiraopreto.com.br","date":"1 de January de 2024","format":false,"excerpt":"Um homem foi preso nesta segunda-feira (1\u00ba) em Bebedouro, cidade na regi\u00e3o de Ribeir\u00e3o Preto, ap\u00f3s realizar disparos de arma de fogo, em um evento da Prefeitura Municipal, durante a virada de ano no munic\u00edpio. Um v\u00eddeo que circula nas redes sociais mostra o momento em que o homem efetua\u2026","rel":"","context":"In &quot;Not\u00edcias de Ribeir\u00e3o Preto-SP e Regi\u00e3o&quot;","block_context":{"text":"Not\u00edcias de Ribeir\u00e3o Preto-SP e Regi\u00e3o","link":"https:\/\/noticiasribeiraopreto.com.br\/index.php\/category\/noticias-de-ribeirao-preto-sp-e-regiao-ismael-colosi\/"},"img":{"alt_text":"","src":"https:\/\/i0.wp.com\/noticiasribeiraopreto.com.br\/wp-content\/uploads\/2024\/01\/WhatsApp-Image-2024-01-01-at-17.45.53.jpeg?fit=1200%2C900&ssl=1&resize=350%2C200","width":350,"height":200,"srcset":"https:\/\/i0.wp.com\/noticiasribeiraopreto.com.br\/wp-content\/uploads\/2024\/01\/WhatsApp-Image-2024-01-01-at-17.45.53.jpeg?fit=1200%2C900&ssl=1&resize=350%2C200 1x, https:\/\/i0.wp.com\/noticiasribeiraopreto.com.br\/wp-content\/uploads\/2024\/01\/WhatsApp-Image-2024-01-01-at-17.45.53.jpeg?fit=1200%2C900&ssl=1&resize=525%2C300 1.5x, https:\/\/i0.wp.com\/noticiasribeiraopreto.com.br\/wp-content\/uploads\/2024\/01\/WhatsApp-Image-2024-01-01-at-17.45.53.jpeg?fit=1200%2C900&ssl=1&resize=700%2C400 2x, https:\/\/i0.wp.com\/noticiasribeiraopreto.com.br\/wp-content\/uploads\/2024\/01\/WhatsApp-Image-2024-01-01-at-17.45.53.jpeg?fit=1200%2C900&ssl=1&resize=1050%2C600 3x"},"classes":[]},{"id":50247,"url":"https:\/\/noticiasribeiraopreto.com.br\/index.php\/2024\/05\/15\/bombeiros-quebram-muro-para-resgatar-animal-preso-na-regiao-de-ribeirao-preto\/","url_meta":{"origin":81528,"position":4},"title":"Bombeiros quebram muro para resgatar animal preso na regi\u00e3o de Ribeir\u00e3o Preto","author":"noticiasribeiraopreto.com.br","date":"15 de May de 2024","format":false,"excerpt":"O Grupo EP usa cookies e outras tecnologias semelhantes para melhorar a sua experi\u00eancia, analisar o tr\u00e1fego do site e personalizar o conte\u00fado. Conhe\u00e7a a nossa pol\u00edtica de privacidade e, ao continuar navegando, voc\u00ea concorda com estas condi\u00e7\u00f5es. Source link","rel":"","context":"In &quot;Not\u00edcias de Ribeir\u00e3o Preto-SP e Regi\u00e3o&quot;","block_context":{"text":"Not\u00edcias de Ribeir\u00e3o Preto-SP e Regi\u00e3o","link":"https:\/\/noticiasribeiraopreto.com.br\/index.php\/category\/noticias-de-ribeirao-preto-sp-e-regiao-ismael-colosi\/"},"img":{"alt_text":"","src":"https:\/\/i0.wp.com\/noticiasribeiraopreto.com.br\/wp-content\/uploads\/2024\/05\/WhatsApp-Image-2024-05-15-at-08.46.22_2024-05-15_15-01-54_jpeg_2024-05-15_15-01-54.webp.webp?fit=1200%2C912&ssl=1&resize=350%2C200","width":350,"height":200,"srcset":"https:\/\/i0.wp.com\/noticiasribeiraopreto.com.br\/wp-content\/uploads\/2024\/05\/WhatsApp-Image-2024-05-15-at-08.46.22_2024-05-15_15-01-54_jpeg_2024-05-15_15-01-54.webp.webp?fit=1200%2C912&ssl=1&resize=350%2C200 1x, https:\/\/i0.wp.com\/noticiasribeiraopreto.com.br\/wp-content\/uploads\/2024\/05\/WhatsApp-Image-2024-05-15-at-08.46.22_2024-05-15_15-01-54_jpeg_2024-05-15_15-01-54.webp.webp?fit=1200%2C912&ssl=1&resize=525%2C300 1.5x, https:\/\/i0.wp.com\/noticiasribeiraopreto.com.br\/wp-content\/uploads\/2024\/05\/WhatsApp-Image-2024-05-15-at-08.46.22_2024-05-15_15-01-54_jpeg_2024-05-15_15-01-54.webp.webp?fit=1200%2C912&ssl=1&resize=700%2C400 2x, https:\/\/i0.wp.com\/noticiasribeiraopreto.com.br\/wp-content\/uploads\/2024\/05\/WhatsApp-Image-2024-05-15-at-08.46.22_2024-05-15_15-01-54_jpeg_2024-05-15_15-01-54.webp.webp?fit=1200%2C912&ssl=1&resize=1050%2C600 3x"},"classes":[]},{"id":34072,"url":"https:\/\/noticiasribeiraopreto.com.br\/index.php\/2024\/01\/31\/cacador-ilegal-e-preso-na-regiao\/","url_meta":{"origin":81528,"position":5},"title":"Ca\u00e7ador ilegal \u00e9 preso na regi\u00e3o","author":"noticiasribeiraopreto.com.br","date":"31 de January de 2024","format":false,"excerpt":"Homem estava com armas e objetos usados em ca\u00e7a ilegal em cidade pr\u00f3xima a S\u00e3o Carlos 31 de janeiro de 2024 | 17:04 2Por: Adalberto LuqueUm homem foi preso, nesta ter\u00e7a-feira (30), durante uma opera\u00e7\u00e3o contra a ca\u00e7a ilegal. A pris\u00e3o ocorreu na zona rural da cidade de Ribeir\u00e3o Bonito,\u2026","rel":"","context":"In &quot;Not\u00edcias de Ribeir\u00e3o Preto-SP e Regi\u00e3o&quot;","block_context":{"text":"Not\u00edcias de Ribeir\u00e3o Preto-SP e Regi\u00e3o","link":"https:\/\/noticiasribeiraopreto.com.br\/index.php\/category\/noticias-de-ribeirao-preto-sp-e-regiao-ismael-colosi\/"},"img":{"alt_text":"","src":"https:\/\/i0.wp.com\/noticiasribeiraopreto.com.br\/wp-content\/uploads\/2024\/01\/00-31-jan-2024-cacador-ilegal-foto-pmambiental-scaled.jpg?fit=1000%2C562&ssl=1&resize=350%2C200","width":350,"height":200,"srcset":"https:\/\/i0.wp.com\/noticiasribeiraopreto.com.br\/wp-content\/uploads\/2024\/01\/00-31-jan-2024-cacador-ilegal-foto-pmambiental-scaled.jpg?fit=1000%2C562&ssl=1&resize=350%2C200 1x, https:\/\/i0.wp.com\/noticiasribeiraopreto.com.br\/wp-content\/uploads\/2024\/01\/00-31-jan-2024-cacador-ilegal-foto-pmambiental-scaled.jpg?fit=1000%2C562&ssl=1&resize=525%2C300 1.5x, https:\/\/i0.wp.com\/noticiasribeiraopreto.com.br\/wp-content\/uploads\/2024\/01\/00-31-jan-2024-cacador-ilegal-foto-pmambiental-scaled.jpg?fit=1000%2C562&ssl=1&resize=700%2C400 2x"},"classes":[]}],"jetpack_sharing_enabled":true,"jetpack_shortlink":"https:\/\/wp.me\/peQAOb-lcY","_links":{"self":[{"href":"https:\/\/noticiasribeiraopreto.com.br\/index.php\/wp-json\/wp\/v2\/posts\/81528","targetHints":{"allow":["GET"]}}],"collection":[{"href":"https:\/\/noticiasribeiraopreto.com.br\/index.php\/wp-json\/wp\/v2\/posts"}],"about":[{"href":"https:\/\/noticiasribeiraopreto.com.br\/index.php\/wp-json\/wp\/v2\/types\/post"}],"author":[{"embeddable":true,"href":"https:\/\/noticiasribeiraopreto.com.br\/index.php\/wp-json\/wp\/v2\/users\/1"}],"replies":[{"embeddable":true,"href":"https:\/\/noticiasribeiraopreto.com.br\/index.php\/wp-json\/wp\/v2\/comments?post=81528"}],"version-history":[{"count":0,"href":"https:\/\/noticiasribeiraopreto.com.br\/index.php\/wp-json\/wp\/v2\/posts\/81528\/revisions"}],"wp:featuredmedia":[{"embeddable":true,"href":"https:\/\/noticiasribeiraopreto.com.br\/index.php\/wp-json\/wp\/v2\/media\/81529"}],"wp:attachment":[{"href":"https:\/\/noticiasribeiraopreto.com.br\/index.php\/wp-json\/wp\/v2\/media?parent=81528"}],"wp:term":[{"taxonomy":"category","embeddable":true,"href":"https:\/\/noticiasribeiraopreto.com.br\/index.php\/wp-json\/wp\/v2\/categories?post=81528"},{"taxonomy":"post_tag","embeddable":true,"href":"https:\/\/noticiasribeiraopreto.com.br\/index.php\/wp-json\/wp\/v2\/tags?post=81528"}],"curies":[{"name":"wp","href":"https:\/\/api.w.org\/{rel}","templated":true}]}}