{"id":81533,"date":"2026-01-09T07:18:13","date_gmt":"2026-01-09T10:18:13","guid":{"rendered":"https:\/\/noticiasribeiraopreto.com.br\/index.php\/2026\/01\/09\/sol-ou-chuva-veja-previsao-do-tempo-no-fim-de-semana-em-ribeirao-preto\/"},"modified":"2026-01-09T07:18:13","modified_gmt":"2026-01-09T10:18:13","slug":"sol-ou-chuva-veja-previsao-do-tempo-no-fim-de-semana-em-ribeirao-preto","status":"publish","type":"post","link":"https:\/\/noticiasribeiraopreto.com.br\/index.php\/2026\/01\/09\/sol-ou-chuva-veja-previsao-do-tempo-no-fim-de-semana-em-ribeirao-preto\/","title":{"rendered":"Sol ou chuva? Veja previs\u00e3o do tempo no fim de semana em Ribeir\u00e3o Preto"},"content":{"rendered":"<div class='code-block code-block-1' style='margin: 8px 0 8px auto; text-align: right; display: block; clear: both;'>\n<p><a href=\"https:\/\/wa.link\/vpicfd\"><img data-recalc-dims=\"1\" class=\"wp-image-4922\" style=\"aspect-ratio: 2.0253164556962027; width: 561px; height: auto;\" src=\"https:\/\/i0.wp.com\/ismaelcolosi.com.br\/wp-content\/uploads\/2023\/11\/grupo-de-empregos-whatsapp-e-facebook-ismael-colosi-vagas.jpg?ssl=1\" alt=\"\" \/><\/a><\/p>\n<!-- \/wp:image -->\n<\/div>\n<p> <br \/>\n<\/p>\n<div data-td-block-uid=\"tdi_95\">\n<div class=\"tdb-block-inner td-fix-index\">\n<p><strong>A sexta-feira (9) come\u00e7ou com sol pela manh\u00e3 e as temperaturas devem subir ao longo do dia em Ribeir\u00e3o Preto.<\/strong><\/p>\n<p>Segundo a <a href=\"https:\/\/www.climatempo.com.br\/https:\/\/www.climatempo.com.br\/\" data-type=\"link\" data-id=\"https:\/\/www.climatempo.com.br\/https:\/\/www.climatempo.com.br\/\" target=\"_blank\" rel=\"noopener\">Climatempo<\/a>, <mark style=\"background-color:#fcb900\" class=\"has-inline-color has-black-color\">no fim da tarde e in\u00edcio da noite est\u00e3o previstas pancadas isoladas de chuva.<\/mark><\/p>\n<p>No s\u00e1bado (10), o sol deve predominar entre poucas nuvens, com tempo est\u00e1vel. A umidade relativa do ar pode entrar em n\u00edveis de aten\u00e7\u00e3o.<\/p>\n<p>No domingo (11), a regi\u00e3o deve registrar calor intenso e tempo seco. Em Ribeir\u00e3o a m\u00e1xima est\u00e1 prevista em 35\u00b0C.<\/p>\n<p>J\u00e1 na segunda (12) h\u00e1 previs\u00e3o de pr\u00e9-frontal e a passagem de uma frente fria, que se forma a partir de um ciclone extratropical. Esse sistema aumenta o risco de temporais na segunda.<\/p>\n<h2 class=\"wp-block-heading\"><strong>Veja a previs\u00e3o do tempo em Ribeir\u00e3o Preto:<\/strong><\/h2>\n<p>22\u00b0C \/ 33\u00b0C<br \/>Chuva: 0 mm \/ 0%<br \/>Umidade do ar: 37% \/ 87%<\/p>\n<p>21\u00b0C \/ 34\u00b0C<br \/>Chuva: 0 mm \/ 0%<br \/>Umidade do ar: 41% \/ 90%<\/p>\n<p>22\u00b0C \/ 35\u00b0C<br \/>Chuva: 0 mm \/ 0%<br \/>Umidade do ar: 34% \/ 83%<\/p>\n<p>Fonte: Climatempo<\/p>\n<p>SAIBA MAIS<\/p>\n<p>Ciclone extratropical se forma e frente fria muda o tempo em SP; Saiba quando<\/p>\n<h3 class=\"wp-block-heading\"><strong>FIQUE ON<\/strong><\/h3>\n<p>Fique ligado em tudo que acontece em Ribeir\u00e3o Preto e regi\u00e3o. Siga os perfis do\u00a0<strong>acidade on<\/strong>\u00a0no\u00a0<a href=\"https:\/\/www.instagram.com\/acidadeonribeirao\" target=\"_blank\" rel=\"noreferrer noopener\">Instagram<\/a>\u00a0e no<a href=\"https:\/\/www.facebook.com\/acidadeonribeirao\/\" target=\"_blank\" rel=\"noreferrer noopener\">\u00a0Facebook<\/a>.<\/p>\n<p>Receba not\u00edcias do\u00a0<strong>acidade on<\/strong>\u00a0no WhatsApp. Para entrar no grupo,\u00a0basta<a href=\"https:\/\/chat.whatsapp.com\/GFH9HUMUTHNFJdnyEd0xxq\" target=\"_blank\" rel=\"noreferrer noopener\">\u00a0clicar aqui<\/a>. Ou, acesse o nosso\u00a0Canal<a href=\"https:\/\/whatsapp.com\/channel\/0029Vb6IQl1JENyAeS57fk2p\" target=\"_blank\" rel=\"noreferrer noopener\">\u00a0clicando aqui<\/a>.<\/p>\n<p>Fa\u00e7a uma den\u00fancia ou sugira uma reportagem sobre Ribeir\u00e3o Preto e regi\u00e3o pelo WhatsApp: 16 99117 7802.<\/p>\n<p>VEJA TAMB\u00c9M<\/p>\n<p>Cheesecake de goiabada; aprenda a receita<\/p>\n<p><!-- AI CONTENT END 1 -->\n<\/div>\n<\/div>\n<p><script async src=\"\/\/www.instagram.com\/embed.js\"><\/script><br \/>\n<br \/><br \/>\n<br \/><a href=\"https:\/\/www.acidadeon.com\/ribeiraopreto\/cotidiano\/sol-ou-chuva-veja-previsao-do-tempo-no-fim-de-semana-em-ribeirao-preto\/\">Source link <\/a><\/p>\n<!-- CONTENT END 1 -->\n","protected":false},"excerpt":{"rendered":"<p>A sexta-feira (9) come\u00e7ou com sol pela manh\u00e3 e as temperaturas devem subir ao longo do dia em Ribeir\u00e3o Preto. Segundo a Climatempo, no fim&#8230;<\/p>\n","protected":false},"author":1,"featured_media":72469,"comment_status":"open","ping_status":"open","sticky":false,"template":"","format":"standard","meta":{"advanced_seo_description":"","jetpack_seo_html_title":"","jetpack_seo_noindex":false,"jetpack_post_was_ever_published":false,"_jetpack_newsletter_access":"","_jetpack_dont_email_post_to_subs":false,"_jetpack_newsletter_tier_id":0,"_jetpack_memberships_contains_paywalled_content":false,"_jetpack_memberships_contains_paid_content":false,"footnotes":"","jetpack_publicize_message":"","jetpack_publicize_feature_enabled":true,"jetpack_social_post_already_shared":true,"jetpack_social_options":{"image_generator_settings":{"template":"highway","default_image_id":0,"font":"","enabled":false},"version":2}},"categories":[11],"tags":[],"class_list":["post-81533","post","type-post","status-publish","format-standard","has-post-thumbnail","hentry","category-noticias-de-ribeirao-preto-sp-e-regiao-ismael-colosi"],"jetpack_publicize_connections":[],"jetpack_featured_media_url":"https:\/\/i0.wp.com\/noticiasribeiraopreto.com.br\/wp-content\/uploads\/2025\/06\/WhatsApp-Image-2025-06-17-at-14.27.19_2025-06-17_17-29-48.webp.webp?fit=1200%2C540&ssl=1","jetpack-related-posts":[{"id":62580,"url":"https:\/\/noticiasribeiraopreto.com.br\/index.php\/2025\/01\/18\/veja-como-fica-a-previsao-do-tempo-para-ribeirao-preto-no-fim-de-semana\/","url_meta":{"origin":81533,"position":0},"title":"Veja como fica a previs\u00e3o do tempo para Ribeir\u00e3o Preto no fim de semana","author":"noticiasribeiraopreto.com.br","date":"18 de January de 2025","format":false,"excerpt":"O s\u00e1bado (18) come\u00e7ou com Sol e algumas nuvens em Ribeir\u00e3o Preto. Segundo a Climatempo, o fim de semana na cidade ter\u00e1 temperaturas de at\u00e9 30\u00b0C, com m\u00ednima de 21\u00b0C. Os meteorologistas apontam que o s\u00e1bado deve ser de Sol com algumas nuvens e possibilidade de pancadas de chuva nos\u2026","rel":"","context":"In &quot;Not\u00edcias de Ribeir\u00e3o Preto-SP e Regi\u00e3o&quot;","block_context":{"text":"Not\u00edcias de Ribeir\u00e3o Preto-SP e Regi\u00e3o","link":"https:\/\/noticiasribeiraopreto.com.br\/index.php\/category\/noticias-de-ribeirao-preto-sp-e-regiao-ismael-colosi\/"},"img":{"alt_text":"","src":"https:\/\/i0.wp.com\/noticiasribeiraopreto.com.br\/wp-content\/uploads\/2025\/01\/dia-ribeirao-preto_2025-01-18_12-37-13_jpeg_2025-01-18_12-37-13.webp.webp?fit=1200%2C900&ssl=1&resize=350%2C200","width":350,"height":200,"srcset":"https:\/\/i0.wp.com\/noticiasribeiraopreto.com.br\/wp-content\/uploads\/2025\/01\/dia-ribeirao-preto_2025-01-18_12-37-13_jpeg_2025-01-18_12-37-13.webp.webp?fit=1200%2C900&ssl=1&resize=350%2C200 1x, https:\/\/i0.wp.com\/noticiasribeiraopreto.com.br\/wp-content\/uploads\/2025\/01\/dia-ribeirao-preto_2025-01-18_12-37-13_jpeg_2025-01-18_12-37-13.webp.webp?fit=1200%2C900&ssl=1&resize=525%2C300 1.5x, https:\/\/i0.wp.com\/noticiasribeiraopreto.com.br\/wp-content\/uploads\/2025\/01\/dia-ribeirao-preto_2025-01-18_12-37-13_jpeg_2025-01-18_12-37-13.webp.webp?fit=1200%2C900&ssl=1&resize=700%2C400 2x, https:\/\/i0.wp.com\/noticiasribeiraopreto.com.br\/wp-content\/uploads\/2025\/01\/dia-ribeirao-preto_2025-01-18_12-37-13_jpeg_2025-01-18_12-37-13.webp.webp?fit=1200%2C900&ssl=1&resize=1050%2C600 3x"},"classes":[]},{"id":60450,"url":"https:\/\/noticiasribeiraopreto.com.br\/index.php\/2024\/11\/14\/feriadao-com-chuva-veja-a-previsao-do-tempo-em-ribeirao-preto\/","url_meta":{"origin":81533,"position":1},"title":"Feriad\u00e3o com chuva? Veja a previs\u00e3o do tempo em Ribeir\u00e3o Preto","author":"noticiasribeiraopreto.com.br","date":"14 de November de 2024","format":false,"excerpt":"As instabilidades continuam em atua\u00e7\u00e3o na regi\u00e3o de Ribeir\u00e3o Preto. Segundo a Climatempo, nesta quinta-feira (14) est\u00e3o previstas pancadas de chuva com raios e ventos a partir da tarde na regi\u00e3o. Esta \u00e9 mesma condi\u00e7\u00e3o para o feriado da Proclama\u00e7\u00e3o da Rep\u00fablica, nesta sexta-feira (15). S\u00e1bado e domingo No s\u00e1bado\u2026","rel":"","context":"In &quot;Not\u00edcias de Ribeir\u00e3o Preto-SP e Regi\u00e3o&quot;","block_context":{"text":"Not\u00edcias de Ribeir\u00e3o Preto-SP e Regi\u00e3o","link":"https:\/\/noticiasribeiraopreto.com.br\/index.php\/category\/noticias-de-ribeirao-preto-sp-e-regiao-ismael-colosi\/"},"img":{"alt_text":"","src":"https:\/\/i0.wp.com\/noticiasribeiraopreto.com.br\/wp-content\/uploads\/2024\/11\/1731593484_RIBEIRAO-PRETO.jpg?fit=1200%2C708&ssl=1&resize=350%2C200","width":350,"height":200,"srcset":"https:\/\/i0.wp.com\/noticiasribeiraopreto.com.br\/wp-content\/uploads\/2024\/11\/1731593484_RIBEIRAO-PRETO.jpg?fit=1200%2C708&ssl=1&resize=350%2C200 1x, https:\/\/i0.wp.com\/noticiasribeiraopreto.com.br\/wp-content\/uploads\/2024\/11\/1731593484_RIBEIRAO-PRETO.jpg?fit=1200%2C708&ssl=1&resize=525%2C300 1.5x, https:\/\/i0.wp.com\/noticiasribeiraopreto.com.br\/wp-content\/uploads\/2024\/11\/1731593484_RIBEIRAO-PRETO.jpg?fit=1200%2C708&ssl=1&resize=700%2C400 2x, https:\/\/i0.wp.com\/noticiasribeiraopreto.com.br\/wp-content\/uploads\/2024\/11\/1731593484_RIBEIRAO-PRETO.jpg?fit=1200%2C708&ssl=1&resize=1050%2C600 3x"},"classes":[]},{"id":56030,"url":"https:\/\/noticiasribeiraopreto.com.br\/index.php\/2024\/08\/09\/vai-esfriar-confira-a-previsao-do-tempo-para-ribeirao-preto-no-fim-de-semana\/","url_meta":{"origin":81533,"position":2},"title":"Vai esfriar? Confira a previs\u00e3o do tempo para Ribeir\u00e3o Preto no fim de semana","author":"noticiasribeiraopreto.com.br","date":"9 de August de 2024","format":false,"excerpt":"A chegada de uma frente fria promete derrubar as temperaturas em Ribeir\u00e3o Preto neste fim de semana. De acordo com a Climatempo, os term\u00f4metros n\u00e3o devem passar dos 27\u00b0C em Ribeir\u00e3o Preto nesta sexta-feira (9). Os meteorologistas ainda informam que h\u00e1 possibilidade de chuva, com acumulado previsto de at\u00e9 5\u2026","rel":"","context":"In &quot;Not\u00edcias de Ribeir\u00e3o Preto-SP e Regi\u00e3o&quot;","block_context":{"text":"Not\u00edcias de Ribeir\u00e3o Preto-SP e Regi\u00e3o","link":"https:\/\/noticiasribeiraopreto.com.br\/index.php\/category\/noticias-de-ribeirao-preto-sp-e-regiao-ismael-colosi\/"},"img":{"alt_text":"","src":"https:\/\/i0.wp.com\/noticiasribeiraopreto.com.br\/wp-content\/uploads\/2024\/06\/frio-2_2024-06-26_20-08-46_jpg_2024-06-26_20-08-47.webp.webp?fit=1200%2C800&ssl=1&resize=350%2C200","width":350,"height":200,"srcset":"https:\/\/i0.wp.com\/noticiasribeiraopreto.com.br\/wp-content\/uploads\/2024\/06\/frio-2_2024-06-26_20-08-46_jpg_2024-06-26_20-08-47.webp.webp?fit=1200%2C800&ssl=1&resize=350%2C200 1x, https:\/\/i0.wp.com\/noticiasribeiraopreto.com.br\/wp-content\/uploads\/2024\/06\/frio-2_2024-06-26_20-08-46_jpg_2024-06-26_20-08-47.webp.webp?fit=1200%2C800&ssl=1&resize=525%2C300 1.5x, https:\/\/i0.wp.com\/noticiasribeiraopreto.com.br\/wp-content\/uploads\/2024\/06\/frio-2_2024-06-26_20-08-46_jpg_2024-06-26_20-08-47.webp.webp?fit=1200%2C800&ssl=1&resize=700%2C400 2x, https:\/\/i0.wp.com\/noticiasribeiraopreto.com.br\/wp-content\/uploads\/2024\/06\/frio-2_2024-06-26_20-08-46_jpg_2024-06-26_20-08-47.webp.webp?fit=1200%2C800&ssl=1&resize=1050%2C600 3x"},"classes":[]},{"id":82405,"url":"https:\/\/noticiasribeiraopreto.com.br\/index.php\/2026\/02\/13\/sol-ou-chuva-veja-como-fica-o-tempo-no-fim-de-semana-de-carnaval-em-ribeirao-preto\/","url_meta":{"origin":81533,"position":3},"title":"Sol ou chuva? Veja como fica o tempo no fim de semana de Carnaval em Ribeir\u00e3o Preto","author":"noticiasribeiraopreto.com.br","date":"13 de February de 2026","format":false,"excerpt":"O fim de semana de Carnaval tem previs\u00e3o do retorno do padr\u00e3o t\u00edpico de ver\u00e3o ao clima na regi\u00e3o, com sol, calor e possibilidade de pancadas de chuva entre a tarde e a noite. Segundo a Climatempo, nesta sexta-feira (13), a chuva \u00e9 prevista de forma isolada e com curta\u2026","rel":"","context":"In &quot;Not\u00edcias de Ribeir\u00e3o Preto-SP e Regi\u00e3o&quot;","block_context":{"text":"Not\u00edcias de Ribeir\u00e3o Preto-SP e Regi\u00e3o","link":"https:\/\/noticiasribeiraopreto.com.br\/index.php\/category\/noticias-de-ribeirao-preto-sp-e-regiao-ismael-colosi\/"},"img":{"alt_text":"","src":"https:\/\/i0.wp.com\/noticiasribeiraopreto.com.br\/wp-content\/uploads\/2026\/02\/WhatsApp-Image-2026-02-13-at-05.34.45_2026-02-13_09-36-48.webp.webp?fit=1200%2C540&ssl=1&resize=350%2C200","width":350,"height":200,"srcset":"https:\/\/i0.wp.com\/noticiasribeiraopreto.com.br\/wp-content\/uploads\/2026\/02\/WhatsApp-Image-2026-02-13-at-05.34.45_2026-02-13_09-36-48.webp.webp?fit=1200%2C540&ssl=1&resize=350%2C200 1x, https:\/\/i0.wp.com\/noticiasribeiraopreto.com.br\/wp-content\/uploads\/2026\/02\/WhatsApp-Image-2026-02-13-at-05.34.45_2026-02-13_09-36-48.webp.webp?fit=1200%2C540&ssl=1&resize=525%2C300 1.5x, https:\/\/i0.wp.com\/noticiasribeiraopreto.com.br\/wp-content\/uploads\/2026\/02\/WhatsApp-Image-2026-02-13-at-05.34.45_2026-02-13_09-36-48.webp.webp?fit=1200%2C540&ssl=1&resize=700%2C400 2x, https:\/\/i0.wp.com\/noticiasribeiraopreto.com.br\/wp-content\/uploads\/2026\/02\/WhatsApp-Image-2026-02-13-at-05.34.45_2026-02-13_09-36-48.webp.webp?fit=1200%2C540&ssl=1&resize=1050%2C600 3x"},"classes":[]},{"id":67230,"url":"https:\/\/noticiasribeiraopreto.com.br\/index.php\/2025\/04\/11\/veja-como-fica-o-tempo-no-fim-de-semana-em-ribeirao-preto\/","url_meta":{"origin":81533,"position":4},"title":"Veja como fica o tempo no fim de semana em Ribeir\u00e3o Preto","author":"noticiasribeiraopreto.com.br","date":"11 de April de 2025","format":false,"excerpt":"A semana termina com a umidade alta devido aos ventos do oceano em dire\u00e7\u00e3o ao continente, o que pode causar nebulosidade na regi\u00e3o de Ribeir\u00e3o Preto. Confira a previs\u00e3o da Climatempo no fim de semana: Nesta sexta-feira (11), o sol aparece entre nuvens e a temperatura pode atingir 29\u00b0C em\u2026","rel":"","context":"In &quot;Not\u00edcias de Ribeir\u00e3o Preto-SP e Regi\u00e3o&quot;","block_context":{"text":"Not\u00edcias de Ribeir\u00e3o Preto-SP e Regi\u00e3o","link":"https:\/\/noticiasribeiraopreto.com.br\/index.php\/category\/noticias-de-ribeirao-preto-sp-e-regiao-ismael-colosi\/"},"img":{"alt_text":"","src":"https:\/\/i0.wp.com\/noticiasribeiraopreto.com.br\/wp-content\/uploads\/2025\/04\/WhatsApp-Image-2025-04-11-at-06.36.44_2025-04-11_10-10-19_jpeg_2025-04-11_10-10-19.webp.webp?fit=1200%2C540&ssl=1&resize=350%2C200","width":350,"height":200,"srcset":"https:\/\/i0.wp.com\/noticiasribeiraopreto.com.br\/wp-content\/uploads\/2025\/04\/WhatsApp-Image-2025-04-11-at-06.36.44_2025-04-11_10-10-19_jpeg_2025-04-11_10-10-19.webp.webp?fit=1200%2C540&ssl=1&resize=350%2C200 1x, https:\/\/i0.wp.com\/noticiasribeiraopreto.com.br\/wp-content\/uploads\/2025\/04\/WhatsApp-Image-2025-04-11-at-06.36.44_2025-04-11_10-10-19_jpeg_2025-04-11_10-10-19.webp.webp?fit=1200%2C540&ssl=1&resize=525%2C300 1.5x, https:\/\/i0.wp.com\/noticiasribeiraopreto.com.br\/wp-content\/uploads\/2025\/04\/WhatsApp-Image-2025-04-11-at-06.36.44_2025-04-11_10-10-19_jpeg_2025-04-11_10-10-19.webp.webp?fit=1200%2C540&ssl=1&resize=700%2C400 2x, https:\/\/i0.wp.com\/noticiasribeiraopreto.com.br\/wp-content\/uploads\/2025\/04\/WhatsApp-Image-2025-04-11-at-06.36.44_2025-04-11_10-10-19_jpeg_2025-04-11_10-10-19.webp.webp?fit=1200%2C540&ssl=1&resize=1050%2C600 3x"},"classes":[]},{"id":50211,"url":"https:\/\/noticiasribeiraopreto.com.br\/index.php\/2024\/05\/15\/nova-frente-fria-esta-prevista-no-interior-de-sp-saiba-quando-e-como-fica-o-tempo\/","url_meta":{"origin":81533,"position":5},"title":"Nova frente fria est\u00e1 prevista no interior de SP; Saiba quando e como fica o tempo","author":"noticiasribeiraopreto.com.br","date":"15 de May de 2024","format":false,"excerpt":"Uma nova frente pode mudar o tempo no interior de S\u00e3o Paulo. Segundo a Climatempo, h\u00e1 expecatativa da entrada de umidade no pr\u00f3ximo domingo (19) e o deslocamento desse sistema deixa instabilidades e ajuda na forma\u00e7\u00e3o de nuvens carregadas. Em Ribeir\u00e3o Preto, a previs\u00e3o indica sol no come\u00e7o do dia\u2026","rel":"","context":"In &quot;Not\u00edcias de Ribeir\u00e3o Preto-SP e Regi\u00e3o&quot;","block_context":{"text":"Not\u00edcias de Ribeir\u00e3o Preto-SP e Regi\u00e3o","link":"https:\/\/noticiasribeiraopreto.com.br\/index.php\/category\/noticias-de-ribeirao-preto-sp-e-regiao-ismael-colosi\/"},"img":{"alt_text":"","src":"https:\/\/i0.wp.com\/noticiasribeiraopreto.com.br\/wp-content\/uploads\/2024\/05\/WhatsApp-Image-2024-02-22-at-10.35.33.jpeg?fit=1200%2C540&ssl=1&resize=350%2C200","width":350,"height":200,"srcset":"https:\/\/i0.wp.com\/noticiasribeiraopreto.com.br\/wp-content\/uploads\/2024\/05\/WhatsApp-Image-2024-02-22-at-10.35.33.jpeg?fit=1200%2C540&ssl=1&resize=350%2C200 1x, https:\/\/i0.wp.com\/noticiasribeiraopreto.com.br\/wp-content\/uploads\/2024\/05\/WhatsApp-Image-2024-02-22-at-10.35.33.jpeg?fit=1200%2C540&ssl=1&resize=525%2C300 1.5x, https:\/\/i0.wp.com\/noticiasribeiraopreto.com.br\/wp-content\/uploads\/2024\/05\/WhatsApp-Image-2024-02-22-at-10.35.33.jpeg?fit=1200%2C540&ssl=1&resize=700%2C400 2x, https:\/\/i0.wp.com\/noticiasribeiraopreto.com.br\/wp-content\/uploads\/2024\/05\/WhatsApp-Image-2024-02-22-at-10.35.33.jpeg?fit=1200%2C540&ssl=1&resize=1050%2C600 3x"},"classes":[]}],"jetpack_sharing_enabled":true,"jetpack_shortlink":"https:\/\/wp.me\/peQAOb-ld3","_links":{"self":[{"href":"https:\/\/noticiasribeiraopreto.com.br\/index.php\/wp-json\/wp\/v2\/posts\/81533","targetHints":{"allow":["GET"]}}],"collection":[{"href":"https:\/\/noticiasribeiraopreto.com.br\/index.php\/wp-json\/wp\/v2\/posts"}],"about":[{"href":"https:\/\/noticiasribeiraopreto.com.br\/index.php\/wp-json\/wp\/v2\/types\/post"}],"author":[{"embeddable":true,"href":"https:\/\/noticiasribeiraopreto.com.br\/index.php\/wp-json\/wp\/v2\/users\/1"}],"replies":[{"embeddable":true,"href":"https:\/\/noticiasribeiraopreto.com.br\/index.php\/wp-json\/wp\/v2\/comments?post=81533"}],"version-history":[{"count":0,"href":"https:\/\/noticiasribeiraopreto.com.br\/index.php\/wp-json\/wp\/v2\/posts\/81533\/revisions"}],"wp:featuredmedia":[{"embeddable":true,"href":"https:\/\/noticiasribeiraopreto.com.br\/index.php\/wp-json\/wp\/v2\/media\/72469"}],"wp:attachment":[{"href":"https:\/\/noticiasribeiraopreto.com.br\/index.php\/wp-json\/wp\/v2\/media?parent=81533"}],"wp:term":[{"taxonomy":"category","embeddable":true,"href":"https:\/\/noticiasribeiraopreto.com.br\/index.php\/wp-json\/wp\/v2\/categories?post=81533"},{"taxonomy":"post_tag","embeddable":true,"href":"https:\/\/noticiasribeiraopreto.com.br\/index.php\/wp-json\/wp\/v2\/tags?post=81533"}],"curies":[{"name":"wp","href":"https:\/\/api.w.org\/{rel}","templated":true}]}}