{"id":81534,"date":"2026-01-09T07:28:30","date_gmt":"2026-01-09T10:28:30","guid":{"rendered":"https:\/\/noticiasribeiraopreto.com.br\/index.php\/2026\/01\/09\/cachorro-espera-ha-dois-dias-pelo-dono-na-upa-de-sertaozinho\/"},"modified":"2026-01-09T07:28:30","modified_gmt":"2026-01-09T10:28:30","slug":"cachorro-espera-ha-dois-dias-pelo-dono-na-upa-de-sertaozinho","status":"publish","type":"post","link":"https:\/\/noticiasribeiraopreto.com.br\/index.php\/2026\/01\/09\/cachorro-espera-ha-dois-dias-pelo-dono-na-upa-de-sertaozinho\/","title":{"rendered":"Cachorro espera h\u00e1 dois dias pelo dono na UPA de Sert\u00e3ozinho"},"content":{"rendered":"<div class='code-block code-block-1' style='margin: 8px 0 8px auto; text-align: right; display: block; clear: both;'>\n<p><a href=\"https:\/\/wa.link\/vpicfd\"><img data-recalc-dims=\"1\" class=\"wp-image-4922\" style=\"aspect-ratio: 2.0253164556962027; width: 561px; height: auto;\" src=\"https:\/\/i0.wp.com\/ismaelcolosi.com.br\/wp-content\/uploads\/2023\/11\/grupo-de-empregos-whatsapp-e-facebook-ismael-colosi-vagas.jpg?ssl=1\" alt=\"\" \/><\/a><\/p>\n<!-- \/wp:image -->\n<\/div>\n<p> <br \/>\n<\/p>\n<div data-td-block-uid=\"tdi_95\">\n<div class=\"tdb-block-inner td-fix-index\">\n<p>Um <strong>cachorro permanece h\u00e1 dois dias na Unidade de Pronto Atendimento (UPA) 24 horas de Sert\u00e3ozinho<\/strong>, na regi\u00e3o de Ribeir\u00e3o Preto. O tutor precisou deixar a unidade e ser transferido para um hospital da regi\u00e3o. Funcion\u00e1rios do local informaram que, na \u00faltima ter\u00e7a-feira (6) o animal chegou \u00e0 UPA com o paciente no momento do atendimento m\u00e9dico e continuou no local ap\u00f3s a transfer\u00eancia.<\/p>\n<p>Em conversa com o <em>acidade on<\/em>, uma das funcion\u00e1rias que est\u00e1 cuidando do pet afirmou que a equipe da UPA fornece alimenta\u00e7\u00e3o e cuidados a ele. <\/p>\n<figure class=\"wp-block-pullquote\">\n<blockquote>\n<p>\u201cEle \u00e9 d\u00f3cil, manhoso. Dei uma marmita a ele hoje. Ele s\u00f3 fica aqui dentro esperando pelo dono\u201d<\/p>\n<p><cite>afirmou<\/cite><\/p><\/blockquote>\n<\/figure>\n<figure class=\"wp-block-gallery has-nested-images columns-default is-cropped wp-block-gallery-1 is-layout-flex wp-block-gallery-is-layout-flex\">\n<figure class=\"wp-block-image size-large\"><img data-recalc-dims=\"1\" fetchpriority=\"high\" decoding=\"async\" width=\"668\" height=\"1024\" data-id=\"141635\" src=\"https:\/\/i0.wp.com\/cdn.media-acidadeon.com.br\/ribeiraopreto\/wp-content\/uploads\/sites\/3\/2026\/01\/image_2026-01-09_00-40-16-668x1024.webp?resize=668%2C1024&#038;ssl=1\" alt=\"cachorro&#10;\" class=\"wp-image-141635\" title=\"Cachorro espera h\u00e1 dois dias pelo dono na UPA de Sert\u00e3ozinho 1\" srcset=\"https:\/\/cdn.media-acidadeon.com.br\/ribeiraopreto\/wp-content\/uploads\/sites\/3\/2026\/01\/image_2026-01-09_00-40-16-668x1024.webp 668w, https:\/\/cdn.media-acidadeon.com.br\/ribeiraopreto\/wp-content\/uploads\/sites\/3\/2026\/01\/image_2026-01-09_00-40-16-196x300.webp 196w, https:\/\/cdn.media-acidadeon.com.br\/ribeiraopreto\/wp-content\/uploads\/sites\/3\/2026\/01\/image_2026-01-09_00-40-16-768x1177.webp 768w, https:\/\/cdn.media-acidadeon.com.br\/ribeiraopreto\/wp-content\/uploads\/sites\/3\/2026\/01\/image_2026-01-09_00-40-16-1002x1536.webp 1002w, https:\/\/cdn.media-acidadeon.com.br\/ribeiraopreto\/wp-content\/uploads\/sites\/3\/2026\/01\/image_2026-01-09_00-40-16-696x1067.webp 696w, https:\/\/cdn.media-acidadeon.com.br\/ribeiraopreto\/wp-content\/uploads\/sites\/3\/2026\/01\/image_2026-01-09_00-40-16.webp 1043w\" sizes=\"(max-width: 668px) 100vw, 668px\"\/><\/figure>\n<figure class=\"wp-block-image size-large\"><img data-recalc-dims=\"1\" loading=\"lazy\" decoding=\"async\" width=\"768\" height=\"1024\" data-id=\"141633\" src=\"https:\/\/i0.wp.com\/cdn.media-acidadeon.com.br\/ribeiraopreto\/wp-content\/uploads\/sites\/3\/2026\/01\/image_2026-01-09_00-37-20-768x1024.webp?resize=768%2C1024&#038;ssl=1\" alt=\"image 2026 01 09 00 37 20\" class=\"wp-image-141633\" title=\"Cachorro espera h\u00e1 dois dias pelo dono na UPA de Sert\u00e3ozinho 2\" srcset=\"https:\/\/cdn.media-acidadeon.com.br\/ribeiraopreto\/wp-content\/uploads\/sites\/3\/2026\/01\/image_2026-01-09_00-37-20-768x1024.webp 768w, https:\/\/cdn.media-acidadeon.com.br\/ribeiraopreto\/wp-content\/uploads\/sites\/3\/2026\/01\/image_2026-01-09_00-37-20-225x300.webp 225w, https:\/\/cdn.media-acidadeon.com.br\/ribeiraopreto\/wp-content\/uploads\/sites\/3\/2026\/01\/image_2026-01-09_00-37-20-1152x1536.webp 1152w, https:\/\/cdn.media-acidadeon.com.br\/ribeiraopreto\/wp-content\/uploads\/sites\/3\/2026\/01\/image_2026-01-09_00-37-20-696x928.webp 696w, https:\/\/cdn.media-acidadeon.com.br\/ribeiraopreto\/wp-content\/uploads\/sites\/3\/2026\/01\/image_2026-01-09_00-37-20-1068x1424.webp 1068w, https:\/\/cdn.media-acidadeon.com.br\/ribeiraopreto\/wp-content\/uploads\/sites\/3\/2026\/01\/image_2026-01-09_00-37-20.webp 1200w\" sizes=\"auto, (max-width: 768px) 100vw, 768px\"\/><\/figure>\n<\/figure>\n<h3 class=\"wp-block-heading\"><strong>Cachorro pode seguir para ado\u00e7\u00e3o<\/strong><\/h3>\n<p>Ela informou tamb\u00e9m que a Prefeitura de Sert\u00e3ozinho recebeu a notifica\u00e7\u00e3o e que, nesta sexta-feira (9), uma equipe far\u00e1 o recolhimento do animal para encaminh\u00e1-lo \u00e0 UBS Animal.<\/p>\n<p>Segundo a funcion\u00e1ria, caso nenhum familiar se apresente, o <strong>cachorro seguir\u00e1 para ado\u00e7\u00e3o.<\/strong><\/p>\n<hr class=\"wp-block-separator has-alpha-channel-opacity\"\/>\n<p>SAIBA MAIS<\/p>\n<p>Cidade na regi\u00e3o de Ribeir\u00e3o Preto tem concurso com sal\u00e1rios de R$ 13 mil<\/p>\n<h2 class=\"wp-block-heading\"><strong>FIQUE ON<\/strong><\/h2>\n<p>Fique ligado em tudo que acontece em Ribeir\u00e3o Preto e regi\u00e3o. Siga os perfis do\u00a0<strong>acidade on<\/strong>\u00a0no\u00a0<a href=\"https:\/\/www.instagram.com\/acidadeonribeirao\" target=\"_blank\" rel=\"noreferrer noopener\">Instagram<\/a>\u00a0e no<a href=\"https:\/\/www.facebook.com\/acidadeonribeirao\/\" target=\"_blank\" rel=\"noreferrer noopener\">\u00a0Facebook<\/a>.<\/p>\n<p>Receba not\u00edcias do\u00a0<strong>acidade on<\/strong>\u00a0no WhatsApp. Para entrar no grupo,\u00a0basta<a href=\"https:\/\/chat.whatsapp.com\/GFH9HUMUTHNFJdnyEd0xxq\" target=\"_blank\" rel=\"noreferrer noopener\">\u00a0clicar aqui<\/a>. Ou, acesse o nosso\u00a0Canal<a href=\"https:\/\/whatsapp.com\/channel\/0029Vb6IQl1JENyAeS57fk2p\" target=\"_blank\" rel=\"noreferrer noopener\">\u00a0clicando aqui<\/a>.<\/p>\n<p>Fa\u00e7a uma den\u00fancia ou sugira uma reportagem sobre Ribeir\u00e3o Preto e regi\u00e3o pelo WhatsApp: 16 99117 7802.<\/p>\n<p>VEJA TAMB\u00c9M<br \/>Experi\u00eancia e adapta\u00e7\u00e3o tornam vi\u00e1vel o cultivo de abacaxi fora dos polos tradicionais<\/p>\n<p><!-- AI CONTENT END 1 -->\n<\/div>\n<\/div>\n<p><script async src=\"\/\/www.instagram.com\/embed.js\"><\/script><br \/>\n<br \/><br \/>\n<br \/><a href=\"https:\/\/www.acidadeon.com\/ribeiraopreto\/cotidiano\/cachorro-espera-ha-dois-dias-pelo-dono-na-upa-de-sertaozinho\/\">Source link <\/a><\/p>\n<!-- CONTENT END 1 -->\n","protected":false},"excerpt":{"rendered":"<p>Um cachorro permanece h\u00e1 dois dias na Unidade de Pronto Atendimento (UPA) 24 horas de Sert\u00e3ozinho, na regi\u00e3o de Ribeir\u00e3o Preto. O tutor precisou deixar&#8230;<\/p>\n","protected":false},"author":1,"featured_media":81535,"comment_status":"open","ping_status":"open","sticky":false,"template":"","format":"standard","meta":{"advanced_seo_description":"","jetpack_seo_html_title":"","jetpack_seo_noindex":false,"jetpack_post_was_ever_published":false,"_jetpack_newsletter_access":"","_jetpack_dont_email_post_to_subs":false,"_jetpack_newsletter_tier_id":0,"_jetpack_memberships_contains_paywalled_content":false,"_jetpack_memberships_contains_paid_content":false,"footnotes":"","jetpack_publicize_message":"","jetpack_publicize_feature_enabled":true,"jetpack_social_post_already_shared":true,"jetpack_social_options":{"image_generator_settings":{"template":"highway","default_image_id":0,"font":"","enabled":false},"version":2}},"categories":[11],"tags":[],"class_list":["post-81534","post","type-post","status-publish","format-standard","has-post-thumbnail","hentry","category-noticias-de-ribeirao-preto-sp-e-regiao-ismael-colosi"],"jetpack_publicize_connections":[],"jetpack_featured_media_url":"https:\/\/i0.wp.com\/noticiasribeiraopreto.com.br\/wp-content\/uploads\/2026\/01\/domingo-3_2026-01-09_00-38-53.webp.webp?fit=1200%2C675&ssl=1","jetpack-related-posts":[{"id":62885,"url":"https:\/\/noticiasribeiraopreto.com.br\/index.php\/2025\/01\/27\/para-desafogar-upa-sertaozinho-recomenda-que-pacientes-com-sintomas-leves-procurem-ubss\/","url_meta":{"origin":81534,"position":0},"title":"Para desafogar UPA, Sert\u00e3ozinho recomenda que pacientes com sintomas leves procurem UBSs","author":"noticiasribeiraopreto.com.br","date":"27 de January de 2025","format":false,"excerpt":"A Prefeitura de Sert\u00e3ozinho, cidade na regi\u00e3o de Ribeir\u00e3o Preto, informou que a partir desta segunda-feira (27), pacientes com classifica\u00e7\u00e3o de risco azul ser\u00e3o orientados a receberem atendimento nas UBSs (Unidades B\u00e1sicas de Sa\u00fade) do munic\u00edpio \u2013 veja quais abaixo. De acordo com a Administra\u00e7\u00e3o Municipal, a medida tem como\u2026","rel":"","context":"In &quot;Not\u00edcias de Ribeir\u00e3o Preto-SP e Regi\u00e3o&quot;","block_context":{"text":"Not\u00edcias de Ribeir\u00e3o Preto-SP e Regi\u00e3o","link":"https:\/\/noticiasribeiraopreto.com.br\/index.php\/category\/noticias-de-ribeirao-preto-sp-e-regiao-ismael-colosi\/"},"img":{"alt_text":"","src":"https:\/\/i0.wp.com\/noticiasribeiraopreto.com.br\/wp-content\/uploads\/2025\/01\/5161a92adb40278e8186dddb276b6ac5_2025-01-27_18-08-40_jpg_2025-01-27_18-08-40.webp.webp?fit=1200%2C800&ssl=1&resize=350%2C200","width":350,"height":200,"srcset":"https:\/\/i0.wp.com\/noticiasribeiraopreto.com.br\/wp-content\/uploads\/2025\/01\/5161a92adb40278e8186dddb276b6ac5_2025-01-27_18-08-40_jpg_2025-01-27_18-08-40.webp.webp?fit=1200%2C800&ssl=1&resize=350%2C200 1x, https:\/\/i0.wp.com\/noticiasribeiraopreto.com.br\/wp-content\/uploads\/2025\/01\/5161a92adb40278e8186dddb276b6ac5_2025-01-27_18-08-40_jpg_2025-01-27_18-08-40.webp.webp?fit=1200%2C800&ssl=1&resize=525%2C300 1.5x, https:\/\/i0.wp.com\/noticiasribeiraopreto.com.br\/wp-content\/uploads\/2025\/01\/5161a92adb40278e8186dddb276b6ac5_2025-01-27_18-08-40_jpg_2025-01-27_18-08-40.webp.webp?fit=1200%2C800&ssl=1&resize=700%2C400 2x, https:\/\/i0.wp.com\/noticiasribeiraopreto.com.br\/wp-content\/uploads\/2025\/01\/5161a92adb40278e8186dddb276b6ac5_2025-01-27_18-08-40_jpg_2025-01-27_18-08-40.webp.webp?fit=1200%2C800&ssl=1&resize=1050%2C600 3x"},"classes":[]},{"id":81082,"url":"https:\/\/noticiasribeiraopreto.com.br\/index.php\/2025\/12\/23\/homem-e-baleado-em-frente-a-upa-enquanto-filho-era-atendido-na-regiao-de-ribeirao\/","url_meta":{"origin":81534,"position":1},"title":"Homem \u00e9 baleado em frente \u00e0 UPA enquanto filho era atendido na regi\u00e3o de Ribeir\u00e3o","author":"noticiasribeiraopreto.com.br","date":"23 de December de 2025","format":false,"excerpt":"Um homem foi baleado em frente \u00e0 Unidade de Pronto Atendimento (UPA) de Sert\u00e3ozinho, cidade a cerca de 20 quil\u00f4metros de Ribeir\u00e3o Preto, enquanto o filho era atendido no local, na noite deste domingo (21). De acordo com o boletim de ocorr\u00eancia, a v\u00edtima, de 33 anos, aguardava do lado\u2026","rel":"","context":"In &quot;Not\u00edcias de Ribeir\u00e3o Preto-SP e Regi\u00e3o&quot;","block_context":{"text":"Not\u00edcias de Ribeir\u00e3o Preto-SP e Regi\u00e3o","link":"https:\/\/noticiasribeiraopreto.com.br\/index.php\/category\/noticias-de-ribeirao-preto-sp-e-regiao-ismael-colosi\/"},"img":{"alt_text":"","src":"https:\/\/i0.wp.com\/noticiasribeiraopreto.com.br\/wp-content\/uploads\/2025\/12\/domingo-20_2025-12-22_18-46-11.webp.webp?fit=1200%2C675&ssl=1&resize=350%2C200","width":350,"height":200,"srcset":"https:\/\/i0.wp.com\/noticiasribeiraopreto.com.br\/wp-content\/uploads\/2025\/12\/domingo-20_2025-12-22_18-46-11.webp.webp?fit=1200%2C675&ssl=1&resize=350%2C200 1x, https:\/\/i0.wp.com\/noticiasribeiraopreto.com.br\/wp-content\/uploads\/2025\/12\/domingo-20_2025-12-22_18-46-11.webp.webp?fit=1200%2C675&ssl=1&resize=525%2C300 1.5x, https:\/\/i0.wp.com\/noticiasribeiraopreto.com.br\/wp-content\/uploads\/2025\/12\/domingo-20_2025-12-22_18-46-11.webp.webp?fit=1200%2C675&ssl=1&resize=700%2C400 2x, https:\/\/i0.wp.com\/noticiasribeiraopreto.com.br\/wp-content\/uploads\/2025\/12\/domingo-20_2025-12-22_18-46-11.webp.webp?fit=1200%2C675&ssl=1&resize=1050%2C600 3x"},"classes":[]},{"id":79236,"url":"https:\/\/noticiasribeiraopreto.com.br\/index.php\/2025\/10\/27\/apos-ser-esfaqueado-jovem-cai-de-moto-a-caminho-da-upa-e-morre-na-regiao-de-ribeirao-preto\/","url_meta":{"origin":81534,"position":2},"title":"Ap\u00f3s ser esfaqueado, jovem cai de moto a caminho da UPA e morre na regi\u00e3o de Ribeir\u00e3o Preto","author":"noticiasribeiraopreto.com.br","date":"27 de October de 2025","format":false,"excerpt":"Um jovem de 25 anos morreu na noite desta segunda-feira (27) ap\u00f3s ser esfaqueado e cair de moto na avenida Alessio Mazer, em Sert\u00e3ozinho, na regi\u00e3o de Ribeir\u00e3o Preto. De acordo com relatos de testemunhas, o rapaz teria sido atingido por uma facada no bairro Arag\u00e3o. Em seguida, ele seguia\u2026","rel":"","context":"In &quot;Not\u00edcias de Ribeir\u00e3o Preto-SP e Regi\u00e3o&quot;","block_context":{"text":"Not\u00edcias de Ribeir\u00e3o Preto-SP e Regi\u00e3o","link":"https:\/\/noticiasribeiraopreto.com.br\/index.php\/category\/noticias-de-ribeirao-preto-sp-e-regiao-ismael-colosi\/"},"img":{"alt_text":"","src":"https:\/\/i0.wp.com\/noticiasribeiraopreto.com.br\/wp-content\/uploads\/2025\/10\/Copia-de-Copia-de-Copia-de-TAMANHO-EXATO-PARA-FOTOS-NO-SISTEMA-NOVO-2025-10-27T204749.846_2025-10-27_23-48-14.webp.webp?fit=1200%2C675&ssl=1&resize=350%2C200","width":350,"height":200,"srcset":"https:\/\/i0.wp.com\/noticiasribeiraopreto.com.br\/wp-content\/uploads\/2025\/10\/Copia-de-Copia-de-Copia-de-TAMANHO-EXATO-PARA-FOTOS-NO-SISTEMA-NOVO-2025-10-27T204749.846_2025-10-27_23-48-14.webp.webp?fit=1200%2C675&ssl=1&resize=350%2C200 1x, https:\/\/i0.wp.com\/noticiasribeiraopreto.com.br\/wp-content\/uploads\/2025\/10\/Copia-de-Copia-de-Copia-de-TAMANHO-EXATO-PARA-FOTOS-NO-SISTEMA-NOVO-2025-10-27T204749.846_2025-10-27_23-48-14.webp.webp?fit=1200%2C675&ssl=1&resize=525%2C300 1.5x, https:\/\/i0.wp.com\/noticiasribeiraopreto.com.br\/wp-content\/uploads\/2025\/10\/Copia-de-Copia-de-Copia-de-TAMANHO-EXATO-PARA-FOTOS-NO-SISTEMA-NOVO-2025-10-27T204749.846_2025-10-27_23-48-14.webp.webp?fit=1200%2C675&ssl=1&resize=700%2C400 2x, https:\/\/i0.wp.com\/noticiasribeiraopreto.com.br\/wp-content\/uploads\/2025\/10\/Copia-de-Copia-de-Copia-de-TAMANHO-EXATO-PARA-FOTOS-NO-SISTEMA-NOVO-2025-10-27T204749.846_2025-10-27_23-48-14.webp.webp?fit=1200%2C675&ssl=1&resize=1050%2C600 3x"},"classes":[]},{"id":68347,"url":"https:\/\/noticiasribeiraopreto.com.br\/index.php\/2025\/04\/24\/upa-oeste-ganha-teleconsulta-tribuna-ribeirao\/","url_meta":{"origin":81534,"position":3},"title":"Upa Oeste ganha teleconsulta &#8211; Tribuna Ribeir\u00e3o","author":"noticiasribeiraopreto.com.br","date":"24 de April de 2025","format":false,"excerpt":"24 de abril de 2025 15:4924 de abril de 2025 15:501 Compartilhar0 A Prefeitura de Ribeir\u00e3o Preto implementou a teleconsulta na Unidade de Pronto Atendimento (UPA) Oeste, localizada no bairro Sumarezinho. O objetivo \u00e9 agilizar o atendimento de casos leves e reduzir as filas presenciais. O servi\u00e7o foi criado a\u2026","rel":"","context":"In &quot;Not\u00edcias de Ribeir\u00e3o Preto-SP e Regi\u00e3o&quot;","block_context":{"text":"Not\u00edcias de Ribeir\u00e3o Preto-SP e Regi\u00e3o","link":"https:\/\/noticiasribeiraopreto.com.br\/index.php\/category\/noticias-de-ribeirao-preto-sp-e-regiao-ismael-colosi\/"},"img":{"alt_text":"","src":"https:\/\/i0.wp.com\/noticiasribeiraopreto.com.br\/wp-content\/uploads\/2025\/04\/upa.jpg?fit=740%2C493&ssl=1&resize=350%2C200","width":350,"height":200,"srcset":"https:\/\/i0.wp.com\/noticiasribeiraopreto.com.br\/wp-content\/uploads\/2025\/04\/upa.jpg?fit=740%2C493&ssl=1&resize=350%2C200 1x, https:\/\/i0.wp.com\/noticiasribeiraopreto.com.br\/wp-content\/uploads\/2025\/04\/upa.jpg?fit=740%2C493&ssl=1&resize=525%2C300 1.5x, https:\/\/i0.wp.com\/noticiasribeiraopreto.com.br\/wp-content\/uploads\/2025\/04\/upa.jpg?fit=740%2C493&ssl=1&resize=700%2C400 2x"},"classes":[]},{"id":62360,"url":"https:\/\/noticiasribeiraopreto.com.br\/index.php\/2025\/01\/12\/saiba-como-sera-transformacao-do-antigo-ps-central-de-ribeirao-preto-em-upa\/","url_meta":{"origin":81534,"position":4},"title":"Saiba como ser\u00e1 transforma\u00e7\u00e3o do antigo PS Central de Ribeir\u00e3o Preto em UPA","author":"noticiasribeiraopreto.com.br","date":"12 de January de 2025","format":false,"excerpt":"O secret\u00e1rio da Sa\u00fade de Ribeir\u00e3o Preto, Maur\u00edcio Godinho, disse que o pr\u00e9dio do antigo Pronto Socorro Central dever\u00e1 ser reformado para ser transformado em UPA (Unidade de Pronto Atendimento), conforme anunciou o prefeito Ricardo Silva (PSD) na posse, em 1\u00ba de janeiro. Decreto Um decreto foi publicado pelo chefe\u2026","rel":"","context":"In &quot;Not\u00edcias de Ribeir\u00e3o Preto-SP e Regi\u00e3o&quot;","block_context":{"text":"Not\u00edcias de Ribeir\u00e3o Preto-SP e Regi\u00e3o","link":"https:\/\/noticiasribeiraopreto.com.br\/index.php\/category\/noticias-de-ribeirao-preto-sp-e-regiao-ismael-colosi\/"},"img":{"alt_text":"","src":"https:\/\/i0.wp.com\/noticiasribeiraopreto.com.br\/wp-content\/uploads\/2025\/01\/upa-central_2025-01-10_21-22-23_jpg_2025-01-10_21-22-23-scaled.webp.webp?fit=1200%2C675&ssl=1&resize=350%2C200","width":350,"height":200,"srcset":"https:\/\/i0.wp.com\/noticiasribeiraopreto.com.br\/wp-content\/uploads\/2025\/01\/upa-central_2025-01-10_21-22-23_jpg_2025-01-10_21-22-23-scaled.webp.webp?fit=1200%2C675&ssl=1&resize=350%2C200 1x, https:\/\/i0.wp.com\/noticiasribeiraopreto.com.br\/wp-content\/uploads\/2025\/01\/upa-central_2025-01-10_21-22-23_jpg_2025-01-10_21-22-23-scaled.webp.webp?fit=1200%2C675&ssl=1&resize=525%2C300 1.5x, https:\/\/i0.wp.com\/noticiasribeiraopreto.com.br\/wp-content\/uploads\/2025\/01\/upa-central_2025-01-10_21-22-23_jpg_2025-01-10_21-22-23-scaled.webp.webp?fit=1200%2C675&ssl=1&resize=700%2C400 2x, https:\/\/i0.wp.com\/noticiasribeiraopreto.com.br\/wp-content\/uploads\/2025\/01\/upa-central_2025-01-10_21-22-23_jpg_2025-01-10_21-22-23-scaled.webp.webp?fit=1200%2C675&ssl=1&resize=1050%2C600 3x"},"classes":[]},{"id":81055,"url":"https:\/\/noticiasribeiraopreto.com.br\/index.php\/2025\/12\/22\/homem-leva-tres-tiros-na-frente-da-upa-em-sertaozinho\/","url_meta":{"origin":81534,"position":5},"title":"Homem leva tr\u00eas tiros na frente da UPA em Sert\u00e3ozinho","author":"noticiasribeiraopreto.com.br","date":"22 de December de 2025","format":false,"excerpt":"\r \r \r \r \r 22 de dezembro de 2025 10:11 \r Compartilhar0 \r A v\u00edtima estava com o filho de um m\u00eas, que passava por atendimento, na noite de domingo (21). Ele foi socorrido e levado para a Santa Casa da cidade. Um homem levou tr\u00eas tiros na frente\u2026","rel":"","context":"In &quot;Not\u00edcias de Ribeir\u00e3o Preto-SP e Regi\u00e3o&quot;","block_context":{"text":"Not\u00edcias de Ribeir\u00e3o Preto-SP e Regi\u00e3o","link":"https:\/\/noticiasribeiraopreto.com.br\/index.php\/category\/noticias-de-ribeirao-preto-sp-e-regiao-ismael-colosi\/"},"img":{"alt_text":"","src":"https:\/\/i0.wp.com\/noticiasribeiraopreto.com.br\/wp-content\/uploads\/2025\/12\/sertaozinho.jpg?fit=800%2C500&ssl=1&resize=350%2C200","width":350,"height":200,"srcset":"https:\/\/i0.wp.com\/noticiasribeiraopreto.com.br\/wp-content\/uploads\/2025\/12\/sertaozinho.jpg?fit=800%2C500&ssl=1&resize=350%2C200 1x, https:\/\/i0.wp.com\/noticiasribeiraopreto.com.br\/wp-content\/uploads\/2025\/12\/sertaozinho.jpg?fit=800%2C500&ssl=1&resize=525%2C300 1.5x, https:\/\/i0.wp.com\/noticiasribeiraopreto.com.br\/wp-content\/uploads\/2025\/12\/sertaozinho.jpg?fit=800%2C500&ssl=1&resize=700%2C400 2x"},"classes":[]}],"jetpack_sharing_enabled":true,"jetpack_shortlink":"https:\/\/wp.me\/peQAOb-ld4","_links":{"self":[{"href":"https:\/\/noticiasribeiraopreto.com.br\/index.php\/wp-json\/wp\/v2\/posts\/81534","targetHints":{"allow":["GET"]}}],"collection":[{"href":"https:\/\/noticiasribeiraopreto.com.br\/index.php\/wp-json\/wp\/v2\/posts"}],"about":[{"href":"https:\/\/noticiasribeiraopreto.com.br\/index.php\/wp-json\/wp\/v2\/types\/post"}],"author":[{"embeddable":true,"href":"https:\/\/noticiasribeiraopreto.com.br\/index.php\/wp-json\/wp\/v2\/users\/1"}],"replies":[{"embeddable":true,"href":"https:\/\/noticiasribeiraopreto.com.br\/index.php\/wp-json\/wp\/v2\/comments?post=81534"}],"version-history":[{"count":0,"href":"https:\/\/noticiasribeiraopreto.com.br\/index.php\/wp-json\/wp\/v2\/posts\/81534\/revisions"}],"wp:featuredmedia":[{"embeddable":true,"href":"https:\/\/noticiasribeiraopreto.com.br\/index.php\/wp-json\/wp\/v2\/media\/81535"}],"wp:attachment":[{"href":"https:\/\/noticiasribeiraopreto.com.br\/index.php\/wp-json\/wp\/v2\/media?parent=81534"}],"wp:term":[{"taxonomy":"category","embeddable":true,"href":"https:\/\/noticiasribeiraopreto.com.br\/index.php\/wp-json\/wp\/v2\/categories?post=81534"},{"taxonomy":"post_tag","embeddable":true,"href":"https:\/\/noticiasribeiraopreto.com.br\/index.php\/wp-json\/wp\/v2\/tags?post=81534"}],"curies":[{"name":"wp","href":"https:\/\/api.w.org\/{rel}","templated":true}]}}