{"id":81536,"date":"2026-01-09T07:35:30","date_gmt":"2026-01-09T10:35:30","guid":{"rendered":"https:\/\/noticiasribeiraopreto.com.br\/index.php\/2026\/01\/09\/justica-decreta-prisao-de-empresario-investigado-por-sumico-de-20-mil-sacas-de-cafe\/"},"modified":"2026-01-09T07:35:30","modified_gmt":"2026-01-09T10:35:30","slug":"justica-decreta-prisao-de-empresario-investigado-por-sumico-de-20-mil-sacas-de-cafe","status":"publish","type":"post","link":"https:\/\/noticiasribeiraopreto.com.br\/index.php\/2026\/01\/09\/justica-decreta-prisao-de-empresario-investigado-por-sumico-de-20-mil-sacas-de-cafe\/","title":{"rendered":"Justi\u00e7a decreta pris\u00e3o de empres\u00e1rio investigado por sumi\u00e7o de 20 mil sacas de caf\u00e9"},"content":{"rendered":"<div class='code-block code-block-1' style='margin: 8px 0 8px auto; text-align: right; display: block; clear: both;'>\n<p><a href=\"https:\/\/wa.link\/vpicfd\"><img data-recalc-dims=\"1\" class=\"wp-image-4922\" style=\"aspect-ratio: 2.0253164556962027; width: 561px; height: auto;\" src=\"https:\/\/i0.wp.com\/ismaelcolosi.com.br\/wp-content\/uploads\/2023\/11\/grupo-de-empregos-whatsapp-e-facebook-ismael-colosi-vagas.jpg?ssl=1\" alt=\"\" \/><\/a><\/p>\n<!-- \/wp:image -->\n<\/div>\n<p> <br \/>\n<\/p>\n<div>\n<p>A Justi\u00e7a determinou a pris\u00e3o preventiva do empres\u00e1rio <strong>Elvis Vilhena Faleiros<\/strong>, de Franca, investigado por suposto envolvimento no desaparecimento de cerca de 20 mil sacas de caf\u00e9 pertencente a cooperados. O caso envolve uma cooperativa agr\u00edcola com mais de <strong>600 produtores ativos<\/strong> e apura preju\u00edzos que podem chegar a <strong>R$ 50 milh\u00f5es<\/strong>, segundo estimativas do processo.<\/p>\n<p>De acordo com a a\u00e7\u00e3o judicial, o empres\u00e1rio teria autorizado opera\u00e7\u00f5es que comprometeram o equil\u00edbrio financeiro da cooperativa. As investiga\u00e7\u00f5es indicam que caf\u00e9 mantido em estoque, inclusive de produtores, pode ter sido utilizado sem autoriza\u00e7\u00e3o para cumprir obriga\u00e7\u00f5es financeiras, levantando suspeitas de <strong>gest\u00e3o temer\u00e1ria e poss\u00edvel fraude<\/strong>.<\/p>\n<p>Al\u00e9m de Faleiros, a apura\u00e7\u00e3o alcan\u00e7a outros dois diretores da cooperativa. A Justi\u00e7a determinou o <strong>bloqueio de bens<\/strong> dos investigados como medida cautelar. Trechos do processo apontam que o valor dos bens supostamente apropriados de forma irregular pode chegar \u00e0 casa dos <strong>R$ 50 milh\u00f5es<\/strong>.<\/p>\n<h3 class=\"wp-block-heading\"><strong>Produtores relatam perdas financeiras<\/strong><\/h3>\n<p>Relatos reunidos no processo mostram que os preju\u00edzos come\u00e7aram a ser percebidos quando cooperados tentaram retirar o caf\u00e9 depositado. Uma produtora afirma n\u00e3o ter conseguido reaver <strong>342 sacas<\/strong>, avaliadas em cerca de <strong>R$ 803,7 mil<\/strong>, ap\u00f3s ser informada de que o produto teria sido usado para cobrir opera\u00e7\u00f5es financeiras malsucedidas.<\/p>\n<p>Outro cooperado relata a perda de <strong>35 sacas<\/strong>, estimadas em <strong>R$ 80,5 mil<\/strong>, e suspeita que o caf\u00e9 tenha sido dado como garantia em opera\u00e7\u00f5es financeiras. Juntos, esses casos somam aproximadamente <strong>R$ 884 mil<\/strong>, valor considerado parcial dentro do processo.<\/p>\n<div class=\"wp-block-image\">\n<figure class=\"aligncenter size-large is-resized\"><img data-recalc-dims=\"1\" fetchpriority=\"high\" decoding=\"async\" width=\"1024\" height=\"750\" src=\"https:\/\/i0.wp.com\/cdn.media-acidadeon.com.br\/ribeiraopreto\/wp-content\/uploads\/sites\/3\/2026\/01\/Imagem-do-WhatsApp-de-2026-01-08-as-19.30.54_f56185b8_2026-01-08_22-31-19-1024x750.webp?resize=1024%2C750&#038;ssl=1\" alt=\"justi\u00e7a \" class=\"wp-image-141627\" style=\"width:718px;height:auto\" title=\"Justi\u00e7a decreta pris\u00e3o de empres\u00e1rio investigado por sumi\u00e7o de 20 mil sacas de caf\u00e9 1\" srcset=\"https:\/\/cdn.media-acidadeon.com.br\/ribeiraopreto\/wp-content\/uploads\/sites\/3\/2026\/01\/Imagem-do-WhatsApp-de-2026-01-08-as-19.30.54_f56185b8_2026-01-08_22-31-19-1024x750.webp 1024w, https:\/\/cdn.media-acidadeon.com.br\/ribeiraopreto\/wp-content\/uploads\/sites\/3\/2026\/01\/Imagem-do-WhatsApp-de-2026-01-08-as-19.30.54_f56185b8_2026-01-08_22-31-19-300x220.webp 300w, https:\/\/cdn.media-acidadeon.com.br\/ribeiraopreto\/wp-content\/uploads\/sites\/3\/2026\/01\/Imagem-do-WhatsApp-de-2026-01-08-as-19.30.54_f56185b8_2026-01-08_22-31-19-768x562.webp 768w, https:\/\/cdn.media-acidadeon.com.br\/ribeiraopreto\/wp-content\/uploads\/sites\/3\/2026\/01\/Imagem-do-WhatsApp-de-2026-01-08-as-19.30.54_f56185b8_2026-01-08_22-31-19-696x510.webp 696w, https:\/\/cdn.media-acidadeon.com.br\/ribeiraopreto\/wp-content\/uploads\/sites\/3\/2026\/01\/Imagem-do-WhatsApp-de-2026-01-08-as-19.30.54_f56185b8_2026-01-08_22-31-19.webp 1068w\" sizes=\"(max-width: 1024px) 100vw, 1024px\"\/><figcaption class=\"wp-element-caption\">Foto: Arquivo pessoal <\/figcaption><\/figure>\n<\/div>\n<p>A investiga\u00e7\u00e3o tamb\u00e9m aponta questionamentos sobre o volume real de caf\u00e9 armazenado e poss\u00edveis movimenta\u00e7\u00f5es internas. O total do preju\u00edzo ainda n\u00e3o foi totalmente mensurado, mas os investigadores n\u00e3o descartam que o valor <strong>ultrapasse R$ 50 milh\u00f5es<\/strong>.<\/p>\n<h3 class=\"wp-block-heading\"><strong>O que diz a defesa?<\/strong><\/h3>\n<p>A defesa sustenta que o passivo da cooperativa gira em torno de <strong>R$ 100 milh\u00f5es<\/strong> e afirma que a situa\u00e7\u00e3o se agravou com a valoriza\u00e7\u00e3o hist\u00f3rica do caf\u00e9. Segundo o advogado <strong>M\u00e1rcio Cunha<\/strong>, contratos firmados quando a saca custava entre <strong>R$ 500 e R$ 700<\/strong> se tornaram invi\u00e1veis ap\u00f3s o pre\u00e7o superar <strong>R$ 2.500<\/strong>.<\/p>\n<p>O advogado reconhece erros administrativos e afirma que a manuten\u00e7\u00e3o de contratos com pre\u00e7os fixos agravou o endividamento. Segundo ele, a prioridade agora seria quitar os valores devidos aos cooperados por meio da venda de ativos e renegociar d\u00edvidas com institui\u00e7\u00f5es financeiras.<\/p>\n<p>Sobre a pris\u00e3o preventiva, a defesa afirma que a medida \u00e9 excessiva e desnecess\u00e1ria. Segundo Cunha, o empres\u00e1rio colaborou com as investiga\u00e7\u00f5es, entregou o passaporte e aguarda an\u00e1lise de <strong>habeas corpus<\/strong>. A defesa sustenta ainda que a pris\u00e3o interrompeu negocia\u00e7\u00f5es para venda de bens que poderiam acelerar o ressarcimento dos produtores.<\/p>\n<hr class=\"wp-block-separator has-alpha-channel-opacity\"\/>\n<p>SAIBA MAIS<\/p>\n<p>Cidade na regi\u00e3o de Ribeir\u00e3o Preto tem concurso com sal\u00e1rios de R$ 13 mil<\/p>\n<h2 class=\"wp-block-heading\"><strong>FIQUE ON<\/strong><\/h2>\n<p>Fique ligado em tudo que acontece em Ribeir\u00e3o Preto e regi\u00e3o. Siga os perfis do\u00a0<strong>acidade on<\/strong>\u00a0no\u00a0<a href=\"https:\/\/www.instagram.com\/acidadeonribeirao\" target=\"_blank\" rel=\"noreferrer noopener\">Instagram<\/a>\u00a0e no<a href=\"https:\/\/www.facebook.com\/acidadeonribeirao\/\" target=\"_blank\" rel=\"noreferrer noopener\">\u00a0Facebook<\/a>.<\/p>\n<p>Receba not\u00edcias do\u00a0<strong>acidade on<\/strong>\u00a0no WhatsApp. Para entrar no grupo,\u00a0basta<a href=\"https:\/\/chat.whatsapp.com\/GFH9HUMUTHNFJdnyEd0xxq\" target=\"_blank\" rel=\"noreferrer noopener\">\u00a0clicar aqui<\/a>. Ou, acesse o nosso\u00a0Canal<a href=\"https:\/\/whatsapp.com\/channel\/0029Vb6IQl1JENyAeS57fk2p\" target=\"_blank\" rel=\"noreferrer noopener\">\u00a0clicando aqui<\/a>.<\/p>\n<p>Fa\u00e7a uma den\u00fancia ou sugira uma reportagem sobre Ribeir\u00e3o Preto e regi\u00e3o pelo WhatsApp: 16 99117 7802.<\/p>\n<p>VEJA TAMB\u00c9M<br \/>Experi\u00eancia e adapta\u00e7\u00e3o tornam vi\u00e1vel o cultivo de abacaxi fora dos polos tradicionais<\/p>\n<p><!-- AI CONTENT END 1 -->\n<\/div>\n<p><script async src=\"\/\/www.instagram.com\/embed.js\"><\/script><br \/>\n<br \/><br \/>\n<br \/><a href=\"https:\/\/www.acidadeon.com\/ribeiraopreto\/cotidiano\/justica-decreta-prisao-de-empresario-investigado-por-sumico-de-20-mil-sacas-de-cafe\/\">Source link <\/a><\/p>\n<!-- CONTENT END 1 -->\n","protected":false},"excerpt":{"rendered":"<p>A Justi\u00e7a determinou a pris\u00e3o preventiva do empres\u00e1rio Elvis Vilhena Faleiros, de Franca, investigado por suposto envolvimento no desaparecimento de cerca de 20 mil sacas&#8230;<\/p>\n","protected":false},"author":1,"featured_media":81537,"comment_status":"open","ping_status":"open","sticky":false,"template":"","format":"standard","meta":{"advanced_seo_description":"","jetpack_seo_html_title":"","jetpack_seo_noindex":false,"jetpack_post_was_ever_published":false,"_jetpack_newsletter_access":"","_jetpack_dont_email_post_to_subs":false,"_jetpack_newsletter_tier_id":0,"_jetpack_memberships_contains_paywalled_content":false,"_jetpack_memberships_contains_paid_content":false,"footnotes":"","jetpack_publicize_message":"","jetpack_publicize_feature_enabled":true,"jetpack_social_post_already_shared":true,"jetpack_social_options":{"image_generator_settings":{"template":"highway","default_image_id":0,"font":"","enabled":false},"version":2}},"categories":[11],"tags":[],"class_list":["post-81536","post","type-post","status-publish","format-standard","has-post-thumbnail","hentry","category-noticias-de-ribeirao-preto-sp-e-regiao-ismael-colosi"],"jetpack_publicize_connections":[],"jetpack_featured_media_url":"https:\/\/i0.wp.com\/noticiasribeiraopreto.com.br\/wp-content\/uploads\/2026\/01\/Imagem-do-WhatsApp-de-2026-01-08-as-19.37.18_49b7861a_2026-01-08_22-41-12.webp.webp?fit=1200%2C752&ssl=1","jetpack-related-posts":[{"id":82627,"url":"https:\/\/noticiasribeiraopreto.com.br\/index.php\/2026\/02\/21\/empresario-de-sp-suspeito-de-desaparecer-com-21-mil-sacas-de-cafe-e-preso-em-mg\/","url_meta":{"origin":81536,"position":0},"title":"Empres\u00e1rio de SP suspeito de desaparecer com 21 mil sacas de caf\u00e9 \u00e9 preso em MG","author":"noticiasribeiraopreto.com.br","date":"21 de February de 2026","format":false,"excerpt":"A Pol\u00edcia Militar prendeu nesta sexta-feira (20) o empres\u00e1rio Elvis Vilhena Faleiros investigado pelo desaparecimento de 21 mil sacas de caf\u00e9 e por um preju\u00edzo estimado em R$ 50 milh\u00f5es a 179 produtores rurais na regi\u00e3o de Ibiraci, em Minas Gerais. Natural de Franca, Elvis estava foragido desde janeiro. Policiais\u2026","rel":"","context":"In &quot;Not\u00edcias de Ribeir\u00e3o Preto-SP e Regi\u00e3o&quot;","block_context":{"text":"Not\u00edcias de Ribeir\u00e3o Preto-SP e Regi\u00e3o","link":"https:\/\/noticiasribeiraopreto.com.br\/index.php\/category\/noticias-de-ribeirao-preto-sp-e-regiao-ismael-colosi\/"},"img":{"alt_text":"","src":"https:\/\/i0.wp.com\/noticiasribeiraopreto.com.br\/wp-content\/uploads\/2026\/02\/domingo-9_2026-02-20_20-16-19.webp.webp?fit=1200%2C675&ssl=1&resize=350%2C200","width":350,"height":200,"srcset":"https:\/\/i0.wp.com\/noticiasribeiraopreto.com.br\/wp-content\/uploads\/2026\/02\/domingo-9_2026-02-20_20-16-19.webp.webp?fit=1200%2C675&ssl=1&resize=350%2C200 1x, https:\/\/i0.wp.com\/noticiasribeiraopreto.com.br\/wp-content\/uploads\/2026\/02\/domingo-9_2026-02-20_20-16-19.webp.webp?fit=1200%2C675&ssl=1&resize=525%2C300 1.5x, https:\/\/i0.wp.com\/noticiasribeiraopreto.com.br\/wp-content\/uploads\/2026\/02\/domingo-9_2026-02-20_20-16-19.webp.webp?fit=1200%2C675&ssl=1&resize=700%2C400 2x, https:\/\/i0.wp.com\/noticiasribeiraopreto.com.br\/wp-content\/uploads\/2026\/02\/domingo-9_2026-02-20_20-16-19.webp.webp?fit=1200%2C675&ssl=1&resize=1050%2C600 3x"},"classes":[]},{"id":62970,"url":"https:\/\/noticiasribeiraopreto.com.br\/index.php\/2025\/01\/29\/o-que-se-sabe-sobre-casal-que-sumiu-com-sacas-de-cafe-na-regiao-de-ribeirao-preto\/","url_meta":{"origin":81536,"position":1},"title":"O que se sabe sobre casal que sumiu com sacas de caf\u00e9 na regi\u00e3o de Ribeir\u00e3o Preto","author":"noticiasribeiraopreto.com.br","date":"29 de January de 2025","format":false,"excerpt":"O casal de empres\u00e1rios Guilherme Os\u00f3rio de Oliveira e Marina C\u00e9lia Lopes da Cruz Oliveira est\u00e1 envolvido em um esquema que pode ter causado preju\u00edzos de at\u00e9 R$ 70 milh\u00f5es a produtores de caf\u00e9 na regi\u00e3o de Ribeir\u00e3o Preto. Eles s\u00e3o acusados de desaparecer com sacas de caf\u00e9 armazenadas em\u2026","rel":"","context":"In &quot;Not\u00edcias de Ribeir\u00e3o Preto-SP e Regi\u00e3o&quot;","block_context":{"text":"Not\u00edcias de Ribeir\u00e3o Preto-SP e Regi\u00e3o","link":"https:\/\/noticiasribeiraopreto.com.br\/index.php\/category\/noticias-de-ribeirao-preto-sp-e-regiao-ismael-colosi\/"},"img":{"alt_text":"","src":"https:\/\/i0.wp.com\/noticiasribeiraopreto.com.br\/wp-content\/uploads\/2025\/01\/Copia-de-Copia-de-Copia-de-TAMANHO-EXATO-PARA-FOTOS-NO-SISTEMA-NOVO-2025-01-29T110907.693_2025-01-29_14-09-12_png_2025-01-29_14-09-12.webp.webp?fit=1200%2C675&ssl=1&resize=350%2C200","width":350,"height":200,"srcset":"https:\/\/i0.wp.com\/noticiasribeiraopreto.com.br\/wp-content\/uploads\/2025\/01\/Copia-de-Copia-de-Copia-de-TAMANHO-EXATO-PARA-FOTOS-NO-SISTEMA-NOVO-2025-01-29T110907.693_2025-01-29_14-09-12_png_2025-01-29_14-09-12.webp.webp?fit=1200%2C675&ssl=1&resize=350%2C200 1x, https:\/\/i0.wp.com\/noticiasribeiraopreto.com.br\/wp-content\/uploads\/2025\/01\/Copia-de-Copia-de-Copia-de-TAMANHO-EXATO-PARA-FOTOS-NO-SISTEMA-NOVO-2025-01-29T110907.693_2025-01-29_14-09-12_png_2025-01-29_14-09-12.webp.webp?fit=1200%2C675&ssl=1&resize=525%2C300 1.5x, https:\/\/i0.wp.com\/noticiasribeiraopreto.com.br\/wp-content\/uploads\/2025\/01\/Copia-de-Copia-de-Copia-de-TAMANHO-EXATO-PARA-FOTOS-NO-SISTEMA-NOVO-2025-01-29T110907.693_2025-01-29_14-09-12_png_2025-01-29_14-09-12.webp.webp?fit=1200%2C675&ssl=1&resize=700%2C400 2x, https:\/\/i0.wp.com\/noticiasribeiraopreto.com.br\/wp-content\/uploads\/2025\/01\/Copia-de-Copia-de-Copia-de-TAMANHO-EXATO-PARA-FOTOS-NO-SISTEMA-NOVO-2025-01-29T110907.693_2025-01-29_14-09-12_png_2025-01-29_14-09-12.webp.webp?fit=1200%2C675&ssl=1&resize=1050%2C600 3x"},"classes":[]},{"id":74632,"url":"https:\/\/noticiasribeiraopreto.com.br\/index.php\/2025\/07\/25\/empresario-e-condenado-por-desvio-de-cafe-no-interior-de-sp-prejuizo-passa-de-r-63-milhoes\/","url_meta":{"origin":81536,"position":2},"title":"Empres\u00e1rio \u00e9 condenado por desvio de caf\u00e9 no interior de SP; preju\u00edzo passa de R$ 63 milh\u00f5es","author":"noticiasribeiraopreto.com.br","date":"25 de July de 2025","format":false,"excerpt":"A Justi\u00e7a condenou Guilherme Os\u00f3rio de Oliveira a 8 anos e 10 meses de pris\u00e3o por apropria\u00e7\u00e3o ind\u00e9bita, ap\u00f3s o desvio de sacas de caf\u00e9 avaliadas em R$ 63 milh\u00f5es. O produto estava armazenado em galp\u00f5es localizados em Altin\u00f3polis, no interior de S\u00e3o Paulo, sob responsabilidade do empres\u00e1rio. A esposa\u2026","rel":"","context":"In &quot;Not\u00edcias de Ribeir\u00e3o Preto-SP e Regi\u00e3o&quot;","block_context":{"text":"Not\u00edcias de Ribeir\u00e3o Preto-SP e Regi\u00e3o","link":"https:\/\/noticiasribeiraopreto.com.br\/index.php\/category\/noticias-de-ribeirao-preto-sp-e-regiao-ismael-colosi\/"},"img":{"alt_text":"","src":"https:\/\/i0.wp.com\/noticiasribeiraopreto.com.br\/wp-content\/uploads\/2025\/07\/Copia-de-Copia-de-Copia-de-TAMANHO-EXATO-PARA-FOTOS-NO-SISTEMA-NOVO-2025-07-25T185048.303_2025-07-25_21-51-40.webp.webp?fit=1200%2C675&ssl=1&resize=350%2C200","width":350,"height":200,"srcset":"https:\/\/i0.wp.com\/noticiasribeiraopreto.com.br\/wp-content\/uploads\/2025\/07\/Copia-de-Copia-de-Copia-de-TAMANHO-EXATO-PARA-FOTOS-NO-SISTEMA-NOVO-2025-07-25T185048.303_2025-07-25_21-51-40.webp.webp?fit=1200%2C675&ssl=1&resize=350%2C200 1x, https:\/\/i0.wp.com\/noticiasribeiraopreto.com.br\/wp-content\/uploads\/2025\/07\/Copia-de-Copia-de-Copia-de-TAMANHO-EXATO-PARA-FOTOS-NO-SISTEMA-NOVO-2025-07-25T185048.303_2025-07-25_21-51-40.webp.webp?fit=1200%2C675&ssl=1&resize=525%2C300 1.5x, https:\/\/i0.wp.com\/noticiasribeiraopreto.com.br\/wp-content\/uploads\/2025\/07\/Copia-de-Copia-de-Copia-de-TAMANHO-EXATO-PARA-FOTOS-NO-SISTEMA-NOVO-2025-07-25T185048.303_2025-07-25_21-51-40.webp.webp?fit=1200%2C675&ssl=1&resize=700%2C400 2x, https:\/\/i0.wp.com\/noticiasribeiraopreto.com.br\/wp-content\/uploads\/2025\/07\/Copia-de-Copia-de-Copia-de-TAMANHO-EXATO-PARA-FOTOS-NO-SISTEMA-NOVO-2025-07-25T185048.303_2025-07-25_21-51-40.webp.webp?fit=1200%2C675&ssl=1&resize=1050%2C600 3x"},"classes":[]},{"id":67296,"url":"https:\/\/noticiasribeiraopreto.com.br\/index.php\/2025\/04\/11\/justica-solta-casal-acusado-de-sumir-com-r-63-milhoes-em-sacas-de-cafe\/","url_meta":{"origin":81536,"position":3},"title":"Justi\u00e7a solta casal acusado de &#8216;sumir&#8217; com R$ 63 milh\u00f5es em sacas de caf\u00e9","author":"noticiasribeiraopreto.com.br","date":"11 de April de 2025","format":false,"excerpt":"O Tribunal de Justi\u00e7a do Estado de S\u00e3o Paulo determinou a revoga\u00e7\u00e3o da pris\u00e3o preventiva dos empres\u00e1rios Guilherme Os\u00f3rio de Oliveira e Marina C\u00e9lia Oliveira. Eles foram presos em janeiro, suspeitos de terem desaparecido com aproximadamente R$ 63 milh\u00f5es em sacas de caf\u00e9 armazenadas em Altin\u00f3polis, no interior de S\u00e3o\u2026","rel":"","context":"In &quot;Not\u00edcias de Ribeir\u00e3o Preto-SP e Regi\u00e3o&quot;","block_context":{"text":"Not\u00edcias de Ribeir\u00e3o Preto-SP e Regi\u00e3o","link":"https:\/\/noticiasribeiraopreto.com.br\/index.php\/category\/noticias-de-ribeirao-preto-sp-e-regiao-ismael-colosi\/"},"img":{"alt_text":"","src":"https:\/\/i0.wp.com\/noticiasribeiraopreto.com.br\/wp-content\/uploads\/2025\/01\/Copia-de-Copia-de-Copia-de-TAMANHO-EXATO-PARA-FOTOS-NO-SISTEMA-NOVO-2025-01-29T110907.693_2025-01-29_14-09-12_png_2025-01-29_14-09-12.webp.webp?fit=1200%2C675&ssl=1&resize=350%2C200","width":350,"height":200,"srcset":"https:\/\/i0.wp.com\/noticiasribeiraopreto.com.br\/wp-content\/uploads\/2025\/01\/Copia-de-Copia-de-Copia-de-TAMANHO-EXATO-PARA-FOTOS-NO-SISTEMA-NOVO-2025-01-29T110907.693_2025-01-29_14-09-12_png_2025-01-29_14-09-12.webp.webp?fit=1200%2C675&ssl=1&resize=350%2C200 1x, https:\/\/i0.wp.com\/noticiasribeiraopreto.com.br\/wp-content\/uploads\/2025\/01\/Copia-de-Copia-de-Copia-de-TAMANHO-EXATO-PARA-FOTOS-NO-SISTEMA-NOVO-2025-01-29T110907.693_2025-01-29_14-09-12_png_2025-01-29_14-09-12.webp.webp?fit=1200%2C675&ssl=1&resize=525%2C300 1.5x, https:\/\/i0.wp.com\/noticiasribeiraopreto.com.br\/wp-content\/uploads\/2025\/01\/Copia-de-Copia-de-Copia-de-TAMANHO-EXATO-PARA-FOTOS-NO-SISTEMA-NOVO-2025-01-29T110907.693_2025-01-29_14-09-12_png_2025-01-29_14-09-12.webp.webp?fit=1200%2C675&ssl=1&resize=700%2C400 2x, https:\/\/i0.wp.com\/noticiasribeiraopreto.com.br\/wp-content\/uploads\/2025\/01\/Copia-de-Copia-de-Copia-de-TAMANHO-EXATO-PARA-FOTOS-NO-SISTEMA-NOVO-2025-01-29T110907.693_2025-01-29_14-09-12_png_2025-01-29_14-09-12.webp.webp?fit=1200%2C675&ssl=1&resize=1050%2C600 3x"},"classes":[]},{"id":62578,"url":"https:\/\/noticiasribeiraopreto.com.br\/index.php\/2025\/01\/17\/casal-suspeito-de-desaparecer-com-estoque-milionario-de-cafe-tem-prisao-decretada\/","url_meta":{"origin":81536,"position":4},"title":"Casal suspeito de &#8216;desaparecer&#8217; com estoque milion\u00e1rio de caf\u00e9 tem pris\u00e3o decretada","author":"noticiasribeiraopreto.com.br","date":"17 de January de 2025","format":false,"excerpt":"A Justi\u00e7a decretou a pris\u00e3o do casal suspeito de ter sumido com diversas sacas de caf\u00e9 e causado um preju\u00edzo milion\u00e1rio em produtores rurais de Altin\u00f3polis, cidade no interior de S\u00e3o Paulo. A informa\u00e7\u00e3o foi confirmada pela Pol\u00edcia Civil \u00e0 EPTV, na tarde desta sexta-feira (17). O caso \u00e9 investigado\u2026","rel":"","context":"In &quot;Not\u00edcias de Ribeir\u00e3o Preto-SP e Regi\u00e3o&quot;","block_context":{"text":"Not\u00edcias de Ribeir\u00e3o Preto-SP e Regi\u00e3o","link":"https:\/\/noticiasribeiraopreto.com.br\/index.php\/category\/noticias-de-ribeirao-preto-sp-e-regiao-ismael-colosi\/"},"img":{"alt_text":"","src":"https:\/\/i0.wp.com\/noticiasribeiraopreto.com.br\/wp-content\/uploads\/2025\/01\/Copia-de-Copia-de-Copia-de-TAMANHO-EXATO-PARA-FOTOS-NO-SISTEMA-NOVO-2025-01-17T201150.364_2025-01-17_23-11-53_png_2025-01-17_23-11-53.webp.webp?fit=1200%2C675&ssl=1&resize=350%2C200","width":350,"height":200,"srcset":"https:\/\/i0.wp.com\/noticiasribeiraopreto.com.br\/wp-content\/uploads\/2025\/01\/Copia-de-Copia-de-Copia-de-TAMANHO-EXATO-PARA-FOTOS-NO-SISTEMA-NOVO-2025-01-17T201150.364_2025-01-17_23-11-53_png_2025-01-17_23-11-53.webp.webp?fit=1200%2C675&ssl=1&resize=350%2C200 1x, https:\/\/i0.wp.com\/noticiasribeiraopreto.com.br\/wp-content\/uploads\/2025\/01\/Copia-de-Copia-de-Copia-de-TAMANHO-EXATO-PARA-FOTOS-NO-SISTEMA-NOVO-2025-01-17T201150.364_2025-01-17_23-11-53_png_2025-01-17_23-11-53.webp.webp?fit=1200%2C675&ssl=1&resize=525%2C300 1.5x, https:\/\/i0.wp.com\/noticiasribeiraopreto.com.br\/wp-content\/uploads\/2025\/01\/Copia-de-Copia-de-Copia-de-TAMANHO-EXATO-PARA-FOTOS-NO-SISTEMA-NOVO-2025-01-17T201150.364_2025-01-17_23-11-53_png_2025-01-17_23-11-53.webp.webp?fit=1200%2C675&ssl=1&resize=700%2C400 2x, https:\/\/i0.wp.com\/noticiasribeiraopreto.com.br\/wp-content\/uploads\/2025\/01\/Copia-de-Copia-de-Copia-de-TAMANHO-EXATO-PARA-FOTOS-NO-SISTEMA-NOVO-2025-01-17T201150.364_2025-01-17_23-11-53_png_2025-01-17_23-11-53.webp.webp?fit=1200%2C675&ssl=1&resize=1050%2C600 3x"},"classes":[]},{"id":62569,"url":"https:\/\/noticiasribeiraopreto.com.br\/index.php\/2025\/01\/17\/estoque-milionario-de-cafe-desaparece-no-interior-de-sp\/","url_meta":{"origin":81536,"position":5},"title":"Estoque milion\u00e1rio de caf\u00e9 desaparece no interior de SP","author":"noticiasribeiraopreto.com.br","date":"17 de January de 2025","format":false,"excerpt":"A Pol\u00edcia Civil investiga um casal de empres\u00e1rios, donos de armaz\u00e9ns de caf\u00e9, pelo sumi\u00e7o de sacas do produto e um preju\u00edzo milion\u00e1rio para produtores rurais de Altin\u00f3polis, cidade no interior de S\u00e3o Paulo. De acordo com as informa\u00e7\u00f5es, pelo menos 16 produtores de caf\u00e9 registraram um boletim de ocorr\u00eancia.\u2026","rel":"","context":"In &quot;Not\u00edcias de Ribeir\u00e3o Preto-SP e Regi\u00e3o&quot;","block_context":{"text":"Not\u00edcias de Ribeir\u00e3o Preto-SP e Regi\u00e3o","link":"https:\/\/noticiasribeiraopreto.com.br\/index.php\/category\/noticias-de-ribeirao-preto-sp-e-regiao-ismael-colosi\/"},"img":{"alt_text":"","src":"https:\/\/i0.wp.com\/noticiasribeiraopreto.com.br\/wp-content\/uploads\/2025\/01\/Copia-de-Copia-de-Copia-de-TAMANHO-EXATO-PARA-FOTOS-NO-SISTEMA-NOVO-2025-01-17T161025.474_2025-01-17_19-10-32_png_2025-01-17_19-10-32.webp.webp?fit=1200%2C675&ssl=1&resize=350%2C200","width":350,"height":200,"srcset":"https:\/\/i0.wp.com\/noticiasribeiraopreto.com.br\/wp-content\/uploads\/2025\/01\/Copia-de-Copia-de-Copia-de-TAMANHO-EXATO-PARA-FOTOS-NO-SISTEMA-NOVO-2025-01-17T161025.474_2025-01-17_19-10-32_png_2025-01-17_19-10-32.webp.webp?fit=1200%2C675&ssl=1&resize=350%2C200 1x, https:\/\/i0.wp.com\/noticiasribeiraopreto.com.br\/wp-content\/uploads\/2025\/01\/Copia-de-Copia-de-Copia-de-TAMANHO-EXATO-PARA-FOTOS-NO-SISTEMA-NOVO-2025-01-17T161025.474_2025-01-17_19-10-32_png_2025-01-17_19-10-32.webp.webp?fit=1200%2C675&ssl=1&resize=525%2C300 1.5x, https:\/\/i0.wp.com\/noticiasribeiraopreto.com.br\/wp-content\/uploads\/2025\/01\/Copia-de-Copia-de-Copia-de-TAMANHO-EXATO-PARA-FOTOS-NO-SISTEMA-NOVO-2025-01-17T161025.474_2025-01-17_19-10-32_png_2025-01-17_19-10-32.webp.webp?fit=1200%2C675&ssl=1&resize=700%2C400 2x, https:\/\/i0.wp.com\/noticiasribeiraopreto.com.br\/wp-content\/uploads\/2025\/01\/Copia-de-Copia-de-Copia-de-TAMANHO-EXATO-PARA-FOTOS-NO-SISTEMA-NOVO-2025-01-17T161025.474_2025-01-17_19-10-32_png_2025-01-17_19-10-32.webp.webp?fit=1200%2C675&ssl=1&resize=1050%2C600 3x"},"classes":[]}],"jetpack_sharing_enabled":true,"jetpack_shortlink":"https:\/\/wp.me\/peQAOb-ld6","_links":{"self":[{"href":"https:\/\/noticiasribeiraopreto.com.br\/index.php\/wp-json\/wp\/v2\/posts\/81536","targetHints":{"allow":["GET"]}}],"collection":[{"href":"https:\/\/noticiasribeiraopreto.com.br\/index.php\/wp-json\/wp\/v2\/posts"}],"about":[{"href":"https:\/\/noticiasribeiraopreto.com.br\/index.php\/wp-json\/wp\/v2\/types\/post"}],"author":[{"embeddable":true,"href":"https:\/\/noticiasribeiraopreto.com.br\/index.php\/wp-json\/wp\/v2\/users\/1"}],"replies":[{"embeddable":true,"href":"https:\/\/noticiasribeiraopreto.com.br\/index.php\/wp-json\/wp\/v2\/comments?post=81536"}],"version-history":[{"count":0,"href":"https:\/\/noticiasribeiraopreto.com.br\/index.php\/wp-json\/wp\/v2\/posts\/81536\/revisions"}],"wp:featuredmedia":[{"embeddable":true,"href":"https:\/\/noticiasribeiraopreto.com.br\/index.php\/wp-json\/wp\/v2\/media\/81537"}],"wp:attachment":[{"href":"https:\/\/noticiasribeiraopreto.com.br\/index.php\/wp-json\/wp\/v2\/media?parent=81536"}],"wp:term":[{"taxonomy":"category","embeddable":true,"href":"https:\/\/noticiasribeiraopreto.com.br\/index.php\/wp-json\/wp\/v2\/categories?post=81536"},{"taxonomy":"post_tag","embeddable":true,"href":"https:\/\/noticiasribeiraopreto.com.br\/index.php\/wp-json\/wp\/v2\/tags?post=81536"}],"curies":[{"name":"wp","href":"https:\/\/api.w.org\/{rel}","templated":true}]}}