{"id":81538,"date":"2026-01-09T07:44:03","date_gmt":"2026-01-09T10:44:03","guid":{"rendered":"https:\/\/noticiasribeiraopreto.com.br\/index.php\/2026\/01\/09\/prefeitura-no-interior-de-sp-abre-concurso-com-29-vagas-e-salarios-de-r-7-mil\/"},"modified":"2026-01-09T07:44:03","modified_gmt":"2026-01-09T10:44:03","slug":"prefeitura-no-interior-de-sp-abre-concurso-com-29-vagas-e-salarios-de-r-7-mil","status":"publish","type":"post","link":"https:\/\/noticiasribeiraopreto.com.br\/index.php\/2026\/01\/09\/prefeitura-no-interior-de-sp-abre-concurso-com-29-vagas-e-salarios-de-r-7-mil\/","title":{"rendered":"Prefeitura no interior de SP abre concurso com 29 vagas e sal\u00e1rios de R$ 7 mil"},"content":{"rendered":"<div class='code-block code-block-1' style='margin: 8px 0 8px auto; text-align: right; display: block; clear: both;'>\n<p><a href=\"https:\/\/wa.link\/vpicfd\"><img data-recalc-dims=\"1\" class=\"wp-image-4922\" style=\"aspect-ratio: 2.0253164556962027; width: 561px; height: auto;\" src=\"https:\/\/i0.wp.com\/ismaelcolosi.com.br\/wp-content\/uploads\/2023\/11\/grupo-de-empregos-whatsapp-e-facebook-ismael-colosi-vagas.jpg?ssl=1\" alt=\"\" \/><\/a><\/p>\n<!-- \/wp:image -->\n<\/div>\n<p> <br \/>\n<\/p>\n<div data-td-block-uid=\"tdi_95\">\n<div class=\"tdb-block-inner td-fix-index\">\n<p>A <strong>Prefeitura de Orl\u00e2ndia<\/strong>, no interior de S\u00e3o Paulo, est\u00e1 com inscri\u00e7\u00f5es abertas para concurso p\u00fablico que pretende contratar <strong>24 profissionais de ensino superior.<\/strong><\/p>\n<p>As oportunidades s\u00e3o para o cargo de <strong>diretor de escola<\/strong>, com sal\u00e1rio de <strong>R$ 7.046,00<\/strong> para jornada de 36 horas semanais.<\/p>\n<p>Para concorrer a uma das vagas, \u00e9 necess\u00e1rio possuir <strong>licenciatura plena em Pedagogia<\/strong>, com habilita\u00e7\u00e3o em gest\u00e3o escolar ou forma\u00e7\u00e3o em outra \u00e1rea da educa\u00e7\u00e3o com especializa\u00e7\u00e3o em gest\u00e3o escolar, al\u00e9m de ter, no m\u00ednimo, cinco anos de efetivo exerc\u00edcio no magist\u00e9rio.<\/p>\n<h2 class=\"wp-block-heading\"><strong>Como se inscrever?<\/strong><\/h2>\n<p>Os interessados devem se inscrever de forma online, pelo site da <strong>Funda\u00e7\u00e3o FAFIPA (<a href=\"https:\/\/www.fundacaofafipa.org.br\/informacoes\/4132\/\" target=\"_blank\" data-type=\"link\" data-id=\"https:\/\/www.fundacaofafipa.org.br\/informacoes\/4132\/\" rel=\"noreferrer noopener\">clique aqui<\/a>)<\/strong>, at\u00e9 o dia <strong>20 de janeiro de 2026<\/strong>. O valor da taxa de inscri\u00e7\u00e3o \u00e9 R$ 100.<\/p>\n<p>A sele\u00e7\u00e3o dos candidatos ocorrer\u00e1 por meio de uma prova objetiva e de uma avalia\u00e7\u00e3o de t\u00edtulos. A aplica\u00e7\u00e3o est\u00e1 prevista para o dia 22 de fevereiro de 2026 \u2013<a href=\"https:\/\/www.fundacaofafipa.org.br\/informacoes\/4132\/\" target=\"_blank\" data-type=\"link\" data-id=\"https:\/\/www.fundacaofafipa.org.br\/informacoes\/4132\/\" rel=\"noreferrer noopener\"> clique aqui e confira o edital completo<\/a>.<\/p>\n<hr class=\"wp-block-separator has-alpha-channel-opacity\"\/>\n<p>SAIBA MAIS<\/p>\n<p>Cidade na regi\u00e3o de Ribeir\u00e3o Preto tem concurso com sal\u00e1rios de R$ 13 mil<\/p>\n<h2 class=\"wp-block-heading\"><strong>FIQUE ON<\/strong><\/h2>\n<p>Fique ligado em tudo que acontece em Ribeir\u00e3o Preto e regi\u00e3o. Siga os perfis do\u00a0<strong>acidade on<\/strong>\u00a0no\u00a0<a href=\"https:\/\/www.instagram.com\/acidadeonribeirao\" target=\"_blank\" rel=\"noreferrer noopener\">Instagram<\/a>\u00a0e no<a href=\"https:\/\/www.facebook.com\/acidadeonribeirao\/\" target=\"_blank\" rel=\"noreferrer noopener\">\u00a0Facebook<\/a>.<\/p>\n<p>Receba not\u00edcias do\u00a0<strong>acidade on<\/strong>\u00a0no WhatsApp. Para entrar no grupo,\u00a0basta<a href=\"https:\/\/chat.whatsapp.com\/GFH9HUMUTHNFJdnyEd0xxq\" target=\"_blank\" rel=\"noreferrer noopener\">\u00a0clicar aqui<\/a>. Ou, acesse o nosso\u00a0Canal<a href=\"https:\/\/whatsapp.com\/channel\/0029Vb6IQl1JENyAeS57fk2p\" target=\"_blank\" rel=\"noreferrer noopener\">\u00a0clicando aqui<\/a>.<\/p>\n<p>Fa\u00e7a uma den\u00fancia ou sugira uma reportagem sobre Ribeir\u00e3o Preto e regi\u00e3o pelo WhatsApp: 16 99117 7802.<\/p>\n<p>VEJA TAMB\u00c9M<br \/>Experi\u00eancia e adapta\u00e7\u00e3o tornam vi\u00e1vel o cultivo de abacaxi fora dos polos tradicionais<\/p>\n<p><!-- AI CONTENT END 1 -->\n<\/div>\n<\/div>\n<p><script async src=\"\/\/www.instagram.com\/embed.js\"><\/script><br \/>\n<br \/><br \/>\n<br \/><a href=\"https:\/\/www.acidadeon.com\/ribeiraopreto\/economia\/prefeitura-no-interior-de-sp-abre-concurso-com-29-vagas-e-salarios-de-r-7-mil\/\">Source link <\/a><\/p>\n<!-- CONTENT END 1 -->\n","protected":false},"excerpt":{"rendered":"<p>A Prefeitura de Orl\u00e2ndia, no interior de S\u00e3o Paulo, est\u00e1 com inscri\u00e7\u00f5es abertas para concurso p\u00fablico que pretende contratar 24 profissionais de ensino superior. As&#8230;<\/p>\n","protected":false},"author":1,"featured_media":77884,"comment_status":"open","ping_status":"open","sticky":false,"template":"","format":"standard","meta":{"advanced_seo_description":"","jetpack_seo_html_title":"","jetpack_seo_noindex":false,"jetpack_post_was_ever_published":false,"_jetpack_newsletter_access":"","_jetpack_dont_email_post_to_subs":false,"_jetpack_newsletter_tier_id":0,"_jetpack_memberships_contains_paywalled_content":false,"_jetpack_memberships_contains_paid_content":false,"footnotes":"","jetpack_publicize_message":"","jetpack_publicize_feature_enabled":true,"jetpack_social_post_already_shared":true,"jetpack_social_options":{"image_generator_settings":{"template":"highway","default_image_id":0,"font":"","enabled":false},"version":2}},"categories":[11],"tags":[],"class_list":["post-81538","post","type-post","status-publish","format-standard","has-post-thumbnail","hentry","category-noticias-de-ribeirao-preto-sp-e-regiao-ismael-colosi"],"jetpack_publicize_connections":[],"jetpack_featured_media_url":"https:\/\/i0.wp.com\/noticiasribeiraopreto.com.br\/wp-content\/uploads\/2025\/09\/Copia-de-Copia-de-Copia-de-TAMANHO-EXATO-PARA-FOTOS-NO-SISTEMA-NOVO-2025-09-17T161849.265_2025-09-17_19-23-38.webp.webp?fit=1200%2C675&ssl=1","jetpack-related-posts":[{"id":77489,"url":"https:\/\/noticiasribeiraopreto.com.br\/index.php\/2025\/09\/19\/prefeitura-no-interior-de-sp-abre-concurso-publico-com-salarios-de-ate-r-47-mil\/","url_meta":{"origin":81538,"position":0},"title":"Prefeitura no interior de SP abre concurso p\u00fablico com sal\u00e1rios de at\u00e9 R$ 4,7 mil","author":"noticiasribeiraopreto.com.br","date":"19 de September de 2025","format":false,"excerpt":"\u00a0A Prefeitura de Cajuru, no interior de S\u00e3o Paulo, publicou um novo edital de concurso p\u00fablico que pretende contratar profissionais de ensino fundamental, m\u00e9dio e superior. As oportunidades s\u00e3o para diferentes cargos, al\u00e9m da forma\u00e7\u00e3o de cadastro reserva \u2013 veja a lista de vagas abaixo. Os sal\u00e1rios variam entre R$\u2026","rel":"","context":"In &quot;Not\u00edcias de Ribeir\u00e3o Preto-SP e Regi\u00e3o&quot;","block_context":{"text":"Not\u00edcias de Ribeir\u00e3o Preto-SP e Regi\u00e3o","link":"https:\/\/noticiasribeiraopreto.com.br\/index.php\/category\/noticias-de-ribeirao-preto-sp-e-regiao-ismael-colosi\/"},"img":{"alt_text":"","src":"https:\/\/i0.wp.com\/noticiasribeiraopreto.com.br\/wp-content\/uploads\/2025\/09\/public-examination-preparation-concept_2025-09-19_17-43-12.webp.webp?fit=1200%2C801&ssl=1&resize=350%2C200","width":350,"height":200,"srcset":"https:\/\/i0.wp.com\/noticiasribeiraopreto.com.br\/wp-content\/uploads\/2025\/09\/public-examination-preparation-concept_2025-09-19_17-43-12.webp.webp?fit=1200%2C801&ssl=1&resize=350%2C200 1x, https:\/\/i0.wp.com\/noticiasribeiraopreto.com.br\/wp-content\/uploads\/2025\/09\/public-examination-preparation-concept_2025-09-19_17-43-12.webp.webp?fit=1200%2C801&ssl=1&resize=525%2C300 1.5x, https:\/\/i0.wp.com\/noticiasribeiraopreto.com.br\/wp-content\/uploads\/2025\/09\/public-examination-preparation-concept_2025-09-19_17-43-12.webp.webp?fit=1200%2C801&ssl=1&resize=700%2C400 2x, https:\/\/i0.wp.com\/noticiasribeiraopreto.com.br\/wp-content\/uploads\/2025\/09\/public-examination-preparation-concept_2025-09-19_17-43-12.webp.webp?fit=1200%2C801&ssl=1&resize=1050%2C600 3x"},"classes":[]},{"id":81218,"url":"https:\/\/noticiasribeiraopreto.com.br\/index.php\/2025\/12\/28\/prefeitura-no-interior-de-sp-oferece-19-vagas-com-salarios-de-ate-r-8-mil-veja-oportunidades\/","url_meta":{"origin":81538,"position":1},"title":"Prefeitura no interior de SP oferece 19 vagas com sal\u00e1rios de at\u00e9 R$ 8 mil; Veja oportunidades","author":"noticiasribeiraopreto.com.br","date":"28 de December de 2025","format":false,"excerpt":"A Prefeitura de Jaboticabal, no interior de S\u00e3o Paulo, est\u00e1 com as inscri\u00e7\u00f5es abertas para concurso p\u00fablico que visa contratar profissionais de n\u00edvel superior al\u00e9m de formar cadastro reserva. Ao todo, s\u00e3o 19 vagas para diferentes fun\u00e7\u00f5es. Os sal\u00e1rios variam de R$ 5.008,31 a R$ 8.165,33, para jornadas de 40\u2026","rel":"","context":"In &quot;Not\u00edcias de Ribeir\u00e3o Preto-SP e Regi\u00e3o&quot;","block_context":{"text":"Not\u00edcias de Ribeir\u00e3o Preto-SP e Regi\u00e3o","link":"https:\/\/noticiasribeiraopreto.com.br\/index.php\/category\/noticias-de-ribeirao-preto-sp-e-regiao-ismael-colosi\/"},"img":{"alt_text":"","src":"https:\/\/i0.wp.com\/noticiasribeiraopreto.com.br\/wp-content\/uploads\/2025\/10\/Copia-de-Copia-de-Copia-de-TAMANHO-EXATO-PARA-FOTOS-NO-SISTEMA-NOVO-2025-09-30T183837.662_2025-09-30_21-39-01.webp.webp?fit=1200%2C675&ssl=1&resize=350%2C200","width":350,"height":200,"srcset":"https:\/\/i0.wp.com\/noticiasribeiraopreto.com.br\/wp-content\/uploads\/2025\/10\/Copia-de-Copia-de-Copia-de-TAMANHO-EXATO-PARA-FOTOS-NO-SISTEMA-NOVO-2025-09-30T183837.662_2025-09-30_21-39-01.webp.webp?fit=1200%2C675&ssl=1&resize=350%2C200 1x, https:\/\/i0.wp.com\/noticiasribeiraopreto.com.br\/wp-content\/uploads\/2025\/10\/Copia-de-Copia-de-Copia-de-TAMANHO-EXATO-PARA-FOTOS-NO-SISTEMA-NOVO-2025-09-30T183837.662_2025-09-30_21-39-01.webp.webp?fit=1200%2C675&ssl=1&resize=525%2C300 1.5x, https:\/\/i0.wp.com\/noticiasribeiraopreto.com.br\/wp-content\/uploads\/2025\/10\/Copia-de-Copia-de-Copia-de-TAMANHO-EXATO-PARA-FOTOS-NO-SISTEMA-NOVO-2025-09-30T183837.662_2025-09-30_21-39-01.webp.webp?fit=1200%2C675&ssl=1&resize=700%2C400 2x, https:\/\/i0.wp.com\/noticiasribeiraopreto.com.br\/wp-content\/uploads\/2025\/10\/Copia-de-Copia-de-Copia-de-TAMANHO-EXATO-PARA-FOTOS-NO-SISTEMA-NOVO-2025-09-30T183837.662_2025-09-30_21-39-01.webp.webp?fit=1200%2C675&ssl=1&resize=1050%2C600 3x"},"classes":[]},{"id":79288,"url":"https:\/\/noticiasribeiraopreto.com.br\/index.php\/2025\/10\/28\/concurso-em-prefeitura-no-interior-sp-oferece-salarios-de-ate-r-12-mil-veja-como-se-inscrever\/","url_meta":{"origin":81538,"position":2},"title":"Concurso em Prefeitura no interior SP oferece sal\u00e1rios de at\u00e9 R$ 12 mil; Veja como se inscrever","author":"noticiasribeiraopreto.com.br","date":"28 de October de 2025","format":false,"excerpt":"A Prefeitura de Ribeir\u00e3o Corrente, no interior de S\u00e3o Paulo, prorrogou o prazo de inscri\u00e7\u00f5es para o concurso p\u00fablico que oferece cinco vagas, al\u00e9m de cadastro reserva. Os sal\u00e1rios variam de R$ 1,6 mil a R$ 12,6 mil. As oportunidades s\u00e3o para candidatos com n\u00edveis fundamental, m\u00e9dio, t\u00e9cnico e superior,\u2026","rel":"","context":"In &quot;Not\u00edcias de Ribeir\u00e3o Preto-SP e Regi\u00e3o&quot;","block_context":{"text":"Not\u00edcias de Ribeir\u00e3o Preto-SP e Regi\u00e3o","link":"https:\/\/noticiasribeiraopreto.com.br\/index.php\/category\/noticias-de-ribeirao-preto-sp-e-regiao-ismael-colosi\/"},"img":{"alt_text":"","src":"https:\/\/i0.wp.com\/noticiasribeiraopreto.com.br\/wp-content\/uploads\/2025\/07\/concurso-publico-ribeirao-preto_2024-08-13_10-44-40_jpg_2024-08-13_10-44-40.webp.webp?fit=1200%2C800&ssl=1&resize=350%2C200","width":350,"height":200,"srcset":"https:\/\/i0.wp.com\/noticiasribeiraopreto.com.br\/wp-content\/uploads\/2025\/07\/concurso-publico-ribeirao-preto_2024-08-13_10-44-40_jpg_2024-08-13_10-44-40.webp.webp?fit=1200%2C800&ssl=1&resize=350%2C200 1x, https:\/\/i0.wp.com\/noticiasribeiraopreto.com.br\/wp-content\/uploads\/2025\/07\/concurso-publico-ribeirao-preto_2024-08-13_10-44-40_jpg_2024-08-13_10-44-40.webp.webp?fit=1200%2C800&ssl=1&resize=525%2C300 1.5x, https:\/\/i0.wp.com\/noticiasribeiraopreto.com.br\/wp-content\/uploads\/2025\/07\/concurso-publico-ribeirao-preto_2024-08-13_10-44-40_jpg_2024-08-13_10-44-40.webp.webp?fit=1200%2C800&ssl=1&resize=700%2C400 2x, https:\/\/i0.wp.com\/noticiasribeiraopreto.com.br\/wp-content\/uploads\/2025\/07\/concurso-publico-ribeirao-preto_2024-08-13_10-44-40_jpg_2024-08-13_10-44-40.webp.webp?fit=1200%2C800&ssl=1&resize=1050%2C600 3x"},"classes":[]},{"id":52538,"url":"https:\/\/noticiasribeiraopreto.com.br\/index.php\/2024\/06\/09\/prefeitura-no-interior-de-sp-tem-20-vagas-em-concurso-publico-veja-como-se-inscrever\/","url_meta":{"origin":81538,"position":3},"title":"Prefeitura no interior de SP tem 20 vagas em concurso p\u00fablico; Veja como se inscrever","author":"noticiasribeiraopreto.com.br","date":"9 de June de 2024","format":false,"excerpt":"A Prefeitura de Colina, cidade no interior de S\u00e3o Paulo, est\u00e1 com as inscri\u00e7\u00f5es abertas para concurso com 20 vagas, al\u00e9m de oportunidades para cadastro de reserva. As vagas s\u00e3o de n\u00edvel fundamental, m\u00e9dio e superior. Os sal\u00e1rios variam entre R$ 1,5 mil e R$ 2,8 mil. Para os cargos\u2026","rel":"","context":"In &quot;Not\u00edcias de Ribeir\u00e3o Preto-SP e Regi\u00e3o&quot;","block_context":{"text":"Not\u00edcias de Ribeir\u00e3o Preto-SP e Regi\u00e3o","link":"https:\/\/noticiasribeiraopreto.com.br\/index.php\/category\/noticias-de-ribeirao-preto-sp-e-regiao-ismael-colosi\/"},"img":{"alt_text":"","src":"https:\/\/i0.wp.com\/noticiasribeiraopreto.com.br\/wp-content\/uploads\/2024\/06\/concuso-publico.jpg?fit=1200%2C801&ssl=1&resize=350%2C200","width":350,"height":200,"srcset":"https:\/\/i0.wp.com\/noticiasribeiraopreto.com.br\/wp-content\/uploads\/2024\/06\/concuso-publico.jpg?fit=1200%2C801&ssl=1&resize=350%2C200 1x, https:\/\/i0.wp.com\/noticiasribeiraopreto.com.br\/wp-content\/uploads\/2024\/06\/concuso-publico.jpg?fit=1200%2C801&ssl=1&resize=525%2C300 1.5x, https:\/\/i0.wp.com\/noticiasribeiraopreto.com.br\/wp-content\/uploads\/2024\/06\/concuso-publico.jpg?fit=1200%2C801&ssl=1&resize=700%2C400 2x, https:\/\/i0.wp.com\/noticiasribeiraopreto.com.br\/wp-content\/uploads\/2024\/06\/concuso-publico.jpg?fit=1200%2C801&ssl=1&resize=1050%2C600 3x"},"classes":[]},{"id":55796,"url":"https:\/\/noticiasribeiraopreto.com.br\/index.php\/2024\/08\/06\/ultimos-dias-para-inscricao-em-concurso-publico-de-prefeitura-do-interior-de-sp\/","url_meta":{"origin":81538,"position":4},"title":"\u00daltimos dias para inscri\u00e7\u00e3o em concurso p\u00fablico de Prefeitura do interior de SP","author":"noticiasribeiraopreto.com.br","date":"6 de August de 2024","format":false,"excerpt":"O prazo para as inscri\u00e7\u00f5es no concurso p\u00fablico para cadastro de reserva da Prefeitura de Brodowski, no interior de S\u00e3o Paulo, se encerra nesta quinta-feira (8). As vagas dispon\u00edveis s\u00e3o de n\u00edvel fundamental, m\u00e9dio e superior e os sal\u00e1rios variam entre R$ 1,5 mil e R$ 3,3 mil. Para a\u2026","rel":"","context":"In &quot;Not\u00edcias de Ribeir\u00e3o Preto-SP e Regi\u00e3o&quot;","block_context":{"text":"Not\u00edcias de Ribeir\u00e3o Preto-SP e Regi\u00e3o","link":"https:\/\/noticiasribeiraopreto.com.br\/index.php\/category\/noticias-de-ribeirao-preto-sp-e-regiao-ismael-colosi\/"},"img":{"alt_text":"","src":"https:\/\/i0.wp.com\/noticiasribeiraopreto.com.br\/wp-content\/uploads\/2024\/04\/AnyConv.com__concurso-publico-4.webp.webp?fit=1200%2C800&ssl=1&resize=350%2C200","width":350,"height":200,"srcset":"https:\/\/i0.wp.com\/noticiasribeiraopreto.com.br\/wp-content\/uploads\/2024\/04\/AnyConv.com__concurso-publico-4.webp.webp?fit=1200%2C800&ssl=1&resize=350%2C200 1x, https:\/\/i0.wp.com\/noticiasribeiraopreto.com.br\/wp-content\/uploads\/2024\/04\/AnyConv.com__concurso-publico-4.webp.webp?fit=1200%2C800&ssl=1&resize=525%2C300 1.5x, https:\/\/i0.wp.com\/noticiasribeiraopreto.com.br\/wp-content\/uploads\/2024\/04\/AnyConv.com__concurso-publico-4.webp.webp?fit=1200%2C800&ssl=1&resize=700%2C400 2x, https:\/\/i0.wp.com\/noticiasribeiraopreto.com.br\/wp-content\/uploads\/2024\/04\/AnyConv.com__concurso-publico-4.webp.webp?fit=1200%2C800&ssl=1&resize=1050%2C600 3x"},"classes":[]},{"id":59060,"url":"https:\/\/noticiasribeiraopreto.com.br\/index.php\/2024\/10\/13\/veja-cinco-concursos-publicos-com-mais-de-110-vagas-no-interior-de-sp\/","url_meta":{"origin":81538,"position":5},"title":"Veja cinco concursos p\u00fablicos com mais de 110 vagas no interior de SP","author":"noticiasribeiraopreto.com.br","date":"13 de October de 2024","format":false,"excerpt":"Os interessados em concorrer a uma vaga em concurso p\u00fablico contam com mais de 110 oportunidades em cinco editais dispon\u00edveis no interior de S\u00e3o Paulo. As oportunidades s\u00e3o para cargos de n\u00edvel m\u00e9dio, t\u00e9cnico e superior. Os sal\u00e1rios variam entre R$ 2,1 mil e R$ 12,6 mil. Confira a lista\u2026","rel":"","context":"In &quot;Not\u00edcias de Ribeir\u00e3o Preto-SP e Regi\u00e3o&quot;","block_context":{"text":"Not\u00edcias de Ribeir\u00e3o Preto-SP e Regi\u00e3o","link":"https:\/\/noticiasribeiraopreto.com.br\/index.php\/category\/noticias-de-ribeirao-preto-sp-e-regiao-ismael-colosi\/"},"img":{"alt_text":"","src":"https:\/\/i0.wp.com\/noticiasribeiraopreto.com.br\/wp-content\/uploads\/2024\/09\/Copia-de-Copia-de-TAMANHO-EXATO-PARA-FOTOS-NO-SISTEMA-NOVO-22_2024-07-24_20-00-55_jpg_2024-07-24_20-00-55.webp.webp?fit=1200%2C675&ssl=1&resize=350%2C200","width":350,"height":200,"srcset":"https:\/\/i0.wp.com\/noticiasribeiraopreto.com.br\/wp-content\/uploads\/2024\/09\/Copia-de-Copia-de-TAMANHO-EXATO-PARA-FOTOS-NO-SISTEMA-NOVO-22_2024-07-24_20-00-55_jpg_2024-07-24_20-00-55.webp.webp?fit=1200%2C675&ssl=1&resize=350%2C200 1x, https:\/\/i0.wp.com\/noticiasribeiraopreto.com.br\/wp-content\/uploads\/2024\/09\/Copia-de-Copia-de-TAMANHO-EXATO-PARA-FOTOS-NO-SISTEMA-NOVO-22_2024-07-24_20-00-55_jpg_2024-07-24_20-00-55.webp.webp?fit=1200%2C675&ssl=1&resize=525%2C300 1.5x, https:\/\/i0.wp.com\/noticiasribeiraopreto.com.br\/wp-content\/uploads\/2024\/09\/Copia-de-Copia-de-TAMANHO-EXATO-PARA-FOTOS-NO-SISTEMA-NOVO-22_2024-07-24_20-00-55_jpg_2024-07-24_20-00-55.webp.webp?fit=1200%2C675&ssl=1&resize=700%2C400 2x, https:\/\/i0.wp.com\/noticiasribeiraopreto.com.br\/wp-content\/uploads\/2024\/09\/Copia-de-Copia-de-TAMANHO-EXATO-PARA-FOTOS-NO-SISTEMA-NOVO-22_2024-07-24_20-00-55_jpg_2024-07-24_20-00-55.webp.webp?fit=1200%2C675&ssl=1&resize=1050%2C600 3x"},"classes":[]}],"jetpack_sharing_enabled":true,"jetpack_shortlink":"https:\/\/wp.me\/peQAOb-ld8","_links":{"self":[{"href":"https:\/\/noticiasribeiraopreto.com.br\/index.php\/wp-json\/wp\/v2\/posts\/81538","targetHints":{"allow":["GET"]}}],"collection":[{"href":"https:\/\/noticiasribeiraopreto.com.br\/index.php\/wp-json\/wp\/v2\/posts"}],"about":[{"href":"https:\/\/noticiasribeiraopreto.com.br\/index.php\/wp-json\/wp\/v2\/types\/post"}],"author":[{"embeddable":true,"href":"https:\/\/noticiasribeiraopreto.com.br\/index.php\/wp-json\/wp\/v2\/users\/1"}],"replies":[{"embeddable":true,"href":"https:\/\/noticiasribeiraopreto.com.br\/index.php\/wp-json\/wp\/v2\/comments?post=81538"}],"version-history":[{"count":0,"href":"https:\/\/noticiasribeiraopreto.com.br\/index.php\/wp-json\/wp\/v2\/posts\/81538\/revisions"}],"wp:featuredmedia":[{"embeddable":true,"href":"https:\/\/noticiasribeiraopreto.com.br\/index.php\/wp-json\/wp\/v2\/media\/77884"}],"wp:attachment":[{"href":"https:\/\/noticiasribeiraopreto.com.br\/index.php\/wp-json\/wp\/v2\/media?parent=81538"}],"wp:term":[{"taxonomy":"category","embeddable":true,"href":"https:\/\/noticiasribeiraopreto.com.br\/index.php\/wp-json\/wp\/v2\/categories?post=81538"},{"taxonomy":"post_tag","embeddable":true,"href":"https:\/\/noticiasribeiraopreto.com.br\/index.php\/wp-json\/wp\/v2\/tags?post=81538"}],"curies":[{"name":"wp","href":"https:\/\/api.w.org\/{rel}","templated":true}]}}