{"id":81539,"date":"2026-01-09T07:54:20","date_gmt":"2026-01-09T10:54:20","guid":{"rendered":"https:\/\/noticiasribeiraopreto.com.br\/index.php\/2026\/01\/09\/impasse-entre-prefeitura-de-ribeirao-e-entidades-preocupa-pais-de-criancas-matriculadas-em-creches-conveniadas\/"},"modified":"2026-01-09T07:54:20","modified_gmt":"2026-01-09T10:54:20","slug":"impasse-entre-prefeitura-de-ribeirao-e-entidades-preocupa-pais-de-criancas-matriculadas-em-creches-conveniadas","status":"publish","type":"post","link":"https:\/\/noticiasribeiraopreto.com.br\/index.php\/2026\/01\/09\/impasse-entre-prefeitura-de-ribeirao-e-entidades-preocupa-pais-de-criancas-matriculadas-em-creches-conveniadas\/","title":{"rendered":"Impasse entre Prefeitura de Ribeir\u00e3o e entidades preocupa pais de crian\u00e7as matriculadas em creches conveniadas"},"content":{"rendered":"<div class='code-block code-block-1' style='margin: 8px 0 8px auto; text-align: right; display: block; clear: both;'>\n<p><a href=\"https:\/\/wa.link\/vpicfd\"><img data-recalc-dims=\"1\" class=\"wp-image-4922\" style=\"aspect-ratio: 2.0253164556962027; width: 561px; height: auto;\" src=\"https:\/\/i0.wp.com\/ismaelcolosi.com.br\/wp-content\/uploads\/2023\/11\/grupo-de-empregos-whatsapp-e-facebook-ismael-colosi-vagas.jpg?ssl=1\" alt=\"\" \/><\/a><\/p>\n<!-- \/wp:image -->\n<\/div>\n<p> <br \/>\n<\/p>\n<div>\n<p>Um comunicado assinado pela <strong>Unef (Uni\u00e3o das Entidades Filantr\u00f3picas de Ribeir\u00e3o Preto)<\/strong> deixou preocupados os pais de crian\u00e7as matriculadas em 29 creches e escolas conveniadas com a <strong><a href=\"https:\/\/www.ribeiraopreto.sp.gov.br\/portal\/\" data-type=\"link\" data-id=\"https:\/\/www.ribeiraopreto.sp.gov.br\/portal\/\" target=\"_blank\" rel=\"noopener\">Prefeitura de Ribeir\u00e3o Preto<\/a><\/strong>. Isso porque o aviso afirma que as aulas seriam suspensas por per\u00edodo indeterminado a partir desta sexta-feira (9) \u2013 <mark style=\"background-color:#fcb900\" class=\"has-inline-color has-black-color\">o que \u00e9 descartado pela Administra\u00e7\u00e3o Municipal<\/mark>.<\/p>\n<p>A entidade alega que a medida foi adotada em raz\u00e3o do \u201cdescumprimento de repasses financeiros pactuados desde o final de 2025\u201d. O texto enviado aos respons\u00e1veis diz que as atividades ser\u00e3o retomadas logo que a situa\u00e7\u00e3o for resolvida.<\/p>\n<figure class=\"wp-block-image size-large\"><img data-recalc-dims=\"1\" fetchpriority=\"high\" decoding=\"async\" width=\"722\" height=\"1024\" src=\"https:\/\/i0.wp.com\/cdn.media-acidadeon.com.br\/ribeiraopreto\/wp-content\/uploads\/sites\/3\/2026\/01\/AVISO_2026-01-08_20-28-17-722x1024.webp?resize=722%2C1024&#038;ssl=1\" alt=\"AVISO 2026 01 08 20 28 17\" class=\"wp-image-141612\" title=\"Impasse entre Prefeitura de Ribeir\u00e3o e entidades preocupa pais de crian\u00e7as matriculadas em creches conveniadas 1\" srcset=\"https:\/\/cdn.media-acidadeon.com.br\/ribeiraopreto\/wp-content\/uploads\/sites\/3\/2026\/01\/AVISO_2026-01-08_20-28-17-722x1024.webp 722w, https:\/\/cdn.media-acidadeon.com.br\/ribeiraopreto\/wp-content\/uploads\/sites\/3\/2026\/01\/AVISO_2026-01-08_20-28-17-211x300.webp 211w, https:\/\/cdn.media-acidadeon.com.br\/ribeiraopreto\/wp-content\/uploads\/sites\/3\/2026\/01\/AVISO_2026-01-08_20-28-17-768x1090.webp 768w, https:\/\/cdn.media-acidadeon.com.br\/ribeiraopreto\/wp-content\/uploads\/sites\/3\/2026\/01\/AVISO_2026-01-08_20-28-17-696x988.webp 696w, https:\/\/cdn.media-acidadeon.com.br\/ribeiraopreto\/wp-content\/uploads\/sites\/3\/2026\/01\/AVISO_2026-01-08_20-28-17.webp 902w\" sizes=\"(max-width: 722px) 100vw, 722px\"\/><figcaption class=\"wp-element-caption\">Aviso foi encaminhado para pais de alunos matriculados em creches conveniadas (Imagem: reprodu\u00e7\u00e3o\/redes sociais)<\/figcaption><\/figure>\n<p>O<strong> acidade on Ribeir\u00e3o<\/strong> procurou a Escola Eduardo Diniz Junqueira, administrada pela Unifica\u00e7\u00e3o Kardecista, onde est\u00e3o matriculados os filhos de um grupo de pais que procurou a reportagem. A unidade informou que ainda aguardava retorno do Executivo sobre a situa\u00e7\u00e3o.<\/p>\n<p>Em nota, a Secretaria Municipal da Educa\u00e7\u00e3o declarou que os alunos das unidades parceiras ser\u00e3o atendidos normalmente nesta sexta-feira e orienta os respons\u00e1veis a entrarem em contato pelo telefone (16) 3977-9100 caso surja alguma dificuldade.<\/p>\n<h2 class=\"wp-block-heading\"><strong>Sem atraso<\/strong><\/h2>\n<p>Ainda no comunicado, a pasta afirmou que n\u00e3o h\u00e1 parcelas de repasses em atraso. \u201cTodos os instrumentos contratuais vigentes est\u00e3o rigorosamente em dia\u201d, afirma o documento.<\/p>\n<blockquote class=\"wp-block-quote is-layout-flow wp-block-quote-is-layout-flow\">\n<p>\u201cA Secretaria esclarece ainda que os Termos de Colabora\u00e7\u00e3o permanecem v\u00e1lidos e est\u00e3o sendo integralmente cumpridos pela Prefeitura, n\u00e3o havendo fundamento contratual para a suspens\u00e3o do atendimento, a qual, se realizada, configura descumprimento das obriga\u00e7\u00f5es assumidas pelas creches.\u201d<\/p>\n<\/blockquote>\n<p>A Administra\u00e7\u00e3o Municipal aponta que, em outubro do ano passado, as entidades apresentaram uma solicita\u00e7\u00e3o de revis\u00e3o financeira. Na ocasi\u00e3o, ficou definida a concess\u00e3o de atualiza\u00e7\u00e3o com base na CCT (Conven\u00e7\u00e3o Coletiva de Trabalho) no percentual de 10% para o exerc\u00edcio de 2025, estendendo o mesmo \u00edndice para 2026 \u2014 ao contr\u00e1rio do \u00edndice de 4,23% previsto originalmente em contrato, conforme a infla\u00e7\u00e3o apurada pelo IPCA.<\/p>\n<p>A secretaria afirma que os valores est\u00e3o sendo executados conforme o tr\u00e2mite administrativo regular. Para as entidades que j\u00e1 formalizaram a solicita\u00e7\u00e3o e ainda n\u00e3o tiveram o repasse efetivado, o pagamento est\u00e1 programado para o dia 16 de janeiro de 2026.<\/p>\n<figure class=\"wp-block-image size-large\"><img data-recalc-dims=\"1\" loading=\"lazy\" decoding=\"async\" width=\"1024\" height=\"682\" src=\"https:\/\/i0.wp.com\/cdn.media-acidadeon.com.br\/ribeiraopreto\/wp-content\/uploads\/sites\/3\/2026\/01\/creche-2_2026-01-08_20-30-50-1024x682.webp?resize=1024%2C682&#038;ssl=1\" alt=\"creche 2 2026 01 08 20 30 50\" class=\"wp-image-141616\" title=\"Impasse entre Prefeitura de Ribeir\u00e3o e entidades preocupa pais de crian\u00e7as matriculadas em creches conveniadas 2\" srcset=\"https:\/\/cdn.media-acidadeon.com.br\/ribeiraopreto\/wp-content\/uploads\/sites\/3\/2026\/01\/creche-2_2026-01-08_20-30-50-1024x682.webp 1024w, https:\/\/cdn.media-acidadeon.com.br\/ribeiraopreto\/wp-content\/uploads\/sites\/3\/2026\/01\/creche-2_2026-01-08_20-30-50-300x200.webp 300w, https:\/\/cdn.media-acidadeon.com.br\/ribeiraopreto\/wp-content\/uploads\/sites\/3\/2026\/01\/creche-2_2026-01-08_20-30-50-768x511.webp 768w, https:\/\/cdn.media-acidadeon.com.br\/ribeiraopreto\/wp-content\/uploads\/sites\/3\/2026\/01\/creche-2_2026-01-08_20-30-50-696x463.webp 696w, https:\/\/cdn.media-acidadeon.com.br\/ribeiraopreto\/wp-content\/uploads\/sites\/3\/2026\/01\/creche-2_2026-01-08_20-30-50-1068x711.webp 1068w, https:\/\/cdn.media-acidadeon.com.br\/ribeiraopreto\/wp-content\/uploads\/sites\/3\/2026\/01\/creche-2_2026-01-08_20-30-50.webp 1200w\" sizes=\"auto, (max-width: 1024px) 100vw, 1024px\"\/><figcaption class=\"wp-element-caption\">Pais com filhos matriculados na Escola Eduardo Diniz Junqueira foram avisados sobre suspens\u00e3o (Foto: Alexandre Azevedo\/Prefeitura de Ribeir\u00e3o Preto)<\/figcaption><\/figure>\n<h2 class=\"wp-block-heading\"><strong>Reuni\u00e3o<\/strong><\/h2>\n<p>Nesta quinta-feira (8), foi realizada uma reuni\u00e3o com representantes das entidades parceiras para esclarecimentos sobre o andamento dos processos. O munic\u00edpio afirma que, das 29 creches conveniadas, 13 j\u00e1 foram contempladas com o reequil\u00edbrio financeiro de 2025. Outras cinco ter\u00e3o o pagamento efetuado no dia 16 de janeiro e 11 est\u00e3o em fase final de entrega de documentos para receberem na mesma data, caso n\u00e3o haja pend\u00eancias de registros.<\/p>\n<p>SAIBA MAIS<br \/>Anvisa aprova novo medicamento para tratamento inicial do Alzheimer<\/p>\n<h2 class=\"wp-block-heading\"><strong>FIQUE ON<\/strong><\/h2>\n<p>Fique ligado em tudo que acontece em Ribeir\u00e3o Preto e regi\u00e3o. Siga os perfis do\u00a0<strong>acidade on<\/strong>\u00a0no\u00a0<a href=\"https:\/\/www.instagram.com\/acidadeonribeirao\" target=\"_blank\" rel=\"noreferrer noopener\">Instagram<\/a>\u00a0e no<a href=\"https:\/\/www.facebook.com\/acidadeonribeirao\/\" target=\"_blank\" rel=\"noreferrer noopener\">\u00a0Facebook<\/a>.<\/p>\n<p>Receba not\u00edcias do\u00a0<strong>acidade on<\/strong>\u00a0no WhatsApp. Para entrar no grupo,\u00a0basta<a href=\"https:\/\/chat.whatsapp.com\/GFH9HUMUTHNFJdnyEd0xxq\" target=\"_blank\" rel=\"noreferrer noopener\">\u00a0clicar aqui<\/a>. Ou, acesse o nosso\u00a0Canal<a href=\"https:\/\/whatsapp.com\/channel\/0029Vb6IQl1JENyAeS57fk2p\" target=\"_blank\" rel=\"noreferrer noopener\">\u00a0clicando aqui<\/a>.<\/p>\n<p>Fa\u00e7a uma den\u00fancia ou sugira uma reportagem sobre Ribeir\u00e3o Preto e regi\u00e3o pelo WhatsApp: 16 99117 7802.<\/p>\n<p>VEJA TAMB\u00c9M<br \/>Experi\u00eancia e adapta\u00e7\u00e3o tornam vi\u00e1vel o cultivo de abacaxi fora dos polos tradicionais<\/p>\n<p><!-- AI CONTENT END 1 -->\n<\/div>\n<p><script async src=\"\/\/www.instagram.com\/embed.js\"><\/script><br \/>\n<br \/><br \/>\n<br \/><a href=\"https:\/\/www.acidadeon.com\/ribeiraopreto\/politica\/impasse-entre-prefeitura-de-ribeirao-e-entidades-preocupa-pais-de-criancas-matriculadas-em-creches-conveniadas\/\">Source link <\/a><\/p>\n<!-- CONTENT END 1 -->\n","protected":false},"excerpt":{"rendered":"<p>Um comunicado assinado pela Unef (Uni\u00e3o das Entidades Filantr\u00f3picas de Ribeir\u00e3o Preto) deixou preocupados os pais de crian\u00e7as matriculadas em 29 creches e escolas conveniadas&#8230;<\/p>\n","protected":false},"author":1,"featured_media":81540,"comment_status":"open","ping_status":"open","sticky":false,"template":"","format":"standard","meta":{"advanced_seo_description":"","jetpack_seo_html_title":"","jetpack_seo_noindex":false,"jetpack_post_was_ever_published":false,"_jetpack_newsletter_access":"","_jetpack_dont_email_post_to_subs":false,"_jetpack_newsletter_tier_id":0,"_jetpack_memberships_contains_paywalled_content":false,"_jetpack_memberships_contains_paid_content":false,"footnotes":"","jetpack_publicize_message":"","jetpack_publicize_feature_enabled":true,"jetpack_social_post_already_shared":true,"jetpack_social_options":{"image_generator_settings":{"template":"highway","default_image_id":0,"font":"","enabled":false},"version":2}},"categories":[11],"tags":[],"class_list":["post-81539","post","type-post","status-publish","format-standard","has-post-thumbnail","hentry","category-noticias-de-ribeirao-preto-sp-e-regiao-ismael-colosi"],"jetpack_publicize_connections":[],"jetpack_featured_media_url":"https:\/\/i0.wp.com\/noticiasribeiraopreto.com.br\/wp-content\/uploads\/2026\/01\/creche-1_2026-01-08_20-29-40.webp.webp?fit=1200%2C799&ssl=1","jetpack-related-posts":[{"id":81579,"url":"https:\/\/noticiasribeiraopreto.com.br\/index.php\/2026\/01\/10\/apos-impasse-creches-conveniadas-de-ribeirao-preto-dizem-que-atendimento-acontece-normalmente\/","url_meta":{"origin":81539,"position":0},"title":"Ap\u00f3s impasse, creches conveniadas de Ribeir\u00e3o Preto dizem que atendimento acontece normalmente","author":"noticiasribeiraopreto.com.br","date":"10 de January de 2026","format":false,"excerpt":"As 29 creches e escolas conveniadas com a Prefeitura de Ribeir\u00e3o Preto atenderam pais e alunos normalmente nesta sexta-feira (9) ap\u00f3s impasse envolvendo o funcionamento das unidades, segundo a Unef (Uni\u00e3o das Entidades Filantr\u00f3picas de Ribeir\u00e3o Preto) \u2013 clique aqui e saiba mais. Na quinta-feira (8), as escolas chegaram a\u2026","rel":"","context":"In &quot;Not\u00edcias de Ribeir\u00e3o Preto-SP e Regi\u00e3o&quot;","block_context":{"text":"Not\u00edcias de Ribeir\u00e3o Preto-SP e Regi\u00e3o","link":"https:\/\/noticiasribeiraopreto.com.br\/index.php\/category\/noticias-de-ribeirao-preto-sp-e-regiao-ismael-colosi\/"},"img":{"alt_text":"","src":"https:\/\/i0.wp.com\/noticiasribeiraopreto.com.br\/wp-content\/uploads\/2026\/01\/creche-2_2026-01-09_18-18-16.webp.webp?fit=1200%2C799&ssl=1&resize=350%2C200","width":350,"height":200,"srcset":"https:\/\/i0.wp.com\/noticiasribeiraopreto.com.br\/wp-content\/uploads\/2026\/01\/creche-2_2026-01-09_18-18-16.webp.webp?fit=1200%2C799&ssl=1&resize=350%2C200 1x, https:\/\/i0.wp.com\/noticiasribeiraopreto.com.br\/wp-content\/uploads\/2026\/01\/creche-2_2026-01-09_18-18-16.webp.webp?fit=1200%2C799&ssl=1&resize=525%2C300 1.5x, https:\/\/i0.wp.com\/noticiasribeiraopreto.com.br\/wp-content\/uploads\/2026\/01\/creche-2_2026-01-09_18-18-16.webp.webp?fit=1200%2C799&ssl=1&resize=700%2C400 2x, https:\/\/i0.wp.com\/noticiasribeiraopreto.com.br\/wp-content\/uploads\/2026\/01\/creche-2_2026-01-09_18-18-16.webp.webp?fit=1200%2C799&ssl=1&resize=1050%2C600 3x"},"classes":[]},{"id":70417,"url":"https:\/\/noticiasribeiraopreto.com.br\/index.php\/2025\/05\/26\/ferias-51-creches-atenderao-em-rp\/","url_meta":{"origin":81539,"position":1},"title":"F\u00e9rias: 51 creches atender\u00e3o em RP \u00a0","author":"noticiasribeiraopreto.com.br","date":"26 de May de 2025","format":false,"excerpt":"26 de maio de 2025 09:3025 de maio de 2025 18:1212 Compartilhar0 A prefeitura de Ribeir\u00e3o Preto, por meio da Secretaria Municipal da Educa\u00e7\u00e3o, abre nesta segunda-feira, 26 de maio, o per\u00edodo de inscri\u00e7\u00f5es para as atividades de f\u00e9rias voltadas \u00e0s crian\u00e7as da educa\u00e7\u00e3o infantil (0 a 5 anos). O\u2026","rel":"","context":"In &quot;Not\u00edcias de Ribeir\u00e3o Preto-SP e Regi\u00e3o&quot;","block_context":{"text":"Not\u00edcias de Ribeir\u00e3o Preto-SP e Regi\u00e3o","link":"https:\/\/noticiasribeiraopreto.com.br\/index.php\/category\/noticias-de-ribeirao-preto-sp-e-regiao-ismael-colosi\/"},"img":{"alt_text":"","src":"https:\/\/i0.wp.com\/noticiasribeiraopreto.com.br\/wp-content\/uploads\/2025\/05\/escolaaulaalunos.jpg?fit=700%2C450&ssl=1&resize=350%2C200","width":350,"height":200,"srcset":"https:\/\/i0.wp.com\/noticiasribeiraopreto.com.br\/wp-content\/uploads\/2025\/05\/escolaaulaalunos.jpg?fit=700%2C450&ssl=1&resize=350%2C200 1x, https:\/\/i0.wp.com\/noticiasribeiraopreto.com.br\/wp-content\/uploads\/2025\/05\/escolaaulaalunos.jpg?fit=700%2C450&ssl=1&resize=525%2C300 1.5x, https:\/\/i0.wp.com\/noticiasribeiraopreto.com.br\/wp-content\/uploads\/2025\/05\/escolaaulaalunos.jpg?fit=700%2C450&ssl=1&resize=700%2C400 2x"},"classes":[]},{"id":70452,"url":"https:\/\/noticiasribeiraopreto.com.br\/index.php\/2025\/05\/26\/ribeirao-preto-oferece-atividades-recreativas-para-criancas-durante-as-ferias-saiba-como-participar\/","url_meta":{"origin":81539,"position":2},"title":"Ribeir\u00e3o Preto oferece atividades recreativas para crian\u00e7as durante as f\u00e9rias; saiba como participar","author":"noticiasribeiraopreto.com.br","date":"26 de May de 2025","format":false,"excerpt":"A Prefeitura de Ribeir\u00e3o Preto abriu nesta segunda-feira (26) as inscri\u00e7\u00f5es para as atividades de f\u00e9rias voltadas \u00e0s crian\u00e7as da Educa\u00e7\u00e3o Infantil (0 a 5 anos). A programa\u00e7\u00e3o acontece durante o recesso escolar de julho, entre os dias 10 e 23. As inscri\u00e7\u00f5es podem ser feitas at\u00e9 o dia 8\u2026","rel":"","context":"In &quot;Not\u00edcias de Ribeir\u00e3o Preto-SP e Regi\u00e3o&quot;","block_context":{"text":"Not\u00edcias de Ribeir\u00e3o Preto-SP e Regi\u00e3o","link":"https:\/\/noticiasribeiraopreto.com.br\/index.php\/category\/noticias-de-ribeirao-preto-sp-e-regiao-ismael-colosi\/"},"img":{"alt_text":"","src":"https:\/\/i0.wp.com\/noticiasribeiraopreto.com.br\/wp-content\/uploads\/2025\/05\/unidadespolo_2.capa__2025-05-26_13-24-19.webp.webp?fit=1000%2C666&ssl=1&resize=350%2C200","width":350,"height":200,"srcset":"https:\/\/i0.wp.com\/noticiasribeiraopreto.com.br\/wp-content\/uploads\/2025\/05\/unidadespolo_2.capa__2025-05-26_13-24-19.webp.webp?fit=1000%2C666&ssl=1&resize=350%2C200 1x, https:\/\/i0.wp.com\/noticiasribeiraopreto.com.br\/wp-content\/uploads\/2025\/05\/unidadespolo_2.capa__2025-05-26_13-24-19.webp.webp?fit=1000%2C666&ssl=1&resize=525%2C300 1.5x, https:\/\/i0.wp.com\/noticiasribeiraopreto.com.br\/wp-content\/uploads\/2025\/05\/unidadespolo_2.capa__2025-05-26_13-24-19.webp.webp?fit=1000%2C666&ssl=1&resize=700%2C400 2x"},"classes":[]},{"id":934,"url":"https:\/\/noticiasribeiraopreto.com.br\/index.php\/2023\/11\/09\/escolas-de-ribeirao-abrem-cadastro-para-atender-criancas-nas-ferias-de-janeiro-veja-como-participar\/","url_meta":{"origin":81539,"position":3},"title":"Escolas de Ribeir\u00e3o abrem cadastro para atender crian\u00e7as nas f\u00e9rias de janeiro; Veja como participar","author":"noticiasribeiraopreto.com.br","date":"9 de November de 2023","format":false,"excerpt":"A Secretaria da Educa\u00e7\u00e3o de Ribeir\u00e3o Preto anunciou, nesta quinta-feira (9), que abriu o cadastro para as escolas de educa\u00e7\u00e3o infantil que atender\u00e3o os estudantes durante as f\u00e9rias de janeiro de 2024. Ser\u00e3o 22 polos municipais, em todas as regi\u00f5es da cidade e 28 escolas conveniadas, que funcionar\u00e3o no per\u00edodo\u2026","rel":"","context":"In &quot;Not\u00edcias de Ribeir\u00e3o Preto-SP e Regi\u00e3o&quot;","block_context":{"text":"Not\u00edcias de Ribeir\u00e3o Preto-SP e Regi\u00e3o","link":"https:\/\/noticiasribeiraopreto.com.br\/index.php\/category\/noticias-de-ribeirao-preto-sp-e-regiao-ismael-colosi\/"},"img":{"alt_text":"","src":"https:\/\/i0.wp.com\/noticiasribeiraopreto.com.br\/wp-content\/uploads\/2023\/11\/escola_de_1200x675_10052022145824.jpg?fit=1200%2C675&ssl=1&resize=350%2C200","width":350,"height":200,"srcset":"https:\/\/i0.wp.com\/noticiasribeiraopreto.com.br\/wp-content\/uploads\/2023\/11\/escola_de_1200x675_10052022145824.jpg?fit=1200%2C675&ssl=1&resize=350%2C200 1x, https:\/\/i0.wp.com\/noticiasribeiraopreto.com.br\/wp-content\/uploads\/2023\/11\/escola_de_1200x675_10052022145824.jpg?fit=1200%2C675&ssl=1&resize=525%2C300 1.5x, https:\/\/i0.wp.com\/noticiasribeiraopreto.com.br\/wp-content\/uploads\/2023\/11\/escola_de_1200x675_10052022145824.jpg?fit=1200%2C675&ssl=1&resize=700%2C400 2x, https:\/\/i0.wp.com\/noticiasribeiraopreto.com.br\/wp-content\/uploads\/2023\/11\/escola_de_1200x675_10052022145824.jpg?fit=1200%2C675&ssl=1&resize=1050%2C600 3x"},"classes":[]},{"id":51357,"url":"https:\/\/noticiasribeiraopreto.com.br\/index.php\/2024\/05\/25\/escolas-abrem-cadastro-para-pais-que-precisam-de-auxilio-durante-ferias-em-ribeirao-preto\/","url_meta":{"origin":81539,"position":4},"title":"Escolas abrem cadastro para pais que precisam de aux\u00edlio durante f\u00e9rias em Ribeir\u00e3o Preto","author":"noticiasribeiraopreto.com.br","date":"25 de May de 2024","format":false,"excerpt":"A Prefeitura de Ribeir\u00e3o Preto abrir\u00e1, na segunda-feira (27), o cadastro para as escolas de educa\u00e7\u00e3o infantil que atender\u00e3o os estudantes durante o recesso escolar, que ocorrer\u00e1 de 4 a 19 de julho. Ser\u00e3o oferecidas vagas em 22 polos municipais e 28 escolas conveniadas para auxiliar os pais e respons\u00e1veis\u2026","rel":"","context":"In &quot;Not\u00edcias de Ribeir\u00e3o Preto-SP e Regi\u00e3o&quot;","block_context":{"text":"Not\u00edcias de Ribeir\u00e3o Preto-SP e Regi\u00e3o","link":"https:\/\/noticiasribeiraopreto.com.br\/index.php\/category\/noticias-de-ribeirao-preto-sp-e-regiao-ismael-colosi\/"},"img":{"alt_text":"","src":"https:\/\/i0.wp.com\/noticiasribeiraopreto.com.br\/wp-content\/uploads\/2024\/05\/poloseducacaoinfantil_2405_capa_2024-05-25_15-33-14_jpg_2024-05-25_15-33-14.webp.webp?fit=1000%2C666&ssl=1&resize=350%2C200","width":350,"height":200,"srcset":"https:\/\/i0.wp.com\/noticiasribeiraopreto.com.br\/wp-content\/uploads\/2024\/05\/poloseducacaoinfantil_2405_capa_2024-05-25_15-33-14_jpg_2024-05-25_15-33-14.webp.webp?fit=1000%2C666&ssl=1&resize=350%2C200 1x, https:\/\/i0.wp.com\/noticiasribeiraopreto.com.br\/wp-content\/uploads\/2024\/05\/poloseducacaoinfantil_2405_capa_2024-05-25_15-33-14_jpg_2024-05-25_15-33-14.webp.webp?fit=1000%2C666&ssl=1&resize=525%2C300 1.5x, https:\/\/i0.wp.com\/noticiasribeiraopreto.com.br\/wp-content\/uploads\/2024\/05\/poloseducacaoinfantil_2405_capa_2024-05-25_15-33-14_jpg_2024-05-25_15-33-14.webp.webp?fit=1000%2C666&ssl=1&resize=700%2C400 2x"},"classes":[]},{"id":81610,"url":"https:\/\/noticiasribeiraopreto.com.br\/index.php\/2026\/01\/11\/o-dificil-acesso-a-educacao-para-criancas-carentes\/","url_meta":{"origin":81539,"position":5},"title":"O dif\u00edcil acesso \u00e0 educa\u00e7\u00e3o para crian\u00e7as carentes","author":"noticiasribeiraopreto.com.br","date":"11 de January de 2026","format":false,"excerpt":"As desigualdades socioecon\u00f4micas continuam dificultando o acesso \u00e0 educa\u00e7\u00e3o infantil no Brasil. Essa \u00e9 uma das conclus\u00f5es do estudo in\u00e9dito \u201cO desafio da equidade no acesso \u00e0 educa\u00e7\u00e3o infantil \u2013 uma an\u00e1lise do Cad\u00danico e do Censo Escolar\u201d, realizado pela Funda\u00e7\u00e3o Maria Cecilia Souto Vidigal, em parceria com o Minist\u00e9rio\u2026","rel":"","context":"In &quot;Not\u00edcias de Ribeir\u00e3o Preto-SP e Regi\u00e3o&quot;","block_context":{"text":"Not\u00edcias de Ribeir\u00e3o Preto-SP e Regi\u00e3o","link":"https:\/\/noticiasribeiraopreto.com.br\/index.php\/category\/noticias-de-ribeirao-preto-sp-e-regiao-ismael-colosi\/"},"img":{"alt_text":"","src":"https:\/\/i0.wp.com\/noticiasribeiraopreto.com.br\/wp-content\/uploads\/2026\/01\/box-Guilherme-Sircili.jpg?fit=1170%2C780&ssl=1&resize=350%2C200","width":350,"height":200,"srcset":"https:\/\/i0.wp.com\/noticiasribeiraopreto.com.br\/wp-content\/uploads\/2026\/01\/box-Guilherme-Sircili.jpg?fit=1170%2C780&ssl=1&resize=350%2C200 1x, https:\/\/i0.wp.com\/noticiasribeiraopreto.com.br\/wp-content\/uploads\/2026\/01\/box-Guilherme-Sircili.jpg?fit=1170%2C780&ssl=1&resize=525%2C300 1.5x, https:\/\/i0.wp.com\/noticiasribeiraopreto.com.br\/wp-content\/uploads\/2026\/01\/box-Guilherme-Sircili.jpg?fit=1170%2C780&ssl=1&resize=700%2C400 2x, https:\/\/i0.wp.com\/noticiasribeiraopreto.com.br\/wp-content\/uploads\/2026\/01\/box-Guilherme-Sircili.jpg?fit=1170%2C780&ssl=1&resize=1050%2C600 3x"},"classes":[]}],"jetpack_sharing_enabled":true,"jetpack_shortlink":"https:\/\/wp.me\/peQAOb-ld9","_links":{"self":[{"href":"https:\/\/noticiasribeiraopreto.com.br\/index.php\/wp-json\/wp\/v2\/posts\/81539","targetHints":{"allow":["GET"]}}],"collection":[{"href":"https:\/\/noticiasribeiraopreto.com.br\/index.php\/wp-json\/wp\/v2\/posts"}],"about":[{"href":"https:\/\/noticiasribeiraopreto.com.br\/index.php\/wp-json\/wp\/v2\/types\/post"}],"author":[{"embeddable":true,"href":"https:\/\/noticiasribeiraopreto.com.br\/index.php\/wp-json\/wp\/v2\/users\/1"}],"replies":[{"embeddable":true,"href":"https:\/\/noticiasribeiraopreto.com.br\/index.php\/wp-json\/wp\/v2\/comments?post=81539"}],"version-history":[{"count":0,"href":"https:\/\/noticiasribeiraopreto.com.br\/index.php\/wp-json\/wp\/v2\/posts\/81539\/revisions"}],"wp:featuredmedia":[{"embeddable":true,"href":"https:\/\/noticiasribeiraopreto.com.br\/index.php\/wp-json\/wp\/v2\/media\/81540"}],"wp:attachment":[{"href":"https:\/\/noticiasribeiraopreto.com.br\/index.php\/wp-json\/wp\/v2\/media?parent=81539"}],"wp:term":[{"taxonomy":"category","embeddable":true,"href":"https:\/\/noticiasribeiraopreto.com.br\/index.php\/wp-json\/wp\/v2\/categories?post=81539"},{"taxonomy":"post_tag","embeddable":true,"href":"https:\/\/noticiasribeiraopreto.com.br\/index.php\/wp-json\/wp\/v2\/tags?post=81539"}],"curies":[{"name":"wp","href":"https:\/\/api.w.org\/{rel}","templated":true}]}}