{"id":81541,"date":"2026-01-09T08:00:57","date_gmt":"2026-01-09T11:00:57","guid":{"rendered":"https:\/\/noticiasribeiraopreto.com.br\/index.php\/2026\/01\/09\/ciclone-extratropical-se-forma-e-frente-fria-muda-o-tempo-em-sp-saiba-quando\/"},"modified":"2026-01-09T08:00:57","modified_gmt":"2026-01-09T11:00:57","slug":"ciclone-extratropical-se-forma-e-frente-fria-muda-o-tempo-em-sp-saiba-quando","status":"publish","type":"post","link":"https:\/\/noticiasribeiraopreto.com.br\/index.php\/2026\/01\/09\/ciclone-extratropical-se-forma-e-frente-fria-muda-o-tempo-em-sp-saiba-quando\/","title":{"rendered":"Ciclone extratropical se forma e frente fria muda o tempo em SP; Saiba quando"},"content":{"rendered":"<div class='code-block code-block-1' style='margin: 8px 0 8px auto; text-align: right; display: block; clear: both;'>\n<p><a href=\"https:\/\/wa.link\/vpicfd\"><img data-recalc-dims=\"1\" class=\"wp-image-4922\" style=\"aspect-ratio: 2.0253164556962027; width: 561px; height: auto;\" src=\"https:\/\/i0.wp.com\/ismaelcolosi.com.br\/wp-content\/uploads\/2023\/11\/grupo-de-empregos-whatsapp-e-facebook-ismael-colosi-vagas.jpg?ssl=1\" alt=\"\" \/><\/a><\/p>\n<!-- \/wp:image -->\n<\/div>\n<p> <br \/>\n<\/p>\n<div>\n<p>Um <strong>ciclone extratropical<\/strong> se organiza entre o <strong>Uruguai <\/strong>e o <strong>Sul do Brasil<\/strong> neste fim de semana, e uma <strong>nova frente fria<\/strong>, associada a esse sistema, vai aumentar as <strong>condi\u00e7\u00f5es para chuva<\/strong> no <strong>estado de S\u00e3o Paulo<\/strong> \u2013 saiba mais abaixo.<\/p>\n<p>Conforme a <strong><a href=\"https:\/\/www.climatempo.com.br\/noticia\/ciclone\/ciclone-extratropical-no-sul-do-brasil\" data-type=\"link\" data-id=\"https:\/\/www.climatempo.com.br\/noticia\/ciclone\/ciclone-extratropical-no-sul-do-brasil\" target=\"_blank\" rel=\"noreferrer noopener\">Climatempo<\/a><\/strong>, a \u00e1rea de baixa press\u00e3o que vai dar origem ao <strong>primeiro ciclone extratropical de 2026<\/strong> come\u00e7a a se intensificar nesta quinta (8) e sexta0feria (9). <\/p>\n<p>O sistema se organiza como <strong>ciclone <\/strong>na madrugada de s\u00e1bado (10), atua sobre o <strong>Sul do pa\u00eds<\/strong> no final de semana e perde for\u00e7a na segunda-feira (12), quando se afasta para o oceano.<\/p>\n<h2 class=\"wp-block-heading\"><strong>Frente fria atinge o estado de SP<\/strong><\/h2>\n<p>De acordo com a meteorologista <strong>Jos\u00e9lia Pegorim<\/strong>, a maior parte das \u00e1reas do estado de S\u00e3o Paulo deve registrar <strong>pancadas de chuva<\/strong> de intensidade moderada e raios nos pr\u00f3ximos dias, por causa do <strong>calor<\/strong>.<\/p>\n<figure class=\"wp-block-pullquote\">\n<blockquote>\n<p>No domingo, o deslocamento da frente fria que se forma no Sul do Brasil aumenta a chuva em todo o Mato Grosso do Sul e tamb\u00e9m em \u00e1reas do oeste e sul de S\u00e3o Paulo<\/p>\n<p><cite>Jos\u00e9lia Pegorim, meteorologista da Climatempo<\/cite><\/p><\/blockquote>\n<\/figure>\n<div class=\"wp-block-image\">\n<figure class=\"aligncenter size-full is-resized\"><img data-recalc-dims=\"1\" fetchpriority=\"high\" decoding=\"async\" width=\"750\" height=\"421\" src=\"https:\/\/i0.wp.com\/cdn.media-acidadeon.com.br\/ribeiraopreto\/wp-content\/uploads\/sites\/3\/2026\/01\/Ciclone-extratroical-8-a-12-janeiro-2026-deslocamento-site_2026-01-08_20-21-05.webp?resize=750%2C421&#038;ssl=1\" alt=\"Frente fria se forma a partir deste ciclone extratropical e vai aumentar as condi\u00e7\u00f5es para chuva em S\u00e3o Paulo - Foto: reprodu\u00e7\u00e3o\/ Climatempo.\" class=\"wp-image-141610\" style=\"width:654px\" title=\"Ciclone extratropical se forma e frente fria muda o tempo em SP; Saiba quando 1\" srcset=\"https:\/\/cdn.media-acidadeon.com.br\/ribeiraopreto\/wp-content\/uploads\/sites\/3\/2026\/01\/Ciclone-extratroical-8-a-12-janeiro-2026-deslocamento-site_2026-01-08_20-21-05.webp 750w, https:\/\/cdn.media-acidadeon.com.br\/ribeiraopreto\/wp-content\/uploads\/sites\/3\/2026\/01\/Ciclone-extratroical-8-a-12-janeiro-2026-deslocamento-site_2026-01-08_20-21-05-300x168.webp 300w, https:\/\/cdn.media-acidadeon.com.br\/ribeiraopreto\/wp-content\/uploads\/sites\/3\/2026\/01\/Ciclone-extratroical-8-a-12-janeiro-2026-deslocamento-site_2026-01-08_20-21-05-696x391.webp 696w\" sizes=\"(max-width: 750px) 100vw, 750px\"\/><figcaption class=\"wp-element-caption\">Frente fria se forma a partir deste ciclone extratropical e vai aumentar as condi\u00e7\u00f5es para chuva em S\u00e3o Paulo \u2013 Foto: reprodu\u00e7\u00e3o\/ Climatempo.<\/figcaption><\/figure>\n<\/div>\n<h3 class=\"wp-block-heading\"><strong>Entenda o que \u00e9 um ciclone extratropical<\/strong><\/h3>\n<p>Os meteorologistas explicam que um <strong>ciclone extratropical<\/strong> \u00e9 uma \u00e1rea de baixa press\u00e3o atmosf\u00e9rica organizada em v\u00e1rios n\u00edveis da atmosfera, que gera <strong>muitas nuvens de chuva<\/strong> e<strong> ventos fortes<\/strong>.<\/p>\n<p>\u201cA ventania, a intensidade da chuva e os impactos sobre o continente dependem da for\u00e7a do sistema e da proximidade com o continente\u201d, informa a <strong>Climatempo<\/strong>.<\/p>\n<p>Esses <strong>ciclones extratropicais<\/strong> s\u00e3o sistemas meteorol\u00f3gicos comuns na costa do Sul e do Sudeste do Brasil e podem se formar em qualquer \u00e9poca do ano, <strong>mas s\u00e3o mais frequentes nos meses de outono e de inverno<\/strong>.<\/p>\n<figure class=\"wp-block-pullquote\">\n<blockquote>\n<p>A maioria dos ciclones extratropicais que passam pela costa do Sul e do Sudeste est\u00e3o associados a uma frente fria, mas alguns ciclones se formam de maneira independente. \u00c9 o que tecnicamente se chama de ciclog\u00eanese, que pode ocorrer sobre o continente ou sobre o mar<\/p>\n<p><cite>Jos\u00e9lia Pegorim, meteorologista da Climatempo<\/cite><\/p><\/blockquote>\n<\/figure>\n<figure class=\"wp-block-image aligncenter size-large is-resized\"><img data-recalc-dims=\"1\" loading=\"lazy\" decoding=\"async\" width=\"1024\" height=\"576\" src=\"https:\/\/i0.wp.com\/cdn.media-acidadeon.com.br\/ribeiraopreto\/wp-content\/uploads\/sites\/3\/2025\/10\/Copia-de-Copia-de-Copia-de-TAMANHO-EXATO-PARA-FOTOS-NO-SISTEMA-NOVO-2025-10-09T141609.594_2025-10-09_17-16-18-1024x576.webp?resize=1024%2C576&#038;ssl=1\" alt=\"Ciclone traz pancadas de chuva para SP - Foto: Valter Campanato\/ Ag\u00eancia Brasil.&#10;\" class=\"wp-image-131754\" style=\"width:654px;height:auto\" title=\"Ciclone extratropical se forma e frente fria muda o tempo em SP; Saiba quando 2\" srcset=\"https:\/\/cdn.media-acidadeon.com.br\/ribeiraopreto\/wp-content\/uploads\/sites\/3\/2025\/10\/Copia-de-Copia-de-Copia-de-TAMANHO-EXATO-PARA-FOTOS-NO-SISTEMA-NOVO-2025-10-09T141609.594_2025-10-09_17-16-18-1024x576.webp 1024w, https:\/\/cdn.media-acidadeon.com.br\/ribeiraopreto\/wp-content\/uploads\/sites\/3\/2025\/10\/Copia-de-Copia-de-Copia-de-TAMANHO-EXATO-PARA-FOTOS-NO-SISTEMA-NOVO-2025-10-09T141609.594_2025-10-09_17-16-18-300x169.webp 300w, https:\/\/cdn.media-acidadeon.com.br\/ribeiraopreto\/wp-content\/uploads\/sites\/3\/2025\/10\/Copia-de-Copia-de-Copia-de-TAMANHO-EXATO-PARA-FOTOS-NO-SISTEMA-NOVO-2025-10-09T141609.594_2025-10-09_17-16-18-768x432.webp 768w, https:\/\/cdn.media-acidadeon.com.br\/ribeiraopreto\/wp-content\/uploads\/sites\/3\/2025\/10\/Copia-de-Copia-de-Copia-de-TAMANHO-EXATO-PARA-FOTOS-NO-SISTEMA-NOVO-2025-10-09T141609.594_2025-10-09_17-16-18-696x392.webp 696w, https:\/\/cdn.media-acidadeon.com.br\/ribeiraopreto\/wp-content\/uploads\/sites\/3\/2025\/10\/Copia-de-Copia-de-Copia-de-TAMANHO-EXATO-PARA-FOTOS-NO-SISTEMA-NOVO-2025-10-09T141609.594_2025-10-09_17-16-18-1068x601.webp 1068w, https:\/\/cdn.media-acidadeon.com.br\/ribeiraopreto\/wp-content\/uploads\/sites\/3\/2025\/10\/Copia-de-Copia-de-Copia-de-TAMANHO-EXATO-PARA-FOTOS-NO-SISTEMA-NOVO-2025-10-09T141609.594_2025-10-09_17-16-18.webp 1200w\" sizes=\"auto, (max-width: 1024px) 100vw, 1024px\"\/><figcaption class=\"wp-element-caption\">Ciclone traz pancadas de chuva para SP \u2013 Foto: Valter Campanato\/ Ag\u00eancia Brasil.<br \/><\/figcaption><\/figure>\n<h2 class=\"wp-block-heading\"><strong>Orienta\u00e7\u00f5es para o per\u00edodo<\/strong><\/h2>\n<p>Por causa da forma\u00e7\u00e3o de uma <strong>frente fria<\/strong> associada a esse <strong>ciclone extratropical<\/strong>, a <strong>Climatempo <\/strong>recomenda que a popula\u00e7\u00e3o fique atenta aos avisos e alertas divulgados pela Defesa Civil do estado e dos munic\u00edpios. Al\u00e9m disso:<\/p>\n<ul class=\"wp-block-list\">\n<li>Em caso de chuva intensa e persistente, observe sinais de movimenta\u00e7\u00e3o de terra, como rachaduras no solo, inclina\u00e7\u00e3o de \u00e1rvores ou postes;<\/li>\n<\/ul>\n<ul class=\"wp-block-list\">\n<li>Se voc\u00ea mora pr\u00f3ximo a rios e c\u00f3rregos, monitore o n\u00edvel da \u00e1gua e esteja preparado para sair do local se houver risco de transbordamento;<\/li>\n<\/ul>\n<ul class=\"wp-block-list\">\n<li>Durante temporais com muitos raios, desligue aparelhos eletroeletr\u00f4nicos da tomada para evitar danos.<\/li>\n<\/ul>\n<hr class=\"wp-block-separator has-alpha-channel-opacity\"\/>\n<p>SAIBA MAIS<\/p>\n<p>Chuva de granizo e ventos fortes atingem Ribeir\u00e3o Preto; veja v\u00eddeo<\/p>\n<h2 class=\"wp-block-heading\"><strong>FIQUE ON<\/strong><\/h2>\n<p>Fique ligado em tudo que acontece em Ribeir\u00e3o Preto e regi\u00e3o. Siga os perfis do\u00a0<strong>acidade on<\/strong>\u00a0no\u00a0<a href=\"https:\/\/www.instagram.com\/acidadeonribeirao\" target=\"_blank\" rel=\"noreferrer noopener\">Instagram<\/a>\u00a0e no<a href=\"https:\/\/www.facebook.com\/acidadeonribeirao\/\" target=\"_blank\" rel=\"noreferrer noopener\">\u00a0Facebook<\/a>.<\/p>\n<p>Receba not\u00edcias do\u00a0<strong>acidade on<\/strong>\u00a0no WhatsApp. Para entrar no grupo,\u00a0basta<a href=\"https:\/\/chat.whatsapp.com\/GFH9HUMUTHNFJdnyEd0xxq\" target=\"_blank\" rel=\"noreferrer noopener\">\u00a0clicar aqui<\/a>. Ou, acesse o nosso\u00a0Canal<a href=\"https:\/\/whatsapp.com\/channel\/0029Vb6IQl1JENyAeS57fk2p\" target=\"_blank\" rel=\"noreferrer noopener\">\u00a0clicando aqui<\/a>.<\/p>\n<p>Fa\u00e7a uma den\u00fancia ou sugira uma reportagem sobre Ribeir\u00e3o Preto e regi\u00e3o pelo WhatsApp: 16 99117 7802.<\/p>\n<p>VEJA TAMB\u00c9M<\/p>\n<p>Cheesecake de goiabada; aprenda a receita<\/p>\n<p><!-- AI CONTENT END 1 -->\n<\/div>\n<p><script async src=\"\/\/www.instagram.com\/embed.js\"><\/script><br \/>\n<br \/><br \/>\n<br \/><a href=\"https:\/\/www.acidadeon.com\/ribeiraopreto\/cotidiano\/ciclone-extratropical-se-forma-e-frente-fria-muda-o-tempo-em-sp-saiba-quando\/\">Source link <\/a><\/p>\n<!-- CONTENT END 1 -->\n","protected":false},"excerpt":{"rendered":"<p>Um ciclone extratropical se organiza entre o Uruguai e o Sul do Brasil neste fim de semana, e uma nova frente fria, associada a esse&#8230;<\/p>\n","protected":false},"author":1,"featured_media":81542,"comment_status":"open","ping_status":"open","sticky":false,"template":"","format":"standard","meta":{"advanced_seo_description":"","jetpack_seo_html_title":"","jetpack_seo_noindex":false,"jetpack_post_was_ever_published":false,"_jetpack_newsletter_access":"","_jetpack_dont_email_post_to_subs":false,"_jetpack_newsletter_tier_id":0,"_jetpack_memberships_contains_paywalled_content":false,"_jetpack_memberships_contains_paid_content":false,"footnotes":"","jetpack_publicize_message":"","jetpack_publicize_feature_enabled":true,"jetpack_social_post_already_shared":true,"jetpack_social_options":{"image_generator_settings":{"template":"highway","default_image_id":0,"font":"","enabled":false},"version":2}},"categories":[11],"tags":[],"class_list":["post-81541","post","type-post","status-publish","format-standard","has-post-thumbnail","hentry","category-noticias-de-ribeirao-preto-sp-e-regiao-ismael-colosi"],"jetpack_publicize_connections":[],"jetpack_featured_media_url":"https:\/\/i0.wp.com\/noticiasribeiraopreto.com.br\/wp-content\/uploads\/2026\/01\/Copia-de-Copia-de-Copia-de-TAMANHO-EXATO-PARA-FOTOS-NO-SISTEMA-NOVO-40_2024-10-24_18-16-41_png_2024-10-24_18-16-41.webp.webp?fit=1200%2C675&ssl=1","jetpack-related-posts":[{"id":84213,"url":"https:\/\/noticiasribeiraopreto.com.br\/index.php\/2026\/04\/04\/ciclone-extratropical-e-frente-fria-trazem-chuva-forte-a-sp-nos-proximos-dias\/","url_meta":{"origin":81541,"position":0},"title":"Ciclone extratropical e frente fria trazem chuva forte a SP nos pr\u00f3ximos dias","author":"noticiasribeiraopreto.com.br","date":"4 de April de 2026","format":false,"excerpt":"Ler o resumo da not\u00edcia Ciclone extratropical e frente fria trazem chuva forte a SP nos pr\u00f3ximos dias A partir da pr\u00f3xima segunda-feira (6), um novo ciclone extratropical e uma frente fria v\u00e3o se organizar entre o Brasil, o Uruguai, a Argentina e o Paraguai, segundo a Climatempo. Com isso,\u2026","rel":"","context":"In &quot;Not\u00edcias de Ribeir\u00e3o Preto-SP e Regi\u00e3o&quot;","block_context":{"text":"Not\u00edcias de Ribeir\u00e3o Preto-SP e Regi\u00e3o","link":"https:\/\/noticiasribeiraopreto.com.br\/index.php\/category\/noticias-de-ribeirao-preto-sp-e-regiao-ismael-colosi\/"},"img":{"alt_text":"","src":"https:\/\/i0.wp.com\/noticiasribeiraopreto.com.br\/wp-content\/uploads\/2026\/04\/nuvens-chuva-ribeirao-preto_2026-02-12_12-20-30.webp.webp?fit=1200%2C540&ssl=1&resize=350%2C200","width":350,"height":200,"srcset":"https:\/\/i0.wp.com\/noticiasribeiraopreto.com.br\/wp-content\/uploads\/2026\/04\/nuvens-chuva-ribeirao-preto_2026-02-12_12-20-30.webp.webp?fit=1200%2C540&ssl=1&resize=350%2C200 1x, https:\/\/i0.wp.com\/noticiasribeiraopreto.com.br\/wp-content\/uploads\/2026\/04\/nuvens-chuva-ribeirao-preto_2026-02-12_12-20-30.webp.webp?fit=1200%2C540&ssl=1&resize=525%2C300 1.5x, https:\/\/i0.wp.com\/noticiasribeiraopreto.com.br\/wp-content\/uploads\/2026\/04\/nuvens-chuva-ribeirao-preto_2026-02-12_12-20-30.webp.webp?fit=1200%2C540&ssl=1&resize=700%2C400 2x, https:\/\/i0.wp.com\/noticiasribeiraopreto.com.br\/wp-content\/uploads\/2026\/04\/nuvens-chuva-ribeirao-preto_2026-02-12_12-20-30.webp.webp?fit=1200%2C540&ssl=1&resize=1050%2C600 3x"},"classes":[]},{"id":79676,"url":"https:\/\/noticiasribeiraopreto.com.br\/index.php\/2025\/11\/05\/ciclone-e-frente-fria-motivam-alerta-para-tempestades-e-ventania\/","url_meta":{"origin":81541,"position":1},"title":"Ciclone e frente fria motivam alerta para tempestades e ventania","author":"noticiasribeiraopreto.com.br","date":"5 de November de 2025","format":false,"excerpt":"A forma\u00e7\u00e3o de um novo ciclone extratropical, seguido pela forma\u00e7\u00e3o de uma frente fria sobre o Sul do Brasil entre os dias 7 e 8 de novembro, deixa os estados da regi\u00e3o sudeste, incluindo o Estado de S\u00e3o Paulo, em alerta para tempestades e ventania. Segundo a Climatempo, o processo\u2026","rel":"","context":"In &quot;Not\u00edcias de Ribeir\u00e3o Preto-SP e Regi\u00e3o&quot;","block_context":{"text":"Not\u00edcias de Ribeir\u00e3o Preto-SP e Regi\u00e3o","link":"https:\/\/noticiasribeiraopreto.com.br\/index.php\/category\/noticias-de-ribeirao-preto-sp-e-regiao-ismael-colosi\/"},"img":{"alt_text":"","src":"https:\/\/i0.wp.com\/noticiasribeiraopreto.com.br\/wp-content\/uploads\/2025\/11\/tempestade_2025-11-05_18-42-17.webp.webp?fit=1200%2C950&ssl=1&resize=350%2C200","width":350,"height":200,"srcset":"https:\/\/i0.wp.com\/noticiasribeiraopreto.com.br\/wp-content\/uploads\/2025\/11\/tempestade_2025-11-05_18-42-17.webp.webp?fit=1200%2C950&ssl=1&resize=350%2C200 1x, https:\/\/i0.wp.com\/noticiasribeiraopreto.com.br\/wp-content\/uploads\/2025\/11\/tempestade_2025-11-05_18-42-17.webp.webp?fit=1200%2C950&ssl=1&resize=525%2C300 1.5x, https:\/\/i0.wp.com\/noticiasribeiraopreto.com.br\/wp-content\/uploads\/2025\/11\/tempestade_2025-11-05_18-42-17.webp.webp?fit=1200%2C950&ssl=1&resize=700%2C400 2x, https:\/\/i0.wp.com\/noticiasribeiraopreto.com.br\/wp-content\/uploads\/2025\/11\/tempestade_2025-11-05_18-42-17.webp.webp?fit=1200%2C950&ssl=1&resize=1050%2C600 3x"},"classes":[]},{"id":49858,"url":"https:\/\/noticiasribeiraopreto.com.br\/index.php\/2024\/05\/13\/ciclone-extratropical-e-nova-frente-fria-veja-onde-pode-chover-no-interior-de-sp\/","url_meta":{"origin":81541,"position":2},"title":"Ciclone extratropical e nova frente fria: Veja onde pode chover no interior de SP","author":"noticiasribeiraopreto.com.br","date":"13 de May de 2024","format":false,"excerpt":"Uma nova frente fria come\u00e7ou se formar no Sul do Brasil, nesta segunda-feira (13), e deve aliviar o calor\u00e3o que atinge o estado de S\u00e3o Paulo desde o m\u00eas de abril, segundo a meteorologia. A chegada dessa frente fria tem influ\u00eancia de um ciclone extratropical em alto mar que provoca\u2026","rel":"","context":"In &quot;Not\u00edcias de Ribeir\u00e3o Preto-SP e Regi\u00e3o&quot;","block_context":{"text":"Not\u00edcias de Ribeir\u00e3o Preto-SP e Regi\u00e3o","link":"https:\/\/noticiasribeiraopreto.com.br\/index.php\/category\/noticias-de-ribeirao-preto-sp-e-regiao-ismael-colosi\/"},"img":{"alt_text":"","src":"https:\/\/i0.wp.com\/noticiasribeiraopreto.com.br\/wp-content\/uploads\/2024\/05\/chuva_forte_1024x576_06122019161537.jpg?fit=1024%2C575&ssl=1&resize=350%2C200","width":350,"height":200,"srcset":"https:\/\/i0.wp.com\/noticiasribeiraopreto.com.br\/wp-content\/uploads\/2024\/05\/chuva_forte_1024x576_06122019161537.jpg?fit=1024%2C575&ssl=1&resize=350%2C200 1x, https:\/\/i0.wp.com\/noticiasribeiraopreto.com.br\/wp-content\/uploads\/2024\/05\/chuva_forte_1024x576_06122019161537.jpg?fit=1024%2C575&ssl=1&resize=525%2C300 1.5x, https:\/\/i0.wp.com\/noticiasribeiraopreto.com.br\/wp-content\/uploads\/2024\/05\/chuva_forte_1024x576_06122019161537.jpg?fit=1024%2C575&ssl=1&resize=700%2C400 2x"},"classes":[]},{"id":75929,"url":"https:\/\/noticiasribeiraopreto.com.br\/index.php\/2025\/08\/18\/ciclone-extratropical-provoca-vendaval-no-interior-de-sp\/","url_meta":{"origin":81541,"position":3},"title":"Ciclone extratropical provoca vendaval no interior de SP","author":"noticiasribeiraopreto.com.br","date":"18 de August de 2025","format":false,"excerpt":"Um novo ciclone extratropical come\u00e7a a se formar nesta ter\u00e7a-feira (19) sobre o norte da Argentina e deve ganhar for\u00e7a ao longo do dia. Por conta do ciclone extratropical, a Climatempo aponta para possibilidade de vendaval, com velocidades entre 40 km\/h e 50 km\/h, no interior de S\u00e3o Paulo. Os\u2026","rel":"","context":"In &quot;Not\u00edcias de Ribeir\u00e3o Preto-SP e Regi\u00e3o&quot;","block_context":{"text":"Not\u00edcias de Ribeir\u00e3o Preto-SP e Regi\u00e3o","link":"https:\/\/noticiasribeiraopreto.com.br\/index.php\/category\/noticias-de-ribeirao-preto-sp-e-regiao-ismael-colosi\/"},"img":{"alt_text":"","src":"https:\/\/i0.wp.com\/noticiasribeiraopreto.com.br\/wp-content\/uploads\/2025\/08\/rajadas-de-vento_2025-08-18_19-30-40.webp.webp?fit=1200%2C675&ssl=1&resize=350%2C200","width":350,"height":200,"srcset":"https:\/\/i0.wp.com\/noticiasribeiraopreto.com.br\/wp-content\/uploads\/2025\/08\/rajadas-de-vento_2025-08-18_19-30-40.webp.webp?fit=1200%2C675&ssl=1&resize=350%2C200 1x, https:\/\/i0.wp.com\/noticiasribeiraopreto.com.br\/wp-content\/uploads\/2025\/08\/rajadas-de-vento_2025-08-18_19-30-40.webp.webp?fit=1200%2C675&ssl=1&resize=525%2C300 1.5x, https:\/\/i0.wp.com\/noticiasribeiraopreto.com.br\/wp-content\/uploads\/2025\/08\/rajadas-de-vento_2025-08-18_19-30-40.webp.webp?fit=1200%2C675&ssl=1&resize=700%2C400 2x, https:\/\/i0.wp.com\/noticiasribeiraopreto.com.br\/wp-content\/uploads\/2025\/08\/rajadas-de-vento_2025-08-18_19-30-40.webp.webp?fit=1200%2C675&ssl=1&resize=1050%2C600 3x"},"classes":[]},{"id":68255,"url":"https:\/\/noticiasribeiraopreto.com.br\/index.php\/2025\/04\/23\/ciclone-extratropical-vai-atingir-o-interior-de-sp-veja-previsao\/","url_meta":{"origin":81541,"position":4},"title":"Ciclone extratropical vai atingir o interior de SP? Veja previs\u00e3o","author":"noticiasribeiraopreto.com.br","date":"23 de April de 2025","format":false,"excerpt":"A previs\u00e3o do tempo para os pr\u00f3ximos dias inclui a atua\u00e7\u00e3o de um ciclone extratropical que deve impactar quatro estados a partir de quinta-feira (24). Embora o ciclone se forme no oceano, seus efeitos alcan\u00e7am diversas regi\u00f5es do interior de S\u00e3o Paulo, com destaque para o avan\u00e7o de chuvas intensas,\u2026","rel":"","context":"In &quot;Not\u00edcias de Ribeir\u00e3o Preto-SP e Regi\u00e3o&quot;","block_context":{"text":"Not\u00edcias de Ribeir\u00e3o Preto-SP e Regi\u00e3o","link":"https:\/\/noticiasribeiraopreto.com.br\/index.php\/category\/noticias-de-ribeirao-preto-sp-e-regiao-ismael-colosi\/"},"img":{"alt_text":"","src":"https:\/\/i0.wp.com\/noticiasribeiraopreto.com.br\/wp-content\/uploads\/2025\/04\/Copia-de-Copia-de-Copia-de-TAMANHO-EXATO-PARA-FOTOS-NO-SISTEMA-NOVO-5_2025-04-23_18-23-08.webp.webp?fit=1200%2C675&ssl=1&resize=350%2C200","width":350,"height":200,"srcset":"https:\/\/i0.wp.com\/noticiasribeiraopreto.com.br\/wp-content\/uploads\/2025\/04\/Copia-de-Copia-de-Copia-de-TAMANHO-EXATO-PARA-FOTOS-NO-SISTEMA-NOVO-5_2025-04-23_18-23-08.webp.webp?fit=1200%2C675&ssl=1&resize=350%2C200 1x, https:\/\/i0.wp.com\/noticiasribeiraopreto.com.br\/wp-content\/uploads\/2025\/04\/Copia-de-Copia-de-Copia-de-TAMANHO-EXATO-PARA-FOTOS-NO-SISTEMA-NOVO-5_2025-04-23_18-23-08.webp.webp?fit=1200%2C675&ssl=1&resize=525%2C300 1.5x, https:\/\/i0.wp.com\/noticiasribeiraopreto.com.br\/wp-content\/uploads\/2025\/04\/Copia-de-Copia-de-Copia-de-TAMANHO-EXATO-PARA-FOTOS-NO-SISTEMA-NOVO-5_2025-04-23_18-23-08.webp.webp?fit=1200%2C675&ssl=1&resize=700%2C400 2x, https:\/\/i0.wp.com\/noticiasribeiraopreto.com.br\/wp-content\/uploads\/2025\/04\/Copia-de-Copia-de-Copia-de-TAMANHO-EXATO-PARA-FOTOS-NO-SISTEMA-NOVO-5_2025-04-23_18-23-08.webp.webp?fit=1200%2C675&ssl=1&resize=1050%2C600 3x"},"classes":[]},{"id":51535,"url":"https:\/\/noticiasribeiraopreto.com.br\/index.php\/2024\/05\/27\/ciclone-vai-atingir-sp-veja-a-previsao-do-tempo-para-o-interior-paulista\/","url_meta":{"origin":81541,"position":5},"title":"Ciclone vai atingir SP? Veja a previs\u00e3o do tempo para o interior paulista","author":"noticiasribeiraopreto.com.br","date":"27 de May de 2024","format":false,"excerpt":"Uma nova massa de ar frio deve provocar mais uma queda das temperaturas em todo o interior do estado de S\u00e3o Paulo, a partir desta ter\u00e7a-feira (27). Segundo os meteorologistas, essa condi\u00e7\u00e3o acontece gra\u00e7as \u00e0 atua\u00e7\u00e3o de um ciclone extratropical que come\u00e7ou a se formar pr\u00f3ximo \u00e0 costa da regi\u00e3o\u2026","rel":"","context":"In &quot;Not\u00edcias de Ribeir\u00e3o Preto-SP e Regi\u00e3o&quot;","block_context":{"text":"Not\u00edcias de Ribeir\u00e3o Preto-SP e Regi\u00e3o","link":"https:\/\/noticiasribeiraopreto.com.br\/index.php\/category\/noticias-de-ribeirao-preto-sp-e-regiao-ismael-colosi\/"},"img":{"alt_text":"","src":"https:\/\/i0.wp.com\/noticiasribeiraopreto.com.br\/wp-content\/uploads\/2024\/05\/CicloneextratropicalgrandeeintensoprovocaalertaVejaaprevisodotempo_Tamanho_2_image.jpg?fit=1200%2C900&ssl=1&resize=350%2C200","width":350,"height":200,"srcset":"https:\/\/i0.wp.com\/noticiasribeiraopreto.com.br\/wp-content\/uploads\/2024\/05\/CicloneextratropicalgrandeeintensoprovocaalertaVejaaprevisodotempo_Tamanho_2_image.jpg?fit=1200%2C900&ssl=1&resize=350%2C200 1x, https:\/\/i0.wp.com\/noticiasribeiraopreto.com.br\/wp-content\/uploads\/2024\/05\/CicloneextratropicalgrandeeintensoprovocaalertaVejaaprevisodotempo_Tamanho_2_image.jpg?fit=1200%2C900&ssl=1&resize=525%2C300 1.5x, https:\/\/i0.wp.com\/noticiasribeiraopreto.com.br\/wp-content\/uploads\/2024\/05\/CicloneextratropicalgrandeeintensoprovocaalertaVejaaprevisodotempo_Tamanho_2_image.jpg?fit=1200%2C900&ssl=1&resize=700%2C400 2x, https:\/\/i0.wp.com\/noticiasribeiraopreto.com.br\/wp-content\/uploads\/2024\/05\/CicloneextratropicalgrandeeintensoprovocaalertaVejaaprevisodotempo_Tamanho_2_image.jpg?fit=1200%2C900&ssl=1&resize=1050%2C600 3x"},"classes":[]}],"jetpack_sharing_enabled":true,"jetpack_shortlink":"https:\/\/wp.me\/peQAOb-ldb","_links":{"self":[{"href":"https:\/\/noticiasribeiraopreto.com.br\/index.php\/wp-json\/wp\/v2\/posts\/81541","targetHints":{"allow":["GET"]}}],"collection":[{"href":"https:\/\/noticiasribeiraopreto.com.br\/index.php\/wp-json\/wp\/v2\/posts"}],"about":[{"href":"https:\/\/noticiasribeiraopreto.com.br\/index.php\/wp-json\/wp\/v2\/types\/post"}],"author":[{"embeddable":true,"href":"https:\/\/noticiasribeiraopreto.com.br\/index.php\/wp-json\/wp\/v2\/users\/1"}],"replies":[{"embeddable":true,"href":"https:\/\/noticiasribeiraopreto.com.br\/index.php\/wp-json\/wp\/v2\/comments?post=81541"}],"version-history":[{"count":0,"href":"https:\/\/noticiasribeiraopreto.com.br\/index.php\/wp-json\/wp\/v2\/posts\/81541\/revisions"}],"wp:featuredmedia":[{"embeddable":true,"href":"https:\/\/noticiasribeiraopreto.com.br\/index.php\/wp-json\/wp\/v2\/media\/81542"}],"wp:attachment":[{"href":"https:\/\/noticiasribeiraopreto.com.br\/index.php\/wp-json\/wp\/v2\/media?parent=81541"}],"wp:term":[{"taxonomy":"category","embeddable":true,"href":"https:\/\/noticiasribeiraopreto.com.br\/index.php\/wp-json\/wp\/v2\/categories?post=81541"},{"taxonomy":"post_tag","embeddable":true,"href":"https:\/\/noticiasribeiraopreto.com.br\/index.php\/wp-json\/wp\/v2\/tags?post=81541"}],"curies":[{"name":"wp","href":"https:\/\/api.w.org\/{rel}","templated":true}]}}