{"id":81543,"date":"2026-01-09T08:10:38","date_gmt":"2026-01-09T11:10:38","guid":{"rendered":"https:\/\/noticiasribeiraopreto.com.br\/index.php\/2026\/01\/09\/acidente-com-carro-forte-deixa-uma-pessoa-morta-em-rodovia-da-regiao-de-ribeirao-preto\/"},"modified":"2026-01-09T08:10:38","modified_gmt":"2026-01-09T11:10:38","slug":"acidente-com-carro-forte-deixa-uma-pessoa-morta-em-rodovia-da-regiao-de-ribeirao-preto","status":"publish","type":"post","link":"https:\/\/noticiasribeiraopreto.com.br\/index.php\/2026\/01\/09\/acidente-com-carro-forte-deixa-uma-pessoa-morta-em-rodovia-da-regiao-de-ribeirao-preto\/","title":{"rendered":"Acidente com carro-forte deixa uma pessoa morta em rodovia da regi\u00e3o de Ribeir\u00e3o Preto"},"content":{"rendered":"<div class='code-block code-block-1' style='margin: 8px 0 8px auto; text-align: right; display: block; clear: both;'>\n<p><a href=\"https:\/\/wa.link\/vpicfd\"><img data-recalc-dims=\"1\" class=\"wp-image-4922\" style=\"aspect-ratio: 2.0253164556962027; width: 561px; height: auto;\" src=\"https:\/\/i0.wp.com\/ismaelcolosi.com.br\/wp-content\/uploads\/2023\/11\/grupo-de-empregos-whatsapp-e-facebook-ismael-colosi-vagas.jpg?ssl=1\" alt=\"\" \/><\/a><\/p>\n<!-- \/wp:image -->\n<\/div>\n<p> <br \/>\n<\/p>\n<div data-td-block-uid=\"tdi_95\">\n<div class=\"tdb-block-inner td-fix-index\">\n<p>Uma pessoa morreu em um <strong>acidente envolvendo dois caminh\u00f5es e um carro-forte nesta quinta-feira (8)<\/strong>, no km 181 da rodovia Deputado Cunha Bueno (SP-253), no munic\u00edpio de <strong>Guatapar\u00e1<\/strong>, na regi\u00e3o de Ribeir\u00e3o Preto. A ocorr\u00eancia foi registrada durante a tarde e mobilizou equipes de atendimento no local.<\/p>\n<blockquote class=\"instagram-media\" data-instgrm-permalink=\"https:\/\/www.instagram.com\/reel\/DTQ1Qm-Dv2p\/?utm_source=ig_embed&amp;utm_campaign=loading\" data-instgrm-version=\"14\" style=\" background:#FFF; border:0; border-radius:3px; box-shadow:0 0 1px 0 rgba(0,0,0,0.5),0 1px 10px 0 rgba(0,0,0,0.15); margin: 1px; max-width:540px; min-width:326px; padding:0; width:99.375%; width:-webkit-calc(100% - 2px); width:calc(100% - 2px);\"\/>\n<p>De acordo com o <strong>Departamento de Estradas de Rodagem (DER)<\/strong>, o acidente ocorreu no sentido leste da rodovia, em dire\u00e7\u00e3o a Cana\u00e3. O acostamento permanece interditado para os trabalhos de atendimento e apura\u00e7\u00e3o dos fatos, sem registro de congestionamento at\u00e9 o momento.<\/p>\n<p>Equipes do Corpo de Bombeiros de Ribeir\u00e3o Preto tamb\u00e9m confirmaram a ocorr\u00eancia e est\u00e3o no local. <\/p>\n<div class=\"wp-block-image\">\n<figure class=\"aligncenter size-full\"><img data-recalc-dims=\"1\" fetchpriority=\"high\" decoding=\"async\" width=\"733\" height=\"287\" src=\"https:\/\/i0.wp.com\/cdn.media-acidadeon.com.br\/ribeiraopreto\/wp-content\/uploads\/sites\/3\/2026\/01\/TETERTE_2026-01-08_20-09-03.webp?resize=733%2C287&#038;ssl=1\" alt=\"acidente\" class=\"wp-image-141602\" title=\"Acidente com carro-forte deixa uma pessoa morta em rodovia da regi\u00e3o de Ribeir\u00e3o Preto 1\" srcset=\"https:\/\/cdn.media-acidadeon.com.br\/ribeiraopreto\/wp-content\/uploads\/sites\/3\/2026\/01\/TETERTE_2026-01-08_20-09-03.webp 733w, https:\/\/cdn.media-acidadeon.com.br\/ribeiraopreto\/wp-content\/uploads\/sites\/3\/2026\/01\/TETERTE_2026-01-08_20-09-03-300x117.webp 300w, https:\/\/cdn.media-acidadeon.com.br\/ribeiraopreto\/wp-content\/uploads\/sites\/3\/2026\/01\/TETERTE_2026-01-08_20-09-03-696x273.webp 696w\" sizes=\"(max-width: 733px) 100vw, 733px\"\/><\/figure>\n<\/div>\n<p>As circunst\u00e2ncias da colis\u00e3o ainda n\u00e3o foram divulgadas. A ocorr\u00eancia segue em andamento.<\/p>\n<p><strong>Corre\u00e7\u00e3o:<\/strong> Antes, a Pol\u00edcia Rodovi\u00e1ria havia informado duas mortes; no entanto, houve apenas uma v\u00edtima fatal.<\/p>\n<hr class=\"wp-block-separator has-alpha-channel-opacity\"\/>\n<p>SAIBA MAIS<br \/>Anvisa aprova novo medicamento para tratamento inicial do Alzheimer<\/p>\n<h2 class=\"wp-block-heading\"><strong>FIQUE ON<\/strong><\/h2>\n<p>Fique ligado em tudo que acontece em Ribeir\u00e3o Preto e regi\u00e3o. Siga os perfis do\u00a0<strong>acidade on<\/strong>\u00a0no\u00a0<a href=\"https:\/\/www.instagram.com\/acidadeonribeirao\" target=\"_blank\" rel=\"noreferrer noopener\">Instagram<\/a>\u00a0e no<a href=\"https:\/\/www.facebook.com\/acidadeonribeirao\/\" target=\"_blank\" rel=\"noreferrer noopener\">\u00a0Facebook<\/a>.<\/p>\n<p>SAIBA MAIS<br \/>Anvisa aprova novo medicamento para tratamento inicial do Alzheimer<\/p>\n<p>Receba not\u00edcias do\u00a0<strong>acidade on<\/strong>\u00a0no WhatsApp. Para entrar no grupo,\u00a0basta<a href=\"https:\/\/chat.whatsapp.com\/GFH9HUMUTHNFJdnyEd0xxq\" target=\"_blank\" rel=\"noreferrer noopener\">\u00a0clicar aqui<\/a>. Ou, acesse o nosso\u00a0Canal<a href=\"https:\/\/whatsapp.com\/channel\/0029Vb6IQl1JENyAeS57fk2p\" target=\"_blank\" rel=\"noreferrer noopener\">\u00a0clicando aqui<\/a>.<\/p>\n<p>Fa\u00e7a uma den\u00fancia ou sugira uma reportagem sobre Ribeir\u00e3o Preto e regi\u00e3o pelo WhatsApp: 16 99117 7802.<\/p>\n<p>VEJA TAMB\u00c9M<br \/>Experi\u00eancia e adapta\u00e7\u00e3o tornam vi\u00e1vel o cultivo de abacaxi fora dos polos tradicionais<\/p>\n<p><!-- AI CONTENT END 1 -->\n<\/div>\n<\/div>\n<p><script async src=\"\/\/www.instagram.com\/embed.js\"><\/script><br \/>\n<br \/><br \/>\n<br \/><a href=\"https:\/\/www.acidadeon.com\/ribeiraopreto\/cotidiano\/acidente-com-carro-forte-deixa-uma-pessoa-morta-em-rodovia-da-regiao-de-ribeirao-preto\/\">Source link <\/a><\/p>\n<!-- CONTENT END 1 -->\n","protected":false},"excerpt":{"rendered":"<p>Uma pessoa morreu em um acidente envolvendo dois caminh\u00f5es e um carro-forte nesta quinta-feira (8), no km 181 da rodovia Deputado Cunha Bueno (SP-253), no&#8230;<\/p>\n","protected":false},"author":1,"featured_media":81544,"comment_status":"open","ping_status":"open","sticky":false,"template":"","format":"standard","meta":{"advanced_seo_description":"","jetpack_seo_html_title":"","jetpack_seo_noindex":false,"jetpack_post_was_ever_published":false,"_jetpack_newsletter_access":"","_jetpack_dont_email_post_to_subs":false,"_jetpack_newsletter_tier_id":0,"_jetpack_memberships_contains_paywalled_content":false,"_jetpack_memberships_contains_paid_content":false,"footnotes":"","jetpack_publicize_message":"","jetpack_publicize_feature_enabled":true,"jetpack_social_post_already_shared":true,"jetpack_social_options":{"image_generator_settings":{"template":"highway","default_image_id":0,"font":"","enabled":false},"version":2}},"categories":[11],"tags":[],"class_list":["post-81543","post","type-post","status-publish","format-standard","has-post-thumbnail","hentry","category-noticias-de-ribeirao-preto-sp-e-regiao-ismael-colosi"],"jetpack_publicize_connections":[],"jetpack_featured_media_url":"https:\/\/i0.wp.com\/noticiasribeiraopreto.com.br\/wp-content\/uploads\/2026\/01\/domingo-37_2026-01-08_20-15-18.webp.webp?fit=1200%2C675&ssl=1","jetpack-related-posts":[{"id":79545,"url":"https:\/\/noticiasribeiraopreto.com.br\/index.php\/2025\/11\/03\/acidente-em-rodovia-da-regiao-de-ribeirao-preto-deixa-uma-pessoa-morta-e-outra-ferida\/","url_meta":{"origin":81543,"position":0},"title":"Acidente em rodovia da regi\u00e3o de Ribeir\u00e3o Preto deixa uma pessoa morta e outra ferida","author":"noticiasribeiraopreto.com.br","date":"3 de November de 2025","format":false,"excerpt":"Um acidente envolvendo dois ve\u00edculos na manh\u00e3 desta segunda-feira (3) na rodovia Nem\u00e9sio Cadetti (SP 333), em Taquaritinga, regi\u00e3o de Ribeir\u00e3o Preto, deixou uma pessoa morta e outra ferida. De acordo com informa\u00e7\u00f5es da Artesp, o condutor de um dos carros trafegava pela rodovia quando colidiu na traseira de outro\u2026","rel":"","context":"In &quot;Not\u00edcias de Ribeir\u00e3o Preto-SP e Regi\u00e3o&quot;","block_context":{"text":"Not\u00edcias de Ribeir\u00e3o Preto-SP e Regi\u00e3o","link":"https:\/\/noticiasribeiraopreto.com.br\/index.php\/category\/noticias-de-ribeirao-preto-sp-e-regiao-ismael-colosi\/"},"img":{"alt_text":"","src":"https:\/\/i0.wp.com\/noticiasribeiraopreto.com.br\/wp-content\/uploads\/2025\/11\/palace-9_2025-11-03_21-09-00.webp.webp?fit=1200%2C675&ssl=1&resize=350%2C200","width":350,"height":200,"srcset":"https:\/\/i0.wp.com\/noticiasribeiraopreto.com.br\/wp-content\/uploads\/2025\/11\/palace-9_2025-11-03_21-09-00.webp.webp?fit=1200%2C675&ssl=1&resize=350%2C200 1x, https:\/\/i0.wp.com\/noticiasribeiraopreto.com.br\/wp-content\/uploads\/2025\/11\/palace-9_2025-11-03_21-09-00.webp.webp?fit=1200%2C675&ssl=1&resize=525%2C300 1.5x, https:\/\/i0.wp.com\/noticiasribeiraopreto.com.br\/wp-content\/uploads\/2025\/11\/palace-9_2025-11-03_21-09-00.webp.webp?fit=1200%2C675&ssl=1&resize=700%2C400 2x, https:\/\/i0.wp.com\/noticiasribeiraopreto.com.br\/wp-content\/uploads\/2025\/11\/palace-9_2025-11-03_21-09-00.webp.webp?fit=1200%2C675&ssl=1&resize=1050%2C600 3x"},"classes":[]},{"id":62966,"url":"https:\/\/noticiasribeiraopreto.com.br\/index.php\/2025\/01\/29\/acidente-entre-carro-e-carreta-deixa-uma-pessoa-morta-em-rodovia-do-interior-de-sp\/","url_meta":{"origin":81543,"position":1},"title":"Acidente entre carro e carreta deixa uma pessoa morta em rodovia do interior de SP","author":"noticiasribeiraopreto.com.br","date":"29 de January de 2025","format":false,"excerpt":"Na tarde desta quarta-feira (29), um acidente envolvendo um carro e uma carreta deixou uma pessoa morta e causou a interdi\u00e7\u00e3o total da rodovia Abr\u00e3o Assed, que liga Mococa a Cajuru, no interior de S\u00e3o Paulo. \u00c0s 17h, o tr\u00e2nsito permanecia congestionado por aproximadamente 1,5 km. De acordo com o\u2026","rel":"","context":"In &quot;Not\u00edcias de Ribeir\u00e3o Preto-SP e Regi\u00e3o&quot;","block_context":{"text":"Not\u00edcias de Ribeir\u00e3o Preto-SP e Regi\u00e3o","link":"https:\/\/noticiasribeiraopreto.com.br\/index.php\/category\/noticias-de-ribeirao-preto-sp-e-regiao-ismael-colosi\/"},"img":{"alt_text":"","src":"https:\/\/i0.wp.com\/noticiasribeiraopreto.com.br\/wp-content\/uploads\/2025\/01\/Copia-de-Copia-de-Copia-de-TAMANHO-EXATO-PARA-FOTOS-NO-SISTEMA-NOVO-2025-01-29T185623.548_2025-01-29_21-56-27_png_2025-01-29_21-56-27.webp.webp?fit=1200%2C675&ssl=1&resize=350%2C200","width":350,"height":200,"srcset":"https:\/\/i0.wp.com\/noticiasribeiraopreto.com.br\/wp-content\/uploads\/2025\/01\/Copia-de-Copia-de-Copia-de-TAMANHO-EXATO-PARA-FOTOS-NO-SISTEMA-NOVO-2025-01-29T185623.548_2025-01-29_21-56-27_png_2025-01-29_21-56-27.webp.webp?fit=1200%2C675&ssl=1&resize=350%2C200 1x, https:\/\/i0.wp.com\/noticiasribeiraopreto.com.br\/wp-content\/uploads\/2025\/01\/Copia-de-Copia-de-Copia-de-TAMANHO-EXATO-PARA-FOTOS-NO-SISTEMA-NOVO-2025-01-29T185623.548_2025-01-29_21-56-27_png_2025-01-29_21-56-27.webp.webp?fit=1200%2C675&ssl=1&resize=525%2C300 1.5x, https:\/\/i0.wp.com\/noticiasribeiraopreto.com.br\/wp-content\/uploads\/2025\/01\/Copia-de-Copia-de-Copia-de-TAMANHO-EXATO-PARA-FOTOS-NO-SISTEMA-NOVO-2025-01-29T185623.548_2025-01-29_21-56-27_png_2025-01-29_21-56-27.webp.webp?fit=1200%2C675&ssl=1&resize=700%2C400 2x, https:\/\/i0.wp.com\/noticiasribeiraopreto.com.br\/wp-content\/uploads\/2025\/01\/Copia-de-Copia-de-Copia-de-TAMANHO-EXATO-PARA-FOTOS-NO-SISTEMA-NOVO-2025-01-29T185623.548_2025-01-29_21-56-27_png_2025-01-29_21-56-27.webp.webp?fit=1200%2C675&ssl=1&resize=1050%2C600 3x"},"classes":[]},{"id":61329,"url":"https:\/\/noticiasribeiraopreto.com.br\/index.php\/2024\/12\/09\/acidente-entre-carro-e-caminhao-deixa-um-morto-em-rodovia-na-regiao-de-ribeirao\/","url_meta":{"origin":81543,"position":2},"title":"Acidente entre carro e caminh\u00e3o deixa um morto em rodovia na regi\u00e3o de Ribeir\u00e3o","author":"noticiasribeiraopreto.com.br","date":"9 de December de 2024","format":false,"excerpt":"Um acidente, na tarde desta segunda-feira (9), envolvendo um carro e um caminh\u00e3o, deixou uma pessoa morta na rodovia Abr\u00e3o Assed, em Cajuru, na regi\u00e3o de Ribeir\u00e3o Preto. Segundo testemunhas, o motorista do utilit\u00e1rio n\u00e3o resistiu e morreu no local. N\u00e3o foi divulgada a identidade da v\u00edtima. Em nota, o\u2026","rel":"","context":"In &quot;Not\u00edcias de Ribeir\u00e3o Preto-SP e Regi\u00e3o&quot;","block_context":{"text":"Not\u00edcias de Ribeir\u00e3o Preto-SP e Regi\u00e3o","link":"https:\/\/noticiasribeiraopreto.com.br\/index.php\/category\/noticias-de-ribeirao-preto-sp-e-regiao-ismael-colosi\/"},"img":{"alt_text":"","src":"https:\/\/i0.wp.com\/noticiasribeiraopreto.com.br\/wp-content\/uploads\/2024\/12\/Copia-de-Copia-de-Copia-de-TAMANHO-EXATO-PARA-FOTOS-NO-SISTEMA-NOVO-2024-12-09T190604.578_2024-12-09_22-13-11_png_2024-12-09_22-13-12.webp.webp?fit=1200%2C675&ssl=1&resize=350%2C200","width":350,"height":200,"srcset":"https:\/\/i0.wp.com\/noticiasribeiraopreto.com.br\/wp-content\/uploads\/2024\/12\/Copia-de-Copia-de-Copia-de-TAMANHO-EXATO-PARA-FOTOS-NO-SISTEMA-NOVO-2024-12-09T190604.578_2024-12-09_22-13-11_png_2024-12-09_22-13-12.webp.webp?fit=1200%2C675&ssl=1&resize=350%2C200 1x, https:\/\/i0.wp.com\/noticiasribeiraopreto.com.br\/wp-content\/uploads\/2024\/12\/Copia-de-Copia-de-Copia-de-TAMANHO-EXATO-PARA-FOTOS-NO-SISTEMA-NOVO-2024-12-09T190604.578_2024-12-09_22-13-11_png_2024-12-09_22-13-12.webp.webp?fit=1200%2C675&ssl=1&resize=525%2C300 1.5x, https:\/\/i0.wp.com\/noticiasribeiraopreto.com.br\/wp-content\/uploads\/2024\/12\/Copia-de-Copia-de-Copia-de-TAMANHO-EXATO-PARA-FOTOS-NO-SISTEMA-NOVO-2024-12-09T190604.578_2024-12-09_22-13-11_png_2024-12-09_22-13-12.webp.webp?fit=1200%2C675&ssl=1&resize=700%2C400 2x, https:\/\/i0.wp.com\/noticiasribeiraopreto.com.br\/wp-content\/uploads\/2024\/12\/Copia-de-Copia-de-Copia-de-TAMANHO-EXATO-PARA-FOTOS-NO-SISTEMA-NOVO-2024-12-09T190604.578_2024-12-09_22-13-11_png_2024-12-09_22-13-12.webp.webp?fit=1200%2C675&ssl=1&resize=1050%2C600 3x"},"classes":[]},{"id":63579,"url":"https:\/\/noticiasribeiraopreto.com.br\/index.php\/2025\/02\/17\/carro-pega-fogo-e-motorista-morre-apos-acidente-em-rodovia-da-regiao-de-ribeirao\/","url_meta":{"origin":81543,"position":3},"title":"Carro pega fogo e motorista morre ap\u00f3s acidente em rodovia da regi\u00e3o de Ribeir\u00e3o","author":"noticiasribeiraopreto.com.br","date":"17 de February de 2025","format":false,"excerpt":"Um acidente envolvendo dois ve\u00edculos provocou a morte de uma pessoa na rodovia Conde Francisco Matarazzo J\u00fanior (SP-253), em S\u00e3o Sim\u00e3o, cidade na regi\u00e3o de Ribeir\u00e3o Preto, na noite deste domingo (16). De acordo com as informa\u00e7\u00f5es do DER (Departamento de Estradas de Rodagem do Estado de S\u00e3o Paulo), o\u2026","rel":"","context":"In &quot;Not\u00edcias de Ribeir\u00e3o Preto-SP e Regi\u00e3o&quot;","block_context":{"text":"Not\u00edcias de Ribeir\u00e3o Preto-SP e Regi\u00e3o","link":"https:\/\/noticiasribeiraopreto.com.br\/index.php\/category\/noticias-de-ribeirao-preto-sp-e-regiao-ismael-colosi\/"},"img":{"alt_text":"","src":"https:\/\/i0.wp.com\/noticiasribeiraopreto.com.br\/wp-content\/uploads\/2025\/02\/WhatsApp-Image-2025-02-17-at-07.47.14_2025-02-17_11-14-04_jpeg_2025-02-17_11-14-05.webp.webp?fit=1200%2C675&ssl=1&resize=350%2C200","width":350,"height":200,"srcset":"https:\/\/i0.wp.com\/noticiasribeiraopreto.com.br\/wp-content\/uploads\/2025\/02\/WhatsApp-Image-2025-02-17-at-07.47.14_2025-02-17_11-14-04_jpeg_2025-02-17_11-14-05.webp.webp?fit=1200%2C675&ssl=1&resize=350%2C200 1x, https:\/\/i0.wp.com\/noticiasribeiraopreto.com.br\/wp-content\/uploads\/2025\/02\/WhatsApp-Image-2025-02-17-at-07.47.14_2025-02-17_11-14-04_jpeg_2025-02-17_11-14-05.webp.webp?fit=1200%2C675&ssl=1&resize=525%2C300 1.5x, https:\/\/i0.wp.com\/noticiasribeiraopreto.com.br\/wp-content\/uploads\/2025\/02\/WhatsApp-Image-2025-02-17-at-07.47.14_2025-02-17_11-14-04_jpeg_2025-02-17_11-14-05.webp.webp?fit=1200%2C675&ssl=1&resize=700%2C400 2x, https:\/\/i0.wp.com\/noticiasribeiraopreto.com.br\/wp-content\/uploads\/2025\/02\/WhatsApp-Image-2025-02-17-at-07.47.14_2025-02-17_11-14-04_jpeg_2025-02-17_11-14-05.webp.webp?fit=1200%2C675&ssl=1&resize=1050%2C600 3x"},"classes":[]},{"id":82589,"url":"https:\/\/noticiasribeiraopreto.com.br\/index.php\/2026\/02\/20\/acidente-entre-dois-veiculos-deixa-vitimas-em-rodovia-na-regiao-de-ribeirao-preto\/","url_meta":{"origin":81543,"position":4},"title":"Acidente entre dois ve\u00edculos deixa v\u00edtimas em rodovia na regi\u00e3o de Ribeir\u00e3o Preto","author":"noticiasribeiraopreto.com.br","date":"20 de February de 2026","format":false,"excerpt":"Um acidente envolveu um carro e uma picape na manh\u00e3 desta sexta-feira (20), na rodovia M\u00e1rio Doneg\u00e1 (SP-291), no sentido a Dumont regi\u00e3o de Ribeir\u00e3o Preto. Segundo informa\u00e7\u00f5es, um casal que estava na picape e o motorista do carro foram socorridos e encaminhados a uma unidade de sa\u00fade de Dumont.\u2026","rel":"","context":"In &quot;Not\u00edcias de Ribeir\u00e3o Preto-SP e Regi\u00e3o&quot;","block_context":{"text":"Not\u00edcias de Ribeir\u00e3o Preto-SP e Regi\u00e3o","link":"https:\/\/noticiasribeiraopreto.com.br\/index.php\/category\/noticias-de-ribeirao-preto-sp-e-regiao-ismael-colosi\/"},"img":{"alt_text":"","src":"https:\/\/i0.wp.com\/noticiasribeiraopreto.com.br\/wp-content\/uploads\/2026\/02\/ACIDENTE-1_2026-02-20_11-26-59.webp.webp?fit=1200%2C760&ssl=1&resize=350%2C200","width":350,"height":200,"srcset":"https:\/\/i0.wp.com\/noticiasribeiraopreto.com.br\/wp-content\/uploads\/2026\/02\/ACIDENTE-1_2026-02-20_11-26-59.webp.webp?fit=1200%2C760&ssl=1&resize=350%2C200 1x, https:\/\/i0.wp.com\/noticiasribeiraopreto.com.br\/wp-content\/uploads\/2026\/02\/ACIDENTE-1_2026-02-20_11-26-59.webp.webp?fit=1200%2C760&ssl=1&resize=525%2C300 1.5x, https:\/\/i0.wp.com\/noticiasribeiraopreto.com.br\/wp-content\/uploads\/2026\/02\/ACIDENTE-1_2026-02-20_11-26-59.webp.webp?fit=1200%2C760&ssl=1&resize=700%2C400 2x, https:\/\/i0.wp.com\/noticiasribeiraopreto.com.br\/wp-content\/uploads\/2026\/02\/ACIDENTE-1_2026-02-20_11-26-59.webp.webp?fit=1200%2C760&ssl=1&resize=1050%2C600 3x"},"classes":[]},{"id":62831,"url":"https:\/\/noticiasribeiraopreto.com.br\/index.php\/2025\/01\/25\/acidente-deixa-um-morto-e-tres-vitimas-graves-em-rodovia-na-regiao-de-ribeirao-preto\/","url_meta":{"origin":81543,"position":5},"title":"Acidente deixa um morto e tr\u00eas v\u00edtimas graves em rodovia na regi\u00e3o de Ribeir\u00e3o Preto","author":"noticiasribeiraopreto.com.br","date":"25 de January de 2025","format":false,"excerpt":"Um acidente entre um carro e caminh\u00e3o deixou uma pessoa morta e outras tr\u00eas com ferimentos graves na manh\u00e3 deste s\u00e1bado (25),\u00a0 no km 193 da rodovia Deputado Cunha Bueno (SP 253), em Prad\u00f3polis, cidade a aproximadamente 30 quil\u00f4metros de Ribeir\u00e3o Preto. Segundo a PMR (Pol\u00edcia Militar Rodovi\u00e1ria), os ve\u00edculos\u2026","rel":"","context":"In &quot;Not\u00edcias de Ribeir\u00e3o Preto-SP e Regi\u00e3o&quot;","block_context":{"text":"Not\u00edcias de Ribeir\u00e3o Preto-SP e Regi\u00e3o","link":"https:\/\/noticiasribeiraopreto.com.br\/index.php\/category\/noticias-de-ribeirao-preto-sp-e-regiao-ismael-colosi\/"},"img":{"alt_text":"","src":"https:\/\/i0.wp.com\/noticiasribeiraopreto.com.br\/wp-content\/uploads\/2025\/01\/ACIDENTE_2025-01-25_16-15-01_jpg_2025-01-25_16-15-01.webp.webp?fit=1200%2C869&ssl=1&resize=350%2C200","width":350,"height":200,"srcset":"https:\/\/i0.wp.com\/noticiasribeiraopreto.com.br\/wp-content\/uploads\/2025\/01\/ACIDENTE_2025-01-25_16-15-01_jpg_2025-01-25_16-15-01.webp.webp?fit=1200%2C869&ssl=1&resize=350%2C200 1x, https:\/\/i0.wp.com\/noticiasribeiraopreto.com.br\/wp-content\/uploads\/2025\/01\/ACIDENTE_2025-01-25_16-15-01_jpg_2025-01-25_16-15-01.webp.webp?fit=1200%2C869&ssl=1&resize=525%2C300 1.5x, https:\/\/i0.wp.com\/noticiasribeiraopreto.com.br\/wp-content\/uploads\/2025\/01\/ACIDENTE_2025-01-25_16-15-01_jpg_2025-01-25_16-15-01.webp.webp?fit=1200%2C869&ssl=1&resize=700%2C400 2x, https:\/\/i0.wp.com\/noticiasribeiraopreto.com.br\/wp-content\/uploads\/2025\/01\/ACIDENTE_2025-01-25_16-15-01_jpg_2025-01-25_16-15-01.webp.webp?fit=1200%2C869&ssl=1&resize=1050%2C600 3x"},"classes":[]}],"jetpack_sharing_enabled":true,"jetpack_shortlink":"https:\/\/wp.me\/peQAOb-ldd","_links":{"self":[{"href":"https:\/\/noticiasribeiraopreto.com.br\/index.php\/wp-json\/wp\/v2\/posts\/81543","targetHints":{"allow":["GET"]}}],"collection":[{"href":"https:\/\/noticiasribeiraopreto.com.br\/index.php\/wp-json\/wp\/v2\/posts"}],"about":[{"href":"https:\/\/noticiasribeiraopreto.com.br\/index.php\/wp-json\/wp\/v2\/types\/post"}],"author":[{"embeddable":true,"href":"https:\/\/noticiasribeiraopreto.com.br\/index.php\/wp-json\/wp\/v2\/users\/1"}],"replies":[{"embeddable":true,"href":"https:\/\/noticiasribeiraopreto.com.br\/index.php\/wp-json\/wp\/v2\/comments?post=81543"}],"version-history":[{"count":0,"href":"https:\/\/noticiasribeiraopreto.com.br\/index.php\/wp-json\/wp\/v2\/posts\/81543\/revisions"}],"wp:featuredmedia":[{"embeddable":true,"href":"https:\/\/noticiasribeiraopreto.com.br\/index.php\/wp-json\/wp\/v2\/media\/81544"}],"wp:attachment":[{"href":"https:\/\/noticiasribeiraopreto.com.br\/index.php\/wp-json\/wp\/v2\/media?parent=81543"}],"wp:term":[{"taxonomy":"category","embeddable":true,"href":"https:\/\/noticiasribeiraopreto.com.br\/index.php\/wp-json\/wp\/v2\/categories?post=81543"},{"taxonomy":"post_tag","embeddable":true,"href":"https:\/\/noticiasribeiraopreto.com.br\/index.php\/wp-json\/wp\/v2\/tags?post=81543"}],"curies":[{"name":"wp","href":"https:\/\/api.w.org\/{rel}","templated":true}]}}