{"id":81545,"date":"2026-01-09T08:19:53","date_gmt":"2026-01-09T11:19:53","guid":{"rendered":"https:\/\/noticiasribeiraopreto.com.br\/index.php\/2026\/01\/09\/prestes-a-completar-um-ano-saiba-como-estao-as-obras-do-novo-hc-ue-de-ribeirao-preto\/"},"modified":"2026-01-09T08:19:53","modified_gmt":"2026-01-09T11:19:53","slug":"prestes-a-completar-um-ano-saiba-como-estao-as-obras-do-novo-hc-ue-de-ribeirao-preto","status":"publish","type":"post","link":"https:\/\/noticiasribeiraopreto.com.br\/index.php\/2026\/01\/09\/prestes-a-completar-um-ano-saiba-como-estao-as-obras-do-novo-hc-ue-de-ribeirao-preto\/","title":{"rendered":"Prestes a completar um ano, saiba como est\u00e3o as obras do novo HC-UE de Ribeir\u00e3o Preto"},"content":{"rendered":"<div class='code-block code-block-1' style='margin: 8px 0 8px auto; text-align: right; display: block; clear: both;'>\n<p><a href=\"https:\/\/wa.link\/vpicfd\"><img data-recalc-dims=\"1\" class=\"wp-image-4922\" style=\"aspect-ratio: 2.0253164556962027; width: 561px; height: auto;\" src=\"https:\/\/i0.wp.com\/ismaelcolosi.com.br\/wp-content\/uploads\/2023\/11\/grupo-de-empregos-whatsapp-e-facebook-ismael-colosi-vagas.jpg?ssl=1\" alt=\"\" \/><\/a><\/p>\n<!-- \/wp:image -->\n<\/div>\n<p> <br \/>\n<\/p>\n<div>\n<p>A poucos dias de completar um ano da visita do <strong>governador Tarc\u00edsio de Freitas (Republicanos)<\/strong> a <strong>Ribeir\u00e3o Preto<\/strong>, que marcou o in\u00edcio das obras<strong> da nova unidade de emerg\u00eancia<\/strong> do <strong>Hospital das Cl\u00ednicas<\/strong>, a institui\u00e7\u00e3o informou que a primeira etapa do projeto segue em execu\u00e7\u00e3o, com avan\u00e7os considerados \u201csignificativos em frentes essenciais\u201d.<\/p>\n<p>Ao <strong>acidade on<\/strong>, a institui\u00e7\u00e3o informou que at\u00e9 o momento as equipes conclu\u00edram a <strong>limpeza <\/strong>e a <strong>terraplanagem<\/strong> de uma \u00e1rea de aproximadamente <strong>212 mil metros quadrados<\/strong>, al\u00e9m do fechamento perimetral do empreendimento, que contempla as cinco guaritas.<\/p>\n<figure class=\"wp-block-pullquote\">\n<blockquote>\n<p>No que diz respeito \u00e0 infraestrutura de base, os sistemas de drenagem (incluindo as bacias de conten\u00e7\u00e3o), esgoto, rede el\u00e9trica de implanta\u00e7\u00e3o, \u00e1gua fria e o sistema de CFTV j\u00e1 foram instalados<\/p>\n<p><cite>trecho da nota enviada pelo HCFMRP ao acidade on<\/cite><\/p><\/blockquote>\n<\/figure>\n<p>Ainda de acordo com o hospital, no est\u00e1gio atual, o foco dos trabalhos est\u00e1 na <strong>montagem <\/strong>e<strong> concretagem das estruturas<\/strong> de concreto armado do Bloco D e das guaritas. \u201cAp\u00f3s a finaliza\u00e7\u00e3o do fechamento do Bloco D, os pr\u00f3ximos passos incluam o in\u00edcio das funda\u00e7\u00f5es dos Blocos A, B, C e do \u00c1trio\u201d, disse a institui\u00e7\u00e3o.<\/p>\n<figure class=\"wp-block-gallery has-nested-images columns-default is-cropped wp-block-gallery-1 is-layout-flex wp-block-gallery-is-layout-flex\">\n<figure class=\"wp-block-image size-large\"><img data-recalc-dims=\"1\" fetchpriority=\"high\" decoding=\"async\" width=\"1024\" height=\"576\" data-id=\"141587\" src=\"https:\/\/i0.wp.com\/cdn.media-acidadeon.com.br\/ribeiraopreto\/wp-content\/uploads\/sites\/3\/2026\/01\/domingo-70_2026-01-08_18-50-27-1024x576.webp?resize=1024%2C576&#038;ssl=1\" alt=\"Novo HC-UE est\u00e1 sendo constru\u00eddo em uma \u00e1rea na zona Sul de Ribeir\u00e3o Preto - Foto: reprodu\u00e7\u00e3o\/ EPTV.\" class=\"wp-image-141587\" title=\"Prestes a completar um ano, saiba como est\u00e3o as obras do novo HC-UE de Ribeir\u00e3o Preto 1\" srcset=\"https:\/\/cdn.media-acidadeon.com.br\/ribeiraopreto\/wp-content\/uploads\/sites\/3\/2026\/01\/domingo-70_2026-01-08_18-50-27-1024x576.webp 1024w, https:\/\/cdn.media-acidadeon.com.br\/ribeiraopreto\/wp-content\/uploads\/sites\/3\/2026\/01\/domingo-70_2026-01-08_18-50-27-300x169.webp 300w, https:\/\/cdn.media-acidadeon.com.br\/ribeiraopreto\/wp-content\/uploads\/sites\/3\/2026\/01\/domingo-70_2026-01-08_18-50-27-768x432.webp 768w, https:\/\/cdn.media-acidadeon.com.br\/ribeiraopreto\/wp-content\/uploads\/sites\/3\/2026\/01\/domingo-70_2026-01-08_18-50-27-696x392.webp 696w, https:\/\/cdn.media-acidadeon.com.br\/ribeiraopreto\/wp-content\/uploads\/sites\/3\/2026\/01\/domingo-70_2026-01-08_18-50-27-1068x601.webp 1068w, https:\/\/cdn.media-acidadeon.com.br\/ribeiraopreto\/wp-content\/uploads\/sites\/3\/2026\/01\/domingo-70_2026-01-08_18-50-27.webp 1200w\" sizes=\"(max-width: 1024px) 100vw, 1024px\"\/><figcaption class=\"wp-element-caption\">Novo HC-UE est\u00e1 sendo constru\u00eddo em uma \u00e1rea na zona Sul de Ribeir\u00e3o Preto \u2013 Foto de junho de 2025: reprodu\u00e7\u00e3o\/ EPTV.<\/figcaption><\/figure>\n<figure class=\"wp-block-image size-large\"><img data-recalc-dims=\"1\" loading=\"lazy\" decoding=\"async\" width=\"1024\" height=\"576\" data-id=\"141588\" src=\"https:\/\/i0.wp.com\/cdn.media-acidadeon.com.br\/ribeiraopreto\/wp-content\/uploads\/sites\/3\/2026\/01\/domingo-69_2026-01-08_18-50-30-1024x576.webp?resize=1024%2C576&#038;ssl=1\" alt=\"Novo HC-UE est\u00e1 sendo constru\u00eddo em uma \u00e1rea na zona Sul de Ribeir\u00e3o Preto - Foto: reprodu\u00e7\u00e3o\/ EPTV.\" class=\"wp-image-141588\" title=\"Prestes a completar um ano, saiba como est\u00e3o as obras do novo HC-UE de Ribeir\u00e3o Preto 2\" srcset=\"https:\/\/cdn.media-acidadeon.com.br\/ribeiraopreto\/wp-content\/uploads\/sites\/3\/2026\/01\/domingo-69_2026-01-08_18-50-30-1024x576.webp 1024w, https:\/\/cdn.media-acidadeon.com.br\/ribeiraopreto\/wp-content\/uploads\/sites\/3\/2026\/01\/domingo-69_2026-01-08_18-50-30-300x169.webp 300w, https:\/\/cdn.media-acidadeon.com.br\/ribeiraopreto\/wp-content\/uploads\/sites\/3\/2026\/01\/domingo-69_2026-01-08_18-50-30-768x432.webp 768w, https:\/\/cdn.media-acidadeon.com.br\/ribeiraopreto\/wp-content\/uploads\/sites\/3\/2026\/01\/domingo-69_2026-01-08_18-50-30-696x392.webp 696w, https:\/\/cdn.media-acidadeon.com.br\/ribeiraopreto\/wp-content\/uploads\/sites\/3\/2026\/01\/domingo-69_2026-01-08_18-50-30-1068x601.webp 1068w, https:\/\/cdn.media-acidadeon.com.br\/ribeiraopreto\/wp-content\/uploads\/sites\/3\/2026\/01\/domingo-69_2026-01-08_18-50-30.webp 1200w\" sizes=\"auto, (max-width: 1024px) 100vw, 1024px\"\/><figcaption class=\"wp-element-caption\">Novo HC-UE est\u00e1 sendo constru\u00eddo em uma \u00e1rea na zona Sul de Ribeir\u00e3o Preto \u2013 Foto de junho de 2025: reprodu\u00e7\u00e3o\/ EPTV.<\/figcaption><\/figure>\n<\/figure>\n<h2 class=\"wp-block-heading\"><strong>Pr\u00f3ximos passos<\/strong><\/h2>\n<p>O <strong>Hospital das Cl\u00ednicas da Faculdade de Medicina de Ribeir\u00e3o Preto (HCFMRP-USP) <\/strong>publicou um comunicado informando que foi conclu\u00edda a an\u00e1lise da documenta\u00e7\u00e3o t\u00e9cnica da <strong>concorr\u00eancia p\u00fablica<\/strong> para a <mark style=\"background-color:#fcb900\" class=\"has-inline-color\">contrata\u00e7\u00e3o da empresa respons\u00e1vel pela execu\u00e7\u00e3o da 2\u00aa etapa da constru\u00e7\u00e3o da nova unidade de emerg\u00eancia.<\/mark><\/p>\n<p><strong>Com isso, a retomada do processo licitat\u00f3rio est\u00e1 agendada para o dia 21 de janeiro, \u00e0s 9h30<\/strong>. O aviso foi publicado no <strong><a href=\"https:\/\/www.doe.sp.gov.br\/executivo\/secretaria-da-saude\/aviso-de-concorrencia-publica-hcrp-n-01-2025-de-5-de-janeiro-de-2026-2026010513352211554144\" target=\"_blank\" data-type=\"link\" data-id=\"https:\/\/www.doe.sp.gov.br\/executivo\/secretaria-da-saude\/aviso-de-concorrencia-publica-hcrp-n-01-2025-de-5-de-janeiro-de-2026-2026010513352211554144\" rel=\"noreferrer noopener\">Di\u00e1rio Oficial do Estado de S\u00e3o Paulo<\/a><\/strong> na \u00faltima ter\u00e7a-feira (6).<\/p>\n<figure class=\"wp-block-pullquote\">\n<blockquote>\n<p>A estimativa de in\u00edcio \u00e9 para o m\u00eas de mar\u00e7o, prazo que j\u00e1 considera o tempo necess\u00e1rio para o processo licitat\u00f3rio e poss\u00edveis prazos recursais<\/p>\n<p><cite>trecho da nota enviada pelo HCFMRP ao acidade on<\/cite><\/p><\/blockquote>\n<\/figure>\n<h3 class=\"wp-block-heading\"><strong>Novo HC-UE<\/strong><\/h3>\n<p>Com um investimento total de <strong>R$ 526,3 milh\u00f5es<\/strong>, a estrutura do novo <strong>HC-UE<\/strong> ocupar\u00e1 uma \u00e1rea de 57.825 m\u00b2 em um terreno adquirido pela <strong>USP (Universidade de S\u00e3o Paulo)<\/strong>, na avenida Adelmo Perdizza, na zona Sul da cidade.<\/p>\n<p>A obra ser\u00e1 realizada em duas fases. <mark style=\"background-color:#fcb900\" class=\"has-inline-color\">Ap\u00f3s o t\u00e9rmino da nova unidade, o atual pr\u00e9dio do HC-UE, no Centro, ser\u00e1 reformado e se transformar\u00e1 em um centro de trauma e ortopedia.<\/mark><\/p>\n<p>A nova estrutura ter\u00e1<strong> 400 leitos <\/strong>e <strong>atender\u00e1 cerca de 3,5 milh\u00f5es de habitantes<\/strong> das regi\u00f5es de Ribeir\u00e3o Preto, Araraquara, Barretos e Franca ser\u00e3o beneficiados com atendimento de alta complexidade.<\/p>\n<p>O novo HC-UE \u00e9 uma parceria entre o Governo do Estado de S\u00e3o Paulo, a Prefeitura de Ribeir\u00e3o Preto e a USP (Universidade de S\u00e3o Paulo).<\/p>\n<div class=\"wp-block-image\">\n<figure class=\"aligncenter size-full is-resized\"><img data-recalc-dims=\"1\" loading=\"lazy\" decoding=\"async\" width=\"852\" height=\"540\" src=\"https:\/\/i0.wp.com\/cdn.media-acidadeon.com.br\/ribeiraopreto\/wp-content\/uploads\/sites\/3\/2025\/10\/WhatsApp-Image-2025-10-29-at-08.44.13_2025-10-29_11-44-39.webp?resize=852%2C540&#038;ssl=1\" alt=\"Atual pr\u00e9dio do HC-UE est\u00e1 localizado no Centro de Ribeir\u00e3o Preto - Foto: acidade on\" class=\"wp-image-133902\" style=\"width:654px\" title=\"Prestes a completar um ano, saiba como est\u00e3o as obras do novo HC-UE de Ribeir\u00e3o Preto 3\" srcset=\"https:\/\/cdn.media-acidadeon.com.br\/ribeiraopreto\/wp-content\/uploads\/sites\/3\/2025\/10\/WhatsApp-Image-2025-10-29-at-08.44.13_2025-10-29_11-44-39.webp 852w, https:\/\/cdn.media-acidadeon.com.br\/ribeiraopreto\/wp-content\/uploads\/sites\/3\/2025\/10\/WhatsApp-Image-2025-10-29-at-08.44.13_2025-10-29_11-44-39-300x190.webp 300w, https:\/\/cdn.media-acidadeon.com.br\/ribeiraopreto\/wp-content\/uploads\/sites\/3\/2025\/10\/WhatsApp-Image-2025-10-29-at-08.44.13_2025-10-29_11-44-39-768x487.webp 768w, https:\/\/cdn.media-acidadeon.com.br\/ribeiraopreto\/wp-content\/uploads\/sites\/3\/2025\/10\/WhatsApp-Image-2025-10-29-at-08.44.13_2025-10-29_11-44-39-696x441.webp 696w\" sizes=\"auto, (max-width: 852px) 100vw, 852px\"\/><figcaption class=\"wp-element-caption\">Atual pr\u00e9dio do HC-UE est\u00e1 localizado no Centro de Ribeir\u00e3o Preto \u2013 Foto: acidade on<\/figcaption><\/figure>\n<\/div>\n<hr class=\"wp-block-separator has-alpha-channel-opacity\"\/>\n<p>SAIBA MAIS<\/p>\n<p>Veja quais s\u00e3o as cidades mais ricas da regi\u00e3o de Ribeir\u00e3o Preto<\/p>\n<h4 class=\"wp-block-heading\"><strong>FIQUE ON<\/strong><\/h4>\n<p>Fique ligado em tudo que acontece em Ribeir\u00e3o Preto e regi\u00e3o. Siga os perfis do\u00a0<strong>acidade on<\/strong>\u00a0no\u00a0<a href=\"https:\/\/www.instagram.com\/acidadeonribeirao\" target=\"_blank\" rel=\"noreferrer noopener\">Instagram<\/a>\u00a0e no<a href=\"https:\/\/www.facebook.com\/acidadeonribeirao\/\" target=\"_blank\" rel=\"noreferrer noopener\">\u00a0Facebook<\/a>.<\/p>\n<p>Receba not\u00edcias do\u00a0<strong>acidade on<\/strong>\u00a0no WhatsApp. Para entrar no grupo,\u00a0basta<a href=\"https:\/\/chat.whatsapp.com\/GFH9HUMUTHNFJdnyEd0xxq\" target=\"_blank\" rel=\"noreferrer noopener\">\u00a0clicar aqui<\/a>. Ou, acesse o nosso\u00a0Canal<a href=\"https:\/\/whatsapp.com\/channel\/0029Vb6IQl1JENyAeS57fk2p\" target=\"_blank\" rel=\"noreferrer noopener\">\u00a0clicando aqui<\/a>.<\/p>\n<p>Fa\u00e7a uma den\u00fancia ou sugira uma reportagem sobre Ribeir\u00e3o Preto e regi\u00e3o pelo WhatsApp: 16 99117 7802.<\/p>\n<p>VEJA TAMB\u00c9M<\/p>\n<p>\u2018The Romantic\u2019: Qual \u00e9 a data de lan\u00e7amento do novo \u00e1lbum de Bruno Mars?<\/p>\n<p><!-- AI CONTENT END 1 -->\n<\/div>\n<p><script async src=\"\/\/www.instagram.com\/embed.js\"><\/script><br \/>\n<br \/><br \/>\n<br \/><a href=\"https:\/\/www.acidadeon.com\/ribeiraopreto\/politica\/prestes-a-completar-um-ano-saiba-como-estao-as-obras-do-novo-hc-ue-de-ribeirao-preto\/\">Source link <\/a><\/p>\n<!-- CONTENT END 1 -->\n","protected":false},"excerpt":{"rendered":"<p>A poucos dias de completar um ano da visita do governador Tarc\u00edsio de Freitas (Republicanos) a Ribeir\u00e3o Preto, que marcou o in\u00edcio das obras da&#8230;<\/p>\n","protected":false},"author":1,"featured_media":81546,"comment_status":"open","ping_status":"open","sticky":false,"template":"","format":"standard","meta":{"advanced_seo_description":"","jetpack_seo_html_title":"","jetpack_seo_noindex":false,"jetpack_post_was_ever_published":false,"_jetpack_newsletter_access":"","_jetpack_dont_email_post_to_subs":false,"_jetpack_newsletter_tier_id":0,"_jetpack_memberships_contains_paywalled_content":false,"_jetpack_memberships_contains_paid_content":false,"footnotes":"","jetpack_publicize_message":"","jetpack_publicize_feature_enabled":true,"jetpack_social_post_already_shared":true,"jetpack_social_options":{"image_generator_settings":{"template":"highway","default_image_id":0,"font":"","enabled":false},"version":2}},"categories":[11],"tags":[],"class_list":["post-81545","post","type-post","status-publish","format-standard","has-post-thumbnail","hentry","category-noticias-de-ribeirao-preto-sp-e-regiao-ismael-colosi"],"jetpack_publicize_connections":[],"jetpack_featured_media_url":"https:\/\/i0.wp.com\/noticiasribeiraopreto.com.br\/wp-content\/uploads\/2026\/01\/domingo-71_2026-01-08_18-50-25.webp.webp?fit=1200%2C675&ssl=1","jetpack-related-posts":[{"id":66633,"url":"https:\/\/noticiasribeiraopreto.com.br\/index.php\/2025\/04\/03\/ifsp-inicia-construcao-de-campus-em-ribeirao-preto\/","url_meta":{"origin":81545,"position":0},"title":"IFSP inicia constru\u00e7\u00e3o de campus em Ribeir\u00e3o Preto","author":"noticiasribeiraopreto.com.br","date":"3 de April de 2025","format":false,"excerpt":"Come\u00e7aram as obras para constru\u00e7\u00e3o do campus do Instituto Federal de S\u00e3o Paulo (IFSP) em Ribeir\u00e3o Preto. A informa\u00e7\u00e3o est\u00e1 confirmada com a assessoria da institui\u00e7\u00e3o. Anunciada em mar\u00e7o de 2024, pelo presidente Luiz In\u00e1cio Lula da Silva (PT), a institui\u00e7\u00e3o aguardava a aprova\u00e7\u00e3o da LOA (Lei Or\u00e7ament\u00e1ria Anual) de\u2026","rel":"","context":"In &quot;Not\u00edcias de Ribeir\u00e3o Preto-SP e Regi\u00e3o&quot;","block_context":{"text":"Not\u00edcias de Ribeir\u00e3o Preto-SP e Regi\u00e3o","link":"https:\/\/noticiasribeiraopreto.com.br\/index.php\/category\/noticias-de-ribeirao-preto-sp-e-regiao-ismael-colosi\/"},"img":{"alt_text":"","src":"https:\/\/i0.wp.com\/noticiasribeiraopreto.com.br\/wp-content\/uploads\/2025\/01\/ciane_2025-01-30_16-55-49_jpg_2025-01-30_16-55-49.webp.webp?fit=1200%2C747&ssl=1&resize=350%2C200","width":350,"height":200,"srcset":"https:\/\/i0.wp.com\/noticiasribeiraopreto.com.br\/wp-content\/uploads\/2025\/01\/ciane_2025-01-30_16-55-49_jpg_2025-01-30_16-55-49.webp.webp?fit=1200%2C747&ssl=1&resize=350%2C200 1x, https:\/\/i0.wp.com\/noticiasribeiraopreto.com.br\/wp-content\/uploads\/2025\/01\/ciane_2025-01-30_16-55-49_jpg_2025-01-30_16-55-49.webp.webp?fit=1200%2C747&ssl=1&resize=525%2C300 1.5x, https:\/\/i0.wp.com\/noticiasribeiraopreto.com.br\/wp-content\/uploads\/2025\/01\/ciane_2025-01-30_16-55-49_jpg_2025-01-30_16-55-49.webp.webp?fit=1200%2C747&ssl=1&resize=700%2C400 2x, https:\/\/i0.wp.com\/noticiasribeiraopreto.com.br\/wp-content\/uploads\/2025\/01\/ciane_2025-01-30_16-55-49_jpg_2025-01-30_16-55-49.webp.webp?fit=1200%2C747&ssl=1&resize=1050%2C600 3x"},"classes":[]},{"id":83862,"url":"https:\/\/noticiasribeiraopreto.com.br\/index.php\/2026\/03\/27\/adevirp-lanca-pedra-fundamental-de-obra-de-r-35-milhoes-em-ribeirao-preto\/","url_meta":{"origin":81545,"position":1},"title":"Adevirp lan\u00e7a pedra fundamental de obra de R$ 3,5 milh\u00f5es em Ribeir\u00e3o Preto","author":"noticiasribeiraopreto.com.br","date":"27 de March de 2026","format":false,"excerpt":"A Associa\u00e7\u00e3o dos Deficientes Visuais de Ribeir\u00e3o Preto (Adevirp) iniciou, nesta sexta-feira (27), uma nova etapa de crescimento com o lan\u00e7amento da pedra fundamental de sua amplia\u00e7\u00e3o. A entidade viabilizou o projeto com um investimento de R$ 3,5 milh\u00f5es, proveniente de recursos do Minist\u00e9rio P\u00fablico do Trabalho (MPT). Pedra Fundamental\u2026","rel":"","context":"In &quot;Not\u00edcias de Ribeir\u00e3o Preto-SP e Regi\u00e3o&quot;","block_context":{"text":"Not\u00edcias de Ribeir\u00e3o Preto-SP e Regi\u00e3o","link":"https:\/\/noticiasribeiraopreto.com.br\/index.php\/category\/noticias-de-ribeirao-preto-sp-e-regiao-ismael-colosi\/"},"img":{"alt_text":"","src":"https:\/\/i0.wp.com\/noticiasribeiraopreto.com.br\/wp-content\/uploads\/2026\/03\/palace-94_2026-03-27_15-40-05.webp.webp?fit=1200%2C675&ssl=1&resize=350%2C200","width":350,"height":200,"srcset":"https:\/\/i0.wp.com\/noticiasribeiraopreto.com.br\/wp-content\/uploads\/2026\/03\/palace-94_2026-03-27_15-40-05.webp.webp?fit=1200%2C675&ssl=1&resize=350%2C200 1x, https:\/\/i0.wp.com\/noticiasribeiraopreto.com.br\/wp-content\/uploads\/2026\/03\/palace-94_2026-03-27_15-40-05.webp.webp?fit=1200%2C675&ssl=1&resize=525%2C300 1.5x, https:\/\/i0.wp.com\/noticiasribeiraopreto.com.br\/wp-content\/uploads\/2026\/03\/palace-94_2026-03-27_15-40-05.webp.webp?fit=1200%2C675&ssl=1&resize=700%2C400 2x, https:\/\/i0.wp.com\/noticiasribeiraopreto.com.br\/wp-content\/uploads\/2026\/03\/palace-94_2026-03-27_15-40-05.webp.webp?fit=1200%2C675&ssl=1&resize=1050%2C600 3x"},"classes":[]},{"id":66102,"url":"https:\/\/noticiasribeiraopreto.com.br\/index.php\/2025\/03\/27\/avenida-nove-de-julho-e-totalmente-liberada-ao-trafego-em-ribeirao-preto-apos-obras-de-revitalizacao\/","url_meta":{"origin":81545,"position":2},"title":"Avenida Nove de Julho \u00e9 Totalmente Liberada ao Tr\u00e1fego em Ribeir\u00e3o Preto Ap\u00f3s Obras de Revitaliza\u00e7\u00e3o","author":"noticiasribeiraopreto.com.br","date":"27 de March de 2025","format":false,"excerpt":"Ap\u00f3s um ano e nove meses de obras, a Avenida Nove de Julho, uma das principais vias de Ribeir\u00e3o Preto, foi totalmente liberada para o tr\u00e1fego nesta quinta-feira, 27 de mar\u00e7o de 2025. A via, que estava interditada desde julho de 2023, passou por um processo abrangente de revitaliza\u00e7\u00e3o e\u2026","rel":"","context":"In &quot;Not\u00edcias de Ribeir\u00e3o Preto-SP e Regi\u00e3o&quot;","block_context":{"text":"Not\u00edcias de Ribeir\u00e3o Preto-SP e Regi\u00e3o","link":"https:\/\/noticiasribeiraopreto.com.br\/index.php\/category\/noticias-de-ribeirao-preto-sp-e-regiao-ismael-colosi\/"},"img":{"alt_text":"","src":"https:\/\/i0.wp.com\/noticiasribeiraopreto.com.br\/wp-content\/uploads\/2025\/03\/reabertura_9_de_julho_-_foto_fernando_gonzaga_36.jpg?fit=1200%2C800&ssl=1&resize=350%2C200","width":350,"height":200,"srcset":"https:\/\/i0.wp.com\/noticiasribeiraopreto.com.br\/wp-content\/uploads\/2025\/03\/reabertura_9_de_julho_-_foto_fernando_gonzaga_36.jpg?fit=1200%2C800&ssl=1&resize=350%2C200 1x, https:\/\/i0.wp.com\/noticiasribeiraopreto.com.br\/wp-content\/uploads\/2025\/03\/reabertura_9_de_julho_-_foto_fernando_gonzaga_36.jpg?fit=1200%2C800&ssl=1&resize=525%2C300 1.5x, https:\/\/i0.wp.com\/noticiasribeiraopreto.com.br\/wp-content\/uploads\/2025\/03\/reabertura_9_de_julho_-_foto_fernando_gonzaga_36.jpg?fit=1200%2C800&ssl=1&resize=700%2C400 2x, https:\/\/i0.wp.com\/noticiasribeiraopreto.com.br\/wp-content\/uploads\/2025\/03\/reabertura_9_de_julho_-_foto_fernando_gonzaga_36.jpg?fit=1200%2C800&ssl=1&resize=1050%2C600 3x"},"classes":[]},{"id":78458,"url":"https:\/\/noticiasribeiraopreto.com.br\/index.php\/2025\/10\/10\/entenda-a-situacao-das-obras-do-ifsp-em-ribeirao-preto\/","url_meta":{"origin":81545,"position":3},"title":"Entenda a situa\u00e7\u00e3o das obras do IFSP em Ribeir\u00e3o Preto","author":"noticiasribeiraopreto.com.br","date":"10 de October de 2025","format":false,"excerpt":"As obras do futuro campus do IFSP (Instituto Federal de S\u00e3o Paulo) em Ribeir\u00e3o Preto seguem dentro do cronograma previsto e devem ser conclu\u00eddas at\u00e9 a metade de 2026, segundo o diretor-geral da unidade, Paulo S\u00e9rgio Calefi. Ao acidade on, ele informou que o local passou por uma fase inicial\u2026","rel":"","context":"In &quot;Not\u00edcias de Ribeir\u00e3o Preto-SP e Regi\u00e3o&quot;","block_context":{"text":"Not\u00edcias de Ribeir\u00e3o Preto-SP e Regi\u00e3o","link":"https:\/\/noticiasribeiraopreto.com.br\/index.php\/category\/noticias-de-ribeirao-preto-sp-e-regiao-ismael-colosi\/"},"img":{"alt_text":"","src":"https:\/\/i0.wp.com\/noticiasribeiraopreto.com.br\/wp-content\/uploads\/2025\/10\/Copia-de-Copia-de-Copia-de-TAMANHO-EXATO-PARA-FOTOS-NO-SISTEMA-NOVO-2025-10-10T164614.022_2025-10-10_19-46-19.webp.webp?fit=1200%2C675&ssl=1&resize=350%2C200","width":350,"height":200,"srcset":"https:\/\/i0.wp.com\/noticiasribeiraopreto.com.br\/wp-content\/uploads\/2025\/10\/Copia-de-Copia-de-Copia-de-TAMANHO-EXATO-PARA-FOTOS-NO-SISTEMA-NOVO-2025-10-10T164614.022_2025-10-10_19-46-19.webp.webp?fit=1200%2C675&ssl=1&resize=350%2C200 1x, https:\/\/i0.wp.com\/noticiasribeiraopreto.com.br\/wp-content\/uploads\/2025\/10\/Copia-de-Copia-de-Copia-de-TAMANHO-EXATO-PARA-FOTOS-NO-SISTEMA-NOVO-2025-10-10T164614.022_2025-10-10_19-46-19.webp.webp?fit=1200%2C675&ssl=1&resize=525%2C300 1.5x, https:\/\/i0.wp.com\/noticiasribeiraopreto.com.br\/wp-content\/uploads\/2025\/10\/Copia-de-Copia-de-Copia-de-TAMANHO-EXATO-PARA-FOTOS-NO-SISTEMA-NOVO-2025-10-10T164614.022_2025-10-10_19-46-19.webp.webp?fit=1200%2C675&ssl=1&resize=700%2C400 2x, https:\/\/i0.wp.com\/noticiasribeiraopreto.com.br\/wp-content\/uploads\/2025\/10\/Copia-de-Copia-de-Copia-de-TAMANHO-EXATO-PARA-FOTOS-NO-SISTEMA-NOVO-2025-10-10T164614.022_2025-10-10_19-46-19.webp.webp?fit=1200%2C675&ssl=1&resize=1050%2C600 3x"},"classes":[]},{"id":32633,"url":"https:\/\/noticiasribeiraopreto.com.br\/index.php\/2024\/01\/25\/apos-um-ano-prefeitura-de-ribeirao-preto-abre-licitacao-para-obras-em-ponte-na-zona-sul\/","url_meta":{"origin":81545,"position":4},"title":"Ap\u00f3s um ano, Prefeitura de Ribeir\u00e3o Preto abre licita\u00e7\u00e3o para obras em ponte na zona Sul","author":"noticiasribeiraopreto.com.br","date":"25 de January de 2024","format":false,"excerpt":"Um ano depois da ponte que d\u00e1 acesso ao condom\u00ednio Royal Park ser interditada por conta de eros\u00f5es provocadas pelas chuvas, a Prefeitura de Ribeir\u00e3o Preto anunciou nesta quinta-feira (25), a abertura de licita\u00e7\u00e3o para a reconstru\u00e7\u00e3o do local. A abertura dos envelopes est\u00e1 prevista para o dia 15 de\u2026","rel":"","context":"In &quot;Not\u00edcias de Ribeir\u00e3o Preto-SP e Regi\u00e3o&quot;","block_context":{"text":"Not\u00edcias de Ribeir\u00e3o Preto-SP e Regi\u00e3o","link":"https:\/\/noticiasribeiraopreto.com.br\/index.php\/category\/noticias-de-ribeirao-preto-sp-e-regiao-ismael-colosi\/"},"img":{"alt_text":"","src":"https:\/\/i0.wp.com\/noticiasribeiraopreto.com.br\/wp-content\/uploads\/2024\/01\/Copia-de-Copia-de-TAMANHO-EXATO-PARA-FOTOS-NO-SISTEMA-NOVO-5-1.jpg?fit=1200%2C675&ssl=1&resize=350%2C200","width":350,"height":200,"srcset":"https:\/\/i0.wp.com\/noticiasribeiraopreto.com.br\/wp-content\/uploads\/2024\/01\/Copia-de-Copia-de-TAMANHO-EXATO-PARA-FOTOS-NO-SISTEMA-NOVO-5-1.jpg?fit=1200%2C675&ssl=1&resize=350%2C200 1x, https:\/\/i0.wp.com\/noticiasribeiraopreto.com.br\/wp-content\/uploads\/2024\/01\/Copia-de-Copia-de-TAMANHO-EXATO-PARA-FOTOS-NO-SISTEMA-NOVO-5-1.jpg?fit=1200%2C675&ssl=1&resize=525%2C300 1.5x, https:\/\/i0.wp.com\/noticiasribeiraopreto.com.br\/wp-content\/uploads\/2024\/01\/Copia-de-Copia-de-TAMANHO-EXATO-PARA-FOTOS-NO-SISTEMA-NOVO-5-1.jpg?fit=1200%2C675&ssl=1&resize=700%2C400 2x, https:\/\/i0.wp.com\/noticiasribeiraopreto.com.br\/wp-content\/uploads\/2024\/01\/Copia-de-Copia-de-TAMANHO-EXATO-PARA-FOTOS-NO-SISTEMA-NOVO-5-1.jpg?fit=1200%2C675&ssl=1&resize=1050%2C600 3x"},"classes":[]},{"id":34675,"url":"https:\/\/noticiasribeiraopreto.com.br\/index.php\/2024\/02\/02\/obra-de-restauro-do-palacio-rio-branco-custara-r-6-milhoes\/","url_meta":{"origin":81545,"position":5},"title":"Obra de restauro do Pal\u00e1cio Rio Branco custar\u00e1 R$ 6 milh\u00f5es","author":"noticiasribeiraopreto.com.br","date":"2 de February de 2024","format":false,"excerpt":"2 de fevereiro de 2024 | 15:302 de fevereiro de 2024 | 10:49 0O prefeito Duarte Nogueira (PSDB) e o secret\u00e1rio municipal da Cultura e Turismo, Pedro Le\u00e3o, assinaram nesta quinta-feira, 1\u00ba de fevereiro, o documento que autoriza a abertura de licita\u00e7\u00e3o para as obras de restaura\u00e7\u00e3o do Pal\u00e1cio Rio\u2026","rel":"","context":"In &quot;Not\u00edcias de Ribeir\u00e3o Preto-SP e Regi\u00e3o&quot;","block_context":{"text":"Not\u00edcias de Ribeir\u00e3o Preto-SP e Regi\u00e3o","link":"https:\/\/noticiasribeiraopreto.com.br\/index.php\/category\/noticias-de-ribeirao-preto-sp-e-regiao-ismael-colosi\/"},"img":{"alt_text":"","src":"https:\/\/i0.wp.com\/noticiasribeiraopreto.com.br\/wp-content\/uploads\/2024\/02\/PalacioRP-Pal-Alfredo-Risk-scaled.jpg?fit=967%2C645&ssl=1&resize=350%2C200","width":350,"height":200,"srcset":"https:\/\/i0.wp.com\/noticiasribeiraopreto.com.br\/wp-content\/uploads\/2024\/02\/PalacioRP-Pal-Alfredo-Risk-scaled.jpg?fit=967%2C645&ssl=1&resize=350%2C200 1x, https:\/\/i0.wp.com\/noticiasribeiraopreto.com.br\/wp-content\/uploads\/2024\/02\/PalacioRP-Pal-Alfredo-Risk-scaled.jpg?fit=967%2C645&ssl=1&resize=525%2C300 1.5x, https:\/\/i0.wp.com\/noticiasribeiraopreto.com.br\/wp-content\/uploads\/2024\/02\/PalacioRP-Pal-Alfredo-Risk-scaled.jpg?fit=967%2C645&ssl=1&resize=700%2C400 2x"},"classes":[]}],"jetpack_sharing_enabled":true,"jetpack_shortlink":"https:\/\/wp.me\/peQAOb-ldf","_links":{"self":[{"href":"https:\/\/noticiasribeiraopreto.com.br\/index.php\/wp-json\/wp\/v2\/posts\/81545","targetHints":{"allow":["GET"]}}],"collection":[{"href":"https:\/\/noticiasribeiraopreto.com.br\/index.php\/wp-json\/wp\/v2\/posts"}],"about":[{"href":"https:\/\/noticiasribeiraopreto.com.br\/index.php\/wp-json\/wp\/v2\/types\/post"}],"author":[{"embeddable":true,"href":"https:\/\/noticiasribeiraopreto.com.br\/index.php\/wp-json\/wp\/v2\/users\/1"}],"replies":[{"embeddable":true,"href":"https:\/\/noticiasribeiraopreto.com.br\/index.php\/wp-json\/wp\/v2\/comments?post=81545"}],"version-history":[{"count":0,"href":"https:\/\/noticiasribeiraopreto.com.br\/index.php\/wp-json\/wp\/v2\/posts\/81545\/revisions"}],"wp:featuredmedia":[{"embeddable":true,"href":"https:\/\/noticiasribeiraopreto.com.br\/index.php\/wp-json\/wp\/v2\/media\/81546"}],"wp:attachment":[{"href":"https:\/\/noticiasribeiraopreto.com.br\/index.php\/wp-json\/wp\/v2\/media?parent=81545"}],"wp:term":[{"taxonomy":"category","embeddable":true,"href":"https:\/\/noticiasribeiraopreto.com.br\/index.php\/wp-json\/wp\/v2\/categories?post=81545"},{"taxonomy":"post_tag","embeddable":true,"href":"https:\/\/noticiasribeiraopreto.com.br\/index.php\/wp-json\/wp\/v2\/tags?post=81545"}],"curies":[{"name":"wp","href":"https:\/\/api.w.org\/{rel}","templated":true}]}}