{"id":81547,"date":"2026-01-09T08:28:59","date_gmt":"2026-01-09T11:28:59","guid":{"rendered":"https:\/\/noticiasribeiraopreto.com.br\/index.php\/2026\/01\/09\/ribeirao-preto-sedia-estreia-nacional-de-evento-que-une-lego-e-formula-1\/"},"modified":"2026-01-09T08:28:59","modified_gmt":"2026-01-09T11:28:59","slug":"ribeirao-preto-sedia-estreia-nacional-de-evento-que-une-lego-e-formula-1","status":"publish","type":"post","link":"https:\/\/noticiasribeiraopreto.com.br\/index.php\/2026\/01\/09\/ribeirao-preto-sedia-estreia-nacional-de-evento-que-une-lego-e-formula-1\/","title":{"rendered":"Ribeir\u00e3o Preto sedia estreia nacional de evento que une Lego e F\u00f3rmula 1"},"content":{"rendered":"<div class='code-block code-block-1' style='margin: 8px 0 8px auto; text-align: right; display: block; clear: both;'>\n<p><a href=\"https:\/\/wa.link\/vpicfd\"><img data-recalc-dims=\"1\" class=\"wp-image-4922\" style=\"aspect-ratio: 2.0253164556962027; width: 561px; height: auto;\" src=\"https:\/\/i0.wp.com\/ismaelcolosi.com.br\/wp-content\/uploads\/2023\/11\/grupo-de-empregos-whatsapp-e-facebook-ismael-colosi-vagas.jpg?ssl=1\" alt=\"\" \/><\/a><\/p>\n<!-- \/wp:image -->\n<\/div>\n<p> <br \/>\n<\/p>\n<div>\n<p>Ribeir\u00e3o Preto vai receber, a partir de <strong>16 de janeiro<\/strong>, um <strong>evento in\u00e9dito que une Lego e Formula 1<\/strong>, no <strong>Ribeir\u00e3o Shopping<\/strong>, oferecendo uma experi\u00eancia interativa e imersiva para crian\u00e7as e fam\u00edlias. A iniciativa chega ao Brasil pela primeira vez.<\/p>\n<p>Lan\u00e7ada globalmente em 2025, a experi\u00eancia j\u00e1 passou por cidades como <strong>Hong Kong, Melbourne, Las Vegas, Manila e Miami<\/strong>, al\u00e9m de centros de experi\u00eancias Lego na Europa e nos Estados Unidos. Em 2026, <strong>Ribeir\u00e3o Preto foi escolhida como cidade de estreia nacional do projeto itinerante.<\/strong><\/p>\n<p>A exposi\u00e7\u00e3o apresenta <strong>tr\u00eas modelos oficiais da F\u00f3rmula 1 constru\u00eddos com Lego<\/strong>, permitindo que o p\u00fablico veja detalhes de engenharia, cores e design das equipes. <\/p>\n<figure class=\"wp-block-image aligncenter size-large\"><img data-recalc-dims=\"1\" fetchpriority=\"high\" decoding=\"async\" width=\"1024\" height=\"576\" src=\"https:\/\/i0.wp.com\/cdn.media-acidadeon.com.br\/ribeiraopreto\/wp-content\/uploads\/sites\/3\/2026\/01\/Imagem-do-WhatsApp-de-2026-01-08-as-15.12.27_88158be7_2026-01-08_18-55-47-1024x576.webp?resize=1024%2C576&#038;ssl=1\" alt=\"f\u00f3rmula 1&#10;\" class=\"wp-image-141592\" title=\"Ribeir\u00e3o Preto sedia estreia nacional de evento que une Lego e F\u00f3rmula 1 1\" srcset=\"https:\/\/cdn.media-acidadeon.com.br\/ribeiraopreto\/wp-content\/uploads\/sites\/3\/2026\/01\/Imagem-do-WhatsApp-de-2026-01-08-as-15.12.27_88158be7_2026-01-08_18-55-47-1024x576.webp 1024w, https:\/\/cdn.media-acidadeon.com.br\/ribeiraopreto\/wp-content\/uploads\/sites\/3\/2026\/01\/Imagem-do-WhatsApp-de-2026-01-08-as-15.12.27_88158be7_2026-01-08_18-55-47-300x169.webp 300w, https:\/\/cdn.media-acidadeon.com.br\/ribeiraopreto\/wp-content\/uploads\/sites\/3\/2026\/01\/Imagem-do-WhatsApp-de-2026-01-08-as-15.12.27_88158be7_2026-01-08_18-55-47-768x432.webp 768w, https:\/\/cdn.media-acidadeon.com.br\/ribeiraopreto\/wp-content\/uploads\/sites\/3\/2026\/01\/Imagem-do-WhatsApp-de-2026-01-08-as-15.12.27_88158be7_2026-01-08_18-55-47-696x392.webp 696w, https:\/\/cdn.media-acidadeon.com.br\/ribeiraopreto\/wp-content\/uploads\/sites\/3\/2026\/01\/Imagem-do-WhatsApp-de-2026-01-08-as-15.12.27_88158be7_2026-01-08_18-55-47-1068x601.webp 1068w, https:\/\/cdn.media-acidadeon.com.br\/ribeiraopreto\/wp-content\/uploads\/sites\/3\/2026\/01\/Imagem-do-WhatsApp-de-2026-01-08-as-15.12.27_88158be7_2026-01-08_18-55-47.webp 1200w\" sizes=\"(max-width: 1024px) 100vw, 1024px\"\/><\/figure>\n<h3 class=\"wp-block-heading\"><strong>Desafios de Lego e Formula 1<\/strong><\/h3>\n<p>O evento inclui <strong>atividades inspiradas em corridas<\/strong>, como desafios de <strong>Pit Stop, Resist\u00eancia e Reflexo<\/strong>, al\u00e9m de <strong>espa\u00e7os instagram\u00e1veis<\/strong> e exposi\u00e7\u00e3o de <strong>tr\u00eas carros da F\u00f3rmula 1 feitos de Lego<\/strong>. Crian\u00e7as tamb\u00e9m podem interagir com <strong>dez carros de diferentes escuderias<\/strong>, aproximando o p\u00fablico da din\u00e2mica das corridas e dos bastidores do automobilismo.<\/p>\n<h3 class=\"wp-block-heading\"><strong>Oficina Criativa<\/strong><\/h3>\n<p>Um dos destaques \u00e9 a <strong>Oficina Criativa<\/strong>, onde crian\u00e7as e fam\u00edlias podem <strong>construir e personalizar seus pr\u00f3prios carros de Lego inspirados na F\u00f3rmula 1<\/strong>. Ap\u00f3s a montagem, os ve\u00edculos s\u00e3o testados em <strong>pistas f\u00edsicas<\/strong>, estimulando <strong>criatividade, racioc\u00ednio l\u00f3gico e no\u00e7\u00f5es de design<\/strong>.<\/p>\n<p>Al\u00e9m da oficina e da exposi\u00e7\u00e3o, as crian\u00e7as podem <strong>testar carros de Lego em pistas f\u00edsicas<\/strong>, simulando corridas e desafios de pilotagem. <\/p>\n<h4 class=\"wp-block-heading\"><strong>Quem pode participar?<\/strong><\/h4>\n<p>A experi\u00eancia \u00e9 indicada para <strong>crian\u00e7as a partir de 4 anos<\/strong> e funciona <strong>diariamente, das 12h \u00e0s 20h<\/strong>, com turmas a cada 25 minutos, na <strong>Pra\u00e7a de Eventos A do Ribeir\u00e3o Shopping<\/strong>. A entrada \u00e9 gratuita e informa\u00e7\u00f5es adicionais est\u00e3o dispon\u00edveis no <strong>App Multi<\/strong>.<\/p>\n<div class=\"wp-block-image\">\n<figure class=\"aligncenter size-full is-resized\"><img data-recalc-dims=\"1\" loading=\"lazy\" decoding=\"async\" width=\"1000\" height=\"625\" src=\"https:\/\/i0.wp.com\/cdn.media-acidadeon.com.br\/ribeiraopreto\/wp-content\/uploads\/sites\/3\/2026\/01\/image_2026-01-08_18-53-30.webp?resize=1000%2C625&#038;ssl=1\" alt=\"image 2026 01 08 18 53 30\" class=\"wp-image-141591\" style=\"width:683px;height:auto\" title=\"Ribeir\u00e3o Preto sedia estreia nacional de evento que une Lego e F\u00f3rmula 1 2\" srcset=\"https:\/\/cdn.media-acidadeon.com.br\/ribeiraopreto\/wp-content\/uploads\/sites\/3\/2026\/01\/image_2026-01-08_18-53-30.webp 1000w, https:\/\/cdn.media-acidadeon.com.br\/ribeiraopreto\/wp-content\/uploads\/sites\/3\/2026\/01\/image_2026-01-08_18-53-30-300x188.webp 300w, https:\/\/cdn.media-acidadeon.com.br\/ribeiraopreto\/wp-content\/uploads\/sites\/3\/2026\/01\/image_2026-01-08_18-53-30-768x480.webp 768w, https:\/\/cdn.media-acidadeon.com.br\/ribeiraopreto\/wp-content\/uploads\/sites\/3\/2026\/01\/image_2026-01-08_18-53-30-696x435.webp 696w\" sizes=\"auto, (max-width: 1000px) 100vw, 1000px\"\/><figcaption class=\"wp-element-caption\">Reprodu\u00e7\u00e3o\/ Site oficial<\/figcaption><\/figure>\n<\/div>\n<p>Clientes do programa <strong>Multi<\/strong> contam com <strong>tempo em dobro<\/strong> na atividade, resgat\u00e1vel pelo aplicativo.<\/p>\n<hr class=\"wp-block-separator has-alpha-channel-opacity\"\/>\n<p>SAIBA MAIS<br \/>Anvisa aprova novo medicamento para tratamento inicial do Alzheimer<\/p>\n<h2 class=\"wp-block-heading\"><strong>FIQUE ON<\/strong><\/h2>\n<p>Fique ligado em tudo que acontece em Ribeir\u00e3o Preto e regi\u00e3o. Siga os perfis do\u00a0<strong>acidade on<\/strong>\u00a0no\u00a0<a href=\"https:\/\/www.instagram.com\/acidadeonribeirao\" target=\"_blank\" rel=\"noreferrer noopener\">Instagram<\/a>\u00a0e no<a href=\"https:\/\/www.facebook.com\/acidadeonribeirao\/\" target=\"_blank\" rel=\"noreferrer noopener\">\u00a0Facebook<\/a>.<\/p>\n<p>SAIBA MAIS<br \/>Anvisa aprova novo medicamento para tratamento inicial do Alzheimer<\/p>\n<p>Receba not\u00edcias do\u00a0<strong>acidade on<\/strong>\u00a0no WhatsApp. Para entrar no grupo,\u00a0basta<a href=\"https:\/\/chat.whatsapp.com\/GFH9HUMUTHNFJdnyEd0xxq\" target=\"_blank\" rel=\"noreferrer noopener\">\u00a0clicar aqui<\/a>. Ou, acesse o nosso\u00a0Canal<a href=\"https:\/\/whatsapp.com\/channel\/0029Vb6IQl1JENyAeS57fk2p\" target=\"_blank\" rel=\"noreferrer noopener\">\u00a0clicando aqui<\/a>.<\/p>\n<p>Fa\u00e7a uma den\u00fancia ou sugira uma reportagem sobre Ribeir\u00e3o Preto e regi\u00e3o pelo WhatsApp: 16 99117 7802.<\/p>\n<p>VEJA TAMB\u00c9M<br \/>Experi\u00eancia e adapta\u00e7\u00e3o tornam vi\u00e1vel o cultivo de abacaxi fora dos polos tradicionais<\/p>\n<p><!-- AI CONTENT END 1 -->\n<\/div>\n<p><script async src=\"\/\/www.instagram.com\/embed.js\"><\/script><br \/>\n<br \/><br \/>\n<br \/><a href=\"https:\/\/www.acidadeon.com\/ribeiraopreto\/lazer-e-cultura\/ribeirao-preto-sedia-estreia-nacional-de-evento-que-une-lego-e-formula-1\/\">Source link <\/a><\/p>\n<!-- CONTENT END 1 -->\n","protected":false},"excerpt":{"rendered":"<p>Ribeir\u00e3o Preto vai receber, a partir de 16 de janeiro, um evento in\u00e9dito que une Lego e Formula 1, no Ribeir\u00e3o Shopping, oferecendo uma experi\u00eancia&#8230;<\/p>\n","protected":false},"author":1,"featured_media":81548,"comment_status":"open","ping_status":"open","sticky":false,"template":"","format":"standard","meta":{"advanced_seo_description":"","jetpack_seo_html_title":"","jetpack_seo_noindex":false,"jetpack_post_was_ever_published":false,"_jetpack_newsletter_access":"","_jetpack_dont_email_post_to_subs":false,"_jetpack_newsletter_tier_id":0,"_jetpack_memberships_contains_paywalled_content":false,"_jetpack_memberships_contains_paid_content":false,"footnotes":"","jetpack_publicize_message":"","jetpack_publicize_feature_enabled":true,"jetpack_social_post_already_shared":true,"jetpack_social_options":{"image_generator_settings":{"template":"highway","default_image_id":0,"font":"","enabled":false},"version":2}},"categories":[11],"tags":[],"class_list":["post-81547","post","type-post","status-publish","format-standard","has-post-thumbnail","hentry","category-noticias-de-ribeirao-preto-sp-e-regiao-ismael-colosi"],"jetpack_publicize_connections":[],"jetpack_featured_media_url":"https:\/\/i0.wp.com\/noticiasribeiraopreto.com.br\/wp-content\/uploads\/2026\/01\/Imagem-do-WhatsApp-de-2026-01-08-as-15.12.25_f3429c8e_2026-01-08_18-51-30.webp.webp?fit=1200%2C675&ssl=1","jetpack-related-posts":[{"id":64271,"url":"https:\/\/noticiasribeiraopreto.com.br\/index.php\/2025\/03\/06\/saiba-ate-quando-vai-a-exposicao-gratuita-de-lego-em-shopping-de-ribeirao-preto\/","url_meta":{"origin":81547,"position":0},"title":"Saiba at\u00e9 quando vai a exposi\u00e7\u00e3o gratuita de Lego em shopping de Ribeir\u00e3o Preto","author":"noticiasribeiraopreto.com.br","date":"6 de March de 2025","format":false,"excerpt":"A exposi\u00e7\u00e3o com esculturas gigantes e oficinas gratuitas de Lego chega a sua reta final. A atra\u00e7\u00e3o acontece at\u00e9 o domingo (9), no Ribeir\u00e3o Shopping, localizado na zona Sul de Ribeir\u00e3o Preto. Criada para adultos e crian\u00e7as, a \u201cExperi\u00eancia LEGO\u00ae City\u201d oferece uma imers\u00e3o no universo dos blocos coloridos. Localizada\u2026","rel":"","context":"In &quot;Not\u00edcias de Ribeir\u00e3o Preto-SP e Regi\u00e3o&quot;","block_context":{"text":"Not\u00edcias de Ribeir\u00e3o Preto-SP e Regi\u00e3o","link":"https:\/\/noticiasribeiraopreto.com.br\/index.php\/category\/noticias-de-ribeirao-preto-sp-e-regiao-ismael-colosi\/"},"img":{"alt_text":"","src":"https:\/\/i0.wp.com\/noticiasribeiraopreto.com.br\/wp-content\/uploads\/2025\/03\/WhatsApp-Image-2025-03-06-at-10.53.43_2025-03-06_16-10-51_jpeg_2025-03-06_16-10-52.webp.webp?fit=1200%2C800&ssl=1&resize=350%2C200","width":350,"height":200,"srcset":"https:\/\/i0.wp.com\/noticiasribeiraopreto.com.br\/wp-content\/uploads\/2025\/03\/WhatsApp-Image-2025-03-06-at-10.53.43_2025-03-06_16-10-51_jpeg_2025-03-06_16-10-52.webp.webp?fit=1200%2C800&ssl=1&resize=350%2C200 1x, https:\/\/i0.wp.com\/noticiasribeiraopreto.com.br\/wp-content\/uploads\/2025\/03\/WhatsApp-Image-2025-03-06-at-10.53.43_2025-03-06_16-10-51_jpeg_2025-03-06_16-10-52.webp.webp?fit=1200%2C800&ssl=1&resize=525%2C300 1.5x, https:\/\/i0.wp.com\/noticiasribeiraopreto.com.br\/wp-content\/uploads\/2025\/03\/WhatsApp-Image-2025-03-06-at-10.53.43_2025-03-06_16-10-51_jpeg_2025-03-06_16-10-52.webp.webp?fit=1200%2C800&ssl=1&resize=700%2C400 2x, https:\/\/i0.wp.com\/noticiasribeiraopreto.com.br\/wp-content\/uploads\/2025\/03\/WhatsApp-Image-2025-03-06-at-10.53.43_2025-03-06_16-10-51_jpeg_2025-03-06_16-10-52.webp.webp?fit=1200%2C800&ssl=1&resize=1050%2C600 3x"},"classes":[]},{"id":16528,"url":"https:\/\/noticiasribeiraopreto.com.br\/index.php\/2023\/12\/15\/loja-lego-abre-unidade-em-ribeirao-preto-veja-o-local\/","url_meta":{"origin":81547,"position":1},"title":"Loja Lego abre unidade em Ribeir\u00e3o Preto; Veja o local","author":"noticiasribeiraopreto.com.br","date":"15 de December de 2023","format":false,"excerpt":"Ribeir\u00e3o Preto recebeu a 16\u00aa loja da marca Lego. O local escolhido para receber a unidade foi o Ribeir\u00e3o Shopping, na zona Sul da cidade. Os blocos de montar fazem parte da mem\u00f3ria afetiva de milh\u00f5es de adultos e tamb\u00e9m do dia a dia de milh\u00f5es de crian\u00e7as. \u201cO Grupo\u2026","rel":"","context":"In &quot;Not\u00edcias de Ribeir\u00e3o Preto-SP e Regi\u00e3o&quot;","block_context":{"text":"Not\u00edcias de Ribeir\u00e3o Preto-SP e Regi\u00e3o","link":"https:\/\/noticiasribeiraopreto.com.br\/index.php\/category\/noticias-de-ribeirao-preto-sp-e-regiao-ismael-colosi\/"},"img":{"alt_text":"","src":"https:\/\/i0.wp.com\/noticiasribeiraopreto.com.br\/wp-content\/uploads\/2023\/12\/lego.jpg?fit=800%2C533&ssl=1&resize=350%2C200","width":350,"height":200,"srcset":"https:\/\/i0.wp.com\/noticiasribeiraopreto.com.br\/wp-content\/uploads\/2023\/12\/lego.jpg?fit=800%2C533&ssl=1&resize=350%2C200 1x, https:\/\/i0.wp.com\/noticiasribeiraopreto.com.br\/wp-content\/uploads\/2023\/12\/lego.jpg?fit=800%2C533&ssl=1&resize=525%2C300 1.5x, https:\/\/i0.wp.com\/noticiasribeiraopreto.com.br\/wp-content\/uploads\/2023\/12\/lego.jpg?fit=800%2C533&ssl=1&resize=700%2C400 2x"},"classes":[]},{"id":62451,"url":"https:\/\/noticiasribeiraopreto.com.br\/index.php\/2025\/01\/14\/shopping-de-ribeirao-realiza-exposicao-com-esculturas-gigantes-e-oficinas-gratuitas-de-lego\/","url_meta":{"origin":81547,"position":2},"title":"Shopping de Ribeir\u00e3o realiza exposi\u00e7\u00e3o com esculturas gigantes e oficinas gratuitas de Lego","author":"noticiasribeiraopreto.com.br","date":"14 de January de 2025","format":false,"excerpt":"Apaixonados por Lego podem se divertir com uma exposi\u00e7\u00e3o especial e gratuita que acontece entre os dias 18 de janeiro e 9 de mar\u00e7o, no Ribeir\u00e3o Shopping, localizado na zona Sul de Ribeir\u00e3o Preto. A \u201cExperi\u00eancia Lego City\u201d busca promover uma imers\u00e3o no universo criativo dos blocos coloridos, que conquistaram\u2026","rel":"","context":"In &quot;Not\u00edcias de Ribeir\u00e3o Preto-SP e Regi\u00e3o&quot;","block_context":{"text":"Not\u00edcias de Ribeir\u00e3o Preto-SP e Regi\u00e3o","link":"https:\/\/noticiasribeiraopreto.com.br\/index.php\/category\/noticias-de-ribeirao-preto-sp-e-regiao-ismael-colosi\/"},"img":{"alt_text":"","src":"https:\/\/i0.wp.com\/noticiasribeiraopreto.com.br\/wp-content\/uploads\/2025\/01\/Copia-de-Copia-de-Copia-de-TAMANHO-EXATO-PARA-FOTOS-NO-SISTEMA-NOVO-2025-01-14T190503.443_2025-01-14_22-10-36_png_2025-01-14_22-10-36.webp.webp?fit=1200%2C675&ssl=1&resize=350%2C200","width":350,"height":200,"srcset":"https:\/\/i0.wp.com\/noticiasribeiraopreto.com.br\/wp-content\/uploads\/2025\/01\/Copia-de-Copia-de-Copia-de-TAMANHO-EXATO-PARA-FOTOS-NO-SISTEMA-NOVO-2025-01-14T190503.443_2025-01-14_22-10-36_png_2025-01-14_22-10-36.webp.webp?fit=1200%2C675&ssl=1&resize=350%2C200 1x, https:\/\/i0.wp.com\/noticiasribeiraopreto.com.br\/wp-content\/uploads\/2025\/01\/Copia-de-Copia-de-Copia-de-TAMANHO-EXATO-PARA-FOTOS-NO-SISTEMA-NOVO-2025-01-14T190503.443_2025-01-14_22-10-36_png_2025-01-14_22-10-36.webp.webp?fit=1200%2C675&ssl=1&resize=525%2C300 1.5x, https:\/\/i0.wp.com\/noticiasribeiraopreto.com.br\/wp-content\/uploads\/2025\/01\/Copia-de-Copia-de-Copia-de-TAMANHO-EXATO-PARA-FOTOS-NO-SISTEMA-NOVO-2025-01-14T190503.443_2025-01-14_22-10-36_png_2025-01-14_22-10-36.webp.webp?fit=1200%2C675&ssl=1&resize=700%2C400 2x, https:\/\/i0.wp.com\/noticiasribeiraopreto.com.br\/wp-content\/uploads\/2025\/01\/Copia-de-Copia-de-Copia-de-TAMANHO-EXATO-PARA-FOTOS-NO-SISTEMA-NOVO-2025-01-14T190503.443_2025-01-14_22-10-36_png_2025-01-14_22-10-36.webp.webp?fit=1200%2C675&ssl=1&resize=1050%2C600 3x"},"classes":[]},{"id":58898,"url":"https:\/\/noticiasribeiraopreto.com.br\/index.php\/2024\/10\/08\/predios-historicos-de-ribeirao-preto-se-transformam-em-lego\/","url_meta":{"origin":81547,"position":3},"title":"Pr\u00e9dios hist\u00f3ricos de Ribeir\u00e3o Preto se transformam em LEGO","author":"noticiasribeiraopreto.com.br","date":"8 de October de 2024","format":false,"excerpt":"Pr\u00e9dio hist\u00f3ricos e tradicionais de Ribeir\u00e3o Preto ganham vida no mundo do LEGO. Recria\u00e7\u00f5es de conjuntos arquitet\u00f4nicos que comp\u00f5em o famoso \u201cQuarteir\u00e3o Paulista\u201d de Ribeir\u00e3o Preto, como o Theatro Pedro II e o Pinguim est\u00e3o expostos na 2\u00aa edi\u00e7\u00e3o do POW Festival. A mostra acontece nos dias 19 e 20\u2026","rel":"","context":"In &quot;Not\u00edcias de Ribeir\u00e3o Preto-SP e Regi\u00e3o&quot;","block_context":{"text":"Not\u00edcias de Ribeir\u00e3o Preto-SP e Regi\u00e3o","link":"https:\/\/noticiasribeiraopreto.com.br\/index.php\/category\/noticias-de-ribeirao-preto-sp-e-regiao-ismael-colosi\/"},"img":{"alt_text":"","src":"https:\/\/i0.wp.com\/noticiasribeiraopreto.com.br\/wp-content\/uploads\/2024\/10\/Imagem-do-WhatsApp-de-2024-10-08-as-17.33.53_6a1ac251_2024-10-08_21-06-23_jpg_2024-10-08_21-06-23.webp.webp?fit=800%2C800&ssl=1&resize=350%2C200","width":350,"height":200,"srcset":"https:\/\/i0.wp.com\/noticiasribeiraopreto.com.br\/wp-content\/uploads\/2024\/10\/Imagem-do-WhatsApp-de-2024-10-08-as-17.33.53_6a1ac251_2024-10-08_21-06-23_jpg_2024-10-08_21-06-23.webp.webp?fit=800%2C800&ssl=1&resize=350%2C200 1x, https:\/\/i0.wp.com\/noticiasribeiraopreto.com.br\/wp-content\/uploads\/2024\/10\/Imagem-do-WhatsApp-de-2024-10-08-as-17.33.53_6a1ac251_2024-10-08_21-06-23_jpg_2024-10-08_21-06-23.webp.webp?fit=800%2C800&ssl=1&resize=525%2C300 1.5x, https:\/\/i0.wp.com\/noticiasribeiraopreto.com.br\/wp-content\/uploads\/2024\/10\/Imagem-do-WhatsApp-de-2024-10-08-as-17.33.53_6a1ac251_2024-10-08_21-06-23_jpg_2024-10-08_21-06-23.webp.webp?fit=800%2C800&ssl=1&resize=700%2C400 2x"},"classes":[]},{"id":58901,"url":"https:\/\/noticiasribeiraopreto.com.br\/index.php\/2024\/10\/08\/predios-historicos-de-ribeirao-preto-ganham-versao-lego\/","url_meta":{"origin":81547,"position":4},"title":"Pr\u00e9dios hist\u00f3ricos de Ribeir\u00e3o Preto ganham vers\u00e3o Lego","author":"noticiasribeiraopreto.com.br","date":"8 de October de 2024","format":false,"excerpt":"Pr\u00e9dio hist\u00f3ricos e tradicionais de Ribeir\u00e3o Preto ganham vida no mundo do Lego. Recria\u00e7\u00f5es de conjuntos arquitet\u00f4nicos que comp\u00f5em o famoso \u201cQuarteir\u00e3o Paulista\u201d de Ribeir\u00e3o Preto, como o Theatro Pedro II e o Pinguim est\u00e3o expostos na 2\u00aa edi\u00e7\u00e3o do POW Festival. A mostra acontece nos dias 19 e 20\u2026","rel":"","context":"In &quot;Not\u00edcias de Ribeir\u00e3o Preto-SP e Regi\u00e3o&quot;","block_context":{"text":"Not\u00edcias de Ribeir\u00e3o Preto-SP e Regi\u00e3o","link":"https:\/\/noticiasribeiraopreto.com.br\/index.php\/category\/noticias-de-ribeirao-preto-sp-e-regiao-ismael-colosi\/"},"img":{"alt_text":"","src":"https:\/\/i0.wp.com\/noticiasribeiraopreto.com.br\/wp-content\/uploads\/2024\/10\/Imagem-do-WhatsApp-de-2024-10-08-as-17.33.53_6a1ac251_2024-10-08_21-06-23_jpg_2024-10-08_21-06-23.webp.webp?fit=800%2C800&ssl=1&resize=350%2C200","width":350,"height":200,"srcset":"https:\/\/i0.wp.com\/noticiasribeiraopreto.com.br\/wp-content\/uploads\/2024\/10\/Imagem-do-WhatsApp-de-2024-10-08-as-17.33.53_6a1ac251_2024-10-08_21-06-23_jpg_2024-10-08_21-06-23.webp.webp?fit=800%2C800&ssl=1&resize=350%2C200 1x, https:\/\/i0.wp.com\/noticiasribeiraopreto.com.br\/wp-content\/uploads\/2024\/10\/Imagem-do-WhatsApp-de-2024-10-08-as-17.33.53_6a1ac251_2024-10-08_21-06-23_jpg_2024-10-08_21-06-23.webp.webp?fit=800%2C800&ssl=1&resize=525%2C300 1.5x, https:\/\/i0.wp.com\/noticiasribeiraopreto.com.br\/wp-content\/uploads\/2024\/10\/Imagem-do-WhatsApp-de-2024-10-08-as-17.33.53_6a1ac251_2024-10-08_21-06-23_jpg_2024-10-08_21-06-23.webp.webp?fit=800%2C800&ssl=1&resize=700%2C400 2x"},"classes":[]},{"id":58903,"url":"https:\/\/noticiasribeiraopreto.com.br\/index.php\/2024\/10\/08\/predios-historicos-de-ribeirao-preto-ganham-versao-lego-2\/","url_meta":{"origin":81547,"position":5},"title":"Pr\u00e9dios hist\u00f3ricos de Ribeir\u00e3o Preto ganham vers\u00e3o Lego","author":"noticiasribeiraopreto.com.br","date":"8 de October de 2024","format":false,"excerpt":"Pr\u00e9dios hist\u00f3ricos e tradicionais de Ribeir\u00e3o Preto ganham vida no mundo do Lego. Recria\u00e7\u00f5es de conjuntos arquitet\u00f4nicos que comp\u00f5em o famoso \u201cQuarteir\u00e3o Paulista\u201d de Ribeir\u00e3o Preto, como o Theatro Pedro II e o Pinguim est\u00e3o expostos na 2\u00aa edi\u00e7\u00e3o do POW Festival. A mostra acontece nos dias 19 e 20\u2026","rel":"","context":"In &quot;Not\u00edcias de Ribeir\u00e3o Preto-SP e Regi\u00e3o&quot;","block_context":{"text":"Not\u00edcias de Ribeir\u00e3o Preto-SP e Regi\u00e3o","link":"https:\/\/noticiasribeiraopreto.com.br\/index.php\/category\/noticias-de-ribeirao-preto-sp-e-regiao-ismael-colosi\/"},"img":{"alt_text":"","src":"https:\/\/i0.wp.com\/noticiasribeiraopreto.com.br\/wp-content\/uploads\/2024\/10\/Imagem-do-WhatsApp-de-2024-10-08-as-17.33.53_6a1ac251_2024-10-08_21-06-23_jpg_2024-10-08_21-06-23.webp.webp?fit=800%2C800&ssl=1&resize=350%2C200","width":350,"height":200,"srcset":"https:\/\/i0.wp.com\/noticiasribeiraopreto.com.br\/wp-content\/uploads\/2024\/10\/Imagem-do-WhatsApp-de-2024-10-08-as-17.33.53_6a1ac251_2024-10-08_21-06-23_jpg_2024-10-08_21-06-23.webp.webp?fit=800%2C800&ssl=1&resize=350%2C200 1x, https:\/\/i0.wp.com\/noticiasribeiraopreto.com.br\/wp-content\/uploads\/2024\/10\/Imagem-do-WhatsApp-de-2024-10-08-as-17.33.53_6a1ac251_2024-10-08_21-06-23_jpg_2024-10-08_21-06-23.webp.webp?fit=800%2C800&ssl=1&resize=525%2C300 1.5x, https:\/\/i0.wp.com\/noticiasribeiraopreto.com.br\/wp-content\/uploads\/2024\/10\/Imagem-do-WhatsApp-de-2024-10-08-as-17.33.53_6a1ac251_2024-10-08_21-06-23_jpg_2024-10-08_21-06-23.webp.webp?fit=800%2C800&ssl=1&resize=700%2C400 2x"},"classes":[]}],"jetpack_sharing_enabled":true,"jetpack_shortlink":"https:\/\/wp.me\/peQAOb-ldh","_links":{"self":[{"href":"https:\/\/noticiasribeiraopreto.com.br\/index.php\/wp-json\/wp\/v2\/posts\/81547","targetHints":{"allow":["GET"]}}],"collection":[{"href":"https:\/\/noticiasribeiraopreto.com.br\/index.php\/wp-json\/wp\/v2\/posts"}],"about":[{"href":"https:\/\/noticiasribeiraopreto.com.br\/index.php\/wp-json\/wp\/v2\/types\/post"}],"author":[{"embeddable":true,"href":"https:\/\/noticiasribeiraopreto.com.br\/index.php\/wp-json\/wp\/v2\/users\/1"}],"replies":[{"embeddable":true,"href":"https:\/\/noticiasribeiraopreto.com.br\/index.php\/wp-json\/wp\/v2\/comments?post=81547"}],"version-history":[{"count":0,"href":"https:\/\/noticiasribeiraopreto.com.br\/index.php\/wp-json\/wp\/v2\/posts\/81547\/revisions"}],"wp:featuredmedia":[{"embeddable":true,"href":"https:\/\/noticiasribeiraopreto.com.br\/index.php\/wp-json\/wp\/v2\/media\/81548"}],"wp:attachment":[{"href":"https:\/\/noticiasribeiraopreto.com.br\/index.php\/wp-json\/wp\/v2\/media?parent=81547"}],"wp:term":[{"taxonomy":"category","embeddable":true,"href":"https:\/\/noticiasribeiraopreto.com.br\/index.php\/wp-json\/wp\/v2\/categories?post=81547"},{"taxonomy":"post_tag","embeddable":true,"href":"https:\/\/noticiasribeiraopreto.com.br\/index.php\/wp-json\/wp\/v2\/tags?post=81547"}],"curies":[{"name":"wp","href":"https:\/\/api.w.org\/{rel}","templated":true}]}}