{"id":81549,"date":"2026-01-09T08:37:54","date_gmt":"2026-01-09T11:37:54","guid":{"rendered":"https:\/\/noticiasribeiraopreto.com.br\/index.php\/2026\/01\/09\/comercio-de-ribeirao-preto-projeta-alta-de-1-a-3-nas-vendas\/"},"modified":"2026-01-09T08:37:54","modified_gmt":"2026-01-09T11:37:54","slug":"comercio-de-ribeirao-preto-projeta-alta-de-1-a-3-nas-vendas","status":"publish","type":"post","link":"https:\/\/noticiasribeiraopreto.com.br\/index.php\/2026\/01\/09\/comercio-de-ribeirao-preto-projeta-alta-de-1-a-3-nas-vendas\/","title":{"rendered":"Com\u00e9rcio de Ribeir\u00e3o Preto projeta alta de 1% a 3% nas vendas"},"content":{"rendered":"<div class='code-block code-block-1' style='margin: 8px 0 8px auto; text-align: right; display: block; clear: both;'>\n<p><a href=\"https:\/\/wa.link\/vpicfd\"><img data-recalc-dims=\"1\" class=\"wp-image-4922\" style=\"aspect-ratio: 2.0253164556962027; width: 561px; height: auto;\" src=\"https:\/\/i0.wp.com\/ismaelcolosi.com.br\/wp-content\/uploads\/2023\/11\/grupo-de-empregos-whatsapp-e-facebook-ismael-colosi-vagas.jpg?ssl=1\" alt=\"\" \/><\/a><\/p>\n<!-- \/wp:image -->\n<\/div>\n<p> <br \/>\n<\/p>\n<div>\n<p><em>Compra de artigos para a volta \u00e0s aulas e liquida\u00e7\u00e3o de estoques de Natal, s\u00e3o fatores que devem ajudar o desempenho do varejo nesse in\u00edcio de ano<\/em><\/p>\n<p>O Com\u00e9rcio Varejista de Ribeir\u00e3o Preto projeta crescimento m\u00e9dio de 1% a 3% nas vendas de janeiro de 2026, na compara\u00e7\u00e3o com o mesmo per\u00edodo do ano passado.<\/p>\n<p>A pequena varia\u00e7\u00e3o positiva apresenta vi\u00e9s de estabilidade. \u00c9 o que aponta levantamento do SINCOVARP (Sindicato do Com\u00e9rcio Varejista) e da CDL RP (C\u00e2mara de Dirigentes Lojistas), por meio do CPV (Centro de Pesquisas do Varejo).<\/p>\n<p>\u201cOs segmentos relacionados \u00e0 volta \u00e0s aulas s\u00e3o os mais aquecidos. O de material escolar, por exemplo, deve registrar aumento m\u00e9dio de 5% a 7%, em Ribeir\u00e3o Preto, especialmente em janeiro. Vale lembrar que Ribeir\u00e3o Preto \u00e9 um polo regional de consumo que costuma atrair parte do p\u00fablico das cidades do entorno\u201d, explica Diego Galli Alberto, economista, pesquisador e coordenador do CPV SINCOVARP\/CDL RP.<\/p>\n<p>J\u00e1 para os demais segmentos do Varejo, ainda segundo o economista, o primeiro m\u00eas do ano \u00e9 um per\u00edodo em que historicamente as vendas caem.<\/p>\n<figure id=\"attachment_451366\" aria-describedby=\"caption-attachment-451366\" style=\"width: 341px\" class=\"wp-caption alignright\"><img data-recalc-dims=\"1\" loading=\"lazy\" decoding=\"async\" class=\"wp-image-451366 lazyload\" src=\"https:\/\/i0.wp.com\/www.tribunaribeirao.com.br\/wp-content\/uploads\/2026\/01\/1-comercio-rp-foto-2_Risk1-1920x1280-1-300x200.jpg?resize=341%2C227&#038;ssl=1\" alt=\"\" width=\"341\" height=\"227\" srcset=\"https:\/\/www.tribunaribeirao.com.br\/wp-content\/uploads\/2026\/01\/1-comercio-rp-foto-2_Risk1-1920x1280-1-300x200.jpg 300w, https:\/\/www.tribunaribeirao.com.br\/wp-content\/uploads\/2026\/01\/1-comercio-rp-foto-2_Risk1-1920x1280-1-1024x683.jpg 1024w, https:\/\/www.tribunaribeirao.com.br\/wp-content\/uploads\/2026\/01\/1-comercio-rp-foto-2_Risk1-1920x1280-1-768x512.jpg 768w, https:\/\/www.tribunaribeirao.com.br\/wp-content\/uploads\/2026\/01\/1-comercio-rp-foto-2_Risk1-1920x1280-1-1536x1024.jpg 1536w, https:\/\/www.tribunaribeirao.com.br\/wp-content\/uploads\/2026\/01\/1-comercio-rp-foto-2_Risk1-1920x1280-1-480x320.jpg 480w, https:\/\/www.tribunaribeirao.com.br\/wp-content\/uploads\/2026\/01\/1-comercio-rp-foto-2_Risk1-1920x1280-1-280x186.jpg 280w, https:\/\/www.tribunaribeirao.com.br\/wp-content\/uploads\/2026\/01\/1-comercio-rp-foto-2_Risk1-1920x1280-1-960x640.jpg 960w, https:\/\/www.tribunaribeirao.com.br\/wp-content\/uploads\/2026\/01\/1-comercio-rp-foto-2_Risk1-1920x1280-1-600x400.jpg 600w, https:\/\/www.tribunaribeirao.com.br\/wp-content\/uploads\/2026\/01\/1-comercio-rp-foto-2_Risk1-1920x1280-1-585x390.jpg 585w, https:\/\/www.tribunaribeirao.com.br\/wp-content\/uploads\/2026\/01\/1-comercio-rp-foto-2_Risk1-1920x1280-1-scaled.jpg 1170w\" data-sizes=\"(max-width: 341px) 100vw, 341px\" style=\"--smush-placeholder-width: 341px; --smush-placeholder-aspect-ratio: 341\/227;\"\/><figcaption id=\"caption-attachment-451366\" class=\"wp-caption-text\">Para os demais segmentos do varejo, o primeiro m\u00eas do ano \u00e9 um per\u00edodo em que historicamente as vendas caem<br \/>Alfredo Risk\/Arquivo<\/figcaption><\/figure>\n<p>\u201cDa\u00ed a import\u00e2ncia das liquida\u00e7\u00f5es dos estoques remanescentes do Natal. Elas v\u00e3o ajudar a segurar o desempenho geral das vendas ao longo do m\u00eas, ainda que seja num patamar mais baixo. Se o consumidor ficar atento pode encontrar boas oportunidades no Com\u00e9rcio de Ribeir\u00e3o\u201d, destaca.<\/p>\n<p><strong>No ponto de venda<\/strong><br \/>Segundo Benedito Jos\u00e9 Caturelli, propriet\u00e1rio da tradicional papelaria MEC-Toca, no centro de Ribeir\u00e3o Preto, a expectativa \u00e9 para um aumento de 5% nas vendas de janeiro na compara\u00e7\u00e3o com o mesmo per\u00edodo do ano passado.<\/p>\n<p>O volume de encomendas por WhatsApp cresceu na mesma propor\u00e7\u00e3o. \u201cO movimento de janeiro s\u00f3 n\u00e3o est\u00e1 maior porque percebemos um fato importante nessa atual temporada. Cerca de 20% dos pais que costumam comprar aqui na loja anteciparam a compra do material escolar, ou de boa parte dele, ainda em dezembro. Garantiram pre\u00e7o melhor e evitaram as filas\u201d, afirma.<\/p>\n<p>Ainda segundo o especialista, \u201coutro fato percebido \u00e9 que as listas de materiais escolares est\u00e3o mais \u2018enxutas\u2019, tanto em n\u00famero de itens quanto na quantidade a ser comprada. Isso fez o ticket-m\u00e9dio cair cerca de 10%, ficando em torno de R$ 350 por lista, considerando apenas o material escolar b\u00e1sico e n\u00e3o apostilas dos sistemas de ensino, livros did\u00e1ticos e paradid\u00e1ticos\u201d, confirma.<\/p>\n<p>Uma dica do empreendedor \u00e9 o pagamento via PIX. Por ser uma modalidade de pagamento \u00e0 vista e sem cobran\u00e7a de taxa para o lojista, fica mais f\u00e1cil conseguir desconto na hora da compra. \u201cPara pagamentos com PIX o desconto pode chegar at\u00e9 5%\u201d, revela o comerciante.<\/p>\n<p>\u201cTamb\u00e9m \u00e9 importante n\u00e3o deixar para adquirir o material escolar na \u00faltima hora, muito por causa do pico de movimento esperado na reta final de janeiro. Seja agora ou na correria do fim das f\u00e9rias, \u00e9 fundamental escolher um material coerente, de qualidade e que realmente fa\u00e7a a diferen\u00e7a na educa\u00e7\u00e3o dos filhos\u201d, completa.<\/p>\n<p><strong>88% das fam\u00edlias ter\u00e3o impacto no or\u00e7amento<\/strong><br \/>Pesquisa do Instituto Locomotiva, aponta que 88% das fam\u00edlias brasileiras com filhos em idade escolar ter\u00e3o seus or\u00e7amentos impactados pelas despesas com material. 84% dos entrevistados consideram que esses gastos se refletem em outras \u00e1reas, como alimenta\u00e7\u00e3o, lazer e contas gerais do m\u00eas.<\/p>\n<p>O estudo tamb\u00e9m revela que oito em cada dez fam\u00edlias brasileiras, com filhos na escola, pretendem reaproveitar itens do ano letivo que passou, como cadernos, estojos, mochilas e lancheiras. 45% dos entrevistados disseram preferir as lojas f\u00edsicas para a aquisi\u00e7\u00e3o do material escolar e 90% pesquisam pre\u00e7os antes de comprar.<\/p>\n<p>Outro dado \u00e9 que em 92% das fam\u00edlias os filhos participam da escolha do material escolar. Esse percentual chega a 95% entre as crian\u00e7as de 11 a 14 anos, comprovando o poder de decis\u00e3o de compra da garotada.<\/p>\n<p><strong>Confira 10 dicas para ajudar o consumidor a comprar materiais escolares com a melhor rela\u00e7\u00e3o custo-benef\u00edcio e com seguran\u00e7a:<\/strong><\/p>\n<p><strong>1. Planeje a compra com anteced\u00eancia<\/strong><br \/>Comprar materiais com anteced\u00eancia permite comparar pre\u00e7os, aproveitar promo\u00e7\u00f5es e evitar compras de \u00faltima hora com pre\u00e7os mais altos. Estudos mostram que a antecipa\u00e7\u00e3o da compra reduz significativamente o gasto m\u00e9dio familiar.<\/p>\n<p><strong>2. Fa\u00e7a uma lista completa e compare com o padr\u00e3o da escola<\/strong><br \/>Antes de comprar, obtenha a lista oficial de materiais indicada pela escola. Evite itens extras sugeridos por vendedores, muitas vezes sup\u00e9rfluos e com pre\u00e7os maiores. Comparar a lista com variedades de lojas garante economia e foco nas necessidades reais.<\/p>\n<p><strong>3. Compare pre\u00e7os em diferentes canais<\/strong><br \/>Use comparadores de pre\u00e7o online, marketplaces e mecanismos como Google Shopping para checar varia\u00e7\u00f5es entre lojas f\u00edsicas e virtuais. Mesmo nas menores diferen\u00e7as de centavos se acumulam em economia real.<\/p>\n<p><strong>4. Priorize produtos com boa rela\u00e7\u00e3o pre\u00e7o-qualidade<\/strong><br \/>Ao escolher itens como mochilas, estojo e t\u00eanis escolar, priorize durabilidade e rating de consumidores, n\u00e3o apenas o menor pre\u00e7o. Um item um pouco mais caro, s\u00f3 que mais resistente, pode sair mais barato no longo prazo.<\/p>\n<p><strong>5. Verifique pol\u00edticas de troca e garantia<\/strong><br \/>Compre sempre em lojas com pol\u00edticas claras de troca, devolu\u00e7\u00e3o e garantia, principalmente para itens que podem apresentar defeitos (como mochilas, calculadoras e eletr\u00f4nicos). Isso protege seu gasto e evita perdas financeiras.<\/p>\n<p><strong>6. Evite comprar por impulso ou por press\u00e3o de vendedores<\/strong><br \/>Uma das maiores fontes de gasto desnecess\u00e1rio \u00e9 a compra por impulso, muitas vezes motivada por narrativa de urg\u00eancia ou kits \u201cimperd\u00edveis\u201d. Ficar fiel \u00e0 lista reduz despesas desnecess\u00e1rias.<\/p>\n<p><strong>7. Fa\u00e7a uma pesquisa local de pre\u00e7os<\/strong><br \/>Os pre\u00e7os podem variar bastante entre bairros e regi\u00f5es. Antes de comprar, pesquise sobre o melhor custo-benef\u00edcio geral (soma de pre\u00e7o, qualidade, facilidade de troca).<\/p>\n<\/div>\n<p><br \/>\n<br \/><a href=\"https:\/\/www.tribunaribeirao.com.br\/comercio-de-ribeirao-preto-projeta-alta-de-1-a-3-nas-vendas\/\">Source link <\/a><\/p>\n<!-- CONTENT END 1 -->\n","protected":false},"excerpt":{"rendered":"<p>Compra de artigos para a volta \u00e0s aulas e liquida\u00e7\u00e3o de estoques de Natal, s\u00e3o fatores que devem ajudar o desempenho do varejo nesse in\u00edcio&#8230;<\/p>\n","protected":false},"author":1,"featured_media":81550,"comment_status":"open","ping_status":"open","sticky":false,"template":"","format":"standard","meta":{"advanced_seo_description":"","jetpack_seo_html_title":"","jetpack_seo_noindex":false,"jetpack_post_was_ever_published":false,"_jetpack_newsletter_access":"","_jetpack_dont_email_post_to_subs":false,"_jetpack_newsletter_tier_id":0,"_jetpack_memberships_contains_paywalled_content":false,"_jetpack_memberships_contains_paid_content":false,"footnotes":"","jetpack_publicize_message":"","jetpack_publicize_feature_enabled":true,"jetpack_social_post_already_shared":true,"jetpack_social_options":{"image_generator_settings":{"template":"highway","default_image_id":0,"font":"","enabled":false},"version":2}},"categories":[11],"tags":[],"class_list":["post-81549","post","type-post","status-publish","format-standard","has-post-thumbnail","hentry","category-noticias-de-ribeirao-preto-sp-e-regiao-ismael-colosi"],"jetpack_publicize_connections":[],"jetpack_featured_media_url":"https:\/\/i0.wp.com\/noticiasribeiraopreto.com.br\/wp-content\/uploads\/2026\/01\/1-comercio-rp-foto-1-materiais-escolares-Rovena-Rosa-Agencia-Brasil-scaled-1.jpg?fit=700%2C419&ssl=1","jetpack-related-posts":[{"id":85188,"url":"https:\/\/noticiasribeiraopreto.com.br\/index.php\/2026\/04\/24\/com-pascoa-e-agrishow-comercio-de-ribeirao-preto-projeta-alta-media-de-ate-15-nas-vendas-de-abril\/","url_meta":{"origin":81549,"position":0},"title":"Com P\u00e1scoa e Agrishow, com\u00e9rcio de Ribeir\u00e3o Preto projeta alta m\u00e9dia de at\u00e9 1,5% nas vendas de abril &#8211; THMais","author":"noticiasribeiraopreto.com.br","date":"24 de April de 2026","format":false,"excerpt":"Com o per\u00edodo de P\u00e1scoa e Agrishow, o Com\u00e9rcio Varejista de Ribeir\u00e3o Preto projeta alta m\u00e9dia entre 0,5% e 1,5% nas vendas de abril de 2026, em compara\u00e7\u00e3o ao mesmo per\u00edodo do ano passado quando a varia\u00e7\u00e3o ficou positiva em 1,5%. O levantamento \u00e9 do SINCOVARP (Sindicato do Com\u00e9rcio Varejista)\u2026","rel":"","context":"In &quot;Not\u00edcias de Ribeir\u00e3o Preto-SP e Regi\u00e3o&quot;","block_context":{"text":"Not\u00edcias de Ribeir\u00e3o Preto-SP e Regi\u00e3o","link":"https:\/\/noticiasribeiraopreto.com.br\/index.php\/category\/noticias-de-ribeirao-preto-sp-e-regiao-ismael-colosi\/"},"img":{"alt_text":"","src":"https:\/\/i0.wp.com\/noticiasribeiraopreto.com.br\/wp-content\/uploads\/2026\/04\/img-5638.jpg?fit=1008%2C672&ssl=1&resize=350%2C200","width":350,"height":200,"srcset":"https:\/\/i0.wp.com\/noticiasribeiraopreto.com.br\/wp-content\/uploads\/2026\/04\/img-5638.jpg?fit=1008%2C672&ssl=1&resize=350%2C200 1x, https:\/\/i0.wp.com\/noticiasribeiraopreto.com.br\/wp-content\/uploads\/2026\/04\/img-5638.jpg?fit=1008%2C672&ssl=1&resize=525%2C300 1.5x, https:\/\/i0.wp.com\/noticiasribeiraopreto.com.br\/wp-content\/uploads\/2026\/04\/img-5638.jpg?fit=1008%2C672&ssl=1&resize=700%2C400 2x"},"classes":[]},{"id":42446,"url":"https:\/\/noticiasribeiraopreto.com.br\/index.php\/2024\/03\/14\/rp-comercio-cresce-31-em-fevereiro\/","url_meta":{"origin":81549,"position":1},"title":"RP: Com\u00e9rcio cresce 3,1% em fevereiro\u00a0","author":"noticiasribeiraopreto.com.br","date":"14 de March de 2024","format":false,"excerpt":"Depois de registrar crescimento m\u00e9dio de 0,72% no acumulado do ano passado, em compara\u00e7\u00e3o com 2022, as vendas nas lojas ribeir\u00e3o-pretanas dispararam 7,3% em janeiro e, em fevereiro, cresceram 3,1% em rela\u00e7\u00e3o ao mesmo per\u00edodo de 2023, aponta levantamento do Centro de Pesquisas do Varejo (CPV), mantido pelo Sindicato do\u2026","rel":"","context":"In &quot;Not\u00edcias de Ribeir\u00e3o Preto-SP e Regi\u00e3o&quot;","block_context":{"text":"Not\u00edcias de Ribeir\u00e3o Preto-SP e Regi\u00e3o","link":"https:\/\/noticiasribeiraopreto.com.br\/index.php\/category\/noticias-de-ribeirao-preto-sp-e-regiao-ismael-colosi\/"},"img":{"alt_text":"","src":"https:\/\/i0.wp.com\/noticiasribeiraopreto.com.br\/wp-content\/uploads\/2024\/03\/8fdb1231-4850-46f2-86dd-055bc4f20df7.jpg?fit=620%2C351&ssl=1&resize=350%2C200","width":350,"height":200,"srcset":"https:\/\/i0.wp.com\/noticiasribeiraopreto.com.br\/wp-content\/uploads\/2024\/03\/8fdb1231-4850-46f2-86dd-055bc4f20df7.jpg?fit=620%2C351&ssl=1&resize=350%2C200 1x, https:\/\/i0.wp.com\/noticiasribeiraopreto.com.br\/wp-content\/uploads\/2024\/03\/8fdb1231-4850-46f2-86dd-055bc4f20df7.jpg?fit=620%2C351&ssl=1&resize=525%2C300 1.5x"},"classes":[]},{"id":36180,"url":"https:\/\/noticiasribeiraopreto.com.br\/index.php\/2024\/02\/08\/carnaval-deve-ter-alta-de-ate-8-nas-vendas\/","url_meta":{"origin":81549,"position":2},"title":"Carnaval deve ter alta de at\u00e9 8% nas vendas\u00a0","author":"noticiasribeiraopreto.com.br","date":"8 de February de 2024","format":false,"excerpt":"8 de fevereiro de 2024 | 17:008 de fevereiro de 2024 | 9:08 0O varejo de Ribeir\u00e3o Preto projeta crescimento m\u00e9dio entre 6% e 8% nas vendas no carnaval deste ano, em rela\u00e7\u00e3o ao mesmo per\u00edodo de 2023 \u2013 fevereiro teve alta de 5,8% nas vendas. Esse bom resultado foi\u2026","rel":"","context":"In &quot;Not\u00edcias de Ribeir\u00e3o Preto-SP e Regi\u00e3o&quot;","block_context":{"text":"Not\u00edcias de Ribeir\u00e3o Preto-SP e Regi\u00e3o","link":"https:\/\/noticiasribeiraopreto.com.br\/index.php\/category\/noticias-de-ribeirao-preto-sp-e-regiao-ismael-colosi\/"},"img":{"alt_text":"","src":"https:\/\/i0.wp.com\/noticiasribeiraopreto.com.br\/wp-content\/uploads\/2024\/02\/Design-sem-nome-19-scaled.jpg?fit=1000%2C523&ssl=1&resize=350%2C200","width":350,"height":200,"srcset":"https:\/\/i0.wp.com\/noticiasribeiraopreto.com.br\/wp-content\/uploads\/2024\/02\/Design-sem-nome-19-scaled.jpg?fit=1000%2C523&ssl=1&resize=350%2C200 1x, https:\/\/i0.wp.com\/noticiasribeiraopreto.com.br\/wp-content\/uploads\/2024\/02\/Design-sem-nome-19-scaled.jpg?fit=1000%2C523&ssl=1&resize=525%2C300 1.5x, https:\/\/i0.wp.com\/noticiasribeiraopreto.com.br\/wp-content\/uploads\/2024\/02\/Design-sem-nome-19-scaled.jpg?fit=1000%2C523&ssl=1&resize=700%2C400 2x"},"classes":[]},{"id":75188,"url":"https:\/\/noticiasribeiraopreto.com.br\/index.php\/2025\/08\/05\/com-dia-dos-pais-comercio-de-rp-espera-crescimento-de-ate-4\/","url_meta":{"origin":81549,"position":3},"title":"Com dia dos pais, com\u00e9rcio de RP espera crescimento de at\u00e9 4%","author":"noticiasribeiraopreto.com.br","date":"5 de August de 2025","format":false,"excerpt":"Ainda segundo levantamento do Centro de Pesquisas do Varejo (CPV SINCOVARP\/CDL RP), 67% dos consumidores ribeir\u00e3o-pretanos ir\u00e3o \u00e0s compras na quarta data mais importante do calend\u00e1rio varejista; Com\u00e9rcio ter\u00e1 hor\u00e1rio especial facultativo de funcionamento na sexta (8) e no s\u00e1bado (9) O Com\u00e9rcio Varejista de Ribeir\u00e3o Preto espera crescimento m\u00e9dio\u2026","rel":"","context":"In &quot;Not\u00edcias de Ribeir\u00e3o Preto-SP e Regi\u00e3o&quot;","block_context":{"text":"Not\u00edcias de Ribeir\u00e3o Preto-SP e Regi\u00e3o","link":"https:\/\/noticiasribeiraopreto.com.br\/index.php\/category\/noticias-de-ribeirao-preto-sp-e-regiao-ismael-colosi\/"},"img":{"alt_text":"","src":"https:\/\/i0.wp.com\/noticiasribeiraopreto.com.br\/wp-content\/uploads\/2025\/08\/ComercioRP-Alfredo-Risk-2-scaled.jpg?fit=750%2C500&ssl=1&resize=350%2C200","width":350,"height":200,"srcset":"https:\/\/i0.wp.com\/noticiasribeiraopreto.com.br\/wp-content\/uploads\/2025\/08\/ComercioRP-Alfredo-Risk-2-scaled.jpg?fit=750%2C500&ssl=1&resize=350%2C200 1x, https:\/\/i0.wp.com\/noticiasribeiraopreto.com.br\/wp-content\/uploads\/2025\/08\/ComercioRP-Alfredo-Risk-2-scaled.jpg?fit=750%2C500&ssl=1&resize=525%2C300 1.5x, https:\/\/i0.wp.com\/noticiasribeiraopreto.com.br\/wp-content\/uploads\/2025\/08\/ComercioRP-Alfredo-Risk-2-scaled.jpg?fit=750%2C500&ssl=1&resize=700%2C400 2x"},"classes":[]},{"id":3027,"url":"https:\/\/noticiasribeiraopreto.com.br\/index.php\/2023\/11\/17\/pesquisa-projeta-crescimento-medio-de-ate-12-nas-vendas-da-black-friday\/","url_meta":{"origin":81549,"position":4},"title":"Pesquisa projeta crescimento m\u00e9dio de at\u00e9 12% nas vendas da Black Friday","author":"noticiasribeiraopreto.com.br","date":"17 de November de 2023","format":false,"excerpt":"Ribeir\u00e3o Preto teve ter crescimento m\u00e9dio entre 9% e 12% nas vendas da Black Friday 2023, em rela\u00e7\u00e3o ao mesmo per\u00edodo do ano passado. A data oficial da Black Friday \u00e9 24 de novembro. \u00c9 o que aponta levantamento realizado pelo Centro de Pesquisas do Varejo, mantido pela pelo Sincovarp\u2026","rel":"","context":"In &quot;Not\u00edcias de Ribeir\u00e3o Preto-SP e Regi\u00e3o&quot;","block_context":{"text":"Not\u00edcias de Ribeir\u00e3o Preto-SP e Regi\u00e3o","link":"https:\/\/noticiasribeiraopreto.com.br\/index.php\/category\/noticias-de-ribeirao-preto-sp-e-regiao-ismael-colosi\/"},"img":{"alt_text":"","src":"https:\/\/i0.wp.com\/noticiasribeiraopreto.com.br\/wp-content\/uploads\/2023\/11\/WhatsApp-Image-2023-11-17-at-09.17.19.jpeg?fit=1200%2C811&ssl=1&resize=350%2C200","width":350,"height":200,"srcset":"https:\/\/i0.wp.com\/noticiasribeiraopreto.com.br\/wp-content\/uploads\/2023\/11\/WhatsApp-Image-2023-11-17-at-09.17.19.jpeg?fit=1200%2C811&ssl=1&resize=350%2C200 1x, https:\/\/i0.wp.com\/noticiasribeiraopreto.com.br\/wp-content\/uploads\/2023\/11\/WhatsApp-Image-2023-11-17-at-09.17.19.jpeg?fit=1200%2C811&ssl=1&resize=525%2C300 1.5x, https:\/\/i0.wp.com\/noticiasribeiraopreto.com.br\/wp-content\/uploads\/2023\/11\/WhatsApp-Image-2023-11-17-at-09.17.19.jpeg?fit=1200%2C811&ssl=1&resize=700%2C400 2x, https:\/\/i0.wp.com\/noticiasribeiraopreto.com.br\/wp-content\/uploads\/2023\/11\/WhatsApp-Image-2023-11-17-at-09.17.19.jpeg?fit=1200%2C811&ssl=1&resize=1050%2C600 3x"},"classes":[]},{"id":74543,"url":"https:\/\/noticiasribeiraopreto.com.br\/index.php\/2025\/07\/24\/vendas-do-comercio-sobem-17-em-rp\/","url_meta":{"origin":81549,"position":5},"title":"Vendas do com\u00e9rcio sobem 1,7% em RP","author":"noticiasribeiraopreto.com.br","date":"24 de July de 2025","format":false,"excerpt":"As vendas do com\u00e9rcio varejista de Ribeir\u00e3o Preto tiveram crescimento m\u00e9dio de 1,7% em junho, na compara\u00e7\u00e3o com o mesmo per\u00edodo do ano passado, quando foi registrada queda de 1,.00 em rela\u00e7\u00e3o a 2023. Apesar do crescimento t\u00edmido, foi a quinta alta seguida, ap\u00f3s eleva\u00e7\u00e3o de 1,5% em fevereiro, 1%\u2026","rel":"","context":"In &quot;Not\u00edcias de Ribeir\u00e3o Preto-SP e Regi\u00e3o&quot;","block_context":{"text":"Not\u00edcias de Ribeir\u00e3o Preto-SP e Regi\u00e3o","link":"https:\/\/noticiasribeiraopreto.com.br\/index.php\/category\/noticias-de-ribeirao-preto-sp-e-regiao-ismael-colosi\/"},"img":{"alt_text":"","src":"https:\/\/i0.wp.com\/noticiasribeiraopreto.com.br\/wp-content\/uploads\/2025\/07\/ComercioRP-Alfredo-Risk-scaled.jpg?fit=1200%2C800&ssl=1&resize=350%2C200","width":350,"height":200,"srcset":"https:\/\/i0.wp.com\/noticiasribeiraopreto.com.br\/wp-content\/uploads\/2025\/07\/ComercioRP-Alfredo-Risk-scaled.jpg?fit=1200%2C800&ssl=1&resize=350%2C200 1x, https:\/\/i0.wp.com\/noticiasribeiraopreto.com.br\/wp-content\/uploads\/2025\/07\/ComercioRP-Alfredo-Risk-scaled.jpg?fit=1200%2C800&ssl=1&resize=525%2C300 1.5x, https:\/\/i0.wp.com\/noticiasribeiraopreto.com.br\/wp-content\/uploads\/2025\/07\/ComercioRP-Alfredo-Risk-scaled.jpg?fit=1200%2C800&ssl=1&resize=700%2C400 2x, https:\/\/i0.wp.com\/noticiasribeiraopreto.com.br\/wp-content\/uploads\/2025\/07\/ComercioRP-Alfredo-Risk-scaled.jpg?fit=1200%2C800&ssl=1&resize=1050%2C600 3x"},"classes":[]}],"jetpack_sharing_enabled":true,"jetpack_shortlink":"https:\/\/wp.me\/peQAOb-ldj","_links":{"self":[{"href":"https:\/\/noticiasribeiraopreto.com.br\/index.php\/wp-json\/wp\/v2\/posts\/81549","targetHints":{"allow":["GET"]}}],"collection":[{"href":"https:\/\/noticiasribeiraopreto.com.br\/index.php\/wp-json\/wp\/v2\/posts"}],"about":[{"href":"https:\/\/noticiasribeiraopreto.com.br\/index.php\/wp-json\/wp\/v2\/types\/post"}],"author":[{"embeddable":true,"href":"https:\/\/noticiasribeiraopreto.com.br\/index.php\/wp-json\/wp\/v2\/users\/1"}],"replies":[{"embeddable":true,"href":"https:\/\/noticiasribeiraopreto.com.br\/index.php\/wp-json\/wp\/v2\/comments?post=81549"}],"version-history":[{"count":0,"href":"https:\/\/noticiasribeiraopreto.com.br\/index.php\/wp-json\/wp\/v2\/posts\/81549\/revisions"}],"wp:featuredmedia":[{"embeddable":true,"href":"https:\/\/noticiasribeiraopreto.com.br\/index.php\/wp-json\/wp\/v2\/media\/81550"}],"wp:attachment":[{"href":"https:\/\/noticiasribeiraopreto.com.br\/index.php\/wp-json\/wp\/v2\/media?parent=81549"}],"wp:term":[{"taxonomy":"category","embeddable":true,"href":"https:\/\/noticiasribeiraopreto.com.br\/index.php\/wp-json\/wp\/v2\/categories?post=81549"},{"taxonomy":"post_tag","embeddable":true,"href":"https:\/\/noticiasribeiraopreto.com.br\/index.php\/wp-json\/wp\/v2\/tags?post=81549"}],"curies":[{"name":"wp","href":"https:\/\/api.w.org\/{rel}","templated":true}]}}