{"id":81551,"date":"2026-01-09T08:41:51","date_gmt":"2026-01-09T11:41:51","guid":{"rendered":"https:\/\/noticiasribeiraopreto.com.br\/index.php\/2026\/01\/09\/chuva-de-granizo-e-ventos-fortes-atingem-ribeirao-preto-veja-video\/"},"modified":"2026-01-09T08:41:51","modified_gmt":"2026-01-09T11:41:51","slug":"chuva-de-granizo-e-ventos-fortes-atingem-ribeirao-preto-veja-video","status":"publish","type":"post","link":"https:\/\/noticiasribeiraopreto.com.br\/index.php\/2026\/01\/09\/chuva-de-granizo-e-ventos-fortes-atingem-ribeirao-preto-veja-video\/","title":{"rendered":"Chuva de granizo e ventos fortes atingem Ribeir\u00e3o Preto; veja v\u00eddeo"},"content":{"rendered":"<div class='code-block code-block-1' style='margin: 8px 0 8px auto; text-align: right; display: block; clear: both;'>\n<p><a href=\"https:\/\/wa.link\/vpicfd\"><img data-recalc-dims=\"1\" class=\"wp-image-4922\" style=\"aspect-ratio: 2.0253164556962027; width: 561px; height: auto;\" src=\"https:\/\/i0.wp.com\/ismaelcolosi.com.br\/wp-content\/uploads\/2023\/11\/grupo-de-empregos-whatsapp-e-facebook-ismael-colosi-vagas.jpg?ssl=1\" alt=\"\" \/><\/a><\/p>\n<!-- \/wp:image -->\n<\/div>\n<p> <br \/>\n<\/p>\n<div data-td-block-uid=\"tdi_95\">\n<div class=\"tdb-block-inner td-fix-index\">\n<p><strong>Ribeir\u00e3o Preto registrou chuva de granizo e ventos fortes na tarde desta quinta-feira (8). <\/strong><mark style=\"background-color:#fcb900\" class=\"has-inline-color\">Veja v\u00eddeo:<\/mark><\/p>\n<blockquote class=\"instagram-media\" data-instgrm-permalink=\"https:\/\/www.instagram.com\/reel\/DTQkUXYEiE9\/?utm_source=ig_embed&amp;utm_campaign=loading\" data-instgrm-version=\"14\" style=\" background:#FFF; border:0; border-radius:3px; box-shadow:0 0 1px 0 rgba(0,0,0,0.5),0 1px 10px 0 rgba(0,0,0,0.15); margin: 1px; max-width:540px; min-width:326px; padding:0; width:99.375%; width:-webkit-calc(100% - 2px); width:calc(100% - 2px);\"\/>\n<p>Na zona Norte, a queda de uma \u00e1rvore foi registrada na rua Tapaj\u00f3s. O incidente chamou a aten\u00e7\u00e3o de moradores e motoristas que transitavam pela regi\u00e3o no momento da tempestade.<\/p>\n<div class=\"wp-block-image\">\n<figure class=\"aligncenter size-large is-resized\"><img data-recalc-dims=\"1\" fetchpriority=\"high\" decoding=\"async\" width=\"1024\" height=\"461\" src=\"https:\/\/i0.wp.com\/cdn.media-acidadeon.com.br\/ribeiraopreto\/wp-content\/uploads\/sites\/3\/2026\/01\/Imagem-do-WhatsApp-de-2026-01-08-as-14.35.59_2445d45a_2026-01-08_17-59-02-1024x461.webp?resize=1024%2C461&#038;ssl=1\" alt=\"granizo\" class=\"wp-image-141578\" style=\"width:895px;height:auto\" title=\"Chuva de granizo e ventos fortes atingem Ribeir\u00e3o Preto; veja v\u00eddeo 1\" srcset=\"https:\/\/cdn.media-acidadeon.com.br\/ribeiraopreto\/wp-content\/uploads\/sites\/3\/2026\/01\/Imagem-do-WhatsApp-de-2026-01-08-as-14.35.59_2445d45a_2026-01-08_17-59-02-1024x461.webp 1024w, https:\/\/cdn.media-acidadeon.com.br\/ribeiraopreto\/wp-content\/uploads\/sites\/3\/2026\/01\/Imagem-do-WhatsApp-de-2026-01-08-as-14.35.59_2445d45a_2026-01-08_17-59-02-300x135.webp 300w, https:\/\/cdn.media-acidadeon.com.br\/ribeiraopreto\/wp-content\/uploads\/sites\/3\/2026\/01\/Imagem-do-WhatsApp-de-2026-01-08-as-14.35.59_2445d45a_2026-01-08_17-59-02-768x346.webp 768w, https:\/\/cdn.media-acidadeon.com.br\/ribeiraopreto\/wp-content\/uploads\/sites\/3\/2026\/01\/Imagem-do-WhatsApp-de-2026-01-08-as-14.35.59_2445d45a_2026-01-08_17-59-02-696x313.webp 696w, https:\/\/cdn.media-acidadeon.com.br\/ribeiraopreto\/wp-content\/uploads\/sites\/3\/2026\/01\/Imagem-do-WhatsApp-de-2026-01-08-as-14.35.59_2445d45a_2026-01-08_17-59-02-1068x481.webp 1068w, https:\/\/cdn.media-acidadeon.com.br\/ribeiraopreto\/wp-content\/uploads\/sites\/3\/2026\/01\/Imagem-do-WhatsApp-de-2026-01-08-as-14.35.59_2445d45a_2026-01-08_17-59-02.webp 1200w\" sizes=\"(max-width: 1024px) 100vw, 1024px\"\/><figcaption class=\"wp-element-caption\">Foto: Ricardo Canaveze \/ acidade on<\/figcaption><\/figure>\n<\/div>\n<p>At\u00e9 a \u00faltima atualiza\u00e7\u00e3o, a <strong>RP Mobi n\u00e3o divulgou um balan\u00e7o oficial sobre os impactos da chuva no tr\u00e2nsito<\/strong>, nem informa\u00e7\u00f5es sobre bloqueios ou desvios em vias da cidade.<\/p>\n<h3 class=\"wp-block-heading\"><strong>Alerta para tempestade<\/strong><\/h3>\n<p>Ribeir\u00e3o Preto segue em alerta para tempestades nesta quinta-feira, segundo o Instituto Nacional de Meteorologia (Inmet). O \u00f3rg\u00e3o recomenda aten\u00e7\u00e3o redobrada durante per\u00edodos de instabilidade clim\u00e1tica.<\/p>\n<p>O\u00a0<strong>aviso\u00a0<\/strong>tem\u00a0<strong>in\u00edcio\u00a0<\/strong>\u00e0s\u00a0<strong>10h<\/strong>\u00a0e vai\u00a0<strong>at\u00e9\u00a0<\/strong>as\u00a0<strong>23h59<\/strong>\u00a0desta\u00a0<strong>quinta-feira (8)<\/strong>.<\/p>\n<div class=\"wp-block-image\">\n<figure class=\"aligncenter size-large is-resized\"><img data-recalc-dims=\"1\" loading=\"lazy\" decoding=\"async\" width=\"1024\" height=\"742\" src=\"https:\/\/i0.wp.com\/cdn.media-acidadeon.com.br\/ribeiraopreto\/wp-content\/uploads\/sites\/3\/2026\/01\/image_2026-01-08_18-00-45-1024x742.webp?resize=1024%2C742&#038;ssl=1\" alt=\"image 2026 01 08 18 00 45\" class=\"wp-image-141580\" style=\"width:817px;height:auto\" title=\"Chuva de granizo e ventos fortes atingem Ribeir\u00e3o Preto; veja v\u00eddeo 2\" srcset=\"https:\/\/cdn.media-acidadeon.com.br\/ribeiraopreto\/wp-content\/uploads\/sites\/3\/2026\/01\/image_2026-01-08_18-00-45-1024x742.webp 1024w, https:\/\/cdn.media-acidadeon.com.br\/ribeiraopreto\/wp-content\/uploads\/sites\/3\/2026\/01\/image_2026-01-08_18-00-45-300x217.webp 300w, https:\/\/cdn.media-acidadeon.com.br\/ribeiraopreto\/wp-content\/uploads\/sites\/3\/2026\/01\/image_2026-01-08_18-00-45-768x557.webp 768w, https:\/\/cdn.media-acidadeon.com.br\/ribeiraopreto\/wp-content\/uploads\/sites\/3\/2026\/01\/image_2026-01-08_18-00-45-696x504.webp 696w, https:\/\/cdn.media-acidadeon.com.br\/ribeiraopreto\/wp-content\/uploads\/sites\/3\/2026\/01\/image_2026-01-08_18-00-45.webp 1068w\" sizes=\"auto, (max-width: 1024px) 100vw, 1024px\"\/><\/figure>\n<\/div>\n<p>As regi\u00f5es Oeste, Norte e Leste do estado paulista est\u00e3o na faixa amarela, a primeira em uma escala at\u00e9 tr\u00eas n\u00edveis de severidade.\u00a0Clique\u00a0<a href=\"https:\/\/alertas2.inmet.gov.br\/52822?csrt=18083178748202022784\" target=\"_blank\" rel=\"noreferrer noopener\">aqui\u00a0<\/a>e veja as cidades.<\/p>\n<hr class=\"wp-block-separator has-alpha-channel-opacity\"\/>\n<p>SAIBA MAIS<br \/>Anvisa aprova novo medicamento para tratamento inicial do Alzheimer<\/p>\n<h2 class=\"wp-block-heading\"><strong>FIQUE ON<\/strong><\/h2>\n<p>Fique ligado em tudo que acontece em Ribeir\u00e3o Preto e regi\u00e3o. Siga os perfis do\u00a0<strong>acidade on<\/strong>\u00a0no\u00a0<a href=\"https:\/\/www.instagram.com\/acidadeonribeirao\" target=\"_blank\" rel=\"noreferrer noopener\">Instagram<\/a>\u00a0e no<a href=\"https:\/\/www.facebook.com\/acidadeonribeirao\/\" target=\"_blank\" rel=\"noreferrer noopener\">\u00a0Facebook<\/a>.<\/p>\n<p>SAIBA MAIS<br \/>Anvisa aprova novo medicamento para tratamento inicial do Alzheimer<\/p>\n<p>Receba not\u00edcias do\u00a0<strong>acidade on<\/strong>\u00a0no WhatsApp. Para entrar no grupo,\u00a0basta<a href=\"https:\/\/chat.whatsapp.com\/GFH9HUMUTHNFJdnyEd0xxq\" target=\"_blank\" rel=\"noreferrer noopener\">\u00a0clicar aqui<\/a>. Ou, acesse o nosso\u00a0Canal<a href=\"https:\/\/whatsapp.com\/channel\/0029Vb6IQl1JENyAeS57fk2p\" target=\"_blank\" rel=\"noreferrer noopener\">\u00a0clicando aqui<\/a>.<\/p>\n<p>Fa\u00e7a uma den\u00fancia ou sugira uma reportagem sobre Ribeir\u00e3o Preto e regi\u00e3o pelo WhatsApp: 16 99117 7802.<\/p>\n<p>VEJA TAMB\u00c9M<br \/>Experi\u00eancia e adapta\u00e7\u00e3o tornam vi\u00e1vel o cultivo de abacaxi fora dos polos tradicionais<\/p>\n<p><!-- AI CONTENT END 1 -->\n<\/div>\n<\/div>\n<p><script async src=\"\/\/www.instagram.com\/embed.js\"><\/script><br \/>\n<br \/><br \/>\n<br \/><a href=\"https:\/\/www.acidadeon.com\/ribeiraopreto\/cotidiano\/chuva-de-granizo-e-ventos-fortes-atingem-ribeirao-preto-veja-video\/\">Source link <\/a><\/p>\n<!-- CONTENT END 1 -->\n","protected":false},"excerpt":{"rendered":"<p>Ribeir\u00e3o Preto registrou chuva de granizo e ventos fortes na tarde desta quinta-feira (8). Veja v\u00eddeo: Na zona Norte, a queda de uma \u00e1rvore foi&#8230;<\/p>\n","protected":false},"author":1,"featured_media":81552,"comment_status":"open","ping_status":"open","sticky":false,"template":"","format":"standard","meta":{"advanced_seo_description":"","jetpack_seo_html_title":"","jetpack_seo_noindex":false,"jetpack_post_was_ever_published":false,"_jetpack_newsletter_access":"","_jetpack_dont_email_post_to_subs":false,"_jetpack_newsletter_tier_id":0,"_jetpack_memberships_contains_paywalled_content":false,"_jetpack_memberships_contains_paid_content":false,"footnotes":"","jetpack_publicize_message":"","jetpack_publicize_feature_enabled":true,"jetpack_social_post_already_shared":true,"jetpack_social_options":{"image_generator_settings":{"template":"highway","default_image_id":0,"font":"","enabled":false},"version":2}},"categories":[11],"tags":[],"class_list":["post-81551","post","type-post","status-publish","format-standard","has-post-thumbnail","hentry","category-noticias-de-ribeirao-preto-sp-e-regiao-ismael-colosi"],"jetpack_publicize_connections":[],"jetpack_featured_media_url":"https:\/\/i0.wp.com\/noticiasribeiraopreto.com.br\/wp-content\/uploads\/2026\/01\/domingo-34_2026-01-08_18-08-53.webp.webp?fit=1200%2C675&ssl=1","jetpack-related-posts":[{"id":81260,"url":"https:\/\/noticiasribeiraopreto.com.br\/index.php\/2025\/12\/30\/temporal-com-granizo-derruba-telhado-e-deixa-area-sem-energia\/","url_meta":{"origin":81551,"position":0},"title":"Temporal com granizo derruba telhado e deixa \u00e1rea sem energia","author":"noticiasribeiraopreto.com.br","date":"30 de December de 2025","format":false,"excerpt":"Na tarde desta segunda-feira (29), a cidade de Franca, na regi\u00e3o de Ribeir\u00e3o Preto, foi atingida por chuva de granizo acompanhada de fortes ventos, provocando transtornos em diferentes pontos do munic\u00edpio. Moradores relataram queda intensa de granizo, rajadas de vento e chuva forte em curto per\u00edodo de tempo. Em alguns\u2026","rel":"","context":"In &quot;Not\u00edcias de Ribeir\u00e3o Preto-SP e Regi\u00e3o&quot;","block_context":{"text":"Not\u00edcias de Ribeir\u00e3o Preto-SP e Regi\u00e3o","link":"https:\/\/noticiasribeiraopreto.com.br\/index.php\/category\/noticias-de-ribeirao-preto-sp-e-regiao-ismael-colosi\/"},"img":{"alt_text":"","src":"https:\/\/i0.wp.com\/noticiasribeiraopreto.com.br\/wp-content\/uploads\/2025\/12\/image_2025-12-29_19-59-10.webp.webp?fit=1200%2C675&ssl=1&resize=350%2C200","width":350,"height":200,"srcset":"https:\/\/i0.wp.com\/noticiasribeiraopreto.com.br\/wp-content\/uploads\/2025\/12\/image_2025-12-29_19-59-10.webp.webp?fit=1200%2C675&ssl=1&resize=350%2C200 1x, https:\/\/i0.wp.com\/noticiasribeiraopreto.com.br\/wp-content\/uploads\/2025\/12\/image_2025-12-29_19-59-10.webp.webp?fit=1200%2C675&ssl=1&resize=525%2C300 1.5x, https:\/\/i0.wp.com\/noticiasribeiraopreto.com.br\/wp-content\/uploads\/2025\/12\/image_2025-12-29_19-59-10.webp.webp?fit=1200%2C675&ssl=1&resize=700%2C400 2x, https:\/\/i0.wp.com\/noticiasribeiraopreto.com.br\/wp-content\/uploads\/2025\/12\/image_2025-12-29_19-59-10.webp.webp?fit=1200%2C675&ssl=1&resize=1050%2C600 3x"},"classes":[]},{"id":81664,"url":"https:\/\/noticiasribeiraopreto.com.br\/index.php\/2026\/01\/13\/chuva-de-granizo-e-registrada-na-regiao-de-ribeirao-preto\/","url_meta":{"origin":81551,"position":1},"title":"Chuva de granizo \u00e9 registrada na regi\u00e3o de Ribeir\u00e3o Preto","author":"noticiasribeiraopreto.com.br","date":"13 de January de 2026","format":false,"excerpt":"Franca, na regi\u00e3o de Ribeir\u00e3o Preto, registrou chuva de granizo na tarde desta segunda-feira (12). O fen\u00f4meno ocorreu durante uma pancada de chuva e foi registrado por moradores. Veja v\u00eddeo: Franca, na regi\u00e3o de Ribeir\u00e3o Preto, registrou chuva de granizo na tarde desta segunda-feira (12). O fen\u00f4meno ocorreu durante uma\u2026","rel":"","context":"In &quot;Not\u00edcias de Ribeir\u00e3o Preto-SP e Regi\u00e3o&quot;","block_context":{"text":"Not\u00edcias de Ribeir\u00e3o Preto-SP e Regi\u00e3o","link":"https:\/\/noticiasribeiraopreto.com.br\/index.php\/category\/noticias-de-ribeirao-preto-sp-e-regiao-ismael-colosi\/"},"img":{"alt_text":"","src":"https:\/\/i0.wp.com\/noticiasribeiraopreto.com.br\/wp-content\/uploads\/2026\/01\/image_2026-01-12_19-53-01.webp.webp?fit=1200%2C675&ssl=1&resize=350%2C200","width":350,"height":200,"srcset":"https:\/\/i0.wp.com\/noticiasribeiraopreto.com.br\/wp-content\/uploads\/2026\/01\/image_2026-01-12_19-53-01.webp.webp?fit=1200%2C675&ssl=1&resize=350%2C200 1x, https:\/\/i0.wp.com\/noticiasribeiraopreto.com.br\/wp-content\/uploads\/2026\/01\/image_2026-01-12_19-53-01.webp.webp?fit=1200%2C675&ssl=1&resize=525%2C300 1.5x, https:\/\/i0.wp.com\/noticiasribeiraopreto.com.br\/wp-content\/uploads\/2026\/01\/image_2026-01-12_19-53-01.webp.webp?fit=1200%2C675&ssl=1&resize=700%2C400 2x, https:\/\/i0.wp.com\/noticiasribeiraopreto.com.br\/wp-content\/uploads\/2026\/01\/image_2026-01-12_19-53-01.webp.webp?fit=1200%2C675&ssl=1&resize=1050%2C600 3x"},"classes":[]},{"id":81947,"url":"https:\/\/noticiasribeiraopreto.com.br\/index.php\/2026\/01\/31\/temporais-ventos-fortes-e-granizo-defesa-civil-emite-alerta-para-ribeirao-preto\/","url_meta":{"origin":81551,"position":2},"title":"Temporais, ventos fortes e granizo: Defesa Civil emite alerta para Ribeir\u00e3o Preto","author":"noticiasribeiraopreto.com.br","date":"31 de January de 2026","format":false,"excerpt":"A Defesa Civil do Estado de S\u00e3o Paulo emitiu alerta, nesta sexta-feira (30), para ocorr\u00eancia de pancadas de chuva e temporais isolados em Ribeir\u00e3o Preto e em cidades do interior paulista ao longo deste fim de semana. As instabilidades podem ocorrer com forte intensidade em alguns momentos, acompanhadas de raios,\u2026","rel":"","context":"In &quot;Not\u00edcias de Ribeir\u00e3o Preto-SP e Regi\u00e3o&quot;","block_context":{"text":"Not\u00edcias de Ribeir\u00e3o Preto-SP e Regi\u00e3o","link":"https:\/\/noticiasribeiraopreto.com.br\/index.php\/category\/noticias-de-ribeirao-preto-sp-e-regiao-ismael-colosi\/"},"img":{"alt_text":"","src":"https:\/\/i0.wp.com\/noticiasribeiraopreto.com.br\/wp-content\/uploads\/2026\/01\/domingo-2026-01-16T173803.687_2026-01-16_20-38-08.webp.webp?fit=1200%2C675&ssl=1&resize=350%2C200","width":350,"height":200,"srcset":"https:\/\/i0.wp.com\/noticiasribeiraopreto.com.br\/wp-content\/uploads\/2026\/01\/domingo-2026-01-16T173803.687_2026-01-16_20-38-08.webp.webp?fit=1200%2C675&ssl=1&resize=350%2C200 1x, https:\/\/i0.wp.com\/noticiasribeiraopreto.com.br\/wp-content\/uploads\/2026\/01\/domingo-2026-01-16T173803.687_2026-01-16_20-38-08.webp.webp?fit=1200%2C675&ssl=1&resize=525%2C300 1.5x, https:\/\/i0.wp.com\/noticiasribeiraopreto.com.br\/wp-content\/uploads\/2026\/01\/domingo-2026-01-16T173803.687_2026-01-16_20-38-08.webp.webp?fit=1200%2C675&ssl=1&resize=700%2C400 2x, https:\/\/i0.wp.com\/noticiasribeiraopreto.com.br\/wp-content\/uploads\/2026\/01\/domingo-2026-01-16T173803.687_2026-01-16_20-38-08.webp.webp?fit=1200%2C675&ssl=1&resize=1050%2C600 3x"},"classes":[]},{"id":84266,"url":"https:\/\/noticiasribeiraopreto.com.br\/index.php\/2026\/04\/06\/chuva-com-granizo-e-ventos-fortes-derruba-arvores-e-causa-interdicoes-em-ribeirao-preto\/","url_meta":{"origin":81551,"position":3},"title":"Chuva com granizo e ventos fortes derruba \u00e1rvores e causa interdi\u00e7\u00f5es em Ribeir\u00e3o Preto","author":"noticiasribeiraopreto.com.br","date":"6 de April de 2026","format":false,"excerpt":"Ler o resumo da not\u00edcia Chuva com granizo e ventos fortes derruba \u00e1rvores e causa interdi\u00e7\u00f5es em Ribeir\u00e3o Preto A chuva intensa acompanhada de granizo e ventos fortes que atingiu Ribeir\u00e3o Preto na tarde desta segunda-feira (6) causou transtornos em diferentes regi\u00f5es da cidade, com registro de queda de \u00e1rvores\u2026","rel":"","context":"In &quot;Not\u00edcias de Ribeir\u00e3o Preto-SP e Regi\u00e3o&quot;","block_context":{"text":"Not\u00edcias de Ribeir\u00e3o Preto-SP e Regi\u00e3o","link":"https:\/\/noticiasribeiraopreto.com.br\/index.php\/category\/noticias-de-ribeirao-preto-sp-e-regiao-ismael-colosi\/"},"img":{"alt_text":"","src":"https:\/\/i0.wp.com\/noticiasribeiraopreto.com.br\/wp-content\/uploads\/2026\/04\/WhatsApp-Image-2026-04-06-at-15.25.27_2026-04-06_18-27-18.webp.webp?fit=1200%2C592&ssl=1&resize=350%2C200","width":350,"height":200,"srcset":"https:\/\/i0.wp.com\/noticiasribeiraopreto.com.br\/wp-content\/uploads\/2026\/04\/WhatsApp-Image-2026-04-06-at-15.25.27_2026-04-06_18-27-18.webp.webp?fit=1200%2C592&ssl=1&resize=350%2C200 1x, https:\/\/i0.wp.com\/noticiasribeiraopreto.com.br\/wp-content\/uploads\/2026\/04\/WhatsApp-Image-2026-04-06-at-15.25.27_2026-04-06_18-27-18.webp.webp?fit=1200%2C592&ssl=1&resize=525%2C300 1.5x, https:\/\/i0.wp.com\/noticiasribeiraopreto.com.br\/wp-content\/uploads\/2026\/04\/WhatsApp-Image-2026-04-06-at-15.25.27_2026-04-06_18-27-18.webp.webp?fit=1200%2C592&ssl=1&resize=700%2C400 2x, https:\/\/i0.wp.com\/noticiasribeiraopreto.com.br\/wp-content\/uploads\/2026\/04\/WhatsApp-Image-2026-04-06-at-15.25.27_2026-04-06_18-27-18.webp.webp?fit=1200%2C592&ssl=1&resize=1050%2C600 3x"},"classes":[]},{"id":78767,"url":"https:\/\/noticiasribeiraopreto.com.br\/index.php\/2025\/10\/17\/granizo-ventos-fortes-e-queda-de-temperatura-veja-o-alerta-da-defesa-civil-para-o-interior-de-sp\/","url_meta":{"origin":81551,"position":4},"title":"Granizo, ventos fortes e queda de temperatura: Veja o alerta da Defesa Civil para o interior de SP","author":"noticiasribeiraopreto.com.br","date":"17 de October de 2025","format":false,"excerpt":"A Defesa Civil do Estado de S\u00e3o Paulo emitiu alerta para chuvas de granizo, ventos fortes e queda na temperatura no interior de SP entre a noite desta sexta-feira (17) e o domingo (19). O aviso indica ocorr\u00eancia de raios, rajadas de vento e granizo isolado. No interior paulista, as\u2026","rel":"","context":"In &quot;Not\u00edcias de Ribeir\u00e3o Preto-SP e Regi\u00e3o&quot;","block_context":{"text":"Not\u00edcias de Ribeir\u00e3o Preto-SP e Regi\u00e3o","link":"https:\/\/noticiasribeiraopreto.com.br\/index.php\/category\/noticias-de-ribeirao-preto-sp-e-regiao-ismael-colosi\/"},"img":{"alt_text":"","src":"https:\/\/i0.wp.com\/noticiasribeiraopreto.com.br\/wp-content\/uploads\/2025\/10\/chuva_temporal_1024x576_07012021130023_2024-10-24_18-15-47_jpg_2024-10-24_18-15-47.webp.webp?fit=1024%2C575&ssl=1&resize=350%2C200","width":350,"height":200,"srcset":"https:\/\/i0.wp.com\/noticiasribeiraopreto.com.br\/wp-content\/uploads\/2025\/10\/chuva_temporal_1024x576_07012021130023_2024-10-24_18-15-47_jpg_2024-10-24_18-15-47.webp.webp?fit=1024%2C575&ssl=1&resize=350%2C200 1x, https:\/\/i0.wp.com\/noticiasribeiraopreto.com.br\/wp-content\/uploads\/2025\/10\/chuva_temporal_1024x576_07012021130023_2024-10-24_18-15-47_jpg_2024-10-24_18-15-47.webp.webp?fit=1024%2C575&ssl=1&resize=525%2C300 1.5x, https:\/\/i0.wp.com\/noticiasribeiraopreto.com.br\/wp-content\/uploads\/2025\/10\/chuva_temporal_1024x576_07012021130023_2024-10-24_18-15-47_jpg_2024-10-24_18-15-47.webp.webp?fit=1024%2C575&ssl=1&resize=700%2C400 2x"},"classes":[]},{"id":81695,"url":"https:\/\/noticiasribeiraopreto.com.br\/index.php\/2026\/01\/14\/moradores-de-ribeirao-registram-chuva-com-granizo-em-bairros-das-zonas-leste-e-sul-veja-video\/","url_meta":{"origin":81551,"position":5},"title":"Moradores de Ribeir\u00e3o registram chuva com granizo em bairros das zonas Leste e Sul; Veja v\u00eddeo","author":"noticiasribeiraopreto.com.br","date":"14 de January de 2026","format":false,"excerpt":"Moradores das zonas Leste e Sul de Ribeir\u00e3o Preto registraram chuva com granizo na tarde desta ter\u00e7a-feira (13). Os registros das pedras de gelo foram feitos nos bairros Vila Abranches e Jardim Bot\u00e2nico \u2013 veja o v\u00eddeo logo abaixo. Ao acidade on, a RP Mobi, empresa de mobilidade urbana de\u2026","rel":"","context":"In &quot;Not\u00edcias de Ribeir\u00e3o Preto-SP e Regi\u00e3o&quot;","block_context":{"text":"Not\u00edcias de Ribeir\u00e3o Preto-SP e Regi\u00e3o","link":"https:\/\/noticiasribeiraopreto.com.br\/index.php\/category\/noticias-de-ribeirao-preto-sp-e-regiao-ismael-colosi\/"},"img":{"alt_text":"","src":"https:\/\/i0.wp.com\/noticiasribeiraopreto.com.br\/wp-content\/uploads\/2026\/01\/domingo-87_2026-01-13_20-30-31.webp.webp?fit=1200%2C675&ssl=1&resize=350%2C200","width":350,"height":200,"srcset":"https:\/\/i0.wp.com\/noticiasribeiraopreto.com.br\/wp-content\/uploads\/2026\/01\/domingo-87_2026-01-13_20-30-31.webp.webp?fit=1200%2C675&ssl=1&resize=350%2C200 1x, https:\/\/i0.wp.com\/noticiasribeiraopreto.com.br\/wp-content\/uploads\/2026\/01\/domingo-87_2026-01-13_20-30-31.webp.webp?fit=1200%2C675&ssl=1&resize=525%2C300 1.5x, https:\/\/i0.wp.com\/noticiasribeiraopreto.com.br\/wp-content\/uploads\/2026\/01\/domingo-87_2026-01-13_20-30-31.webp.webp?fit=1200%2C675&ssl=1&resize=700%2C400 2x, https:\/\/i0.wp.com\/noticiasribeiraopreto.com.br\/wp-content\/uploads\/2026\/01\/domingo-87_2026-01-13_20-30-31.webp.webp?fit=1200%2C675&ssl=1&resize=1050%2C600 3x"},"classes":[]}],"jetpack_sharing_enabled":true,"jetpack_shortlink":"https:\/\/wp.me\/peQAOb-ldl","_links":{"self":[{"href":"https:\/\/noticiasribeiraopreto.com.br\/index.php\/wp-json\/wp\/v2\/posts\/81551","targetHints":{"allow":["GET"]}}],"collection":[{"href":"https:\/\/noticiasribeiraopreto.com.br\/index.php\/wp-json\/wp\/v2\/posts"}],"about":[{"href":"https:\/\/noticiasribeiraopreto.com.br\/index.php\/wp-json\/wp\/v2\/types\/post"}],"author":[{"embeddable":true,"href":"https:\/\/noticiasribeiraopreto.com.br\/index.php\/wp-json\/wp\/v2\/users\/1"}],"replies":[{"embeddable":true,"href":"https:\/\/noticiasribeiraopreto.com.br\/index.php\/wp-json\/wp\/v2\/comments?post=81551"}],"version-history":[{"count":0,"href":"https:\/\/noticiasribeiraopreto.com.br\/index.php\/wp-json\/wp\/v2\/posts\/81551\/revisions"}],"wp:featuredmedia":[{"embeddable":true,"href":"https:\/\/noticiasribeiraopreto.com.br\/index.php\/wp-json\/wp\/v2\/media\/81552"}],"wp:attachment":[{"href":"https:\/\/noticiasribeiraopreto.com.br\/index.php\/wp-json\/wp\/v2\/media?parent=81551"}],"wp:term":[{"taxonomy":"category","embeddable":true,"href":"https:\/\/noticiasribeiraopreto.com.br\/index.php\/wp-json\/wp\/v2\/categories?post=81551"},{"taxonomy":"post_tag","embeddable":true,"href":"https:\/\/noticiasribeiraopreto.com.br\/index.php\/wp-json\/wp\/v2\/tags?post=81551"}],"curies":[{"name":"wp","href":"https:\/\/api.w.org\/{rel}","templated":true}]}}