{"id":81583,"date":"2026-01-10T08:54:14","date_gmt":"2026-01-10T11:54:14","guid":{"rendered":"https:\/\/noticiasribeiraopreto.com.br\/index.php\/2026\/01\/10\/padre-marcelo-rossi-lanca-livros-com-sessao-de-autografos-em-ribeirao-preto\/"},"modified":"2026-01-10T08:54:14","modified_gmt":"2026-01-10T11:54:14","slug":"padre-marcelo-rossi-lanca-livros-com-sessao-de-autografos-em-ribeirao-preto","status":"publish","type":"post","link":"https:\/\/noticiasribeiraopreto.com.br\/index.php\/2026\/01\/10\/padre-marcelo-rossi-lanca-livros-com-sessao-de-autografos-em-ribeirao-preto\/","title":{"rendered":"Padre Marcelo Rossi lan\u00e7a livros com sess\u00e3o de aut\u00f3grafos em Ribeir\u00e3o Preto"},"content":{"rendered":"<div class='code-block code-block-1' style='margin: 8px 0 8px auto; text-align: right; display: block; clear: both;'>\n<p><a href=\"https:\/\/wa.link\/vpicfd\"><img data-recalc-dims=\"1\" class=\"wp-image-4922\" style=\"aspect-ratio: 2.0253164556962027; width: 561px; height: auto;\" src=\"https:\/\/i0.wp.com\/ismaelcolosi.com.br\/wp-content\/uploads\/2023\/11\/grupo-de-empregos-whatsapp-e-facebook-ismael-colosi-vagas.jpg?ssl=1\" alt=\"\" \/><\/a><\/p>\n<!-- \/wp:image -->\n<\/div>\n<p> <br \/>\n<\/p>\n<div data-td-block-uid=\"tdi_95\">\n<div class=\"tdb-block-inner td-fix-index\">\n<p>No dia <strong>14 de janeiro<\/strong>, o sacerdote, cantor e escritor <strong>Padre Marcelo Rossi<\/strong> estar\u00e1 no <strong>Shopping Iguatemi Ribeir\u00e3o Preto<\/strong> para lan\u00e7ar seus livros <em>\u201cP\u00edlulas de F\u00e9 e Sabedoria\u201d<\/em> e <em>\u201cBatismo no Esp\u00edrito\u201d<\/em> e autografar exemplares para o p\u00fablico. O evento acontece das <strong>10h \u00e0s 22h<\/strong>, em parceria com a <strong>Livraria da Vila<\/strong> e a <strong>Editora Planeta<\/strong>.<\/p>\n<h3 class=\"wp-block-heading\"><strong>Os livros<\/strong><\/h3>\n<p>As obras trazem mensagens de <strong>f\u00e9, espiritualidade e cuidado com a sa\u00fade mental<\/strong>, oferecendo conforto e inspira\u00e7\u00e3o aos leitores. Durante o encontro, os f\u00e3s poder\u00e3o conhecer de perto o trabalho do religioso e receber dedicat\u00f3rias personalizadas.<\/p>\n<figure class=\"wp-block-gallery has-nested-images columns-default is-cropped wp-block-gallery-1 is-layout-flex wp-block-gallery-is-layout-flex\">\n<figure class=\"wp-block-image size-large\"><img data-recalc-dims=\"1\" fetchpriority=\"high\" decoding=\"async\" width=\"974\" height=\"1024\" data-id=\"141719\" src=\"https:\/\/i0.wp.com\/cdn.media-acidadeon.com.br\/ribeiraopreto\/wp-content\/uploads\/sites\/3\/2026\/01\/SnapInsta-Ai_3743228129398846365_2026-01-09_17-46-46-974x1024.webp?resize=974%2C1024&#038;ssl=1\" alt=\"livro\" class=\"wp-image-141719\" title=\"Padre Marcelo Rossi lan\u00e7a livros com sess\u00e3o de aut\u00f3grafos em Ribeir\u00e3o Preto 1\" srcset=\"https:\/\/cdn.media-acidadeon.com.br\/ribeiraopreto\/wp-content\/uploads\/sites\/3\/2026\/01\/SnapInsta-Ai_3743228129398846365_2026-01-09_17-46-46-974x1024.webp 974w, https:\/\/cdn.media-acidadeon.com.br\/ribeiraopreto\/wp-content\/uploads\/sites\/3\/2026\/01\/SnapInsta-Ai_3743228129398846365_2026-01-09_17-46-46-285x300.webp 285w, https:\/\/cdn.media-acidadeon.com.br\/ribeiraopreto\/wp-content\/uploads\/sites\/3\/2026\/01\/SnapInsta-Ai_3743228129398846365_2026-01-09_17-46-46-768x808.webp 768w, https:\/\/cdn.media-acidadeon.com.br\/ribeiraopreto\/wp-content\/uploads\/sites\/3\/2026\/01\/SnapInsta-Ai_3743228129398846365_2026-01-09_17-46-46-696x732.webp 696w, https:\/\/cdn.media-acidadeon.com.br\/ribeiraopreto\/wp-content\/uploads\/sites\/3\/2026\/01\/SnapInsta-Ai_3743228129398846365_2026-01-09_17-46-46-1068x1123.webp 1068w, https:\/\/cdn.media-acidadeon.com.br\/ribeiraopreto\/wp-content\/uploads\/sites\/3\/2026\/01\/SnapInsta-Ai_3743228129398846365_2026-01-09_17-46-46.webp 1080w\" sizes=\"(max-width: 974px) 100vw, 974px\"\/><\/figure>\n<figure class=\"wp-block-image size-large\"><img data-recalc-dims=\"1\" loading=\"lazy\" decoding=\"async\" width=\"500\" height=\"500\" data-id=\"141720\" src=\"https:\/\/i0.wp.com\/cdn.media-acidadeon.com.br\/ribeiraopreto\/wp-content\/uploads\/sites\/3\/2026\/01\/image_2026-01-09_17-48-05.webp?resize=500%2C500&#038;ssl=1\" alt=\"padre\" class=\"wp-image-141720\" title=\"Padre Marcelo Rossi lan\u00e7a livros com sess\u00e3o de aut\u00f3grafos em Ribeir\u00e3o Preto 2\" srcset=\"https:\/\/cdn.media-acidadeon.com.br\/ribeiraopreto\/wp-content\/uploads\/sites\/3\/2026\/01\/image_2026-01-09_17-48-05.webp 500w, https:\/\/cdn.media-acidadeon.com.br\/ribeiraopreto\/wp-content\/uploads\/sites\/3\/2026\/01\/image_2026-01-09_17-48-05-300x300.webp 300w, https:\/\/cdn.media-acidadeon.com.br\/ribeiraopreto\/wp-content\/uploads\/sites\/3\/2026\/01\/image_2026-01-09_17-48-05-150x150.webp 150w\" sizes=\"auto, (max-width: 500px) 100vw, 500px\"\/><\/figure>\n<\/figure>\n<h3 class=\"wp-block-heading\"><strong>Sess\u00e3o de aut\u00f3grafos<\/strong><\/h3>\n<p>A sess\u00e3o de aut\u00f3grafos ser\u00e1 realizada <strong>por ordem de chegada e mediante senhas<\/strong>, distribu\u00eddas <strong>no pr\u00f3prio dia<\/strong>. Cada pessoa ter\u00e1 direito a <strong>uma senha<\/strong>, que pode ser obtida com a compra de um dos livros, dispon\u00edveis na Livraria da Vila ou na fila do evento.<\/p>\n<p><strong>Pessoas com dificuldade de locomo\u00e7\u00e3o ou cadeirantes<\/strong> ter\u00e3o prioridade no atendimento, conforme a legisla\u00e7\u00e3o vigente.<\/p>\n<h3 class=\"wp-block-heading\"><strong>Servi\u00e7o<\/strong><\/h3>\n<p><strong>Data:<\/strong> 14 de janeiro<br \/><strong>Hor\u00e1rio:<\/strong> 10h \u00e0s 22h<br \/><strong>Local:<\/strong> Livraria da Vila \u2013 Piso Superior, Shopping Iguatemi Ribeir\u00e3o Preto<\/p>\n<hr class=\"wp-block-separator has-alpha-channel-opacity\"\/>\n<p>SAIBA MAIS<\/p>\n<p>Corpo do delegado Targino Os\u00f3rio ser\u00e1 sepultado nesta sexta-feira<\/p>\n<h2 class=\"wp-block-heading\"><strong>FIQUE ON<\/strong><\/h2>\n<p>Fique ligado em tudo que acontece em Ribeir\u00e3o Preto e regi\u00e3o. Siga os perfis do\u00a0<strong>acidade on<\/strong>\u00a0no\u00a0<a href=\"https:\/\/www.instagram.com\/acidadeonribeirao\" target=\"_blank\" rel=\"noreferrer noopener\">Instagram<\/a>\u00a0e no<a href=\"https:\/\/www.facebook.com\/acidadeonribeirao\/\" target=\"_blank\" rel=\"noreferrer noopener\">\u00a0Facebook<\/a>.<\/p>\n<p>Receba not\u00edcias do\u00a0<strong>acidade on<\/strong>\u00a0no WhatsApp. Para entrar no grupo,\u00a0basta<a href=\"https:\/\/chat.whatsapp.com\/GFH9HUMUTHNFJdnyEd0xxq\" target=\"_blank\" rel=\"noreferrer noopener\">\u00a0clicar aqui<\/a>. Ou, acesse o nosso\u00a0Canal<a href=\"https:\/\/whatsapp.com\/channel\/0029Vb6IQl1JENyAeS57fk2p\" target=\"_blank\" rel=\"noreferrer noopener\">\u00a0clicando aqui<\/a>.<\/p>\n<p>Fa\u00e7a uma den\u00fancia ou sugira uma reportagem sobre Ribeir\u00e3o Preto e regi\u00e3o pelo WhatsApp: 16 99117 7802.<\/p>\n<p>VEJA TAMB\u00c9M<\/p>\n<p>Cheesecake de goiabada; aprenda a receita<\/p>\n<p><!-- AI CONTENT END 1 -->\n<\/div>\n<\/div>\n<p><script async src=\"\/\/www.instagram.com\/embed.js\"><\/script><br \/>\n<br \/><br \/>\n<br \/><a href=\"https:\/\/www.acidadeon.com\/ribeiraopreto\/lazer-e-cultura\/padre-marcelo-rossi-lanca-livros-com-sessao-de-autografos-em-ribeirao-preto\/\">Source link <\/a><\/p>\n<!-- CONTENT END 1 -->\n","protected":false},"excerpt":{"rendered":"<p>No dia 14 de janeiro, o sacerdote, cantor e escritor Padre Marcelo Rossi estar\u00e1 no Shopping Iguatemi Ribeir\u00e3o Preto para lan\u00e7ar seus livros \u201cP\u00edlulas de&#8230;<\/p>\n","protected":false},"author":1,"featured_media":81584,"comment_status":"open","ping_status":"open","sticky":false,"template":"","format":"standard","meta":{"advanced_seo_description":"","jetpack_seo_html_title":"","jetpack_seo_noindex":false,"jetpack_post_was_ever_published":false,"_jetpack_newsletter_access":"","_jetpack_dont_email_post_to_subs":false,"_jetpack_newsletter_tier_id":0,"_jetpack_memberships_contains_paywalled_content":false,"_jetpack_memberships_contains_paid_content":false,"footnotes":"","jetpack_publicize_message":"","jetpack_publicize_feature_enabled":true,"jetpack_social_post_already_shared":true,"jetpack_social_options":{"image_generator_settings":{"template":"highway","default_image_id":0,"font":"","enabled":false},"version":2}},"categories":[11],"tags":[],"class_list":["post-81583","post","type-post","status-publish","format-standard","has-post-thumbnail","hentry","category-noticias-de-ribeirao-preto-sp-e-regiao-ismael-colosi"],"jetpack_publicize_connections":[],"jetpack_featured_media_url":"https:\/\/i0.wp.com\/noticiasribeiraopreto.com.br\/wp-content\/uploads\/2026\/01\/SnapInsta-Ai_3738926050207440565_2026-01-09_17-55-12.webp.webp?fit=1080%2C720&ssl=1","jetpack-related-posts":[{"id":57652,"url":"https:\/\/noticiasribeiraopreto.com.br\/index.php\/2024\/09\/06\/padre-marcelo-rossi-realiza-missa-em-festival-catolico-na-regiao-de-ribeirao\/","url_meta":{"origin":81583,"position":0},"title":"Padre Marcelo Rossi realiza missa em festival cat\u00f3lico na regi\u00e3o de Ribeir\u00e3o","author":"noticiasribeiraopreto.com.br","date":"6 de September de 2024","format":false,"excerpt":"Com mais de 350 atra\u00e7\u00f5es entre padres, m\u00fasicos e pregadores, a 37\u00aa edi\u00e7\u00e3o do Hallel Franca, um dos maiores festivais cat\u00f3licos da Am\u00e9rica Latina come\u00e7a nesta sexta-feira (6) e segue at\u00e9 domingo (8), no Parque de Exposi\u00e7\u00f5es \u201cFernando Costa\u201d, em Franca, na regi\u00e3o de Ribeir\u00e3o Preto. O tema desta edi\u00e7\u00e3o\u2026","rel":"","context":"In &quot;Not\u00edcias de Ribeir\u00e3o Preto-SP e Regi\u00e3o&quot;","block_context":{"text":"Not\u00edcias de Ribeir\u00e3o Preto-SP e Regi\u00e3o","link":"https:\/\/noticiasribeiraopreto.com.br\/index.php\/category\/noticias-de-ribeirao-preto-sp-e-regiao-ismael-colosi\/"},"img":{"alt_text":"","src":"https:\/\/i0.wp.com\/noticiasribeiraopreto.com.br\/wp-content\/uploads\/2024\/09\/WhatsApp-Image-2024-09-06-at-09.37.29_2024-09-06_14-25-57_jpeg_2024-09-06_14-25-57.webp.webp?fit=800%2C533&ssl=1&resize=350%2C200","width":350,"height":200,"srcset":"https:\/\/i0.wp.com\/noticiasribeiraopreto.com.br\/wp-content\/uploads\/2024\/09\/WhatsApp-Image-2024-09-06-at-09.37.29_2024-09-06_14-25-57_jpeg_2024-09-06_14-25-57.webp.webp?fit=800%2C533&ssl=1&resize=350%2C200 1x, https:\/\/i0.wp.com\/noticiasribeiraopreto.com.br\/wp-content\/uploads\/2024\/09\/WhatsApp-Image-2024-09-06-at-09.37.29_2024-09-06_14-25-57_jpeg_2024-09-06_14-25-57.webp.webp?fit=800%2C533&ssl=1&resize=525%2C300 1.5x, https:\/\/i0.wp.com\/noticiasribeiraopreto.com.br\/wp-content\/uploads\/2024\/09\/WhatsApp-Image-2024-09-06-at-09.37.29_2024-09-06_14-25-57_jpeg_2024-09-06_14-25-57.webp.webp?fit=800%2C533&ssl=1&resize=700%2C400 2x"},"classes":[]},{"id":78928,"url":"https:\/\/noticiasribeiraopreto.com.br\/index.php\/2025\/10\/21\/santos-dumont-e-tema-de-palestra-e-exposicao-na-biblioteca-padre-euclides\/","url_meta":{"origin":81583,"position":1},"title":"Santos Dumont \u00e9 tema de palestra e exposi\u00e7\u00e3o na Biblioteca Padre Euclides","author":"noticiasribeiraopreto.com.br","date":"21 de October de 2025","format":false,"excerpt":"A Biblioteca Padre Euclides, no Centro de Ribeir\u00e3o Preto, promove neste s\u00e1bado (25), \u00e0s 10h, a palestra \u201cAsas da imagina\u00e7\u00e3o \u2013 a vida e as inven\u00e7\u00f5es de Santos Dumont\u201d, promovida por Vanderci Pesotti. Al\u00e9m da exposi\u00e7\u00e3o de uma cole\u00e7\u00e3o tem\u00e1tica. A entrada \u00e9 gratuita. O colecionador e publicit\u00e1rio Vanderci Pessotti\u2026","rel":"","context":"In &quot;Not\u00edcias de Ribeir\u00e3o Preto-SP e Regi\u00e3o&quot;","block_context":{"text":"Not\u00edcias de Ribeir\u00e3o Preto-SP e Regi\u00e3o","link":"https:\/\/noticiasribeiraopreto.com.br\/index.php\/category\/noticias-de-ribeirao-preto-sp-e-regiao-ismael-colosi\/"},"img":{"alt_text":"","src":"https:\/\/i0.wp.com\/noticiasribeiraopreto.com.br\/wp-content\/uploads\/2025\/10\/Vanderci-Pessotti_2025-10-21_12-30-19.webp.webp?fit=1200%2C675&ssl=1&resize=350%2C200","width":350,"height":200,"srcset":"https:\/\/i0.wp.com\/noticiasribeiraopreto.com.br\/wp-content\/uploads\/2025\/10\/Vanderci-Pessotti_2025-10-21_12-30-19.webp.webp?fit=1200%2C675&ssl=1&resize=350%2C200 1x, https:\/\/i0.wp.com\/noticiasribeiraopreto.com.br\/wp-content\/uploads\/2025\/10\/Vanderci-Pessotti_2025-10-21_12-30-19.webp.webp?fit=1200%2C675&ssl=1&resize=525%2C300 1.5x, https:\/\/i0.wp.com\/noticiasribeiraopreto.com.br\/wp-content\/uploads\/2025\/10\/Vanderci-Pessotti_2025-10-21_12-30-19.webp.webp?fit=1200%2C675&ssl=1&resize=700%2C400 2x, https:\/\/i0.wp.com\/noticiasribeiraopreto.com.br\/wp-content\/uploads\/2025\/10\/Vanderci-Pessotti_2025-10-21_12-30-19.webp.webp?fit=1200%2C675&ssl=1&resize=1050%2C600 3x"},"classes":[]},{"id":77121,"url":"https:\/\/noticiasribeiraopreto.com.br\/index.php\/2025\/09\/11\/hallel-franca-2025-comeca-nesta-sexta-confira-a-programacao\/","url_meta":{"origin":81583,"position":2},"title":"Hallel Franca 2025 come\u00e7a nesta sexta; confira a programa\u00e7\u00e3o","author":"noticiasribeiraopreto.com.br","date":"11 de September de 2025","format":false,"excerpt":"O Hallel Franca 2025, um dos maiores festivais de m\u00fasica cat\u00f3lica da Am\u00e9rica Latina, tem in\u00edcio nesta sexta-feira (12) e segue at\u00e9 domingo (14), no Parque de Exposi\u00e7\u00f5es Fernando Costa, em Franca. A entrada \u00e9 gratuita, e o evento conta com shows, prega\u00e7\u00f5es, missas, confiss\u00f5es, capela e mais. O tema\u2026","rel":"","context":"In &quot;Not\u00edcias de Ribeir\u00e3o Preto-SP e Regi\u00e3o&quot;","block_context":{"text":"Not\u00edcias de Ribeir\u00e3o Preto-SP e Regi\u00e3o","link":"https:\/\/noticiasribeiraopreto.com.br\/index.php\/category\/noticias-de-ribeirao-preto-sp-e-regiao-ismael-colosi\/"},"img":{"alt_text":"","src":"https:\/\/i0.wp.com\/noticiasribeiraopreto.com.br\/wp-content\/uploads\/2025\/09\/WhatsApp-Image-2025-09-11-at-12.44.59_2025-09-11_15-45-49.webp.webp?fit=1200%2C774&ssl=1&resize=350%2C200","width":350,"height":200,"srcset":"https:\/\/i0.wp.com\/noticiasribeiraopreto.com.br\/wp-content\/uploads\/2025\/09\/WhatsApp-Image-2025-09-11-at-12.44.59_2025-09-11_15-45-49.webp.webp?fit=1200%2C774&ssl=1&resize=350%2C200 1x, https:\/\/i0.wp.com\/noticiasribeiraopreto.com.br\/wp-content\/uploads\/2025\/09\/WhatsApp-Image-2025-09-11-at-12.44.59_2025-09-11_15-45-49.webp.webp?fit=1200%2C774&ssl=1&resize=525%2C300 1.5x, https:\/\/i0.wp.com\/noticiasribeiraopreto.com.br\/wp-content\/uploads\/2025\/09\/WhatsApp-Image-2025-09-11-at-12.44.59_2025-09-11_15-45-49.webp.webp?fit=1200%2C774&ssl=1&resize=700%2C400 2x, https:\/\/i0.wp.com\/noticiasribeiraopreto.com.br\/wp-content\/uploads\/2025\/09\/WhatsApp-Image-2025-09-11-at-12.44.59_2025-09-11_15-45-49.webp.webp?fit=1200%2C774&ssl=1&resize=1050%2C600 3x"},"classes":[]},{"id":31153,"url":"https:\/\/noticiasribeiraopreto.com.br\/index.php\/2024\/01\/21\/top-10-musicas-catolicas-mais-tocadas-do-brasil-em-2024\/","url_meta":{"origin":81583,"position":3},"title":"Top 10 m\u00fasicas Cat\u00f3licas mais tocadas do Brasil em 2024","author":"noticiasribeiraopreto.com.br","date":"21 de January de 2024","format":false,"excerpt":"Confira as top m\u00fasicas cat\u00f3licas mais tocadas. Ou\u00e7a as melhores m\u00fasicas cat\u00f3licas mais tocadas nas r\u00e1dios do Brasil e consequentemente no Youtube. S\u00e3o os maiores sucessos do g\u00eanero cat\u00f3lico que s\u00e3o mais ouvidas tanto nas r\u00e1dios, como nas missas, nas igrejas e na internet. Portanto, aproveite para ouvir o top\u2026","rel":"","context":"In &quot;Blog&quot;","block_context":{"text":"Blog","link":"https:\/\/noticiasribeiraopreto.com.br\/index.php\/category\/blog\/"},"img":{"alt_text":"","src":"https:\/\/i0.wp.com\/noticiasribeiraopreto.com.br\/wp-content\/uploads\/2024\/01\/Musicas-catolicas-mais-tocadas.jpg?fit=1200%2C799&ssl=1&resize=350%2C200","width":350,"height":200,"srcset":"https:\/\/i0.wp.com\/noticiasribeiraopreto.com.br\/wp-content\/uploads\/2024\/01\/Musicas-catolicas-mais-tocadas.jpg?fit=1200%2C799&ssl=1&resize=350%2C200 1x, https:\/\/i0.wp.com\/noticiasribeiraopreto.com.br\/wp-content\/uploads\/2024\/01\/Musicas-catolicas-mais-tocadas.jpg?fit=1200%2C799&ssl=1&resize=525%2C300 1.5x, https:\/\/i0.wp.com\/noticiasribeiraopreto.com.br\/wp-content\/uploads\/2024\/01\/Musicas-catolicas-mais-tocadas.jpg?fit=1200%2C799&ssl=1&resize=700%2C400 2x, https:\/\/i0.wp.com\/noticiasribeiraopreto.com.br\/wp-content\/uploads\/2024\/01\/Musicas-catolicas-mais-tocadas.jpg?fit=1200%2C799&ssl=1&resize=1050%2C600 3x"},"classes":[]},{"id":42456,"url":"https:\/\/noticiasribeiraopreto.com.br\/index.php\/2024\/03\/14\/novo-livro-de-assis-soares-e-semiramis-paterno-fala-de-sonho-e-perseveranca\/","url_meta":{"origin":81583,"position":4},"title":"Novo livro de Assis Soares e Sem\u00edramis Paterno fala de sonho e perseveran\u00e7a","author":"noticiasribeiraopreto.com.br","date":"14 de March de 2024","format":false,"excerpt":"14 de mar\u00e7o de 2024 | 16:44 0A girafa que queria voar \u00e9 o novo t\u00edtulo infantil que ser\u00e1 lan\u00e7ado na Biblioteca Padre Euclides. A hist\u00f3ria nasceu de uma troca de ideias entre os dois autores, inspirando um tratamento diferente para as ilustra\u00e7\u00f5es de Sem\u00edramis Paterno. \u201c\u00c9 bom deixarmos um\u2026","rel":"","context":"In &quot;Not\u00edcias de Ribeir\u00e3o Preto-SP e Regi\u00e3o&quot;","block_context":{"text":"Not\u00edcias de Ribeir\u00e3o Preto-SP e Regi\u00e3o","link":"https:\/\/noticiasribeiraopreto.com.br\/index.php\/category\/noticias-de-ribeirao-preto-sp-e-regiao-ismael-colosi\/"},"img":{"alt_text":"","src":"https:\/\/i0.wp.com\/noticiasribeiraopreto.com.br\/wp-content\/uploads\/2024\/03\/download-1.png?fit=674%2C379&ssl=1&resize=350%2C200","width":350,"height":200,"srcset":"https:\/\/i0.wp.com\/noticiasribeiraopreto.com.br\/wp-content\/uploads\/2024\/03\/download-1.png?fit=674%2C379&ssl=1&resize=350%2C200 1x, https:\/\/i0.wp.com\/noticiasribeiraopreto.com.br\/wp-content\/uploads\/2024\/03\/download-1.png?fit=674%2C379&ssl=1&resize=525%2C300 1.5x"},"classes":[]},{"id":58991,"url":"https:\/\/noticiasribeiraopreto.com.br\/index.php\/2024\/10\/11\/fim-de-semana-em-ribeirao-preto-tem-shows-e-programacao-de-dia-das-criancas\/","url_meta":{"origin":81583,"position":5},"title":"Fim de semana em Ribeir\u00e3o Preto tem shows e programa\u00e7\u00e3o de Dia das Crian\u00e7as","author":"noticiasribeiraopreto.com.br","date":"11 de October de 2024","format":false,"excerpt":"Este fim de semana \u00e9 marcado pelo feriado de Nossa Senhora Aparecida e o Dia das Crian\u00e7as. Entre as atra\u00e7\u00f5es da agenda cultural est\u00e3o o show da turn\u00ea de despedida da banda Natiruts e a Romaria de Nossa Senhora, que promete reunir diversos fi\u00e9is, al\u00e9m de diversas atividades para a\u2026","rel":"","context":"In &quot;Not\u00edcias de Ribeir\u00e3o Preto-SP e Regi\u00e3o&quot;","block_context":{"text":"Not\u00edcias de Ribeir\u00e3o Preto-SP e Regi\u00e3o","link":"https:\/\/noticiasribeiraopreto.com.br\/index.php\/category\/noticias-de-ribeirao-preto-sp-e-regiao-ismael-colosi\/"},"img":{"alt_text":"","src":"https:\/\/i0.wp.com\/noticiasribeiraopreto.com.br\/wp-content\/uploads\/2024\/10\/children-playing-grass_2024-10-11_13-54-35_jpg_2024-10-11_13-54-38-scaled.webp.webp?fit=1200%2C800&ssl=1&resize=350%2C200","width":350,"height":200,"srcset":"https:\/\/i0.wp.com\/noticiasribeiraopreto.com.br\/wp-content\/uploads\/2024\/10\/children-playing-grass_2024-10-11_13-54-35_jpg_2024-10-11_13-54-38-scaled.webp.webp?fit=1200%2C800&ssl=1&resize=350%2C200 1x, https:\/\/i0.wp.com\/noticiasribeiraopreto.com.br\/wp-content\/uploads\/2024\/10\/children-playing-grass_2024-10-11_13-54-35_jpg_2024-10-11_13-54-38-scaled.webp.webp?fit=1200%2C800&ssl=1&resize=525%2C300 1.5x, https:\/\/i0.wp.com\/noticiasribeiraopreto.com.br\/wp-content\/uploads\/2024\/10\/children-playing-grass_2024-10-11_13-54-35_jpg_2024-10-11_13-54-38-scaled.webp.webp?fit=1200%2C800&ssl=1&resize=700%2C400 2x, https:\/\/i0.wp.com\/noticiasribeiraopreto.com.br\/wp-content\/uploads\/2024\/10\/children-playing-grass_2024-10-11_13-54-35_jpg_2024-10-11_13-54-38-scaled.webp.webp?fit=1200%2C800&ssl=1&resize=1050%2C600 3x"},"classes":[]}],"jetpack_sharing_enabled":true,"jetpack_shortlink":"https:\/\/wp.me\/peQAOb-ldR","_links":{"self":[{"href":"https:\/\/noticiasribeiraopreto.com.br\/index.php\/wp-json\/wp\/v2\/posts\/81583","targetHints":{"allow":["GET"]}}],"collection":[{"href":"https:\/\/noticiasribeiraopreto.com.br\/index.php\/wp-json\/wp\/v2\/posts"}],"about":[{"href":"https:\/\/noticiasribeiraopreto.com.br\/index.php\/wp-json\/wp\/v2\/types\/post"}],"author":[{"embeddable":true,"href":"https:\/\/noticiasribeiraopreto.com.br\/index.php\/wp-json\/wp\/v2\/users\/1"}],"replies":[{"embeddable":true,"href":"https:\/\/noticiasribeiraopreto.com.br\/index.php\/wp-json\/wp\/v2\/comments?post=81583"}],"version-history":[{"count":0,"href":"https:\/\/noticiasribeiraopreto.com.br\/index.php\/wp-json\/wp\/v2\/posts\/81583\/revisions"}],"wp:featuredmedia":[{"embeddable":true,"href":"https:\/\/noticiasribeiraopreto.com.br\/index.php\/wp-json\/wp\/v2\/media\/81584"}],"wp:attachment":[{"href":"https:\/\/noticiasribeiraopreto.com.br\/index.php\/wp-json\/wp\/v2\/media?parent=81583"}],"wp:term":[{"taxonomy":"category","embeddable":true,"href":"https:\/\/noticiasribeiraopreto.com.br\/index.php\/wp-json\/wp\/v2\/categories?post=81583"},{"taxonomy":"post_tag","embeddable":true,"href":"https:\/\/noticiasribeiraopreto.com.br\/index.php\/wp-json\/wp\/v2\/tags?post=81583"}],"curies":[{"name":"wp","href":"https:\/\/api.w.org\/{rel}","templated":true}]}}