{"id":81585,"date":"2026-01-10T09:13:35","date_gmt":"2026-01-10T12:13:35","guid":{"rendered":"https:\/\/noticiasribeiraopreto.com.br\/index.php\/2026\/01\/10\/supermercados-geraram-mil-empregos-em-ribeirao-em-2025-mas-setor-ainda-tem-quase-3-mil-vagas-em-aberto\/"},"modified":"2026-01-10T09:13:35","modified_gmt":"2026-01-10T12:13:35","slug":"supermercados-geraram-mil-empregos-em-ribeirao-em-2025-mas-setor-ainda-tem-quase-3-mil-vagas-em-aberto","status":"publish","type":"post","link":"https:\/\/noticiasribeiraopreto.com.br\/index.php\/2026\/01\/10\/supermercados-geraram-mil-empregos-em-ribeirao-em-2025-mas-setor-ainda-tem-quase-3-mil-vagas-em-aberto\/","title":{"rendered":"Supermercados geraram mil empregos em Ribeir\u00e3o em 2025, mas setor ainda tem quase 3 mil vagas em aberto"},"content":{"rendered":"<div class='code-block code-block-1' style='margin: 8px 0 8px auto; text-align: right; display: block; clear: both;'>\n<p><a href=\"https:\/\/wa.link\/vpicfd\"><img data-recalc-dims=\"1\" class=\"wp-image-4922\" style=\"aspect-ratio: 2.0253164556962027; width: 561px; height: auto;\" src=\"https:\/\/i0.wp.com\/ismaelcolosi.com.br\/wp-content\/uploads\/2023\/11\/grupo-de-empregos-whatsapp-e-facebook-ismael-colosi-vagas.jpg?ssl=1\" alt=\"\" \/><\/a><\/p>\n<!-- \/wp:image -->\n<\/div>\n<p> <br \/>\n<\/p>\n<div id=\"\">&#13;<br \/>\n\t\t\t\t\t\t\t\t&#13;<\/p>\n<p>&#13;<br \/>\n\t\t\t\t\t\t\t\t\t<span class=\"entry-meta-item penci-posted-on\"><i class=\"fa fa-clock-o\"\/><time class=\"entry-date published\" datetime=\"2026-01-10T09:05:34-03:00\">10 de janeiro de 2026 09:05<\/time><time class=\"updated\" datetime=\"2026-01-09T23:53:01-03:00\">9 de janeiro de 2026 23:53<\/time><\/span><span class=\"entry-meta-item penci-post-countview\"\/>\t\t\t\t\t\t\t\t<\/p>\n<p><!-- .entry-meta -->&#13;<br \/>\n\t\t\t\t\t\t\t\t<span class=\"penci-social-buttons penci-social-share-footer\"><span class=\"penci-social-share-text\">Compartilhar<\/span><a href=\"#\" class=\"penci-post-like penci_post-meta_item  single-like-button penci-social-item like\" data-post_id=\"451462\" title=\"Like\" data-like=\"Like\" data-unlike=\"Unlike\"><i class=\"fa fa-thumbs-o-up\"\/><span class=\"penci-share-number\">0<\/span><\/a><i class=\"fa fa-facebook\"\/><a class=\"penci-social-item twitter\" target=\"_blank\" rel=\"noopener\" title=\"\" href=\"https:\/\/twitter.com\/intent\/tweet?text=Supermercados%20geraram%20mil%20empregos%20em%20Ribeir\u00e3o%20em%202025,%20mas%20setor%20ainda%20tem%20quase%203%20mil%20vagas%20em%20aberto%20-%20https:\/\/www.tribunaribeirao.com.br\/supermercados-geraram-mil-empregos-em-ribeirao-em-2025-mas-setor-ainda-tem-quase-3-mil-vagas-em-aberto\/\"><i class=\"fa fa-twitter\"\/><\/a><i class=\"fa fa-linkedin\"\/><i class=\"fa fa-whatsapp\"\/><i class=\"fa fa-telegram\"\/><i class=\"fa fa-envelope\"\/><\/span>\t\t\t\t\t\t\t<\/div>\n<div>\n<p>O setor supermercadista da regi\u00e3o de Ribeir\u00e3o Preto fechou 2025 com saldo positivo na gera\u00e7\u00e3o de empregos, mas ainda enfrenta dificuldades para preencher vagas. De acordo com levantamento da Associa\u00e7\u00e3o Paulista de Supermercados (APAS), a regional de Ribeir\u00e3o criou 1.002 postos de trabalho ao longo do ano, mas mant\u00e9m 2.719 vagas em aberto.<\/p>\n<p>O cen\u00e1rio local acompanha a tend\u00eancia observada em todo o Estado de S\u00e3o Paulo. Segundo a APAS, mais de 2.800 novos supermercados foram inaugurados nos primeiros nove meses de 2025, o que resultou na cria\u00e7\u00e3o de 18.870 empregos formais \u2014 n\u00famero 41% maior do que o registrado no mesmo per\u00edodo de 2024. Mesmo assim, o setor encerrou o per\u00edodo com mais de 36 mil vagas n\u00e3o preenchidas no Estado.<\/p>\n<p>Para a entidade, o volume de vagas abertas \u00e9 consequ\u00eancia direta da expans\u00e3o da rede de lojas. \u201cMesmo com a abertura l\u00edquida de quase 19 mil postos de trabalho, o crescimento do setor ainda exige mais profissionais do que o mercado consegue oferecer\u201d, avaliou o economista-chefe da APAS, Felipe Queiroz.<\/p>\n<p>\u00a0<\/p>\n<h2><strong>Opera\u00e7\u00e3o de loja concentra maior demanda<\/strong><\/h2>\n<p>Os dados da associa\u00e7\u00e3o indicam que as vagas abertas se concentram, principalmente, nas \u00e1reas de atendimento ao p\u00fablico e abastecimento das lojas. Segundo a APAS, o cargo de operador de caixa responde por 22% das vagas dispon\u00edveis no Estado. Em seguida aparecem repositor (17%), a\u00e7ougueiro (13%) e operador de frios e latic\u00ednios (12%).<\/p>\n<p>O levantamento tamb\u00e9m mostra uma mudan\u00e7a no perfil dos trabalhadores contratados. Ainda segundo a APAS, jovens entre 18 e 24 anos representaram 34% das admiss\u00f5es em 2025, enquanto profissionais de 50 a 64 anos responderam por 24%, indicando maior diversidade et\u00e1ria no setor.<\/p>\n<p>\u00a0<\/p>\n<h3><strong>Ribeir\u00e3o se consolida como polo regional<\/strong><\/h3>\n<p>Para a diretoria regional da APAS, Ribeir\u00e3o Preto vem se consolidando como um dos polos do varejo alimentar no interior paulista. O diretor regional da entidade, Jos\u00e9 Carlos Rinaldi, afirma que a expans\u00e3o das redes na cidade e em munic\u00edpios vizinhos explica tanto o crescimento do emprego quanto a perman\u00eancia de vagas em aberto.<\/p>\n<\/div>\n<p><script async src=\"\/\/platform.twitter.com\/widgets.js\" charset=\"utf-8\"><\/script><br \/>\n<br \/><br \/>\n<br \/><a href=\"https:\/\/www.tribunaribeirao.com.br\/supermercados-geraram-mil-empregos-em-ribeirao-em-2025-mas-setor-ainda-tem-quase-3-mil-vagas-em-aberto\/\">Source link <\/a><\/p>\n<!-- CONTENT END 1 -->\n","protected":false},"excerpt":{"rendered":"<p>&#13; &#13; &#13; 10 de janeiro de 2026 09:059 de janeiro de 2026 23:53 &#13; Compartilhar0 O setor supermercadista da regi\u00e3o de Ribeir\u00e3o Preto fechou&#8230;<\/p>\n","protected":false},"author":1,"featured_media":81586,"comment_status":"open","ping_status":"open","sticky":false,"template":"","format":"standard","meta":{"advanced_seo_description":"","jetpack_seo_html_title":"","jetpack_seo_noindex":false,"jetpack_post_was_ever_published":false,"_jetpack_newsletter_access":"","_jetpack_dont_email_post_to_subs":false,"_jetpack_newsletter_tier_id":0,"_jetpack_memberships_contains_paywalled_content":false,"_jetpack_memberships_contains_paid_content":false,"footnotes":"","jetpack_publicize_message":"","jetpack_publicize_feature_enabled":true,"jetpack_social_post_already_shared":true,"jetpack_social_options":{"image_generator_settings":{"template":"highway","default_image_id":0,"font":"","enabled":false},"version":2}},"categories":[11],"tags":[],"class_list":["post-81585","post","type-post","status-publish","format-standard","has-post-thumbnail","hentry","category-noticias-de-ribeirao-preto-sp-e-regiao-ismael-colosi"],"jetpack_publicize_connections":[],"jetpack_featured_media_url":"https:\/\/i0.wp.com\/noticiasribeiraopreto.com.br\/wp-content\/uploads\/2026\/01\/3-mercados.jpg?fit=800%2C500&ssl=1","jetpack-related-posts":[{"id":81869,"url":"https:\/\/noticiasribeiraopreto.com.br\/index.php\/2026\/01\/28\/receita-federal-apreende-mercadorias-avaliadas-em-r-400-mil-nos-correios-de-ribeirao\/","url_meta":{"origin":81585,"position":0},"title":"Receita Federal apreende mercadorias avaliadas em R$ 400 mil nos Correios de Ribeir\u00e3o","author":"noticiasribeiraopreto.com.br","date":"28 de January de 2026","format":false,"excerpt":"\r \r \r \r \r 28 de janeiro de 2026 17:24 \r Compartilhar0 \r A 8\u00aa Regi\u00e3o Fiscal da Receita Federal de Ribeir\u00e3o Preto realizou, nesta quarta-feira (28), uma opera\u00e7\u00e3o no Centro de Tratamento de Cartas e Encomendas (CTCE) dos Correios, que resultou na reten\u00e7\u00e3o de 103 pacotes com mercadorias\u2026","rel":"","context":"In &quot;Not\u00edcias de Ribeir\u00e3o Preto-SP e Regi\u00e3o&quot;","block_context":{"text":"Not\u00edcias de Ribeir\u00e3o Preto-SP e Regi\u00e3o","link":"https:\/\/noticiasribeiraopreto.com.br\/index.php\/category\/noticias-de-ribeirao-preto-sp-e-regiao-ismael-colosi\/"},"img":{"alt_text":"","src":"https:\/\/i0.wp.com\/noticiasribeiraopreto.com.br\/wp-content\/uploads\/2026\/01\/pf-04-scaled.jpeg?fit=1200%2C691&ssl=1&resize=350%2C200","width":350,"height":200,"srcset":"https:\/\/i0.wp.com\/noticiasribeiraopreto.com.br\/wp-content\/uploads\/2026\/01\/pf-04-scaled.jpeg?fit=1200%2C691&ssl=1&resize=350%2C200 1x, https:\/\/i0.wp.com\/noticiasribeiraopreto.com.br\/wp-content\/uploads\/2026\/01\/pf-04-scaled.jpeg?fit=1200%2C691&ssl=1&resize=525%2C300 1.5x, https:\/\/i0.wp.com\/noticiasribeiraopreto.com.br\/wp-content\/uploads\/2026\/01\/pf-04-scaled.jpeg?fit=1200%2C691&ssl=1&resize=700%2C400 2x, https:\/\/i0.wp.com\/noticiasribeiraopreto.com.br\/wp-content\/uploads\/2026\/01\/pf-04-scaled.jpeg?fit=1200%2C691&ssl=1&resize=1050%2C600 3x"},"classes":[]},{"id":81662,"url":"https:\/\/noticiasribeiraopreto.com.br\/index.php\/2026\/01\/13\/processo-seletivo-de-hospital-oferece-vagas-com-salarios-de-ate-r-109-mil-veja-ate-quando-se-inscrever\/","url_meta":{"origin":81585,"position":1},"title":"Processo seletivo de hospital oferece vagas com sal\u00e1rios de at\u00e9 R$ 10,9 mil; Veja at\u00e9 quando se inscrever","author":"noticiasribeiraopreto.com.br","date":"13 de January de 2026","format":false,"excerpt":"A Funda\u00e7\u00e3o Hospital Santa Lydia, em Ribeir\u00e3o Preto, continua com as inscri\u00e7\u00f5es abertas para um processo seletivo que pretende contratar profissionais de n\u00edvel fundamental, m\u00e9dio e superior. As vagas s\u00e3o para diferentes cargos, com sal\u00e1rios entre R$ 1,2 mil e R$ 10,9 mil, para jornadas que v\u00e3o de 20 a\u2026","rel":"","context":"In &quot;Not\u00edcias de Ribeir\u00e3o Preto-SP e Regi\u00e3o&quot;","block_context":{"text":"Not\u00edcias de Ribeir\u00e3o Preto-SP e Regi\u00e3o","link":"https:\/\/noticiasribeiraopreto.com.br\/index.php\/category\/noticias-de-ribeirao-preto-sp-e-regiao-ismael-colosi\/"},"img":{"alt_text":"","src":"https:\/\/i0.wp.com\/noticiasribeiraopreto.com.br\/wp-content\/uploads\/2026\/01\/santa-lydia-1024x683-1_2024-10-31_21-06-50_jpg_2024-10-31_21-06-50.webp.webp?fit=1024%2C683&ssl=1&resize=350%2C200","width":350,"height":200,"srcset":"https:\/\/i0.wp.com\/noticiasribeiraopreto.com.br\/wp-content\/uploads\/2026\/01\/santa-lydia-1024x683-1_2024-10-31_21-06-50_jpg_2024-10-31_21-06-50.webp.webp?fit=1024%2C683&ssl=1&resize=350%2C200 1x, https:\/\/i0.wp.com\/noticiasribeiraopreto.com.br\/wp-content\/uploads\/2026\/01\/santa-lydia-1024x683-1_2024-10-31_21-06-50_jpg_2024-10-31_21-06-50.webp.webp?fit=1024%2C683&ssl=1&resize=525%2C300 1.5x, https:\/\/i0.wp.com\/noticiasribeiraopreto.com.br\/wp-content\/uploads\/2026\/01\/santa-lydia-1024x683-1_2024-10-31_21-06-50_jpg_2024-10-31_21-06-50.webp.webp?fit=1024%2C683&ssl=1&resize=700%2C400 2x"},"classes":[]},{"id":81475,"url":"https:\/\/noticiasribeiraopreto.com.br\/index.php\/2026\/01\/07\/gcm-vai-investir-r-92-mil-na-compra-de-espingardas-calibre-12\/","url_meta":{"origin":81585,"position":2},"title":"GCM vai investir R$ 92 mil na compra de espingardas calibre 12","author":"noticiasribeiraopreto.com.br","date":"7 de January de 2026","format":false,"excerpt":"\r \r \r 7 de janeiro de 2026 08:25 \r Compartilhar0 Aquisi\u00e7\u00e3o prev\u00ea oito armas para patrulhamento rural; edital foi publicado no DOM A Guarda Civil Metropolitana (GCM) de Ribeir\u00e3o Preto vai comprar oito espingardas calibre 12, com capacidade para oito tiros e cano de 19 polegadas, para a corpora\u00e7\u00e3o.\u2026","rel":"","context":"In &quot;Not\u00edcias de Ribeir\u00e3o Preto-SP e Regi\u00e3o&quot;","block_context":{"text":"Not\u00edcias de Ribeir\u00e3o Preto-SP e Regi\u00e3o","link":"https:\/\/noticiasribeiraopreto.com.br\/index.php\/category\/noticias-de-ribeirao-preto-sp-e-regiao-ismael-colosi\/"},"img":{"alt_text":"","src":"https:\/\/i0.wp.com\/noticiasribeiraopreto.com.br\/wp-content\/uploads\/2026\/01\/1-gcm-armas-scaled.jpeg?fit=1170%2C780&ssl=1&resize=350%2C200","width":350,"height":200,"srcset":"https:\/\/i0.wp.com\/noticiasribeiraopreto.com.br\/wp-content\/uploads\/2026\/01\/1-gcm-armas-scaled.jpeg?fit=1170%2C780&ssl=1&resize=350%2C200 1x, https:\/\/i0.wp.com\/noticiasribeiraopreto.com.br\/wp-content\/uploads\/2026\/01\/1-gcm-armas-scaled.jpeg?fit=1170%2C780&ssl=1&resize=525%2C300 1.5x, https:\/\/i0.wp.com\/noticiasribeiraopreto.com.br\/wp-content\/uploads\/2026\/01\/1-gcm-armas-scaled.jpeg?fit=1170%2C780&ssl=1&resize=700%2C400 2x, https:\/\/i0.wp.com\/noticiasribeiraopreto.com.br\/wp-content\/uploads\/2026\/01\/1-gcm-armas-scaled.jpeg?fit=1170%2C780&ssl=1&resize=1050%2C600 3x"},"classes":[]},{"id":81741,"url":"https:\/\/noticiasribeiraopreto.com.br\/index.php\/2026\/01\/15\/ladrao-rouba-celular-em-sp-e-causa-prejuizo-de-r-88-mil\/","url_meta":{"origin":81585,"position":3},"title":"Ladr\u00e3o rouba celular em SP e causa preju\u00edzo de R$ 88 mil","author":"noticiasribeiraopreto.com.br","date":"15 de January de 2026","format":false,"excerpt":"\r V\u00edtima, que \u00e9 de Ribeir\u00e3o Preto, circulava pela Capital quando homem quebrou vidro do carro e levou dei iPhone, fazendo pix e empr\u00e9stimos\r \r 15 de janeiro de 2026 11:3615 de janeiro de 2026 12:18 \r Compartilhar2 Por: Adalberto Luque Uma coordenadora, de 40 anos, teve seu celular roubado\u2026","rel":"","context":"In &quot;Not\u00edcias de Ribeir\u00e3o Preto-SP e Regi\u00e3o&quot;","block_context":{"text":"Not\u00edcias de Ribeir\u00e3o Preto-SP e Regi\u00e3o","link":"https:\/\/noticiasribeiraopreto.com.br\/index.php\/category\/noticias-de-ribeirao-preto-sp-e-regiao-ismael-colosi\/"},"img":{"alt_text":"","src":"https:\/\/i0.wp.com\/noticiasribeiraopreto.com.br\/wp-content\/uploads\/2026\/01\/15-jan-2026-roubocelular.jpg?fit=650%2C433&ssl=1&resize=350%2C200","width":350,"height":200,"srcset":"https:\/\/i0.wp.com\/noticiasribeiraopreto.com.br\/wp-content\/uploads\/2026\/01\/15-jan-2026-roubocelular.jpg?fit=650%2C433&ssl=1&resize=350%2C200 1x, https:\/\/i0.wp.com\/noticiasribeiraopreto.com.br\/wp-content\/uploads\/2026\/01\/15-jan-2026-roubocelular.jpg?fit=650%2C433&ssl=1&resize=525%2C300 1.5x"},"classes":[]},{"id":83117,"url":"https:\/\/noticiasribeiraopreto.com.br\/index.php\/2026\/03\/10\/em-12-meses-ribeirao-abriu-3-518-vagas-de-emprego\/","url_meta":{"origin":81585,"position":4},"title":"Em 12 meses, Ribeir\u00e3o \u2028abriu 3.518 vagas de emprego","author":"noticiasribeiraopreto.com.br","date":"10 de March de 2026","format":false,"excerpt":"Ribeir\u00e3o Preto criou, nos \u00faltimos doze meses \u2013 de fevereiro de 2025 at\u00e9 o final de janeiro deste abno \u2013, 3.518 novos postos de trabalho, segundo levantamento da Funda\u00e7\u00e3o Sistema Estafdual de An\u00e1lise de Dados (Seade), com base nas informa\u00e7\u00f5es do Novo Cadastro Geral de Empregados e Desempregados (Novo Caged)\u2026","rel":"","context":"In &quot;Not\u00edcias de Ribeir\u00e3o Preto-SP e Regi\u00e3o&quot;","block_context":{"text":"Not\u00edcias de Ribeir\u00e3o Preto-SP e Regi\u00e3o","link":"https:\/\/noticiasribeiraopreto.com.br\/index.php\/category\/noticias-de-ribeirao-preto-sp-e-regiao-ismael-colosi\/"},"img":{"alt_text":"","src":"https:\/\/i0.wp.com\/noticiasribeiraopreto.com.br\/wp-content\/uploads\/2026\/03\/CagedRP-Divulgacao-scaled.jpg?fit=1200%2C675&ssl=1&resize=350%2C200","width":350,"height":200,"srcset":"https:\/\/i0.wp.com\/noticiasribeiraopreto.com.br\/wp-content\/uploads\/2026\/03\/CagedRP-Divulgacao-scaled.jpg?fit=1200%2C675&ssl=1&resize=350%2C200 1x, https:\/\/i0.wp.com\/noticiasribeiraopreto.com.br\/wp-content\/uploads\/2026\/03\/CagedRP-Divulgacao-scaled.jpg?fit=1200%2C675&ssl=1&resize=525%2C300 1.5x, https:\/\/i0.wp.com\/noticiasribeiraopreto.com.br\/wp-content\/uploads\/2026\/03\/CagedRP-Divulgacao-scaled.jpg?fit=1200%2C675&ssl=1&resize=700%2C400 2x, https:\/\/i0.wp.com\/noticiasribeiraopreto.com.br\/wp-content\/uploads\/2026\/03\/CagedRP-Divulgacao-scaled.jpg?fit=1200%2C675&ssl=1&resize=1050%2C600 3x"},"classes":[]},{"id":81538,"url":"https:\/\/noticiasribeiraopreto.com.br\/index.php\/2026\/01\/09\/prefeitura-no-interior-de-sp-abre-concurso-com-29-vagas-e-salarios-de-r-7-mil\/","url_meta":{"origin":81585,"position":5},"title":"Prefeitura no interior de SP abre concurso com 29 vagas e sal\u00e1rios de R$ 7 mil","author":"noticiasribeiraopreto.com.br","date":"9 de January de 2026","format":false,"excerpt":"A Prefeitura de Orl\u00e2ndia, no interior de S\u00e3o Paulo, est\u00e1 com inscri\u00e7\u00f5es abertas para concurso p\u00fablico que pretende contratar 24 profissionais de ensino superior. As oportunidades s\u00e3o para o cargo de diretor de escola, com sal\u00e1rio de R$ 7.046,00 para jornada de 36 horas semanais. Para concorrer a uma das\u2026","rel":"","context":"In &quot;Not\u00edcias de Ribeir\u00e3o Preto-SP e Regi\u00e3o&quot;","block_context":{"text":"Not\u00edcias de Ribeir\u00e3o Preto-SP e Regi\u00e3o","link":"https:\/\/noticiasribeiraopreto.com.br\/index.php\/category\/noticias-de-ribeirao-preto-sp-e-regiao-ismael-colosi\/"},"img":{"alt_text":"","src":"https:\/\/i0.wp.com\/noticiasribeiraopreto.com.br\/wp-content\/uploads\/2025\/09\/Copia-de-Copia-de-Copia-de-TAMANHO-EXATO-PARA-FOTOS-NO-SISTEMA-NOVO-2025-09-17T161849.265_2025-09-17_19-23-38.webp.webp?fit=1200%2C675&ssl=1&resize=350%2C200","width":350,"height":200,"srcset":"https:\/\/i0.wp.com\/noticiasribeiraopreto.com.br\/wp-content\/uploads\/2025\/09\/Copia-de-Copia-de-Copia-de-TAMANHO-EXATO-PARA-FOTOS-NO-SISTEMA-NOVO-2025-09-17T161849.265_2025-09-17_19-23-38.webp.webp?fit=1200%2C675&ssl=1&resize=350%2C200 1x, https:\/\/i0.wp.com\/noticiasribeiraopreto.com.br\/wp-content\/uploads\/2025\/09\/Copia-de-Copia-de-Copia-de-TAMANHO-EXATO-PARA-FOTOS-NO-SISTEMA-NOVO-2025-09-17T161849.265_2025-09-17_19-23-38.webp.webp?fit=1200%2C675&ssl=1&resize=525%2C300 1.5x, https:\/\/i0.wp.com\/noticiasribeiraopreto.com.br\/wp-content\/uploads\/2025\/09\/Copia-de-Copia-de-Copia-de-TAMANHO-EXATO-PARA-FOTOS-NO-SISTEMA-NOVO-2025-09-17T161849.265_2025-09-17_19-23-38.webp.webp?fit=1200%2C675&ssl=1&resize=700%2C400 2x, https:\/\/i0.wp.com\/noticiasribeiraopreto.com.br\/wp-content\/uploads\/2025\/09\/Copia-de-Copia-de-Copia-de-TAMANHO-EXATO-PARA-FOTOS-NO-SISTEMA-NOVO-2025-09-17T161849.265_2025-09-17_19-23-38.webp.webp?fit=1200%2C675&ssl=1&resize=1050%2C600 3x"},"classes":[]}],"jetpack_sharing_enabled":true,"jetpack_shortlink":"https:\/\/wp.me\/peQAOb-ldT","_links":{"self":[{"href":"https:\/\/noticiasribeiraopreto.com.br\/index.php\/wp-json\/wp\/v2\/posts\/81585","targetHints":{"allow":["GET"]}}],"collection":[{"href":"https:\/\/noticiasribeiraopreto.com.br\/index.php\/wp-json\/wp\/v2\/posts"}],"about":[{"href":"https:\/\/noticiasribeiraopreto.com.br\/index.php\/wp-json\/wp\/v2\/types\/post"}],"author":[{"embeddable":true,"href":"https:\/\/noticiasribeiraopreto.com.br\/index.php\/wp-json\/wp\/v2\/users\/1"}],"replies":[{"embeddable":true,"href":"https:\/\/noticiasribeiraopreto.com.br\/index.php\/wp-json\/wp\/v2\/comments?post=81585"}],"version-history":[{"count":0,"href":"https:\/\/noticiasribeiraopreto.com.br\/index.php\/wp-json\/wp\/v2\/posts\/81585\/revisions"}],"wp:featuredmedia":[{"embeddable":true,"href":"https:\/\/noticiasribeiraopreto.com.br\/index.php\/wp-json\/wp\/v2\/media\/81586"}],"wp:attachment":[{"href":"https:\/\/noticiasribeiraopreto.com.br\/index.php\/wp-json\/wp\/v2\/media?parent=81585"}],"wp:term":[{"taxonomy":"category","embeddable":true,"href":"https:\/\/noticiasribeiraopreto.com.br\/index.php\/wp-json\/wp\/v2\/categories?post=81585"},{"taxonomy":"post_tag","embeddable":true,"href":"https:\/\/noticiasribeiraopreto.com.br\/index.php\/wp-json\/wp\/v2\/tags?post=81585"}],"curies":[{"name":"wp","href":"https:\/\/api.w.org\/{rel}","templated":true}]}}