{"id":81587,"date":"2026-01-10T09:36:44","date_gmt":"2026-01-10T12:36:44","guid":{"rendered":"https:\/\/noticiasribeiraopreto.com.br\/index.php\/2026\/01\/10\/uniao-europeia-aprova-acordo-com-mercosul\/"},"modified":"2026-01-10T09:36:44","modified_gmt":"2026-01-10T12:36:44","slug":"uniao-europeia-aprova-acordo-com-mercosul","status":"publish","type":"post","link":"https:\/\/noticiasribeiraopreto.com.br\/index.php\/2026\/01\/10\/uniao-europeia-aprova-acordo-com-mercosul\/","title":{"rendered":"Uni\u00e3o Europeia aprova acordo com Mercosul"},"content":{"rendered":"<div class='code-block code-block-1' style='margin: 8px 0 8px auto; text-align: right; display: block; clear: both;'>\n<p><a href=\"https:\/\/wa.link\/vpicfd\"><img data-recalc-dims=\"1\" class=\"wp-image-4922\" style=\"aspect-ratio: 2.0253164556962027; width: 561px; height: auto;\" src=\"https:\/\/i0.wp.com\/ismaelcolosi.com.br\/wp-content\/uploads\/2023\/11\/grupo-de-empregos-whatsapp-e-facebook-ismael-colosi-vagas.jpg?ssl=1\" alt=\"\" \/><\/a><\/p>\n<!-- \/wp:image -->\n<\/div>\n<p> <br \/>\n<\/p>\n<div>\n<p>A Uni\u00e3o Europeia aprovou nesta sexta-feira (9), por ampla maioria de seus pa\u00edses-membros, a assinatura do acordo de livre com\u00e9rcio com o Mercosul \u2014 formado por Brasil, Argentina, Paraguai e Uruguai \u2014 encerrando um processo de negocia\u00e7\u00e3o que se arrastava h\u00e1 mais de 25 anos.<\/p>\n<p>A confirma\u00e7\u00e3o foi feita pela presidente da Comiss\u00e3o Europeia, Ursula von der Leyen, que informou, em suas redes sociais, que o Conselho da Uni\u00e3o Europeia deu o aval pol\u00edtico ao tratado. Pelas regras do bloco, eram necess\u00e1rios os votos de pelo menos 15 dos 27 pa\u00edses, que representassem, juntos, no m\u00ednimo 65% da popula\u00e7\u00e3o da UE \u2014 crit\u00e9rio que foi alcan\u00e7ado, apesar da oposi\u00e7\u00e3o de pa\u00edses como Fran\u00e7a, \u00c1ustria, Hungria, Irlanda e Pol\u00f4nia.<\/p>\n<p>Com a aprova\u00e7\u00e3o do Conselho, a Comiss\u00e3o Europeia est\u00e1 autorizada a assinar formalmente o acordo com o Mercosul. Ursula informou que pretende viajar ao Paraguai, que exerce a presid\u00eancia rotativa do bloco sul-americano, para realizar a assinatura nos pr\u00f3ximos dias. Para que o tratado entre em vigor, ainda ser\u00e1 necess\u00e1ria a ratifica\u00e7\u00e3o pelo Parlamento Europeu e pelos congressos nacionais dos quatro pa\u00edses do Mercosul.<\/p>\n<p>No Brasil, o vice-presidente e ministro do Desenvolvimento, Ind\u00fastria, Com\u00e9rcio e Servi\u00e7os, Geraldo Alckmin, afirmou que o governo trabalha para que o acordo passe pelo Congresso Nacional ainda no primeiro semestre de 2026. Segundo ele, se o Brasil aprovar rapidamente, o tratado poder\u00e1 entrar em vigor no pa\u00eds independentemente do ritmo de ratifica\u00e7\u00e3o nos demais membros do Mercosul.<\/p>\n<p>Alckmin destacou que a Uni\u00e3o Europeia \u00e9 o segundo maior parceiro comercial do Brasil, atr\u00e1s apenas da China. Em 2025, a corrente de com\u00e9rcio entre Brasil e UE chegou a cerca de US$ 100 bilh\u00f5es. Apenas a ind\u00fastria de transforma\u00e7\u00e3o brasileira exportou US$ 23,6 bilh\u00f5es para o bloco europeu no ano passado, com crescimento de 5,4%, acima da m\u00e9dia global do setor.<\/p>\n<p>De acordo com o governo brasileiro, cerca de 30% das empresas exportadoras do pa\u00eds vendem para a Uni\u00e3o Europeia \u2014 mais de 9 mil companhias, respons\u00e1veis por aproximadamente tr\u00eas milh\u00f5es de empregos.<\/p>\n<p>O acordo prev\u00ea a elimina\u00e7\u00e3o ou redu\u00e7\u00e3o progressiva de tarifas sobre produtos industriais e agr\u00edcolas. M\u00e1quinas, equipamentos, autope\u00e7as, motores, geradores de energia, aeronaves, produtos qu\u00edmicos, couro, l\u00e2minas e pedras ornamentais est\u00e3o entre os itens que ter\u00e3o tarifas zeradas ou reduzidas. Para algumas commodities agr\u00edcolas, a abertura ocorrer\u00e1 por meio de cotas com redu\u00e7\u00e3o gradual de impostos.<\/p>\n<p>A Ag\u00eancia Brasileira de Promo\u00e7\u00e3o de Exporta\u00e7\u00f5es e Investimentos (ApexBrasil) estima que o tratado cria um mercado integrado de cerca de 700 milh\u00f5es de consumidores, com um PIB combinado de aproximadamente US$ 22 trilh\u00f5es. Segundo a ag\u00eancia, o acordo pode elevar as exporta\u00e7\u00f5es brasileiras para a Uni\u00e3o Europeia em cerca de US$ 7 bilh\u00f5es.<\/p>\n<p>O empresariado brasileiro reagiu de forma positiva \u00e0 decis\u00e3o europeia. A Confedera\u00e7\u00e3o Nacional da Ind\u00fastria (CNI) afirmou que, em 2024, quando a Uni\u00e3o Europeia respondeu por 14,3% das exporta\u00e7\u00f5es brasileiras, cada R$ 1 bilh\u00e3o exportado ao bloco gerou cerca de 21,8 mil empregos no pa\u00eds, R$ 441,7 milh\u00f5es em massa salarial e R$ 3,2 bilh\u00f5es em produ\u00e7\u00e3o. Para a entidade, o acordo cria condi\u00e7\u00f5es para ampliar esse impacto.<\/p>\n<p>Setores como o qu\u00edmico, o eletroeletr\u00f4nico e o industrial tamb\u00e9m projetam crescimento das exporta\u00e7\u00f5es e atra\u00e7\u00e3o de investimentos, especialmente em \u00e1reas ligadas \u00e0 tecnologia, energia limpa, bioeconomia e cadeias produtivas de maior valor agregado. Federa\u00e7\u00f5es industriais, como Fiesp, Firjan e Fiemg, avaliam que o tratado ampliar\u00e1 a integra\u00e7\u00e3o do Brasil ao com\u00e9rcio internacional, embora defendam aten\u00e7\u00e3o aos efeitos sobre setores mais sens\u00edveis \u00e0 concorr\u00eancia externa.<\/p>\n<p>No agroneg\u00f3cio, a Federa\u00e7\u00e3o da Agricultura e Pecu\u00e1ria do Estado de S\u00e3o Paulo (Faesp) considera o acordo um avan\u00e7o estrat\u00e9gico, mas alerta para a necessidade de mecanismos de prote\u00e7\u00e3o a cadeias produtivas mais vulner\u00e1veis, como a do leite.<\/p>\n<p>Ap\u00f3s a assinatura formal e a ratifica\u00e7\u00e3o pelos parlamentos, o acordo criar\u00e1 a maior \u00e1rea de livre com\u00e9rcio do mundo em termos de PIB combinado, conectando os mercados da Uni\u00e3o Europeia e do Mercosul em um momento de instabilidade geopol\u00edtica e reorganiza\u00e7\u00e3o do com\u00e9rcio global.<\/p>\n<\/div>\n<p><br \/>\n<br \/><a href=\"https:\/\/www.tribunaribeirao.com.br\/uniao-europeia-aprova-acordo-com-mercosul\/\">Source link <\/a><\/p>\n<!-- CONTENT END 1 -->\n","protected":false},"excerpt":{"rendered":"<p>A Uni\u00e3o Europeia aprovou nesta sexta-feira (9), por ampla maioria de seus pa\u00edses-membros, a assinatura do acordo de livre com\u00e9rcio com o Mercosul \u2014 formado&#8230;<\/p>\n","protected":false},"author":1,"featured_media":81588,"comment_status":"open","ping_status":"open","sticky":false,"template":"","format":"standard","meta":{"advanced_seo_description":"","jetpack_seo_html_title":"","jetpack_seo_noindex":false,"jetpack_post_was_ever_published":false,"_jetpack_newsletter_access":"","_jetpack_dont_email_post_to_subs":false,"_jetpack_newsletter_tier_id":0,"_jetpack_memberships_contains_paywalled_content":false,"_jetpack_memberships_contains_paid_content":false,"footnotes":"","jetpack_publicize_message":"","jetpack_publicize_feature_enabled":true,"jetpack_social_post_already_shared":true,"jetpack_social_options":{"image_generator_settings":{"template":"highway","default_image_id":0,"font":"","enabled":false},"version":2}},"categories":[11],"tags":[],"class_list":["post-81587","post","type-post","status-publish","format-standard","has-post-thumbnail","hentry","category-noticias-de-ribeirao-preto-sp-e-regiao-ismael-colosi"],"jetpack_publicize_connections":[],"jetpack_featured_media_url":"https:\/\/i0.wp.com\/noticiasribeiraopreto.com.br\/wp-content\/uploads\/2026\/01\/1-mercosul.jpg?fit=1170%2C700&ssl=1","jetpack-related-posts":[{"id":9701,"url":"https:\/\/noticiasribeiraopreto.com.br\/index.php\/2023\/12\/02\/macron-critica-possivel-acordo-entre-mercosul-e-uniao-europeia-apos-reuniao-com-lula-mas-diz-que-vira-ao-brasil-em-2024\/","url_meta":{"origin":81587,"position":0},"title":"Macron critica poss\u00edvel acordo entre Mercosul e Uni\u00e3o Europeia ap\u00f3s reuni\u00e3o com Lula, mas diz que vir\u00e1 ao Brasil em 2024","author":"noticiasribeiraopreto.com.br","date":"2 de December de 2023","format":false,"excerpt":"Atualmente em Dubai para a Confer\u00eancia das Na\u00e7\u00f5es Unidas sobre Mudan\u00e7as Clim\u00e1ticas de 2023 (COP28), o Luiz In\u00e1cio Lula da Silva (PT), deve deixar a cidade ainda neste s\u00e1bado (2) e voar para Europa para discutir um poss\u00edvel acordo entre o Mercosul e a Uni\u00e3o Europeia. Por\u00e9m, o presidente brasileiro\u2026","rel":"","context":"In &quot;Dinheiro e Investimento&quot;","block_context":{"text":"Dinheiro e Investimento","link":"https:\/\/noticiasribeiraopreto.com.br\/index.php\/category\/dinheiro-e-investimento-como-fazer-como-ganhar\/"},"img":{"alt_text":"","src":"https:\/\/i0.wp.com\/noticiasribeiraopreto.com.br\/wp-content\/uploads\/2023\/12\/shutterstock_618031208-628x353.jpg?fit=628%2C353&ssl=1&resize=350%2C200","width":350,"height":200,"srcset":"https:\/\/i0.wp.com\/noticiasribeiraopreto.com.br\/wp-content\/uploads\/2023\/12\/shutterstock_618031208-628x353.jpg?fit=628%2C353&ssl=1&resize=350%2C200 1x, https:\/\/i0.wp.com\/noticiasribeiraopreto.com.br\/wp-content\/uploads\/2023\/12\/shutterstock_618031208-628x353.jpg?fit=628%2C353&ssl=1&resize=525%2C300 1.5x"},"classes":[]},{"id":39425,"url":"https:\/\/noticiasribeiraopreto.com.br\/index.php\/2024\/02\/26\/agricultores-protestam-na-sede-da-uniao-europeia\/","url_meta":{"origin":81587,"position":1},"title":"Agricultores protestam na sede da Uni\u00e3o Europeia","author":"noticiasribeiraopreto.com.br","date":"26 de February de 2024","format":false,"excerpt":"26 de fevereiro de 2024 | 10:14 0Barreiras de concreto e arame farpado cercaram a sede da Uni\u00e3o Europeia (UE) nesta segunda-feira, 26, enquanto agricultores europeus se reuniam no local, em Bruxelas, onde ministros da agricultura do bloco se encontravam. O movimento \u00e9 uma nova demonstra\u00e7\u00e3o de for\u00e7a dos protestos\u2026","rel":"","context":"In &quot;Not\u00edcias de Ribeir\u00e3o Preto-SP e Regi\u00e3o&quot;","block_context":{"text":"Not\u00edcias de Ribeir\u00e3o Preto-SP e Regi\u00e3o","link":"https:\/\/noticiasribeiraopreto.com.br\/index.php\/category\/noticias-de-ribeirao-preto-sp-e-regiao-ismael-colosi\/"},"img":{"alt_text":"","src":"https:\/\/i0.wp.com\/noticiasribeiraopreto.com.br\/wp-content\/uploads\/2024\/02\/13259328-4652-447b-a888-d00c0b2e90c1-scaled.jpg?fit=1000%2C538&ssl=1&resize=350%2C200","width":350,"height":200,"srcset":"https:\/\/i0.wp.com\/noticiasribeiraopreto.com.br\/wp-content\/uploads\/2024\/02\/13259328-4652-447b-a888-d00c0b2e90c1-scaled.jpg?fit=1000%2C538&ssl=1&resize=350%2C200 1x, https:\/\/i0.wp.com\/noticiasribeiraopreto.com.br\/wp-content\/uploads\/2024\/02\/13259328-4652-447b-a888-d00c0b2e90c1-scaled.jpg?fit=1000%2C538&ssl=1&resize=525%2C300 1.5x, https:\/\/i0.wp.com\/noticiasribeiraopreto.com.br\/wp-content\/uploads\/2024\/02\/13259328-4652-447b-a888-d00c0b2e90c1-scaled.jpg?fit=1000%2C538&ssl=1&resize=700%2C400 2x"},"classes":[]},{"id":44665,"url":"https:\/\/noticiasribeiraopreto.com.br\/index.php\/2024\/03\/29\/european-crossroads-encruzilhada-europeia\/","url_meta":{"origin":81587,"position":2},"title":"European Crossroads (Encruzilhada europeia)\u00a0 &#8211; Jornal Tribuna Ribeir\u00e3o","author":"noticiasribeiraopreto.com.br","date":"29 de March de 2024","format":false,"excerpt":"29 de mar\u00e7o de 2024 | 8:2028 de mar\u00e7o de 2024 | 18:13 0 Luiz Paulo Tupynamb\u00e1 *\u00a0blog: www.tupyweb.com\u00a0\u00a0Parlamento Europeu: 704 cadeiras. Elei\u00e7\u00f5es (todas as cadeiras em disputa) de 6 a 9 de junho.\u00a0\u00a0Hoje, a Uni\u00e3o Europeia tem 27 pa\u00edses-membros, com diferen\u00e7as lingu\u00edsticas, culturais, hist\u00f3ricas e econ\u00f4micas significativas. Essas diferen\u00e7as\u2026","rel":"","context":"In &quot;Not\u00edcias de Ribeir\u00e3o Preto-SP e Regi\u00e3o&quot;","block_context":{"text":"Not\u00edcias de Ribeir\u00e3o Preto-SP e Regi\u00e3o","link":"https:\/\/noticiasribeiraopreto.com.br\/index.php\/category\/noticias-de-ribeirao-preto-sp-e-regiao-ismael-colosi\/"},"img":{"alt_text":"","src":"https:\/\/i0.wp.com\/noticiasribeiraopreto.com.br\/wp-content\/uploads\/2024\/03\/1711720560_luizpaulotupynamba-1-scaled.jpg?fit=1000%2C625&ssl=1&resize=350%2C200","width":350,"height":200,"srcset":"https:\/\/i0.wp.com\/noticiasribeiraopreto.com.br\/wp-content\/uploads\/2024\/03\/1711720560_luizpaulotupynamba-1-scaled.jpg?fit=1000%2C625&ssl=1&resize=350%2C200 1x, https:\/\/i0.wp.com\/noticiasribeiraopreto.com.br\/wp-content\/uploads\/2024\/03\/1711720560_luizpaulotupynamba-1-scaled.jpg?fit=1000%2C625&ssl=1&resize=525%2C300 1.5x, https:\/\/i0.wp.com\/noticiasribeiraopreto.com.br\/wp-content\/uploads\/2024\/03\/1711720560_luizpaulotupynamba-1-scaled.jpg?fit=1000%2C625&ssl=1&resize=700%2C400 2x"},"classes":[]},{"id":10178,"url":"https:\/\/noticiasribeiraopreto.com.br\/index.php\/2023\/12\/03\/uniao-europeia-tem-programa-de-bolsas-para-brasileiros\/","url_meta":{"origin":81587,"position":3},"title":"Uni\u00e3o Europeia tem programa de bolsas para brasileiros","author":"noticiasribeiraopreto.com.br","date":"3 de December de 2023","format":false,"excerpt":"O programa Erasmus, promovido pela Uni\u00e3o Europeia para fomento a educa\u00e7\u00e3o, forma\u00e7\u00e3o, apoio a juventude e esportes, est\u00e1 com inscri\u00e7\u00f5es abertas para a edi\u00e7\u00e3o 2024\/25 do Erasmus Mundus Joint Master Degree (EMJMD). Estudantes que desejam fazer um mestrado internacional, incluindo brasileiros, podem concorrer a bolsas de estudo integrais em diversas\u2026","rel":"","context":"In &quot;Variedades&quot;","block_context":{"text":"Variedades","link":"https:\/\/noticiasribeiraopreto.com.br\/index.php\/category\/variedades\/"},"img":{"alt_text":"","src":"https:\/\/i0.wp.com\/noticiasribeiraopreto.com.br\/wp-content\/uploads\/2023\/12\/bolsas-de-estudo-uniao-europeia.jpg?fit=1200%2C638&ssl=1&resize=350%2C200","width":350,"height":200,"srcset":"https:\/\/i0.wp.com\/noticiasribeiraopreto.com.br\/wp-content\/uploads\/2023\/12\/bolsas-de-estudo-uniao-europeia.jpg?fit=1200%2C638&ssl=1&resize=350%2C200 1x, https:\/\/i0.wp.com\/noticiasribeiraopreto.com.br\/wp-content\/uploads\/2023\/12\/bolsas-de-estudo-uniao-europeia.jpg?fit=1200%2C638&ssl=1&resize=525%2C300 1.5x, https:\/\/i0.wp.com\/noticiasribeiraopreto.com.br\/wp-content\/uploads\/2023\/12\/bolsas-de-estudo-uniao-europeia.jpg?fit=1200%2C638&ssl=1&resize=700%2C400 2x, https:\/\/i0.wp.com\/noticiasribeiraopreto.com.br\/wp-content\/uploads\/2023\/12\/bolsas-de-estudo-uniao-europeia.jpg?fit=1200%2C638&ssl=1&resize=1050%2C600 3x"},"classes":[]},{"id":12323,"url":"https:\/\/noticiasribeiraopreto.com.br\/index.php\/2023\/12\/07\/o-chega-pra-la-que-o-mercosul-deu-na-europa\/","url_meta":{"origin":81587,"position":4},"title":"O chega pra l\u00e1 que o Mercosul deu na Europa","author":"noticiasribeiraopreto.com.br","date":"7 de December de 2023","format":false,"excerpt":"Quando o presidente da Fran\u00e7a, Emmanuel Macron, saiu da reuni\u00e3o com o presidente Luiz In\u00e1cio Lula da Silva no s\u00e1bado (2) dizendo que o acordo entre o Mercosul e a Uni\u00e3o Europeia (UE) \u00e9 antiquado e contradit\u00f3rio, o petista sofreu um forte rev\u00e9s por ser um dos principais defensores do\u2026","rel":"","context":"In &quot;Dinheiro e Investimento&quot;","block_context":{"text":"Dinheiro e Investimento","link":"https:\/\/noticiasribeiraopreto.com.br\/index.php\/category\/dinheiro-e-investimento-como-fazer-como-ganhar\/"},"img":{"alt_text":"","src":"https:\/\/i0.wp.com\/noticiasribeiraopreto.com.br\/wp-content\/uploads\/2023\/12\/Mercosul-Uniao-Europeia-v1-628x353.jpg?fit=628%2C353&ssl=1&resize=350%2C200","width":350,"height":200,"srcset":"https:\/\/i0.wp.com\/noticiasribeiraopreto.com.br\/wp-content\/uploads\/2023\/12\/Mercosul-Uniao-Europeia-v1-628x353.jpg?fit=628%2C353&ssl=1&resize=350%2C200 1x, https:\/\/i0.wp.com\/noticiasribeiraopreto.com.br\/wp-content\/uploads\/2023\/12\/Mercosul-Uniao-Europeia-v1-628x353.jpg?fit=628%2C353&ssl=1&resize=525%2C300 1.5x"},"classes":[]},{"id":13262,"url":"https:\/\/noticiasribeiraopreto.com.br\/index.php\/2023\/12\/09\/te-cuida-chatgpt-regulamentacao-de-inteligencia-artificial-avanca-na-europa\/","url_meta":{"origin":81587,"position":5},"title":"Te cuida ChatGPT! Regulamenta\u00e7\u00e3o de Intelig\u00eancia Artificial avan\u00e7a na Europa","author":"noticiasribeiraopreto.com.br","date":"9 de December de 2023","format":false,"excerpt":"Os legisladores europeus chegaram a um acordo pol\u00edtico sobre a regulamenta\u00e7\u00e3o da intelig\u00eancia artificial (IA), marcando um passo em dire\u00e7\u00e3o ao estabelecimento de uma lei abrangente sobre IA nos pa\u00edses ocidentais. A Lei de Intelig\u00eancia Artificial da Uni\u00e3o Europeia \u00e9 a mais recente de uma s\u00e9rie de regulamenta\u00e7\u00f5es que o\u2026","rel":"","context":"In &quot;Dinheiro e Investimento&quot;","block_context":{"text":"Dinheiro e Investimento","link":"https:\/\/noticiasribeiraopreto.com.br\/index.php\/category\/dinheiro-e-investimento-como-fazer-como-ganhar\/"},"img":{"alt_text":"","src":"https:\/\/i0.wp.com\/noticiasribeiraopreto.com.br\/wp-content\/uploads\/2023\/12\/Inteligencia-artificial-dall-e-chatgpt-715x402.jpg?fit=715%2C402&ssl=1&resize=350%2C200","width":350,"height":200,"srcset":"https:\/\/i0.wp.com\/noticiasribeiraopreto.com.br\/wp-content\/uploads\/2023\/12\/Inteligencia-artificial-dall-e-chatgpt-715x402.jpg?fit=715%2C402&ssl=1&resize=350%2C200 1x, https:\/\/i0.wp.com\/noticiasribeiraopreto.com.br\/wp-content\/uploads\/2023\/12\/Inteligencia-artificial-dall-e-chatgpt-715x402.jpg?fit=715%2C402&ssl=1&resize=525%2C300 1.5x, https:\/\/i0.wp.com\/noticiasribeiraopreto.com.br\/wp-content\/uploads\/2023\/12\/Inteligencia-artificial-dall-e-chatgpt-715x402.jpg?fit=715%2C402&ssl=1&resize=700%2C400 2x"},"classes":[]}],"jetpack_sharing_enabled":true,"jetpack_shortlink":"https:\/\/wp.me\/peQAOb-ldV","_links":{"self":[{"href":"https:\/\/noticiasribeiraopreto.com.br\/index.php\/wp-json\/wp\/v2\/posts\/81587","targetHints":{"allow":["GET"]}}],"collection":[{"href":"https:\/\/noticiasribeiraopreto.com.br\/index.php\/wp-json\/wp\/v2\/posts"}],"about":[{"href":"https:\/\/noticiasribeiraopreto.com.br\/index.php\/wp-json\/wp\/v2\/types\/post"}],"author":[{"embeddable":true,"href":"https:\/\/noticiasribeiraopreto.com.br\/index.php\/wp-json\/wp\/v2\/users\/1"}],"replies":[{"embeddable":true,"href":"https:\/\/noticiasribeiraopreto.com.br\/index.php\/wp-json\/wp\/v2\/comments?post=81587"}],"version-history":[{"count":0,"href":"https:\/\/noticiasribeiraopreto.com.br\/index.php\/wp-json\/wp\/v2\/posts\/81587\/revisions"}],"wp:featuredmedia":[{"embeddable":true,"href":"https:\/\/noticiasribeiraopreto.com.br\/index.php\/wp-json\/wp\/v2\/media\/81588"}],"wp:attachment":[{"href":"https:\/\/noticiasribeiraopreto.com.br\/index.php\/wp-json\/wp\/v2\/media?parent=81587"}],"wp:term":[{"taxonomy":"category","embeddable":true,"href":"https:\/\/noticiasribeiraopreto.com.br\/index.php\/wp-json\/wp\/v2\/categories?post=81587"},{"taxonomy":"post_tag","embeddable":true,"href":"https:\/\/noticiasribeiraopreto.com.br\/index.php\/wp-json\/wp\/v2\/tags?post=81587"}],"curies":[{"name":"wp","href":"https:\/\/api.w.org\/{rel}","templated":true}]}}