{"id":81589,"date":"2026-01-10T10:20:26","date_gmt":"2026-01-10T13:20:26","guid":{"rendered":"https:\/\/noticiasribeiraopreto.com.br\/index.php\/2026\/01\/10\/ipva-2026-comeca-a-vencer-segunda-feira\/"},"modified":"2026-01-10T10:20:26","modified_gmt":"2026-01-10T13:20:26","slug":"ipva-2026-comeca-a-vencer-segunda-feira","status":"publish","type":"post","link":"https:\/\/noticiasribeiraopreto.com.br\/index.php\/2026\/01\/10\/ipva-2026-comeca-a-vencer-segunda-feira\/","title":{"rendered":"IPVA 2026 come\u00e7a a vencer segunda-feira"},"content":{"rendered":"<div class='code-block code-block-1' style='margin: 8px 0 8px auto; text-align: right; display: block; clear: both;'>\n<p><a href=\"https:\/\/wa.link\/vpicfd\"><img data-recalc-dims=\"1\" class=\"wp-image-4922\" style=\"aspect-ratio: 2.0253164556962027; width: 561px; height: auto;\" src=\"https:\/\/i0.wp.com\/ismaelcolosi.com.br\/wp-content\/uploads\/2023\/11\/grupo-de-empregos-whatsapp-e-facebook-ismael-colosi-vagas.jpg?ssl=1\" alt=\"\" \/><\/a><\/p>\n<!-- \/wp:image -->\n<\/div>\n<p> <br \/>\n<\/p>\n<div id=\"\">&#13;<br \/>\n\t\t\t\t\t\t\t\t&#13;<\/p>\n<p>&#13;<br \/>\n\t\t\t\t\t\t\t\t\t<span class=\"entry-meta-item penci-posted-on\"><i class=\"fa fa-clock-o\"\/><time class=\"entry-date published\" datetime=\"2026-01-10T10:15:12-03:00\">10 de janeiro de 2026 10:15<\/time><time class=\"updated\" datetime=\"2026-01-10T00:58:38-03:00\">10 de janeiro de 2026 00:58<\/time><\/span><span class=\"entry-meta-item penci-post-countview\"\/>\t\t\t\t\t\t\t\t<\/p>\n<p><!-- .entry-meta -->&#13;<br \/>\n\t\t\t\t\t\t\t\t<span class=\"penci-social-buttons penci-social-share-footer\"><span class=\"penci-social-share-text\">Compartilhar<\/span><a href=\"#\" class=\"penci-post-like penci_post-meta_item  single-like-button penci-social-item like\" data-post_id=\"451475\" title=\"Like\" data-like=\"Like\" data-unlike=\"Unlike\"><i class=\"fa fa-thumbs-o-up\"\/><span class=\"penci-share-number\">0<\/span><\/a><i class=\"fa fa-facebook\"\/><a class=\"penci-social-item twitter\" target=\"_blank\" rel=\"noopener\" title=\"\" href=\"https:\/\/twitter.com\/intent\/tweet?text=IPVA%202026%20come\u00e7a%20a%20vencer%20segunda-feira%20-%20https:\/\/www.tribunaribeirao.com.br\/ipva-2026-comeca-a-vencer-segunda-feira\/\"><i class=\"fa fa-twitter\"\/><\/a><i class=\"fa fa-linkedin\"\/><i class=\"fa fa-whatsapp\"\/><i class=\"fa fa-telegram\"\/><i class=\"fa fa-envelope\"\/><\/span>\t\t\t\t\t\t\t<\/div>\n<div>\n<p>Os propriet\u00e1rios de ve\u00edculos em todo o estado de S\u00e3o Paulo precisam ficar atentos: o pagamento do IPVA 2026 come\u00e7a a vencer j\u00e1 na pr\u00f3xima segunda-feira, dia 12. A data marca o in\u00edcio do calend\u00e1rio para quem optar pelo pagamento em cota \u00fanica com desconto de 3% ou pela primeira parcela do imposto.<\/p>\n<p>O vencimento segue at\u00e9 23 de janeiro, de acordo com o n\u00famero final da placa do ve\u00edculo. Quem deixar de pagar nesse per\u00edodo perde o desconto e s\u00f3 poder\u00e1 quitar o imposto em fevereiro, em parcela \u00fanica.<\/p>\n<p>O valor do IPVA \u00e9 calculado com base no valor venal do ve\u00edculo, definido pela tabela Fipe. As al\u00edquotas s\u00e3o de 4% para carros de passeio; 2% para motos, caminhonetes de cabine simples, \u00f4nibus, micro-\u00f4nibus e m\u00e1quinas pesadas; 1,5% para caminh\u00f5es; e 1% para ve\u00edculos de locadoras.<\/p>\n<p>O imposto pode ser pago nos bancos credenciados, caixas eletr\u00f4nicos, casas lot\u00e9ricas, internet banking e aplicativos banc\u00e1rios, utilizando apenas o n\u00famero do Renavam.<\/p>\n<p>Al\u00e9m dos meios tradicionais, o pagamento tamb\u00e9m pode ser feito via Pix. Nesse caso, o contribuinte precisa acessar o sistema da Secretaria da Fazenda do Estado de S\u00e3o Paulo (Sefaz-SP), selecionar o d\u00e9bito e gerar um QR Code, que deve ser pago em at\u00e9 15 minutos. Ap\u00f3s esse prazo, o c\u00f3digo perde a validade e \u00e9 necess\u00e1rio emitir outro.<\/p>\n<p>Outra op\u00e7\u00e3o \u00e9 o pagamento por cart\u00e3o de cr\u00e9dito. \u00c9 poss\u00edvel quitar o imposto \u00e0 vista ou parcelar em at\u00e9 cinco vezes em bancos e lot\u00e9ricas. Tamb\u00e9m h\u00e1 institui\u00e7\u00f5es financeiras cadastradas pela Sefaz-SP que permitem dividir o valor em mais parcelas, com cobran\u00e7a de juros. Nessas opera\u00e7\u00f5es, o Estado recebe apenas o valor integral do imposto, e as taxas ficam a cargo da empresa intermediadora.<\/p>\n<p>Quem n\u00e3o pagar o IPVA dentro do prazo estar\u00e1 sujeito a multa di\u00e1ria de 0,33% e juros calculados pela taxa Selic. Ap\u00f3s 60 dias, a multa passa a ser de 20% sobre o valor do imposto. Se o d\u00e9bito continuar em aberto, ele \u00e9 inscrito na D\u00edvida Ativa, o nome do propriet\u00e1rio entra no Cadin Estadual e o ve\u00edculo fica impedido de ser licenciado, al\u00e9m de poder sofrer cobran\u00e7a judicial.<\/p>\n<\/div>\n<p><script async src=\"\/\/platform.twitter.com\/widgets.js\" charset=\"utf-8\"><\/script><br \/>\n<br \/><br \/>\n<br \/><a href=\"https:\/\/www.tribunaribeirao.com.br\/ipva-2026-comeca-a-vencer-segunda-feira\/\">Source link <\/a><\/p>\n<!-- CONTENT END 1 -->\n","protected":false},"excerpt":{"rendered":"<p>&#13; &#13; &#13; 10 de janeiro de 2026 10:1510 de janeiro de 2026 00:58 &#13; Compartilhar0 Os propriet\u00e1rios de ve\u00edculos em todo o estado de&#8230;<\/p>\n","protected":false},"author":1,"featured_media":81590,"comment_status":"open","ping_status":"open","sticky":false,"template":"","format":"standard","meta":{"advanced_seo_description":"","jetpack_seo_html_title":"","jetpack_seo_noindex":false,"jetpack_post_was_ever_published":false,"_jetpack_newsletter_access":"","_jetpack_dont_email_post_to_subs":false,"_jetpack_newsletter_tier_id":0,"_jetpack_memberships_contains_paywalled_content":false,"_jetpack_memberships_contains_paid_content":false,"footnotes":"","jetpack_publicize_message":"","jetpack_publicize_feature_enabled":true,"jetpack_social_post_already_shared":true,"jetpack_social_options":{"image_generator_settings":{"template":"highway","default_image_id":0,"font":"","enabled":false},"version":2}},"categories":[11],"tags":[],"class_list":["post-81589","post","type-post","status-publish","format-standard","has-post-thumbnail","hentry","category-noticias-de-ribeirao-preto-sp-e-regiao-ismael-colosi"],"jetpack_publicize_connections":[],"jetpack_featured_media_url":"https:\/\/i0.wp.com\/noticiasribeiraopreto.com.br\/wp-content\/uploads\/2026\/01\/pexels-shkrabaanthony-7144198-scaled.jpg?fit=1170%2C780&ssl=1","jetpack-related-posts":[{"id":81332,"url":"https:\/\/noticiasribeiraopreto.com.br\/index.php\/2026\/01\/02\/bandeira-verde-entenda-por-que-a-conta-de-luz-fica-mais-barata-em-janeiro-de-2026\/","url_meta":{"origin":81589,"position":0},"title":"Bandeira verde: Entenda por que a conta de luz fica mais barata em janeiro de 2026","author":"noticiasribeiraopreto.com.br","date":"2 de January de 2026","format":false,"excerpt":"A conta de energia ter\u00e1 bandeira verde em janeiro de 2026, o que significa que n\u00e3o haver\u00e1 custo extra. Segundo a Ag\u00eancia Nacional de Energia El\u00e9trica (Aneel), nesse per\u00edodo chuvoso as chuvas est\u00e3o abaixo da m\u00e9dia hist\u00f3rica.\u00a0Contudo, em novembro e dezembro de 2025 houve no pa\u00eds, de modo geral, uma\u2026","rel":"","context":"In &quot;Not\u00edcias de Ribeir\u00e3o Preto-SP e Regi\u00e3o&quot;","block_context":{"text":"Not\u00edcias de Ribeir\u00e3o Preto-SP e Regi\u00e3o","link":"https:\/\/noticiasribeiraopreto.com.br\/index.php\/category\/noticias-de-ribeirao-preto-sp-e-regiao-ismael-colosi\/"},"img":{"alt_text":"","src":"https:\/\/i0.wp.com\/noticiasribeiraopreto.com.br\/wp-content\/uploads\/2026\/01\/ar-condicionado_2026-01-01_15-50-11.webp.webp?fit=1200%2C765&ssl=1&resize=350%2C200","width":350,"height":200,"srcset":"https:\/\/i0.wp.com\/noticiasribeiraopreto.com.br\/wp-content\/uploads\/2026\/01\/ar-condicionado_2026-01-01_15-50-11.webp.webp?fit=1200%2C765&ssl=1&resize=350%2C200 1x, https:\/\/i0.wp.com\/noticiasribeiraopreto.com.br\/wp-content\/uploads\/2026\/01\/ar-condicionado_2026-01-01_15-50-11.webp.webp?fit=1200%2C765&ssl=1&resize=525%2C300 1.5x, https:\/\/i0.wp.com\/noticiasribeiraopreto.com.br\/wp-content\/uploads\/2026\/01\/ar-condicionado_2026-01-01_15-50-11.webp.webp?fit=1200%2C765&ssl=1&resize=700%2C400 2x, https:\/\/i0.wp.com\/noticiasribeiraopreto.com.br\/wp-content\/uploads\/2026\/01\/ar-condicionado_2026-01-01_15-50-11.webp.webp?fit=1200%2C765&ssl=1&resize=1050%2C600 3x"},"classes":[]},{"id":79302,"url":"https:\/\/noticiasribeiraopreto.com.br\/index.php\/2025\/10\/29\/saiba-quais-serao-os-14-feriados-e-10-pontos-facultativos-de-rp\/","url_meta":{"origin":81589,"position":1},"title":"Saiba quais ser\u00e3o os 14 feriados e \u202810 pontos facultativos de RP","author":"noticiasribeiraopreto.com.br","date":"29 de October de 2025","format":false,"excerpt":"29 de outubro de 2025 08:020 Compartilhar0 Prefeitura de Ribeir\u00e3o Preto divulgou o calend\u00e1rio de feriados e pontos facultativos do munic\u00edpio para 2026. O decreto do Executivo divulgando\u00a0 os feriados e principalmente os pontos facultativos foi publicado no Di\u00e1rio Oficial do Munic\u00edpio (DOM) de sexta-feira, 24 de outubro.\u2028 \u2028A cidade\u2026","rel":"","context":"In &quot;Not\u00edcias de Ribeir\u00e3o Preto-SP e Regi\u00e3o&quot;","block_context":{"text":"Not\u00edcias de Ribeir\u00e3o Preto-SP e Regi\u00e3o","link":"https:\/\/noticiasribeiraopreto.com.br\/index.php\/category\/noticias-de-ribeirao-preto-sp-e-regiao-ismael-colosi\/"},"img":{"alt_text":"","src":"https:\/\/i0.wp.com\/noticiasribeiraopreto.com.br\/wp-content\/uploads\/2025\/10\/FeriadosRP-Max-Gallao-Mesquita-Arquivo-scaled.jpg?fit=1200%2C781&ssl=1&resize=350%2C200","width":350,"height":200,"srcset":"https:\/\/i0.wp.com\/noticiasribeiraopreto.com.br\/wp-content\/uploads\/2025\/10\/FeriadosRP-Max-Gallao-Mesquita-Arquivo-scaled.jpg?fit=1200%2C781&ssl=1&resize=350%2C200 1x, https:\/\/i0.wp.com\/noticiasribeiraopreto.com.br\/wp-content\/uploads\/2025\/10\/FeriadosRP-Max-Gallao-Mesquita-Arquivo-scaled.jpg?fit=1200%2C781&ssl=1&resize=525%2C300 1.5x, https:\/\/i0.wp.com\/noticiasribeiraopreto.com.br\/wp-content\/uploads\/2025\/10\/FeriadosRP-Max-Gallao-Mesquita-Arquivo-scaled.jpg?fit=1200%2C781&ssl=1&resize=700%2C400 2x, https:\/\/i0.wp.com\/noticiasribeiraopreto.com.br\/wp-content\/uploads\/2025\/10\/FeriadosRP-Max-Gallao-Mesquita-Arquivo-scaled.jpg?fit=1200%2C781&ssl=1&resize=1050%2C600 3x"},"classes":[]},{"id":81745,"url":"https:\/\/noticiasribeiraopreto.com.br\/index.php\/2026\/01\/15\/definidas-datas-horarios-e-locais-das-rodadas-iniciais-do-brasileirao\/","url_meta":{"origin":81589,"position":2},"title":"Definidas datas, hor\u00e1rios e locais das rodadas iniciais do Brasileir\u00e3o","author":"noticiasribeiraopreto.com.br","date":"15 de January de 2026","format":false,"excerpt":"\r \r \r 15 de janeiro de 2026 14:3415 de janeiro de 2026 10:38 \r Compartilhar0 H\u00e1 exatos 15 dias para o in\u00edcio da S\u00e9rie A do Campeonato Brasileiro de futebol masculino, a CBF divulgou nesta ter\u00e7a-feira (13) a tabela detalhada das primeiras oito rodadas. A abertura da competi\u00e7\u00e3o ser\u00e1\u2026","rel":"","context":"In &quot;Not\u00edcias de Ribeir\u00e3o Preto-SP e Regi\u00e3o&quot;","block_context":{"text":"Not\u00edcias de Ribeir\u00e3o Preto-SP e Regi\u00e3o","link":"https:\/\/noticiasribeiraopreto.com.br\/index.php\/category\/noticias-de-ribeirao-preto-sp-e-regiao-ismael-colosi\/"},"img":{"alt_text":"","src":"https:\/\/i0.wp.com\/noticiasribeiraopreto.com.br\/wp-content\/uploads\/2026\/01\/brasileirao_trofeu_2026_cbf.webp.webp?fit=1170%2C700&ssl=1&resize=350%2C200","width":350,"height":200,"srcset":"https:\/\/i0.wp.com\/noticiasribeiraopreto.com.br\/wp-content\/uploads\/2026\/01\/brasileirao_trofeu_2026_cbf.webp.webp?fit=1170%2C700&ssl=1&resize=350%2C200 1x, https:\/\/i0.wp.com\/noticiasribeiraopreto.com.br\/wp-content\/uploads\/2026\/01\/brasileirao_trofeu_2026_cbf.webp.webp?fit=1170%2C700&ssl=1&resize=525%2C300 1.5x, https:\/\/i0.wp.com\/noticiasribeiraopreto.com.br\/wp-content\/uploads\/2026\/01\/brasileirao_trofeu_2026_cbf.webp.webp?fit=1170%2C700&ssl=1&resize=700%2C400 2x, https:\/\/i0.wp.com\/noticiasribeiraopreto.com.br\/wp-content\/uploads\/2026\/01\/brasileirao_trofeu_2026_cbf.webp.webp?fit=1170%2C700&ssl=1&resize=1050%2C600 3x"},"classes":[]},{"id":81426,"url":"https:\/\/noticiasribeiraopreto.com.br\/index.php\/2026\/01\/05\/prefeitura-de-ribeirao-preto-divulga-calendario-do-iptu-2026\/","url_meta":{"origin":81589,"position":3},"title":"Prefeitura de Ribeir\u00e3o Preto divulga calend\u00e1rio do IPTU 2026","author":"noticiasribeiraopreto.com.br","date":"5 de January de 2026","format":false,"excerpt":"\r \r \r 5 de janeiro de 2026 18:02 \r Compartilhar0 Carn\u00eas come\u00e7am a ser entregues nesta segunda, dia 5; imposto tamb\u00e9m est\u00e1 dispon\u00edvel para consulta online A Prefeitura de Ribeir\u00e3o Preto, por meio da Secretaria da Fazenda divulgou as informa\u00e7\u00f5es referentes ao pagamento do Imposto Predial e Territorial Urbano\u2026","rel":"","context":"In &quot;Not\u00edcias de Ribeir\u00e3o Preto-SP e Regi\u00e3o&quot;","block_context":{"text":"Not\u00edcias de Ribeir\u00e3o Preto-SP e Regi\u00e3o","link":"https:\/\/noticiasribeiraopreto.com.br\/index.php\/category\/noticias-de-ribeirao-preto-sp-e-regiao-ismael-colosi\/"},"img":{"alt_text":"","src":"https:\/\/i0.wp.com\/noticiasribeiraopreto.com.br\/wp-content\/uploads\/2026\/01\/iptu.jpg?fit=700%2C450&ssl=1&resize=350%2C200","width":350,"height":200,"srcset":"https:\/\/i0.wp.com\/noticiasribeiraopreto.com.br\/wp-content\/uploads\/2026\/01\/iptu.jpg?fit=700%2C450&ssl=1&resize=350%2C200 1x, https:\/\/i0.wp.com\/noticiasribeiraopreto.com.br\/wp-content\/uploads\/2026\/01\/iptu.jpg?fit=700%2C450&ssl=1&resize=525%2C300 1.5x, https:\/\/i0.wp.com\/noticiasribeiraopreto.com.br\/wp-content\/uploads\/2026\/01\/iptu.jpg?fit=700%2C450&ssl=1&resize=700%2C400 2x"},"classes":[]},{"id":84746,"url":"https:\/\/noticiasribeiraopreto.com.br\/index.php\/2026\/04\/15\/pm-e-suspeito-de-matar-empresario-de-rp-no-rio-de-janeiro\/","url_meta":{"origin":81589,"position":4},"title":"PM \u00e9 suspeito de matar empres\u00e1rio de RP no Rio de Janeiro","author":"noticiasribeiraopreto.com.br","date":"15 de April de 2026","format":false,"excerpt":"\r Homem teve pris\u00e3o tempor\u00e1ria decretada e investiga\u00e7\u00f5es sobre o caso prosseguem\r \r 15 de abril de 2026 12:2015 de abril de 2026 12:21 \r Compartilhar2 | Por: Adalberto Luque | Um policial militar se apresentou \u00e0 Pol\u00edcia Civil e foi preso, na tarde desta ter\u00e7a-feira (14), pela morte de\u2026","rel":"","context":"In &quot;Not\u00edcias de Ribeir\u00e3o Preto-SP e Regi\u00e3o&quot;","block_context":{"text":"Not\u00edcias de Ribeir\u00e3o Preto-SP e Regi\u00e3o","link":"https:\/\/noticiasribeiraopreto.com.br\/index.php\/category\/noticias-de-ribeirao-preto-sp-e-regiao-ismael-colosi\/"},"img":{"alt_text":"","src":"https:\/\/i0.wp.com\/noticiasribeiraopreto.com.br\/wp-content\/uploads\/2026\/04\/14-mar-2026-mortonorj.jpg?fit=737%2C683&ssl=1&resize=350%2C200","width":350,"height":200,"srcset":"https:\/\/i0.wp.com\/noticiasribeiraopreto.com.br\/wp-content\/uploads\/2026\/04\/14-mar-2026-mortonorj.jpg?fit=737%2C683&ssl=1&resize=350%2C200 1x, https:\/\/i0.wp.com\/noticiasribeiraopreto.com.br\/wp-content\/uploads\/2026\/04\/14-mar-2026-mortonorj.jpg?fit=737%2C683&ssl=1&resize=525%2C300 1.5x, https:\/\/i0.wp.com\/noticiasribeiraopreto.com.br\/wp-content\/uploads\/2026\/04\/14-mar-2026-mortonorj.jpg?fit=737%2C683&ssl=1&resize=700%2C400 2x"},"classes":[]},{"id":79128,"url":"https:\/\/noticiasribeiraopreto.com.br\/index.php\/2025\/10\/24\/confira-os-feriados-de-2026-em-ribeirao-preto\/","url_meta":{"origin":81589,"position":5},"title":"Confira os feriados de 2026 em Ribeir\u00e3o Preto","author":"noticiasribeiraopreto.com.br","date":"24 de October de 2025","format":false,"excerpt":"A Prefeitura de Ribeir\u00e3o Preto divulgou nesta sexta-feira (24) o calend\u00e1rio de feriados e pontos facultativos do munic\u00edpio para o ano de 2026. Segundo publica\u00e7\u00e3o no Di\u00e1rio Oficial, a cidade ter\u00e1 14 feriados e 10 pontos facultativos ao longo do pr\u00f3ximo ano. O expediente das reparti\u00e7\u00f5es p\u00fablicas, relativo ao dia\u2026","rel":"","context":"In &quot;Not\u00edcias de Ribeir\u00e3o Preto-SP e Regi\u00e3o&quot;","block_context":{"text":"Not\u00edcias de Ribeir\u00e3o Preto-SP e Regi\u00e3o","link":"https:\/\/noticiasribeiraopreto.com.br\/index.php\/category\/noticias-de-ribeirao-preto-sp-e-regiao-ismael-colosi\/"},"img":{"alt_text":"","src":"https:\/\/i0.wp.com\/noticiasribeiraopreto.com.br\/wp-content\/uploads\/2025\/10\/Copia-de-Copia-de-Copia-de-TAMANHO-EXATO-PARA-FOTOS-NO-SISTEMA-NOVO-2025-10-24T180452.289_2025-10-24_21-04-57.webp.webp?fit=1200%2C675&ssl=1&resize=350%2C200","width":350,"height":200,"srcset":"https:\/\/i0.wp.com\/noticiasribeiraopreto.com.br\/wp-content\/uploads\/2025\/10\/Copia-de-Copia-de-Copia-de-TAMANHO-EXATO-PARA-FOTOS-NO-SISTEMA-NOVO-2025-10-24T180452.289_2025-10-24_21-04-57.webp.webp?fit=1200%2C675&ssl=1&resize=350%2C200 1x, https:\/\/i0.wp.com\/noticiasribeiraopreto.com.br\/wp-content\/uploads\/2025\/10\/Copia-de-Copia-de-Copia-de-TAMANHO-EXATO-PARA-FOTOS-NO-SISTEMA-NOVO-2025-10-24T180452.289_2025-10-24_21-04-57.webp.webp?fit=1200%2C675&ssl=1&resize=525%2C300 1.5x, https:\/\/i0.wp.com\/noticiasribeiraopreto.com.br\/wp-content\/uploads\/2025\/10\/Copia-de-Copia-de-Copia-de-TAMANHO-EXATO-PARA-FOTOS-NO-SISTEMA-NOVO-2025-10-24T180452.289_2025-10-24_21-04-57.webp.webp?fit=1200%2C675&ssl=1&resize=700%2C400 2x, https:\/\/i0.wp.com\/noticiasribeiraopreto.com.br\/wp-content\/uploads\/2025\/10\/Copia-de-Copia-de-Copia-de-TAMANHO-EXATO-PARA-FOTOS-NO-SISTEMA-NOVO-2025-10-24T180452.289_2025-10-24_21-04-57.webp.webp?fit=1200%2C675&ssl=1&resize=1050%2C600 3x"},"classes":[]}],"jetpack_sharing_enabled":true,"jetpack_shortlink":"https:\/\/wp.me\/peQAOb-ldX","_links":{"self":[{"href":"https:\/\/noticiasribeiraopreto.com.br\/index.php\/wp-json\/wp\/v2\/posts\/81589","targetHints":{"allow":["GET"]}}],"collection":[{"href":"https:\/\/noticiasribeiraopreto.com.br\/index.php\/wp-json\/wp\/v2\/posts"}],"about":[{"href":"https:\/\/noticiasribeiraopreto.com.br\/index.php\/wp-json\/wp\/v2\/types\/post"}],"author":[{"embeddable":true,"href":"https:\/\/noticiasribeiraopreto.com.br\/index.php\/wp-json\/wp\/v2\/users\/1"}],"replies":[{"embeddable":true,"href":"https:\/\/noticiasribeiraopreto.com.br\/index.php\/wp-json\/wp\/v2\/comments?post=81589"}],"version-history":[{"count":0,"href":"https:\/\/noticiasribeiraopreto.com.br\/index.php\/wp-json\/wp\/v2\/posts\/81589\/revisions"}],"wp:featuredmedia":[{"embeddable":true,"href":"https:\/\/noticiasribeiraopreto.com.br\/index.php\/wp-json\/wp\/v2\/media\/81590"}],"wp:attachment":[{"href":"https:\/\/noticiasribeiraopreto.com.br\/index.php\/wp-json\/wp\/v2\/media?parent=81589"}],"wp:term":[{"taxonomy":"category","embeddable":true,"href":"https:\/\/noticiasribeiraopreto.com.br\/index.php\/wp-json\/wp\/v2\/categories?post=81589"},{"taxonomy":"post_tag","embeddable":true,"href":"https:\/\/noticiasribeiraopreto.com.br\/index.php\/wp-json\/wp\/v2\/tags?post=81589"}],"curies":[{"name":"wp","href":"https:\/\/api.w.org\/{rel}","templated":true}]}}