{"id":81591,"date":"2026-01-10T10:35:54","date_gmt":"2026-01-10T13:35:54","guid":{"rendered":"https:\/\/noticiasribeiraopreto.com.br\/index.php\/2026\/01\/10\/anunciadas-renovacoes-automaticas-de-cnh-para-bons-motoristas\/"},"modified":"2026-01-10T10:35:54","modified_gmt":"2026-01-10T13:35:54","slug":"anunciadas-renovacoes-automaticas-de-cnh-para-bons-motoristas","status":"publish","type":"post","link":"https:\/\/noticiasribeiraopreto.com.br\/index.php\/2026\/01\/10\/anunciadas-renovacoes-automaticas-de-cnh-para-bons-motoristas\/","title":{"rendered":"Anunciadas renova\u00e7\u00f5es autom\u00e1ticas de CNH para bons motoristas"},"content":{"rendered":"<div class='code-block code-block-1' style='margin: 8px 0 8px auto; text-align: right; display: block; clear: both;'>\n<p><a href=\"https:\/\/wa.link\/vpicfd\"><img data-recalc-dims=\"1\" class=\"wp-image-4922\" style=\"aspect-ratio: 2.0253164556962027; width: 561px; height: auto;\" src=\"https:\/\/i0.wp.com\/ismaelcolosi.com.br\/wp-content\/uploads\/2023\/11\/grupo-de-empregos-whatsapp-e-facebook-ismael-colosi-vagas.jpg?ssl=1\" alt=\"\" \/><\/a><\/p>\n<!-- \/wp:image -->\n<\/div>\n<p> <br \/>\n<\/p>\n<div id=\"\">&#13;<br \/>\n\t\t\t\t\t\t\t\t&#13;<\/p>\n<p>&#13;<br \/>\n\t\t\t\t\t\t\t\t\t<span class=\"entry-meta-item penci-posted-on\"><i class=\"fa fa-clock-o\"\/><time class=\"entry-date published\" datetime=\"2026-01-10T10:35:34-03:00\">10 de janeiro de 2026 10:35<\/time><time class=\"updated\" datetime=\"2026-01-10T01:10:16-03:00\">10 de janeiro de 2026 01:10<\/time><\/span><span class=\"entry-meta-item penci-post-countview\"\/>\t\t\t\t\t\t\t\t<\/p>\n<p><!-- .entry-meta -->&#13;<br \/>\n\t\t\t\t\t\t\t\t<span class=\"penci-social-buttons penci-social-share-footer\"><span class=\"penci-social-share-text\">Compartilhar<\/span><a href=\"#\" class=\"penci-post-like penci_post-meta_item  single-like-button penci-social-item like\" data-post_id=\"451479\" title=\"Like\" data-like=\"Like\" data-unlike=\"Unlike\"><i class=\"fa fa-thumbs-o-up\"\/><span class=\"penci-share-number\">0<\/span><\/a><i class=\"fa fa-facebook\"\/><a class=\"penci-social-item twitter\" target=\"_blank\" rel=\"noopener\" title=\"\" href=\"https:\/\/twitter.com\/intent\/tweet?text=Anunciadas%20renova\u00e7\u00f5es%20autom\u00e1ticas%20de%20CNH%20para%20bons%20motoristas%20-%20https:\/\/www.tribunaribeirao.com.br\/anunciadas-renovacoes-automaticas-de-cnh-para-bons-motoristas\/\"><i class=\"fa fa-twitter\"\/><\/a><i class=\"fa fa-linkedin\"\/><i class=\"fa fa-whatsapp\"\/><i class=\"fa fa-telegram\"\/><i class=\"fa fa-envelope\"\/><\/span>\t\t\t\t\t\t\t<\/div>\n<div>\n<p>O Minist\u00e9rio dos Transportes anunciou, nesta sexta-feira (9), o primeiro lote de carteiras nacionais de habilita\u00e7\u00e3o (CNH) renovadas automaticamente para condutores que n\u00e3o cometeram infra\u00e7\u00e3o nos \u00faltimos 12 meses. A medida, adotada com o objetivo de beneficiar bons condutores, est\u00e1 prevista em medida provis\u00f3ria publicada no dia 10 de dezembro de 2025.<\/p>\n<p>A data desta sexta-feira foi escolhida para o an\u00fancio pelo fato de os condutores terem prazo de 30 dias, contatos a partir do vencimento da CNH, para fazer a renova\u00e7\u00e3o do documento.<\/p>\n<p>\u201cA decis\u00e3o prev\u00ea que condutores respons\u00e1veis no tr\u00e2nsito n\u00e3o precisam realizar exames presenciais, se deslocar aos Detrans ou pagar qualquer taxa adicional para renovar o documento. O processo ser\u00e1 totalmente autom\u00e1tico e digital, pelo sistema da Secretaria Nacional de Tr\u00e2nsito, a Senatran, com a atualiza\u00e7\u00e3o dispon\u00edvel no aplicativo da CNH do Brasil\u201d, informa o minist\u00e9rio.<\/p>\n<p>Durante o an\u00fancio do primeiro lote de CNHs renovadas automaticamente, Renan Filho disse que uma mensagem ser\u00e1 enviada, por celular, aos bons condutores parabenizando-os pelo feito e concedendo, a eles, um selo.<\/p>\n<p>Ele explicou que a gratuidade ser\u00e1 para a carteira digital. Se o condutor desejar a carteira f\u00edsica, basta solicitar ao Detran, mas a\u00ed ter\u00e1 de pagar pelo servi\u00e7o.<\/p>\n<p>Renan Filho lembrou que, h\u00e1 alguns anos, o Brasil permitiu o aumento do n\u00famero de pontos para condutores que cometeram infra\u00e7\u00f5es de tr\u00e2nsito, o que, segundo ele, acabava por beneficiar os infratores.<\/p>\n<p>\u201cHoje, o Estado brasileiro est\u00e1 dizendo ao cidad\u00e3o: seja um bom condutor para n\u00e3o pagar taxa nem novos exames. Para n\u00e3o perder o dia de trabalho, nem largar o que est\u00e1 fazendo para, de tempos em tempos, voltar a um guich\u00ea, pegar um papel, pagar por um carimbo, esperar muito e ser mais uma v\u00edtima da burocracia\u201d.<\/p>\n<p>O cadastro no Registro Nacional Positivo de Condutores (RNPC) pode ser feito por meio do aplicativo da CNH ou por meio do Portal de Servi\u00e7os da Senatran.<\/p>\n<p>Condutores com 70 anos ou mais n\u00e3o est\u00e3o aptos a receber o benef\u00edcio. Motoristas com idade a partir de 50 anos receber\u00e3o o benef\u00edcio uma \u00fanica vez.<\/p>\n<p>\u201cA renova\u00e7\u00e3o autom\u00e1tica n\u00e3o vale para motoristas que t\u00eam a validade da CNH reduzida por recomenda\u00e7\u00e3o m\u00e9dica, em casos de doen\u00e7as progressivas ou condi\u00e7\u00f5es que exigem acompanhamento de sa\u00fade\u201d, informa o minist\u00e9rio.<\/p>\n<\/div>\n<p><script async src=\"\/\/platform.twitter.com\/widgets.js\" charset=\"utf-8\"><\/script><br \/>\n<br \/><br \/>\n<br \/><a href=\"https:\/\/www.tribunaribeirao.com.br\/anunciadas-renovacoes-automaticas-de-cnh-para-bons-motoristas\/\">Source link <\/a><\/p>\n<!-- CONTENT END 1 -->\n","protected":false},"excerpt":{"rendered":"<p>&#13; &#13; &#13; 10 de janeiro de 2026 10:3510 de janeiro de 2026 01:10 &#13; Compartilhar0 O Minist\u00e9rio dos Transportes anunciou, nesta sexta-feira (9), o&#8230;<\/p>\n","protected":false},"author":1,"featured_media":81592,"comment_status":"open","ping_status":"open","sticky":false,"template":"","format":"standard","meta":{"advanced_seo_description":"","jetpack_seo_html_title":"","jetpack_seo_noindex":false,"jetpack_post_was_ever_published":false,"_jetpack_newsletter_access":"","_jetpack_dont_email_post_to_subs":false,"_jetpack_newsletter_tier_id":0,"_jetpack_memberships_contains_paywalled_content":false,"_jetpack_memberships_contains_paid_content":false,"footnotes":"","jetpack_publicize_message":"","jetpack_publicize_feature_enabled":true,"jetpack_social_post_already_shared":true,"jetpack_social_options":{"image_generator_settings":{"template":"highway","default_image_id":0,"font":"","enabled":false},"version":2}},"categories":[11],"tags":[],"class_list":["post-81591","post","type-post","status-publish","format-standard","has-post-thumbnail","hentry","category-noticias-de-ribeirao-preto-sp-e-regiao-ismael-colosi"],"jetpack_publicize_connections":[],"jetpack_featured_media_url":"https:\/\/i0.wp.com\/noticiasribeiraopreto.com.br\/wp-content\/uploads\/2026\/01\/cnh_foto_rdziura-1657-scaled.jpg?fit=1170%2C780&ssl=1","jetpack-related-posts":[{"id":81332,"url":"https:\/\/noticiasribeiraopreto.com.br\/index.php\/2026\/01\/02\/bandeira-verde-entenda-por-que-a-conta-de-luz-fica-mais-barata-em-janeiro-de-2026\/","url_meta":{"origin":81591,"position":0},"title":"Bandeira verde: Entenda por que a conta de luz fica mais barata em janeiro de 2026","author":"noticiasribeiraopreto.com.br","date":"2 de January de 2026","format":false,"excerpt":"A conta de energia ter\u00e1 bandeira verde em janeiro de 2026, o que significa que n\u00e3o haver\u00e1 custo extra. Segundo a Ag\u00eancia Nacional de Energia El\u00e9trica (Aneel), nesse per\u00edodo chuvoso as chuvas est\u00e3o abaixo da m\u00e9dia hist\u00f3rica.\u00a0Contudo, em novembro e dezembro de 2025 houve no pa\u00eds, de modo geral, uma\u2026","rel":"","context":"In &quot;Not\u00edcias de Ribeir\u00e3o Preto-SP e Regi\u00e3o&quot;","block_context":{"text":"Not\u00edcias de Ribeir\u00e3o Preto-SP e Regi\u00e3o","link":"https:\/\/noticiasribeiraopreto.com.br\/index.php\/category\/noticias-de-ribeirao-preto-sp-e-regiao-ismael-colosi\/"},"img":{"alt_text":"","src":"https:\/\/i0.wp.com\/noticiasribeiraopreto.com.br\/wp-content\/uploads\/2026\/01\/ar-condicionado_2026-01-01_15-50-11.webp.webp?fit=1200%2C765&ssl=1&resize=350%2C200","width":350,"height":200,"srcset":"https:\/\/i0.wp.com\/noticiasribeiraopreto.com.br\/wp-content\/uploads\/2026\/01\/ar-condicionado_2026-01-01_15-50-11.webp.webp?fit=1200%2C765&ssl=1&resize=350%2C200 1x, https:\/\/i0.wp.com\/noticiasribeiraopreto.com.br\/wp-content\/uploads\/2026\/01\/ar-condicionado_2026-01-01_15-50-11.webp.webp?fit=1200%2C765&ssl=1&resize=525%2C300 1.5x, https:\/\/i0.wp.com\/noticiasribeiraopreto.com.br\/wp-content\/uploads\/2026\/01\/ar-condicionado_2026-01-01_15-50-11.webp.webp?fit=1200%2C765&ssl=1&resize=700%2C400 2x, https:\/\/i0.wp.com\/noticiasribeiraopreto.com.br\/wp-content\/uploads\/2026\/01\/ar-condicionado_2026-01-01_15-50-11.webp.webp?fit=1200%2C765&ssl=1&resize=1050%2C600 3x"},"classes":[]},{"id":79302,"url":"https:\/\/noticiasribeiraopreto.com.br\/index.php\/2025\/10\/29\/saiba-quais-serao-os-14-feriados-e-10-pontos-facultativos-de-rp\/","url_meta":{"origin":81591,"position":1},"title":"Saiba quais ser\u00e3o os 14 feriados e \u202810 pontos facultativos de RP","author":"noticiasribeiraopreto.com.br","date":"29 de October de 2025","format":false,"excerpt":"29 de outubro de 2025 08:020 Compartilhar0 Prefeitura de Ribeir\u00e3o Preto divulgou o calend\u00e1rio de feriados e pontos facultativos do munic\u00edpio para 2026. O decreto do Executivo divulgando\u00a0 os feriados e principalmente os pontos facultativos foi publicado no Di\u00e1rio Oficial do Munic\u00edpio (DOM) de sexta-feira, 24 de outubro.\u2028 \u2028A cidade\u2026","rel":"","context":"In &quot;Not\u00edcias de Ribeir\u00e3o Preto-SP e Regi\u00e3o&quot;","block_context":{"text":"Not\u00edcias de Ribeir\u00e3o Preto-SP e Regi\u00e3o","link":"https:\/\/noticiasribeiraopreto.com.br\/index.php\/category\/noticias-de-ribeirao-preto-sp-e-regiao-ismael-colosi\/"},"img":{"alt_text":"","src":"https:\/\/i0.wp.com\/noticiasribeiraopreto.com.br\/wp-content\/uploads\/2025\/10\/FeriadosRP-Max-Gallao-Mesquita-Arquivo-scaled.jpg?fit=1200%2C781&ssl=1&resize=350%2C200","width":350,"height":200,"srcset":"https:\/\/i0.wp.com\/noticiasribeiraopreto.com.br\/wp-content\/uploads\/2025\/10\/FeriadosRP-Max-Gallao-Mesquita-Arquivo-scaled.jpg?fit=1200%2C781&ssl=1&resize=350%2C200 1x, https:\/\/i0.wp.com\/noticiasribeiraopreto.com.br\/wp-content\/uploads\/2025\/10\/FeriadosRP-Max-Gallao-Mesquita-Arquivo-scaled.jpg?fit=1200%2C781&ssl=1&resize=525%2C300 1.5x, https:\/\/i0.wp.com\/noticiasribeiraopreto.com.br\/wp-content\/uploads\/2025\/10\/FeriadosRP-Max-Gallao-Mesquita-Arquivo-scaled.jpg?fit=1200%2C781&ssl=1&resize=700%2C400 2x, https:\/\/i0.wp.com\/noticiasribeiraopreto.com.br\/wp-content\/uploads\/2025\/10\/FeriadosRP-Max-Gallao-Mesquita-Arquivo-scaled.jpg?fit=1200%2C781&ssl=1&resize=1050%2C600 3x"},"classes":[]},{"id":84746,"url":"https:\/\/noticiasribeiraopreto.com.br\/index.php\/2026\/04\/15\/pm-e-suspeito-de-matar-empresario-de-rp-no-rio-de-janeiro\/","url_meta":{"origin":81591,"position":2},"title":"PM \u00e9 suspeito de matar empres\u00e1rio de RP no Rio de Janeiro","author":"noticiasribeiraopreto.com.br","date":"15 de April de 2026","format":false,"excerpt":"\r Homem teve pris\u00e3o tempor\u00e1ria decretada e investiga\u00e7\u00f5es sobre o caso prosseguem\r \r 15 de abril de 2026 12:2015 de abril de 2026 12:21 \r Compartilhar2 | Por: Adalberto Luque | Um policial militar se apresentou \u00e0 Pol\u00edcia Civil e foi preso, na tarde desta ter\u00e7a-feira (14), pela morte de\u2026","rel":"","context":"In &quot;Not\u00edcias de Ribeir\u00e3o Preto-SP e Regi\u00e3o&quot;","block_context":{"text":"Not\u00edcias de Ribeir\u00e3o Preto-SP e Regi\u00e3o","link":"https:\/\/noticiasribeiraopreto.com.br\/index.php\/category\/noticias-de-ribeirao-preto-sp-e-regiao-ismael-colosi\/"},"img":{"alt_text":"","src":"https:\/\/i0.wp.com\/noticiasribeiraopreto.com.br\/wp-content\/uploads\/2026\/04\/14-mar-2026-mortonorj.jpg?fit=737%2C683&ssl=1&resize=350%2C200","width":350,"height":200,"srcset":"https:\/\/i0.wp.com\/noticiasribeiraopreto.com.br\/wp-content\/uploads\/2026\/04\/14-mar-2026-mortonorj.jpg?fit=737%2C683&ssl=1&resize=350%2C200 1x, https:\/\/i0.wp.com\/noticiasribeiraopreto.com.br\/wp-content\/uploads\/2026\/04\/14-mar-2026-mortonorj.jpg?fit=737%2C683&ssl=1&resize=525%2C300 1.5x, https:\/\/i0.wp.com\/noticiasribeiraopreto.com.br\/wp-content\/uploads\/2026\/04\/14-mar-2026-mortonorj.jpg?fit=737%2C683&ssl=1&resize=700%2C400 2x"},"classes":[]},{"id":81745,"url":"https:\/\/noticiasribeiraopreto.com.br\/index.php\/2026\/01\/15\/definidas-datas-horarios-e-locais-das-rodadas-iniciais-do-brasileirao\/","url_meta":{"origin":81591,"position":3},"title":"Definidas datas, hor\u00e1rios e locais das rodadas iniciais do Brasileir\u00e3o","author":"noticiasribeiraopreto.com.br","date":"15 de January de 2026","format":false,"excerpt":"\r \r \r 15 de janeiro de 2026 14:3415 de janeiro de 2026 10:38 \r Compartilhar0 H\u00e1 exatos 15 dias para o in\u00edcio da S\u00e9rie A do Campeonato Brasileiro de futebol masculino, a CBF divulgou nesta ter\u00e7a-feira (13) a tabela detalhada das primeiras oito rodadas. A abertura da competi\u00e7\u00e3o ser\u00e1\u2026","rel":"","context":"In &quot;Not\u00edcias de Ribeir\u00e3o Preto-SP e Regi\u00e3o&quot;","block_context":{"text":"Not\u00edcias de Ribeir\u00e3o Preto-SP e Regi\u00e3o","link":"https:\/\/noticiasribeiraopreto.com.br\/index.php\/category\/noticias-de-ribeirao-preto-sp-e-regiao-ismael-colosi\/"},"img":{"alt_text":"","src":"https:\/\/i0.wp.com\/noticiasribeiraopreto.com.br\/wp-content\/uploads\/2026\/01\/brasileirao_trofeu_2026_cbf.webp.webp?fit=1170%2C700&ssl=1&resize=350%2C200","width":350,"height":200,"srcset":"https:\/\/i0.wp.com\/noticiasribeiraopreto.com.br\/wp-content\/uploads\/2026\/01\/brasileirao_trofeu_2026_cbf.webp.webp?fit=1170%2C700&ssl=1&resize=350%2C200 1x, https:\/\/i0.wp.com\/noticiasribeiraopreto.com.br\/wp-content\/uploads\/2026\/01\/brasileirao_trofeu_2026_cbf.webp.webp?fit=1170%2C700&ssl=1&resize=525%2C300 1.5x, https:\/\/i0.wp.com\/noticiasribeiraopreto.com.br\/wp-content\/uploads\/2026\/01\/brasileirao_trofeu_2026_cbf.webp.webp?fit=1170%2C700&ssl=1&resize=700%2C400 2x, https:\/\/i0.wp.com\/noticiasribeiraopreto.com.br\/wp-content\/uploads\/2026\/01\/brasileirao_trofeu_2026_cbf.webp.webp?fit=1170%2C700&ssl=1&resize=1050%2C600 3x"},"classes":[]},{"id":81426,"url":"https:\/\/noticiasribeiraopreto.com.br\/index.php\/2026\/01\/05\/prefeitura-de-ribeirao-preto-divulga-calendario-do-iptu-2026\/","url_meta":{"origin":81591,"position":4},"title":"Prefeitura de Ribeir\u00e3o Preto divulga calend\u00e1rio do IPTU 2026","author":"noticiasribeiraopreto.com.br","date":"5 de January de 2026","format":false,"excerpt":"\r \r \r 5 de janeiro de 2026 18:02 \r Compartilhar0 Carn\u00eas come\u00e7am a ser entregues nesta segunda, dia 5; imposto tamb\u00e9m est\u00e1 dispon\u00edvel para consulta online A Prefeitura de Ribeir\u00e3o Preto, por meio da Secretaria da Fazenda divulgou as informa\u00e7\u00f5es referentes ao pagamento do Imposto Predial e Territorial Urbano\u2026","rel":"","context":"In &quot;Not\u00edcias de Ribeir\u00e3o Preto-SP e Regi\u00e3o&quot;","block_context":{"text":"Not\u00edcias de Ribeir\u00e3o Preto-SP e Regi\u00e3o","link":"https:\/\/noticiasribeiraopreto.com.br\/index.php\/category\/noticias-de-ribeirao-preto-sp-e-regiao-ismael-colosi\/"},"img":{"alt_text":"","src":"https:\/\/i0.wp.com\/noticiasribeiraopreto.com.br\/wp-content\/uploads\/2026\/01\/iptu.jpg?fit=700%2C450&ssl=1&resize=350%2C200","width":350,"height":200,"srcset":"https:\/\/i0.wp.com\/noticiasribeiraopreto.com.br\/wp-content\/uploads\/2026\/01\/iptu.jpg?fit=700%2C450&ssl=1&resize=350%2C200 1x, https:\/\/i0.wp.com\/noticiasribeiraopreto.com.br\/wp-content\/uploads\/2026\/01\/iptu.jpg?fit=700%2C450&ssl=1&resize=525%2C300 1.5x, https:\/\/i0.wp.com\/noticiasribeiraopreto.com.br\/wp-content\/uploads\/2026\/01\/iptu.jpg?fit=700%2C450&ssl=1&resize=700%2C400 2x"},"classes":[]},{"id":81704,"url":"https:\/\/noticiasribeiraopreto.com.br\/index.php\/2026\/01\/14\/kassab-anuncia-nogueira-para-deputado-federal\/","url_meta":{"origin":81591,"position":5},"title":"Kassab anuncia Nogueira para deputado federal","author":"noticiasribeiraopreto.com.br","date":"14 de January de 2026","format":false,"excerpt":"\r \r \r \r \r 14 de janeiro de 2026 16:2714 de janeiro de 2026 16:29 \r Compartilhar0 \r Durante visita a Ribeir\u00e3o Preto, nesta quarta-feira, 14 de janeiro, Gilberto Kassab, presidente nacional do PSD e secret\u00e1rio estadual de Governo e Rela\u00e7\u00f5es Institucionais do Estado de S\u00e3o Paulo afirmou que\u2026","rel":"","context":"In &quot;Not\u00edcias de Ribeir\u00e3o Preto-SP e Regi\u00e3o&quot;","block_context":{"text":"Not\u00edcias de Ribeir\u00e3o Preto-SP e Regi\u00e3o","link":"https:\/\/noticiasribeiraopreto.com.br\/index.php\/category\/noticias-de-ribeirao-preto-sp-e-regiao-ismael-colosi\/"},"img":{"alt_text":"","src":"https:\/\/i0.wp.com\/noticiasribeiraopreto.com.br\/wp-content\/uploads\/2026\/01\/DuarteTCE-Max-Gallao-Mesquita-scaled.jpg?fit=752%2C500&ssl=1&resize=350%2C200","width":350,"height":200,"srcset":"https:\/\/i0.wp.com\/noticiasribeiraopreto.com.br\/wp-content\/uploads\/2026\/01\/DuarteTCE-Max-Gallao-Mesquita-scaled.jpg?fit=752%2C500&ssl=1&resize=350%2C200 1x, https:\/\/i0.wp.com\/noticiasribeiraopreto.com.br\/wp-content\/uploads\/2026\/01\/DuarteTCE-Max-Gallao-Mesquita-scaled.jpg?fit=752%2C500&ssl=1&resize=525%2C300 1.5x, https:\/\/i0.wp.com\/noticiasribeiraopreto.com.br\/wp-content\/uploads\/2026\/01\/DuarteTCE-Max-Gallao-Mesquita-scaled.jpg?fit=752%2C500&ssl=1&resize=700%2C400 2x"},"classes":[]}],"jetpack_sharing_enabled":true,"jetpack_shortlink":"https:\/\/wp.me\/peQAOb-ldZ","_links":{"self":[{"href":"https:\/\/noticiasribeiraopreto.com.br\/index.php\/wp-json\/wp\/v2\/posts\/81591","targetHints":{"allow":["GET"]}}],"collection":[{"href":"https:\/\/noticiasribeiraopreto.com.br\/index.php\/wp-json\/wp\/v2\/posts"}],"about":[{"href":"https:\/\/noticiasribeiraopreto.com.br\/index.php\/wp-json\/wp\/v2\/types\/post"}],"author":[{"embeddable":true,"href":"https:\/\/noticiasribeiraopreto.com.br\/index.php\/wp-json\/wp\/v2\/users\/1"}],"replies":[{"embeddable":true,"href":"https:\/\/noticiasribeiraopreto.com.br\/index.php\/wp-json\/wp\/v2\/comments?post=81591"}],"version-history":[{"count":0,"href":"https:\/\/noticiasribeiraopreto.com.br\/index.php\/wp-json\/wp\/v2\/posts\/81591\/revisions"}],"wp:featuredmedia":[{"embeddable":true,"href":"https:\/\/noticiasribeiraopreto.com.br\/index.php\/wp-json\/wp\/v2\/media\/81592"}],"wp:attachment":[{"href":"https:\/\/noticiasribeiraopreto.com.br\/index.php\/wp-json\/wp\/v2\/media?parent=81591"}],"wp:term":[{"taxonomy":"category","embeddable":true,"href":"https:\/\/noticiasribeiraopreto.com.br\/index.php\/wp-json\/wp\/v2\/categories?post=81591"},{"taxonomy":"post_tag","embeddable":true,"href":"https:\/\/noticiasribeiraopreto.com.br\/index.php\/wp-json\/wp\/v2\/tags?post=81591"}],"curies":[{"name":"wp","href":"https:\/\/api.w.org\/{rel}","templated":true}]}}